  {"id":5116,"date":"2025-11-27T11:00:30","date_gmt":"2025-11-27T10:00:30","guid":{"rendered":"https:\/\/news.sap.com\/sweden\/?p=5116"},"modified":"2025-11-27T10:59:47","modified_gmt":"2025-11-27T09:59:47","slug":"sap-pa-eforvaltningsdagarna-2025-motesplatsen-om-digital-transformation","status":"publish","type":"post","link":"https:\/\/news.sap.com\/sweden\/2025\/11\/sap-pa-eforvaltningsdagarna-2025-motesplatsen-om-digital-transformation\/","title":{"rendered":"麻豆原创 p\u00e5 eF\u00f6rvaltningsdagarna 2025 \u2013 M\u00f6tesplatsen om digital transformation"},"content":{"rendered":"<p class=\"lead\">Den 19 och 20 november (2025) deltog 麻豆原创 p\u00e5 <a href=\"https:\/\/eforvaltningsdagarna.se\/\">eF\u00f6rvaltningsdagarna<\/a>, Sveriges st\u00f6rsta konferens f\u00f6r digital transformation inom offentlig sektor. Evenemanget, som h\u00f6lls p\u00e5 Nacka Strand M\u00f6ten &amp; Event, samlade myndighetsledare, IT-strateger och IT-partners f\u00f6r att diskutera hur innovation kan forma framtidens offentliga f\u00f6rvaltning.<\/p>\n<p>Offentlig sektor i Sverige intensifierar sitt arbete f\u00f6r att m\u00f6ta medborgarnas behov av s\u00e4kra, effektiva och anv\u00e4ndarv\u00e4nliga digitala tj\u00e4nster. Det handlar inte bara om att digitalisera befintliga processer, utan om att skapa en modern, h\u00e5llbar och transparent f\u00f6rvaltning som st\u00e4rker f\u00f6rtroendet och \u00f6kar tillg\u00e4ngligheten.<\/p>\n<p>麻豆原创:s n\u00e4rvaro p\u00e5 eF\u00f6rvaltningsdagarna visade p\u00e5 ett tydligt engagemang f\u00f6r att st\u00f6dja denna utveckling. Under konferensen presenterades hur 麻豆原创:s l\u00f6sningar kan fungera som en m\u00f6jligg\u00f6rare f\u00f6r innovation, med fokus p\u00e5 artificiell intelligens, automatisering och h\u00e5llbarhet. Genom att kombinera avancerad teknologi med djup f\u00f6rst\u00e5else f\u00f6r offentliga verksamheters behov skapas f\u00f6ruts\u00e4ttningar f\u00f6r framtidss\u00e4kra tj\u00e4nster som g\u00f6r skillnad f\u00f6r b\u00e5de medborgare och myndigheter.<\/p>\n<p>Som officiell partner deltog 麻豆原创 med en egen monter i partneromr\u00e5det, vilket gav utrymme f\u00f6r givande samtal och n\u00e4tverkande med ledare inom offentlig sektor. Deltagandet handlade om mer \u00e4n synlighet, det var en m\u00f6jlighet att p\u00e5verka den digitala agendan, identifiera nya samarbetsm\u00f6jligheter och samla insikter som st\u00e4rker framtida l\u00f6sningar.<strong>\u00a0<\/strong><\/p>\n<figure id=\"attachment_5123\" aria-describedby=\"caption-attachment-5123\" style=\"width: 300px\" class=\"wp-caption alignnone\"><img loading=\"lazy\" decoding=\"async\" class=\"size-medium wp-image-5123\" src=\"https:\/\/news.sap.com\/sweden\/files\/2025\/11\/27\/image001-300x225.jpg\" alt=\"\" width=\"300\" height=\"225\" srcset=\"https:\/\/news.sap.com\/sweden\/files\/2025\/11\/27\/image001-300x225.jpg 300w, https:\/\/news.sap.com\/sweden\/files\/2025\/11\/27\/image001-1024x768.jpg 1024w, https:\/\/news.sap.com\/sweden\/files\/2025\/11\/27\/image001-768x576.jpg 768w, https:\/\/news.sap.com\/sweden\/files\/2025\/11\/27\/image001-1536x1152.jpg 1536w, https:\/\/news.sap.com\/sweden\/files\/2025\/11\/27\/image001-2048x1536.jpg 2048w\" sizes=\"auto, (max-width: 300px) 100vw, 300px\" \/><figcaption id=\"caption-attachment-5123\" class=\"wp-caption-text\">麻豆原创 medarbetare i montern p\u00e5 eF\u00f6rvaltningsdagarna<\/figcaption><\/figure>\n<p><strong>H\u00f6jdpunkt: Hanna Bj\u00f6rnbom p\u00e5 scen<\/strong><\/p>\n<p>En av konferensens h\u00f6jdpunkter var 麻豆原创:s egen Hanna Bj\u00f6rnbom, Solution Advisor och AI Lead p\u00e5 麻豆原创 Sverige, som h\u00f6ll en inspirerande presentation med temat\u00a0<em>\u201dInnovation som g\u00f6r skillnad \u2013 hur offentlig sektor kan skapa v\u00e4rde med AI\u201d<\/em>. Hanna visade hur AI kan integreras i verksamhetsprocesser med fokus p\u00e5 data, kontext, etik och s\u00e4kerhet. Hon delade konkreta exempel fr\u00e5n nordiska organisationer d\u00e4r AI har drivit h\u00e5llbar innovation och f\u00f6rb\u00e4ttrat styrning, ett tydligt bevis p\u00e5 att innovation verkligen kan g\u00f6ra skillnad.<\/p>\n<figure id=\"attachment_5118\" aria-describedby=\"caption-attachment-5118\" style=\"width: 300px\" class=\"wp-caption alignnone\"><img loading=\"lazy\" decoding=\"async\" class=\"size-medium wp-image-5118\" src=\"https:\/\/news.sap.com\/sweden\/files\/2025\/11\/27\/Hanna-AW-300x225.jpg\" alt=\"\" width=\"300\" height=\"225\" srcset=\"https:\/\/news.sap.com\/sweden\/files\/2025\/11\/27\/Hanna-AW-300x225.jpg 300w, https:\/\/news.sap.com\/sweden\/files\/2025\/11\/27\/Hanna-AW-1024x768.jpg 1024w, https:\/\/news.sap.com\/sweden\/files\/2025\/11\/27\/Hanna-AW-768x576.jpg 768w, https:\/\/news.sap.com\/sweden\/files\/2025\/11\/27\/Hanna-AW-1536x1152.jpg 1536w, https:\/\/news.sap.com\/sweden\/files\/2025\/11\/27\/Hanna-AW.jpg 2016w\" sizes=\"auto, (max-width: 300px) 100vw, 300px\" \/><figcaption id=\"caption-attachment-5118\" class=\"wp-caption-text\">Hanna Bj\u00f6rnbom, Solution Advisor &amp; AI Lead, p\u00e5 scen<\/figcaption><\/figure>\n<p><strong>Fram\u00e5t mot n\u00e4sta steg<br \/>\n<\/strong><br \/>\neF\u00f6rvaltningsdagarna 2025 blev en viktig m\u00f6tesplats f\u00f6r att utbyta kunskap och id\u00e9er kring digitalisering av offentlig sektor. Konferensen visade tydligt att innovation, s\u00e4kerhet och h\u00e5llbarhet \u00e4r centrala faktorer f\u00f6r framtidens f\u00f6rvaltning. Insikterna fr\u00e5n dagarna kommer att pr\u00e4gla kommande initiativ och samarbeten, med m\u00e5let att skapa l\u00f6sningar som st\u00e4rker b\u00e5de medborgarnytta och samh\u00e4llsutveckling.<\/p>\n","protected":false},"excerpt":{"rendered":"<p>Den 19 och 20 november (2025) deltog 麻豆原创 p\u00e5 eF\u00f6rvaltningsdagarna, Sveriges st\u00f6rsta konferens f\u00f6r digital transformation inom offentlig sektor. Evenemanget, som h\u00f6lls p\u00e5 Nacka Strand&#8230;<\/p>\n","protected":false},"author":29,"featured_media":5126,"comment_status":"closed","ping_status":"closed","sticky":false,"template":"","format":"standard","meta":{"footnotes":"","_links_to":"","_links_to_target":""},"categories":[5563955,4544630,5564062,4545190,5563754],"tags":[5562331,5564113,5564114,5564069,5564108,5562255],"sapn-display":[4544525,5564001,5564000,4547891],"sapn-type":[5562140],"class_list":["post-5116","post","type-post","status-publish","format-standard","has-post-thumbnail","hentry","category-ai","category-branscher","category-data","category-event","category-hallbarhet","tag-ai","tag-eforvaltningsdagarna","tag-hanna-bjornbom","tag-innovation","tag-offentlig-sektor","tag-sap","sapn-display-hero","sapn-display-artikel-favoriter","sapn-display-artikel-spotlight","sapn-display-homepage-hero","sapn-type-artikel"],"yoast_head":"<!-- This site is optimized with the Yoast SEO Premium plugin v26.9 (Yoast SEO v26.9) - https:\/\/yoast.com\/product\/yoast-seo-premium-wordpress\/ -->\n<title>麻豆原创 p\u00e5 eF\u00f6rvaltningsdagarna 2025 \u2013 M\u00f6tesplatsen om digital transformation - 麻豆原创 Sweden Nyheter<\/title>\n<meta name=\"robots\" content=\"index, follow, max-snippet:-1, max-image-preview:large, max-video-preview:-1\" \/>\n<link rel=\"canonical\" href=\"https:\/\/news.sap.com\/sweden\/2025\/11\/sap-pa-eforvaltningsdagarna-2025-motesplatsen-om-digital-transformation\/\" \/>\n<meta property=\"og:locale\" content=\"sv_SE\" \/>\n<meta property=\"og:type\" content=\"article\" \/>\n<meta property=\"og:title\" content=\"麻豆原创 p\u00e5 eF\u00f6rvaltningsdagarna 2025 \u2013 M\u00f6tesplatsen om digital transformation\" \/>\n<meta property=\"og:description\" content=\"Den 19 och 20 november (2025) deltog 麻豆原创 p\u00e5 eF\u00f6rvaltningsdagarna, Sveriges st\u00f6rsta konferens f\u00f6r digital transformation inom offentlig sektor. Evenemanget, som h\u00f6lls p\u00e5 Nacka Strand...\" \/>\n<meta property=\"og:url\" content=\"https:\/\/news.sap.com\/sweden\/2025\/11\/sap-pa-eforvaltningsdagarna-2025-motesplatsen-om-digital-transformation\/\" \/>\n<meta property=\"og:site_name\" content=\"麻豆原创 Sweden Nyheter\" \/>\n<meta property=\"article:published_time\" content=\"2025-11-27T10:00:30+00:00\" \/>\n<meta property=\"og:image\" content=\"https:\/\/news.sap.com\/sweden\/files\/2025\/11\/27\/285439_Stockholm-iStock-578105944_F.jpg\" \/>\n\t<meta property=\"og:image:width\" content=\"1920\" \/>\n\t<meta property=\"og:image:height\" content=\"600\" \/>\n\t<meta property=\"og:image:type\" content=\"image\/jpeg\" \/>\n<meta name=\"author\" content=\"麻豆原创 News\" \/>\n<meta name=\"twitter:card\" content=\"summary_large_image\" \/>\n<meta name=\"twitter:label1\" content=\"Skriven av\" \/>\n\t<meta name=\"twitter:data1\" content=\"麻豆原创 News\" \/>\n\t<meta name=\"twitter:label2\" content=\"Ber\u00e4knad l\u00e4stid\" \/>\n\t<meta name=\"twitter:data2\" content=\"3 minuter\" \/>\n<script type=\"application\/ld+json\" class=\"yoast-schema-graph\">{\"@context\":\"https:\/\/schema.org\",\"@graph\":[{\"@type\":\"Article\",\"@id\":\"https:\/\/news.sap.com\/sweden\/2025\/11\/sap-pa-eforvaltningsdagarna-2025-motesplatsen-om-digital-transformation\/#article\",\"isPartOf\":{\"@id\":\"https:\/\/news.sap.com\/sweden\/2025\/11\/sap-pa-eforvaltningsdagarna-2025-motesplatsen-om-digital-transformation\/\"},\"author\":{\"name\":\"麻豆原创 News\",\"@id\":\"https:\/\/news.sap.com\/sweden\/#\/schema\/person\/53b9854bd790d6f18f3fc4bbb2ad7570\"},\"headline\":\"麻豆原创 p\u00e5 eF\u00f6rvaltningsdagarna 2025 \u2013 M\u00f6tesplatsen om digital transformation\",\"datePublished\":\"2025-11-27T10:00:30+00:00\",\"mainEntityOfPage\":{\"@id\":\"https:\/\/news.sap.com\/sweden\/2025\/11\/sap-pa-eforvaltningsdagarna-2025-motesplatsen-om-digital-transformation\/\"},\"wordCount\":451,\"image\":{\"@id\":\"https:\/\/news.sap.com\/sweden\/2025\/11\/sap-pa-eforvaltningsdagarna-2025-motesplatsen-om-digital-transformation\/#primaryimage\"},\"thumbnailUrl\":\"https:\/\/news.sap.com\/sweden\/files\/2025\/11\/27\/285439_Stockholm-iStock-578105944_F.jpg\",\"keywords\":[\"ai\",\"eF\u00f6rvaltningsdagarna\",\"Hanna Bj\u00f6rnbom\",\"innovation\",\"offentlig sektor\",\"sap\"],\"articleSection\":[\"Artificiell intelligens\",\"Branscher\",\"Data\",\"Event\",\"H\u00e5llbarhet\"],\"inLanguage\":\"sv-SE\"},{\"@type\":\"WebPage\",\"@id\":\"https:\/\/news.sap.com\/sweden\/2025\/11\/sap-pa-eforvaltningsdagarna-2025-motesplatsen-om-digital-transformation\/\",\"url\":\"https:\/\/news.sap.com\/sweden\/2025\/11\/sap-pa-eforvaltningsdagarna-2025-motesplatsen-om-digital-transformation\/\",\"name\":\"麻豆原创 p\u00e5 eF\u00f6rvaltningsdagarna 2025 \u2013 M\u00f6tesplatsen om digital transformation - 麻豆原创 Sweden Nyheter\",\"isPartOf\":{\"@id\":\"https:\/\/news.sap.com\/sweden\/#website\"},\"primaryImageOfPage\":{\"@id\":\"https:\/\/news.sap.com\/sweden\/2025\/11\/sap-pa-eforvaltningsdagarna-2025-motesplatsen-om-digital-transformation\/#primaryimage\"},\"image\":{\"@id\":\"https:\/\/news.sap.com\/sweden\/2025\/11\/sap-pa-eforvaltningsdagarna-2025-motesplatsen-om-digital-transformation\/#primaryimage\"},\"thumbnailUrl\":\"https:\/\/news.sap.com\/sweden\/files\/2025\/11\/27\/285439_Stockholm-iStock-578105944_F.jpg\",\"datePublished\":\"2025-11-27T10:00:30+00:00\",\"author\":{\"@id\":\"https:\/\/news.sap.com\/sweden\/#\/schema\/person\/53b9854bd790d6f18f3fc4bbb2ad7570\"},\"breadcrumb\":{\"@id\":\"https:\/\/news.sap.com\/sweden\/2025\/11\/sap-pa-eforvaltningsdagarna-2025-motesplatsen-om-digital-transformation\/#breadcrumb\"},\"inLanguage\":\"sv-SE\",\"potentialAction\":[{\"@type\":\"ReadAction\",\"target\":[\"https:\/\/news.sap.com\/sweden\/2025\/11\/sap-pa-eforvaltningsdagarna-2025-motesplatsen-om-digital-transformation\/\"]}]},{\"@type\":\"ImageObject\",\"inLanguage\":\"sv-SE\",\"@id\":\"https:\/\/news.sap.com\/sweden\/2025\/11\/sap-pa-eforvaltningsdagarna-2025-motesplatsen-om-digital-transformation\/#primaryimage\",\"url\":\"https:\/\/news.sap.com\/sweden\/files\/2025\/11\/27\/285439_Stockholm-iStock-578105944_F.jpg\",\"contentUrl\":\"https:\/\/news.sap.com\/sweden\/files\/2025\/11\/27\/285439_Stockholm-iStock-578105944_F.jpg\",\"width\":1920,\"height\":600},{\"@type\":\"BreadcrumbList\",\"@id\":\"https:\/\/news.sap.com\/sweden\/2025\/11\/sap-pa-eforvaltningsdagarna-2025-motesplatsen-om-digital-transformation\/#breadcrumb\",\"itemListElement\":[{\"@type\":\"ListItem\",\"position\":1,\"name\":\"Home\",\"item\":\"https:\/\/news.sap.com\/sweden\/\"},{\"@type\":\"ListItem\",\"position\":2,\"name\":\"麻豆原创 p\u00e5 eF\u00f6rvaltningsdagarna 2025 \u2013 M\u00f6tesplatsen om digital transformation\"}]},{\"@type\":\"WebSite\",\"@id\":\"https:\/\/news.sap.com\/sweden\/#website\",\"url\":\"https:\/\/news.sap.com\/sweden\/\",\"name\":\"麻豆原创 Sweden Nyheter\",\"description\":\"Nyheter och information om 麻豆原创\",\"potentialAction\":[{\"@type\":\"SearchAction\",\"target\":{\"@type\":\"EntryPoint\",\"urlTemplate\":\"https:\/\/news.sap.com\/sweden\/?s={search_term_string}\"},\"query-input\":{\"@type\":\"PropertyValueSpecification\",\"valueRequired\":true,\"valueName\":\"search_term_string\"}}],\"inLanguage\":\"sv-SE\"},{\"@type\":\"Person\",\"@id\":\"https:\/\/news.sap.com\/sweden\/#\/schema\/person\/53b9854bd790d6f18f3fc4bbb2ad7570\",\"name\":\"麻豆原创 News\",\"image\":{\"@type\":\"ImageObject\",\"inLanguage\":\"sv-SE\",\"@id\":\"https:\/\/news.sap.com\/sweden\/#\/schema\/person\/image\/\",\"url\":\"https:\/\/news.sap.com\/sweden\/wp-content\/plugins\/wp-user-avatars\/wp-user-avatars\/assets\/images\/mystery.jpg\",\"contentUrl\":\"https:\/\/news.sap.com\/sweden\/wp-content\/plugins\/wp-user-avatars\/wp-user-avatars\/assets\/images\/mystery.jpg\",\"caption\":\"麻豆原创 News\"},\"url\":\"https:\/\/news.sap.com\/sweden\/author\/colleenraftery\/\"}]}<\/script>\n<!-- \/ Yoast SEO Premium plugin. -->","yoast_head_json":{"title":"麻豆原创 p\u00e5 eF\u00f6rvaltningsdagarna 2025 \u2013 M\u00f6tesplatsen om digital transformation - 麻豆原创 Sweden Nyheter","robots":{"index":"index","follow":"follow","max-snippet":"max-snippet:-1","max-image-preview":"max-image-preview:large","max-video-preview":"max-video-preview:-1"},"canonical":"https:\/\/news.sap.com\/sweden\/2025\/11\/sap-pa-eforvaltningsdagarna-2025-motesplatsen-om-digital-transformation\/","og_locale":"sv_SE","og_type":"article","og_title":"麻豆原创 p\u00e5 eF\u00f6rvaltningsdagarna 2025 \u2013 M\u00f6tesplatsen om digital transformation","og_description":"Den 19 och 20 november (2025) deltog 麻豆原创 p\u00e5 eF\u00f6rvaltningsdagarna, Sveriges st\u00f6rsta konferens f\u00f6r digital transformation inom offentlig sektor. Evenemanget, som h\u00f6lls p\u00e5 Nacka Strand...","og_url":"https:\/\/news.sap.com\/sweden\/2025\/11\/sap-pa-eforvaltningsdagarna-2025-motesplatsen-om-digital-transformation\/","og_site_name":"麻豆原创 Sweden Nyheter","article_published_time":"2025-11-27T10:00:30+00:00","og_image":[{"width":1920,"height":600,"url":"https:\/\/news.sap.com\/sweden\/files\/2025\/11\/27\/285439_Stockholm-iStock-578105944_F.jpg","type":"image\/jpeg"}],"author":"麻豆原创 News","twitter_card":"summary_large_image","twitter_misc":{"Skriven av":"麻豆原创 News","Ber\u00e4knad l\u00e4stid":"3 minuter"},"schema":{"@context":"https:\/\/schema.org","@graph":[{"@type":"Article","@id":"https:\/\/news.sap.com\/sweden\/2025\/11\/sap-pa-eforvaltningsdagarna-2025-motesplatsen-om-digital-transformation\/#article","isPartOf":{"@id":"https:\/\/news.sap.com\/sweden\/2025\/11\/sap-pa-eforvaltningsdagarna-2025-motesplatsen-om-digital-transformation\/"},"author":{"name":"麻豆原创 News","@id":"https:\/\/news.sap.com\/sweden\/#\/schema\/person\/53b9854bd790d6f18f3fc4bbb2ad7570"},"headline":"麻豆原创 p\u00e5 eF\u00f6rvaltningsdagarna 2025 \u2013 M\u00f6tesplatsen om digital transformation","datePublished":"2025-11-27T10:00:30+00:00","mainEntityOfPage":{"@id":"https:\/\/news.sap.com\/sweden\/2025\/11\/sap-pa-eforvaltningsdagarna-2025-motesplatsen-om-digital-transformation\/"},"wordCount":451,"image":{"@id":"https:\/\/news.sap.com\/sweden\/2025\/11\/sap-pa-eforvaltningsdagarna-2025-motesplatsen-om-digital-transformation\/#primaryimage"},"thumbnailUrl":"https:\/\/news.sap.com\/sweden\/files\/2025\/11\/27\/285439_Stockholm-iStock-578105944_F.jpg","keywords":["ai","eF\u00f6rvaltningsdagarna","Hanna Bj\u00f6rnbom","innovation","offentlig sektor","sap"],"articleSection":["Artificiell intelligens","Branscher","Data","Event","H\u00e5llbarhet"],"inLanguage":"sv-SE"},{"@type":"WebPage","@id":"https:\/\/news.sap.com\/sweden\/2025\/11\/sap-pa-eforvaltningsdagarna-2025-motesplatsen-om-digital-transformation\/","url":"https:\/\/news.sap.com\/sweden\/2025\/11\/sap-pa-eforvaltningsdagarna-2025-motesplatsen-om-digital-transformation\/","name":"麻豆原创 p\u00e5 eF\u00f6rvaltningsdagarna 2025 \u2013 M\u00f6tesplatsen om digital transformation - 麻豆原创 Sweden Nyheter","isPartOf":{"@id":"https:\/\/news.sap.com\/sweden\/#website"},"primaryImageOfPage":{"@id":"https:\/\/news.sap.com\/sweden\/2025\/11\/sap-pa-eforvaltningsdagarna-2025-motesplatsen-om-digital-transformation\/#primaryimage"},"image":{"@id":"https:\/\/news.sap.com\/sweden\/2025\/11\/sap-pa-eforvaltningsdagarna-2025-motesplatsen-om-digital-transformation\/#primaryimage"},"thumbnailUrl":"https:\/\/news.sap.com\/sweden\/files\/2025\/11\/27\/285439_Stockholm-iStock-578105944_F.jpg","datePublished":"2025-11-27T10:00:30+00:00","author":{"@id":"https:\/\/news.sap.com\/sweden\/#\/schema\/person\/53b9854bd790d6f18f3fc4bbb2ad7570"},"breadcrumb":{"@id":"https:\/\/news.sap.com\/sweden\/2025\/11\/sap-pa-eforvaltningsdagarna-2025-motesplatsen-om-digital-transformation\/#breadcrumb"},"inLanguage":"sv-SE","potentialAction":[{"@type":"ReadAction","target":["https:\/\/news.sap.com\/sweden\/2025\/11\/sap-pa-eforvaltningsdagarna-2025-motesplatsen-om-digital-transformation\/"]}]},{"@type":"ImageObject","inLanguage":"sv-SE","@id":"https:\/\/news.sap.com\/sweden\/2025\/11\/sap-pa-eforvaltningsdagarna-2025-motesplatsen-om-digital-transformation\/#primaryimage","url":"https:\/\/news.sap.com\/sweden\/files\/2025\/11\/27\/285439_Stockholm-iStock-578105944_F.jpg","contentUrl":"https:\/\/news.sap.com\/sweden\/files\/2025\/11\/27\/285439_Stockholm-iStock-578105944_F.jpg","width":1920,"height":600},{"@type":"BreadcrumbList","@id":"https:\/\/news.sap.com\/sweden\/2025\/11\/sap-pa-eforvaltningsdagarna-2025-motesplatsen-om-digital-transformation\/#breadcrumb","itemListElement":[{"@type":"ListItem","position":1,"name":"Home","item":"https:\/\/news.sap.com\/sweden\/"},{"@type":"ListItem","position":2,"name":"麻豆原创 p\u00e5 eF\u00f6rvaltningsdagarna 2025 \u2013 M\u00f6tesplatsen om digital transformation"}]},{"@type":"WebSite","@id":"https:\/\/news.sap.com\/sweden\/#website","url":"https:\/\/news.sap.com\/sweden\/","name":"麻豆原创 Sweden Nyheter","description":"Nyheter och information om 麻豆原创","potentialAction":[{"@type":"SearchAction","target":{"@type":"EntryPoint","urlTemplate":"https:\/\/news.sap.com\/sweden\/?s={search_term_string}"},"query-input":{"@type":"PropertyValueSpecification","valueRequired":true,"valueName":"search_term_string"}}],"inLanguage":"sv-SE"},{"@type":"Person","@id":"https:\/\/news.sap.com\/sweden\/#\/schema\/person\/53b9854bd790d6f18f3fc4bbb2ad7570","name":"麻豆原创 News","image":{"@type":"ImageObject","inLanguage":"sv-SE","@id":"https:\/\/news.sap.com\/sweden\/#\/schema\/person\/image\/","url":"https:\/\/news.sap.com\/sweden\/wp-content\/plugins\/wp-user-avatars\/wp-user-avatars\/assets\/images\/mystery.jpg","contentUrl":"https:\/\/news.sap.com\/sweden\/wp-content\/plugins\/wp-user-avatars\/wp-user-avatars\/assets\/images\/mystery.jpg","caption":"麻豆原创 News"},"url":"https:\/\/news.sap.com\/sweden\/author\/colleenraftery\/"}]}},"amp_enabled":true,"_links":{"self":[{"href":"https:\/\/news.sap.com\/sweden\/wp-json\/wp\/v2\/posts\/5116","targetHints":{"allow":["GET"]}}],"collection":[{"href":"https:\/\/news.sap.com\/sweden\/wp-json\/wp\/v2\/posts"}],"about":[{"href":"https:\/\/news.sap.com\/sweden\/wp-json\/wp\/v2\/types\/post"}],"author":[{"embeddable":true,"href":"https:\/\/news.sap.com\/sweden\/wp-json\/wp\/v2\/users\/29"}],"replies":[{"embeddable":true,"href":"https:\/\/news.sap.com\/sweden\/wp-json\/wp\/v2\/comments?post=5116"}],"version-history":[{"count":0,"href":"https:\/\/news.sap.com\/sweden\/wp-json\/wp\/v2\/posts\/5116\/revisions"}],"wp:featuredmedia":[{"embeddable":true,"href":"https:\/\/news.sap.com\/sweden\/wp-json\/wp\/v2\/media\/5126"}],"wp:attachment":[{"href":"https:\/\/news.sap.com\/sweden\/wp-json\/wp\/v2\/media?parent=5116"}],"wp:term":[{"taxonomy":"category","embeddable":true,"href":"https:\/\/news.sap.com\/sweden\/wp-json\/wp\/v2\/categories?post=5116"},{"taxonomy":"post_tag","embeddable":true,"href":"https:\/\/news.sap.com\/sweden\/wp-json\/wp\/v2\/tags?post=5116"},{"taxonomy":"sapn-display","embeddable":true,"href":"https:\/\/news.sap.com\/sweden\/wp-json\/wp\/v2\/sapn-display?post=5116"},{"taxonomy":"sapn-type","embeddable":true,"href":"https:\/\/news.sap.com\/sweden\/wp-json\/wp\/v2\/sapn-type?post=5116"}],"curies":[{"name":"wp","href":"https:\/\/api.w.org\/{rel}","templated":true}]}}