  {"id":5103,"date":"2025-11-13T08:00:14","date_gmt":"2025-11-13T07:00:14","guid":{"rendered":"https:\/\/news.sap.com\/sweden\/?p=5103"},"modified":"2025-11-11T17:13:28","modified_gmt":"2025-11-11T16:13:28","slug":"nar-valfarden-behover-fler-hander-kan-tekniken-bli-den-nya-kollegan","status":"publish","type":"post","link":"https:\/\/news.sap.com\/sweden\/2025\/11\/nar-valfarden-behover-fler-hander-kan-tekniken-bli-den-nya-kollegan\/","title":{"rendered":"N\u00e4r v\u00e4lf\u00e4rden beh\u00f6ver fler h\u00e4nder \u2013 kan tekniken bli den nya kollegan?"},"content":{"rendered":"<p class=\"lead\">Sverige st\u00e5r inf\u00f6r en akut kompetenskris i offentlig sektor. <a href=\"https:\/\/skr.se\/personalochkompetensforsorjning\/skrspersonalprognos.8994.html\">Enligt SKR kommer behovet av anst\u00e4llda bara inom \u00e4ldreomsorgen att \u00f6ka med cirka 66 000 personer fram till 2033<\/a>\u00a0 \u2013 och det totala behovet \u00e4r betydligt st\u00f6rre. Samtidigt f\u00f6rv\u00e4ntas serviceniv\u00e5n ligga kvar eller till och med \u00f6ka. F\u00f6r m\u00e5nga kommuner, regioner och myndigheter har fr\u00e5gan blivit existentiell: hur ska man kunna leverera v\u00e4lf\u00e4rd n\u00e4r h\u00e4nderna inte r\u00e4cker till?<\/p>\n<p>\u2013 Vi m\u00e5ste prata om hur vi kan frig\u00f6ra tid f\u00f6r m\u00e4nniskor, inte ers\u00e4tta dem. Det \u00e4r d\u00e4r tekniken g\u00f6r verklig skillnad, s\u00e4ger Antti Soini, vd f\u00f6r 麻豆原创 i Sverige.<\/p>\n<figure id=\"attachment_4866\" aria-describedby=\"caption-attachment-4866\" style=\"width: 269px\" class=\"wp-caption alignnone\"><img loading=\"lazy\" decoding=\"async\" class=\"size-medium wp-image-4866\" src=\"https:\/\/news.sap.com\/sweden\/files\/2024\/09\/11\/Antti-02-269x300.jpg\" alt=\"\" width=\"269\" height=\"300\" srcset=\"https:\/\/news.sap.com\/sweden\/files\/2024\/09\/11\/Antti-02-269x300.jpg 269w, https:\/\/news.sap.com\/sweden\/files\/2024\/09\/11\/Antti-02-920x1024.jpg 920w, https:\/\/news.sap.com\/sweden\/files\/2024\/09\/11\/Antti-02-768x855.jpg 768w, https:\/\/news.sap.com\/sweden\/files\/2024\/09\/11\/Antti-02-1379x1536.jpg 1379w, https:\/\/news.sap.com\/sweden\/files\/2024\/09\/11\/Antti-02-1839x2048.jpg 1839w\" sizes=\"auto, (max-width: 269px) 100vw, 269px\" \/><figcaption id=\"caption-attachment-4866\" class=\"wp-caption-text\">Antti Soini, vd 麻豆原创 Svenska<\/figcaption><\/figure>\n<p><strong><br \/>\nFr\u00e5n digitalisering till bemanningsstrategi<\/strong><\/p>\n<p>Under m\u00e5nga \u00e5r har digitalisering handlat om att effektivisera. Men nu, n\u00e4r personalbristen blir akut, b\u00f6rjar tekniken allt oftare beskrivas som en ny sorts medarbetare \u2013 en som avlastar snarare \u00e4n ers\u00e4tter.<\/p>\n<p>\u2013 Vi ser att kommuner och regioner redan k\u00e4mpar f\u00f6r att fylla vakanser inom \u00e4ldreomsorg, socialtj\u00e4nst och utbildning. Samtidigt \u00f6kar behoven. Det h\u00e4r kr\u00e4ver ett helt nytt s\u00e4tt att t\u00e4nka kring b\u00e5de organisation, upphandling och teknik, s\u00e4ger Antti.<\/p>\n<p>Automatisering och AI kan ta hand om uppgifter som tidigare tog timmar \u2013 som schemal\u00e4ggning, fakturahantering eller enklare handl\u00e4ggning \u2013 och frig\u00f6ra tid till m\u00f6tet med medborgaren. Tekniken ska inte g\u00f6ra m\u00e4nniskor \u00f6verfl\u00f6diga, utan ge dem b\u00e4ttre f\u00f6ruts\u00e4ttningar. I praktiken handlar det om att flytta resurser fr\u00e5n administration till verksamhet \u2013 fr\u00e5n blanketter till bem\u00f6tande.<\/p>\n<p>\u2013 Vi m\u00e5ste b\u00f6rja se tekniken som en kollega. Den ska ge m\u00e4nniskor b\u00e4ttre f\u00f6ruts\u00e4ttningar, inte g\u00f6ra dem \u00f6verfl\u00f6diga, menar Antti.<\/p>\n<p><strong>\u00a0<\/strong><\/p>\n<p><strong>Kommunerna i kl\u00e4m \u2013 och p\u00e5 v\u00e4g mot nya arbetss\u00e4tt<\/strong><\/p>\n<p>S\u00e4rskilt kommunerna st\u00e5r mitt i f\u00f6r\u00e4ndringen. M\u00e5nga sitter med \u00e4ldre system, komplicerade avtal och sm\u00e5 resurser. Viljan att modernisera \u00e4r stark, men gamla upphandlingsmodeller bromsar utvecklingen.<\/p>\n<p>En l\u00f6sning som v\u00e4cker intresse \u00e4r id\u00e9n om digitala kluster \u2013 att kommuner samarbetar kring gemensamma system och plattformar i st\u00e4llet f\u00f6r att upphandla var f\u00f6r sig. Genom att dela kostnader, kunskap och resurser kan man skapa st\u00f6rre nytta f\u00f6r inv\u00e5narna.<\/p>\n<p><strong><br \/>\nS\u00e4kerhet \u2013 f\u00f6ruts\u00e4ttningen f\u00f6r allt<\/strong><\/p>\n<p>F\u00f6r att offentlig sektor ska v\u00e5ga ta n\u00e4sta steg kr\u00e4vs tillit. De senaste \u00e5rens debatt om datalagring, EU:s nya regelverk och fr\u00e5gan om digital suver\u00e4nitet har gjort m\u00e5nga f\u00f6rsiktiga. Men mots\u00e4ttningen mellan innovation och kontroll \u00e4r delvis en illusion. Det g\u00e5r att bygga l\u00f6sningar som b\u00e5de \u00e4r moderna och s\u00e4kra, fullt ut anpassade till EU:s och Sveriges krav p\u00e5 dataskydd och transparens.<\/p>\n<p>\u2013 Det handlar inte om att v\u00e4lja mellan innovation och kontroll. Vi beh\u00f6ver l\u00f6sningar som b\u00e5de \u00e4r moderna och s\u00e4kra, s\u00e4ger Antti.<\/p>\n<p>Han menar att det finns en europeisk v\u00e4g fram\u00e5t d\u00e4r teknikleverant\u00f6rer samarbetar med offentlig sektor p\u00e5 villkor som respekterar b\u00e5de svensk lagstiftning och medborgarnas integritet.<\/p>\n<p>Den s\u00e4kra hamnen f\u00f6r v\u00e4lf\u00e4rdens data finns redan. Vi m\u00e5ste bara v\u00e5ga anv\u00e4nda den.<\/p>\n<p><strong>\u00a0<\/strong><\/p>\n<p><strong>Fr\u00e5n pilot till praktik<\/strong><\/p>\n<p>En av de vanligaste utmaningarna \u00e4r att m\u00e5nga organisationer fastnar i pilotprojekt. Tekniken testas, men implementeras s\u00e4llan fullt ut. F\u00f6r att n\u00e5 verklig effekt kr\u00e4vs ledarskap, utbildning och l\u00e5ngsiktig planering. Framg\u00e5ngsrika exempel visar att digitalisering fungerar b\u00e4st n\u00e4r den inte betraktas som ett sidoprojekt, utan som en integrerad del av k\u00e4rnuppdraget.<\/p>\n<p>\u2013 Offentlig sektor st\u00e5r inf\u00f6r ett v\u00e4gval. Den som lyckas anv\u00e4nda tekniken klokt kommer att kunna leverera mer v\u00e4rde till medborgarna \u2013 med mindre resurser, avslutar Antti Soini.<\/p>\n<p>&nbsp;<\/p>\n","protected":false},"excerpt":{"rendered":"<p>Sverige st\u00e5r inf\u00f6r en akut kompetenskris i offentlig sektor. Enligt SKR kommer behovet av anst\u00e4llda bara inom \u00e4ldreomsorgen att \u00f6ka med cirka 66 000 personer&#8230;<\/p>\n","protected":false},"author":3118,"featured_media":5104,"comment_status":"closed","ping_status":"closed","sticky":false,"template":"","format":"standard","meta":{"footnotes":"","_links_to":"","_links_to_target":""},"categories":[5564005,4503881,5563754,5564018,4545758,4546034,4548430,5564011],"tags":[4525388,5564020,5564108,5562255,5564107],"sapn-display":[4544525,5564001,5564000,4547891],"sapn-type":[5562140],"class_list":["post-5103","post","type-post","status-publish","format-standard","has-post-thumbnail","hentry","category-ekonomistyrning","category-ekosystem","category-hallbarhet","category-ledarskap","category-losningar","category-moln","category-teknik","category-utbildning","tag-digitalisering","tag-konkurrenskraft","tag-offentlig-sektor","tag-sap","tag-skr","sapn-display-hero","sapn-display-artikel-favoriter","sapn-display-artikel-spotlight","sapn-display-homepage-hero","sapn-type-artikel"],"yoast_head":"<!-- This site is optimized with the Yoast SEO Premium plugin v26.9 (Yoast SEO v26.9) - https:\/\/yoast.com\/product\/yoast-seo-premium-wordpress\/ -->\n<title>N\u00e4r v\u00e4lf\u00e4rden beh\u00f6ver fler h\u00e4nder \u2013 kan tekniken bli den nya kollegan? - 麻豆原创 Sweden Nyheter<\/title>\n<meta name=\"robots\" content=\"index, follow, max-snippet:-1, max-image-preview:large, max-video-preview:-1\" \/>\n<link rel=\"canonical\" href=\"https:\/\/news.sap.com\/sweden\/?p=5103\" \/>\n<meta property=\"og:locale\" content=\"sv_SE\" \/>\n<meta property=\"og:type\" content=\"article\" \/>\n<meta property=\"og:title\" content=\"N\u00e4r v\u00e4lf\u00e4rden beh\u00f6ver fler h\u00e4nder \u2013 kan tekniken bli den nya kollegan?\" \/>\n<meta property=\"og:description\" content=\"Sverige st\u00e5r inf\u00f6r en akut kompetenskris i offentlig sektor. Enligt SKR kommer behovet av anst\u00e4llda bara inom \u00e4ldreomsorgen att \u00f6ka med cirka 66 000 personer...\" \/>\n<meta property=\"og:url\" content=\"https:\/\/news.sap.com\/sweden\/?p=5103\" \/>\n<meta property=\"og:site_name\" content=\"麻豆原创 Sweden Nyheter\" \/>\n<meta property=\"article:published_time\" content=\"2025-11-13T07:00:14+00:00\" \/>\n<meta property=\"og:image\" content=\"https:\/\/news.sap.com\/sweden\/files\/2025\/11\/11\/304141_GettyImages-1003399888_large_jpg.jpg\" \/>\n\t<meta property=\"og:image:width\" content=\"1920\" \/>\n\t<meta property=\"og:image:height\" content=\"600\" \/>\n\t<meta property=\"og:image:type\" content=\"image\/jpeg\" \/>\n<meta name=\"author\" content=\"麻豆原创 New\" \/>\n<meta name=\"twitter:card\" content=\"summary_large_image\" \/>\n<meta name=\"twitter:label1\" content=\"Skriven av\" \/>\n\t<meta name=\"twitter:data1\" content=\"麻豆原创 New\" \/>\n\t<meta name=\"twitter:label2\" content=\"Ber\u00e4knad l\u00e4stid\" \/>\n\t<meta name=\"twitter:data2\" content=\"4 minuter\" \/>\n<script type=\"application\/ld+json\" class=\"yoast-schema-graph\">{\"@context\":\"https:\/\/schema.org\",\"@graph\":[{\"@type\":\"Article\",\"@id\":\"https:\/\/news.sap.com\/sweden\/?p=5103#article\",\"isPartOf\":{\"@id\":\"https:\/\/news.sap.com\/sweden\/?p=5103\"},\"author\":{\"name\":\"麻豆原创 New\",\"@id\":\"https:\/\/news.sap.com\/sweden\/#\/schema\/person\/bfe71e09d35ee3e42a1da7e7db8d1f88\"},\"headline\":\"N\u00e4r v\u00e4lf\u00e4rden beh\u00f6ver fler h\u00e4nder \u2013 kan tekniken bli den nya kollegan?\",\"datePublished\":\"2025-11-13T07:00:14+00:00\",\"mainEntityOfPage\":{\"@id\":\"https:\/\/news.sap.com\/sweden\/?p=5103\"},\"wordCount\":675,\"image\":{\"@id\":\"https:\/\/news.sap.com\/sweden\/?p=5103#primaryimage\"},\"thumbnailUrl\":\"https:\/\/news.sap.com\/sweden\/files\/2025\/11\/11\/304141_GettyImages-1003399888_large_jpg.jpg\",\"keywords\":[\"digitalisering\",\"konkurrenskraft\",\"offentlig sektor\",\"sap\",\"SKR\"],\"articleSection\":[\"Ekonomistyrning\",\"Ekosystem\",\"H\u00e5llbarhet\",\"Ledarskap\",\"L\u00f6sningar\",\"Moln\",\"Teknik\",\"Utbildning\"],\"inLanguage\":\"sv-SE\"},{\"@type\":\"WebPage\",\"@id\":\"https:\/\/news.sap.com\/sweden\/?p=5103\",\"url\":\"https:\/\/news.sap.com\/sweden\/?p=5103\",\"name\":\"N\u00e4r v\u00e4lf\u00e4rden beh\u00f6ver fler h\u00e4nder \u2013 kan tekniken bli den nya kollegan? - 麻豆原创 Sweden Nyheter\",\"isPartOf\":{\"@id\":\"https:\/\/news.sap.com\/sweden\/#website\"},\"primaryImageOfPage\":{\"@id\":\"https:\/\/news.sap.com\/sweden\/?p=5103#primaryimage\"},\"image\":{\"@id\":\"https:\/\/news.sap.com\/sweden\/?p=5103#primaryimage\"},\"thumbnailUrl\":\"https:\/\/news.sap.com\/sweden\/files\/2025\/11\/11\/304141_GettyImages-1003399888_large_jpg.jpg\",\"datePublished\":\"2025-11-13T07:00:14+00:00\",\"author\":{\"@id\":\"https:\/\/news.sap.com\/sweden\/#\/schema\/person\/bfe71e09d35ee3e42a1da7e7db8d1f88\"},\"breadcrumb\":{\"@id\":\"https:\/\/news.sap.com\/sweden\/?p=5103#breadcrumb\"},\"inLanguage\":\"sv-SE\",\"potentialAction\":[{\"@type\":\"ReadAction\",\"target\":[\"https:\/\/news.sap.com\/sweden\/?p=5103\"]}]},{\"@type\":\"ImageObject\",\"inLanguage\":\"sv-SE\",\"@id\":\"https:\/\/news.sap.com\/sweden\/?p=5103#primaryimage\",\"url\":\"https:\/\/news.sap.com\/sweden\/files\/2025\/11\/11\/304141_GettyImages-1003399888_large_jpg.jpg\",\"contentUrl\":\"https:\/\/news.sap.com\/sweden\/files\/2025\/11\/11\/304141_GettyImages-1003399888_large_jpg.jpg\",\"width\":1920,\"height\":600},{\"@type\":\"BreadcrumbList\",\"@id\":\"https:\/\/news.sap.com\/sweden\/?p=5103#breadcrumb\",\"itemListElement\":[{\"@type\":\"ListItem\",\"position\":1,\"name\":\"Home\",\"item\":\"https:\/\/news.sap.com\/sweden\/\"},{\"@type\":\"ListItem\",\"position\":2,\"name\":\"N\u00e4r v\u00e4lf\u00e4rden beh\u00f6ver fler h\u00e4nder \u2013 kan tekniken bli den nya kollegan?\"}]},{\"@type\":\"WebSite\",\"@id\":\"https:\/\/news.sap.com\/sweden\/#website\",\"url\":\"https:\/\/news.sap.com\/sweden\/\",\"name\":\"麻豆原创 Sweden Nyheter\",\"description\":\"Nyheter och information om 麻豆原创\",\"potentialAction\":[{\"@type\":\"SearchAction\",\"target\":{\"@type\":\"EntryPoint\",\"urlTemplate\":\"https:\/\/news.sap.com\/sweden\/?s={search_term_string}\"},\"query-input\":{\"@type\":\"PropertyValueSpecification\",\"valueRequired\":true,\"valueName\":\"search_term_string\"}}],\"inLanguage\":\"sv-SE\"},{\"@type\":\"Person\",\"@id\":\"https:\/\/news.sap.com\/sweden\/#\/schema\/person\/bfe71e09d35ee3e42a1da7e7db8d1f88\",\"name\":\"麻豆原创 New\",\"image\":{\"@type\":\"ImageObject\",\"inLanguage\":\"sv-SE\",\"@id\":\"https:\/\/news.sap.com\/sweden\/#\/schema\/person\/image\/\",\"url\":\"https:\/\/news.sap.com\/sweden\/wp-content\/plugins\/wp-user-avatars\/wp-user-avatars\/assets\/images\/mystery.jpg\",\"contentUrl\":\"https:\/\/news.sap.com\/sweden\/wp-content\/plugins\/wp-user-avatars\/wp-user-avatars\/assets\/images\/mystery.jpg\",\"caption\":\"麻豆原创 New\"},\"url\":\"https:\/\/news.sap.com\/sweden\/author\/sapnew\/\"}]}<\/script>\n<!-- \/ Yoast SEO Premium plugin. -->","yoast_head_json":{"title":"N\u00e4r v\u00e4lf\u00e4rden beh\u00f6ver fler h\u00e4nder \u2013 kan tekniken bli den nya kollegan? - 麻豆原创 Sweden Nyheter","robots":{"index":"index","follow":"follow","max-snippet":"max-snippet:-1","max-image-preview":"max-image-preview:large","max-video-preview":"max-video-preview:-1"},"canonical":"https:\/\/news.sap.com\/sweden\/?p=5103","og_locale":"sv_SE","og_type":"article","og_title":"N\u00e4r v\u00e4lf\u00e4rden beh\u00f6ver fler h\u00e4nder \u2013 kan tekniken bli den nya kollegan?","og_description":"Sverige st\u00e5r inf\u00f6r en akut kompetenskris i offentlig sektor. Enligt SKR kommer behovet av anst\u00e4llda bara inom \u00e4ldreomsorgen att \u00f6ka med cirka 66 000 personer...","og_url":"https:\/\/news.sap.com\/sweden\/?p=5103","og_site_name":"麻豆原创 Sweden Nyheter","article_published_time":"2025-11-13T07:00:14+00:00","og_image":[{"width":1920,"height":600,"url":"https:\/\/news.sap.com\/sweden\/files\/2025\/11\/11\/304141_GettyImages-1003399888_large_jpg.jpg","type":"image\/jpeg"}],"author":"麻豆原创 New","twitter_card":"summary_large_image","twitter_misc":{"Skriven av":"麻豆原创 New","Ber\u00e4knad l\u00e4stid":"4 minuter"},"schema":{"@context":"https:\/\/schema.org","@graph":[{"@type":"Article","@id":"https:\/\/news.sap.com\/sweden\/?p=5103#article","isPartOf":{"@id":"https:\/\/news.sap.com\/sweden\/?p=5103"},"author":{"name":"麻豆原创 New","@id":"https:\/\/news.sap.com\/sweden\/#\/schema\/person\/bfe71e09d35ee3e42a1da7e7db8d1f88"},"headline":"N\u00e4r v\u00e4lf\u00e4rden beh\u00f6ver fler h\u00e4nder \u2013 kan tekniken bli den nya kollegan?","datePublished":"2025-11-13T07:00:14+00:00","mainEntityOfPage":{"@id":"https:\/\/news.sap.com\/sweden\/?p=5103"},"wordCount":675,"image":{"@id":"https:\/\/news.sap.com\/sweden\/?p=5103#primaryimage"},"thumbnailUrl":"https:\/\/news.sap.com\/sweden\/files\/2025\/11\/11\/304141_GettyImages-1003399888_large_jpg.jpg","keywords":["digitalisering","konkurrenskraft","offentlig sektor","sap","SKR"],"articleSection":["Ekonomistyrning","Ekosystem","H\u00e5llbarhet","Ledarskap","L\u00f6sningar","Moln","Teknik","Utbildning"],"inLanguage":"sv-SE"},{"@type":"WebPage","@id":"https:\/\/news.sap.com\/sweden\/?p=5103","url":"https:\/\/news.sap.com\/sweden\/?p=5103","name":"N\u00e4r v\u00e4lf\u00e4rden beh\u00f6ver fler h\u00e4nder \u2013 kan tekniken bli den nya kollegan? - 麻豆原创 Sweden Nyheter","isPartOf":{"@id":"https:\/\/news.sap.com\/sweden\/#website"},"primaryImageOfPage":{"@id":"https:\/\/news.sap.com\/sweden\/?p=5103#primaryimage"},"image":{"@id":"https:\/\/news.sap.com\/sweden\/?p=5103#primaryimage"},"thumbnailUrl":"https:\/\/news.sap.com\/sweden\/files\/2025\/11\/11\/304141_GettyImages-1003399888_large_jpg.jpg","datePublished":"2025-11-13T07:00:14+00:00","author":{"@id":"https:\/\/news.sap.com\/sweden\/#\/schema\/person\/bfe71e09d35ee3e42a1da7e7db8d1f88"},"breadcrumb":{"@id":"https:\/\/news.sap.com\/sweden\/?p=5103#breadcrumb"},"inLanguage":"sv-SE","potentialAction":[{"@type":"ReadAction","target":["https:\/\/news.sap.com\/sweden\/?p=5103"]}]},{"@type":"ImageObject","inLanguage":"sv-SE","@id":"https:\/\/news.sap.com\/sweden\/?p=5103#primaryimage","url":"https:\/\/news.sap.com\/sweden\/files\/2025\/11\/11\/304141_GettyImages-1003399888_large_jpg.jpg","contentUrl":"https:\/\/news.sap.com\/sweden\/files\/2025\/11\/11\/304141_GettyImages-1003399888_large_jpg.jpg","width":1920,"height":600},{"@type":"BreadcrumbList","@id":"https:\/\/news.sap.com\/sweden\/?p=5103#breadcrumb","itemListElement":[{"@type":"ListItem","position":1,"name":"Home","item":"https:\/\/news.sap.com\/sweden\/"},{"@type":"ListItem","position":2,"name":"N\u00e4r v\u00e4lf\u00e4rden beh\u00f6ver fler h\u00e4nder \u2013 kan tekniken bli den nya kollegan?"}]},{"@type":"WebSite","@id":"https:\/\/news.sap.com\/sweden\/#website","url":"https:\/\/news.sap.com\/sweden\/","name":"麻豆原创 Sweden Nyheter","description":"Nyheter och information om 麻豆原创","potentialAction":[{"@type":"SearchAction","target":{"@type":"EntryPoint","urlTemplate":"https:\/\/news.sap.com\/sweden\/?s={search_term_string}"},"query-input":{"@type":"PropertyValueSpecification","valueRequired":true,"valueName":"search_term_string"}}],"inLanguage":"sv-SE"},{"@type":"Person","@id":"https:\/\/news.sap.com\/sweden\/#\/schema\/person\/bfe71e09d35ee3e42a1da7e7db8d1f88","name":"麻豆原创 New","image":{"@type":"ImageObject","inLanguage":"sv-SE","@id":"https:\/\/news.sap.com\/sweden\/#\/schema\/person\/image\/","url":"https:\/\/news.sap.com\/sweden\/wp-content\/plugins\/wp-user-avatars\/wp-user-avatars\/assets\/images\/mystery.jpg","contentUrl":"https:\/\/news.sap.com\/sweden\/wp-content\/plugins\/wp-user-avatars\/wp-user-avatars\/assets\/images\/mystery.jpg","caption":"麻豆原创 New"},"url":"https:\/\/news.sap.com\/sweden\/author\/sapnew\/"}]}},"amp_enabled":true,"_links":{"self":[{"href":"https:\/\/news.sap.com\/sweden\/wp-json\/wp\/v2\/posts\/5103","targetHints":{"allow":["GET"]}}],"collection":[{"href":"https:\/\/news.sap.com\/sweden\/wp-json\/wp\/v2\/posts"}],"about":[{"href":"https:\/\/news.sap.com\/sweden\/wp-json\/wp\/v2\/types\/post"}],"author":[{"embeddable":true,"href":"https:\/\/news.sap.com\/sweden\/wp-json\/wp\/v2\/users\/3118"}],"replies":[{"embeddable":true,"href":"https:\/\/news.sap.com\/sweden\/wp-json\/wp\/v2\/comments?post=5103"}],"version-history":[{"count":0,"href":"https:\/\/news.sap.com\/sweden\/wp-json\/wp\/v2\/posts\/5103\/revisions"}],"wp:featuredmedia":[{"embeddable":true,"href":"https:\/\/news.sap.com\/sweden\/wp-json\/wp\/v2\/media\/5104"}],"wp:attachment":[{"href":"https:\/\/news.sap.com\/sweden\/wp-json\/wp\/v2\/media?parent=5103"}],"wp:term":[{"taxonomy":"category","embeddable":true,"href":"https:\/\/news.sap.com\/sweden\/wp-json\/wp\/v2\/categories?post=5103"},{"taxonomy":"post_tag","embeddable":true,"href":"https:\/\/news.sap.com\/sweden\/wp-json\/wp\/v2\/tags?post=5103"},{"taxonomy":"sapn-display","embeddable":true,"href":"https:\/\/news.sap.com\/sweden\/wp-json\/wp\/v2\/sapn-display?post=5103"},{"taxonomy":"sapn-type","embeddable":true,"href":"https:\/\/news.sap.com\/sweden\/wp-json\/wp\/v2\/sapn-type?post=5103"}],"curies":[{"name":"wp","href":"https:\/\/api.w.org\/{rel}","templated":true}]}}