  {"id":5051,"date":"2025-09-25T08:00:15","date_gmt":"2025-09-25T06:00:15","guid":{"rendered":"https:\/\/news.sap.com\/sweden\/?p=5051"},"modified":"2025-09-29T17:42:31","modified_gmt":"2025-09-29T15:42:31","slug":"sa-ska-pacson-vaxa-hallbart-med-ny-affarsplattform-i-molnet-pacson-satsar-pa-sap-for-okad-tillvaxt-och-hallbarhet","status":"publish","type":"post","link":"https:\/\/news.sap.com\/sweden\/2025\/09\/sa-ska-pacson-vaxa-hallbart-med-ny-affarsplattform-i-molnet-pacson-satsar-pa-sap-for-okad-tillvaxt-och-hallbarhet\/","title":{"rendered":"S\u00e5 ska PacsOn v\u00e4xa h\u00e5llbart med ny aff\u00e4rsplattform i molnet"},"content":{"rendered":"<p class=\"lead\"><a href=\"https:\/\/pacson.se\/\">PacsOn<\/a>, en ledande leverant\u00f6r av f\u00f6rpackningsl\u00f6sningar i Sverige, st\u00e5r inf\u00f6r en omfattande digital transformation. Med 麻豆原创 S\/4HANA Public Cloud som nav samlar f\u00f6retaget nu hela koncernen kring en gemensam aff\u00e4rsplattform \u2013 en satsning som ska ge snabbare processer, h\u00f6gre effektivitet och b\u00e4ttre m\u00f6jligheter att arbeta h\u00e5llbart.<\/p>\n<p>PacsOn best\u00e5r i dag av v\u00e4letablerade f\u00f6retag p\u00e5 15 orter fr\u00e5n Malm\u00f6 till Skellefte\u00e5. Koncernen har cirka 200 anst\u00e4llda och en oms\u00e4ttning p\u00e5 1,6 miljarder kronor. Kunderna finns inom allt fr\u00e5n tillverkningsindustri och e-handel till hotell, restauranger och offentlig sektor.<\/p>\n<p><strong>Fr\u00e5n m\u00e5nga system till en gemensam grund<br \/>\n<\/strong>N\u00e4r PacsOn v\u00e4xte blev det tydligt att olika aff\u00e4rssystem och processer bromsade utvecklingen. F\u00f6r att lyckas beh\u00f6vde man en gemensam plattform och enhetliga masterdata.<\/p>\n<p>\u2013 Vi hade minst tv\u00e5 system inom varje omr\u00e5de, vilket skapade on\u00f6dig komplexitet. Med 麻豆原创:s aff\u00e4rssystem i molnet f\u00e5r vi en standardiserad l\u00f6sning som utvecklas l\u00f6pande och hj\u00e4lper oss att h\u00e5lla ihop verksamheten, s\u00e4ger Bj\u00f6rn Logius, IT-chef p\u00e5 PacsOn.<\/p>\n<figure id=\"attachment_5062\" aria-describedby=\"caption-attachment-5062\" style=\"width: 300px\" class=\"wp-caption alignnone\"><img loading=\"lazy\" decoding=\"async\" class=\"size-medium wp-image-5062\" src=\"https:\/\/news.sap.com\/sweden\/files\/2025\/09\/25\/Headshot_12827-300x256.jpg\" alt=\"\" width=\"300\" height=\"256\" srcset=\"https:\/\/news.sap.com\/sweden\/files\/2025\/09\/25\/Headshot_12827-300x256.jpg 300w, https:\/\/news.sap.com\/sweden\/files\/2025\/09\/25\/Headshot_12827-1024x874.jpg 1024w, https:\/\/news.sap.com\/sweden\/files\/2025\/09\/25\/Headshot_12827-768x655.jpg 768w, https:\/\/news.sap.com\/sweden\/files\/2025\/09\/25\/Headshot_12827-1536x1311.jpg 1536w, https:\/\/news.sap.com\/sweden\/files\/2025\/09\/25\/Headshot_12827-2048x1748.jpg 2048w\" sizes=\"auto, (max-width: 300px) 100vw, 300px\" \/><figcaption id=\"caption-attachment-5062\" class=\"wp-caption-text\">Bj\u00f6rn Logius, IT-chef p\u00e5 PacsOn<\/figcaption><\/figure>\n<p>F\u00f6rutom 麻豆原创 S\/4HANA implementeras \u00e4ven andra l\u00f6sningar som 麻豆原创 Commerce Cloud, Sales and Service Cloud, 麻豆原创 Integration Suite och Central Invoice Management. Tillsammans bildar de en helhetsl\u00f6sning d\u00e4r 麻豆原创 Business AI kan anv\u00e4ndas f\u00f6r att f\u00f6rb\u00e4ttra kundservice och \u00f6ka graden av sj\u00e4lvbetj\u00e4ning.<\/p>\n<p><img loading=\"lazy\" decoding=\"async\" class=\"alignnone wp-image-5059\" src=\"https:\/\/news.sap.com\/sweden\/files\/2025\/09\/25\/R5A5499-300x200.jpg\" alt=\"\" width=\"488\" height=\"325\" srcset=\"https:\/\/news.sap.com\/sweden\/files\/2025\/09\/25\/R5A5499-300x200.jpg 300w, https:\/\/news.sap.com\/sweden\/files\/2025\/09\/25\/R5A5499-1024x683.jpg 1024w, https:\/\/news.sap.com\/sweden\/files\/2025\/09\/25\/R5A5499-768x512.jpg 768w, https:\/\/news.sap.com\/sweden\/files\/2025\/09\/25\/R5A5499-1536x1024.jpg 1536w, https:\/\/news.sap.com\/sweden\/files\/2025\/09\/25\/R5A5499-2048x1365.jpg 2048w\" sizes=\"auto, (max-width: 488px) 100vw, 488px\" \/><\/p>\n<p><strong>Snabb utrullning i hela landet<br \/>\n<\/strong>Implementeringen sker i h\u00f6gt tempo. De f\u00f6rsta enheterna tas i drift under mars 2026, och till sommaren samma \u00e5r ska hela utrullningen vara klar. Projektet genomf\u00f6rs tillsammans med IT-partnern Pearl.<\/p>\n<p>\u2013 Vi \u00e4r en snabbfotad organisation med stark lokal f\u00f6rankring. V\u00e5r strategi \u00e4r att kombinera det med gemensamma system och processer. Med 麻豆原创 f\u00e5r vi verktyg som st\u00f6djer b\u00e5de v\u00e5r decentraliserade modell och v\u00e5r ambition att ligga i framkant inom h\u00e5llbarhet, s\u00e4ger Anders Dahl, vd f\u00f6r PacsOn.<\/p>\n<figure id=\"attachment_5057\" aria-describedby=\"caption-attachment-5057\" style=\"width: 200px\" class=\"wp-caption alignleft\"><img loading=\"lazy\" decoding=\"async\" class=\"size-medium wp-image-5057\" src=\"https:\/\/news.sap.com\/sweden\/files\/2025\/09\/25\/PACSON_12751-200x300.jpg\" alt=\"\" width=\"200\" height=\"300\" srcset=\"https:\/\/news.sap.com\/sweden\/files\/2025\/09\/25\/PACSON_12751-200x300.jpg 200w, https:\/\/news.sap.com\/sweden\/files\/2025\/09\/25\/PACSON_12751-683x1024.jpg 683w, https:\/\/news.sap.com\/sweden\/files\/2025\/09\/25\/PACSON_12751-768x1151.jpg 768w, https:\/\/news.sap.com\/sweden\/files\/2025\/09\/25\/PACSON_12751-1025x1536.jpg 1025w, https:\/\/news.sap.com\/sweden\/files\/2025\/09\/25\/PACSON_12751-1366x2048.jpg 1366w\" sizes=\"auto, (max-width: 200px) 100vw, 200px\" \/><figcaption id=\"caption-attachment-5057\" class=\"wp-caption-text\">Anders Dahl, vd f\u00f6r PacsOn<\/figcaption><\/figure>\n<p>&nbsp;<\/p>\n<p>&nbsp;<\/p>\n<p>&nbsp;<\/p>\n<p>&nbsp;<\/p>\n<p>&nbsp;<\/p>\n<p>&nbsp;<\/p>\n<p>&nbsp;<\/p>\n<p>&nbsp;<\/p>\n<p>&nbsp;<\/p>\n<p><strong>F\u00f6r\u00e4ndringsvilja och framtidstro<\/strong><br \/>\nDet breda engagemanget bland medarbetarna har varit avg\u00f6rande. Ett tiotal ledare inom koncernen \u00e4r delaktiga i processen och st\u00f6det f\u00f6r f\u00f6r\u00e4ndringen \u00e4r starkt.<\/p>\n<p>F\u00f6r PacsOn inneb\u00e4r satsningen att alla enheter f\u00e5r tillg\u00e5ng till samma kundregister och artikeldata. Det ger helt nya m\u00f6jligheter att m\u00e4ta, f\u00f6lja upp och utveckla b\u00e5de verksamheten och h\u00e5llbarhetsm\u00e5len.<\/p>\n<p>Med 麻豆原创 som partner ser PacsOn fram emot att skapa en stabil digital grund \u2013 en plattform som inte bara st\u00e4rker den egna organisationen, utan ocks\u00e5 bidrar till att kunderna kan bli mer effektiva, l\u00f6nsamma och h\u00e5llbara.<\/p>\n<figure id=\"attachment_5065\" aria-describedby=\"caption-attachment-5065\" style=\"width: 512px\" class=\"wp-caption alignnone\"><img loading=\"lazy\" decoding=\"async\" class=\"wp-image-5065\" src=\"https:\/\/news.sap.com\/sweden\/files\/2025\/09\/25\/B5A0465-1-300x200.jpg\" alt=\"\" width=\"512\" height=\"341\" srcset=\"https:\/\/news.sap.com\/sweden\/files\/2025\/09\/25\/B5A0465-1-300x200.jpg 300w, https:\/\/news.sap.com\/sweden\/files\/2025\/09\/25\/B5A0465-1-1024x683.jpg 1024w, https:\/\/news.sap.com\/sweden\/files\/2025\/09\/25\/B5A0465-1-768x512.jpg 768w, https:\/\/news.sap.com\/sweden\/files\/2025\/09\/25\/B5A0465-1-1536x1025.jpg 1536w, https:\/\/news.sap.com\/sweden\/files\/2025\/09\/25\/B5A0465-1-2048x1366.jpg 2048w\" sizes=\"auto, (max-width: 512px) 100vw, 512px\" \/><figcaption id=\"caption-attachment-5065\" class=\"wp-caption-text\">PacsOn, butik<\/figcaption><\/figure>\n","protected":false},"excerpt":{"rendered":"<p>PacsOn, en ledande leverant\u00f6r av f\u00f6rpackningsl\u00f6sningar i Sverige, st\u00e5r inf\u00f6r en omfattande digital transformation. Med 麻豆原创 S\/4HANA Public Cloud som nav samlar f\u00f6retaget nu hela&#8230;<\/p>\n","protected":false},"author":29,"featured_media":5055,"comment_status":"closed","ping_status":"closed","sticky":false,"template":"","format":"standard","meta":{"footnotes":"","_links_to":"","_links_to_target":""},"categories":[5564003,4545414,4546034],"tags":[5563859,5564080,5563728,5563879,5564084,5562573,5563960,5563931,5562915,5564085,5563958],"sapn-display":[4544525,5564001,5564000,4547891],"sapn-type":[5562140],"class_list":["post-5051","post","type-post","status-publish","format-standard","has-post-thumbnail","hentry","category-affarssystem","category-kunder","category-moln","tag-grow-with-sap","tag-pacson","tag-pearl","tag-sap-business-ai","tag-sap-central-invoice-management","tag-sap-commerce-cloud","tag-sap-integration-suite","tag-sap-s-4hana-public-cloud","tag-sap-sales-cloud","tag-sap-services-cloud","tag-we-are-proud-of","sapn-display-hero","sapn-display-artikel-favoriter","sapn-display-artikel-spotlight","sapn-display-homepage-hero","sapn-type-artikel"],"yoast_head":"<!-- This site is optimized with the Yoast SEO Premium plugin v26.9 (Yoast SEO v26.9) - https:\/\/yoast.com\/product\/yoast-seo-premium-wordpress\/ -->\n<title>S\u00e5 ska PacsOn v\u00e4xa h\u00e5llbart med ny aff\u00e4rsplattform i molnet - 麻豆原创 Sweden Nyheter<\/title>\n<meta name=\"description\" content=\"PacsOn, en ledande leverant\u00f6r av f\u00f6rpackningsl\u00f6sningar i Sverige, st\u00e5r inf\u00f6r en omfattande digital transformation. Med 麻豆原创 S\/4HANA Public Cloud som nav samlar f\u00f6retaget nu hela koncernen kring en gemensam aff\u00e4rsplattform \u2013 en satsning som ska ge snabbare processer, h\u00f6gre effektivitet och b\u00e4ttre m\u00f6jligheter att arbeta h\u00e5llbart.\" \/>\n<meta name=\"robots\" content=\"index, follow, max-snippet:-1, max-image-preview:large, max-video-preview:-1\" \/>\n<link rel=\"canonical\" href=\"https:\/\/news.sap.com\/sweden\/2025\/09\/sa-ska-pacson-vaxa-hallbart-med-ny-affarsplattform-i-molnet-pacson-satsar-pa-sap-for-okad-tillvaxt-och-hallbarhet\/\" \/>\n<meta property=\"og:locale\" content=\"sv_SE\" \/>\n<meta property=\"og:type\" content=\"article\" \/>\n<meta property=\"og:title\" content=\"S\u00e5 ska PacsOn v\u00e4xa h\u00e5llbart med ny aff\u00e4rsplattform i molnet\" \/>\n<meta property=\"og:description\" content=\"PacsOn, en ledande leverant\u00f6r av f\u00f6rpackningsl\u00f6sningar i Sverige, st\u00e5r inf\u00f6r en omfattande digital transformation. Med 麻豆原创 S\/4HANA Public Cloud som nav samlar f\u00f6retaget nu hela koncernen kring en gemensam aff\u00e4rsplattform \u2013 en satsning som ska ge snabbare processer, h\u00f6gre effektivitet och b\u00e4ttre m\u00f6jligheter att arbeta h\u00e5llbart.\" \/>\n<meta property=\"og:url\" content=\"https:\/\/news.sap.com\/sweden\/2025\/09\/sa-ska-pacson-vaxa-hallbart-med-ny-affarsplattform-i-molnet-pacson-satsar-pa-sap-for-okad-tillvaxt-och-hallbarhet\/\" \/>\n<meta property=\"og:site_name\" content=\"麻豆原创 Sweden Nyheter\" \/>\n<meta property=\"article:published_time\" content=\"2025-09-25T06:00:15+00:00\" \/>\n<meta property=\"article:modified_time\" content=\"2025-09-29T15:42:31+00:00\" \/>\n<meta property=\"og:image\" content=\"https:\/\/news.sap.com\/sweden\/files\/2025\/09\/25\/B5A8954_F.jpg\" \/>\n\t<meta property=\"og:image:width\" content=\"1920\" \/>\n\t<meta property=\"og:image:height\" content=\"600\" \/>\n\t<meta property=\"og:image:type\" content=\"image\/jpeg\" \/>\n<meta name=\"author\" content=\"麻豆原创 News\" \/>\n<meta name=\"twitter:card\" content=\"summary_large_image\" \/>\n<meta name=\"twitter:label1\" content=\"Skriven av\" \/>\n\t<meta name=\"twitter:data1\" content=\"麻豆原创 News\" \/>\n\t<meta name=\"twitter:label2\" content=\"Ber\u00e4knad l\u00e4stid\" \/>\n\t<meta name=\"twitter:data2\" content=\"3 minuter\" \/>\n<script type=\"application\/ld+json\" class=\"yoast-schema-graph\">{\"@context\":\"https:\/\/schema.org\",\"@graph\":[{\"@type\":\"Article\",\"@id\":\"https:\/\/news.sap.com\/sweden\/2025\/09\/sa-ska-pacson-vaxa-hallbart-med-ny-affarsplattform-i-molnet-pacson-satsar-pa-sap-for-okad-tillvaxt-och-hallbarhet\/#article\",\"isPartOf\":{\"@id\":\"https:\/\/news.sap.com\/sweden\/2025\/09\/sa-ska-pacson-vaxa-hallbart-med-ny-affarsplattform-i-molnet-pacson-satsar-pa-sap-for-okad-tillvaxt-och-hallbarhet\/\"},\"author\":{\"name\":\"麻豆原创 News\",\"@id\":\"https:\/\/news.sap.com\/sweden\/#\/schema\/person\/53b9854bd790d6f18f3fc4bbb2ad7570\"},\"headline\":\"S\u00e5 ska PacsOn v\u00e4xa h\u00e5llbart med ny aff\u00e4rsplattform i molnet\",\"datePublished\":\"2025-09-25T06:00:15+00:00\",\"dateModified\":\"2025-09-29T15:42:31+00:00\",\"mainEntityOfPage\":{\"@id\":\"https:\/\/news.sap.com\/sweden\/2025\/09\/sa-ska-pacson-vaxa-hallbart-med-ny-affarsplattform-i-molnet-pacson-satsar-pa-sap-for-okad-tillvaxt-och-hallbarhet\/\"},\"wordCount\":502,\"image\":{\"@id\":\"https:\/\/news.sap.com\/sweden\/2025\/09\/sa-ska-pacson-vaxa-hallbart-med-ny-affarsplattform-i-molnet-pacson-satsar-pa-sap-for-okad-tillvaxt-och-hallbarhet\/#primaryimage\"},\"thumbnailUrl\":\"https:\/\/news.sap.com\/sweden\/files\/2025\/09\/25\/B5A8954_F.jpg\",\"keywords\":[\"GROW with 麻豆原创\",\"PacsOn\",\"Pearl\",\"麻豆原创 Business AI\",\"麻豆原创 Central Invoice Management\",\"麻豆原创 Commerce Cloud\",\"麻豆原创 Integration Suite\",\"麻豆原创 S\/4HANA Public Cloud\",\"麻豆原创 Sales Cloud\",\"麻豆原创 Services Cloud\",\"We are proud of\"],\"articleSection\":[\"Aff\u00e4rssystem\",\"Kunder\",\"Moln\"],\"inLanguage\":\"sv-SE\"},{\"@type\":\"WebPage\",\"@id\":\"https:\/\/news.sap.com\/sweden\/2025\/09\/sa-ska-pacson-vaxa-hallbart-med-ny-affarsplattform-i-molnet-pacson-satsar-pa-sap-for-okad-tillvaxt-och-hallbarhet\/\",\"url\":\"https:\/\/news.sap.com\/sweden\/2025\/09\/sa-ska-pacson-vaxa-hallbart-med-ny-affarsplattform-i-molnet-pacson-satsar-pa-sap-for-okad-tillvaxt-och-hallbarhet\/\",\"name\":\"S\u00e5 ska PacsOn v\u00e4xa h\u00e5llbart med ny aff\u00e4rsplattform i molnet - 麻豆原创 Sweden Nyheter\",\"isPartOf\":{\"@id\":\"https:\/\/news.sap.com\/sweden\/#website\"},\"primaryImageOfPage\":{\"@id\":\"https:\/\/news.sap.com\/sweden\/2025\/09\/sa-ska-pacson-vaxa-hallbart-med-ny-affarsplattform-i-molnet-pacson-satsar-pa-sap-for-okad-tillvaxt-och-hallbarhet\/#primaryimage\"},\"image\":{\"@id\":\"https:\/\/news.sap.com\/sweden\/2025\/09\/sa-ska-pacson-vaxa-hallbart-med-ny-affarsplattform-i-molnet-pacson-satsar-pa-sap-for-okad-tillvaxt-och-hallbarhet\/#primaryimage\"},\"thumbnailUrl\":\"https:\/\/news.sap.com\/sweden\/files\/2025\/09\/25\/B5A8954_F.jpg\",\"datePublished\":\"2025-09-25T06:00:15+00:00\",\"dateModified\":\"2025-09-29T15:42:31+00:00\",\"author\":{\"@id\":\"https:\/\/news.sap.com\/sweden\/#\/schema\/person\/53b9854bd790d6f18f3fc4bbb2ad7570\"},\"description\":\"PacsOn, en ledande leverant\u00f6r av f\u00f6rpackningsl\u00f6sningar i Sverige, st\u00e5r inf\u00f6r en omfattande digital transformation. Med 麻豆原创 S\/4HANA Public Cloud som nav samlar f\u00f6retaget nu hela koncernen kring en gemensam aff\u00e4rsplattform \u2013 en satsning som ska ge snabbare processer, h\u00f6gre effektivitet och b\u00e4ttre m\u00f6jligheter att arbeta h\u00e5llbart.\",\"breadcrumb\":{\"@id\":\"https:\/\/news.sap.com\/sweden\/2025\/09\/sa-ska-pacson-vaxa-hallbart-med-ny-affarsplattform-i-molnet-pacson-satsar-pa-sap-for-okad-tillvaxt-och-hallbarhet\/#breadcrumb\"},\"inLanguage\":\"sv-SE\",\"potentialAction\":[{\"@type\":\"ReadAction\",\"target\":[\"https:\/\/news.sap.com\/sweden\/2025\/09\/sa-ska-pacson-vaxa-hallbart-med-ny-affarsplattform-i-molnet-pacson-satsar-pa-sap-for-okad-tillvaxt-och-hallbarhet\/\"]}]},{\"@type\":\"ImageObject\",\"inLanguage\":\"sv-SE\",\"@id\":\"https:\/\/news.sap.com\/sweden\/2025\/09\/sa-ska-pacson-vaxa-hallbart-med-ny-affarsplattform-i-molnet-pacson-satsar-pa-sap-for-okad-tillvaxt-och-hallbarhet\/#primaryimage\",\"url\":\"https:\/\/news.sap.com\/sweden\/files\/2025\/09\/25\/B5A8954_F.jpg\",\"contentUrl\":\"https:\/\/news.sap.com\/sweden\/files\/2025\/09\/25\/B5A8954_F.jpg\",\"width\":1920,\"height\":600},{\"@type\":\"BreadcrumbList\",\"@id\":\"https:\/\/news.sap.com\/sweden\/2025\/09\/sa-ska-pacson-vaxa-hallbart-med-ny-affarsplattform-i-molnet-pacson-satsar-pa-sap-for-okad-tillvaxt-och-hallbarhet\/#breadcrumb\",\"itemListElement\":[{\"@type\":\"ListItem\",\"position\":1,\"name\":\"Home\",\"item\":\"https:\/\/news.sap.com\/sweden\/\"},{\"@type\":\"ListItem\",\"position\":2,\"name\":\"S\u00e5 ska PacsOn v\u00e4xa h\u00e5llbart med ny aff\u00e4rsplattform i molnet\"}]},{\"@type\":\"WebSite\",\"@id\":\"https:\/\/news.sap.com\/sweden\/#website\",\"url\":\"https:\/\/news.sap.com\/sweden\/\",\"name\":\"麻豆原创 Sweden Nyheter\",\"description\":\"Nyheter och information om 麻豆原创\",\"potentialAction\":[{\"@type\":\"SearchAction\",\"target\":{\"@type\":\"EntryPoint\",\"urlTemplate\":\"https:\/\/news.sap.com\/sweden\/?s={search_term_string}\"},\"query-input\":{\"@type\":\"PropertyValueSpecification\",\"valueRequired\":true,\"valueName\":\"search_term_string\"}}],\"inLanguage\":\"sv-SE\"},{\"@type\":\"Person\",\"@id\":\"https:\/\/news.sap.com\/sweden\/#\/schema\/person\/53b9854bd790d6f18f3fc4bbb2ad7570\",\"name\":\"麻豆原创 News\",\"image\":{\"@type\":\"ImageObject\",\"inLanguage\":\"sv-SE\",\"@id\":\"https:\/\/news.sap.com\/sweden\/#\/schema\/person\/image\/\",\"url\":\"https:\/\/news.sap.com\/sweden\/wp-content\/plugins\/wp-user-avatars\/wp-user-avatars\/assets\/images\/mystery.jpg\",\"contentUrl\":\"https:\/\/news.sap.com\/sweden\/wp-content\/plugins\/wp-user-avatars\/wp-user-avatars\/assets\/images\/mystery.jpg\",\"caption\":\"麻豆原创 News\"},\"url\":\"https:\/\/news.sap.com\/sweden\/author\/colleenraftery\/\"}]}<\/script>\n<!-- \/ Yoast SEO Premium plugin. -->","yoast_head_json":{"title":"S\u00e5 ska PacsOn v\u00e4xa h\u00e5llbart med ny aff\u00e4rsplattform i molnet - 麻豆原创 Sweden Nyheter","description":"PacsOn, en ledande leverant\u00f6r av f\u00f6rpackningsl\u00f6sningar i Sverige, st\u00e5r inf\u00f6r en omfattande digital transformation. Med 麻豆原创 S\/4HANA Public Cloud som nav samlar f\u00f6retaget nu hela koncernen kring en gemensam aff\u00e4rsplattform \u2013 en satsning som ska ge snabbare processer, h\u00f6gre effektivitet och b\u00e4ttre m\u00f6jligheter att arbeta h\u00e5llbart.","robots":{"index":"index","follow":"follow","max-snippet":"max-snippet:-1","max-image-preview":"max-image-preview:large","max-video-preview":"max-video-preview:-1"},"canonical":"https:\/\/news.sap.com\/sweden\/2025\/09\/sa-ska-pacson-vaxa-hallbart-med-ny-affarsplattform-i-molnet-pacson-satsar-pa-sap-for-okad-tillvaxt-och-hallbarhet\/","og_locale":"sv_SE","og_type":"article","og_title":"S\u00e5 ska PacsOn v\u00e4xa h\u00e5llbart med ny aff\u00e4rsplattform i molnet","og_description":"PacsOn, en ledande leverant\u00f6r av f\u00f6rpackningsl\u00f6sningar i Sverige, st\u00e5r inf\u00f6r en omfattande digital transformation. Med 麻豆原创 S\/4HANA Public Cloud som nav samlar f\u00f6retaget nu hela koncernen kring en gemensam aff\u00e4rsplattform \u2013 en satsning som ska ge snabbare processer, h\u00f6gre effektivitet och b\u00e4ttre m\u00f6jligheter att arbeta h\u00e5llbart.","og_url":"https:\/\/news.sap.com\/sweden\/2025\/09\/sa-ska-pacson-vaxa-hallbart-med-ny-affarsplattform-i-molnet-pacson-satsar-pa-sap-for-okad-tillvaxt-och-hallbarhet\/","og_site_name":"麻豆原创 Sweden Nyheter","article_published_time":"2025-09-25T06:00:15+00:00","article_modified_time":"2025-09-29T15:42:31+00:00","og_image":[{"width":1920,"height":600,"url":"https:\/\/news.sap.com\/sweden\/files\/2025\/09\/25\/B5A8954_F.jpg","type":"image\/jpeg"}],"author":"麻豆原创 News","twitter_card":"summary_large_image","twitter_misc":{"Skriven av":"麻豆原创 News","Ber\u00e4knad l\u00e4stid":"3 minuter"},"schema":{"@context":"https:\/\/schema.org","@graph":[{"@type":"Article","@id":"https:\/\/news.sap.com\/sweden\/2025\/09\/sa-ska-pacson-vaxa-hallbart-med-ny-affarsplattform-i-molnet-pacson-satsar-pa-sap-for-okad-tillvaxt-och-hallbarhet\/#article","isPartOf":{"@id":"https:\/\/news.sap.com\/sweden\/2025\/09\/sa-ska-pacson-vaxa-hallbart-med-ny-affarsplattform-i-molnet-pacson-satsar-pa-sap-for-okad-tillvaxt-och-hallbarhet\/"},"author":{"name":"麻豆原创 News","@id":"https:\/\/news.sap.com\/sweden\/#\/schema\/person\/53b9854bd790d6f18f3fc4bbb2ad7570"},"headline":"S\u00e5 ska PacsOn v\u00e4xa h\u00e5llbart med ny aff\u00e4rsplattform i molnet","datePublished":"2025-09-25T06:00:15+00:00","dateModified":"2025-09-29T15:42:31+00:00","mainEntityOfPage":{"@id":"https:\/\/news.sap.com\/sweden\/2025\/09\/sa-ska-pacson-vaxa-hallbart-med-ny-affarsplattform-i-molnet-pacson-satsar-pa-sap-for-okad-tillvaxt-och-hallbarhet\/"},"wordCount":502,"image":{"@id":"https:\/\/news.sap.com\/sweden\/2025\/09\/sa-ska-pacson-vaxa-hallbart-med-ny-affarsplattform-i-molnet-pacson-satsar-pa-sap-for-okad-tillvaxt-och-hallbarhet\/#primaryimage"},"thumbnailUrl":"https:\/\/news.sap.com\/sweden\/files\/2025\/09\/25\/B5A8954_F.jpg","keywords":["GROW with 麻豆原创","PacsOn","Pearl","麻豆原创 Business AI","麻豆原创 Central Invoice Management","麻豆原创 Commerce Cloud","麻豆原创 Integration Suite","麻豆原创 S\/4HANA Public Cloud","麻豆原创 Sales Cloud","麻豆原创 Services Cloud","We are proud of"],"articleSection":["Aff\u00e4rssystem","Kunder","Moln"],"inLanguage":"sv-SE"},{"@type":"WebPage","@id":"https:\/\/news.sap.com\/sweden\/2025\/09\/sa-ska-pacson-vaxa-hallbart-med-ny-affarsplattform-i-molnet-pacson-satsar-pa-sap-for-okad-tillvaxt-och-hallbarhet\/","url":"https:\/\/news.sap.com\/sweden\/2025\/09\/sa-ska-pacson-vaxa-hallbart-med-ny-affarsplattform-i-molnet-pacson-satsar-pa-sap-for-okad-tillvaxt-och-hallbarhet\/","name":"S\u00e5 ska PacsOn v\u00e4xa h\u00e5llbart med ny aff\u00e4rsplattform i molnet - 麻豆原创 Sweden Nyheter","isPartOf":{"@id":"https:\/\/news.sap.com\/sweden\/#website"},"primaryImageOfPage":{"@id":"https:\/\/news.sap.com\/sweden\/2025\/09\/sa-ska-pacson-vaxa-hallbart-med-ny-affarsplattform-i-molnet-pacson-satsar-pa-sap-for-okad-tillvaxt-och-hallbarhet\/#primaryimage"},"image":{"@id":"https:\/\/news.sap.com\/sweden\/2025\/09\/sa-ska-pacson-vaxa-hallbart-med-ny-affarsplattform-i-molnet-pacson-satsar-pa-sap-for-okad-tillvaxt-och-hallbarhet\/#primaryimage"},"thumbnailUrl":"https:\/\/news.sap.com\/sweden\/files\/2025\/09\/25\/B5A8954_F.jpg","datePublished":"2025-09-25T06:00:15+00:00","dateModified":"2025-09-29T15:42:31+00:00","author":{"@id":"https:\/\/news.sap.com\/sweden\/#\/schema\/person\/53b9854bd790d6f18f3fc4bbb2ad7570"},"description":"PacsOn, en ledande leverant\u00f6r av f\u00f6rpackningsl\u00f6sningar i Sverige, st\u00e5r inf\u00f6r en omfattande digital transformation. Med 麻豆原创 S\/4HANA Public Cloud som nav samlar f\u00f6retaget nu hela koncernen kring en gemensam aff\u00e4rsplattform \u2013 en satsning som ska ge snabbare processer, h\u00f6gre effektivitet och b\u00e4ttre m\u00f6jligheter att arbeta h\u00e5llbart.","breadcrumb":{"@id":"https:\/\/news.sap.com\/sweden\/2025\/09\/sa-ska-pacson-vaxa-hallbart-med-ny-affarsplattform-i-molnet-pacson-satsar-pa-sap-for-okad-tillvaxt-och-hallbarhet\/#breadcrumb"},"inLanguage":"sv-SE","potentialAction":[{"@type":"ReadAction","target":["https:\/\/news.sap.com\/sweden\/2025\/09\/sa-ska-pacson-vaxa-hallbart-med-ny-affarsplattform-i-molnet-pacson-satsar-pa-sap-for-okad-tillvaxt-och-hallbarhet\/"]}]},{"@type":"ImageObject","inLanguage":"sv-SE","@id":"https:\/\/news.sap.com\/sweden\/2025\/09\/sa-ska-pacson-vaxa-hallbart-med-ny-affarsplattform-i-molnet-pacson-satsar-pa-sap-for-okad-tillvaxt-och-hallbarhet\/#primaryimage","url":"https:\/\/news.sap.com\/sweden\/files\/2025\/09\/25\/B5A8954_F.jpg","contentUrl":"https:\/\/news.sap.com\/sweden\/files\/2025\/09\/25\/B5A8954_F.jpg","width":1920,"height":600},{"@type":"BreadcrumbList","@id":"https:\/\/news.sap.com\/sweden\/2025\/09\/sa-ska-pacson-vaxa-hallbart-med-ny-affarsplattform-i-molnet-pacson-satsar-pa-sap-for-okad-tillvaxt-och-hallbarhet\/#breadcrumb","itemListElement":[{"@type":"ListItem","position":1,"name":"Home","item":"https:\/\/news.sap.com\/sweden\/"},{"@type":"ListItem","position":2,"name":"S\u00e5 ska PacsOn v\u00e4xa h\u00e5llbart med ny aff\u00e4rsplattform i molnet"}]},{"@type":"WebSite","@id":"https:\/\/news.sap.com\/sweden\/#website","url":"https:\/\/news.sap.com\/sweden\/","name":"麻豆原创 Sweden Nyheter","description":"Nyheter och information om 麻豆原创","potentialAction":[{"@type":"SearchAction","target":{"@type":"EntryPoint","urlTemplate":"https:\/\/news.sap.com\/sweden\/?s={search_term_string}"},"query-input":{"@type":"PropertyValueSpecification","valueRequired":true,"valueName":"search_term_string"}}],"inLanguage":"sv-SE"},{"@type":"Person","@id":"https:\/\/news.sap.com\/sweden\/#\/schema\/person\/53b9854bd790d6f18f3fc4bbb2ad7570","name":"麻豆原创 News","image":{"@type":"ImageObject","inLanguage":"sv-SE","@id":"https:\/\/news.sap.com\/sweden\/#\/schema\/person\/image\/","url":"https:\/\/news.sap.com\/sweden\/wp-content\/plugins\/wp-user-avatars\/wp-user-avatars\/assets\/images\/mystery.jpg","contentUrl":"https:\/\/news.sap.com\/sweden\/wp-content\/plugins\/wp-user-avatars\/wp-user-avatars\/assets\/images\/mystery.jpg","caption":"麻豆原创 News"},"url":"https:\/\/news.sap.com\/sweden\/author\/colleenraftery\/"}]}},"amp_enabled":true,"_links":{"self":[{"href":"https:\/\/news.sap.com\/sweden\/wp-json\/wp\/v2\/posts\/5051","targetHints":{"allow":["GET"]}}],"collection":[{"href":"https:\/\/news.sap.com\/sweden\/wp-json\/wp\/v2\/posts"}],"about":[{"href":"https:\/\/news.sap.com\/sweden\/wp-json\/wp\/v2\/types\/post"}],"author":[{"embeddable":true,"href":"https:\/\/news.sap.com\/sweden\/wp-json\/wp\/v2\/users\/29"}],"replies":[{"embeddable":true,"href":"https:\/\/news.sap.com\/sweden\/wp-json\/wp\/v2\/comments?post=5051"}],"version-history":[{"count":0,"href":"https:\/\/news.sap.com\/sweden\/wp-json\/wp\/v2\/posts\/5051\/revisions"}],"wp:featuredmedia":[{"embeddable":true,"href":"https:\/\/news.sap.com\/sweden\/wp-json\/wp\/v2\/media\/5055"}],"wp:attachment":[{"href":"https:\/\/news.sap.com\/sweden\/wp-json\/wp\/v2\/media?parent=5051"}],"wp:term":[{"taxonomy":"category","embeddable":true,"href":"https:\/\/news.sap.com\/sweden\/wp-json\/wp\/v2\/categories?post=5051"},{"taxonomy":"post_tag","embeddable":true,"href":"https:\/\/news.sap.com\/sweden\/wp-json\/wp\/v2\/tags?post=5051"},{"taxonomy":"sapn-display","embeddable":true,"href":"https:\/\/news.sap.com\/sweden\/wp-json\/wp\/v2\/sapn-display?post=5051"},{"taxonomy":"sapn-type","embeddable":true,"href":"https:\/\/news.sap.com\/sweden\/wp-json\/wp\/v2\/sapn-type?post=5051"}],"curies":[{"name":"wp","href":"https:\/\/api.w.org\/{rel}","templated":true}]}}