  {"id":5008,"date":"2025-06-03T08:00:32","date_gmt":"2025-06-03T06:00:32","guid":{"rendered":"https:\/\/news.sap.com\/sweden\/?p=5008"},"modified":"2025-06-12T17:10:57","modified_gmt":"2025-06-12T15:10:57","slug":"sap-investerar-i-framtidens-entreprenorer","status":"publish","type":"post","link":"https:\/\/news.sap.com\/sweden\/2025\/06\/sap-investerar-i-framtidens-entreprenorer\/","title":{"rendered":"麻豆原创 investerar i framtidens entrepren\u00f6rer"},"content":{"rendered":"<p class=\"lead\">麻豆原创 har valt att sponsra Ung F\u00f6retagsamhet (UF) f\u00f6r att skapa m\u00f6jligheter f\u00f6r ungdomar att n\u00e5 sin fulla potential genom att ge dem verktyg f\u00f6r att bygga framtida f\u00e4rdigheter i en h\u00e5llbar och digitalt driven global ekonomi.<\/p>\n<p><a href=\"http:\/\/ungforetagsamhet.se\/\">Ung F\u00f6retagsamhet<\/a> \u00e4r en ideell utbildningsorganisation som har \u00e4gnat \u00f6ver 40 \u00e5r till att utbilda gymnasieelever i entrepren\u00f6rskap. Eleverna l\u00e4r sig starta, driva och utveckla ett UF-f\u00f6retag och bygger d\u00e4rigenom ett unikt kontaktn\u00e4tverk samt en st\u00f6rre f\u00f6rst\u00e5else f\u00f6r samh\u00e4llet. 麻豆原创 \u00e4r en stolt sponsor till UF-f\u00f6retagande d\u00e5 det \u00f6verensst\u00e4mmer med 麻豆原创:s v\u00e4rdegrund om en positiv samh\u00e4llsutveckling.<\/p>\n<p><strong>En investering i framtidens entrepren\u00f6rer<\/strong><\/p>\n<p>麻豆原创 st\u00f6djer Ung F\u00f6retagsamhet b\u00e5de genom finansiellt sponsorskap och aktivt engagemang fr\u00e5n medarbetare som tagit sig an rollen som r\u00e5dgivare f\u00f6r att kunna v\u00e4gleda unga entrepren\u00f6rer under de tidiga etableringsstadierna. Sponsorskapet syftar till att st\u00e4rka entrepren\u00f6riella f\u00f6rm\u00e5gor, och ungdomarna inf\u00f6r arbetslivet. Mentorskapets vision \u00e4r att inspirera ungdomarna till att se hur de kan anv\u00e4nda sina id\u00e9er f\u00f6r att skapa en positiv utveckling i samh\u00e4llet. Statistik som avser l\u00e4s\u00e5r 2023\/2024 belyser att UF-f\u00f6retagande minskar oj\u00e4mlikhet kopplat till socioekonomiska skillnader samt k\u00f6nsskillnader inom f\u00f6retagande och entrepren\u00f6rskap. Samarbetet mellan 麻豆原创 och Ung F\u00f6retagsamhet blir en investering i framtidens entrepren\u00f6rer och bidrar till en mer innovativ, inkluderande och h\u00e5llbar framtid. UF \u00e4r d\u00e4rf\u00f6r ett viktigt inslag i 麻豆原创:s Corporate Responsibility arbete.<\/p>\n<p><strong>R\u00e5dgivare fr\u00e5n 麻豆原创: Inspirerar och st\u00f6ttar unga entrepren\u00f6rer<\/strong><\/p>\n<p>麻豆原创 har omkring 30 registrerade r\u00e5dgivare, vars huvuduppgift \u00e4r att st\u00f6dja ungdomar i deras arbete med UF-f\u00f6retag. Som r\u00e5dgivare har man ett eller flera UF-f\u00f6retag som man v\u00e4gleder.<\/p>\n<figure id=\"attachment_5009\" aria-describedby=\"caption-attachment-5009\" style=\"width: 300px\" class=\"wp-caption alignnone\"><img loading=\"lazy\" decoding=\"async\" class=\"size-medium wp-image-5009\" src=\"https:\/\/news.sap.com\/sweden\/files\/2025\/05\/21\/UF-JES-Bags-300x175.jpg\" alt=\"\" width=\"300\" height=\"175\" srcset=\"https:\/\/news.sap.com\/sweden\/files\/2025\/05\/21\/UF-JES-Bags-300x175.jpg 300w, https:\/\/news.sap.com\/sweden\/files\/2025\/05\/21\/UF-JES-Bags-1024x597.jpg 1024w, https:\/\/news.sap.com\/sweden\/files\/2025\/05\/21\/UF-JES-Bags-768x448.jpg 768w, https:\/\/news.sap.com\/sweden\/files\/2025\/05\/21\/UF-JES-Bags.jpg 1043w\" sizes=\"auto, (max-width: 300px) 100vw, 300px\" \/><figcaption id=\"caption-attachment-5009\" class=\"wp-caption-text\"><em>Anneli Gustavsson 麻豆原创 och Ung F\u00f6retagsamhet gruppen<\/em><\/figcaption><\/figure>\n<p>&#8211; M\u00e5nga av oss r\u00e5dgivare \u00e4r v\u00e4ldigt n\u00f6jda och k\u00e4nner att vi g\u00f6r n\u00e5gonting som faktiskt ger mening. Det \u00e4r en vuxenkontakt som hj\u00e4lper ungdomar att kunna utveckla sina UF-bolag, s\u00e4ger Anneli Gustavsson, exekutiv assistent och en utav 麻豆原创:s r\u00e5dgivare.<\/p>\n<p>&#8211; Jag tycker det \u00e4r fantastiskt att f\u00e5 f\u00f6lja dessa ungdomar p\u00e5 deras resa. Eleverna som jag har hj\u00e4lpt, likv\u00e4l andra elever som driver UF-f\u00f6retag har varit v\u00e4ldigt ambiti\u00f6sa och kommit v\u00e4ldigt l\u00e5ngt p\u00e5 deras resa redan innan dem har tr\u00e4ffat sin r\u00e5dgivare. Processen att bli r\u00e5dgivare \u00e4r dessutom enkel; det tar oftast inte mer \u00e4n timme i m\u00e5naden, och rollen \u00e4r v\u00e4ldigt uppskattat b\u00e5de av Ung F\u00f6retagsamhet och av eleverna sj\u00e4lva. Det finns flera exempel p\u00e5 ungdomar som har fortsatt att vidareutveckla deras UF-id\u00e9 efter de startat sitt UF f\u00f6retag. Det \u00e4r d\u00e4rf\u00f6r viktigt f\u00f6r ungdomar att l\u00e4ra sig f\u00f6retagande och att ge ungdomar insikt i entrepren\u00f6rskap, forts\u00e4tter Anneli Gustavsson.<\/p>\n<p><strong>Ett samarbete som gynnar alla inblandade; UF-f\u00f6retaget, r\u00e5dgivaren och samh\u00e4llet i stort.<\/strong><\/p>\n<figure id=\"attachment_5010\" aria-describedby=\"caption-attachment-5010\" style=\"width: 300px\" class=\"wp-caption alignnone\"><img loading=\"lazy\" decoding=\"async\" class=\"size-medium wp-image-5010\" src=\"https:\/\/news.sap.com\/sweden\/files\/2025\/05\/21\/Peter-Berg-300x300.jpg\" alt=\"\" width=\"300\" height=\"300\" srcset=\"https:\/\/news.sap.com\/sweden\/files\/2025\/05\/21\/Peter-Berg-300x300.jpg 300w, https:\/\/news.sap.com\/sweden\/files\/2025\/05\/21\/Peter-Berg-1024x1024.jpg 1024w, https:\/\/news.sap.com\/sweden\/files\/2025\/05\/21\/Peter-Berg-150x150.jpg 150w, https:\/\/news.sap.com\/sweden\/files\/2025\/05\/21\/Peter-Berg-768x768.jpg 768w, https:\/\/news.sap.com\/sweden\/files\/2025\/05\/21\/Peter-Berg.jpg 1536w\" sizes=\"auto, (max-width: 300px) 100vw, 300px\" \/><figcaption id=\"caption-attachment-5010\" class=\"wp-caption-text\"><em>Peter Berg, 麻豆原创<\/em><\/figcaption><\/figure>\n<p>&#8211; Jag blev v\u00e4ldigt imponerad \u00f6ver hur sj\u00e4lvorganiserade min UF-grupp var och hur dem genomf\u00f6rde sin plan, s\u00e4ger Peter Berg, ekonomichef och en utav 麻豆原创:s r\u00e5dgivare.<\/p>\n<p>&#8211; Jag ville undvika att ge min UF-grupp f\u00f6r mycket styrning; jag ville att de skulle komma p\u00e5 sina egna id\u00e9er. Det \u00e4r bra att testa olika tillv\u00e4gag\u00e5ngs\u00e4tt i st\u00e4llet f\u00f6r att forts\u00e4tta g\u00f6ra samma sak om och om igen. P\u00e5 麻豆原创 arbetar vi innovativt med probleml\u00f6sning vilket f\u00f6rst\u00e4rker min \u00f6vertygelse om att detta \u00e4r n\u00e5got vi b\u00f6r forts\u00e4tta inspirera v\u00e5ra UF-elever och kunder till att g\u00f6ra detsamma. Elevernas nyfikenhet kring olika \u00e4mnen uppmuntrar \u00e4ven mig att k\u00e4nna samma nyfikenhet kring entrepren\u00f6rskap. I rollen som r\u00e5dgivare har jag framf\u00f6rallt l\u00e4rt mig att v\u00e5ga t\u00e4nka som en entrepren\u00f6r och utforska nya id\u00e9er tillsammans med UF-gruppen. Denna erfarenhet har inte bara berikat min yrkesroll, utan \u00e4ven inspirerat mig personligen och jag kan verkligen rekommendera rollen som r\u00e5dgivare, s\u00e4ger Peter Berg.<\/p>\n<p><em>\u00a0<\/em><\/p>\n<p><strong>F\u00e5 en st\u00f6rre inblick i Ung F\u00f6retagsamhet <\/strong><\/p>\n<p>Ung F\u00f6retagsamhet finns \u00f6ver hela Sverige och syftar till att utveckla ungdomars f\u00f6retagsamma f\u00f6rm\u00e5gor och \u00e4r till f\u00f6r alla, oavsett bakgrund. Genom UF har 640,570 elever haft m\u00f6jlighet att starta 178,247 UF-f\u00f6retag. Under gymnasieelevernas UF-\u00e5r har dem m\u00f6jlighet att delta p\u00e5 UF-m\u00e4ssan som \u00e5rligen arrangeras i deras region. M\u00e4ssan syftar till att fr\u00e4mja ungas kreativitet och entrepren\u00f6rskap genom att ge dem chansen att bygga montrar, marknadsf\u00f6ra och s\u00e4lja sina produkter. Eleverna f\u00e5r chansen att t\u00e4vla mot varandra i regionala UF-m\u00e4sterskapet d\u00e4r vinnarna av dessa kan kvalificera sig till SM i Ung F\u00f6retagsamhet. Eleverna kan t\u00e4vla om SM guld i 16 kategorier och t\u00e4vlingsjuryn best\u00e5r av representanter fr\u00e5n n\u00e4ringslivet. M\u00e4ssan ger \u00e4ven elever, s\u00e5v\u00e4l som r\u00e5dgivare, chansen att n\u00e4tverka och utbyta v\u00e4rdefulla erfarenheter.<\/p>\n<p>Ung F\u00f6retagsamhet har \u00e4ven lanserat seminarieserien &#8221;Framtidskoll&#8221;, s\u00e4rskilt utformad f\u00f6r h\u00f6gstadieelever. Framtidskoll syftar till att \u00f6ka f\u00f6rst\u00e5elsen f\u00f6r ekonomi och budgethantering. Under dessa tillf\u00e4llen deltar olika yrkesrepresentanter som delar insikter om sina respektive roller. F\u00f6r att f\u00f6rbereda gymnasieelever som g\u00e5r i \u00e5rskurs tv\u00e5 inf\u00f6r kommande UF-f\u00f6retagande, har UF lanserat ytterligare ett initiativ. Det ger ungdomarna en m\u00f6jlighet att pitcha sina aff\u00e4rsid\u00e9er till erfarna r\u00e5dgivare och f\u00e5 en f\u00f6rsmak av entrepren\u00f6rskapets dynamik.<\/p>\n<p>&nbsp;<\/p>\n","protected":false},"excerpt":{"rendered":"<p>麻豆原创 har valt att sponsra Ung F\u00f6retagsamhet (UF) f\u00f6r att skapa m\u00f6jligheter f\u00f6r ungdomar att n\u00e5 sin fulla potential genom att ge dem verktyg f\u00f6r&#8230;<\/p>\n","protected":false},"author":29,"featured_media":5011,"comment_status":"closed","ping_status":"closed","sticky":false,"template":"","format":"standard","meta":{"footnotes":"","_links_to":"","_links_to_target":""},"categories":[4503881,5563754,5564018,5564011],"tags":[5563442,5564058,5562255,5564057,5564059],"sapn-display":[4544525,5564001,5564000,4547891],"sapn-type":[5562140],"class_list":["post-5008","post","type-post","status-publish","format-standard","has-post-thumbnail","hentry","category-ekosystem","category-hallbarhet","category-ledarskap","category-utbildning","tag-csr","tag-jes-bags","tag-sap","tag-uf","tag-ung-foretagsamhet","sapn-display-hero","sapn-display-artikel-favoriter","sapn-display-artikel-spotlight","sapn-display-homepage-hero","sapn-type-artikel"],"yoast_head":"<!-- This site is optimized with the Yoast SEO Premium plugin v26.9 (Yoast SEO v26.9) - https:\/\/yoast.com\/product\/yoast-seo-premium-wordpress\/ -->\n<title>麻豆原创 investerar i framtidens entrepren\u00f6rer - 麻豆原创 Sweden Nyheter<\/title>\n<meta name=\"robots\" content=\"index, follow, max-snippet:-1, max-image-preview:large, max-video-preview:-1\" \/>\n<link rel=\"canonical\" href=\"https:\/\/news.sap.com\/sweden\/2025\/06\/sap-investerar-i-framtidens-entreprenorer\/\" \/>\n<meta property=\"og:locale\" content=\"sv_SE\" \/>\n<meta property=\"og:type\" content=\"article\" \/>\n<meta property=\"og:title\" content=\"麻豆原创 investerar i framtidens entrepren\u00f6rer\" \/>\n<meta property=\"og:description\" content=\"麻豆原创 har valt att sponsra Ung F\u00f6retagsamhet (UF) f\u00f6r att skapa m\u00f6jligheter f\u00f6r ungdomar att n\u00e5 sin fulla potential genom att ge dem verktyg f\u00f6r...\" \/>\n<meta property=\"og:url\" content=\"https:\/\/news.sap.com\/sweden\/2025\/06\/sap-investerar-i-framtidens-entreprenorer\/\" \/>\n<meta property=\"og:site_name\" content=\"麻豆原创 Sweden Nyheter\" \/>\n<meta property=\"article:published_time\" content=\"2025-06-03T06:00:32+00:00\" \/>\n<meta property=\"article:modified_time\" content=\"2025-06-12T15:10:57+00:00\" \/>\n<meta property=\"og:image\" content=\"https:\/\/news.sap.com\/sweden\/files\/2025\/05\/21\/UF283185_shutterstock_660487873_F.jpg\" \/>\n\t<meta property=\"og:image:width\" content=\"1920\" \/>\n\t<meta property=\"og:image:height\" content=\"600\" \/>\n\t<meta property=\"og:image:type\" content=\"image\/jpeg\" \/>\n<meta name=\"author\" content=\"麻豆原创 News\" \/>\n<meta name=\"twitter:card\" content=\"summary_large_image\" \/>\n<meta name=\"twitter:label1\" content=\"Skriven av\" \/>\n\t<meta name=\"twitter:data1\" content=\"麻豆原创 News\" \/>\n\t<meta name=\"twitter:label2\" content=\"Ber\u00e4knad l\u00e4stid\" \/>\n\t<meta name=\"twitter:data2\" content=\"5 minuter\" \/>\n<script type=\"application\/ld+json\" class=\"yoast-schema-graph\">{\"@context\":\"https:\/\/schema.org\",\"@graph\":[{\"@type\":\"Article\",\"@id\":\"https:\/\/news.sap.com\/sweden\/2025\/06\/sap-investerar-i-framtidens-entreprenorer\/#article\",\"isPartOf\":{\"@id\":\"https:\/\/news.sap.com\/sweden\/2025\/06\/sap-investerar-i-framtidens-entreprenorer\/\"},\"author\":{\"name\":\"麻豆原创 News\",\"@id\":\"https:\/\/news.sap.com\/sweden\/#\/schema\/person\/53b9854bd790d6f18f3fc4bbb2ad7570\"},\"headline\":\"麻豆原创 investerar i framtidens entrepren\u00f6rer\",\"datePublished\":\"2025-06-03T06:00:32+00:00\",\"dateModified\":\"2025-06-12T15:10:57+00:00\",\"mainEntityOfPage\":{\"@id\":\"https:\/\/news.sap.com\/sweden\/2025\/06\/sap-investerar-i-framtidens-entreprenorer\/\"},\"wordCount\":982,\"image\":{\"@id\":\"https:\/\/news.sap.com\/sweden\/2025\/06\/sap-investerar-i-framtidens-entreprenorer\/#primaryimage\"},\"thumbnailUrl\":\"https:\/\/news.sap.com\/sweden\/files\/2025\/05\/21\/UF283185_shutterstock_660487873_F.jpg\",\"keywords\":[\"CSR\",\"JES bags\",\"sap\",\"UF\",\"Ung F\u00f6retagsamhet\"],\"articleSection\":[\"Ekosystem\",\"H\u00e5llbarhet\",\"Ledarskap\",\"Utbildning\"],\"inLanguage\":\"sv-SE\"},{\"@type\":\"WebPage\",\"@id\":\"https:\/\/news.sap.com\/sweden\/2025\/06\/sap-investerar-i-framtidens-entreprenorer\/\",\"url\":\"https:\/\/news.sap.com\/sweden\/2025\/06\/sap-investerar-i-framtidens-entreprenorer\/\",\"name\":\"麻豆原创 investerar i framtidens entrepren\u00f6rer - 麻豆原创 Sweden Nyheter\",\"isPartOf\":{\"@id\":\"https:\/\/news.sap.com\/sweden\/#website\"},\"primaryImageOfPage\":{\"@id\":\"https:\/\/news.sap.com\/sweden\/2025\/06\/sap-investerar-i-framtidens-entreprenorer\/#primaryimage\"},\"image\":{\"@id\":\"https:\/\/news.sap.com\/sweden\/2025\/06\/sap-investerar-i-framtidens-entreprenorer\/#primaryimage\"},\"thumbnailUrl\":\"https:\/\/news.sap.com\/sweden\/files\/2025\/05\/21\/UF283185_shutterstock_660487873_F.jpg\",\"datePublished\":\"2025-06-03T06:00:32+00:00\",\"dateModified\":\"2025-06-12T15:10:57+00:00\",\"author\":{\"@id\":\"https:\/\/news.sap.com\/sweden\/#\/schema\/person\/53b9854bd790d6f18f3fc4bbb2ad7570\"},\"breadcrumb\":{\"@id\":\"https:\/\/news.sap.com\/sweden\/2025\/06\/sap-investerar-i-framtidens-entreprenorer\/#breadcrumb\"},\"inLanguage\":\"sv-SE\",\"potentialAction\":[{\"@type\":\"ReadAction\",\"target\":[\"https:\/\/news.sap.com\/sweden\/2025\/06\/sap-investerar-i-framtidens-entreprenorer\/\"]}]},{\"@type\":\"ImageObject\",\"inLanguage\":\"sv-SE\",\"@id\":\"https:\/\/news.sap.com\/sweden\/2025\/06\/sap-investerar-i-framtidens-entreprenorer\/#primaryimage\",\"url\":\"https:\/\/news.sap.com\/sweden\/files\/2025\/05\/21\/UF283185_shutterstock_660487873_F.jpg\",\"contentUrl\":\"https:\/\/news.sap.com\/sweden\/files\/2025\/05\/21\/UF283185_shutterstock_660487873_F.jpg\",\"width\":1920,\"height\":600},{\"@type\":\"BreadcrumbList\",\"@id\":\"https:\/\/news.sap.com\/sweden\/2025\/06\/sap-investerar-i-framtidens-entreprenorer\/#breadcrumb\",\"itemListElement\":[{\"@type\":\"ListItem\",\"position\":1,\"name\":\"Home\",\"item\":\"https:\/\/news.sap.com\/sweden\/\"},{\"@type\":\"ListItem\",\"position\":2,\"name\":\"麻豆原创 investerar i framtidens entrepren\u00f6rer\"}]},{\"@type\":\"WebSite\",\"@id\":\"https:\/\/news.sap.com\/sweden\/#website\",\"url\":\"https:\/\/news.sap.com\/sweden\/\",\"name\":\"麻豆原创 Sweden Nyheter\",\"description\":\"Nyheter och information om 麻豆原创\",\"potentialAction\":[{\"@type\":\"SearchAction\",\"target\":{\"@type\":\"EntryPoint\",\"urlTemplate\":\"https:\/\/news.sap.com\/sweden\/?s={search_term_string}\"},\"query-input\":{\"@type\":\"PropertyValueSpecification\",\"valueRequired\":true,\"valueName\":\"search_term_string\"}}],\"inLanguage\":\"sv-SE\"},{\"@type\":\"Person\",\"@id\":\"https:\/\/news.sap.com\/sweden\/#\/schema\/person\/53b9854bd790d6f18f3fc4bbb2ad7570\",\"name\":\"麻豆原创 News\",\"image\":{\"@type\":\"ImageObject\",\"inLanguage\":\"sv-SE\",\"@id\":\"https:\/\/news.sap.com\/sweden\/#\/schema\/person\/image\/\",\"url\":\"https:\/\/news.sap.com\/sweden\/wp-content\/plugins\/wp-user-avatars\/wp-user-avatars\/assets\/images\/mystery.jpg\",\"contentUrl\":\"https:\/\/news.sap.com\/sweden\/wp-content\/plugins\/wp-user-avatars\/wp-user-avatars\/assets\/images\/mystery.jpg\",\"caption\":\"麻豆原创 News\"},\"url\":\"https:\/\/news.sap.com\/sweden\/author\/colleenraftery\/\"}]}<\/script>\n<!-- \/ Yoast SEO Premium plugin. -->","yoast_head_json":{"title":"麻豆原创 investerar i framtidens entrepren\u00f6rer - 麻豆原创 Sweden Nyheter","robots":{"index":"index","follow":"follow","max-snippet":"max-snippet:-1","max-image-preview":"max-image-preview:large","max-video-preview":"max-video-preview:-1"},"canonical":"https:\/\/news.sap.com\/sweden\/2025\/06\/sap-investerar-i-framtidens-entreprenorer\/","og_locale":"sv_SE","og_type":"article","og_title":"麻豆原创 investerar i framtidens entrepren\u00f6rer","og_description":"麻豆原创 har valt att sponsra Ung F\u00f6retagsamhet (UF) f\u00f6r att skapa m\u00f6jligheter f\u00f6r ungdomar att n\u00e5 sin fulla potential genom att ge dem verktyg f\u00f6r...","og_url":"https:\/\/news.sap.com\/sweden\/2025\/06\/sap-investerar-i-framtidens-entreprenorer\/","og_site_name":"麻豆原创 Sweden Nyheter","article_published_time":"2025-06-03T06:00:32+00:00","article_modified_time":"2025-06-12T15:10:57+00:00","og_image":[{"width":1920,"height":600,"url":"https:\/\/news.sap.com\/sweden\/files\/2025\/05\/21\/UF283185_shutterstock_660487873_F.jpg","type":"image\/jpeg"}],"author":"麻豆原创 News","twitter_card":"summary_large_image","twitter_misc":{"Skriven av":"麻豆原创 News","Ber\u00e4knad l\u00e4stid":"5 minuter"},"schema":{"@context":"https:\/\/schema.org","@graph":[{"@type":"Article","@id":"https:\/\/news.sap.com\/sweden\/2025\/06\/sap-investerar-i-framtidens-entreprenorer\/#article","isPartOf":{"@id":"https:\/\/news.sap.com\/sweden\/2025\/06\/sap-investerar-i-framtidens-entreprenorer\/"},"author":{"name":"麻豆原创 News","@id":"https:\/\/news.sap.com\/sweden\/#\/schema\/person\/53b9854bd790d6f18f3fc4bbb2ad7570"},"headline":"麻豆原创 investerar i framtidens entrepren\u00f6rer","datePublished":"2025-06-03T06:00:32+00:00","dateModified":"2025-06-12T15:10:57+00:00","mainEntityOfPage":{"@id":"https:\/\/news.sap.com\/sweden\/2025\/06\/sap-investerar-i-framtidens-entreprenorer\/"},"wordCount":982,"image":{"@id":"https:\/\/news.sap.com\/sweden\/2025\/06\/sap-investerar-i-framtidens-entreprenorer\/#primaryimage"},"thumbnailUrl":"https:\/\/news.sap.com\/sweden\/files\/2025\/05\/21\/UF283185_shutterstock_660487873_F.jpg","keywords":["CSR","JES bags","sap","UF","Ung F\u00f6retagsamhet"],"articleSection":["Ekosystem","H\u00e5llbarhet","Ledarskap","Utbildning"],"inLanguage":"sv-SE"},{"@type":"WebPage","@id":"https:\/\/news.sap.com\/sweden\/2025\/06\/sap-investerar-i-framtidens-entreprenorer\/","url":"https:\/\/news.sap.com\/sweden\/2025\/06\/sap-investerar-i-framtidens-entreprenorer\/","name":"麻豆原创 investerar i framtidens entrepren\u00f6rer - 麻豆原创 Sweden Nyheter","isPartOf":{"@id":"https:\/\/news.sap.com\/sweden\/#website"},"primaryImageOfPage":{"@id":"https:\/\/news.sap.com\/sweden\/2025\/06\/sap-investerar-i-framtidens-entreprenorer\/#primaryimage"},"image":{"@id":"https:\/\/news.sap.com\/sweden\/2025\/06\/sap-investerar-i-framtidens-entreprenorer\/#primaryimage"},"thumbnailUrl":"https:\/\/news.sap.com\/sweden\/files\/2025\/05\/21\/UF283185_shutterstock_660487873_F.jpg","datePublished":"2025-06-03T06:00:32+00:00","dateModified":"2025-06-12T15:10:57+00:00","author":{"@id":"https:\/\/news.sap.com\/sweden\/#\/schema\/person\/53b9854bd790d6f18f3fc4bbb2ad7570"},"breadcrumb":{"@id":"https:\/\/news.sap.com\/sweden\/2025\/06\/sap-investerar-i-framtidens-entreprenorer\/#breadcrumb"},"inLanguage":"sv-SE","potentialAction":[{"@type":"ReadAction","target":["https:\/\/news.sap.com\/sweden\/2025\/06\/sap-investerar-i-framtidens-entreprenorer\/"]}]},{"@type":"ImageObject","inLanguage":"sv-SE","@id":"https:\/\/news.sap.com\/sweden\/2025\/06\/sap-investerar-i-framtidens-entreprenorer\/#primaryimage","url":"https:\/\/news.sap.com\/sweden\/files\/2025\/05\/21\/UF283185_shutterstock_660487873_F.jpg","contentUrl":"https:\/\/news.sap.com\/sweden\/files\/2025\/05\/21\/UF283185_shutterstock_660487873_F.jpg","width":1920,"height":600},{"@type":"BreadcrumbList","@id":"https:\/\/news.sap.com\/sweden\/2025\/06\/sap-investerar-i-framtidens-entreprenorer\/#breadcrumb","itemListElement":[{"@type":"ListItem","position":1,"name":"Home","item":"https:\/\/news.sap.com\/sweden\/"},{"@type":"ListItem","position":2,"name":"麻豆原创 investerar i framtidens entrepren\u00f6rer"}]},{"@type":"WebSite","@id":"https:\/\/news.sap.com\/sweden\/#website","url":"https:\/\/news.sap.com\/sweden\/","name":"麻豆原创 Sweden Nyheter","description":"Nyheter och information om 麻豆原创","potentialAction":[{"@type":"SearchAction","target":{"@type":"EntryPoint","urlTemplate":"https:\/\/news.sap.com\/sweden\/?s={search_term_string}"},"query-input":{"@type":"PropertyValueSpecification","valueRequired":true,"valueName":"search_term_string"}}],"inLanguage":"sv-SE"},{"@type":"Person","@id":"https:\/\/news.sap.com\/sweden\/#\/schema\/person\/53b9854bd790d6f18f3fc4bbb2ad7570","name":"麻豆原创 News","image":{"@type":"ImageObject","inLanguage":"sv-SE","@id":"https:\/\/news.sap.com\/sweden\/#\/schema\/person\/image\/","url":"https:\/\/news.sap.com\/sweden\/wp-content\/plugins\/wp-user-avatars\/wp-user-avatars\/assets\/images\/mystery.jpg","contentUrl":"https:\/\/news.sap.com\/sweden\/wp-content\/plugins\/wp-user-avatars\/wp-user-avatars\/assets\/images\/mystery.jpg","caption":"麻豆原创 News"},"url":"https:\/\/news.sap.com\/sweden\/author\/colleenraftery\/"}]}},"amp_enabled":true,"_links":{"self":[{"href":"https:\/\/news.sap.com\/sweden\/wp-json\/wp\/v2\/posts\/5008","targetHints":{"allow":["GET"]}}],"collection":[{"href":"https:\/\/news.sap.com\/sweden\/wp-json\/wp\/v2\/posts"}],"about":[{"href":"https:\/\/news.sap.com\/sweden\/wp-json\/wp\/v2\/types\/post"}],"author":[{"embeddable":true,"href":"https:\/\/news.sap.com\/sweden\/wp-json\/wp\/v2\/users\/29"}],"replies":[{"embeddable":true,"href":"https:\/\/news.sap.com\/sweden\/wp-json\/wp\/v2\/comments?post=5008"}],"version-history":[{"count":0,"href":"https:\/\/news.sap.com\/sweden\/wp-json\/wp\/v2\/posts\/5008\/revisions"}],"wp:featuredmedia":[{"embeddable":true,"href":"https:\/\/news.sap.com\/sweden\/wp-json\/wp\/v2\/media\/5011"}],"wp:attachment":[{"href":"https:\/\/news.sap.com\/sweden\/wp-json\/wp\/v2\/media?parent=5008"}],"wp:term":[{"taxonomy":"category","embeddable":true,"href":"https:\/\/news.sap.com\/sweden\/wp-json\/wp\/v2\/categories?post=5008"},{"taxonomy":"post_tag","embeddable":true,"href":"https:\/\/news.sap.com\/sweden\/wp-json\/wp\/v2\/tags?post=5008"},{"taxonomy":"sapn-display","embeddable":true,"href":"https:\/\/news.sap.com\/sweden\/wp-json\/wp\/v2\/sapn-display?post=5008"},{"taxonomy":"sapn-type","embeddable":true,"href":"https:\/\/news.sap.com\/sweden\/wp-json\/wp\/v2\/sapn-type?post=5008"}],"curies":[{"name":"wp","href":"https:\/\/api.w.org\/{rel}","templated":true}]}}