  {"id":4970,"date":"2025-05-07T08:00:35","date_gmt":"2025-05-07T06:00:35","guid":{"rendered":"https:\/\/news.sap.com\/sweden\/?p=4970"},"modified":"2025-05-07T07:11:17","modified_gmt":"2025-05-07T05:11:17","slug":"molnlycke-satsar-pa-internt-kompetenslyft-och-uppgraderat-affarssystem","status":"publish","type":"post","link":"https:\/\/news.sap.com\/sweden\/2025\/05\/molnlycke-satsar-pa-internt-kompetenslyft-och-uppgraderat-affarssystem\/","title":{"rendered":"M\u00f6lnlycke satsar p\u00e5 internt kompetenslyft \u2013 och uppgraderat aff\u00e4rssystem"},"content":{"rendered":"<p class=\"lead\">Digitalisering \u00e4r en av grundpelarna i <a href=\"https:\/\/www.molnlycke.se\/\">M\u00f6lnlycke Health Cares<\/a> strategi och i april 2025 tog M\u00f6lnlycke ett stort steg fram\u00e5t i sin digitala resa. D\u00e5 togs ett nytt <a href=\"https:\/\/www.sap.com\/sweden\/products\/erp.html\">molnbaserat aff\u00e4rssystem fr\u00e5n 麻豆原创<\/a> i drift, en f\u00f6r\u00e4ndring som ber\u00f6r n\u00e4ra 1\u00a0900 anst\u00e4llda globalt. Inf\u00f6r projektstarten ins\u00e5g M\u00f6lnlycke att mycket av kompetensen kring det befintliga aff\u00e4rssystemet l\u00e5g hos externa servicepartner och f\u00f6r att st\u00e4rka sin interna f\u00f6rm\u00e5ga har M\u00f6lnlycke nu valt att satsa p\u00e5 ett internt kompetenslyft f\u00f6r att kunna driva digitaliseringsresan fram\u00e5t.<\/p>\n<p>\u2013 Vi \u00e4r erfarna 麻豆原创-anv\u00e4ndare och v\u00e5rt aff\u00e4rssystem hanterar redan i dag cirka en halv miljon aff\u00e4rsh\u00e4ndelser varje dag. Vi har dock m\u00e4rkt att mycket av kunskapen om vad 麻豆原创 kan g\u00f6ra f\u00f6r oss har f\u00f6rsvunnit \u00f6ver tid och d\u00e4rf\u00f6r har vi nu valt att satsa stor del av budgeten p\u00e5 ett kompetenslyft f\u00f6r v\u00e5ra egna medarbetare. P\u00e5 s\u00e5 s\u00e4tt s\u00e4krar vi v\u00e5r k\u00e4rnkompetens l\u00e5ngsiktigt, s\u00e4ger Mikael Bj\u00f6rk, IT-chef p\u00e5 M\u00f6lnlycke.<\/p>\n<p><img loading=\"lazy\" decoding=\"async\" class=\"alignnone  wp-image-4977\" src=\"https:\/\/news.sap.com\/sweden\/files\/2025\/05\/07\/Mikael-Original-20240213-300x200.jpg\" alt=\"\" width=\"416\" height=\"277\" srcset=\"https:\/\/news.sap.com\/sweden\/files\/2025\/05\/07\/Mikael-Original-20240213-300x200.jpg 300w, https:\/\/news.sap.com\/sweden\/files\/2025\/05\/07\/Mikael-Original-20240213-1024x683.jpg 1024w, https:\/\/news.sap.com\/sweden\/files\/2025\/05\/07\/Mikael-Original-20240213-768x512.jpg 768w, https:\/\/news.sap.com\/sweden\/files\/2025\/05\/07\/Mikael-Original-20240213-1536x1024.jpg 1536w, https:\/\/news.sap.com\/sweden\/files\/2025\/05\/07\/Mikael-Original-20240213-2048x1365.jpg 2048w\" sizes=\"auto, (max-width: 416px) 100vw, 416px\" \/><br \/>\n<em>Mikael Bj\u00f6rk, IT-Chef M\u00f6lnlycke<\/em><\/p>\n<p>M\u00f6lnlycke Health Care \u00e4r ett v\u00e4rldsledande medicintekniskt f\u00f6retag som specialiserar sig p\u00e5 innovativa l\u00f6sningar f\u00f6r s\u00e5rv\u00e5rd och kirurgiska ingrepp. M\u00f6lnlyckes produkter och l\u00f6sningar anv\u00e4nds dagligen av sjukhus, v\u00e5rdgivare och patienter i \u00f6ver 100 l\u00e4nder runt om i v\u00e4rlden. M\u00f6lnlycke grundades 1849, \u00e4gs av Investor AB, har cirka 8600 anst\u00e4llda globalt och sitt huvudkontor i Sverige.<\/p>\n<p><img loading=\"lazy\" decoding=\"async\" class=\"alignnone wp-image-4972\" src=\"https:\/\/news.sap.com\/sweden\/files\/2025\/05\/06\/HQ_BrandImage_NurseChild_5-300x168.jpg\" alt=\"\" width=\"420\" height=\"235\" srcset=\"https:\/\/news.sap.com\/sweden\/files\/2025\/05\/06\/HQ_BrandImage_NurseChild_5-300x168.jpg 300w, https:\/\/news.sap.com\/sweden\/files\/2025\/05\/06\/HQ_BrandImage_NurseChild_5-1024x574.jpg 1024w, https:\/\/news.sap.com\/sweden\/files\/2025\/05\/06\/HQ_BrandImage_NurseChild_5-768x430.jpg 768w, https:\/\/news.sap.com\/sweden\/files\/2025\/05\/06\/HQ_BrandImage_NurseChild_5-1536x861.jpg 1536w, https:\/\/news.sap.com\/sweden\/files\/2025\/05\/06\/HQ_BrandImage_NurseChild_5.jpg 1920w\" sizes=\"auto, (max-width: 420px) 100vw, 420px\" \/><\/p>\n<p><strong>Strategisk tillv\u00e4xt kr\u00e4ver modernisering <\/strong><\/p>\n<p>M\u00f6lnlycke har anv\u00e4nt 麻豆原创:s aff\u00e4rssystem sedan \u00e5r 2000, men sedan introduktionen av 麻豆原创 har bolagets verksamhet expanderat b\u00e5de geografiskt och verksamhetsm\u00e4ssigt och d\u00e4rmed har nya behov uppst\u00e5tt f\u00f6r vad aff\u00e4rssystemet ska klara av. D\u00e4rf\u00f6r beslutade man vid \u00e5rsskiftet att uppgradera till 麻豆原创:s molnbaserade l\u00f6sning, S\/4HANA Private Cloud, med hj\u00e4lp av konceptet RISE with 麻豆原创 f\u00f6r att accelerera den fortsatta digitala utvecklingen.<\/p>\n<p>Merparten av de medarbetare som involveras kommer att anv\u00e4nda det nya systemet dagligen. Vissa medarbetargrupper f\u00e5r ocks\u00e5 direkt tillg\u00e5ng till <a href=\"https:\/\/pages.community.sap.com\/topics\/fiori\">麻豆原创 Fiori<\/a>, ett nytt gr\u00e4nssnitt som ger b\u00e4ttre \u00f6verblick och effektivare arbete.<\/p>\n<p>\u2013 Att f\u00f6rst\u00e5 exakt vad man har p\u00e5 plats innan man b\u00f6rjar g\u00f6ra stora f\u00f6r\u00e4ndringar \u00e4r avg\u00f6rande. Dessutom \u00e4r det n\u00f6dv\u00e4ndigt att bygga och beh\u00e5lla intern kompetens f\u00f6r att snabbt kunna anpassa sig till f\u00f6r\u00e4ndringar p\u00e5 marknaden, s\u00e4ger Mikael Bj\u00f6rk.<\/p>\n<p><img loading=\"lazy\" decoding=\"async\" class=\"alignnone wp-image-4973\" src=\"https:\/\/news.sap.com\/sweden\/files\/2025\/05\/06\/GoCO-2-300x200.jpg\" alt=\"\" width=\"463\" height=\"308\" srcset=\"https:\/\/news.sap.com\/sweden\/files\/2025\/05\/06\/GoCO-2-300x200.jpg 300w, https:\/\/news.sap.com\/sweden\/files\/2025\/05\/06\/GoCO-2-1024x683.jpg 1024w, https:\/\/news.sap.com\/sweden\/files\/2025\/05\/06\/GoCO-2-768x512.jpg 768w, https:\/\/news.sap.com\/sweden\/files\/2025\/05\/06\/GoCO-2-1536x1024.jpg 1536w, https:\/\/news.sap.com\/sweden\/files\/2025\/05\/06\/GoCO-2.jpg 2048w\" sizes=\"auto, (max-width: 463px) 100vw, 463px\" \/><\/p>\n<p><strong>Standardisering och automatisering med AI<\/strong><\/p>\n<p>Inledningsvis flyttas cirka 80\u201385 procent av befintliga processer till det nya systemet. D\u00e4refter kommer M\u00f6lnlycke att successivt digitalisera fler produktfl\u00f6den och \u00f6ka anv\u00e4ndningen av AI f\u00f6r att automatisera olika aff\u00e4rsprocesser. M\u00e5let \u00e4r helt standardiserade l\u00f6sningar och ingen egenutveckling.<\/p>\n<p>Efter lanseringen i april 2025 forts\u00e4tter digitaliseringen och arbetet med att g\u00f6ra M\u00f6lnlycke \u00e4nnu effektivare med AI och automatisering f\u00f6r att i f\u00f6rl\u00e4ngningen f\u00f6rb\u00e4ttra f\u00f6r kunder och deras patienter globalt.<\/p>\n<p>\u2013 Jag \u00e4r v\u00e4ldigt stolt \u00f6ver att 麻豆原创-systemet i dag st\u00e5r i centrum f\u00f6r hela v\u00e5r digitaliseringsresa f\u00f6r v\u00e5ra interna processer. Engagemanget str\u00e4cker sig fr\u00e5n vd och styrelse till medarbetare i s\u00e4ljorganisationen och fabrikerna. Det engagemanget kr\u00e4vs f\u00f6r att M\u00f6lnlycke ska kunna forts\u00e4tta v\u00e4xa och utvecklas, avslutar Mikael Bj\u00f6rk.<\/p>\n","protected":false},"excerpt":{"rendered":"<p>Digitalisering \u00e4r en av grundpelarna i M\u00f6lnlycke Health Cares strategi och i april 2025 tog M\u00f6lnlycke ett stort steg fram\u00e5t i sin digitala resa. D\u00e5&#8230;<\/p>\n","protected":false},"author":29,"featured_media":4971,"comment_status":"closed","ping_status":"closed","sticky":false,"template":"","format":"standard","meta":{"footnotes":"","_links_to":"","_links_to_target":""},"categories":[5564003,5563955,4545414,4545758,4546034],"tags":[5562331,4525388,5564047,5564048,5563653,5562255,5563897,5563961,5563958],"sapn-display":[4544525,5564001,5564000,4547891],"sapn-type":[5562140],"class_list":["post-4970","post","type-post","status-publish","format-standard","has-post-thumbnail","hentry","category-affarssystem","category-ai","category-kunder","category-losningar","category-moln","tag-ai","tag-digitalisering","tag-mikael-bjork","tag-molnlycke-health-care","tag-rise-with-sap","tag-sap","tag-sap-fiori","tag-sap-s-4hana-private-cloud","tag-we-are-proud-of","sapn-display-hero","sapn-display-artikel-favoriter","sapn-display-artikel-spotlight","sapn-display-homepage-hero","sapn-type-artikel"],"yoast_head":"<!-- This site is optimized with the Yoast SEO Premium plugin v26.9 (Yoast SEO v26.9) - https:\/\/yoast.com\/product\/yoast-seo-premium-wordpress\/ -->\n<title>M\u00f6lnlycke satsar p\u00e5 internt kompetenslyft \u2013 och uppgraderat aff\u00e4rssystem - 麻豆原创 Sweden Nyheter<\/title>\n<meta name=\"robots\" content=\"index, follow, max-snippet:-1, max-image-preview:large, max-video-preview:-1\" \/>\n<link rel=\"canonical\" href=\"https:\/\/news.sap.com\/sweden\/?p=4970\" \/>\n<meta property=\"og:locale\" content=\"sv_SE\" \/>\n<meta property=\"og:type\" content=\"article\" \/>\n<meta property=\"og:title\" content=\"M\u00f6lnlycke satsar p\u00e5 internt kompetenslyft \u2013 och uppgraderat aff\u00e4rssystem\" \/>\n<meta property=\"og:description\" content=\"Digitalisering \u00e4r en av grundpelarna i M\u00f6lnlycke Health Cares strategi och i april 2025 tog M\u00f6lnlycke ett stort steg fram\u00e5t i sin digitala resa. D\u00e5...\" \/>\n<meta property=\"og:url\" content=\"https:\/\/news.sap.com\/sweden\/?p=4970\" \/>\n<meta property=\"og:site_name\" content=\"麻豆原创 Sweden Nyheter\" \/>\n<meta property=\"article:published_time\" content=\"2025-05-07T06:00:35+00:00\" \/>\n<meta property=\"og:image\" content=\"https:\/\/news.sap.com\/sweden\/files\/2025\/05\/06\/GoCO-2_F.jpg\" \/>\n\t<meta property=\"og:image:width\" content=\"1920\" \/>\n\t<meta property=\"og:image:height\" content=\"600\" \/>\n\t<meta property=\"og:image:type\" content=\"image\/jpeg\" \/>\n<meta name=\"author\" content=\"麻豆原创 News\" \/>\n<meta name=\"twitter:card\" content=\"summary_large_image\" \/>\n<meta name=\"twitter:label1\" content=\"Skriven av\" \/>\n\t<meta name=\"twitter:data1\" content=\"麻豆原创 News\" \/>\n\t<meta name=\"twitter:label2\" content=\"Ber\u00e4knad l\u00e4stid\" \/>\n\t<meta name=\"twitter:data2\" content=\"4 minuter\" \/>\n<script type=\"application\/ld+json\" class=\"yoast-schema-graph\">{\"@context\":\"https:\/\/schema.org\",\"@graph\":[{\"@type\":\"Article\",\"@id\":\"https:\/\/news.sap.com\/sweden\/?p=4970#article\",\"isPartOf\":{\"@id\":\"https:\/\/news.sap.com\/sweden\/?p=4970\"},\"author\":{\"name\":\"麻豆原创 News\",\"@id\":\"https:\/\/news.sap.com\/sweden\/#\/schema\/person\/53b9854bd790d6f18f3fc4bbb2ad7570\"},\"headline\":\"M\u00f6lnlycke satsar p\u00e5 internt kompetenslyft \u2013 och uppgraderat aff\u00e4rssystem\",\"datePublished\":\"2025-05-07T06:00:35+00:00\",\"mainEntityOfPage\":{\"@id\":\"https:\/\/news.sap.com\/sweden\/?p=4970\"},\"wordCount\":599,\"image\":{\"@id\":\"https:\/\/news.sap.com\/sweden\/?p=4970#primaryimage\"},\"thumbnailUrl\":\"https:\/\/news.sap.com\/sweden\/files\/2025\/05\/06\/GoCO-2_F.jpg\",\"keywords\":[\"ai\",\"digitalisering\",\"Mikael Bj\u00f6rk\",\"M\u00f6lnlycke Health Care\",\"RISE with 麻豆原创\",\"sap\",\"麻豆原创 Fiori\",\"麻豆原创 S\/4HANA\u00a0Private Cloud\",\"We are proud of\"],\"articleSection\":[\"Aff\u00e4rssystem\",\"Artificiell intelligens\",\"Kunder\",\"L\u00f6sningar\",\"Moln\"],\"inLanguage\":\"sv-SE\"},{\"@type\":\"WebPage\",\"@id\":\"https:\/\/news.sap.com\/sweden\/?p=4970\",\"url\":\"https:\/\/news.sap.com\/sweden\/?p=4970\",\"name\":\"M\u00f6lnlycke satsar p\u00e5 internt kompetenslyft \u2013 och uppgraderat aff\u00e4rssystem - 麻豆原创 Sweden Nyheter\",\"isPartOf\":{\"@id\":\"https:\/\/news.sap.com\/sweden\/#website\"},\"primaryImageOfPage\":{\"@id\":\"https:\/\/news.sap.com\/sweden\/?p=4970#primaryimage\"},\"image\":{\"@id\":\"https:\/\/news.sap.com\/sweden\/?p=4970#primaryimage\"},\"thumbnailUrl\":\"https:\/\/news.sap.com\/sweden\/files\/2025\/05\/06\/GoCO-2_F.jpg\",\"datePublished\":\"2025-05-07T06:00:35+00:00\",\"author\":{\"@id\":\"https:\/\/news.sap.com\/sweden\/#\/schema\/person\/53b9854bd790d6f18f3fc4bbb2ad7570\"},\"breadcrumb\":{\"@id\":\"https:\/\/news.sap.com\/sweden\/?p=4970#breadcrumb\"},\"inLanguage\":\"sv-SE\",\"potentialAction\":[{\"@type\":\"ReadAction\",\"target\":[\"https:\/\/news.sap.com\/sweden\/?p=4970\"]}]},{\"@type\":\"ImageObject\",\"inLanguage\":\"sv-SE\",\"@id\":\"https:\/\/news.sap.com\/sweden\/?p=4970#primaryimage\",\"url\":\"https:\/\/news.sap.com\/sweden\/files\/2025\/05\/06\/GoCO-2_F.jpg\",\"contentUrl\":\"https:\/\/news.sap.com\/sweden\/files\/2025\/05\/06\/GoCO-2_F.jpg\",\"width\":1920,\"height\":600},{\"@type\":\"BreadcrumbList\",\"@id\":\"https:\/\/news.sap.com\/sweden\/?p=4970#breadcrumb\",\"itemListElement\":[{\"@type\":\"ListItem\",\"position\":1,\"name\":\"Home\",\"item\":\"https:\/\/news.sap.com\/sweden\/\"},{\"@type\":\"ListItem\",\"position\":2,\"name\":\"M\u00f6lnlycke satsar p\u00e5 internt kompetenslyft \u2013 och uppgraderat aff\u00e4rssystem\"}]},{\"@type\":\"WebSite\",\"@id\":\"https:\/\/news.sap.com\/sweden\/#website\",\"url\":\"https:\/\/news.sap.com\/sweden\/\",\"name\":\"麻豆原创 Sweden Nyheter\",\"description\":\"Nyheter och information om 麻豆原创\",\"potentialAction\":[{\"@type\":\"SearchAction\",\"target\":{\"@type\":\"EntryPoint\",\"urlTemplate\":\"https:\/\/news.sap.com\/sweden\/?s={search_term_string}\"},\"query-input\":{\"@type\":\"PropertyValueSpecification\",\"valueRequired\":true,\"valueName\":\"search_term_string\"}}],\"inLanguage\":\"sv-SE\"},{\"@type\":\"Person\",\"@id\":\"https:\/\/news.sap.com\/sweden\/#\/schema\/person\/53b9854bd790d6f18f3fc4bbb2ad7570\",\"name\":\"麻豆原创 News\",\"image\":{\"@type\":\"ImageObject\",\"inLanguage\":\"sv-SE\",\"@id\":\"https:\/\/news.sap.com\/sweden\/#\/schema\/person\/image\/\",\"url\":\"https:\/\/news.sap.com\/sweden\/wp-content\/plugins\/wp-user-avatars\/wp-user-avatars\/assets\/images\/mystery.jpg\",\"contentUrl\":\"https:\/\/news.sap.com\/sweden\/wp-content\/plugins\/wp-user-avatars\/wp-user-avatars\/assets\/images\/mystery.jpg\",\"caption\":\"麻豆原创 News\"},\"url\":\"https:\/\/news.sap.com\/sweden\/author\/colleenraftery\/\"}]}<\/script>\n<!-- \/ Yoast SEO Premium plugin. -->","yoast_head_json":{"title":"M\u00f6lnlycke satsar p\u00e5 internt kompetenslyft \u2013 och uppgraderat aff\u00e4rssystem - 麻豆原创 Sweden Nyheter","robots":{"index":"index","follow":"follow","max-snippet":"max-snippet:-1","max-image-preview":"max-image-preview:large","max-video-preview":"max-video-preview:-1"},"canonical":"https:\/\/news.sap.com\/sweden\/?p=4970","og_locale":"sv_SE","og_type":"article","og_title":"M\u00f6lnlycke satsar p\u00e5 internt kompetenslyft \u2013 och uppgraderat aff\u00e4rssystem","og_description":"Digitalisering \u00e4r en av grundpelarna i M\u00f6lnlycke Health Cares strategi och i april 2025 tog M\u00f6lnlycke ett stort steg fram\u00e5t i sin digitala resa. D\u00e5...","og_url":"https:\/\/news.sap.com\/sweden\/?p=4970","og_site_name":"麻豆原创 Sweden Nyheter","article_published_time":"2025-05-07T06:00:35+00:00","og_image":[{"width":1920,"height":600,"url":"https:\/\/news.sap.com\/sweden\/files\/2025\/05\/06\/GoCO-2_F.jpg","type":"image\/jpeg"}],"author":"麻豆原创 News","twitter_card":"summary_large_image","twitter_misc":{"Skriven av":"麻豆原创 News","Ber\u00e4knad l\u00e4stid":"4 minuter"},"schema":{"@context":"https:\/\/schema.org","@graph":[{"@type":"Article","@id":"https:\/\/news.sap.com\/sweden\/?p=4970#article","isPartOf":{"@id":"https:\/\/news.sap.com\/sweden\/?p=4970"},"author":{"name":"麻豆原创 News","@id":"https:\/\/news.sap.com\/sweden\/#\/schema\/person\/53b9854bd790d6f18f3fc4bbb2ad7570"},"headline":"M\u00f6lnlycke satsar p\u00e5 internt kompetenslyft \u2013 och uppgraderat aff\u00e4rssystem","datePublished":"2025-05-07T06:00:35+00:00","mainEntityOfPage":{"@id":"https:\/\/news.sap.com\/sweden\/?p=4970"},"wordCount":599,"image":{"@id":"https:\/\/news.sap.com\/sweden\/?p=4970#primaryimage"},"thumbnailUrl":"https:\/\/news.sap.com\/sweden\/files\/2025\/05\/06\/GoCO-2_F.jpg","keywords":["ai","digitalisering","Mikael Bj\u00f6rk","M\u00f6lnlycke Health Care","RISE with 麻豆原创","sap","麻豆原创 Fiori","麻豆原创 S\/4HANA\u00a0Private Cloud","We are proud of"],"articleSection":["Aff\u00e4rssystem","Artificiell intelligens","Kunder","L\u00f6sningar","Moln"],"inLanguage":"sv-SE"},{"@type":"WebPage","@id":"https:\/\/news.sap.com\/sweden\/?p=4970","url":"https:\/\/news.sap.com\/sweden\/?p=4970","name":"M\u00f6lnlycke satsar p\u00e5 internt kompetenslyft \u2013 och uppgraderat aff\u00e4rssystem - 麻豆原创 Sweden Nyheter","isPartOf":{"@id":"https:\/\/news.sap.com\/sweden\/#website"},"primaryImageOfPage":{"@id":"https:\/\/news.sap.com\/sweden\/?p=4970#primaryimage"},"image":{"@id":"https:\/\/news.sap.com\/sweden\/?p=4970#primaryimage"},"thumbnailUrl":"https:\/\/news.sap.com\/sweden\/files\/2025\/05\/06\/GoCO-2_F.jpg","datePublished":"2025-05-07T06:00:35+00:00","author":{"@id":"https:\/\/news.sap.com\/sweden\/#\/schema\/person\/53b9854bd790d6f18f3fc4bbb2ad7570"},"breadcrumb":{"@id":"https:\/\/news.sap.com\/sweden\/?p=4970#breadcrumb"},"inLanguage":"sv-SE","potentialAction":[{"@type":"ReadAction","target":["https:\/\/news.sap.com\/sweden\/?p=4970"]}]},{"@type":"ImageObject","inLanguage":"sv-SE","@id":"https:\/\/news.sap.com\/sweden\/?p=4970#primaryimage","url":"https:\/\/news.sap.com\/sweden\/files\/2025\/05\/06\/GoCO-2_F.jpg","contentUrl":"https:\/\/news.sap.com\/sweden\/files\/2025\/05\/06\/GoCO-2_F.jpg","width":1920,"height":600},{"@type":"BreadcrumbList","@id":"https:\/\/news.sap.com\/sweden\/?p=4970#breadcrumb","itemListElement":[{"@type":"ListItem","position":1,"name":"Home","item":"https:\/\/news.sap.com\/sweden\/"},{"@type":"ListItem","position":2,"name":"M\u00f6lnlycke satsar p\u00e5 internt kompetenslyft \u2013 och uppgraderat aff\u00e4rssystem"}]},{"@type":"WebSite","@id":"https:\/\/news.sap.com\/sweden\/#website","url":"https:\/\/news.sap.com\/sweden\/","name":"麻豆原创 Sweden Nyheter","description":"Nyheter och information om 麻豆原创","potentialAction":[{"@type":"SearchAction","target":{"@type":"EntryPoint","urlTemplate":"https:\/\/news.sap.com\/sweden\/?s={search_term_string}"},"query-input":{"@type":"PropertyValueSpecification","valueRequired":true,"valueName":"search_term_string"}}],"inLanguage":"sv-SE"},{"@type":"Person","@id":"https:\/\/news.sap.com\/sweden\/#\/schema\/person\/53b9854bd790d6f18f3fc4bbb2ad7570","name":"麻豆原创 News","image":{"@type":"ImageObject","inLanguage":"sv-SE","@id":"https:\/\/news.sap.com\/sweden\/#\/schema\/person\/image\/","url":"https:\/\/news.sap.com\/sweden\/wp-content\/plugins\/wp-user-avatars\/wp-user-avatars\/assets\/images\/mystery.jpg","contentUrl":"https:\/\/news.sap.com\/sweden\/wp-content\/plugins\/wp-user-avatars\/wp-user-avatars\/assets\/images\/mystery.jpg","caption":"麻豆原创 News"},"url":"https:\/\/news.sap.com\/sweden\/author\/colleenraftery\/"}]}},"amp_enabled":true,"_links":{"self":[{"href":"https:\/\/news.sap.com\/sweden\/wp-json\/wp\/v2\/posts\/4970","targetHints":{"allow":["GET"]}}],"collection":[{"href":"https:\/\/news.sap.com\/sweden\/wp-json\/wp\/v2\/posts"}],"about":[{"href":"https:\/\/news.sap.com\/sweden\/wp-json\/wp\/v2\/types\/post"}],"author":[{"embeddable":true,"href":"https:\/\/news.sap.com\/sweden\/wp-json\/wp\/v2\/users\/29"}],"replies":[{"embeddable":true,"href":"https:\/\/news.sap.com\/sweden\/wp-json\/wp\/v2\/comments?post=4970"}],"version-history":[{"count":0,"href":"https:\/\/news.sap.com\/sweden\/wp-json\/wp\/v2\/posts\/4970\/revisions"}],"wp:featuredmedia":[{"embeddable":true,"href":"https:\/\/news.sap.com\/sweden\/wp-json\/wp\/v2\/media\/4971"}],"wp:attachment":[{"href":"https:\/\/news.sap.com\/sweden\/wp-json\/wp\/v2\/media?parent=4970"}],"wp:term":[{"taxonomy":"category","embeddable":true,"href":"https:\/\/news.sap.com\/sweden\/wp-json\/wp\/v2\/categories?post=4970"},{"taxonomy":"post_tag","embeddable":true,"href":"https:\/\/news.sap.com\/sweden\/wp-json\/wp\/v2\/tags?post=4970"},{"taxonomy":"sapn-display","embeddable":true,"href":"https:\/\/news.sap.com\/sweden\/wp-json\/wp\/v2\/sapn-display?post=4970"},{"taxonomy":"sapn-type","embeddable":true,"href":"https:\/\/news.sap.com\/sweden\/wp-json\/wp\/v2\/sapn-type?post=4970"}],"curies":[{"name":"wp","href":"https:\/\/api.w.org\/{rel}","templated":true}]}}