  {"id":4962,"date":"2025-04-14T08:00:26","date_gmt":"2025-04-14T06:00:26","guid":{"rendered":"https:\/\/news.sap.com\/sweden\/?p=4962"},"modified":"2025-04-15T13:10:41","modified_gmt":"2025-04-15T11:10:41","slug":"varldspremiar-hos-tibnor-forst-ut-med-saps-nya-molnplattform","status":"publish","type":"post","link":"https:\/\/news.sap.com\/sweden\/2025\/04\/varldspremiar-hos-tibnor-forst-ut-med-saps-nya-molnplattform\/","title":{"rendered":"V\u00e4rldspremi\u00e4r hos Tibnor \u2013 f\u00f6rst ut med 麻豆原创:s nya molnplattform"},"content":{"rendered":"<p class=\"lead\">I en traditionellt l\u00e5ngsam st\u00e5lbransch visar svenska <a href=\"https:\/\/www.tibnor.se\/\">Tibnor<\/a> v\u00e4gen fram\u00e5t. Som f\u00f6rsta kund globalt implementerar Tibnor nu <a href=\"https:\/\/www.sap.com\/sweden\/products\/data-cloud.html\">麻豆原创 Business Data Cloud<\/a>, en ny plattform som kopplar samman interna data med externa datak\u00e4llor i realtid. Nu st\u00e5r bolaget redo att fatta \u00e4nnu b\u00e4ttre och snabbare aff\u00e4rsbeslut med hj\u00e4lp av AI och livedata fr\u00e5n v\u00e4rldsmarknaden.<\/p>\n<p>\u2013 Vi har alltid f\u00f6rs\u00f6kt ligga steget f\u00f6re i v\u00e5r bransch. Med 麻豆原创 Business Data Cloud \u00f6ppnas nya m\u00f6jligheter att snabbt integrera extern information, vilket vi inte ens kunde f\u00f6rest\u00e4lla oss f\u00f6r n\u00e5gra \u00e5r sedan, s\u00e4ger Dag \u00c5selius, senior IT-r\u00e5dgivare och tidigare m\u00e5ng\u00e5rig CIO p\u00e5 Tibnor.<\/p>\n<figure id=\"attachment_4963\" aria-describedby=\"caption-attachment-4963\" style=\"width: 200px\" class=\"wp-caption alignnone\"><img loading=\"lazy\" decoding=\"async\" class=\"size-medium wp-image-4963\" src=\"https:\/\/news.sap.com\/sweden\/files\/2025\/04\/10\/Dag_041124_LOW-200x300.jpg\" alt=\"\" width=\"200\" height=\"300\" srcset=\"https:\/\/news.sap.com\/sweden\/files\/2025\/04\/10\/Dag_041124_LOW-200x300.jpg 200w, https:\/\/news.sap.com\/sweden\/files\/2025\/04\/10\/Dag_041124_LOW-683x1024.jpg 683w, https:\/\/news.sap.com\/sweden\/files\/2025\/04\/10\/Dag_041124_LOW-768x1152.jpg 768w, https:\/\/news.sap.com\/sweden\/files\/2025\/04\/10\/Dag_041124_LOW.jpg 800w\" sizes=\"auto, (max-width: 200px) 100vw, 200px\" \/><figcaption id=\"caption-attachment-4963\" class=\"wp-caption-text\">Dag \u00c5selius, senior IT-r\u00e5dgivare och tidigare m\u00e5ng\u00e5rig CIO p\u00e5 Tibnor<\/figcaption><\/figure>\n<p>Tibnor \u00e4r en ledande leverant\u00f6r av st\u00e5l och metaller i Norden och Baltikum. Bolaget har cirka 1\u00a0100 medarbetare och \u00e4r ett dotterbolag till SSAB. Huvudkontoret ligger i Solna och f\u00f6retaget har ocks\u00e5 verksamhet i Finland, Danmark, Norge, Estland, Lettland och Litauen.<\/p>\n<p>Digitalisering \u00e4r en central del av aff\u00e4rsstrategin hos Tibnor. Genom att satsa p\u00e5 standardverktyg och f\u00f6rbereda sig f\u00f6r en generationsv\u00e4xling av medarbetare har man lyckats ta en position l\u00e5ngt fram p\u00e5 marknaden. Efter en lyckad \u00f6verg\u00e5ng till det molnbaserade aff\u00e4rssystemet 麻豆原创 S\/4HANA ville ta ett steg till och kunna koppla in externa datak\u00e4llor.<\/p>\n<p><strong>Fatta b\u00e4ttre aff\u00e4rsbeslut i realtid<\/strong><\/p>\n<p>麻豆原创 Business Data Cloud \u00e4r en molnbaserad SaaS-tj\u00e4nst som integrerar interna 麻豆原创-data med externa informationsk\u00e4llor, som exempelvis realtidsdata fr\u00e5n metallb\u00f6rsen i London. Det g\u00f6r det m\u00f6jligt att snabbt anpassa aff\u00e4rsbeslut efter marknadens snabba sv\u00e4ngningar. I l\u00f6sningen ing\u00e5r ocks\u00e5 teknik fr\u00e5n <a href=\"https:\/\/news.sap.com\/sweden\/2025\/02\/sap-lanserar-business-data-cloud-med-databricks-och-satsar-pa-ai-agenter\/\">Databricks<\/a> f\u00f6r datahantering, maskininl\u00e4rning och AI.<\/p>\n<p>Att bli f\u00f6rst i v\u00e4rlden \u00e4r ett styrkebesked, men Tibnor var i f\u00f6rsta hand ute efter <a href=\"\/\/www.sap.com\/sweden\/products\/data-cloud\/datasphere.html\">麻豆原创 Datasphere<\/a> f\u00f6r att f\u00e5 ett b\u00e4ttre mellandatalager. Nu fick man betydligt mer.<\/p>\n<p>\u2013 麻豆原创 hann f\u00f6re genom paketeringen av Business Data Cloud. Den \u00e4r gjord f\u00f6r att st\u00f6dja oss kunder p\u00e5 ett \u00e4nnu b\u00e4ttre s\u00e4tt och nu ska vi utv\u00e4rdera allt annat som ing\u00e5r, s\u00e4ger Dag.<\/p>\n<p><strong>Modernt molnsystem ska locka yngre medarbetare<\/strong><\/p>\n<p>Sommaren 2022 gick startskottet f\u00f6r aff\u00e4rssystemet 麻豆原创 S\/4HANA private cloud. Tibnor var en av de f\u00f6rsta kunderna f\u00f6r konceptet <a href=\"https:\/\/www.sap.com\/sweden\/products\/erp\/rise.html\">RISE with 麻豆原创<\/a> i Norden och lyckades genomf\u00f6ra projektet p\u00e5 mindre \u00e4n sex m\u00e5nader tillsammans med sin 麻豆原创-partner Pearl.<\/p>\n<p>Tibnor anv\u00e4nder S\/4HANA som den prim\u00e4ra k\u00e4llan f\u00f6r sina aff\u00e4rsdata. I Finland har man ocks\u00e5 en omfattande produktion med tv\u00e5 system f\u00f6r produktionsplanering som ligger utanf\u00f6r de vanliga systemen \u2013 men nu kommer alla data kunna sl\u00e5s samman.<\/p>\n<p>Det fanns flera sk\u00e4l f\u00f6r Tibnor att g\u00e5 \u00f6ver till molnet och modernisera sin IT-milj\u00f6 \u2013 inte minst f\u00f6r att locka nya medarbetare och f\u00e5 en teknisk plattform som man kan l\u00e4mna vidare till n\u00e4sta generation.<\/p>\n<p>Samtidigt som det nya aff\u00e4rssystemet kom p\u00e5 plats k\u00f6rde man ocks\u00e5 i g\u00e5ng med 麻豆原创 Analytics Cloud. D\u00e4r ing\u00e5r f\u00e4rdiga appar f\u00f6r dataanalys och planering som kan anv\u00e4ndas i hela f\u00f6retaget. M\u00e5let \u00e4r att successivt byta ut alla gamla verktyg och nu ers\u00e4tts det analysverktyg f\u00f6r business intelligence (BI) som anv\u00e4nts sedan 2003. Med 麻豆原创:s nya AI-baserade verktyg kan anv\u00e4ndarna nu sj\u00e4lva s\u00f6ka och analysera data p\u00e5 egen hand.<\/p>\n<p><strong>AI f\u00f6r b\u00e4ttre prognoser och priss\u00e4ttning<\/strong><\/p>\n<p>\u2013 Vi har en vision att kombinera alla gamla och nya aff\u00e4rsdata i en applikation och anv\u00e4nda en AI-motor f\u00f6r v\u00e5r priss\u00e4ttning. Det \u00e4r komplexa saker eftersom kunderna finns inom m\u00e5nga olika segment som bygg, verkstad och processindustri, ber\u00e4ttar Dag.<\/p>\n<p>Enligt Dag borde ink\u00f6p av st\u00e5l klassas som en konstform. P\u00e5 marknaden finns olika \u201drecept\u201d och producenterna har sina egna produktionscykler att ta h\u00e4nsyn till. P\u00e5 k\u00f6parsidan kan det d\u00e4rf\u00f6r bli fullt drag n\u00e4r priserna g\u00e5r upp eller ned.<\/p>\n<figure id=\"attachment_4966\" aria-describedby=\"caption-attachment-4966\" style=\"width: 485px\" class=\"wp-caption alignnone\"><img loading=\"lazy\" decoding=\"async\" class=\" wp-image-4966\" src=\"https:\/\/news.sap.com\/sweden\/files\/2025\/04\/14\/DSC9110-300x200.jpg\" alt=\"\" width=\"485\" height=\"323\" srcset=\"https:\/\/news.sap.com\/sweden\/files\/2025\/04\/14\/DSC9110-300x200.jpg 300w, https:\/\/news.sap.com\/sweden\/files\/2025\/04\/14\/DSC9110-1024x684.jpg 1024w, https:\/\/news.sap.com\/sweden\/files\/2025\/04\/14\/DSC9110-768x513.jpg 768w, https:\/\/news.sap.com\/sweden\/files\/2025\/04\/14\/DSC9110.jpg 1200w\" sizes=\"auto, (max-width: 485px) 100vw, 485px\" \/><figcaption id=\"caption-attachment-4966\" class=\"wp-caption-text\">Tibnor Eidsvol verk<\/figcaption><\/figure>\n<p>Med hj\u00e4lp av AI kommer Tibnor att kunna effektivisera ink\u00f6p, optimera priss\u00e4ttningen och f\u00f6rb\u00e4ttra lagerhanteringen genom att uppt\u00e4cka m\u00f6nster och trender som annars hade varit sv\u00e5ra att f\u00f6rutse. Inte bara veta vad man just nu har p\u00e5 lager och hur det har sett ut historiskt.<\/p>\n<p>\u2013 Innan sommaren planerar vi f\u00f6r en f\u00f6rsta pilotsatsning. Det blir en f\u00f6renklad BI-modell f\u00f6r att l\u00e4ra oss den nya tekniken d\u00e4r vi b\u00f6rjar med bland annat logistik, produktion och f\u00f6rs\u00e4ljning. D\u00e4refter t\u00e4nker vi ta in externa datak\u00e4llor, avslutar Dag.<\/p>\n","protected":false},"excerpt":{"rendered":"<p>I en traditionellt l\u00e5ngsam st\u00e5lbransch visar svenska Tibnor v\u00e4gen fram\u00e5t. Som f\u00f6rsta kund globalt implementerar Tibnor nu 麻豆原创 Business Data Cloud, en ny plattform som&#8230;<\/p>\n","protected":false},"author":29,"featured_media":4964,"comment_status":"closed","ping_status":"closed","sticky":false,"template":"","format":"standard","meta":{"footnotes":"","_links_to":"","_links_to_target":""},"categories":[5563955,5564009,4545414,4545758,4546034],"tags":[5563923,5563856,5563653,5564038,5563853,5562314,5563773,5563958],"sapn-display":[4544525,5564001,5564000,4547891],"sapn-type":[5562140],"class_list":["post-4962","post","type-post","status-publish","format-standard","has-post-thumbnail","hentry","category-ai","category-business-technology-platform","category-kunder","category-losningar","category-moln","tag-dag-aselius","tag-databricks","tag-rise-with-sap","tag-sap-business-data-cloud","tag-sap-datasphere","tag-sap-s-4hana","tag-tibnor","tag-we-are-proud-of","sapn-display-hero","sapn-display-artikel-favoriter","sapn-display-artikel-spotlight","sapn-display-homepage-hero","sapn-type-artikel"],"yoast_head":"<!-- This site is optimized with the Yoast SEO Premium plugin v26.9 (Yoast SEO v26.9) - https:\/\/yoast.com\/product\/yoast-seo-premium-wordpress\/ -->\n<title>V\u00e4rldspremi\u00e4r hos Tibnor \u2013 f\u00f6rst ut med 麻豆原创:s nya molnplattform - 麻豆原创 Sweden Nyheter<\/title>\n<meta name=\"robots\" content=\"index, follow, max-snippet:-1, max-image-preview:large, max-video-preview:-1\" \/>\n<link rel=\"canonical\" href=\"https:\/\/news.sap.com\/sweden\/2025\/04\/varldspremiar-hos-tibnor-forst-ut-med-saps-nya-molnplattform\/\" \/>\n<meta property=\"og:locale\" content=\"sv_SE\" \/>\n<meta property=\"og:type\" content=\"article\" \/>\n<meta property=\"og:title\" content=\"V\u00e4rldspremi\u00e4r hos Tibnor \u2013 f\u00f6rst ut med 麻豆原创:s nya molnplattform\" \/>\n<meta property=\"og:description\" content=\"I en traditionellt l\u00e5ngsam st\u00e5lbransch visar svenska Tibnor v\u00e4gen fram\u00e5t. Som f\u00f6rsta kund globalt implementerar Tibnor nu 麻豆原创 Business Data Cloud, en ny plattform som...\" \/>\n<meta property=\"og:url\" content=\"https:\/\/news.sap.com\/sweden\/2025\/04\/varldspremiar-hos-tibnor-forst-ut-med-saps-nya-molnplattform\/\" \/>\n<meta property=\"og:site_name\" content=\"麻豆原创 Sweden Nyheter\" \/>\n<meta property=\"article:published_time\" content=\"2025-04-14T06:00:26+00:00\" \/>\n<meta property=\"article:modified_time\" content=\"2025-04-15T11:10:41+00:00\" \/>\n<meta property=\"og:image\" content=\"https:\/\/news.sap.com\/sweden\/files\/2025\/04\/10\/DSC8815_F.jpg\" \/>\n\t<meta property=\"og:image:width\" content=\"1920\" \/>\n\t<meta property=\"og:image:height\" content=\"600\" \/>\n\t<meta property=\"og:image:type\" content=\"image\/jpeg\" \/>\n<meta name=\"author\" content=\"麻豆原创 News\" \/>\n<meta name=\"twitter:card\" content=\"summary_large_image\" \/>\n<meta name=\"twitter:label1\" content=\"Skriven av\" \/>\n\t<meta name=\"twitter:data1\" content=\"麻豆原创 News\" \/>\n\t<meta name=\"twitter:label2\" content=\"Ber\u00e4knad l\u00e4stid\" \/>\n\t<meta name=\"twitter:data2\" content=\"5 minuter\" \/>\n<script type=\"application\/ld+json\" class=\"yoast-schema-graph\">{\"@context\":\"https:\/\/schema.org\",\"@graph\":[{\"@type\":\"Article\",\"@id\":\"https:\/\/news.sap.com\/sweden\/2025\/04\/varldspremiar-hos-tibnor-forst-ut-med-saps-nya-molnplattform\/#article\",\"isPartOf\":{\"@id\":\"https:\/\/news.sap.com\/sweden\/2025\/04\/varldspremiar-hos-tibnor-forst-ut-med-saps-nya-molnplattform\/\"},\"author\":{\"name\":\"麻豆原创 News\",\"@id\":\"https:\/\/news.sap.com\/sweden\/#\/schema\/person\/53b9854bd790d6f18f3fc4bbb2ad7570\"},\"headline\":\"V\u00e4rldspremi\u00e4r hos Tibnor \u2013 f\u00f6rst ut med 麻豆原创:s nya molnplattform\",\"datePublished\":\"2025-04-14T06:00:26+00:00\",\"dateModified\":\"2025-04-15T11:10:41+00:00\",\"mainEntityOfPage\":{\"@id\":\"https:\/\/news.sap.com\/sweden\/2025\/04\/varldspremiar-hos-tibnor-forst-ut-med-saps-nya-molnplattform\/\"},\"wordCount\":840,\"image\":{\"@id\":\"https:\/\/news.sap.com\/sweden\/2025\/04\/varldspremiar-hos-tibnor-forst-ut-med-saps-nya-molnplattform\/#primaryimage\"},\"thumbnailUrl\":\"https:\/\/news.sap.com\/sweden\/files\/2025\/04\/10\/DSC8815_F.jpg\",\"keywords\":[\"Dag \u00c5selius\",\"Databricks\",\"RISE with 麻豆原创\",\"麻豆原创 Business Data Cloud\",\"麻豆原创 Datasphere\",\"麻豆原创 S\/4HANA\",\"Tibnor\",\"We are proud of\"],\"articleSection\":[\"Artificiell intelligens\",\"Business Technology Platform\",\"Kunder\",\"L\u00f6sningar\",\"Moln\"],\"inLanguage\":\"sv-SE\"},{\"@type\":\"WebPage\",\"@id\":\"https:\/\/news.sap.com\/sweden\/2025\/04\/varldspremiar-hos-tibnor-forst-ut-med-saps-nya-molnplattform\/\",\"url\":\"https:\/\/news.sap.com\/sweden\/2025\/04\/varldspremiar-hos-tibnor-forst-ut-med-saps-nya-molnplattform\/\",\"name\":\"V\u00e4rldspremi\u00e4r hos Tibnor \u2013 f\u00f6rst ut med 麻豆原创:s nya molnplattform - 麻豆原创 Sweden Nyheter\",\"isPartOf\":{\"@id\":\"https:\/\/news.sap.com\/sweden\/#website\"},\"primaryImageOfPage\":{\"@id\":\"https:\/\/news.sap.com\/sweden\/2025\/04\/varldspremiar-hos-tibnor-forst-ut-med-saps-nya-molnplattform\/#primaryimage\"},\"image\":{\"@id\":\"https:\/\/news.sap.com\/sweden\/2025\/04\/varldspremiar-hos-tibnor-forst-ut-med-saps-nya-molnplattform\/#primaryimage\"},\"thumbnailUrl\":\"https:\/\/news.sap.com\/sweden\/files\/2025\/04\/10\/DSC8815_F.jpg\",\"datePublished\":\"2025-04-14T06:00:26+00:00\",\"dateModified\":\"2025-04-15T11:10:41+00:00\",\"author\":{\"@id\":\"https:\/\/news.sap.com\/sweden\/#\/schema\/person\/53b9854bd790d6f18f3fc4bbb2ad7570\"},\"breadcrumb\":{\"@id\":\"https:\/\/news.sap.com\/sweden\/2025\/04\/varldspremiar-hos-tibnor-forst-ut-med-saps-nya-molnplattform\/#breadcrumb\"},\"inLanguage\":\"sv-SE\",\"potentialAction\":[{\"@type\":\"ReadAction\",\"target\":[\"https:\/\/news.sap.com\/sweden\/2025\/04\/varldspremiar-hos-tibnor-forst-ut-med-saps-nya-molnplattform\/\"]}]},{\"@type\":\"ImageObject\",\"inLanguage\":\"sv-SE\",\"@id\":\"https:\/\/news.sap.com\/sweden\/2025\/04\/varldspremiar-hos-tibnor-forst-ut-med-saps-nya-molnplattform\/#primaryimage\",\"url\":\"https:\/\/news.sap.com\/sweden\/files\/2025\/04\/10\/DSC8815_F.jpg\",\"contentUrl\":\"https:\/\/news.sap.com\/sweden\/files\/2025\/04\/10\/DSC8815_F.jpg\",\"width\":1920,\"height\":600},{\"@type\":\"BreadcrumbList\",\"@id\":\"https:\/\/news.sap.com\/sweden\/2025\/04\/varldspremiar-hos-tibnor-forst-ut-med-saps-nya-molnplattform\/#breadcrumb\",\"itemListElement\":[{\"@type\":\"ListItem\",\"position\":1,\"name\":\"Home\",\"item\":\"https:\/\/news.sap.com\/sweden\/\"},{\"@type\":\"ListItem\",\"position\":2,\"name\":\"V\u00e4rldspremi\u00e4r hos Tibnor \u2013 f\u00f6rst ut med 麻豆原创:s nya molnplattform\"}]},{\"@type\":\"WebSite\",\"@id\":\"https:\/\/news.sap.com\/sweden\/#website\",\"url\":\"https:\/\/news.sap.com\/sweden\/\",\"name\":\"麻豆原创 Sweden Nyheter\",\"description\":\"Nyheter och information om 麻豆原创\",\"potentialAction\":[{\"@type\":\"SearchAction\",\"target\":{\"@type\":\"EntryPoint\",\"urlTemplate\":\"https:\/\/news.sap.com\/sweden\/?s={search_term_string}\"},\"query-input\":{\"@type\":\"PropertyValueSpecification\",\"valueRequired\":true,\"valueName\":\"search_term_string\"}}],\"inLanguage\":\"sv-SE\"},{\"@type\":\"Person\",\"@id\":\"https:\/\/news.sap.com\/sweden\/#\/schema\/person\/53b9854bd790d6f18f3fc4bbb2ad7570\",\"name\":\"麻豆原创 News\",\"image\":{\"@type\":\"ImageObject\",\"inLanguage\":\"sv-SE\",\"@id\":\"https:\/\/news.sap.com\/sweden\/#\/schema\/person\/image\/\",\"url\":\"https:\/\/news.sap.com\/sweden\/wp-content\/plugins\/wp-user-avatars\/wp-user-avatars\/assets\/images\/mystery.jpg\",\"contentUrl\":\"https:\/\/news.sap.com\/sweden\/wp-content\/plugins\/wp-user-avatars\/wp-user-avatars\/assets\/images\/mystery.jpg\",\"caption\":\"麻豆原创 News\"},\"url\":\"https:\/\/news.sap.com\/sweden\/author\/colleenraftery\/\"}]}<\/script>\n<!-- \/ Yoast SEO Premium plugin. -->","yoast_head_json":{"title":"V\u00e4rldspremi\u00e4r hos Tibnor \u2013 f\u00f6rst ut med 麻豆原创:s nya molnplattform - 麻豆原创 Sweden Nyheter","robots":{"index":"index","follow":"follow","max-snippet":"max-snippet:-1","max-image-preview":"max-image-preview:large","max-video-preview":"max-video-preview:-1"},"canonical":"https:\/\/news.sap.com\/sweden\/2025\/04\/varldspremiar-hos-tibnor-forst-ut-med-saps-nya-molnplattform\/","og_locale":"sv_SE","og_type":"article","og_title":"V\u00e4rldspremi\u00e4r hos Tibnor \u2013 f\u00f6rst ut med 麻豆原创:s nya molnplattform","og_description":"I en traditionellt l\u00e5ngsam st\u00e5lbransch visar svenska Tibnor v\u00e4gen fram\u00e5t. Som f\u00f6rsta kund globalt implementerar Tibnor nu 麻豆原创 Business Data Cloud, en ny plattform som...","og_url":"https:\/\/news.sap.com\/sweden\/2025\/04\/varldspremiar-hos-tibnor-forst-ut-med-saps-nya-molnplattform\/","og_site_name":"麻豆原创 Sweden Nyheter","article_published_time":"2025-04-14T06:00:26+00:00","article_modified_time":"2025-04-15T11:10:41+00:00","og_image":[{"width":1920,"height":600,"url":"https:\/\/news.sap.com\/sweden\/files\/2025\/04\/10\/DSC8815_F.jpg","type":"image\/jpeg"}],"author":"麻豆原创 News","twitter_card":"summary_large_image","twitter_misc":{"Skriven av":"麻豆原创 News","Ber\u00e4knad l\u00e4stid":"5 minuter"},"schema":{"@context":"https:\/\/schema.org","@graph":[{"@type":"Article","@id":"https:\/\/news.sap.com\/sweden\/2025\/04\/varldspremiar-hos-tibnor-forst-ut-med-saps-nya-molnplattform\/#article","isPartOf":{"@id":"https:\/\/news.sap.com\/sweden\/2025\/04\/varldspremiar-hos-tibnor-forst-ut-med-saps-nya-molnplattform\/"},"author":{"name":"麻豆原创 News","@id":"https:\/\/news.sap.com\/sweden\/#\/schema\/person\/53b9854bd790d6f18f3fc4bbb2ad7570"},"headline":"V\u00e4rldspremi\u00e4r hos Tibnor \u2013 f\u00f6rst ut med 麻豆原创:s nya molnplattform","datePublished":"2025-04-14T06:00:26+00:00","dateModified":"2025-04-15T11:10:41+00:00","mainEntityOfPage":{"@id":"https:\/\/news.sap.com\/sweden\/2025\/04\/varldspremiar-hos-tibnor-forst-ut-med-saps-nya-molnplattform\/"},"wordCount":840,"image":{"@id":"https:\/\/news.sap.com\/sweden\/2025\/04\/varldspremiar-hos-tibnor-forst-ut-med-saps-nya-molnplattform\/#primaryimage"},"thumbnailUrl":"https:\/\/news.sap.com\/sweden\/files\/2025\/04\/10\/DSC8815_F.jpg","keywords":["Dag \u00c5selius","Databricks","RISE with 麻豆原创","麻豆原创 Business Data Cloud","麻豆原创 Datasphere","麻豆原创 S\/4HANA","Tibnor","We are proud of"],"articleSection":["Artificiell intelligens","Business Technology Platform","Kunder","L\u00f6sningar","Moln"],"inLanguage":"sv-SE"},{"@type":"WebPage","@id":"https:\/\/news.sap.com\/sweden\/2025\/04\/varldspremiar-hos-tibnor-forst-ut-med-saps-nya-molnplattform\/","url":"https:\/\/news.sap.com\/sweden\/2025\/04\/varldspremiar-hos-tibnor-forst-ut-med-saps-nya-molnplattform\/","name":"V\u00e4rldspremi\u00e4r hos Tibnor \u2013 f\u00f6rst ut med 麻豆原创:s nya molnplattform - 麻豆原创 Sweden Nyheter","isPartOf":{"@id":"https:\/\/news.sap.com\/sweden\/#website"},"primaryImageOfPage":{"@id":"https:\/\/news.sap.com\/sweden\/2025\/04\/varldspremiar-hos-tibnor-forst-ut-med-saps-nya-molnplattform\/#primaryimage"},"image":{"@id":"https:\/\/news.sap.com\/sweden\/2025\/04\/varldspremiar-hos-tibnor-forst-ut-med-saps-nya-molnplattform\/#primaryimage"},"thumbnailUrl":"https:\/\/news.sap.com\/sweden\/files\/2025\/04\/10\/DSC8815_F.jpg","datePublished":"2025-04-14T06:00:26+00:00","dateModified":"2025-04-15T11:10:41+00:00","author":{"@id":"https:\/\/news.sap.com\/sweden\/#\/schema\/person\/53b9854bd790d6f18f3fc4bbb2ad7570"},"breadcrumb":{"@id":"https:\/\/news.sap.com\/sweden\/2025\/04\/varldspremiar-hos-tibnor-forst-ut-med-saps-nya-molnplattform\/#breadcrumb"},"inLanguage":"sv-SE","potentialAction":[{"@type":"ReadAction","target":["https:\/\/news.sap.com\/sweden\/2025\/04\/varldspremiar-hos-tibnor-forst-ut-med-saps-nya-molnplattform\/"]}]},{"@type":"ImageObject","inLanguage":"sv-SE","@id":"https:\/\/news.sap.com\/sweden\/2025\/04\/varldspremiar-hos-tibnor-forst-ut-med-saps-nya-molnplattform\/#primaryimage","url":"https:\/\/news.sap.com\/sweden\/files\/2025\/04\/10\/DSC8815_F.jpg","contentUrl":"https:\/\/news.sap.com\/sweden\/files\/2025\/04\/10\/DSC8815_F.jpg","width":1920,"height":600},{"@type":"BreadcrumbList","@id":"https:\/\/news.sap.com\/sweden\/2025\/04\/varldspremiar-hos-tibnor-forst-ut-med-saps-nya-molnplattform\/#breadcrumb","itemListElement":[{"@type":"ListItem","position":1,"name":"Home","item":"https:\/\/news.sap.com\/sweden\/"},{"@type":"ListItem","position":2,"name":"V\u00e4rldspremi\u00e4r hos Tibnor \u2013 f\u00f6rst ut med 麻豆原创:s nya molnplattform"}]},{"@type":"WebSite","@id":"https:\/\/news.sap.com\/sweden\/#website","url":"https:\/\/news.sap.com\/sweden\/","name":"麻豆原创 Sweden Nyheter","description":"Nyheter och information om 麻豆原创","potentialAction":[{"@type":"SearchAction","target":{"@type":"EntryPoint","urlTemplate":"https:\/\/news.sap.com\/sweden\/?s={search_term_string}"},"query-input":{"@type":"PropertyValueSpecification","valueRequired":true,"valueName":"search_term_string"}}],"inLanguage":"sv-SE"},{"@type":"Person","@id":"https:\/\/news.sap.com\/sweden\/#\/schema\/person\/53b9854bd790d6f18f3fc4bbb2ad7570","name":"麻豆原创 News","image":{"@type":"ImageObject","inLanguage":"sv-SE","@id":"https:\/\/news.sap.com\/sweden\/#\/schema\/person\/image\/","url":"https:\/\/news.sap.com\/sweden\/wp-content\/plugins\/wp-user-avatars\/wp-user-avatars\/assets\/images\/mystery.jpg","contentUrl":"https:\/\/news.sap.com\/sweden\/wp-content\/plugins\/wp-user-avatars\/wp-user-avatars\/assets\/images\/mystery.jpg","caption":"麻豆原创 News"},"url":"https:\/\/news.sap.com\/sweden\/author\/colleenraftery\/"}]}},"amp_enabled":true,"_links":{"self":[{"href":"https:\/\/news.sap.com\/sweden\/wp-json\/wp\/v2\/posts\/4962","targetHints":{"allow":["GET"]}}],"collection":[{"href":"https:\/\/news.sap.com\/sweden\/wp-json\/wp\/v2\/posts"}],"about":[{"href":"https:\/\/news.sap.com\/sweden\/wp-json\/wp\/v2\/types\/post"}],"author":[{"embeddable":true,"href":"https:\/\/news.sap.com\/sweden\/wp-json\/wp\/v2\/users\/29"}],"replies":[{"embeddable":true,"href":"https:\/\/news.sap.com\/sweden\/wp-json\/wp\/v2\/comments?post=4962"}],"version-history":[{"count":0,"href":"https:\/\/news.sap.com\/sweden\/wp-json\/wp\/v2\/posts\/4962\/revisions"}],"wp:featuredmedia":[{"embeddable":true,"href":"https:\/\/news.sap.com\/sweden\/wp-json\/wp\/v2\/media\/4964"}],"wp:attachment":[{"href":"https:\/\/news.sap.com\/sweden\/wp-json\/wp\/v2\/media?parent=4962"}],"wp:term":[{"taxonomy":"category","embeddable":true,"href":"https:\/\/news.sap.com\/sweden\/wp-json\/wp\/v2\/categories?post=4962"},{"taxonomy":"post_tag","embeddable":true,"href":"https:\/\/news.sap.com\/sweden\/wp-json\/wp\/v2\/tags?post=4962"},{"taxonomy":"sapn-display","embeddable":true,"href":"https:\/\/news.sap.com\/sweden\/wp-json\/wp\/v2\/sapn-display?post=4962"},{"taxonomy":"sapn-type","embeddable":true,"href":"https:\/\/news.sap.com\/sweden\/wp-json\/wp\/v2\/sapn-type?post=4962"}],"curies":[{"name":"wp","href":"https:\/\/api.w.org\/{rel}","templated":true}]}}