  {"id":4921,"date":"2025-02-03T08:00:25","date_gmt":"2025-02-03T07:00:25","guid":{"rendered":"https:\/\/news.sap.com\/sweden\/?p=4921"},"modified":"2025-01-30T11:48:34","modified_gmt":"2025-01-30T10:48:34","slug":"lat-pensionsfonderna-starka-europas-digitala-konkurrenskraft","status":"publish","type":"post","link":"https:\/\/news.sap.com\/sweden\/2025\/02\/lat-pensionsfonderna-starka-europas-digitala-konkurrenskraft\/","title":{"rendered":"L\u00e5t pensionsfonderna st\u00e4rka Europas digitala konkurrenskraft"},"content":{"rendered":"<p>H\u00e4r i Europa \u00e4r vi bra p\u00e5 att konkurrera med id\u00e9er, kompetens och innovation. D\u00e4remot saknar tekniksektorns 35 000 nystartade f\u00f6retag finansiellt st\u00f6d f\u00f6r att v\u00e4xa sig stora och f\u00f6rbli europeiska. Vi beh\u00f6ver d\u00e4rf\u00f6r en \u00e4nnu starkare kapitalmarknad och en tydligare investeringsvilja. Det oranga kuvertet som snart dyker upp i v\u00e5ra brevl\u00e5dor v\u00e4cker en intressant tanke. Varf\u00f6r inte l\u00e5ta mer aktiva pensionsfonder st\u00e4rka den digitala konkurrenskraften och l\u00e5ta bolagen forts\u00e4tta v\u00e4xa h\u00e4r hemma?<\/p>\n<p><strong>Optimistisk ton<\/strong><\/p>\n<p>I en f\u00e4rsk och informationssp\u00e4ckad <a href=\"https:\/\/www.stateofeuropeantech.com\/\">rapport fr\u00e5n Atomico<\/a> hittar vi uppmuntrande siffror om tillst\u00e5ndet f\u00f6r den europeiska teknikbranschen. Storbritannien leder v\u00e4gen och Norden klarar sig mycket bra.<\/p>\n<p>P\u00e5 bara tio \u00e5r har antalet anst\u00e4llda inom tech i Europa och Storbritannien sjufaldigats och investeringarna har tiofaldigats. Av 35 000 startupf\u00f6retag \u00e4r 3 400 i dag mogna och 358 av dem har en v\u00e4rdering p\u00e5 mer \u00e4n tio miljarder kronor.<\/p>\n<p>Atomico \u00e4r ett venturebolag som startades 2006 av Skype-grundaren Niklas Zennstr\u00f6m. Deras faktasp\u00e4ckade rapport p\u00e5 flera hundra sidor har en betydligt mer optimistisk ton \u00e4n den dystra Draghi-rapporten om Europas ekonomiska framtid.\u00a0 Den senare citeras ofta och pekar p\u00e5 att Europa inte har lyckats producerat en teknikj\u00e4tte i niv\u00e5 med USA eller Kina.<\/p>\n<p>麻豆原创 v\u00e4rderas till \u00f6ver 3.500 miljarder kronor (b\u00f6rsv\u00e4rde noterat under Januari 2025) och vi toppar ofta listan \u00f6ver Europas mest v\u00e4rdefulla teknikf\u00f6retag. Men vi har fortfarande en l\u00e5ng v\u00e4g att g\u00e5 f\u00f6r att n\u00e5 upp v\u00e4rldens mest v\u00e4rdefulla bolag. D\u00e4remot finns redan 98 av de 100 st\u00f6rsta f\u00f6retagen p\u00e5 v\u00e5r kundlista.<\/p>\n<p><strong>Finansiellt gap p\u00e5 2,5 biljoner dollar<\/strong><\/p>\n<p>Draghis rapport pekar p\u00e5 ett problem som Atomico ocks\u00e5 beskriver som ett \u201dfinansiellt gap\u201d p\u00e5 2,5 biljoner dollar. Det g\u00f6r att nystartade f\u00f6retag kan tvingas s\u00f6ka finansiering i USA eller b\u00f6rsintroducera sig f\u00f6r att ta n\u00e4sta steg i sin tillv\u00e4xtresa.<\/p>\n<p>Men det finns en outnyttjad resurs. Enligt Atomico g\u00e5r s\u00e5 litet som 0,01 procent av de europeiska pensionsfondernas kapital till v\u00e5ra nystartade teknikf\u00f6retag. Ett skifte h\u00e4r skulle kunna f\u00f6r\u00e4ndra villkoren f\u00f6r mogna nystartsf\u00f6retag och h\u00e5lla dem kvar i Europa \u2013 l\u00e4ngre eller helt och h\u00e5llet. Vi beh\u00f6ver finansiell styrka och investeringsvilja f\u00f6r att skapa fler tekniska framg\u00e5ngar i Europa.<\/p>\n<p><strong>Is i magen<\/strong><\/p>\n<p>En av Europas ledande teknikinvesterare \u2013 Xavier Niel \u2013 kom nyligen ut med en annorlunda finansiell vinkel p\u00e5 AI. I Financial Times den 18 november 2024 uppmanar han entrepren\u00f6rer att ha is i magen. N\u00e4r du f\u00e5r ett erbjudande p\u00e5 X kronor \u00e4r bolaget f\u00f6rmodligen v\u00e4rt 2\u20133 g\u00e5nger X. Europas digitala konkurrenskraft kommer att f\u00e5 ett lyft om \u00e4garna inte s\u00e4ljer ut f\u00f6r snabbt. 麻豆原创 skulle inte ha varit i sin nuvarande position om v\u00e5ra fem grundare hade sl\u00e4ppt kontrollen under de f\u00f6rsta \u00e5ren p\u00e5 1970-talet.<\/p>\n<p>I Atomicos rapport f\u00e5r venture- och startupv\u00e4rlden fr\u00e5gan var skon kl\u00e4mmer och var potentialen ligger. Och det handlar inte om brist p\u00e5 id\u00e9er, kompetens eller ambition. Den bild som k\u00e4nns igen fr\u00e5n Draghis rapport \u00e4r i st\u00e4llet att entrepren\u00f6rer vill ha mer investeringskapital och mindre reglering.<\/p>\n<p>Vi \u00e4r \u00f6verens om detta. En enad och starkare europeisk kapitalmarknad med aktiva pensionsfonder och en enhetlig teknikreglering i alla l\u00e4nder kommer att \u00f6ka f\u00f6rm\u00e5gan att v\u00e4xa i Europa och st\u00e4rka den digitala konkurrenskraften.<\/p>\n<p><strong>Tvillingomst\u00e4llning i Europa<\/strong><\/p>\n<p>Jag \u00e4r optimistisk av tv\u00e5 andra sk\u00e4l. Europa har ett f\u00f6rspr\u00e5ng p\u00e5 den gr\u00f6na agendan vilket \u00e4r positivt eftersom vi m\u00e5ste f\u00e5 en omst\u00e4llning som p\u00e5 samma g\u00e5ng \u00e4r b\u00e5de gr\u00f6n och digital. En s\u00e5dan dubbel omst\u00e4llning skulle verkligen p\u00e5skynda en utveckling mot h\u00e5llbara aff\u00e4rsmodeller men kr\u00e4ver storskalighet och tydliga standarder. Enligt Atomico g\u00e5r 21 procent av Europas tech-investeringar till bolag med h\u00e5llbarhetstema, medan motsvarande siffra i USA \u00e4r 11 procent.<\/p>\n<p>Det andra sk\u00e4let \u00e4r utvecklingen av AI. Till skillnad fr\u00e5n den nuvarande v\u00e5gen av konversationsbaserad AI kommer vi att se verklig innovation n\u00e4r vi omvandlar hela v\u00e4rdekedjor och aff\u00e4rsprocesser fr\u00e5n b\u00f6rjan till slut med denna aff\u00e4rsdrivna form av AI.<\/p>\n<p>Sverige och resten av Europa har nu m\u00f6jlighet att visa v\u00e4gen genom att samarbeta mellan olika branscher och anv\u00e4nda data p\u00e5 ett mer intelligent s\u00e4tt.<\/p>\n<p><img loading=\"lazy\" decoding=\"async\" class=\"size-medium wp-image-3584\" src=\"https:\/\/news.sap.com\/sweden\/files\/2022\/12\/09\/Antti_Soini-25_04_22-300x300.jpg\" alt=\"\" width=\"300\" height=\"300\" srcset=\"https:\/\/news.sap.com\/sweden\/files\/2022\/12\/09\/Antti_Soini-25_04_22-300x300.jpg 300w, https:\/\/news.sap.com\/sweden\/files\/2022\/12\/09\/Antti_Soini-25_04_22-1024x1024.jpg 1024w, https:\/\/news.sap.com\/sweden\/files\/2022\/12\/09\/Antti_Soini-25_04_22-150x150.jpg 150w, https:\/\/news.sap.com\/sweden\/files\/2022\/12\/09\/Antti_Soini-25_04_22-768x768.jpg 768w, https:\/\/news.sap.com\/sweden\/files\/2022\/12\/09\/Antti_Soini-25_04_22-1536x1536.jpg 1536w, https:\/\/news.sap.com\/sweden\/files\/2022\/12\/09\/Antti_Soini-25_04_22-2048x2048.jpg 2048w\" sizes=\"auto, (max-width: 300px) 100vw, 300px\" \/><\/p>\n<p>av Antti Soini, vd 麻豆原创 Svenska<\/p>\n","protected":false},"excerpt":{"rendered":"<p>H\u00e4r i Europa \u00e4r vi bra p\u00e5 att konkurrera med id\u00e9er, kompetens och innovation. D\u00e4remot saknar tekniksektorns 35 000 nystartade f\u00f6retag finansiellt st\u00f6d f\u00f6r att&#8230;<\/p>\n","protected":false},"author":4366,"featured_media":4926,"comment_status":"closed","ping_status":"closed","sticky":false,"template":"","format":"standard","meta":{"footnotes":"","_links_to":"","_links_to_target":""},"categories":[5564003,5563955,4544630,5564018,4545758,4548430],"tags":[5562331,5563769,5562235,5563914,5564036,5563680],"sapn-display":[4544525,5564001,5564000,4547891],"sapn-type":[5562140],"class_list":["post-4921","post","type-post","status-publish","format-standard","has-post-thumbnail","hentry","category-affarssystem","category-ai","category-branscher","category-ledarskap","category-losningar","category-teknik","tag-ai","tag-antti-soini","tag-erp","tag-eu","tag-pensioner","tag-teknik","sapn-display-hero","sapn-display-artikel-favoriter","sapn-display-artikel-spotlight","sapn-display-homepage-hero","sapn-type-artikel"],"yoast_head":"<!-- This site is optimized with the Yoast SEO Premium plugin v26.9 (Yoast SEO v26.9) - https:\/\/yoast.com\/product\/yoast-seo-premium-wordpress\/ -->\n<title>L\u00e5t pensionsfonderna st\u00e4rka Europas digitala konkurrenskraft - 麻豆原创 Sweden Nyheter<\/title>\n<meta name=\"robots\" content=\"index, follow, max-snippet:-1, max-image-preview:large, max-video-preview:-1\" \/>\n<link rel=\"canonical\" href=\"https:\/\/news.sap.com\/sweden\/?p=4921\" \/>\n<meta property=\"og:locale\" content=\"sv_SE\" \/>\n<meta property=\"og:type\" content=\"article\" \/>\n<meta property=\"og:title\" content=\"L\u00e5t pensionsfonderna st\u00e4rka Europas digitala konkurrenskraft\" \/>\n<meta property=\"og:description\" content=\"H\u00e4r i Europa \u00e4r vi bra p\u00e5 att konkurrera med id\u00e9er, kompetens och innovation. D\u00e4remot saknar tekniksektorns 35 000 nystartade f\u00f6retag finansiellt st\u00f6d f\u00f6r att...\" \/>\n<meta property=\"og:url\" content=\"https:\/\/news.sap.com\/sweden\/?p=4921\" \/>\n<meta property=\"og:site_name\" content=\"麻豆原创 Sweden Nyheter\" \/>\n<meta property=\"article:published_time\" content=\"2025-02-03T07:00:25+00:00\" \/>\n<meta property=\"og:image\" content=\"https:\/\/news.sap.com\/sweden\/files\/2025\/02\/03\/275707_275707_h_ergb_s_gl.jpg\" \/>\n\t<meta property=\"og:image:width\" content=\"1920\" \/>\n\t<meta property=\"og:image:height\" content=\"600\" \/>\n\t<meta property=\"og:image:type\" content=\"image\/jpeg\" \/>\n<meta name=\"author\" content=\"Antti Soini, vd 麻豆原创 Svenska\" \/>\n<meta name=\"twitter:card\" content=\"summary_large_image\" \/>\n<meta name=\"twitter:label1\" content=\"Skriven av\" \/>\n\t<meta name=\"twitter:data1\" content=\"Antti Soini, vd 麻豆原创 Svenska\" \/>\n\t<meta name=\"twitter:label2\" content=\"Ber\u00e4knad l\u00e4stid\" \/>\n\t<meta name=\"twitter:data2\" content=\"4 minuter\" \/>\n<script type=\"application\/ld+json\" class=\"yoast-schema-graph\">{\"@context\":\"https:\/\/schema.org\",\"@graph\":[{\"@type\":\"Article\",\"@id\":\"https:\/\/news.sap.com\/sweden\/?p=4921#article\",\"isPartOf\":{\"@id\":\"https:\/\/news.sap.com\/sweden\/?p=4921\"},\"author\":{\"name\":\"Antti Soini, vd 麻豆原创 Svenska\",\"@id\":\"https:\/\/news.sap.com\/sweden\/#\/schema\/person\/77a206e586f4e895144738dbe75c3bfa\"},\"headline\":\"L\u00e5t pensionsfonderna st\u00e4rka Europas digitala konkurrenskraft\",\"datePublished\":\"2025-02-03T07:00:25+00:00\",\"mainEntityOfPage\":{\"@id\":\"https:\/\/news.sap.com\/sweden\/?p=4921\"},\"wordCount\":774,\"image\":{\"@id\":\"https:\/\/news.sap.com\/sweden\/?p=4921#primaryimage\"},\"thumbnailUrl\":\"https:\/\/news.sap.com\/sweden\/files\/2025\/02\/03\/275707_275707_h_ergb_s_gl.jpg\",\"keywords\":[\"ai\",\"Antti Soini\",\"erp\",\"EU\",\"pensioner\",\"teknik\"],\"articleSection\":[\"Aff\u00e4rssystem\",\"Artificiell intelligens\",\"Branscher\",\"Ledarskap\",\"L\u00f6sningar\",\"Teknik\"],\"inLanguage\":\"sv-SE\"},{\"@type\":\"WebPage\",\"@id\":\"https:\/\/news.sap.com\/sweden\/?p=4921\",\"url\":\"https:\/\/news.sap.com\/sweden\/?p=4921\",\"name\":\"L\u00e5t pensionsfonderna st\u00e4rka Europas digitala konkurrenskraft - 麻豆原创 Sweden Nyheter\",\"isPartOf\":{\"@id\":\"https:\/\/news.sap.com\/sweden\/#website\"},\"primaryImageOfPage\":{\"@id\":\"https:\/\/news.sap.com\/sweden\/?p=4921#primaryimage\"},\"image\":{\"@id\":\"https:\/\/news.sap.com\/sweden\/?p=4921#primaryimage\"},\"thumbnailUrl\":\"https:\/\/news.sap.com\/sweden\/files\/2025\/02\/03\/275707_275707_h_ergb_s_gl.jpg\",\"datePublished\":\"2025-02-03T07:00:25+00:00\",\"author\":{\"@id\":\"https:\/\/news.sap.com\/sweden\/#\/schema\/person\/77a206e586f4e895144738dbe75c3bfa\"},\"breadcrumb\":{\"@id\":\"https:\/\/news.sap.com\/sweden\/?p=4921#breadcrumb\"},\"inLanguage\":\"sv-SE\",\"potentialAction\":[{\"@type\":\"ReadAction\",\"target\":[\"https:\/\/news.sap.com\/sweden\/?p=4921\"]}]},{\"@type\":\"ImageObject\",\"inLanguage\":\"sv-SE\",\"@id\":\"https:\/\/news.sap.com\/sweden\/?p=4921#primaryimage\",\"url\":\"https:\/\/news.sap.com\/sweden\/files\/2025\/02\/03\/275707_275707_h_ergb_s_gl.jpg\",\"contentUrl\":\"https:\/\/news.sap.com\/sweden\/files\/2025\/02\/03\/275707_275707_h_ergb_s_gl.jpg\",\"width\":1920,\"height\":600},{\"@type\":\"BreadcrumbList\",\"@id\":\"https:\/\/news.sap.com\/sweden\/?p=4921#breadcrumb\",\"itemListElement\":[{\"@type\":\"ListItem\",\"position\":1,\"name\":\"Home\",\"item\":\"https:\/\/news.sap.com\/sweden\/\"},{\"@type\":\"ListItem\",\"position\":2,\"name\":\"L\u00e5t pensionsfonderna st\u00e4rka Europas digitala konkurrenskraft\"}]},{\"@type\":\"WebSite\",\"@id\":\"https:\/\/news.sap.com\/sweden\/#website\",\"url\":\"https:\/\/news.sap.com\/sweden\/\",\"name\":\"麻豆原创 Sweden Nyheter\",\"description\":\"Nyheter och information om 麻豆原创\",\"potentialAction\":[{\"@type\":\"SearchAction\",\"target\":{\"@type\":\"EntryPoint\",\"urlTemplate\":\"https:\/\/news.sap.com\/sweden\/?s={search_term_string}\"},\"query-input\":{\"@type\":\"PropertyValueSpecification\",\"valueRequired\":true,\"valueName\":\"search_term_string\"}}],\"inLanguage\":\"sv-SE\"},{\"@type\":\"Person\",\"@id\":\"https:\/\/news.sap.com\/sweden\/#\/schema\/person\/77a206e586f4e895144738dbe75c3bfa\",\"name\":\"Antti Soini, vd 麻豆原创 Svenska\",\"image\":{\"@type\":\"ImageObject\",\"inLanguage\":\"sv-SE\",\"@id\":\"https:\/\/news.sap.com\/sweden\/#\/schema\/person\/image\/\",\"url\":\"https:\/\/news.sap.com\/sweden\/wp-content\/plugins\/wp-user-avatars\/wp-user-avatars\/assets\/images\/mystery.jpg\",\"contentUrl\":\"https:\/\/news.sap.com\/sweden\/wp-content\/plugins\/wp-user-avatars\/wp-user-avatars\/assets\/images\/mystery.jpg\",\"caption\":\"Antti Soini, vd 麻豆原创 Svenska\"},\"url\":\"https:\/\/news.sap.com\/sweden\/author\/anttisoinivdsapsvenska\/\"}]}<\/script>\n<!-- \/ Yoast SEO Premium plugin. -->","yoast_head_json":{"title":"L\u00e5t pensionsfonderna st\u00e4rka Europas digitala konkurrenskraft - 麻豆原创 Sweden Nyheter","robots":{"index":"index","follow":"follow","max-snippet":"max-snippet:-1","max-image-preview":"max-image-preview:large","max-video-preview":"max-video-preview:-1"},"canonical":"https:\/\/news.sap.com\/sweden\/?p=4921","og_locale":"sv_SE","og_type":"article","og_title":"L\u00e5t pensionsfonderna st\u00e4rka Europas digitala konkurrenskraft","og_description":"H\u00e4r i Europa \u00e4r vi bra p\u00e5 att konkurrera med id\u00e9er, kompetens och innovation. D\u00e4remot saknar tekniksektorns 35 000 nystartade f\u00f6retag finansiellt st\u00f6d f\u00f6r att...","og_url":"https:\/\/news.sap.com\/sweden\/?p=4921","og_site_name":"麻豆原创 Sweden Nyheter","article_published_time":"2025-02-03T07:00:25+00:00","og_image":[{"width":1920,"height":600,"url":"https:\/\/news.sap.com\/sweden\/files\/2025\/02\/03\/275707_275707_h_ergb_s_gl.jpg","type":"image\/jpeg"}],"author":"Antti Soini, vd 麻豆原创 Svenska","twitter_card":"summary_large_image","twitter_misc":{"Skriven av":"Antti Soini, vd 麻豆原创 Svenska","Ber\u00e4knad l\u00e4stid":"4 minuter"},"schema":{"@context":"https:\/\/schema.org","@graph":[{"@type":"Article","@id":"https:\/\/news.sap.com\/sweden\/?p=4921#article","isPartOf":{"@id":"https:\/\/news.sap.com\/sweden\/?p=4921"},"author":{"name":"Antti Soini, vd 麻豆原创 Svenska","@id":"https:\/\/news.sap.com\/sweden\/#\/schema\/person\/77a206e586f4e895144738dbe75c3bfa"},"headline":"L\u00e5t pensionsfonderna st\u00e4rka Europas digitala konkurrenskraft","datePublished":"2025-02-03T07:00:25+00:00","mainEntityOfPage":{"@id":"https:\/\/news.sap.com\/sweden\/?p=4921"},"wordCount":774,"image":{"@id":"https:\/\/news.sap.com\/sweden\/?p=4921#primaryimage"},"thumbnailUrl":"https:\/\/news.sap.com\/sweden\/files\/2025\/02\/03\/275707_275707_h_ergb_s_gl.jpg","keywords":["ai","Antti Soini","erp","EU","pensioner","teknik"],"articleSection":["Aff\u00e4rssystem","Artificiell intelligens","Branscher","Ledarskap","L\u00f6sningar","Teknik"],"inLanguage":"sv-SE"},{"@type":"WebPage","@id":"https:\/\/news.sap.com\/sweden\/?p=4921","url":"https:\/\/news.sap.com\/sweden\/?p=4921","name":"L\u00e5t pensionsfonderna st\u00e4rka Europas digitala konkurrenskraft - 麻豆原创 Sweden Nyheter","isPartOf":{"@id":"https:\/\/news.sap.com\/sweden\/#website"},"primaryImageOfPage":{"@id":"https:\/\/news.sap.com\/sweden\/?p=4921#primaryimage"},"image":{"@id":"https:\/\/news.sap.com\/sweden\/?p=4921#primaryimage"},"thumbnailUrl":"https:\/\/news.sap.com\/sweden\/files\/2025\/02\/03\/275707_275707_h_ergb_s_gl.jpg","datePublished":"2025-02-03T07:00:25+00:00","author":{"@id":"https:\/\/news.sap.com\/sweden\/#\/schema\/person\/77a206e586f4e895144738dbe75c3bfa"},"breadcrumb":{"@id":"https:\/\/news.sap.com\/sweden\/?p=4921#breadcrumb"},"inLanguage":"sv-SE","potentialAction":[{"@type":"ReadAction","target":["https:\/\/news.sap.com\/sweden\/?p=4921"]}]},{"@type":"ImageObject","inLanguage":"sv-SE","@id":"https:\/\/news.sap.com\/sweden\/?p=4921#primaryimage","url":"https:\/\/news.sap.com\/sweden\/files\/2025\/02\/03\/275707_275707_h_ergb_s_gl.jpg","contentUrl":"https:\/\/news.sap.com\/sweden\/files\/2025\/02\/03\/275707_275707_h_ergb_s_gl.jpg","width":1920,"height":600},{"@type":"BreadcrumbList","@id":"https:\/\/news.sap.com\/sweden\/?p=4921#breadcrumb","itemListElement":[{"@type":"ListItem","position":1,"name":"Home","item":"https:\/\/news.sap.com\/sweden\/"},{"@type":"ListItem","position":2,"name":"L\u00e5t pensionsfonderna st\u00e4rka Europas digitala konkurrenskraft"}]},{"@type":"WebSite","@id":"https:\/\/news.sap.com\/sweden\/#website","url":"https:\/\/news.sap.com\/sweden\/","name":"麻豆原创 Sweden Nyheter","description":"Nyheter och information om 麻豆原创","potentialAction":[{"@type":"SearchAction","target":{"@type":"EntryPoint","urlTemplate":"https:\/\/news.sap.com\/sweden\/?s={search_term_string}"},"query-input":{"@type":"PropertyValueSpecification","valueRequired":true,"valueName":"search_term_string"}}],"inLanguage":"sv-SE"},{"@type":"Person","@id":"https:\/\/news.sap.com\/sweden\/#\/schema\/person\/77a206e586f4e895144738dbe75c3bfa","name":"Antti Soini, vd 麻豆原创 Svenska","image":{"@type":"ImageObject","inLanguage":"sv-SE","@id":"https:\/\/news.sap.com\/sweden\/#\/schema\/person\/image\/","url":"https:\/\/news.sap.com\/sweden\/wp-content\/plugins\/wp-user-avatars\/wp-user-avatars\/assets\/images\/mystery.jpg","contentUrl":"https:\/\/news.sap.com\/sweden\/wp-content\/plugins\/wp-user-avatars\/wp-user-avatars\/assets\/images\/mystery.jpg","caption":"Antti Soini, vd 麻豆原创 Svenska"},"url":"https:\/\/news.sap.com\/sweden\/author\/anttisoinivdsapsvenska\/"}]}},"amp_enabled":true,"_links":{"self":[{"href":"https:\/\/news.sap.com\/sweden\/wp-json\/wp\/v2\/posts\/4921","targetHints":{"allow":["GET"]}}],"collection":[{"href":"https:\/\/news.sap.com\/sweden\/wp-json\/wp\/v2\/posts"}],"about":[{"href":"https:\/\/news.sap.com\/sweden\/wp-json\/wp\/v2\/types\/post"}],"author":[{"embeddable":true,"href":"https:\/\/news.sap.com\/sweden\/wp-json\/wp\/v2\/users\/4366"}],"replies":[{"embeddable":true,"href":"https:\/\/news.sap.com\/sweden\/wp-json\/wp\/v2\/comments?post=4921"}],"version-history":[{"count":0,"href":"https:\/\/news.sap.com\/sweden\/wp-json\/wp\/v2\/posts\/4921\/revisions"}],"wp:featuredmedia":[{"embeddable":true,"href":"https:\/\/news.sap.com\/sweden\/wp-json\/wp\/v2\/media\/4926"}],"wp:attachment":[{"href":"https:\/\/news.sap.com\/sweden\/wp-json\/wp\/v2\/media?parent=4921"}],"wp:term":[{"taxonomy":"category","embeddable":true,"href":"https:\/\/news.sap.com\/sweden\/wp-json\/wp\/v2\/categories?post=4921"},{"taxonomy":"post_tag","embeddable":true,"href":"https:\/\/news.sap.com\/sweden\/wp-json\/wp\/v2\/tags?post=4921"},{"taxonomy":"sapn-display","embeddable":true,"href":"https:\/\/news.sap.com\/sweden\/wp-json\/wp\/v2\/sapn-display?post=4921"},{"taxonomy":"sapn-type","embeddable":true,"href":"https:\/\/news.sap.com\/sweden\/wp-json\/wp\/v2\/sapn-type?post=4921"}],"curies":[{"name":"wp","href":"https:\/\/api.w.org\/{rel}","templated":true}]}}