  {"id":4870,"date":"2024-10-02T08:00:14","date_gmt":"2024-10-02T06:00:14","guid":{"rendered":"https:\/\/news.sap.com\/sweden\/?p=4870"},"modified":"2024-10-01T12:46:44","modified_gmt":"2024-10-01T10:46:44","slug":"framtidens-arbetskraft-ar-nyckeln-till-sveriges-digitala-ledarskap","status":"publish","type":"post","link":"https:\/\/news.sap.com\/sweden\/2024\/10\/framtidens-arbetskraft-ar-nyckeln-till-sveriges-digitala-ledarskap\/","title":{"rendered":"Framtidens arbetskraft \u00e4r nyckeln till Sveriges digitala ledarskap"},"content":{"rendered":"<p>Tusentals unga studenter har precis klivit in p\u00e5 sina universitetsomr\u00e5den, redo att bygga v\u00e5r framtid. De \u00e4r mer \u00e4n bara hoppfulla akademiker \u2013 de \u00e4r framtidens arbetskraft och grunden f\u00f6r v\u00e5r fortsatta framg\u00e5ng. F\u00f6r vad vore v\u00e5ra digitala framsteg utan m\u00e4nniskorna som st\u00e5r bakom dem?<\/p>\n<p>Jag har haft f\u00f6rm\u00e5nen att p\u00e5 n\u00e4ra h\u00e5ll f\u00f6lja utvecklingen i mitt hemland Finland och h\u00e4r i Sverige d\u00e4r jag bott och verkat under m\u00e5nga \u00e5r. V\u00e5ra l\u00e4nder har alltid st\u00e5tt starka n\u00e4r det kommer till att omfamna ny teknik. Men den verkliga styrkan ligger inte bara i tekniska innovationer utan i f\u00f6rm\u00e5gan att oms\u00e4tta nyfikenhet och kunskap till konkret aff\u00e4rsnytta.<\/p>\n<p>Det \u00e4r precis h\u00e4r utbildningen kommer in i bilden. Oavsett om studenter v\u00e4ljer datavetenskap, ekonomi eller konst, \u00e4r det deras vilja att l\u00e4ra och deras kreativitet som banar v\u00e4g f\u00f6r v\u00e5r globala position som digitala ledarl\u00e4nder.<\/p>\n<p><strong>Kunskapens kraft \u2013 och f\u00f6retagens roll<\/strong><\/p>\n<p>Sverige har inte flest IT-specialister i v\u00e4rlden, men det spelar mindre roll. V\u00e5r styrka ligger i symbiosen mellan aff\u00e4rsstrategi och teknik. Det \u00e4r kombinationen som g\u00f6r oss till ledare inom digital omvandling. Medan andra kanske utvecklar den senaste AI-tekniken, \u00e4r vi m\u00e4stare p\u00e5 att s\u00e4tta tekniken i arbete och skapa v\u00e4rde d\u00e4r det betyder mest \u2013 i v\u00e5ra aff\u00e4rsprocesser och samh\u00e4llssystem.<\/p>\n<p>Det h\u00e4r \u00e4r avg\u00f6rande f\u00f6r de f\u00f6retag som jag pratar med i min roll. Det handlar inte bara om att locka de b\u00e4sta tekniska experterna, utan om att skapa en arbetsmilj\u00f6 d\u00e4r alla typer av kompetenser kan frodas och d\u00e4r id\u00e9er fr\u00e5n olika discipliner kan m\u00f6tas och utvecklas. H\u00e4r ligger v\u00e5r konkurrensf\u00f6rdel.<\/p>\n<p><strong>Den sociala modellen \u2013 Sveriges konkurrenskraftiga f\u00f6rspr\u00e5ng<\/strong><\/p>\n<p>Jag vill ocks\u00e5 lyfta fram v\u00e5r unika arbetskultur. Det \u00e4r ingen slump att svenska f\u00f6retag ofta rankas h\u00f6gt globalt n\u00e4r det g\u00e4ller arbetsmilj\u00f6 och innovation. V\u00e5ra platta hierarkier och tryggheten p\u00e5 v\u00e5ra arbetsplatser skapar en milj\u00f6 d\u00e4r id\u00e9er fl\u00f6dar fritt och team v\u00e5gar t\u00e4nka utanf\u00f6r boxen. H\u00e4r spelar v\u00e5rt sociala skyddsn\u00e4t och skattefinansierade utbildning en central roll och g\u00f6r Sverige till en talangmagnet.<\/p>\n<p>Allt detta kr\u00e4ver att vi forts\u00e4tter att fokusera p\u00e5 att skapa inkluderande och innovativa arbetsmilj\u00f6er. Men det kr\u00e4ver ocks\u00e5 en arbetskraft som inte bara \u00e4r tekniskt kunnig, utan ocks\u00e5 har f\u00f6rm\u00e5gan att ifr\u00e5gas\u00e4tta, skapa nytt och anpassa sig till en v\u00e4rld i konstant f\u00f6r\u00e4ndring.<\/p>\n<p><strong>Tack, framtidens arbetskraft!<\/strong><\/p>\n<p>Framtidens arbetskraft best\u00e5r inte bara av dagens studenter, utan \u00e4ven av de som \u00e4nnu inte satt sin fot p\u00e5 en universitetstrappa. Vi m\u00e5ste se till att Sverige f\u00f6rblir ett land d\u00e4r nyfikenhet och kunskap premieras, och d\u00e4r varje ung person som s\u00f6ker sig till utbildningssystemet k\u00e4nner att de kan bidra till n\u00e5got st\u00f6rre \u2013 b\u00e5de f\u00f6r egen del och f\u00f6r landets.<\/p>\n<p>Sverige har alla f\u00f6ruts\u00e4ttningar att leda den digitala omvandlingen ocks\u00e5 i framtiden, men vi m\u00e5ste se till att forts\u00e4tta investera i utbildning, \u00f6ppenhet och en global arbetsmarknad. V\u00e5r konkurrenskraft ligger i h\u00e4nderna p\u00e5 de som i dag tar sina f\u00f6rsta steg in i framtiden. Nu \u00e4r det upp till oss alla att uppmuntra och st\u00f6dja dem p\u00e5 alla s\u00e4tt vi kan.<\/p>\n<figure id=\"attachment_4866\" aria-describedby=\"caption-attachment-4866\" style=\"width: 269px\" class=\"wp-caption alignnone\"><img loading=\"lazy\" decoding=\"async\" class=\"size-medium wp-image-4866\" src=\"https:\/\/news.sap.com\/sweden\/files\/2024\/09\/11\/Antti-02-269x300.jpg\" alt=\"\" width=\"269\" height=\"300\" srcset=\"https:\/\/news.sap.com\/sweden\/files\/2024\/09\/11\/Antti-02-269x300.jpg 269w, https:\/\/news.sap.com\/sweden\/files\/2024\/09\/11\/Antti-02-920x1024.jpg 920w, https:\/\/news.sap.com\/sweden\/files\/2024\/09\/11\/Antti-02-768x855.jpg 768w, https:\/\/news.sap.com\/sweden\/files\/2024\/09\/11\/Antti-02-1379x1536.jpg 1379w, https:\/\/news.sap.com\/sweden\/files\/2024\/09\/11\/Antti-02-1839x2048.jpg 1839w\" sizes=\"auto, (max-width: 269px) 100vw, 269px\" \/><figcaption id=\"caption-attachment-4866\" class=\"wp-caption-text\">Antti Soini, vd 麻豆原创 Svenska<\/figcaption><\/figure>\n","protected":false},"excerpt":{"rendered":"<p>Tusentals unga studenter har precis klivit in p\u00e5 sina universitetsomr\u00e5den, redo att bygga v\u00e5r framtid. De \u00e4r mer \u00e4n bara hoppfulla akademiker \u2013 de \u00e4r&#8230;<\/p>\n","protected":false},"author":4297,"featured_media":4875,"comment_status":"closed","ping_status":"closed","sticky":false,"template":"","format":"standard","meta":{"footnotes":"","_links_to":"","_links_to_target":""},"categories":[5564010,4503881,5564007,5564018],"tags":[5563769,5563439,4525388,5564020,5564019],"sapn-display":[4544525,5564001,5564000,4547891],"sapn-type":[5562140],"class_list":["post-4870","post","type-post","status-publish","format-standard","has-post-thumbnail","hentry","category-affarsnatverk","category-ekosystem","category-human-capital-management","category-ledarskap","tag-antti-soini","tag-digital-kompetens","tag-digitalisering","tag-konkurrenskraft","tag-ledarskap","sapn-display-hero","sapn-display-artikel-favoriter","sapn-display-artikel-spotlight","sapn-display-homepage-hero","sapn-type-artikel"],"yoast_head":"<!-- This site is optimized with the Yoast SEO Premium plugin v26.9 (Yoast SEO v26.9) - https:\/\/yoast.com\/product\/yoast-seo-premium-wordpress\/ -->\n<title>Framtidens arbetskraft \u00e4r nyckeln till Sveriges digitala ledarskap - 麻豆原创 Sweden Nyheter<\/title>\n<meta name=\"robots\" content=\"index, follow, max-snippet:-1, max-image-preview:large, max-video-preview:-1\" \/>\n<link rel=\"canonical\" href=\"https:\/\/news.sap.com\/sweden\/?p=4870\" \/>\n<meta property=\"og:locale\" content=\"sv_SE\" \/>\n<meta property=\"og:type\" content=\"article\" \/>\n<meta property=\"og:title\" content=\"Framtidens arbetskraft \u00e4r nyckeln till Sveriges digitala ledarskap\" \/>\n<meta property=\"og:description\" content=\"Tusentals unga studenter har precis klivit in p\u00e5 sina universitetsomr\u00e5den, redo att bygga v\u00e5r framtid. De \u00e4r mer \u00e4n bara hoppfulla akademiker \u2013 de \u00e4r...\" \/>\n<meta property=\"og:url\" content=\"https:\/\/news.sap.com\/sweden\/?p=4870\" \/>\n<meta property=\"og:site_name\" content=\"麻豆原创 Sweden Nyheter\" \/>\n<meta property=\"article:published_time\" content=\"2024-10-02T06:00:14+00:00\" \/>\n<meta property=\"og:image\" content=\"https:\/\/news.sap.com\/sweden\/files\/2024\/10\/02\/275719_275719_h_ergb_s_gl_F.jpg\" \/>\n\t<meta property=\"og:image:width\" content=\"1920\" \/>\n\t<meta property=\"og:image:height\" content=\"600\" \/>\n\t<meta property=\"og:image:type\" content=\"image\/jpeg\" \/>\n<meta name=\"author\" content=\"Antti Soini\" \/>\n<meta name=\"twitter:card\" content=\"summary_large_image\" \/>\n<meta name=\"twitter:label1\" content=\"Skriven av\" \/>\n\t<meta name=\"twitter:data1\" content=\"Antti Soini\" \/>\n\t<meta name=\"twitter:label2\" content=\"Ber\u00e4knad l\u00e4stid\" \/>\n\t<meta name=\"twitter:data2\" content=\"3 minuter\" \/>\n<script type=\"application\/ld+json\" class=\"yoast-schema-graph\">{\"@context\":\"https:\/\/schema.org\",\"@graph\":[{\"@type\":\"Article\",\"@id\":\"https:\/\/news.sap.com\/sweden\/?p=4870#article\",\"isPartOf\":{\"@id\":\"https:\/\/news.sap.com\/sweden\/?p=4870\"},\"author\":{\"name\":\"Antti Soini\",\"@id\":\"https:\/\/news.sap.com\/sweden\/#\/schema\/person\/8161b656125e6410958721856693dfbd\"},\"headline\":\"Framtidens arbetskraft \u00e4r nyckeln till Sveriges digitala ledarskap\",\"datePublished\":\"2024-10-02T06:00:14+00:00\",\"mainEntityOfPage\":{\"@id\":\"https:\/\/news.sap.com\/sweden\/?p=4870\"},\"wordCount\":623,\"image\":{\"@id\":\"https:\/\/news.sap.com\/sweden\/?p=4870#primaryimage\"},\"thumbnailUrl\":\"https:\/\/news.sap.com\/sweden\/files\/2024\/10\/02\/275719_275719_h_ergb_s_gl_F.jpg\",\"keywords\":[\"Antti Soini\",\"digital kompetens\",\"digitalisering\",\"konkurrenskraft\",\"ledarskap\"],\"articleSection\":[\"Aff\u00e4rsn\u00e4tverk\",\"Ekosystem\",\"Human Capital Management\",\"Ledarskap\"],\"inLanguage\":\"sv-SE\"},{\"@type\":\"WebPage\",\"@id\":\"https:\/\/news.sap.com\/sweden\/?p=4870\",\"url\":\"https:\/\/news.sap.com\/sweden\/?p=4870\",\"name\":\"Framtidens arbetskraft \u00e4r nyckeln till Sveriges digitala ledarskap - 麻豆原创 Sweden Nyheter\",\"isPartOf\":{\"@id\":\"https:\/\/news.sap.com\/sweden\/#website\"},\"primaryImageOfPage\":{\"@id\":\"https:\/\/news.sap.com\/sweden\/?p=4870#primaryimage\"},\"image\":{\"@id\":\"https:\/\/news.sap.com\/sweden\/?p=4870#primaryimage\"},\"thumbnailUrl\":\"https:\/\/news.sap.com\/sweden\/files\/2024\/10\/02\/275719_275719_h_ergb_s_gl_F.jpg\",\"datePublished\":\"2024-10-02T06:00:14+00:00\",\"author\":{\"@id\":\"https:\/\/news.sap.com\/sweden\/#\/schema\/person\/8161b656125e6410958721856693dfbd\"},\"breadcrumb\":{\"@id\":\"https:\/\/news.sap.com\/sweden\/?p=4870#breadcrumb\"},\"inLanguage\":\"sv-SE\",\"potentialAction\":[{\"@type\":\"ReadAction\",\"target\":[\"https:\/\/news.sap.com\/sweden\/?p=4870\"]}]},{\"@type\":\"ImageObject\",\"inLanguage\":\"sv-SE\",\"@id\":\"https:\/\/news.sap.com\/sweden\/?p=4870#primaryimage\",\"url\":\"https:\/\/news.sap.com\/sweden\/files\/2024\/10\/02\/275719_275719_h_ergb_s_gl_F.jpg\",\"contentUrl\":\"https:\/\/news.sap.com\/sweden\/files\/2024\/10\/02\/275719_275719_h_ergb_s_gl_F.jpg\",\"width\":1920,\"height\":600},{\"@type\":\"BreadcrumbList\",\"@id\":\"https:\/\/news.sap.com\/sweden\/?p=4870#breadcrumb\",\"itemListElement\":[{\"@type\":\"ListItem\",\"position\":1,\"name\":\"Home\",\"item\":\"https:\/\/news.sap.com\/sweden\/\"},{\"@type\":\"ListItem\",\"position\":2,\"name\":\"Framtidens arbetskraft \u00e4r nyckeln till Sveriges digitala ledarskap\"}]},{\"@type\":\"WebSite\",\"@id\":\"https:\/\/news.sap.com\/sweden\/#website\",\"url\":\"https:\/\/news.sap.com\/sweden\/\",\"name\":\"麻豆原创 Sweden Nyheter\",\"description\":\"Nyheter och information om 麻豆原创\",\"potentialAction\":[{\"@type\":\"SearchAction\",\"target\":{\"@type\":\"EntryPoint\",\"urlTemplate\":\"https:\/\/news.sap.com\/sweden\/?s={search_term_string}\"},\"query-input\":{\"@type\":\"PropertyValueSpecification\",\"valueRequired\":true,\"valueName\":\"search_term_string\"}}],\"inLanguage\":\"sv-SE\"},{\"@type\":\"Person\",\"@id\":\"https:\/\/news.sap.com\/sweden\/#\/schema\/person\/8161b656125e6410958721856693dfbd\",\"name\":\"Antti Soini\",\"image\":{\"@type\":\"ImageObject\",\"inLanguage\":\"sv-SE\",\"@id\":\"https:\/\/news.sap.com\/sweden\/#\/schema\/person\/image\/\",\"url\":\"https:\/\/news.sap.com\/sweden\/wp-content\/plugins\/wp-user-avatars\/wp-user-avatars\/assets\/images\/mystery.jpg\",\"contentUrl\":\"https:\/\/news.sap.com\/sweden\/wp-content\/plugins\/wp-user-avatars\/wp-user-avatars\/assets\/images\/mystery.jpg\",\"caption\":\"Antti Soini\"},\"url\":\"https:\/\/news.sap.com\/sweden\/author\/anttisoini\/\"}]}<\/script>\n<!-- \/ Yoast SEO Premium plugin. -->","yoast_head_json":{"title":"Framtidens arbetskraft \u00e4r nyckeln till Sveriges digitala ledarskap - 麻豆原创 Sweden Nyheter","robots":{"index":"index","follow":"follow","max-snippet":"max-snippet:-1","max-image-preview":"max-image-preview:large","max-video-preview":"max-video-preview:-1"},"canonical":"https:\/\/news.sap.com\/sweden\/?p=4870","og_locale":"sv_SE","og_type":"article","og_title":"Framtidens arbetskraft \u00e4r nyckeln till Sveriges digitala ledarskap","og_description":"Tusentals unga studenter har precis klivit in p\u00e5 sina universitetsomr\u00e5den, redo att bygga v\u00e5r framtid. De \u00e4r mer \u00e4n bara hoppfulla akademiker \u2013 de \u00e4r...","og_url":"https:\/\/news.sap.com\/sweden\/?p=4870","og_site_name":"麻豆原创 Sweden Nyheter","article_published_time":"2024-10-02T06:00:14+00:00","og_image":[{"width":1920,"height":600,"url":"https:\/\/news.sap.com\/sweden\/files\/2024\/10\/02\/275719_275719_h_ergb_s_gl_F.jpg","type":"image\/jpeg"}],"author":"Antti Soini","twitter_card":"summary_large_image","twitter_misc":{"Skriven av":"Antti Soini","Ber\u00e4knad l\u00e4stid":"3 minuter"},"schema":{"@context":"https:\/\/schema.org","@graph":[{"@type":"Article","@id":"https:\/\/news.sap.com\/sweden\/?p=4870#article","isPartOf":{"@id":"https:\/\/news.sap.com\/sweden\/?p=4870"},"author":{"name":"Antti Soini","@id":"https:\/\/news.sap.com\/sweden\/#\/schema\/person\/8161b656125e6410958721856693dfbd"},"headline":"Framtidens arbetskraft \u00e4r nyckeln till Sveriges digitala ledarskap","datePublished":"2024-10-02T06:00:14+00:00","mainEntityOfPage":{"@id":"https:\/\/news.sap.com\/sweden\/?p=4870"},"wordCount":623,"image":{"@id":"https:\/\/news.sap.com\/sweden\/?p=4870#primaryimage"},"thumbnailUrl":"https:\/\/news.sap.com\/sweden\/files\/2024\/10\/02\/275719_275719_h_ergb_s_gl_F.jpg","keywords":["Antti Soini","digital kompetens","digitalisering","konkurrenskraft","ledarskap"],"articleSection":["Aff\u00e4rsn\u00e4tverk","Ekosystem","Human Capital Management","Ledarskap"],"inLanguage":"sv-SE"},{"@type":"WebPage","@id":"https:\/\/news.sap.com\/sweden\/?p=4870","url":"https:\/\/news.sap.com\/sweden\/?p=4870","name":"Framtidens arbetskraft \u00e4r nyckeln till Sveriges digitala ledarskap - 麻豆原创 Sweden Nyheter","isPartOf":{"@id":"https:\/\/news.sap.com\/sweden\/#website"},"primaryImageOfPage":{"@id":"https:\/\/news.sap.com\/sweden\/?p=4870#primaryimage"},"image":{"@id":"https:\/\/news.sap.com\/sweden\/?p=4870#primaryimage"},"thumbnailUrl":"https:\/\/news.sap.com\/sweden\/files\/2024\/10\/02\/275719_275719_h_ergb_s_gl_F.jpg","datePublished":"2024-10-02T06:00:14+00:00","author":{"@id":"https:\/\/news.sap.com\/sweden\/#\/schema\/person\/8161b656125e6410958721856693dfbd"},"breadcrumb":{"@id":"https:\/\/news.sap.com\/sweden\/?p=4870#breadcrumb"},"inLanguage":"sv-SE","potentialAction":[{"@type":"ReadAction","target":["https:\/\/news.sap.com\/sweden\/?p=4870"]}]},{"@type":"ImageObject","inLanguage":"sv-SE","@id":"https:\/\/news.sap.com\/sweden\/?p=4870#primaryimage","url":"https:\/\/news.sap.com\/sweden\/files\/2024\/10\/02\/275719_275719_h_ergb_s_gl_F.jpg","contentUrl":"https:\/\/news.sap.com\/sweden\/files\/2024\/10\/02\/275719_275719_h_ergb_s_gl_F.jpg","width":1920,"height":600},{"@type":"BreadcrumbList","@id":"https:\/\/news.sap.com\/sweden\/?p=4870#breadcrumb","itemListElement":[{"@type":"ListItem","position":1,"name":"Home","item":"https:\/\/news.sap.com\/sweden\/"},{"@type":"ListItem","position":2,"name":"Framtidens arbetskraft \u00e4r nyckeln till Sveriges digitala ledarskap"}]},{"@type":"WebSite","@id":"https:\/\/news.sap.com\/sweden\/#website","url":"https:\/\/news.sap.com\/sweden\/","name":"麻豆原创 Sweden Nyheter","description":"Nyheter och information om 麻豆原创","potentialAction":[{"@type":"SearchAction","target":{"@type":"EntryPoint","urlTemplate":"https:\/\/news.sap.com\/sweden\/?s={search_term_string}"},"query-input":{"@type":"PropertyValueSpecification","valueRequired":true,"valueName":"search_term_string"}}],"inLanguage":"sv-SE"},{"@type":"Person","@id":"https:\/\/news.sap.com\/sweden\/#\/schema\/person\/8161b656125e6410958721856693dfbd","name":"Antti Soini","image":{"@type":"ImageObject","inLanguage":"sv-SE","@id":"https:\/\/news.sap.com\/sweden\/#\/schema\/person\/image\/","url":"https:\/\/news.sap.com\/sweden\/wp-content\/plugins\/wp-user-avatars\/wp-user-avatars\/assets\/images\/mystery.jpg","contentUrl":"https:\/\/news.sap.com\/sweden\/wp-content\/plugins\/wp-user-avatars\/wp-user-avatars\/assets\/images\/mystery.jpg","caption":"Antti Soini"},"url":"https:\/\/news.sap.com\/sweden\/author\/anttisoini\/"}]}},"amp_enabled":true,"_links":{"self":[{"href":"https:\/\/news.sap.com\/sweden\/wp-json\/wp\/v2\/posts\/4870","targetHints":{"allow":["GET"]}}],"collection":[{"href":"https:\/\/news.sap.com\/sweden\/wp-json\/wp\/v2\/posts"}],"about":[{"href":"https:\/\/news.sap.com\/sweden\/wp-json\/wp\/v2\/types\/post"}],"author":[{"embeddable":true,"href":"https:\/\/news.sap.com\/sweden\/wp-json\/wp\/v2\/users\/4297"}],"replies":[{"embeddable":true,"href":"https:\/\/news.sap.com\/sweden\/wp-json\/wp\/v2\/comments?post=4870"}],"version-history":[{"count":0,"href":"https:\/\/news.sap.com\/sweden\/wp-json\/wp\/v2\/posts\/4870\/revisions"}],"wp:featuredmedia":[{"embeddable":true,"href":"https:\/\/news.sap.com\/sweden\/wp-json\/wp\/v2\/media\/4875"}],"wp:attachment":[{"href":"https:\/\/news.sap.com\/sweden\/wp-json\/wp\/v2\/media?parent=4870"}],"wp:term":[{"taxonomy":"category","embeddable":true,"href":"https:\/\/news.sap.com\/sweden\/wp-json\/wp\/v2\/categories?post=4870"},{"taxonomy":"post_tag","embeddable":true,"href":"https:\/\/news.sap.com\/sweden\/wp-json\/wp\/v2\/tags?post=4870"},{"taxonomy":"sapn-display","embeddable":true,"href":"https:\/\/news.sap.com\/sweden\/wp-json\/wp\/v2\/sapn-display?post=4870"},{"taxonomy":"sapn-type","embeddable":true,"href":"https:\/\/news.sap.com\/sweden\/wp-json\/wp\/v2\/sapn-type?post=4870"}],"curies":[{"name":"wp","href":"https:\/\/api.w.org\/{rel}","templated":true}]}}