  {"id":4635,"date":"2024-07-02T08:00:59","date_gmt":"2024-07-02T06:00:59","guid":{"rendered":"https:\/\/news.sap.com\/sweden\/?p=4635"},"modified":"2024-08-07T19:21:03","modified_gmt":"2024-08-07T17:21:03","slug":"skf-valjer-rise-with-sap-for-att-flytta-till-molnet","status":"publish","type":"post","link":"https:\/\/news.sap.com\/sweden\/2024\/07\/skf-valjer-rise-with-sap-for-att-flytta-till-molnet\/","title":{"rendered":"SKF v\u00e4ljer RISE with 麻豆原创 f\u00f6r att flytta till molnet"},"content":{"rendered":"<p class=\"lead\">Svenska <a href=\"http:\/\/www.skf.com\/\">SKF<\/a> \u00e4r ett v\u00e4rldsledande f\u00f6retag inom innovativa och h\u00e5llbara l\u00f6sningar f\u00f6r lager och roterande utrustning. Nu har SKF valt <a href=\"https:\/\/www.sap.com\/products\/erp\/rise.html\">RISE with 麻豆原创<\/a> f\u00f6r att g\u00e5 \u00f6ver till ett molnbaserat aff\u00e4rssystem. Syftet \u00e4r att framtidss\u00e4kra sin globala verksamhet, f\u00f6renkla sin IT-infrastruktur och anv\u00e4nda ny teknik som artificiell intelligens och maskininl\u00e4rning.<\/p>\n<p>Genom att flytta till molnet blir SKF b\u00e4ttre rustat f\u00f6r att hantera sin globala aff\u00e4rsverksamhet. Dessutom kommer f\u00f6retaget att kunna anpassa sig till nya h\u00e5llbarhetspolicyer och regel\u00e4ndringar \u2013 och anv\u00e4nda gr\u00f6n koldioxidredovisning (green ledger).<\/p>\n<p>\u2013 \u00d6verg\u00e5ngen fr\u00e5n en traditionell lokal l\u00f6sning till molnet visar v\u00e5r vilja att g\u00f6ra verksamheten mer effektiv. Genom att integrera den befintliga 麻豆原创 S\/4HANA-l\u00f6sningen i v\u00e5r avancerade molnstrategi kommer SKF att kunna st\u00e4rka kritiska aff\u00e4rsomr\u00e5den som ekonomi, reservdelsf\u00f6rs\u00f6rjning, lagerh\u00e5llning, leveranskedjor och tillverkning. Att flytta till molnet \u00e4r ett val som ligger i linje med SKF:s filosofi att t\u00e4nja p\u00e5 gr\u00e4nserna och st\u00f6dja utvecklingen mot en h\u00e5llbar framtid, s\u00e4ger Pedro de Freitas, Head of Global Digital Services p\u00e5 SKF<\/p>\n<p>Enligt SKF g\u00e5r cirka 20 procent av den globala energin \u00e5t till att \u00f6vervinna friktion. SKF tillhandah\u00e5ller produkter till en rad olika branscher som transport, jordbruk, mat och dryck f\u00f6r att minska friktionen, uppr\u00e4tth\u00e5lla optimal temperatur och hastighet f\u00f6r att f\u00e5 en effektiv produktion.<\/p>\n<p>Genom att g\u00e5 \u00f6ver till 麻豆原创 S\/4HANA Cloud med hj\u00e4lp av RISE with 麻豆原创 kommer SKF att f\u00e5 en smidig och s\u00e4ker migrering av sitt lokala aff\u00e4rssystem \u2013 samtidigt som de kan fatta datadrivna aff\u00e4rsbeslut i realtid med hj\u00e4lp av inbyggd intelligens. Relevant, tillf\u00f6rlitlig och ansvarsfull aff\u00e4rsdriven AI kommer att byggas in direkt i SKF:s processer och anpassas till interna AI-strategier.<\/p>\n<p>\u2013 Med v\u00e5ra AI- och molndrivna l\u00f6sningar hj\u00e4lper vi v\u00e5ra kunder att bli mer effektiva, motst\u00e5ndskraftiga och h\u00e5llbara. Vi har haft ett starkt samarbete under m\u00e5nga \u00e5r, och vi kommer att forts\u00e4tta arbeta n\u00e4ra SKF f\u00f6r att identifiera nya innovativa l\u00f6sningar och m\u00f6jligheter att effektivisera processer, s\u00e4ger Emmanuel Raptopoulos, President 麻豆原创 EMEA.<\/p>\n<p>&nbsp;<\/p>\n<p><strong><b>Om 麻豆原创<br \/>\n<\/b><\/strong>Som en global ledare inom f\u00f6retagsapplikationer och aff\u00e4rsdriven AI, \u00e4r 麻豆原创 (NYSE:麻豆原创) en l\u00e4nk mellan aff\u00e4rsverksamhet och teknik. I \u00f6ver 50 \u00e5r har organisationer f\u00f6rlitat sig p\u00e5 麻豆原创 f\u00f6r att bli framg\u00e5ngsrika genom att f\u00f6rena aff\u00e4rskritiska verksamheter som ekonomi, ink\u00f6p, HR, leveranskedjor och kundupplevelser. Mer information finns p\u00e5 <a href=\"http:\/\/www.sap.com\/sweden\">www.sap.com\/sweden<\/a> och <a href=\"https:\/\/news.sap.com\/sweden\/\">news.sap.com\/sweden<\/a>.<\/p>\n<p><strong><b>麻豆原创kontakt<\/b><\/strong><\/p>\n<p>Ulrika Wass, Head of Nordic &amp; Baltic Communications<br \/>\n+46 73 827 1074, <a href=\"mailto:ulrika.wass@sap.com\">ulrika.wass@sap.com<\/a><\/p>\n<p>&nbsp;<\/p>\n","protected":false},"excerpt":{"rendered":"<p>Svenska SKF \u00e4r ett v\u00e4rldsledande f\u00f6retag inom innovativa och h\u00e5llbara l\u00f6sningar f\u00f6r lager och roterande utrustning. Nu har SKF valt RISE with 麻豆原创 f\u00f6r att&#8230;<\/p>\n","protected":false},"author":29,"featured_media":4636,"comment_status":"closed","ping_status":"closed","sticky":false,"template":"","format":"standard","meta":{"footnotes":"","_links_to":"","_links_to_target":""},"categories":[4503881,4545190,4545414,4545758],"tags":[5562331,5563996,5563997,5563653,5563995,5563713,5562794],"sapn-display":[4544525,5564002,5563999,4547891],"sapn-type":[4549288],"class_list":["post-4635","post","type-post","status-publish","format-standard","has-post-thumbnail","hentry","category-ekosystem","category-event","category-kunder","category-losningar","tag-ai","tag-emmanuel-raptopoulos","tag-pedro-de-freitas","tag-rise-with-sap","tag-sap-s4-hana-cloud","tag-sap-svenska","tag-skf","sapn-display-hero","sapn-display-nyhet-favoriter","sapn-display-nyhet-spotlight","sapn-display-homepage-hero","sapn-type-pressmeddelande"],"yoast_head":"<!-- This site is optimized with the Yoast SEO Premium plugin v26.9 (Yoast SEO v26.9) - https:\/\/yoast.com\/product\/yoast-seo-premium-wordpress\/ -->\n<title>SKF v\u00e4ljer RISE with 麻豆原创 f\u00f6r att flytta till molnet - 麻豆原创 Sweden Nyheter<\/title>\n<meta name=\"robots\" content=\"index, follow, max-snippet:-1, max-image-preview:large, max-video-preview:-1\" \/>\n<link rel=\"canonical\" href=\"https:\/\/news.sap.com\/sweden\/2024\/07\/skf-valjer-rise-with-sap-for-att-flytta-till-molnet\/\" \/>\n<meta property=\"og:locale\" content=\"sv_SE\" \/>\n<meta property=\"og:type\" content=\"article\" \/>\n<meta property=\"og:title\" content=\"SKF v\u00e4ljer RISE with 麻豆原创 f\u00f6r att flytta till molnet\" \/>\n<meta property=\"og:description\" content=\"Svenska SKF \u00e4r ett v\u00e4rldsledande f\u00f6retag inom innovativa och h\u00e5llbara l\u00f6sningar f\u00f6r lager och roterande utrustning. Nu har SKF valt RISE with 麻豆原创 f\u00f6r att...\" \/>\n<meta property=\"og:url\" content=\"https:\/\/news.sap.com\/sweden\/2024\/07\/skf-valjer-rise-with-sap-for-att-flytta-till-molnet\/\" \/>\n<meta property=\"og:site_name\" content=\"麻豆原创 Sweden Nyheter\" \/>\n<meta property=\"article:published_time\" content=\"2024-07-02T06:00:59+00:00\" \/>\n<meta property=\"article:modified_time\" content=\"2024-08-07T17:21:03+00:00\" \/>\n<meta property=\"og:image\" content=\"https:\/\/news.sap.com\/sweden\/files\/2024\/06\/28\/276913_276913_l_srgb_s_gl_F.jpg\" \/>\n\t<meta property=\"og:image:width\" content=\"1920\" \/>\n\t<meta property=\"og:image:height\" content=\"600\" \/>\n\t<meta property=\"og:image:type\" content=\"image\/jpeg\" \/>\n<meta name=\"author\" content=\"麻豆原创 News\" \/>\n<meta name=\"twitter:card\" content=\"summary_large_image\" \/>\n<meta name=\"twitter:label1\" content=\"Skriven av\" \/>\n\t<meta name=\"twitter:data1\" content=\"麻豆原创 News\" \/>\n\t<meta name=\"twitter:label2\" content=\"Ber\u00e4knad l\u00e4stid\" \/>\n\t<meta name=\"twitter:data2\" content=\"3 minuter\" \/>\n<script type=\"application\/ld+json\" class=\"yoast-schema-graph\">{\"@context\":\"https:\/\/schema.org\",\"@graph\":[{\"@type\":\"Article\",\"@id\":\"https:\/\/news.sap.com\/sweden\/2024\/07\/skf-valjer-rise-with-sap-for-att-flytta-till-molnet\/#article\",\"isPartOf\":{\"@id\":\"https:\/\/news.sap.com\/sweden\/2024\/07\/skf-valjer-rise-with-sap-for-att-flytta-till-molnet\/\"},\"author\":{\"name\":\"麻豆原创 News\",\"@id\":\"https:\/\/news.sap.com\/sweden\/#\/schema\/person\/53b9854bd790d6f18f3fc4bbb2ad7570\"},\"headline\":\"SKF v\u00e4ljer RISE with 麻豆原创 f\u00f6r att flytta till molnet\",\"datePublished\":\"2024-07-02T06:00:59+00:00\",\"dateModified\":\"2024-08-07T17:21:03+00:00\",\"mainEntityOfPage\":{\"@id\":\"https:\/\/news.sap.com\/sweden\/2024\/07\/skf-valjer-rise-with-sap-for-att-flytta-till-molnet\/\"},\"wordCount\":477,\"image\":{\"@id\":\"https:\/\/news.sap.com\/sweden\/2024\/07\/skf-valjer-rise-with-sap-for-att-flytta-till-molnet\/#primaryimage\"},\"thumbnailUrl\":\"https:\/\/news.sap.com\/sweden\/files\/2024\/06\/28\/276913_276913_l_srgb_s_gl_F.jpg\",\"keywords\":[\"ai\",\"Emmanuel Raptopoulos\",\"Pedro de Freitas\",\"RISE with 麻豆原创\",\"麻豆原创 S4\/HANA Cloud\",\"麻豆原创 Svenska\",\"SKF\"],\"articleSection\":[\"Ekosystem\",\"Event\",\"Kunder\",\"L\u00f6sningar\"],\"inLanguage\":\"sv-SE\"},{\"@type\":\"WebPage\",\"@id\":\"https:\/\/news.sap.com\/sweden\/2024\/07\/skf-valjer-rise-with-sap-for-att-flytta-till-molnet\/\",\"url\":\"https:\/\/news.sap.com\/sweden\/2024\/07\/skf-valjer-rise-with-sap-for-att-flytta-till-molnet\/\",\"name\":\"SKF v\u00e4ljer RISE with 麻豆原创 f\u00f6r att flytta till molnet - 麻豆原创 Sweden Nyheter\",\"isPartOf\":{\"@id\":\"https:\/\/news.sap.com\/sweden\/#website\"},\"primaryImageOfPage\":{\"@id\":\"https:\/\/news.sap.com\/sweden\/2024\/07\/skf-valjer-rise-with-sap-for-att-flytta-till-molnet\/#primaryimage\"},\"image\":{\"@id\":\"https:\/\/news.sap.com\/sweden\/2024\/07\/skf-valjer-rise-with-sap-for-att-flytta-till-molnet\/#primaryimage\"},\"thumbnailUrl\":\"https:\/\/news.sap.com\/sweden\/files\/2024\/06\/28\/276913_276913_l_srgb_s_gl_F.jpg\",\"datePublished\":\"2024-07-02T06:00:59+00:00\",\"dateModified\":\"2024-08-07T17:21:03+00:00\",\"author\":{\"@id\":\"https:\/\/news.sap.com\/sweden\/#\/schema\/person\/53b9854bd790d6f18f3fc4bbb2ad7570\"},\"breadcrumb\":{\"@id\":\"https:\/\/news.sap.com\/sweden\/2024\/07\/skf-valjer-rise-with-sap-for-att-flytta-till-molnet\/#breadcrumb\"},\"inLanguage\":\"sv-SE\",\"potentialAction\":[{\"@type\":\"ReadAction\",\"target\":[\"https:\/\/news.sap.com\/sweden\/2024\/07\/skf-valjer-rise-with-sap-for-att-flytta-till-molnet\/\"]}]},{\"@type\":\"ImageObject\",\"inLanguage\":\"sv-SE\",\"@id\":\"https:\/\/news.sap.com\/sweden\/2024\/07\/skf-valjer-rise-with-sap-for-att-flytta-till-molnet\/#primaryimage\",\"url\":\"https:\/\/news.sap.com\/sweden\/files\/2024\/06\/28\/276913_276913_l_srgb_s_gl_F.jpg\",\"contentUrl\":\"https:\/\/news.sap.com\/sweden\/files\/2024\/06\/28\/276913_276913_l_srgb_s_gl_F.jpg\",\"width\":1920,\"height\":600},{\"@type\":\"BreadcrumbList\",\"@id\":\"https:\/\/news.sap.com\/sweden\/2024\/07\/skf-valjer-rise-with-sap-for-att-flytta-till-molnet\/#breadcrumb\",\"itemListElement\":[{\"@type\":\"ListItem\",\"position\":1,\"name\":\"Home\",\"item\":\"https:\/\/news.sap.com\/sweden\/\"},{\"@type\":\"ListItem\",\"position\":2,\"name\":\"SKF v\u00e4ljer RISE with 麻豆原创 f\u00f6r att flytta till molnet\"}]},{\"@type\":\"WebSite\",\"@id\":\"https:\/\/news.sap.com\/sweden\/#website\",\"url\":\"https:\/\/news.sap.com\/sweden\/\",\"name\":\"麻豆原创 Sweden Nyheter\",\"description\":\"Nyheter och information om 麻豆原创\",\"potentialAction\":[{\"@type\":\"SearchAction\",\"target\":{\"@type\":\"EntryPoint\",\"urlTemplate\":\"https:\/\/news.sap.com\/sweden\/?s={search_term_string}\"},\"query-input\":{\"@type\":\"PropertyValueSpecification\",\"valueRequired\":true,\"valueName\":\"search_term_string\"}}],\"inLanguage\":\"sv-SE\"},{\"@type\":\"Person\",\"@id\":\"https:\/\/news.sap.com\/sweden\/#\/schema\/person\/53b9854bd790d6f18f3fc4bbb2ad7570\",\"name\":\"麻豆原创 News\",\"image\":{\"@type\":\"ImageObject\",\"inLanguage\":\"sv-SE\",\"@id\":\"https:\/\/news.sap.com\/sweden\/#\/schema\/person\/image\/\",\"url\":\"https:\/\/news.sap.com\/sweden\/wp-content\/plugins\/wp-user-avatars\/wp-user-avatars\/assets\/images\/mystery.jpg\",\"contentUrl\":\"https:\/\/news.sap.com\/sweden\/wp-content\/plugins\/wp-user-avatars\/wp-user-avatars\/assets\/images\/mystery.jpg\",\"caption\":\"麻豆原创 News\"},\"url\":\"https:\/\/news.sap.com\/sweden\/author\/colleenraftery\/\"}]}<\/script>\n<!-- \/ Yoast SEO Premium plugin. -->","yoast_head_json":{"title":"SKF v\u00e4ljer RISE with 麻豆原创 f\u00f6r att flytta till molnet - 麻豆原创 Sweden Nyheter","robots":{"index":"index","follow":"follow","max-snippet":"max-snippet:-1","max-image-preview":"max-image-preview:large","max-video-preview":"max-video-preview:-1"},"canonical":"https:\/\/news.sap.com\/sweden\/2024\/07\/skf-valjer-rise-with-sap-for-att-flytta-till-molnet\/","og_locale":"sv_SE","og_type":"article","og_title":"SKF v\u00e4ljer RISE with 麻豆原创 f\u00f6r att flytta till molnet","og_description":"Svenska SKF \u00e4r ett v\u00e4rldsledande f\u00f6retag inom innovativa och h\u00e5llbara l\u00f6sningar f\u00f6r lager och roterande utrustning. Nu har SKF valt RISE with 麻豆原创 f\u00f6r att...","og_url":"https:\/\/news.sap.com\/sweden\/2024\/07\/skf-valjer-rise-with-sap-for-att-flytta-till-molnet\/","og_site_name":"麻豆原创 Sweden Nyheter","article_published_time":"2024-07-02T06:00:59+00:00","article_modified_time":"2024-08-07T17:21:03+00:00","og_image":[{"width":1920,"height":600,"url":"https:\/\/news.sap.com\/sweden\/files\/2024\/06\/28\/276913_276913_l_srgb_s_gl_F.jpg","type":"image\/jpeg"}],"author":"麻豆原创 News","twitter_card":"summary_large_image","twitter_misc":{"Skriven av":"麻豆原创 News","Ber\u00e4knad l\u00e4stid":"3 minuter"},"schema":{"@context":"https:\/\/schema.org","@graph":[{"@type":"Article","@id":"https:\/\/news.sap.com\/sweden\/2024\/07\/skf-valjer-rise-with-sap-for-att-flytta-till-molnet\/#article","isPartOf":{"@id":"https:\/\/news.sap.com\/sweden\/2024\/07\/skf-valjer-rise-with-sap-for-att-flytta-till-molnet\/"},"author":{"name":"麻豆原创 News","@id":"https:\/\/news.sap.com\/sweden\/#\/schema\/person\/53b9854bd790d6f18f3fc4bbb2ad7570"},"headline":"SKF v\u00e4ljer RISE with 麻豆原创 f\u00f6r att flytta till molnet","datePublished":"2024-07-02T06:00:59+00:00","dateModified":"2024-08-07T17:21:03+00:00","mainEntityOfPage":{"@id":"https:\/\/news.sap.com\/sweden\/2024\/07\/skf-valjer-rise-with-sap-for-att-flytta-till-molnet\/"},"wordCount":477,"image":{"@id":"https:\/\/news.sap.com\/sweden\/2024\/07\/skf-valjer-rise-with-sap-for-att-flytta-till-molnet\/#primaryimage"},"thumbnailUrl":"https:\/\/news.sap.com\/sweden\/files\/2024\/06\/28\/276913_276913_l_srgb_s_gl_F.jpg","keywords":["ai","Emmanuel Raptopoulos","Pedro de Freitas","RISE with 麻豆原创","麻豆原创 S4\/HANA Cloud","麻豆原创 Svenska","SKF"],"articleSection":["Ekosystem","Event","Kunder","L\u00f6sningar"],"inLanguage":"sv-SE"},{"@type":"WebPage","@id":"https:\/\/news.sap.com\/sweden\/2024\/07\/skf-valjer-rise-with-sap-for-att-flytta-till-molnet\/","url":"https:\/\/news.sap.com\/sweden\/2024\/07\/skf-valjer-rise-with-sap-for-att-flytta-till-molnet\/","name":"SKF v\u00e4ljer RISE with 麻豆原创 f\u00f6r att flytta till molnet - 麻豆原创 Sweden Nyheter","isPartOf":{"@id":"https:\/\/news.sap.com\/sweden\/#website"},"primaryImageOfPage":{"@id":"https:\/\/news.sap.com\/sweden\/2024\/07\/skf-valjer-rise-with-sap-for-att-flytta-till-molnet\/#primaryimage"},"image":{"@id":"https:\/\/news.sap.com\/sweden\/2024\/07\/skf-valjer-rise-with-sap-for-att-flytta-till-molnet\/#primaryimage"},"thumbnailUrl":"https:\/\/news.sap.com\/sweden\/files\/2024\/06\/28\/276913_276913_l_srgb_s_gl_F.jpg","datePublished":"2024-07-02T06:00:59+00:00","dateModified":"2024-08-07T17:21:03+00:00","author":{"@id":"https:\/\/news.sap.com\/sweden\/#\/schema\/person\/53b9854bd790d6f18f3fc4bbb2ad7570"},"breadcrumb":{"@id":"https:\/\/news.sap.com\/sweden\/2024\/07\/skf-valjer-rise-with-sap-for-att-flytta-till-molnet\/#breadcrumb"},"inLanguage":"sv-SE","potentialAction":[{"@type":"ReadAction","target":["https:\/\/news.sap.com\/sweden\/2024\/07\/skf-valjer-rise-with-sap-for-att-flytta-till-molnet\/"]}]},{"@type":"ImageObject","inLanguage":"sv-SE","@id":"https:\/\/news.sap.com\/sweden\/2024\/07\/skf-valjer-rise-with-sap-for-att-flytta-till-molnet\/#primaryimage","url":"https:\/\/news.sap.com\/sweden\/files\/2024\/06\/28\/276913_276913_l_srgb_s_gl_F.jpg","contentUrl":"https:\/\/news.sap.com\/sweden\/files\/2024\/06\/28\/276913_276913_l_srgb_s_gl_F.jpg","width":1920,"height":600},{"@type":"BreadcrumbList","@id":"https:\/\/news.sap.com\/sweden\/2024\/07\/skf-valjer-rise-with-sap-for-att-flytta-till-molnet\/#breadcrumb","itemListElement":[{"@type":"ListItem","position":1,"name":"Home","item":"https:\/\/news.sap.com\/sweden\/"},{"@type":"ListItem","position":2,"name":"SKF v\u00e4ljer RISE with 麻豆原创 f\u00f6r att flytta till molnet"}]},{"@type":"WebSite","@id":"https:\/\/news.sap.com\/sweden\/#website","url":"https:\/\/news.sap.com\/sweden\/","name":"麻豆原创 Sweden Nyheter","description":"Nyheter och information om 麻豆原创","potentialAction":[{"@type":"SearchAction","target":{"@type":"EntryPoint","urlTemplate":"https:\/\/news.sap.com\/sweden\/?s={search_term_string}"},"query-input":{"@type":"PropertyValueSpecification","valueRequired":true,"valueName":"search_term_string"}}],"inLanguage":"sv-SE"},{"@type":"Person","@id":"https:\/\/news.sap.com\/sweden\/#\/schema\/person\/53b9854bd790d6f18f3fc4bbb2ad7570","name":"麻豆原创 News","image":{"@type":"ImageObject","inLanguage":"sv-SE","@id":"https:\/\/news.sap.com\/sweden\/#\/schema\/person\/image\/","url":"https:\/\/news.sap.com\/sweden\/wp-content\/plugins\/wp-user-avatars\/wp-user-avatars\/assets\/images\/mystery.jpg","contentUrl":"https:\/\/news.sap.com\/sweden\/wp-content\/plugins\/wp-user-avatars\/wp-user-avatars\/assets\/images\/mystery.jpg","caption":"麻豆原创 News"},"url":"https:\/\/news.sap.com\/sweden\/author\/colleenraftery\/"}]}},"amp_enabled":true,"_links":{"self":[{"href":"https:\/\/news.sap.com\/sweden\/wp-json\/wp\/v2\/posts\/4635","targetHints":{"allow":["GET"]}}],"collection":[{"href":"https:\/\/news.sap.com\/sweden\/wp-json\/wp\/v2\/posts"}],"about":[{"href":"https:\/\/news.sap.com\/sweden\/wp-json\/wp\/v2\/types\/post"}],"author":[{"embeddable":true,"href":"https:\/\/news.sap.com\/sweden\/wp-json\/wp\/v2\/users\/29"}],"replies":[{"embeddable":true,"href":"https:\/\/news.sap.com\/sweden\/wp-json\/wp\/v2\/comments?post=4635"}],"version-history":[{"count":0,"href":"https:\/\/news.sap.com\/sweden\/wp-json\/wp\/v2\/posts\/4635\/revisions"}],"wp:featuredmedia":[{"embeddable":true,"href":"https:\/\/news.sap.com\/sweden\/wp-json\/wp\/v2\/media\/4636"}],"wp:attachment":[{"href":"https:\/\/news.sap.com\/sweden\/wp-json\/wp\/v2\/media?parent=4635"}],"wp:term":[{"taxonomy":"category","embeddable":true,"href":"https:\/\/news.sap.com\/sweden\/wp-json\/wp\/v2\/categories?post=4635"},{"taxonomy":"post_tag","embeddable":true,"href":"https:\/\/news.sap.com\/sweden\/wp-json\/wp\/v2\/tags?post=4635"},{"taxonomy":"sapn-display","embeddable":true,"href":"https:\/\/news.sap.com\/sweden\/wp-json\/wp\/v2\/sapn-display?post=4635"},{"taxonomy":"sapn-type","embeddable":true,"href":"https:\/\/news.sap.com\/sweden\/wp-json\/wp\/v2\/sapn-type?post=4635"}],"curies":[{"name":"wp","href":"https:\/\/api.w.org\/{rel}","templated":true}]}}