  {"id":4606,"date":"2024-05-30T08:00:20","date_gmt":"2024-05-30T06:00:20","guid":{"rendered":"https:\/\/news.sap.com\/sweden\/?p=4606"},"modified":"2024-08-07T19:42:44","modified_gmt":"2024-08-07T17:42:44","slug":"starkare-tillsammans-ar-temat-for-arets-stockholm-pride-sap-ar-fortsatt-en-stolt-supporter","status":"publish","type":"post","link":"https:\/\/news.sap.com\/sweden\/2024\/05\/starkare-tillsammans-ar-temat-for-arets-stockholm-pride-sap-ar-fortsatt-en-stolt-supporter\/","title":{"rendered":"Starkare tillsammans \u00e4r temat f\u00f6r \u00e5rets Stockholm Pride \u2013 麻豆原创 \u00e4r fortsatt en stolt supporter"},"content":{"rendered":"<p class=\"lead\">Temat f\u00f6r \u00e5rets Stockholm Pride \u00e4r &#8221;Starkare tillsammans&#8221;, vilket \u00e4r en p\u00e5minnelse till alla om gemenskapens viktigaste principer och i f\u00f6rl\u00e4ngningen en av den svenska demokratins grundl\u00e4ggande principer: alla m\u00e4nniskors lika v\u00e4rde, allas r\u00e4tt att bejaka sitt sanna jag och allas frihet att \u00e4lska vem de vill. 麻豆原创 \u00e4r stolt \u00f6ver att forts\u00e4tta vara supporter och sponsra paraden \u00e4ven i \u00e5r.<\/p>\n<p><a href=\"https:\/\/www.stockholmpride.org\/\">Stockholm Pride<\/a>\u00a0\u00e4r en ideell och medlemsstyrd organisation som syftar till att lyfta hbtq+fr\u00e5gor och att vara en frizon f\u00f6r homosexuella, bisexuella, trans, och queerpersoner samt de k\u00f6nsuttryck som finns inom hbtq+r\u00f6relsen. Kulturfestivalen Stockholm Pride arrangeras \u00e5rligen och \u00e4r den st\u00f6rsta Pridefestivalen i Norden, med ca. 50 000 deltagare och 500 000 \u00e5sk\u00e5dare. I \u00e5r h\u00e5lls paraden den 3e augusti och 麻豆原创 kommer att delta i t\u00e5get. Paraden syftar till att skapa en v\u00e4lkomnande och trygg atmosf\u00e4r, f\u00f6r att sprida gl\u00e4dje och k\u00e4rlek.<\/p>\n<p><strong>Pride@麻豆原创<\/strong> \u00e4r 麻豆原创s egna medarbetardrivna initiativ som\u00a0<a href=\"https:\/\/www.youtube.com\/watch?v=DhuY3v_u7TM\">startade 2001<\/a>, f\u00f6r att skapa en trygg och v\u00e4lkomnande plats f\u00f6r alla oavsett vem du \u00e4r. M\u00e5ngfald och inkludering \u00e4r aff\u00e4rsprioriteringar, och som varum\u00e4rke \u00e4r 麻豆原创 \u00e4r stolt \u00f6ver att st\u00e5 upp f\u00f6r det som \u00e4r r\u00e4tt. Under \u00e5rtiondena har f\u00f6retaget skapat s\u00e4kra utrymmen d\u00e4r varje anst\u00e4lld k\u00e4nner sig v\u00e4lkommen, vilket har drivit f\u00f6retagets kreativitet f\u00f6r att tillhandah\u00e5lla utm\u00e4rkta produkter och tj\u00e4nster f\u00f6r 麻豆原创s kunder.<\/p>\n<figure id=\"attachment_4609\" aria-describedby=\"caption-attachment-4609\" style=\"width: 210px\" class=\"wp-caption alignnone\"><img loading=\"lazy\" decoding=\"async\" class=\" wp-image-4609\" src=\"https:\/\/news.sap.com\/sweden\/files\/2024\/05\/30\/Michael_Rebitzki_Vennhoff-240x300.jpeg\" alt=\"\" width=\"210\" height=\"263\" srcset=\"https:\/\/news.sap.com\/sweden\/files\/2024\/05\/30\/Michael_Rebitzki_Vennhoff-240x300.jpeg 240w, https:\/\/news.sap.com\/sweden\/files\/2024\/05\/30\/Michael_Rebitzki_Vennhoff-819x1024.jpeg 819w, https:\/\/news.sap.com\/sweden\/files\/2024\/05\/30\/Michael_Rebitzki_Vennhoff-768x960.jpeg 768w, https:\/\/news.sap.com\/sweden\/files\/2024\/05\/30\/Michael_Rebitzki_Vennhoff-1229x1536.jpeg 1229w, https:\/\/news.sap.com\/sweden\/files\/2024\/05\/30\/Michael_Rebitzki_Vennhoff-1638x2048.jpeg 1638w, https:\/\/news.sap.com\/sweden\/files\/2024\/05\/30\/Michael_Rebitzki_Vennhoff.jpeg 2048w\" sizes=\"auto, (max-width: 210px) 100vw, 210px\" \/><figcaption id=\"caption-attachment-4609\" class=\"wp-caption-text\">Michael Rebitzki-Vennhoff<\/figcaption><\/figure>\n<p>\u2013\u00a0 Vi \u00e4r s\u00e5 glada \u00f6ver att st\u00f6dja Stockholm Pride f\u00f6r tredje \u00e5ret i rad. Vi har f\u00e5tt s\u00e5 mycket bra feedback och har sett s\u00e5 mycket aktivitet inom Norden sedan vi lanserade Pride@麻豆原创 Nordic f\u00f6r n\u00e5gra \u00e5r sedan \u2013 det g\u00f6r mig stolt! 麻豆原创s engagemang i fr\u00e5gor kring <a href=\"https:\/\/www.sap.com\/about\/company\/our-values\/diversity.html\">m\u00e5ngfald och inkludering<\/a> utg\u00f6r k\u00e4rnan i v\u00e5ra v\u00e4rderingar. Genom att engagera oss i Stockholm Pride kan vi aktivt visa v\u00e5rt st\u00f6d f\u00f6r HBTQ+-r\u00e4ttigheter och fr\u00e4mja en arbetsplats d\u00e4r alla kan trivas, s\u00e4ger <strong>Michael Rebitzki-Vennhoff<\/strong>, Co-Lead for Pride@麻豆原创 Nordics. Denna festival \u00e4r inte bara en fest \u2013\u00a0Det \u00e4r ocks\u00e5 en m\u00f6jlighet att f\u00f6renas och propagera f\u00f6r r\u00e4ttigheter och friheter i v\u00e5rt samh\u00e4lle. Att delta i Stockholm Pride \u00e4r ett fantastiskt s\u00e4tt att visa solidaritet, st\u00f6d och k\u00e4rlek till s\u00e5v\u00e4l v\u00e5ra kollegor som \u00f6vriga i samh\u00e4llet, forts\u00e4tter Rebitzki-Vennhoff.<\/p>\n<p><strong>Peter Berg<\/strong>, CFO p\u00e5 麻豆原创 Svenska tillika Executive Sponsor f\u00f6r Pride Sweden h\u00e5ller med Rebitzki-Vennhoff.<br \/>\n&#8211; M\u00e5ngfald \u00e4r ett faktum. Inkludering \u00e4r ett val. Inkluderande kultur, inkluderande karri\u00e4rresor och ett m\u00e5ngsidigt ekosystem \u00e4r avg\u00f6rande f\u00f6r v\u00e5r strategi och v\u00e5r framg\u00e5ng.\u00a0 En m\u00e5ngfaldig kultur som inf\u00f6rlivar varje medarbetares unika perspektiv \u00e4r avg\u00f6rande f\u00f6r att uppfylla v\u00e5r vision och uppn\u00e5 v\u00e5rt uppdrag.Vi st\u00f6djer Stockholm Pride eftersom vi anser att alla anst\u00e4llda ska k\u00e4nna sig bekv\u00e4ma med att vara sig sj\u00e4lva s\u00e5v\u00e4l p\u00e5 jobbet som utanf\u00f6r<em>.<\/em><\/p>\n<figure id=\"attachment_4615\" aria-describedby=\"caption-attachment-4615\" style=\"width: 300px\" class=\"wp-caption alignnone\"><img loading=\"lazy\" decoding=\"async\" class=\"size-medium wp-image-4615\" src=\"https:\/\/news.sap.com\/sweden\/files\/2024\/05\/30\/Peter-Berg-300x200.jpg\" alt=\"\" width=\"300\" height=\"200\" srcset=\"https:\/\/news.sap.com\/sweden\/files\/2024\/05\/30\/Peter-Berg-300x200.jpg 300w, https:\/\/news.sap.com\/sweden\/files\/2024\/05\/30\/Peter-Berg-1024x683.jpg 1024w, https:\/\/news.sap.com\/sweden\/files\/2024\/05\/30\/Peter-Berg-768x512.jpg 768w, https:\/\/news.sap.com\/sweden\/files\/2024\/05\/30\/Peter-Berg.jpg 1179w\" sizes=\"auto, (max-width: 300px) 100vw, 300px\" \/><figcaption id=\"caption-attachment-4615\" class=\"wp-caption-text\">Peter Berg<\/figcaption><\/figure>\n<p>麻豆原创 deltar naturligtvis i paraden den 3 augusti \u2013 tillsammans m\u00e5lar vi Stockholm i regnb\u00e5gens f\u00e4rger och firar m\u00e5ngfalden. H\u00e4ng med du ocks\u00e5!<\/p>\n<p><strong> <img loading=\"lazy\" decoding=\"async\" class=\"alignnone size-medium wp-image-4612\" src=\"https:\/\/news.sap.com\/sweden\/files\/2024\/05\/30\/stockholmpride-300x154.png\" alt=\"\" width=\"300\" height=\"154\" srcset=\"https:\/\/news.sap.com\/sweden\/files\/2024\/05\/30\/stockholmpride-300x154.png 300w, https:\/\/news.sap.com\/sweden\/files\/2024\/05\/30\/stockholmpride-768x394.png 768w, https:\/\/news.sap.com\/sweden\/files\/2024\/05\/30\/stockholmpride.png 800w\" sizes=\"auto, (max-width: 300px) 100vw, 300px\" \/><\/strong><\/p>\n","protected":false},"excerpt":{"rendered":"<p>Temat f\u00f6r \u00e5rets Stockholm Pride \u00e4r &#8221;Starkare tillsammans&#8221;, vilket \u00e4r en p\u00e5minnelse till alla om gemenskapens viktigaste principer och i f\u00f6rl\u00e4ngningen en av den svenska&#8230;<\/p>\n","protected":false},"author":29,"featured_media":4607,"comment_status":"closed","ping_status":"closed","sticky":false,"template":"","format":"standard","meta":{"footnotes":"","_links_to":"","_links_to_target":""},"categories":[4503881,4545190],"tags":[5563984,5563776,5563704,5562255,5563789],"sapn-display":[4544525,5564001,5564000,4547891],"sapn-type":[5562140],"class_list":["post-4606","post","type-post","status-publish","format-standard","has-post-thumbnail","hentry","category-ekosystem","category-event","tag-michael-rebitzki-vennhoff","tag-peter-berg","tag-pridesap","tag-sap","tag-stockholm-pride","sapn-display-hero","sapn-display-artikel-favoriter","sapn-display-artikel-spotlight","sapn-display-homepage-hero","sapn-type-artikel"],"yoast_head":"<!-- This site is optimized with the Yoast SEO Premium plugin v26.9 (Yoast SEO v26.9) - https:\/\/yoast.com\/product\/yoast-seo-premium-wordpress\/ -->\n<title>Starkare tillsammans \u00e4r temat f\u00f6r \u00e5rets Stockholm Pride \u2013 麻豆原创 \u00e4r fortsatt en stolt supporter - 麻豆原创 Sweden Nyheter<\/title>\n<meta name=\"robots\" content=\"index, follow, max-snippet:-1, max-image-preview:large, max-video-preview:-1\" \/>\n<link rel=\"canonical\" href=\"https:\/\/news.sap.com\/sweden\/2024\/05\/starkare-tillsammans-ar-temat-for-arets-stockholm-pride-sap-ar-fortsatt-en-stolt-supporter\/\" \/>\n<meta property=\"og:locale\" content=\"sv_SE\" \/>\n<meta property=\"og:type\" content=\"article\" \/>\n<meta property=\"og:title\" content=\"Starkare tillsammans \u00e4r temat f\u00f6r \u00e5rets Stockholm Pride \u2013 麻豆原创 \u00e4r fortsatt en stolt supporter\" \/>\n<meta property=\"og:description\" content=\"Temat f\u00f6r \u00e5rets Stockholm Pride \u00e4r &#8221;Starkare tillsammans&#8221;, vilket \u00e4r en p\u00e5minnelse till alla om gemenskapens viktigaste principer och i f\u00f6rl\u00e4ngningen en av den svenska...\" \/>\n<meta property=\"og:url\" content=\"https:\/\/news.sap.com\/sweden\/2024\/05\/starkare-tillsammans-ar-temat-for-arets-stockholm-pride-sap-ar-fortsatt-en-stolt-supporter\/\" \/>\n<meta property=\"og:site_name\" content=\"麻豆原创 Sweden Nyheter\" \/>\n<meta property=\"article:published_time\" content=\"2024-05-30T06:00:20+00:00\" \/>\n<meta property=\"article:modified_time\" content=\"2024-08-07T17:42:44+00:00\" \/>\n<meta property=\"og:image\" content=\"https:\/\/news.sap.com\/sweden\/files\/2024\/05\/29\/297261_GettyImages-1398256653_large_F_jpg.jpg\" \/>\n\t<meta property=\"og:image:width\" content=\"1920\" \/>\n\t<meta property=\"og:image:height\" content=\"600\" \/>\n\t<meta property=\"og:image:type\" content=\"image\/jpeg\" \/>\n<meta name=\"author\" content=\"麻豆原创 News\" \/>\n<meta name=\"twitter:card\" content=\"summary_large_image\" \/>\n<meta name=\"twitter:label1\" content=\"Skriven av\" \/>\n\t<meta name=\"twitter:data1\" content=\"麻豆原创 News\" \/>\n\t<meta name=\"twitter:label2\" content=\"Ber\u00e4knad l\u00e4stid\" \/>\n\t<meta name=\"twitter:data2\" content=\"3 minuter\" \/>\n<script type=\"application\/ld+json\" class=\"yoast-schema-graph\">{\"@context\":\"https:\/\/schema.org\",\"@graph\":[{\"@type\":\"Article\",\"@id\":\"https:\/\/news.sap.com\/sweden\/2024\/05\/starkare-tillsammans-ar-temat-for-arets-stockholm-pride-sap-ar-fortsatt-en-stolt-supporter\/#article\",\"isPartOf\":{\"@id\":\"https:\/\/news.sap.com\/sweden\/2024\/05\/starkare-tillsammans-ar-temat-for-arets-stockholm-pride-sap-ar-fortsatt-en-stolt-supporter\/\"},\"author\":{\"name\":\"麻豆原创 News\",\"@id\":\"https:\/\/news.sap.com\/sweden\/#\/schema\/person\/53b9854bd790d6f18f3fc4bbb2ad7570\"},\"headline\":\"Starkare tillsammans \u00e4r temat f\u00f6r \u00e5rets Stockholm Pride \u2013 麻豆原创 \u00e4r fortsatt en stolt supporter\",\"datePublished\":\"2024-05-30T06:00:20+00:00\",\"dateModified\":\"2024-08-07T17:42:44+00:00\",\"mainEntityOfPage\":{\"@id\":\"https:\/\/news.sap.com\/sweden\/2024\/05\/starkare-tillsammans-ar-temat-for-arets-stockholm-pride-sap-ar-fortsatt-en-stolt-supporter\/\"},\"wordCount\":592,\"image\":{\"@id\":\"https:\/\/news.sap.com\/sweden\/2024\/05\/starkare-tillsammans-ar-temat-for-arets-stockholm-pride-sap-ar-fortsatt-en-stolt-supporter\/#primaryimage\"},\"thumbnailUrl\":\"https:\/\/news.sap.com\/sweden\/files\/2024\/05\/29\/297261_GettyImages-1398256653_large_F_jpg.jpg\",\"keywords\":[\"Michael Rebitzki-Vennhoff\",\"Peter Berg\",\"Pride@麻豆原创\",\"sap\",\"Stockholm Pride\"],\"articleSection\":[\"Ekosystem\",\"Event\"],\"inLanguage\":\"sv-SE\"},{\"@type\":\"WebPage\",\"@id\":\"https:\/\/news.sap.com\/sweden\/2024\/05\/starkare-tillsammans-ar-temat-for-arets-stockholm-pride-sap-ar-fortsatt-en-stolt-supporter\/\",\"url\":\"https:\/\/news.sap.com\/sweden\/2024\/05\/starkare-tillsammans-ar-temat-for-arets-stockholm-pride-sap-ar-fortsatt-en-stolt-supporter\/\",\"name\":\"Starkare tillsammans \u00e4r temat f\u00f6r \u00e5rets Stockholm Pride \u2013 麻豆原创 \u00e4r fortsatt en stolt supporter - 麻豆原创 Sweden Nyheter\",\"isPartOf\":{\"@id\":\"https:\/\/news.sap.com\/sweden\/#website\"},\"primaryImageOfPage\":{\"@id\":\"https:\/\/news.sap.com\/sweden\/2024\/05\/starkare-tillsammans-ar-temat-for-arets-stockholm-pride-sap-ar-fortsatt-en-stolt-supporter\/#primaryimage\"},\"image\":{\"@id\":\"https:\/\/news.sap.com\/sweden\/2024\/05\/starkare-tillsammans-ar-temat-for-arets-stockholm-pride-sap-ar-fortsatt-en-stolt-supporter\/#primaryimage\"},\"thumbnailUrl\":\"https:\/\/news.sap.com\/sweden\/files\/2024\/05\/29\/297261_GettyImages-1398256653_large_F_jpg.jpg\",\"datePublished\":\"2024-05-30T06:00:20+00:00\",\"dateModified\":\"2024-08-07T17:42:44+00:00\",\"author\":{\"@id\":\"https:\/\/news.sap.com\/sweden\/#\/schema\/person\/53b9854bd790d6f18f3fc4bbb2ad7570\"},\"breadcrumb\":{\"@id\":\"https:\/\/news.sap.com\/sweden\/2024\/05\/starkare-tillsammans-ar-temat-for-arets-stockholm-pride-sap-ar-fortsatt-en-stolt-supporter\/#breadcrumb\"},\"inLanguage\":\"sv-SE\",\"potentialAction\":[{\"@type\":\"ReadAction\",\"target\":[\"https:\/\/news.sap.com\/sweden\/2024\/05\/starkare-tillsammans-ar-temat-for-arets-stockholm-pride-sap-ar-fortsatt-en-stolt-supporter\/\"]}]},{\"@type\":\"ImageObject\",\"inLanguage\":\"sv-SE\",\"@id\":\"https:\/\/news.sap.com\/sweden\/2024\/05\/starkare-tillsammans-ar-temat-for-arets-stockholm-pride-sap-ar-fortsatt-en-stolt-supporter\/#primaryimage\",\"url\":\"https:\/\/news.sap.com\/sweden\/files\/2024\/05\/29\/297261_GettyImages-1398256653_large_F_jpg.jpg\",\"contentUrl\":\"https:\/\/news.sap.com\/sweden\/files\/2024\/05\/29\/297261_GettyImages-1398256653_large_F_jpg.jpg\",\"width\":1920,\"height\":600},{\"@type\":\"BreadcrumbList\",\"@id\":\"https:\/\/news.sap.com\/sweden\/2024\/05\/starkare-tillsammans-ar-temat-for-arets-stockholm-pride-sap-ar-fortsatt-en-stolt-supporter\/#breadcrumb\",\"itemListElement\":[{\"@type\":\"ListItem\",\"position\":1,\"name\":\"Home\",\"item\":\"https:\/\/news.sap.com\/sweden\/\"},{\"@type\":\"ListItem\",\"position\":2,\"name\":\"Starkare tillsammans \u00e4r temat f\u00f6r \u00e5rets Stockholm Pride \u2013 麻豆原创 \u00e4r fortsatt en stolt supporter\"}]},{\"@type\":\"WebSite\",\"@id\":\"https:\/\/news.sap.com\/sweden\/#website\",\"url\":\"https:\/\/news.sap.com\/sweden\/\",\"name\":\"麻豆原创 Sweden Nyheter\",\"description\":\"Nyheter och information om 麻豆原创\",\"potentialAction\":[{\"@type\":\"SearchAction\",\"target\":{\"@type\":\"EntryPoint\",\"urlTemplate\":\"https:\/\/news.sap.com\/sweden\/?s={search_term_string}\"},\"query-input\":{\"@type\":\"PropertyValueSpecification\",\"valueRequired\":true,\"valueName\":\"search_term_string\"}}],\"inLanguage\":\"sv-SE\"},{\"@type\":\"Person\",\"@id\":\"https:\/\/news.sap.com\/sweden\/#\/schema\/person\/53b9854bd790d6f18f3fc4bbb2ad7570\",\"name\":\"麻豆原创 News\",\"image\":{\"@type\":\"ImageObject\",\"inLanguage\":\"sv-SE\",\"@id\":\"https:\/\/news.sap.com\/sweden\/#\/schema\/person\/image\/\",\"url\":\"https:\/\/news.sap.com\/sweden\/wp-content\/plugins\/wp-user-avatars\/wp-user-avatars\/assets\/images\/mystery.jpg\",\"contentUrl\":\"https:\/\/news.sap.com\/sweden\/wp-content\/plugins\/wp-user-avatars\/wp-user-avatars\/assets\/images\/mystery.jpg\",\"caption\":\"麻豆原创 News\"},\"url\":\"https:\/\/news.sap.com\/sweden\/author\/colleenraftery\/\"}]}<\/script>\n<!-- \/ Yoast SEO Premium plugin. -->","yoast_head_json":{"title":"Starkare tillsammans \u00e4r temat f\u00f6r \u00e5rets Stockholm Pride \u2013 麻豆原创 \u00e4r fortsatt en stolt supporter - 麻豆原创 Sweden Nyheter","robots":{"index":"index","follow":"follow","max-snippet":"max-snippet:-1","max-image-preview":"max-image-preview:large","max-video-preview":"max-video-preview:-1"},"canonical":"https:\/\/news.sap.com\/sweden\/2024\/05\/starkare-tillsammans-ar-temat-for-arets-stockholm-pride-sap-ar-fortsatt-en-stolt-supporter\/","og_locale":"sv_SE","og_type":"article","og_title":"Starkare tillsammans \u00e4r temat f\u00f6r \u00e5rets Stockholm Pride \u2013 麻豆原创 \u00e4r fortsatt en stolt supporter","og_description":"Temat f\u00f6r \u00e5rets Stockholm Pride \u00e4r &#8221;Starkare tillsammans&#8221;, vilket \u00e4r en p\u00e5minnelse till alla om gemenskapens viktigaste principer och i f\u00f6rl\u00e4ngningen en av den svenska...","og_url":"https:\/\/news.sap.com\/sweden\/2024\/05\/starkare-tillsammans-ar-temat-for-arets-stockholm-pride-sap-ar-fortsatt-en-stolt-supporter\/","og_site_name":"麻豆原创 Sweden Nyheter","article_published_time":"2024-05-30T06:00:20+00:00","article_modified_time":"2024-08-07T17:42:44+00:00","og_image":[{"width":1920,"height":600,"url":"https:\/\/news.sap.com\/sweden\/files\/2024\/05\/29\/297261_GettyImages-1398256653_large_F_jpg.jpg","type":"image\/jpeg"}],"author":"麻豆原创 News","twitter_card":"summary_large_image","twitter_misc":{"Skriven av":"麻豆原创 News","Ber\u00e4knad l\u00e4stid":"3 minuter"},"schema":{"@context":"https:\/\/schema.org","@graph":[{"@type":"Article","@id":"https:\/\/news.sap.com\/sweden\/2024\/05\/starkare-tillsammans-ar-temat-for-arets-stockholm-pride-sap-ar-fortsatt-en-stolt-supporter\/#article","isPartOf":{"@id":"https:\/\/news.sap.com\/sweden\/2024\/05\/starkare-tillsammans-ar-temat-for-arets-stockholm-pride-sap-ar-fortsatt-en-stolt-supporter\/"},"author":{"name":"麻豆原创 News","@id":"https:\/\/news.sap.com\/sweden\/#\/schema\/person\/53b9854bd790d6f18f3fc4bbb2ad7570"},"headline":"Starkare tillsammans \u00e4r temat f\u00f6r \u00e5rets Stockholm Pride \u2013 麻豆原创 \u00e4r fortsatt en stolt supporter","datePublished":"2024-05-30T06:00:20+00:00","dateModified":"2024-08-07T17:42:44+00:00","mainEntityOfPage":{"@id":"https:\/\/news.sap.com\/sweden\/2024\/05\/starkare-tillsammans-ar-temat-for-arets-stockholm-pride-sap-ar-fortsatt-en-stolt-supporter\/"},"wordCount":592,"image":{"@id":"https:\/\/news.sap.com\/sweden\/2024\/05\/starkare-tillsammans-ar-temat-for-arets-stockholm-pride-sap-ar-fortsatt-en-stolt-supporter\/#primaryimage"},"thumbnailUrl":"https:\/\/news.sap.com\/sweden\/files\/2024\/05\/29\/297261_GettyImages-1398256653_large_F_jpg.jpg","keywords":["Michael Rebitzki-Vennhoff","Peter Berg","Pride@麻豆原创","sap","Stockholm Pride"],"articleSection":["Ekosystem","Event"],"inLanguage":"sv-SE"},{"@type":"WebPage","@id":"https:\/\/news.sap.com\/sweden\/2024\/05\/starkare-tillsammans-ar-temat-for-arets-stockholm-pride-sap-ar-fortsatt-en-stolt-supporter\/","url":"https:\/\/news.sap.com\/sweden\/2024\/05\/starkare-tillsammans-ar-temat-for-arets-stockholm-pride-sap-ar-fortsatt-en-stolt-supporter\/","name":"Starkare tillsammans \u00e4r temat f\u00f6r \u00e5rets Stockholm Pride \u2013 麻豆原创 \u00e4r fortsatt en stolt supporter - 麻豆原创 Sweden Nyheter","isPartOf":{"@id":"https:\/\/news.sap.com\/sweden\/#website"},"primaryImageOfPage":{"@id":"https:\/\/news.sap.com\/sweden\/2024\/05\/starkare-tillsammans-ar-temat-for-arets-stockholm-pride-sap-ar-fortsatt-en-stolt-supporter\/#primaryimage"},"image":{"@id":"https:\/\/news.sap.com\/sweden\/2024\/05\/starkare-tillsammans-ar-temat-for-arets-stockholm-pride-sap-ar-fortsatt-en-stolt-supporter\/#primaryimage"},"thumbnailUrl":"https:\/\/news.sap.com\/sweden\/files\/2024\/05\/29\/297261_GettyImages-1398256653_large_F_jpg.jpg","datePublished":"2024-05-30T06:00:20+00:00","dateModified":"2024-08-07T17:42:44+00:00","author":{"@id":"https:\/\/news.sap.com\/sweden\/#\/schema\/person\/53b9854bd790d6f18f3fc4bbb2ad7570"},"breadcrumb":{"@id":"https:\/\/news.sap.com\/sweden\/2024\/05\/starkare-tillsammans-ar-temat-for-arets-stockholm-pride-sap-ar-fortsatt-en-stolt-supporter\/#breadcrumb"},"inLanguage":"sv-SE","potentialAction":[{"@type":"ReadAction","target":["https:\/\/news.sap.com\/sweden\/2024\/05\/starkare-tillsammans-ar-temat-for-arets-stockholm-pride-sap-ar-fortsatt-en-stolt-supporter\/"]}]},{"@type":"ImageObject","inLanguage":"sv-SE","@id":"https:\/\/news.sap.com\/sweden\/2024\/05\/starkare-tillsammans-ar-temat-for-arets-stockholm-pride-sap-ar-fortsatt-en-stolt-supporter\/#primaryimage","url":"https:\/\/news.sap.com\/sweden\/files\/2024\/05\/29\/297261_GettyImages-1398256653_large_F_jpg.jpg","contentUrl":"https:\/\/news.sap.com\/sweden\/files\/2024\/05\/29\/297261_GettyImages-1398256653_large_F_jpg.jpg","width":1920,"height":600},{"@type":"BreadcrumbList","@id":"https:\/\/news.sap.com\/sweden\/2024\/05\/starkare-tillsammans-ar-temat-for-arets-stockholm-pride-sap-ar-fortsatt-en-stolt-supporter\/#breadcrumb","itemListElement":[{"@type":"ListItem","position":1,"name":"Home","item":"https:\/\/news.sap.com\/sweden\/"},{"@type":"ListItem","position":2,"name":"Starkare tillsammans \u00e4r temat f\u00f6r \u00e5rets Stockholm Pride \u2013 麻豆原创 \u00e4r fortsatt en stolt supporter"}]},{"@type":"WebSite","@id":"https:\/\/news.sap.com\/sweden\/#website","url":"https:\/\/news.sap.com\/sweden\/","name":"麻豆原创 Sweden Nyheter","description":"Nyheter och information om 麻豆原创","potentialAction":[{"@type":"SearchAction","target":{"@type":"EntryPoint","urlTemplate":"https:\/\/news.sap.com\/sweden\/?s={search_term_string}"},"query-input":{"@type":"PropertyValueSpecification","valueRequired":true,"valueName":"search_term_string"}}],"inLanguage":"sv-SE"},{"@type":"Person","@id":"https:\/\/news.sap.com\/sweden\/#\/schema\/person\/53b9854bd790d6f18f3fc4bbb2ad7570","name":"麻豆原创 News","image":{"@type":"ImageObject","inLanguage":"sv-SE","@id":"https:\/\/news.sap.com\/sweden\/#\/schema\/person\/image\/","url":"https:\/\/news.sap.com\/sweden\/wp-content\/plugins\/wp-user-avatars\/wp-user-avatars\/assets\/images\/mystery.jpg","contentUrl":"https:\/\/news.sap.com\/sweden\/wp-content\/plugins\/wp-user-avatars\/wp-user-avatars\/assets\/images\/mystery.jpg","caption":"麻豆原创 News"},"url":"https:\/\/news.sap.com\/sweden\/author\/colleenraftery\/"}]}},"amp_enabled":true,"_links":{"self":[{"href":"https:\/\/news.sap.com\/sweden\/wp-json\/wp\/v2\/posts\/4606","targetHints":{"allow":["GET"]}}],"collection":[{"href":"https:\/\/news.sap.com\/sweden\/wp-json\/wp\/v2\/posts"}],"about":[{"href":"https:\/\/news.sap.com\/sweden\/wp-json\/wp\/v2\/types\/post"}],"author":[{"embeddable":true,"href":"https:\/\/news.sap.com\/sweden\/wp-json\/wp\/v2\/users\/29"}],"replies":[{"embeddable":true,"href":"https:\/\/news.sap.com\/sweden\/wp-json\/wp\/v2\/comments?post=4606"}],"version-history":[{"count":0,"href":"https:\/\/news.sap.com\/sweden\/wp-json\/wp\/v2\/posts\/4606\/revisions"}],"wp:featuredmedia":[{"embeddable":true,"href":"https:\/\/news.sap.com\/sweden\/wp-json\/wp\/v2\/media\/4607"}],"wp:attachment":[{"href":"https:\/\/news.sap.com\/sweden\/wp-json\/wp\/v2\/media?parent=4606"}],"wp:term":[{"taxonomy":"category","embeddable":true,"href":"https:\/\/news.sap.com\/sweden\/wp-json\/wp\/v2\/categories?post=4606"},{"taxonomy":"post_tag","embeddable":true,"href":"https:\/\/news.sap.com\/sweden\/wp-json\/wp\/v2\/tags?post=4606"},{"taxonomy":"sapn-display","embeddable":true,"href":"https:\/\/news.sap.com\/sweden\/wp-json\/wp\/v2\/sapn-display?post=4606"},{"taxonomy":"sapn-type","embeddable":true,"href":"https:\/\/news.sap.com\/sweden\/wp-json\/wp\/v2\/sapn-type?post=4606"}],"curies":[{"name":"wp","href":"https:\/\/api.w.org\/{rel}","templated":true}]}}