  {"id":4603,"date":"2024-05-28T08:00:51","date_gmt":"2024-05-28T06:00:51","guid":{"rendered":"https:\/\/news.sap.com\/sweden\/?p=4603"},"modified":"2024-08-07T19:42:46","modified_gmt":"2024-08-07T17:42:46","slug":"bort-med-skygglapparna-tank-natverk-2","status":"publish","type":"post","link":"https:\/\/news.sap.com\/sweden\/2024\/05\/bort-med-skygglapparna-tank-natverk-2\/","title":{"rendered":"Bort med skygglapparna \u2013 t\u00e4nk n\u00e4tverk"},"content":{"rendered":"<p class=\"lead\">F\u00f6retag med ett positivt arbetsklimat drar till sig de b\u00e4sta talangerna. I skarp kontrast till de arbetsplatser som pr\u00e4glas av byr\u00e5krati och brutal ordergivning. Genom att \u00f6ppna oss, bygga och t\u00e4nka n\u00e4tverk skapar vi den positiva milj\u00f6 som f\u00e5r medarbetare och f\u00f6retag att trivas.<\/p>\n<p>N\u00e4r nya generationer kommer in p\u00e5 arbetsplatsen st\u00e4ller det nya krav p\u00e5 s\u00e4ttet att arbeta. En positiv f\u00f6retagskultur fungerar som en magnet f\u00f6r duktiga personer och tar fram det b\u00e4sta i oss. Det g\u00f6r inte h\u00e5rda, brutala och byr\u00e5kratiska processer. Det intressanta \u00e4r att vi pratar mycket om n\u00e4tverkande och vi hyllar id\u00e9n, men p\u00e5 m\u00e5nga h\u00e5ll \u00e4r vi fortfarande hierarkiska och orderpr\u00e4glade.<\/p>\n<p>F\u00f6r mig \u00e4r det a och o att ha en positiv inst\u00e4llning och hellre se m\u00f6jligheter \u00e4n problem. Det \u00e4r inte alltid l\u00e4tt, men om grundinst\u00e4llningen och attityden \u00e4r positiv \u00e4r det l\u00e4ttare att ta itu med problemen. M\u00e4nniskor vill f\u00f6lja en ledare som ser m\u00f6jligheterna och kan f\u00e5 andra att g\u00f6ra detsamma. Det \u00e4r en viktig ledaregenskap och kommunikationen m\u00e5ste vara direkt och enkel \u2013 och helst inneh\u00e5lla ett stort m\u00e5tt av ber\u00e4ttande.<\/p>\n<p><strong>M\u00e5ste k\u00e4nnas toppen att vara med<\/strong><\/p>\n<p>Vi m\u00e5ste bli b\u00e4ttre p\u00e5 att t\u00e4nka och agera som ut\u00f6kade n\u00e4tverk. Grundtanken m\u00e5ste vara att vi \u00e4r j\u00e4mst\u00e4llda och att alla har r\u00e4tt att vara h\u00e4r och ha en \u00e5sikt. B\u00e5de i relationen mellan m\u00e4nniskor och i relationen mellan f\u00f6retag. Det tar jag med mig fr\u00e5n de djupa samarbeten vi har med v\u00e5ra kunder. \u00c4ven om aff\u00e4rsm\u00e5len och det tekniska inneh\u00e5llet till synes \u00e4r n\u00e4stan desamma, \u00e4r den m\u00e4nskliga upplevelsen v\u00e4ldigt olika.<\/p>\n<p>Vi m\u00f6ter ofta arbetskulturer pr\u00e4glade av \u00f6ppenhet, ambition och positivitet. H\u00e4r arbetar kundens medarbetare och v\u00e5ra medarbetare n\u00e4ra varandra, l\u00e4r k\u00e4nna varandra v\u00e4l och str\u00e4var efter b\u00e4sta m\u00f6jliga utfall. Och n\u00e4r det k\u00e4nns toppen att vara med i projektet ur ett m\u00e4nskligt perspektiv blir resultatet vanligtvis mycket b\u00e4ttre och skapar mer v\u00e4rde. Det attraherar nya medarbetare och f\u00e5r entusiasmen att blomstra exponentiellt. Men det h\u00e4nder ocks\u00e5 att vi m\u00f6ter motsatsen.<\/p>\n<p><strong>Upplevelsen inifr\u00e5n<\/strong><\/p>\n<p>麻豆原创 arbetar p\u00e5 en f\u00f6retagsmarknad d\u00e4r den digitala k\u00e4rnan \u00e4r ryggraden i kundernas verksamhet. Det finns inget utrymme f\u00f6r kortsiktig sj\u00e4lviskhet h\u00e4r. I v\u00e5r bransch \u00e4r det vanligt med f\u00f6rs\u00e4ljnings- och implementeringsprocesser som tar m\u00e5nader och \u00e5r. D\u00e4rf\u00f6r kommer vi n\u00e4ra kunderna och delar deras ambitioner och frustrationer. Vi f\u00e5r ocks\u00e5 ett smakprov p\u00e5 den kultur som k\u00e4nnetecknar insidan av varje organisation.<\/p>\n<p>I v\u00e5ra egna led m\u00e5ste vi g\u00f6ra upp med passiva anfallare i laget som helt enkelt st\u00e5r stilla och v\u00e4ntar p\u00e5 bollen f\u00f6r att sparka den i m\u00e5l. Det kan till exempel vara den firade s\u00e4ljaren som f\u00e5r en namnteckning p\u00e5 ett kontrakt. Men hon sk\u00f6rdar egentligen bara frukterna av allt arbete som g\u00f6rs p\u00e5 f\u00f6rsvaret och mittf\u00e4ltet. Hela teamet beh\u00f6vs f\u00f6r att vara en v\u00e4rdeskapande partner f\u00f6r kunden.<\/p>\n<p>Lika lite konstruktivt \u00e4r det att m\u00f6ta en lite paranoid kund som med skygglappar fokuserar p\u00e5 n\u00e4sta utgift och inte har en l\u00e5ngsiktig syn p\u00e5 digitalt v\u00e4rdeskapande. S\u00e5dana skygglappar kan inneb\u00e4ra att du enbart fokuserar p\u00e5 k\u00f6pet och mitt i misstroendet g\u00e5r miste om all energi, erfarenhet och entusiasm i leveransen.<\/p>\n<p><strong>Bel\u00f6ning p\u00e5 l\u00e5ng sikt<\/strong><\/p>\n<p>Den ena arbetsplatsen kan vara inspirerande och utmanande. Och en annan kan vara energi- dr\u00e4nerande och tung. Sj\u00e4lv motiveras jag av att arbeta med ledare som t\u00e4nker l\u00e5ngsiktigt.<\/p>\n<p>Grunden \u00e4r ett bra partnerskap d\u00e4r alla \u00e4r m\u00e4nniskor och st\u00e4mningen \u00e4r \u00e4rlig med fokus p\u00e5 uppgiften. Oavsett vad som st\u00e5r p\u00e5 visitkortet. N\u00e4tverk och \u00f6msesidig respekt \u00f6ver klyftan mellan kund och leverant\u00f6r och mellan specialist och generalist \u2013 det f\u00e5r alla p\u00e5 t\u00e5rna. Man vill instinktivt hj\u00e4lpa, bidra och nicka med huvudet i en s\u00e5 psykologiskt s\u00e4ker och \u00f6ppen process. Det \u00e4r ocks\u00e5 l\u00e4ttare i en s\u00e5dan milj\u00f6 att f\u00e5 till bra avtal som gynnar alla.<\/p>\n<p>Och den moderna aff\u00e4rsv\u00e4rlden handlar om just n\u00e4tverk och partnerskap. Jag ser 麻豆原创 som en partner till v\u00e5ra kunder, snarare \u00e4n en leverant\u00f6r. Vi har f\u00e5tt m\u00f6jligheten att arbeta med n\u00e5gra av de finaste f\u00f6retagen i Sverige och vi \u00e4r stolta \u00f6ver hur viktiga v\u00e5ra l\u00f6sningar och tj\u00e4nster \u00e4r f\u00f6r v\u00e5ra kunder. Det \u00e4r s\u00e5 mycket mer givande och effektivt att arbeta i partnerskap. Kunden kommer att f\u00e5 ut mer av partnerskapet och de l\u00f6sningar som de k\u00f6per fr\u00e5n leverant\u00f6ren om vi f\u00f6rst\u00e5r varandra b\u00e4ttre.<\/p>\n<p>Jag kan bli lite skakad i min positiva v\u00e4rldsbild n\u00e4r jag m\u00f6ter f\u00f6retagsledare som inte vill satsa p\u00e5 framtiden och fortfarande har en del gammaldags t\u00e4nkande. De kanske kan prata om de stora visionerna, men i verkligheten agerar de bara f\u00f6r att uppfylla kortsiktiga m\u00e5l.<\/p>\n<p>I v\u00e4rsta fall f\u00e5r vi leverant\u00f6rer som fastnar i ett negativt tankes\u00e4tt och blir manipulativa, sj\u00e4lvcentrerade, generiska och till och med arroganta. Ingen kund vill ha leverant\u00f6rer som beter sig p\u00e5 det s\u00e4ttet \u2013 d\u00e5 blir vi heller inte relevanta p\u00e5 l\u00e5ng sikt och kan inte tillf\u00f6ra n\u00e5got v\u00e4rde till kunden.<\/p>\n<p>Vi st\u00e5r inf\u00f6r en teknisk revolution och h\u00f6gt p\u00e5 agendan \u00e4r h\u00e5llbarhet och artificiell intelligens. H\u00e4r kommer det att vara de skickliga, personliga och modiga organisationerna som har b\u00e4st f\u00f6ruts\u00e4ttningar att lyckas.<\/p>\n<p>&nbsp;<\/p>\n<figure id=\"attachment_4463\" aria-describedby=\"caption-attachment-4463\" style=\"width: 300px\" class=\"wp-caption alignnone\"><img loading=\"lazy\" decoding=\"async\" class=\"size-medium wp-image-4463\" src=\"https:\/\/news.sap.com\/sweden\/files\/2023\/10\/24\/Antti_Soini-300x300.jpg\" alt=\"\" width=\"300\" height=\"300\" srcset=\"https:\/\/news.sap.com\/sweden\/files\/2023\/10\/24\/Antti_Soini-300x300.jpg 300w, https:\/\/news.sap.com\/sweden\/files\/2023\/10\/24\/Antti_Soini-150x150.jpg 150w, https:\/\/news.sap.com\/sweden\/files\/2023\/10\/24\/Antti_Soini.jpg 396w\" sizes=\"auto, (max-width: 300px) 100vw, 300px\" \/><figcaption id=\"caption-attachment-4463\" class=\"wp-caption-text\"><em><span style=\"font-size: 16px\">av Antti Soini, vd 麻豆原创 Svenska<\/span><\/em><\/figcaption><\/figure>\n<p>&nbsp;<\/p>\n","protected":false},"excerpt":{"rendered":"<p>F\u00f6retag med ett positivt arbetsklimat drar till sig de b\u00e4sta talangerna. I skarp kontrast till de arbetsplatser som pr\u00e4glas av byr\u00e5krati och brutal ordergivning. Genom&#8230;<\/p>\n","protected":false},"author":4366,"featured_media":4605,"comment_status":"closed","ping_status":"closed","sticky":false,"template":"","format":"standard","meta":{"footnotes":"","_links_to":"","_links_to_target":""},"categories":[4503881,4545190,4545004,4545758],"tags":[5563769,5562255],"sapn-display":[4544525,5564001,5564000,4547891],"sapn-type":[5562140],"class_list":["post-4603","post","type-post","status-publish","format-standard","has-post-thumbnail","hentry","category-ekosystem","category-event","category-foretagsinformation","category-losningar","tag-antti-soini","tag-sap","sapn-display-hero","sapn-display-artikel-favoriter","sapn-display-artikel-spotlight","sapn-display-homepage-hero","sapn-type-artikel"],"yoast_head":"<!-- This site is optimized with the Yoast SEO Premium plugin v26.9 (Yoast SEO v26.9) - https:\/\/yoast.com\/product\/yoast-seo-premium-wordpress\/ -->\n<title>Bort med skygglapparna \u2013 t\u00e4nk n\u00e4tverk - 麻豆原创 Sweden Nyheter<\/title>\n<meta name=\"robots\" content=\"index, follow, max-snippet:-1, max-image-preview:large, max-video-preview:-1\" \/>\n<link rel=\"canonical\" href=\"https:\/\/news.sap.com\/sweden\/2024\/05\/bort-med-skygglapparna-tank-natverk-2\/\" \/>\n<meta property=\"og:locale\" content=\"sv_SE\" \/>\n<meta property=\"og:type\" content=\"article\" \/>\n<meta property=\"og:title\" content=\"Bort med skygglapparna \u2013 t\u00e4nk n\u00e4tverk\" \/>\n<meta property=\"og:description\" content=\"F\u00f6retag med ett positivt arbetsklimat drar till sig de b\u00e4sta talangerna. I skarp kontrast till de arbetsplatser som pr\u00e4glas av byr\u00e5krati och brutal ordergivning. Genom...\" \/>\n<meta property=\"og:url\" content=\"https:\/\/news.sap.com\/sweden\/2024\/05\/bort-med-skygglapparna-tank-natverk-2\/\" \/>\n<meta property=\"og:site_name\" content=\"麻豆原创 Sweden Nyheter\" \/>\n<meta property=\"article:published_time\" content=\"2024-05-28T06:00:51+00:00\" \/>\n<meta property=\"article:modified_time\" content=\"2024-08-07T17:42:46+00:00\" \/>\n<meta property=\"og:image\" content=\"https:\/\/news.sap.com\/sweden\/files\/2024\/05\/28\/F_278029_278029_h_ergb_s_gl.jpg\" \/>\n\t<meta property=\"og:image:width\" content=\"1920\" \/>\n\t<meta property=\"og:image:height\" content=\"600\" \/>\n\t<meta property=\"og:image:type\" content=\"image\/jpeg\" \/>\n<meta name=\"author\" content=\"Antti Soini, vd 麻豆原创 Svenska\" \/>\n<meta name=\"twitter:card\" content=\"summary_large_image\" \/>\n<meta name=\"twitter:label1\" content=\"Skriven av\" \/>\n\t<meta name=\"twitter:data1\" content=\"Antti Soini, vd 麻豆原创 Svenska\" \/>\n\t<meta name=\"twitter:label2\" content=\"Ber\u00e4knad l\u00e4stid\" \/>\n\t<meta name=\"twitter:data2\" content=\"5 minuter\" \/>\n<script type=\"application\/ld+json\" class=\"yoast-schema-graph\">{\"@context\":\"https:\/\/schema.org\",\"@graph\":[{\"@type\":\"Article\",\"@id\":\"https:\/\/news.sap.com\/sweden\/2024\/05\/bort-med-skygglapparna-tank-natverk-2\/#article\",\"isPartOf\":{\"@id\":\"https:\/\/news.sap.com\/sweden\/2024\/05\/bort-med-skygglapparna-tank-natverk-2\/\"},\"author\":{\"name\":\"Antti Soini, vd 麻豆原创 Svenska\",\"@id\":\"https:\/\/news.sap.com\/sweden\/#\/schema\/person\/77a206e586f4e895144738dbe75c3bfa\"},\"headline\":\"Bort med skygglapparna \u2013 t\u00e4nk n\u00e4tverk\",\"datePublished\":\"2024-05-28T06:00:51+00:00\",\"dateModified\":\"2024-08-07T17:42:46+00:00\",\"mainEntityOfPage\":{\"@id\":\"https:\/\/news.sap.com\/sweden\/2024\/05\/bort-med-skygglapparna-tank-natverk-2\/\"},\"wordCount\":1039,\"image\":{\"@id\":\"https:\/\/news.sap.com\/sweden\/2024\/05\/bort-med-skygglapparna-tank-natverk-2\/#primaryimage\"},\"thumbnailUrl\":\"https:\/\/news.sap.com\/sweden\/files\/2024\/05\/28\/F_278029_278029_h_ergb_s_gl.jpg\",\"keywords\":[\"Antti Soini\",\"sap\"],\"articleSection\":[\"Ekosystem\",\"Event\",\"F\u00f6retagsinformation\",\"L\u00f6sningar\"],\"inLanguage\":\"sv-SE\"},{\"@type\":\"WebPage\",\"@id\":\"https:\/\/news.sap.com\/sweden\/2024\/05\/bort-med-skygglapparna-tank-natverk-2\/\",\"url\":\"https:\/\/news.sap.com\/sweden\/2024\/05\/bort-med-skygglapparna-tank-natverk-2\/\",\"name\":\"Bort med skygglapparna \u2013 t\u00e4nk n\u00e4tverk - 麻豆原创 Sweden Nyheter\",\"isPartOf\":{\"@id\":\"https:\/\/news.sap.com\/sweden\/#website\"},\"primaryImageOfPage\":{\"@id\":\"https:\/\/news.sap.com\/sweden\/2024\/05\/bort-med-skygglapparna-tank-natverk-2\/#primaryimage\"},\"image\":{\"@id\":\"https:\/\/news.sap.com\/sweden\/2024\/05\/bort-med-skygglapparna-tank-natverk-2\/#primaryimage\"},\"thumbnailUrl\":\"https:\/\/news.sap.com\/sweden\/files\/2024\/05\/28\/F_278029_278029_h_ergb_s_gl.jpg\",\"datePublished\":\"2024-05-28T06:00:51+00:00\",\"dateModified\":\"2024-08-07T17:42:46+00:00\",\"author\":{\"@id\":\"https:\/\/news.sap.com\/sweden\/#\/schema\/person\/77a206e586f4e895144738dbe75c3bfa\"},\"breadcrumb\":{\"@id\":\"https:\/\/news.sap.com\/sweden\/2024\/05\/bort-med-skygglapparna-tank-natverk-2\/#breadcrumb\"},\"inLanguage\":\"sv-SE\",\"potentialAction\":[{\"@type\":\"ReadAction\",\"target\":[\"https:\/\/news.sap.com\/sweden\/2024\/05\/bort-med-skygglapparna-tank-natverk-2\/\"]}]},{\"@type\":\"ImageObject\",\"inLanguage\":\"sv-SE\",\"@id\":\"https:\/\/news.sap.com\/sweden\/2024\/05\/bort-med-skygglapparna-tank-natverk-2\/#primaryimage\",\"url\":\"https:\/\/news.sap.com\/sweden\/files\/2024\/05\/28\/F_278029_278029_h_ergb_s_gl.jpg\",\"contentUrl\":\"https:\/\/news.sap.com\/sweden\/files\/2024\/05\/28\/F_278029_278029_h_ergb_s_gl.jpg\",\"width\":1920,\"height\":600},{\"@type\":\"BreadcrumbList\",\"@id\":\"https:\/\/news.sap.com\/sweden\/2024\/05\/bort-med-skygglapparna-tank-natverk-2\/#breadcrumb\",\"itemListElement\":[{\"@type\":\"ListItem\",\"position\":1,\"name\":\"Home\",\"item\":\"https:\/\/news.sap.com\/sweden\/\"},{\"@type\":\"ListItem\",\"position\":2,\"name\":\"Bort med skygglapparna \u2013 t\u00e4nk n\u00e4tverk\"}]},{\"@type\":\"WebSite\",\"@id\":\"https:\/\/news.sap.com\/sweden\/#website\",\"url\":\"https:\/\/news.sap.com\/sweden\/\",\"name\":\"麻豆原创 Sweden Nyheter\",\"description\":\"Nyheter och information om 麻豆原创\",\"potentialAction\":[{\"@type\":\"SearchAction\",\"target\":{\"@type\":\"EntryPoint\",\"urlTemplate\":\"https:\/\/news.sap.com\/sweden\/?s={search_term_string}\"},\"query-input\":{\"@type\":\"PropertyValueSpecification\",\"valueRequired\":true,\"valueName\":\"search_term_string\"}}],\"inLanguage\":\"sv-SE\"},{\"@type\":\"Person\",\"@id\":\"https:\/\/news.sap.com\/sweden\/#\/schema\/person\/77a206e586f4e895144738dbe75c3bfa\",\"name\":\"Antti Soini, vd 麻豆原创 Svenska\",\"image\":{\"@type\":\"ImageObject\",\"inLanguage\":\"sv-SE\",\"@id\":\"https:\/\/news.sap.com\/sweden\/#\/schema\/person\/image\/\",\"url\":\"https:\/\/news.sap.com\/sweden\/wp-content\/plugins\/wp-user-avatars\/wp-user-avatars\/assets\/images\/mystery.jpg\",\"contentUrl\":\"https:\/\/news.sap.com\/sweden\/wp-content\/plugins\/wp-user-avatars\/wp-user-avatars\/assets\/images\/mystery.jpg\",\"caption\":\"Antti Soini, vd 麻豆原创 Svenska\"},\"url\":\"https:\/\/news.sap.com\/sweden\/author\/anttisoinivdsapsvenska\/\"}]}<\/script>\n<!-- \/ Yoast SEO Premium plugin. -->","yoast_head_json":{"title":"Bort med skygglapparna \u2013 t\u00e4nk n\u00e4tverk - 麻豆原创 Sweden Nyheter","robots":{"index":"index","follow":"follow","max-snippet":"max-snippet:-1","max-image-preview":"max-image-preview:large","max-video-preview":"max-video-preview:-1"},"canonical":"https:\/\/news.sap.com\/sweden\/2024\/05\/bort-med-skygglapparna-tank-natverk-2\/","og_locale":"sv_SE","og_type":"article","og_title":"Bort med skygglapparna \u2013 t\u00e4nk n\u00e4tverk","og_description":"F\u00f6retag med ett positivt arbetsklimat drar till sig de b\u00e4sta talangerna. I skarp kontrast till de arbetsplatser som pr\u00e4glas av byr\u00e5krati och brutal ordergivning. Genom...","og_url":"https:\/\/news.sap.com\/sweden\/2024\/05\/bort-med-skygglapparna-tank-natverk-2\/","og_site_name":"麻豆原创 Sweden Nyheter","article_published_time":"2024-05-28T06:00:51+00:00","article_modified_time":"2024-08-07T17:42:46+00:00","og_image":[{"width":1920,"height":600,"url":"https:\/\/news.sap.com\/sweden\/files\/2024\/05\/28\/F_278029_278029_h_ergb_s_gl.jpg","type":"image\/jpeg"}],"author":"Antti Soini, vd 麻豆原创 Svenska","twitter_card":"summary_large_image","twitter_misc":{"Skriven av":"Antti Soini, vd 麻豆原创 Svenska","Ber\u00e4knad l\u00e4stid":"5 minuter"},"schema":{"@context":"https:\/\/schema.org","@graph":[{"@type":"Article","@id":"https:\/\/news.sap.com\/sweden\/2024\/05\/bort-med-skygglapparna-tank-natverk-2\/#article","isPartOf":{"@id":"https:\/\/news.sap.com\/sweden\/2024\/05\/bort-med-skygglapparna-tank-natverk-2\/"},"author":{"name":"Antti Soini, vd 麻豆原创 Svenska","@id":"https:\/\/news.sap.com\/sweden\/#\/schema\/person\/77a206e586f4e895144738dbe75c3bfa"},"headline":"Bort med skygglapparna \u2013 t\u00e4nk n\u00e4tverk","datePublished":"2024-05-28T06:00:51+00:00","dateModified":"2024-08-07T17:42:46+00:00","mainEntityOfPage":{"@id":"https:\/\/news.sap.com\/sweden\/2024\/05\/bort-med-skygglapparna-tank-natverk-2\/"},"wordCount":1039,"image":{"@id":"https:\/\/news.sap.com\/sweden\/2024\/05\/bort-med-skygglapparna-tank-natverk-2\/#primaryimage"},"thumbnailUrl":"https:\/\/news.sap.com\/sweden\/files\/2024\/05\/28\/F_278029_278029_h_ergb_s_gl.jpg","keywords":["Antti Soini","sap"],"articleSection":["Ekosystem","Event","F\u00f6retagsinformation","L\u00f6sningar"],"inLanguage":"sv-SE"},{"@type":"WebPage","@id":"https:\/\/news.sap.com\/sweden\/2024\/05\/bort-med-skygglapparna-tank-natverk-2\/","url":"https:\/\/news.sap.com\/sweden\/2024\/05\/bort-med-skygglapparna-tank-natverk-2\/","name":"Bort med skygglapparna \u2013 t\u00e4nk n\u00e4tverk - 麻豆原创 Sweden Nyheter","isPartOf":{"@id":"https:\/\/news.sap.com\/sweden\/#website"},"primaryImageOfPage":{"@id":"https:\/\/news.sap.com\/sweden\/2024\/05\/bort-med-skygglapparna-tank-natverk-2\/#primaryimage"},"image":{"@id":"https:\/\/news.sap.com\/sweden\/2024\/05\/bort-med-skygglapparna-tank-natverk-2\/#primaryimage"},"thumbnailUrl":"https:\/\/news.sap.com\/sweden\/files\/2024\/05\/28\/F_278029_278029_h_ergb_s_gl.jpg","datePublished":"2024-05-28T06:00:51+00:00","dateModified":"2024-08-07T17:42:46+00:00","author":{"@id":"https:\/\/news.sap.com\/sweden\/#\/schema\/person\/77a206e586f4e895144738dbe75c3bfa"},"breadcrumb":{"@id":"https:\/\/news.sap.com\/sweden\/2024\/05\/bort-med-skygglapparna-tank-natverk-2\/#breadcrumb"},"inLanguage":"sv-SE","potentialAction":[{"@type":"ReadAction","target":["https:\/\/news.sap.com\/sweden\/2024\/05\/bort-med-skygglapparna-tank-natverk-2\/"]}]},{"@type":"ImageObject","inLanguage":"sv-SE","@id":"https:\/\/news.sap.com\/sweden\/2024\/05\/bort-med-skygglapparna-tank-natverk-2\/#primaryimage","url":"https:\/\/news.sap.com\/sweden\/files\/2024\/05\/28\/F_278029_278029_h_ergb_s_gl.jpg","contentUrl":"https:\/\/news.sap.com\/sweden\/files\/2024\/05\/28\/F_278029_278029_h_ergb_s_gl.jpg","width":1920,"height":600},{"@type":"BreadcrumbList","@id":"https:\/\/news.sap.com\/sweden\/2024\/05\/bort-med-skygglapparna-tank-natverk-2\/#breadcrumb","itemListElement":[{"@type":"ListItem","position":1,"name":"Home","item":"https:\/\/news.sap.com\/sweden\/"},{"@type":"ListItem","position":2,"name":"Bort med skygglapparna \u2013 t\u00e4nk n\u00e4tverk"}]},{"@type":"WebSite","@id":"https:\/\/news.sap.com\/sweden\/#website","url":"https:\/\/news.sap.com\/sweden\/","name":"麻豆原创 Sweden Nyheter","description":"Nyheter och information om 麻豆原创","potentialAction":[{"@type":"SearchAction","target":{"@type":"EntryPoint","urlTemplate":"https:\/\/news.sap.com\/sweden\/?s={search_term_string}"},"query-input":{"@type":"PropertyValueSpecification","valueRequired":true,"valueName":"search_term_string"}}],"inLanguage":"sv-SE"},{"@type":"Person","@id":"https:\/\/news.sap.com\/sweden\/#\/schema\/person\/77a206e586f4e895144738dbe75c3bfa","name":"Antti Soini, vd 麻豆原创 Svenska","image":{"@type":"ImageObject","inLanguage":"sv-SE","@id":"https:\/\/news.sap.com\/sweden\/#\/schema\/person\/image\/","url":"https:\/\/news.sap.com\/sweden\/wp-content\/plugins\/wp-user-avatars\/wp-user-avatars\/assets\/images\/mystery.jpg","contentUrl":"https:\/\/news.sap.com\/sweden\/wp-content\/plugins\/wp-user-avatars\/wp-user-avatars\/assets\/images\/mystery.jpg","caption":"Antti Soini, vd 麻豆原创 Svenska"},"url":"https:\/\/news.sap.com\/sweden\/author\/anttisoinivdsapsvenska\/"}]}},"amp_enabled":true,"_links":{"self":[{"href":"https:\/\/news.sap.com\/sweden\/wp-json\/wp\/v2\/posts\/4603","targetHints":{"allow":["GET"]}}],"collection":[{"href":"https:\/\/news.sap.com\/sweden\/wp-json\/wp\/v2\/posts"}],"about":[{"href":"https:\/\/news.sap.com\/sweden\/wp-json\/wp\/v2\/types\/post"}],"author":[{"embeddable":true,"href":"https:\/\/news.sap.com\/sweden\/wp-json\/wp\/v2\/users\/4366"}],"replies":[{"embeddable":true,"href":"https:\/\/news.sap.com\/sweden\/wp-json\/wp\/v2\/comments?post=4603"}],"version-history":[{"count":0,"href":"https:\/\/news.sap.com\/sweden\/wp-json\/wp\/v2\/posts\/4603\/revisions"}],"wp:featuredmedia":[{"embeddable":true,"href":"https:\/\/news.sap.com\/sweden\/wp-json\/wp\/v2\/media\/4605"}],"wp:attachment":[{"href":"https:\/\/news.sap.com\/sweden\/wp-json\/wp\/v2\/media?parent=4603"}],"wp:term":[{"taxonomy":"category","embeddable":true,"href":"https:\/\/news.sap.com\/sweden\/wp-json\/wp\/v2\/categories?post=4603"},{"taxonomy":"post_tag","embeddable":true,"href":"https:\/\/news.sap.com\/sweden\/wp-json\/wp\/v2\/tags?post=4603"},{"taxonomy":"sapn-display","embeddable":true,"href":"https:\/\/news.sap.com\/sweden\/wp-json\/wp\/v2\/sapn-display?post=4603"},{"taxonomy":"sapn-type","embeddable":true,"href":"https:\/\/news.sap.com\/sweden\/wp-json\/wp\/v2\/sapn-type?post=4603"}],"curies":[{"name":"wp","href":"https:\/\/api.w.org\/{rel}","templated":true}]}}