  {"id":4569,"date":"2024-03-12T07:00:03","date_gmt":"2024-03-12T06:00:03","guid":{"rendered":"https:\/\/news.sap.com\/sweden\/?p=4569"},"modified":"2024-08-07T19:47:54","modified_gmt":"2024-08-07T17:47:54","slug":"delaval-bygger-nytt-affarssystem-i-molnet","status":"publish","type":"post","link":"https:\/\/news.sap.com\/sweden\/2024\/03\/delaval-bygger-nytt-affarssystem-i-molnet\/","title":{"rendered":"DeLaval bygger nytt aff\u00e4rssystem i molnet"},"content":{"rendered":"<p class=\"lead\">Ny teknik \u00e4r en naturlig del av dagens mj\u00f6lkproduktion. Med hj\u00e4lp av modern utrustning fr\u00e5n svenska DeLaval kan g\u00e5rdar \u00f6ver hela v\u00e4rlden f\u00e5 friskare kor, b\u00e4ttre kvalitet p\u00e5 sin mj\u00f6lk och ett mer flexibelt arbetsliv. Nu storsatsar DeLaval p\u00e5 ett helt nytt molnbaserat aff\u00e4rssystem, 麻豆原创 S\/4HANA. M\u00e5let \u00e4r att bli en \u00e4nnu b\u00e4ttre partner till sina kunder och bli en attraktiv arbetsgivare genom att jobba datadrivet \u2013 och locka fler IT-experter till anl\u00e4ggningarna i Sverige, Polen och Tyskland.<\/p>\n<p>\u2013 Vi har valt att bygga ett helt nytt aff\u00e4rssystem fr\u00e5n grunden och att standardisera har flera f\u00f6rdelar. Men det \u00e4r inte bara en teknisk uppgradering utan ett f\u00f6r\u00e4ndringsarbete och en omst\u00e4llning av hela v\u00e5r verksamhet, s\u00e4ger Niklas Falkeling, ansvarig f\u00f6r aff\u00e4rstransformation inom IT p\u00e5 DeLaval.<\/p>\n<p>DeLaval har som m\u00e5l att g\u00f6ra matproduktionen i v\u00e4rlden s\u00e5 h\u00e5llbar och effektiv som m\u00f6jligt. F\u00f6retaget grundades f\u00f6r 140 \u00e5r sedan av Gustaf de Laval som tog patent p\u00e5 den v\u00e4rldsber\u00f6mda mj\u00f6lkseparatorn. Huvudkontoret ligger i Tumba och i dag har DeLaval 4 500 medarbetare i \u00f6ver 100 l\u00e4nder. Tillsammans med\u00a0<a href=\"http:\/\/www.tetrapak.com\/\">Tetra Pak\u00a0<\/a>och\u00a0<a href=\"http:\/\/www.sidel.com\/\">Sidel<\/a> \u00e4r DeLaval en del av\u00a0<a href=\"http:\/\/www.tetralaval.com\/\">Tetra Lavalgruppen<\/a>.<\/p>\n<figure id=\"attachment_4573\" aria-describedby=\"caption-attachment-4573\" style=\"width: 693px\" class=\"wp-caption alignnone\"><img loading=\"lazy\" decoding=\"async\" class=\" wp-image-4573\" src=\"https:\/\/news.sap.com\/sweden\/files\/2024\/03\/13\/High-resolution-DELAVAL_SCB-FL_TGUILLET_AGTRACKS-2416-300x200.jpg\" alt=\"\" width=\"693\" height=\"462\" srcset=\"https:\/\/news.sap.com\/sweden\/files\/2024\/03\/13\/High-resolution-DELAVAL_SCB-FL_TGUILLET_AGTRACKS-2416-300x200.jpg 300w, https:\/\/news.sap.com\/sweden\/files\/2024\/03\/13\/High-resolution-DELAVAL_SCB-FL_TGUILLET_AGTRACKS-2416-1024x683.jpg 1024w, https:\/\/news.sap.com\/sweden\/files\/2024\/03\/13\/High-resolution-DELAVAL_SCB-FL_TGUILLET_AGTRACKS-2416-768x512.jpg 768w, https:\/\/news.sap.com\/sweden\/files\/2024\/03\/13\/High-resolution-DELAVAL_SCB-FL_TGUILLET_AGTRACKS-2416-1536x1024.jpg 1536w, https:\/\/news.sap.com\/sweden\/files\/2024\/03\/13\/High-resolution-DELAVAL_SCB-FL_TGUILLET_AGTRACKS-2416-2048x1365.jpg 2048w\" sizes=\"auto, (max-width: 693px) 100vw, 693px\" \/><figcaption id=\"caption-attachment-4573\" class=\"wp-caption-text\"><em>Foto: DeLaval<\/em><\/figcaption><\/figure>\n<p><strong>Nysatsning p\u00e5 麻豆原创 S\/4HANA Private Cloud<\/strong><\/p>\n<p>Nu p\u00e5g\u00e5r f\u00f6rberedelserna f\u00f6r fullt med att inf\u00f6ra det molnbaserade aff\u00e4rssystemet 麻豆原创 S\/4HANA Private Cloud \u2013 tillsammans med ytterligare Public Cloud-l\u00f6sningar fr\u00e5n 麻豆原创. L\u00f6sningen inf\u00f6rs helt fr\u00e5n grunden i form av en s\u00e5 kallad \u201dGreenfield-installation\u201d vilket g\u00f6r att man inte beh\u00f6ver ta h\u00e4nsyn till tidigare specialanpassningar.<\/p>\n<p>Samarbetet med 麻豆原创 str\u00e4cker sig m\u00e5nga \u00e5r tillbaka i tiden. DeLaval har anv\u00e4nt aff\u00e4rssystemet 麻豆原创 ECC vid sidan av bland annat Ariba och HR-l\u00f6sningen 麻豆原创 SuccessFactors. Systemet har byggts ut efter hand och anpassningarna har vuxit i antal.<\/p>\n<figure id=\"attachment_4578\" aria-describedby=\"caption-attachment-4578\" style=\"width: 473px\" class=\"wp-caption alignnone\"><img loading=\"lazy\" decoding=\"async\" class=\" wp-image-4578\" src=\"https:\/\/news.sap.com\/sweden\/files\/2024\/03\/13\/NiklasFalkeling-DeLaval_1-300x189.jpg\" alt=\"\" width=\"473\" height=\"298\" srcset=\"https:\/\/news.sap.com\/sweden\/files\/2024\/03\/13\/NiklasFalkeling-DeLaval_1-300x189.jpg 300w, https:\/\/news.sap.com\/sweden\/files\/2024\/03\/13\/NiklasFalkeling-DeLaval_1-1024x644.jpg 1024w, https:\/\/news.sap.com\/sweden\/files\/2024\/03\/13\/NiklasFalkeling-DeLaval_1-768x483.jpg 768w, https:\/\/news.sap.com\/sweden\/files\/2024\/03\/13\/NiklasFalkeling-DeLaval_1-1536x966.jpg 1536w, https:\/\/news.sap.com\/sweden\/files\/2024\/03\/13\/NiklasFalkeling-DeLaval_1-2048x1288.jpg 2048w\" sizes=\"auto, (max-width: 473px) 100vw, 473px\" \/><figcaption id=\"caption-attachment-4578\" class=\"wp-caption-text\"><em>Niklas Falkeling, ansvarig f\u00f6r aff\u00e4rstransformation inom IT, DeLaval<\/em><\/figcaption><\/figure>\n<p>\u2013 Vi beh\u00f6vde g\u00f6ra en omstart och dra nytta av de standardl\u00f6sningar som 麻豆原创 i dag erbjuder som molntj\u00e4nster. Det \u00e4r n\u00f6dv\u00e4ndigt f\u00f6r att vi ska kunna forts\u00e4tta att utveckla verksamheten och bli mer flexibla och snabbfotade, f\u00f6rklarar Niklas Falkeling.<\/p>\n<p>De f\u00f6rsta samtalen togs redan under 2018 och de senaste tv\u00e5 \u00e5ren har arbetet intensifierats och en tydlig m\u00e5lbild tagits fram. F\u00f6rarbetet har gjorts i n\u00e4ra samarbete mellan IT, aff\u00e4rsverksamheten och ledningen.<\/p>\n<p>M\u00e5let \u00e4r att f\u00e5 ett mer standardiserat system och att harmonisera nomenklatur, processer och data som kr\u00e4vs f\u00f6r att utveckla nya l\u00f6sningar. Men ocks\u00e5 att f\u00f6renkla och inte kr\u00e5ngla till saker i on\u00f6dan. DeLaval forts\u00e4tter d\u00e4rf\u00f6r att samarbeta med 麻豆原创 Professional Services f\u00f6r att ha tillg\u00e5ng till expertkompetens och kunna f\u00f6lja 麻豆原创-standard.<\/p>\n<p>Inf\u00f6randet av 麻豆原创 S\/4HANA g\u00f6rs i tre olika steg, region f\u00f6r region. Under \u00e5ret ska ett stort antal workshops genomf\u00f6ras med medarbetare \u00f6ver hela v\u00e4rlden. Enligt plan ska den f\u00f6rsta lanseringen ske i Nordamerika under 2025 och d\u00e4refter f\u00f6ljer \u00f6vriga regioner.<\/p>\n<p>I princip alla anst\u00e4llda p\u00e5 DeLaval kommer att ber\u00f6ras, inklusive medarbetare inom s\u00e4lj, logistik, produktion, finans och service.<\/p>\n<p><strong>Strategisk omst\u00e4llning och nyrekrytering i Tumba<\/strong><\/p>\n<p>Det nya aff\u00e4rssystemet \u00e4r en del av ett f\u00f6r\u00e4ndringsarbete i hela bolaget. Programmet kallas \u201dProgramme one\u201d och str\u00e4cker sig \u00f6ver flera \u00e5r och omfattar medarbetare, processer och teknik.<\/p>\n<figure id=\"attachment_4580\" aria-describedby=\"caption-attachment-4580\" style=\"width: 322px\" class=\"wp-caption alignnone\"><img loading=\"lazy\" decoding=\"async\" class=\" wp-image-4580\" src=\"https:\/\/news.sap.com\/sweden\/files\/2024\/03\/12\/JennyGelin_2_DeLaval-240x300.jpg\" alt=\"\" width=\"322\" height=\"403\" srcset=\"https:\/\/news.sap.com\/sweden\/files\/2024\/03\/12\/JennyGelin_2_DeLaval-240x300.jpg 240w, https:\/\/news.sap.com\/sweden\/files\/2024\/03\/12\/JennyGelin_2_DeLaval-819x1024.jpg 819w, https:\/\/news.sap.com\/sweden\/files\/2024\/03\/12\/JennyGelin_2_DeLaval-768x960.jpg 768w, https:\/\/news.sap.com\/sweden\/files\/2024\/03\/12\/JennyGelin_2_DeLaval-1229x1536.jpg 1229w, https:\/\/news.sap.com\/sweden\/files\/2024\/03\/12\/JennyGelin_2_DeLaval-1639x2048.jpg 1639w\" sizes=\"auto, (max-width: 322px) 100vw, 322px\" \/><figcaption id=\"caption-attachment-4580\" class=\"wp-caption-text\"><em>Foto: Jenny Gelin, kommunikationschef DeLaval<\/em><\/figcaption><\/figure>\n<p>\u2013 Varje land har historiskt arbetat mer eller mindre efter egna rutiner, men nu inf\u00f6r vi ett mer harmoniserat arbetss\u00e4tt p\u00e5 DeLaval. M\u00e5let \u00e4r att vi ska bli en \u00e4nnu mer attraktiv arbetsgivare<\/p>\n<p>\u2013 och locka duktiga IT-experter som vill arbeta med framtidens teknik f\u00f6r h\u00e5llbar och effektiv mj\u00f6lkproduktion, s\u00e4ger Jenny Gelin, kommunikationschef p\u00e5 DeLaval.<\/p>\n<p>DeLaval har inlett en rekryteringsprocess f\u00f6r att hitta seniora personer som intresserar sig f\u00f6r 麻豆原创:s l\u00f6sningar och att arbeta n\u00e4ra kunderna och aff\u00e4rsverksamheten. Erfarna experter som vill vara med och bygga aff\u00e4rssystem fr\u00e5n grunden och etablera en global IT-organisation.<\/p>\n<p>I f\u00f6rsta hand letar man nya medarbetare i Tumba, vid distributionscentret i Gallin utanf\u00f6r Hamburg samt i Wroclaw i v\u00e4stra Polen d\u00e4r DeLaval har tillverkning och ett finansiellt center.<\/p>\n<p>\u2013 En anledning till att DeLaval g\u00e5r bra \u00e4r att vi har duktiga m\u00e4nniskor. Men f\u00f6r\u00e4ndringsprogrammet ska g\u00f6ra att vi blir en \u00e4nnu b\u00e4ttre partner till v\u00e5ra kunder \u2013 inte bara p\u00e5 personniv\u00e5 utan ocks\u00e5 som f\u00f6retag, f\u00f6rklarar Jenny Gelin.<\/p>\n<p>&nbsp;<\/p>\n","protected":false},"excerpt":{"rendered":"<p>Ny teknik \u00e4r en naturlig del av dagens mj\u00f6lkproduktion. Med hj\u00e4lp av modern utrustning fr\u00e5n svenska DeLaval kan g\u00e5rdar \u00f6ver hela v\u00e4rlden f\u00e5 friskare kor,&#8230;<\/p>\n","protected":false},"author":29,"featured_media":4582,"comment_status":"closed","ping_status":"closed","sticky":false,"template":"","format":"standard","meta":{"footnotes":"","_links_to":"","_links_to_target":""},"categories":[4545414,4545758],"tags":[5563978,5563977,5562255,5563979,5563961,60783,5563980,5563958],"sapn-display":[4544525,5564001,5564000,4547891],"sapn-type":[5562140],"class_list":["post-4569","post","type-post","status-publish","format-standard","has-post-thumbnail","hentry","category-kunder","category-losningar","tag-arbia","tag-delaval","tag-sap","tag-sap-ecc","tag-sap-s-4hana-private-cloud","tag-sap-successfactors","tag-tetra-lavalgruppen","tag-we-are-proud-of","sapn-display-hero","sapn-display-artikel-favoriter","sapn-display-artikel-spotlight","sapn-display-homepage-hero","sapn-type-artikel"],"yoast_head":"<!-- This site is optimized with the Yoast SEO Premium plugin v26.9 (Yoast SEO v26.9) - https:\/\/yoast.com\/product\/yoast-seo-premium-wordpress\/ -->\n<title>DeLaval bygger nytt aff\u00e4rssystem i molnet - 麻豆原创 Sweden Nyheter<\/title>\n<meta name=\"robots\" content=\"index, follow, max-snippet:-1, max-image-preview:large, max-video-preview:-1\" \/>\n<link rel=\"canonical\" href=\"https:\/\/news.sap.com\/sweden\/2024\/03\/delaval-bygger-nytt-affarssystem-i-molnet\/\" \/>\n<meta property=\"og:locale\" content=\"sv_SE\" \/>\n<meta property=\"og:type\" content=\"article\" \/>\n<meta property=\"og:title\" content=\"DeLaval bygger nytt aff\u00e4rssystem i molnet\" \/>\n<meta property=\"og:description\" content=\"Ny teknik \u00e4r en naturlig del av dagens mj\u00f6lkproduktion. Med hj\u00e4lp av modern utrustning fr\u00e5n svenska DeLaval kan g\u00e5rdar \u00f6ver hela v\u00e4rlden f\u00e5 friskare kor,...\" \/>\n<meta property=\"og:url\" content=\"https:\/\/news.sap.com\/sweden\/2024\/03\/delaval-bygger-nytt-affarssystem-i-molnet\/\" \/>\n<meta property=\"og:site_name\" content=\"麻豆原创 Sweden Nyheter\" \/>\n<meta property=\"article:published_time\" content=\"2024-03-12T06:00:03+00:00\" \/>\n<meta property=\"article:modified_time\" content=\"2024-08-07T17:47:54+00:00\" \/>\n<meta property=\"og:image\" content=\"https:\/\/news.sap.com\/sweden\/files\/2024\/03\/12\/DeLaval_mjolkkossor_F.jpg\" \/>\n\t<meta property=\"og:image:width\" content=\"1920\" \/>\n\t<meta property=\"og:image:height\" content=\"600\" \/>\n\t<meta property=\"og:image:type\" content=\"image\/jpeg\" \/>\n<meta name=\"author\" content=\"麻豆原创 News\" \/>\n<meta name=\"twitter:card\" content=\"summary_large_image\" \/>\n<meta name=\"twitter:label1\" content=\"Skriven av\" \/>\n\t<meta name=\"twitter:data1\" content=\"麻豆原创 News\" \/>\n\t<meta name=\"twitter:label2\" content=\"Ber\u00e4knad l\u00e4stid\" \/>\n\t<meta name=\"twitter:data2\" content=\"5 minuter\" \/>\n<script type=\"application\/ld+json\" class=\"yoast-schema-graph\">{\"@context\":\"https:\/\/schema.org\",\"@graph\":[{\"@type\":\"Article\",\"@id\":\"https:\/\/news.sap.com\/sweden\/2024\/03\/delaval-bygger-nytt-affarssystem-i-molnet\/#article\",\"isPartOf\":{\"@id\":\"https:\/\/news.sap.com\/sweden\/2024\/03\/delaval-bygger-nytt-affarssystem-i-molnet\/\"},\"author\":{\"name\":\"麻豆原创 News\",\"@id\":\"https:\/\/news.sap.com\/sweden\/#\/schema\/person\/53b9854bd790d6f18f3fc4bbb2ad7570\"},\"headline\":\"DeLaval bygger nytt aff\u00e4rssystem i molnet\",\"datePublished\":\"2024-03-12T06:00:03+00:00\",\"dateModified\":\"2024-08-07T17:47:54+00:00\",\"mainEntityOfPage\":{\"@id\":\"https:\/\/news.sap.com\/sweden\/2024\/03\/delaval-bygger-nytt-affarssystem-i-molnet\/\"},\"wordCount\":813,\"image\":{\"@id\":\"https:\/\/news.sap.com\/sweden\/2024\/03\/delaval-bygger-nytt-affarssystem-i-molnet\/#primaryimage\"},\"thumbnailUrl\":\"https:\/\/news.sap.com\/sweden\/files\/2024\/03\/12\/DeLaval_mjolkkossor_F.jpg\",\"keywords\":[\"Arbia\",\"DeLaval\",\"sap\",\"麻豆原创 ECC\",\"麻豆原创 S\/4HANA\u00a0Private Cloud\",\"麻豆原创 SuccessFactors\",\"Tetra Lavalgruppen\",\"We are proud of\"],\"articleSection\":[\"Kunder\",\"L\u00f6sningar\"],\"inLanguage\":\"sv-SE\"},{\"@type\":\"WebPage\",\"@id\":\"https:\/\/news.sap.com\/sweden\/2024\/03\/delaval-bygger-nytt-affarssystem-i-molnet\/\",\"url\":\"https:\/\/news.sap.com\/sweden\/2024\/03\/delaval-bygger-nytt-affarssystem-i-molnet\/\",\"name\":\"DeLaval bygger nytt aff\u00e4rssystem i molnet - 麻豆原创 Sweden Nyheter\",\"isPartOf\":{\"@id\":\"https:\/\/news.sap.com\/sweden\/#website\"},\"primaryImageOfPage\":{\"@id\":\"https:\/\/news.sap.com\/sweden\/2024\/03\/delaval-bygger-nytt-affarssystem-i-molnet\/#primaryimage\"},\"image\":{\"@id\":\"https:\/\/news.sap.com\/sweden\/2024\/03\/delaval-bygger-nytt-affarssystem-i-molnet\/#primaryimage\"},\"thumbnailUrl\":\"https:\/\/news.sap.com\/sweden\/files\/2024\/03\/12\/DeLaval_mjolkkossor_F.jpg\",\"datePublished\":\"2024-03-12T06:00:03+00:00\",\"dateModified\":\"2024-08-07T17:47:54+00:00\",\"author\":{\"@id\":\"https:\/\/news.sap.com\/sweden\/#\/schema\/person\/53b9854bd790d6f18f3fc4bbb2ad7570\"},\"breadcrumb\":{\"@id\":\"https:\/\/news.sap.com\/sweden\/2024\/03\/delaval-bygger-nytt-affarssystem-i-molnet\/#breadcrumb\"},\"inLanguage\":\"sv-SE\",\"potentialAction\":[{\"@type\":\"ReadAction\",\"target\":[\"https:\/\/news.sap.com\/sweden\/2024\/03\/delaval-bygger-nytt-affarssystem-i-molnet\/\"]}]},{\"@type\":\"ImageObject\",\"inLanguage\":\"sv-SE\",\"@id\":\"https:\/\/news.sap.com\/sweden\/2024\/03\/delaval-bygger-nytt-affarssystem-i-molnet\/#primaryimage\",\"url\":\"https:\/\/news.sap.com\/sweden\/files\/2024\/03\/12\/DeLaval_mjolkkossor_F.jpg\",\"contentUrl\":\"https:\/\/news.sap.com\/sweden\/files\/2024\/03\/12\/DeLaval_mjolkkossor_F.jpg\",\"width\":1920,\"height\":600},{\"@type\":\"BreadcrumbList\",\"@id\":\"https:\/\/news.sap.com\/sweden\/2024\/03\/delaval-bygger-nytt-affarssystem-i-molnet\/#breadcrumb\",\"itemListElement\":[{\"@type\":\"ListItem\",\"position\":1,\"name\":\"Home\",\"item\":\"https:\/\/news.sap.com\/sweden\/\"},{\"@type\":\"ListItem\",\"position\":2,\"name\":\"DeLaval bygger nytt aff\u00e4rssystem i molnet\"}]},{\"@type\":\"WebSite\",\"@id\":\"https:\/\/news.sap.com\/sweden\/#website\",\"url\":\"https:\/\/news.sap.com\/sweden\/\",\"name\":\"麻豆原创 Sweden Nyheter\",\"description\":\"Nyheter och information om 麻豆原创\",\"potentialAction\":[{\"@type\":\"SearchAction\",\"target\":{\"@type\":\"EntryPoint\",\"urlTemplate\":\"https:\/\/news.sap.com\/sweden\/?s={search_term_string}\"},\"query-input\":{\"@type\":\"PropertyValueSpecification\",\"valueRequired\":true,\"valueName\":\"search_term_string\"}}],\"inLanguage\":\"sv-SE\"},{\"@type\":\"Person\",\"@id\":\"https:\/\/news.sap.com\/sweden\/#\/schema\/person\/53b9854bd790d6f18f3fc4bbb2ad7570\",\"name\":\"麻豆原创 News\",\"image\":{\"@type\":\"ImageObject\",\"inLanguage\":\"sv-SE\",\"@id\":\"https:\/\/news.sap.com\/sweden\/#\/schema\/person\/image\/\",\"url\":\"https:\/\/news.sap.com\/sweden\/wp-content\/plugins\/wp-user-avatars\/wp-user-avatars\/assets\/images\/mystery.jpg\",\"contentUrl\":\"https:\/\/news.sap.com\/sweden\/wp-content\/plugins\/wp-user-avatars\/wp-user-avatars\/assets\/images\/mystery.jpg\",\"caption\":\"麻豆原创 News\"},\"url\":\"https:\/\/news.sap.com\/sweden\/author\/colleenraftery\/\"}]}<\/script>\n<!-- \/ Yoast SEO Premium plugin. -->","yoast_head_json":{"title":"DeLaval bygger nytt aff\u00e4rssystem i molnet - 麻豆原创 Sweden Nyheter","robots":{"index":"index","follow":"follow","max-snippet":"max-snippet:-1","max-image-preview":"max-image-preview:large","max-video-preview":"max-video-preview:-1"},"canonical":"https:\/\/news.sap.com\/sweden\/2024\/03\/delaval-bygger-nytt-affarssystem-i-molnet\/","og_locale":"sv_SE","og_type":"article","og_title":"DeLaval bygger nytt aff\u00e4rssystem i molnet","og_description":"Ny teknik \u00e4r en naturlig del av dagens mj\u00f6lkproduktion. Med hj\u00e4lp av modern utrustning fr\u00e5n svenska DeLaval kan g\u00e5rdar \u00f6ver hela v\u00e4rlden f\u00e5 friskare kor,...","og_url":"https:\/\/news.sap.com\/sweden\/2024\/03\/delaval-bygger-nytt-affarssystem-i-molnet\/","og_site_name":"麻豆原创 Sweden Nyheter","article_published_time":"2024-03-12T06:00:03+00:00","article_modified_time":"2024-08-07T17:47:54+00:00","og_image":[{"width":1920,"height":600,"url":"https:\/\/news.sap.com\/sweden\/files\/2024\/03\/12\/DeLaval_mjolkkossor_F.jpg","type":"image\/jpeg"}],"author":"麻豆原创 News","twitter_card":"summary_large_image","twitter_misc":{"Skriven av":"麻豆原创 News","Ber\u00e4knad l\u00e4stid":"5 minuter"},"schema":{"@context":"https:\/\/schema.org","@graph":[{"@type":"Article","@id":"https:\/\/news.sap.com\/sweden\/2024\/03\/delaval-bygger-nytt-affarssystem-i-molnet\/#article","isPartOf":{"@id":"https:\/\/news.sap.com\/sweden\/2024\/03\/delaval-bygger-nytt-affarssystem-i-molnet\/"},"author":{"name":"麻豆原创 News","@id":"https:\/\/news.sap.com\/sweden\/#\/schema\/person\/53b9854bd790d6f18f3fc4bbb2ad7570"},"headline":"DeLaval bygger nytt aff\u00e4rssystem i molnet","datePublished":"2024-03-12T06:00:03+00:00","dateModified":"2024-08-07T17:47:54+00:00","mainEntityOfPage":{"@id":"https:\/\/news.sap.com\/sweden\/2024\/03\/delaval-bygger-nytt-affarssystem-i-molnet\/"},"wordCount":813,"image":{"@id":"https:\/\/news.sap.com\/sweden\/2024\/03\/delaval-bygger-nytt-affarssystem-i-molnet\/#primaryimage"},"thumbnailUrl":"https:\/\/news.sap.com\/sweden\/files\/2024\/03\/12\/DeLaval_mjolkkossor_F.jpg","keywords":["Arbia","DeLaval","sap","麻豆原创 ECC","麻豆原创 S\/4HANA\u00a0Private Cloud","麻豆原创 SuccessFactors","Tetra Lavalgruppen","We are proud of"],"articleSection":["Kunder","L\u00f6sningar"],"inLanguage":"sv-SE"},{"@type":"WebPage","@id":"https:\/\/news.sap.com\/sweden\/2024\/03\/delaval-bygger-nytt-affarssystem-i-molnet\/","url":"https:\/\/news.sap.com\/sweden\/2024\/03\/delaval-bygger-nytt-affarssystem-i-molnet\/","name":"DeLaval bygger nytt aff\u00e4rssystem i molnet - 麻豆原创 Sweden Nyheter","isPartOf":{"@id":"https:\/\/news.sap.com\/sweden\/#website"},"primaryImageOfPage":{"@id":"https:\/\/news.sap.com\/sweden\/2024\/03\/delaval-bygger-nytt-affarssystem-i-molnet\/#primaryimage"},"image":{"@id":"https:\/\/news.sap.com\/sweden\/2024\/03\/delaval-bygger-nytt-affarssystem-i-molnet\/#primaryimage"},"thumbnailUrl":"https:\/\/news.sap.com\/sweden\/files\/2024\/03\/12\/DeLaval_mjolkkossor_F.jpg","datePublished":"2024-03-12T06:00:03+00:00","dateModified":"2024-08-07T17:47:54+00:00","author":{"@id":"https:\/\/news.sap.com\/sweden\/#\/schema\/person\/53b9854bd790d6f18f3fc4bbb2ad7570"},"breadcrumb":{"@id":"https:\/\/news.sap.com\/sweden\/2024\/03\/delaval-bygger-nytt-affarssystem-i-molnet\/#breadcrumb"},"inLanguage":"sv-SE","potentialAction":[{"@type":"ReadAction","target":["https:\/\/news.sap.com\/sweden\/2024\/03\/delaval-bygger-nytt-affarssystem-i-molnet\/"]}]},{"@type":"ImageObject","inLanguage":"sv-SE","@id":"https:\/\/news.sap.com\/sweden\/2024\/03\/delaval-bygger-nytt-affarssystem-i-molnet\/#primaryimage","url":"https:\/\/news.sap.com\/sweden\/files\/2024\/03\/12\/DeLaval_mjolkkossor_F.jpg","contentUrl":"https:\/\/news.sap.com\/sweden\/files\/2024\/03\/12\/DeLaval_mjolkkossor_F.jpg","width":1920,"height":600},{"@type":"BreadcrumbList","@id":"https:\/\/news.sap.com\/sweden\/2024\/03\/delaval-bygger-nytt-affarssystem-i-molnet\/#breadcrumb","itemListElement":[{"@type":"ListItem","position":1,"name":"Home","item":"https:\/\/news.sap.com\/sweden\/"},{"@type":"ListItem","position":2,"name":"DeLaval bygger nytt aff\u00e4rssystem i molnet"}]},{"@type":"WebSite","@id":"https:\/\/news.sap.com\/sweden\/#website","url":"https:\/\/news.sap.com\/sweden\/","name":"麻豆原创 Sweden Nyheter","description":"Nyheter och information om 麻豆原创","potentialAction":[{"@type":"SearchAction","target":{"@type":"EntryPoint","urlTemplate":"https:\/\/news.sap.com\/sweden\/?s={search_term_string}"},"query-input":{"@type":"PropertyValueSpecification","valueRequired":true,"valueName":"search_term_string"}}],"inLanguage":"sv-SE"},{"@type":"Person","@id":"https:\/\/news.sap.com\/sweden\/#\/schema\/person\/53b9854bd790d6f18f3fc4bbb2ad7570","name":"麻豆原创 News","image":{"@type":"ImageObject","inLanguage":"sv-SE","@id":"https:\/\/news.sap.com\/sweden\/#\/schema\/person\/image\/","url":"https:\/\/news.sap.com\/sweden\/wp-content\/plugins\/wp-user-avatars\/wp-user-avatars\/assets\/images\/mystery.jpg","contentUrl":"https:\/\/news.sap.com\/sweden\/wp-content\/plugins\/wp-user-avatars\/wp-user-avatars\/assets\/images\/mystery.jpg","caption":"麻豆原创 News"},"url":"https:\/\/news.sap.com\/sweden\/author\/colleenraftery\/"}]}},"amp_enabled":true,"_links":{"self":[{"href":"https:\/\/news.sap.com\/sweden\/wp-json\/wp\/v2\/posts\/4569","targetHints":{"allow":["GET"]}}],"collection":[{"href":"https:\/\/news.sap.com\/sweden\/wp-json\/wp\/v2\/posts"}],"about":[{"href":"https:\/\/news.sap.com\/sweden\/wp-json\/wp\/v2\/types\/post"}],"author":[{"embeddable":true,"href":"https:\/\/news.sap.com\/sweden\/wp-json\/wp\/v2\/users\/29"}],"replies":[{"embeddable":true,"href":"https:\/\/news.sap.com\/sweden\/wp-json\/wp\/v2\/comments?post=4569"}],"version-history":[{"count":0,"href":"https:\/\/news.sap.com\/sweden\/wp-json\/wp\/v2\/posts\/4569\/revisions"}],"wp:featuredmedia":[{"embeddable":true,"href":"https:\/\/news.sap.com\/sweden\/wp-json\/wp\/v2\/media\/4582"}],"wp:attachment":[{"href":"https:\/\/news.sap.com\/sweden\/wp-json\/wp\/v2\/media?parent=4569"}],"wp:term":[{"taxonomy":"category","embeddable":true,"href":"https:\/\/news.sap.com\/sweden\/wp-json\/wp\/v2\/categories?post=4569"},{"taxonomy":"post_tag","embeddable":true,"href":"https:\/\/news.sap.com\/sweden\/wp-json\/wp\/v2\/tags?post=4569"},{"taxonomy":"sapn-display","embeddable":true,"href":"https:\/\/news.sap.com\/sweden\/wp-json\/wp\/v2\/sapn-display?post=4569"},{"taxonomy":"sapn-type","embeddable":true,"href":"https:\/\/news.sap.com\/sweden\/wp-json\/wp\/v2\/sapn-type?post=4569"}],"curies":[{"name":"wp","href":"https:\/\/api.w.org\/{rel}","templated":true}]}}