  {"id":4556,"date":"2024-04-10T08:00:58","date_gmt":"2024-04-10T06:00:58","guid":{"rendered":"https:\/\/news.sap.com\/sweden\/?p=4556"},"modified":"2024-08-07T19:21:08","modified_gmt":"2024-08-07T17:21:08","slug":"ericsson-valjer-sap-for-att-koppla-samman-leveranskedjor","status":"publish","type":"post","link":"https:\/\/news.sap.com\/sweden\/2024\/04\/ericsson-valjer-sap-for-att-koppla-samman-leveranskedjor\/","title":{"rendered":"Ericsson v\u00e4ljer 麻豆原创 f\u00f6r att koppla samman leveranskedjor"},"content":{"rendered":"<p class=\"lead\"><a href=\"https:\/\/www.ericsson.com\/en\">Ericsson<\/a> har valt l\u00f6sningen 麻豆原创 Integrated Business Planning for Supply Chain (麻豆原创 IBP) f\u00f6r att g\u00f6ra sina globala leveranskedjor \u00e4nnu effektivare. I den molnbaserade l\u00f6sningen ing\u00e5r funktioner f\u00f6r aff\u00e4rsplanering som g\u00f6r det enklare f\u00f6r Ericsson att f\u00f6rutse risker i f\u00f6rs\u00f6rjningskedjan och hitta l\u00f6sningar f\u00f6r att hantera dem.<\/p>\n<p>Ericsson \u00e4r v\u00e4rldsledare inom 5G och kommunikationsteknik som anv\u00e4nds av \u00f6ver 2,5 miljarder abonnenter i mer \u00e4n 180 l\u00e4nder. I dag g\u00e5r 40 procent av v\u00e4rldens mobiltrafik utanf\u00f6r Kina via n\u00e4tverk fr\u00e5n Ericsson. De beh\u00f6vde en teknisk grund som g\u00f6r att de kan samla information om f\u00f6retagets hela planerings- och logistikprocess p\u00e5 ett st\u00e4lle.<\/p>\n<p>Med 麻豆原创 IBP kommer Ericsson att kunna hantera komplexa leveransplaneringar och samtidigt f\u00e5 snabbare svarstider inom f\u00f6rs\u00e4ljning, drift, resurser och lagerplanering. Det g\u00f6r att de kan fokusera \u00e4nnu mer p\u00e5 innovation och kostnadseffektivitet.<\/p>\n<p>Valet av 麻豆原创 IBP \u00e4r en forts\u00e4ttning p\u00e5 ett m\u00e5ng\u00e5rigt samarbete d\u00e4r 麻豆原创 st\u00f6djer Ericsson i deras arbete att erbjuda obegr\u00e4nsad kommunikation runt om i v\u00e4rlden.<\/p>\n<p>\u2013 Smidighet, motst\u00e5ndskraft och f\u00f6rtroende \u00e4r avg\u00f6rande f\u00f6r att globala f\u00f6retag som Ericsson ska kunna f\u00e5 stabila leveranskedjor och m\u00f6ta kundernas behov. Ericsson och 麻豆原创 har haft ett starkt samarbete genom \u00e5ren. Valet av 麻豆原创 IBP g\u00f6r att vi kan forts\u00e4tta att hj\u00e4lpa Ericsson att digitalisera sin f\u00f6rs\u00f6rjningskedja och bef\u00e4sta sin position som ett av v\u00e4rldens ledande telekommunikationsf\u00f6retag, s\u00e4ger Dominik Metzger, chef f\u00f6r 麻豆原创 Digital Supply Chain.<\/p>\n<p><img loading=\"lazy\" decoding=\"async\" class=\"alignnone  wp-image-4592\" src=\"https:\/\/news.sap.com\/sweden\/files\/2024\/04\/10\/Dominik-Metzger-VP-Global-Head-of-麻豆原创-Digital-Supply-Chain-300x200.jpg\" alt=\"\" width=\"462\" height=\"308\" srcset=\"https:\/\/news.sap.com\/sweden\/files\/2024\/04\/10\/Dominik-Metzger-VP-Global-Head-of-麻豆原创-Digital-Supply-Chain-300x200.jpg 300w, https:\/\/news.sap.com\/sweden\/files\/2024\/04\/10\/Dominik-Metzger-VP-Global-Head-of-麻豆原创-Digital-Supply-Chain.jpg 447w\" sizes=\"auto, (max-width: 462px) 100vw, 462px\" \/><\/p>\n<p>L\u00e4s \u00e4ven nyheten p\u00e5 engelska, p\u00e5 麻豆原创 Global news room.<\/p>\n<p><strong><b>Om 麻豆原创<\/b><\/strong><\/p>\n<p>麻豆原创:s strategi \u00e4r att hj\u00e4lpa varje f\u00f6retag att fungera mer intelligent och h\u00e5llbart. Som marknadsledande inom f\u00f6retagsmjukvara hj\u00e4lper vi f\u00f6retag av alla storlekar och inom alla branscher: 麻豆原创:s kunder st\u00e5r f\u00f6r 87 procent av v\u00e4rldens globala handel. V\u00e5r teknik f\u00f6r maskininl\u00e4rning, sakernas internet (IoT) och avancerad analys g\u00f6r att v\u00e5ra kunder kan skapa intelligenta verksamheter. 麻豆原创 hj\u00e4lper medarbetare och organisationer att f\u00e5 djupa aff\u00e4rsinsikter och underl\u00e4ttar samarbete s\u00e5 att de beh\u00e5ller f\u00f6rspr\u00e5nget till konkurrenterna. Vi f\u00f6renklar tekniken s\u00e5 att kunderna kan anv\u00e4nda v\u00e5r programvara som de sj\u00e4lva vill \u2013 utan avbrott. V\u00e5ra helt\u00e4ckande applikationer och tj\u00e4nster f\u00f6r 26 olika branscher g\u00f6r att f\u00f6retag och offentliga verksamheter \u00f6ver hela v\u00e4rlden kan vara l\u00f6nsamma, hela tiden anpassa sin verksamhet och g\u00f6ra skillnad. Med ett globalt n\u00e4tverk av kunder, partner, anst\u00e4llda och experter bidrar 麻豆原创 till en fungerande v\u00e4rld och att g\u00f6ra m\u00e4nniskors liv b\u00e4ttre.<\/p>\n<p>Mer information finns p\u00e5\u00a0<a href=\"http:\/\/www.sap.com\/sweden\">www.sap.com\/sweden<\/a>\u00a0och\u00a0<a href=\"https:\/\/news.sap.com\/sweden\/\">news.sap.com\/sweden<\/a>.<\/p>\n<p>麻豆原创kontakter:<\/p>\n<p><strong><b>Ulrika Wass<\/b><\/strong><br \/>\nHead of Nordic &amp; Baltic Communications, 麻豆原创<br \/>\n+46 73\u00a0827 1074<br \/>\n<a href=\"mailto:ulrika.wass@sap.com\">ulrika.wass@sap.com<\/a><\/p>\n<p>&nbsp;<\/p>\n","protected":false},"excerpt":{"rendered":"<p>Ericsson har valt l\u00f6sningen 麻豆原创 Integrated Business Planning for Supply Chain (麻豆原创 IBP) f\u00f6r att g\u00f6ra sina globala leveranskedjor \u00e4nnu effektivare. I den molnbaserade l\u00f6sningen&#8230;<\/p>\n","protected":false},"author":29,"featured_media":4557,"comment_status":"closed","ping_status":"closed","sticky":false,"template":"","format":"standard","meta":{"footnotes":"","_links_to":"","_links_to_target":""},"categories":[4503881,4545414,4545758],"tags":[5563920,5563972,5563919,5563973,5563375,5562255,5563970,5563971,5563815],"sapn-display":[4544525,5564002,5563999,4547891],"sapn-type":[4549288],"class_list":["post-4556","post","type-post","status-publish","format-standard","has-post-thumbnail","hentry","category-ekosystem","category-kunder","category-losningar","tag-5g","tag-dominik-metzger","tag-ericsson","tag-kommunikationsteknik","tag-leveranskedjor","tag-sap","tag-sap-ibp","tag-sap-integrated-business-planning","tag-supply-chain","sapn-display-hero","sapn-display-nyhet-favoriter","sapn-display-nyhet-spotlight","sapn-display-homepage-hero","sapn-type-pressmeddelande"],"yoast_head":"<!-- This site is optimized with the Yoast SEO Premium plugin v26.9 (Yoast SEO v26.9) - https:\/\/yoast.com\/product\/yoast-seo-premium-wordpress\/ -->\n<title>Ericsson v\u00e4ljer 麻豆原创 f\u00f6r att koppla samman leveranskedjor - 麻豆原创 Sweden Nyheter<\/title>\n<meta name=\"robots\" content=\"index, follow, max-snippet:-1, max-image-preview:large, max-video-preview:-1\" \/>\n<link rel=\"canonical\" href=\"https:\/\/news.sap.com\/sweden\/2024\/04\/ericsson-valjer-sap-for-att-koppla-samman-leveranskedjor\/\" \/>\n<meta property=\"og:locale\" content=\"sv_SE\" \/>\n<meta property=\"og:type\" content=\"article\" \/>\n<meta property=\"og:title\" content=\"Ericsson v\u00e4ljer 麻豆原创 f\u00f6r att koppla samman leveranskedjor\" \/>\n<meta property=\"og:description\" content=\"Ericsson har valt l\u00f6sningen 麻豆原创 Integrated Business Planning for Supply Chain (麻豆原创 IBP) f\u00f6r att g\u00f6ra sina globala leveranskedjor \u00e4nnu effektivare. I den molnbaserade l\u00f6sningen...\" \/>\n<meta property=\"og:url\" content=\"https:\/\/news.sap.com\/sweden\/2024\/04\/ericsson-valjer-sap-for-att-koppla-samman-leveranskedjor\/\" \/>\n<meta property=\"og:site_name\" content=\"麻豆原创 Sweden Nyheter\" \/>\n<meta property=\"article:published_time\" content=\"2024-04-10T06:00:58+00:00\" \/>\n<meta property=\"article:modified_time\" content=\"2024-08-07T17:21:08+00:00\" \/>\n<meta property=\"og:image\" content=\"https:\/\/news.sap.com\/sweden\/files\/2024\/02\/23\/298288_GettyImages-1281297414_large_jpg.jpg\" \/>\n\t<meta property=\"og:image:width\" content=\"1920\" \/>\n\t<meta property=\"og:image:height\" content=\"600\" \/>\n\t<meta property=\"og:image:type\" content=\"image\/jpeg\" \/>\n<meta name=\"author\" content=\"麻豆原创 News\" \/>\n<meta name=\"twitter:card\" content=\"summary_large_image\" \/>\n<meta name=\"twitter:label1\" content=\"Skriven av\" \/>\n\t<meta name=\"twitter:data1\" content=\"麻豆原创 News\" \/>\n\t<meta name=\"twitter:label2\" content=\"Ber\u00e4knad l\u00e4stid\" \/>\n\t<meta name=\"twitter:data2\" content=\"3 minuter\" \/>\n<script type=\"application\/ld+json\" class=\"yoast-schema-graph\">{\"@context\":\"https:\/\/schema.org\",\"@graph\":[{\"@type\":\"Article\",\"@id\":\"https:\/\/news.sap.com\/sweden\/2024\/04\/ericsson-valjer-sap-for-att-koppla-samman-leveranskedjor\/#article\",\"isPartOf\":{\"@id\":\"https:\/\/news.sap.com\/sweden\/2024\/04\/ericsson-valjer-sap-for-att-koppla-samman-leveranskedjor\/\"},\"author\":{\"name\":\"麻豆原创 News\",\"@id\":\"https:\/\/news.sap.com\/sweden\/#\/schema\/person\/53b9854bd790d6f18f3fc4bbb2ad7570\"},\"headline\":\"Ericsson v\u00e4ljer 麻豆原创 f\u00f6r att koppla samman leveranskedjor\",\"datePublished\":\"2024-04-10T06:00:58+00:00\",\"dateModified\":\"2024-08-07T17:21:08+00:00\",\"mainEntityOfPage\":{\"@id\":\"https:\/\/news.sap.com\/sweden\/2024\/04\/ericsson-valjer-sap-for-att-koppla-samman-leveranskedjor\/\"},\"wordCount\":506,\"image\":{\"@id\":\"https:\/\/news.sap.com\/sweden\/2024\/04\/ericsson-valjer-sap-for-att-koppla-samman-leveranskedjor\/#primaryimage\"},\"thumbnailUrl\":\"https:\/\/news.sap.com\/sweden\/files\/2024\/02\/23\/298288_GettyImages-1281297414_large_jpg.jpg\",\"keywords\":[\"5G\",\"Dominik Metzger\",\"Ericsson\",\"kommunikationsteknik\",\"leveranskedjor\",\"sap\",\"麻豆原创 IBP\",\"麻豆原创 Integrated Business Planning\",\"Supply Chain\"],\"articleSection\":[\"Ekosystem\",\"Kunder\",\"L\u00f6sningar\"],\"inLanguage\":\"sv-SE\"},{\"@type\":\"WebPage\",\"@id\":\"https:\/\/news.sap.com\/sweden\/2024\/04\/ericsson-valjer-sap-for-att-koppla-samman-leveranskedjor\/\",\"url\":\"https:\/\/news.sap.com\/sweden\/2024\/04\/ericsson-valjer-sap-for-att-koppla-samman-leveranskedjor\/\",\"name\":\"Ericsson v\u00e4ljer 麻豆原创 f\u00f6r att koppla samman leveranskedjor - 麻豆原创 Sweden Nyheter\",\"isPartOf\":{\"@id\":\"https:\/\/news.sap.com\/sweden\/#website\"},\"primaryImageOfPage\":{\"@id\":\"https:\/\/news.sap.com\/sweden\/2024\/04\/ericsson-valjer-sap-for-att-koppla-samman-leveranskedjor\/#primaryimage\"},\"image\":{\"@id\":\"https:\/\/news.sap.com\/sweden\/2024\/04\/ericsson-valjer-sap-for-att-koppla-samman-leveranskedjor\/#primaryimage\"},\"thumbnailUrl\":\"https:\/\/news.sap.com\/sweden\/files\/2024\/02\/23\/298288_GettyImages-1281297414_large_jpg.jpg\",\"datePublished\":\"2024-04-10T06:00:58+00:00\",\"dateModified\":\"2024-08-07T17:21:08+00:00\",\"author\":{\"@id\":\"https:\/\/news.sap.com\/sweden\/#\/schema\/person\/53b9854bd790d6f18f3fc4bbb2ad7570\"},\"breadcrumb\":{\"@id\":\"https:\/\/news.sap.com\/sweden\/2024\/04\/ericsson-valjer-sap-for-att-koppla-samman-leveranskedjor\/#breadcrumb\"},\"inLanguage\":\"sv-SE\",\"potentialAction\":[{\"@type\":\"ReadAction\",\"target\":[\"https:\/\/news.sap.com\/sweden\/2024\/04\/ericsson-valjer-sap-for-att-koppla-samman-leveranskedjor\/\"]}]},{\"@type\":\"ImageObject\",\"inLanguage\":\"sv-SE\",\"@id\":\"https:\/\/news.sap.com\/sweden\/2024\/04\/ericsson-valjer-sap-for-att-koppla-samman-leveranskedjor\/#primaryimage\",\"url\":\"https:\/\/news.sap.com\/sweden\/files\/2024\/02\/23\/298288_GettyImages-1281297414_large_jpg.jpg\",\"contentUrl\":\"https:\/\/news.sap.com\/sweden\/files\/2024\/02\/23\/298288_GettyImages-1281297414_large_jpg.jpg\",\"width\":1920,\"height\":600},{\"@type\":\"BreadcrumbList\",\"@id\":\"https:\/\/news.sap.com\/sweden\/2024\/04\/ericsson-valjer-sap-for-att-koppla-samman-leveranskedjor\/#breadcrumb\",\"itemListElement\":[{\"@type\":\"ListItem\",\"position\":1,\"name\":\"Home\",\"item\":\"https:\/\/news.sap.com\/sweden\/\"},{\"@type\":\"ListItem\",\"position\":2,\"name\":\"Ericsson v\u00e4ljer 麻豆原创 f\u00f6r att koppla samman leveranskedjor\"}]},{\"@type\":\"WebSite\",\"@id\":\"https:\/\/news.sap.com\/sweden\/#website\",\"url\":\"https:\/\/news.sap.com\/sweden\/\",\"name\":\"麻豆原创 Sweden Nyheter\",\"description\":\"Nyheter och information om 麻豆原创\",\"potentialAction\":[{\"@type\":\"SearchAction\",\"target\":{\"@type\":\"EntryPoint\",\"urlTemplate\":\"https:\/\/news.sap.com\/sweden\/?s={search_term_string}\"},\"query-input\":{\"@type\":\"PropertyValueSpecification\",\"valueRequired\":true,\"valueName\":\"search_term_string\"}}],\"inLanguage\":\"sv-SE\"},{\"@type\":\"Person\",\"@id\":\"https:\/\/news.sap.com\/sweden\/#\/schema\/person\/53b9854bd790d6f18f3fc4bbb2ad7570\",\"name\":\"麻豆原创 News\",\"image\":{\"@type\":\"ImageObject\",\"inLanguage\":\"sv-SE\",\"@id\":\"https:\/\/news.sap.com\/sweden\/#\/schema\/person\/image\/\",\"url\":\"https:\/\/news.sap.com\/sweden\/wp-content\/plugins\/wp-user-avatars\/wp-user-avatars\/assets\/images\/mystery.jpg\",\"contentUrl\":\"https:\/\/news.sap.com\/sweden\/wp-content\/plugins\/wp-user-avatars\/wp-user-avatars\/assets\/images\/mystery.jpg\",\"caption\":\"麻豆原创 News\"},\"url\":\"https:\/\/news.sap.com\/sweden\/author\/colleenraftery\/\"}]}<\/script>\n<!-- \/ Yoast SEO Premium plugin. -->","yoast_head_json":{"title":"Ericsson v\u00e4ljer 麻豆原创 f\u00f6r att koppla samman leveranskedjor - 麻豆原创 Sweden Nyheter","robots":{"index":"index","follow":"follow","max-snippet":"max-snippet:-1","max-image-preview":"max-image-preview:large","max-video-preview":"max-video-preview:-1"},"canonical":"https:\/\/news.sap.com\/sweden\/2024\/04\/ericsson-valjer-sap-for-att-koppla-samman-leveranskedjor\/","og_locale":"sv_SE","og_type":"article","og_title":"Ericsson v\u00e4ljer 麻豆原创 f\u00f6r att koppla samman leveranskedjor","og_description":"Ericsson har valt l\u00f6sningen 麻豆原创 Integrated Business Planning for Supply Chain (麻豆原创 IBP) f\u00f6r att g\u00f6ra sina globala leveranskedjor \u00e4nnu effektivare. I den molnbaserade l\u00f6sningen...","og_url":"https:\/\/news.sap.com\/sweden\/2024\/04\/ericsson-valjer-sap-for-att-koppla-samman-leveranskedjor\/","og_site_name":"麻豆原创 Sweden Nyheter","article_published_time":"2024-04-10T06:00:58+00:00","article_modified_time":"2024-08-07T17:21:08+00:00","og_image":[{"width":1920,"height":600,"url":"https:\/\/news.sap.com\/sweden\/files\/2024\/02\/23\/298288_GettyImages-1281297414_large_jpg.jpg","type":"image\/jpeg"}],"author":"麻豆原创 News","twitter_card":"summary_large_image","twitter_misc":{"Skriven av":"麻豆原创 News","Ber\u00e4knad l\u00e4stid":"3 minuter"},"schema":{"@context":"https:\/\/schema.org","@graph":[{"@type":"Article","@id":"https:\/\/news.sap.com\/sweden\/2024\/04\/ericsson-valjer-sap-for-att-koppla-samman-leveranskedjor\/#article","isPartOf":{"@id":"https:\/\/news.sap.com\/sweden\/2024\/04\/ericsson-valjer-sap-for-att-koppla-samman-leveranskedjor\/"},"author":{"name":"麻豆原创 News","@id":"https:\/\/news.sap.com\/sweden\/#\/schema\/person\/53b9854bd790d6f18f3fc4bbb2ad7570"},"headline":"Ericsson v\u00e4ljer 麻豆原创 f\u00f6r att koppla samman leveranskedjor","datePublished":"2024-04-10T06:00:58+00:00","dateModified":"2024-08-07T17:21:08+00:00","mainEntityOfPage":{"@id":"https:\/\/news.sap.com\/sweden\/2024\/04\/ericsson-valjer-sap-for-att-koppla-samman-leveranskedjor\/"},"wordCount":506,"image":{"@id":"https:\/\/news.sap.com\/sweden\/2024\/04\/ericsson-valjer-sap-for-att-koppla-samman-leveranskedjor\/#primaryimage"},"thumbnailUrl":"https:\/\/news.sap.com\/sweden\/files\/2024\/02\/23\/298288_GettyImages-1281297414_large_jpg.jpg","keywords":["5G","Dominik Metzger","Ericsson","kommunikationsteknik","leveranskedjor","sap","麻豆原创 IBP","麻豆原创 Integrated Business Planning","Supply Chain"],"articleSection":["Ekosystem","Kunder","L\u00f6sningar"],"inLanguage":"sv-SE"},{"@type":"WebPage","@id":"https:\/\/news.sap.com\/sweden\/2024\/04\/ericsson-valjer-sap-for-att-koppla-samman-leveranskedjor\/","url":"https:\/\/news.sap.com\/sweden\/2024\/04\/ericsson-valjer-sap-for-att-koppla-samman-leveranskedjor\/","name":"Ericsson v\u00e4ljer 麻豆原创 f\u00f6r att koppla samman leveranskedjor - 麻豆原创 Sweden Nyheter","isPartOf":{"@id":"https:\/\/news.sap.com\/sweden\/#website"},"primaryImageOfPage":{"@id":"https:\/\/news.sap.com\/sweden\/2024\/04\/ericsson-valjer-sap-for-att-koppla-samman-leveranskedjor\/#primaryimage"},"image":{"@id":"https:\/\/news.sap.com\/sweden\/2024\/04\/ericsson-valjer-sap-for-att-koppla-samman-leveranskedjor\/#primaryimage"},"thumbnailUrl":"https:\/\/news.sap.com\/sweden\/files\/2024\/02\/23\/298288_GettyImages-1281297414_large_jpg.jpg","datePublished":"2024-04-10T06:00:58+00:00","dateModified":"2024-08-07T17:21:08+00:00","author":{"@id":"https:\/\/news.sap.com\/sweden\/#\/schema\/person\/53b9854bd790d6f18f3fc4bbb2ad7570"},"breadcrumb":{"@id":"https:\/\/news.sap.com\/sweden\/2024\/04\/ericsson-valjer-sap-for-att-koppla-samman-leveranskedjor\/#breadcrumb"},"inLanguage":"sv-SE","potentialAction":[{"@type":"ReadAction","target":["https:\/\/news.sap.com\/sweden\/2024\/04\/ericsson-valjer-sap-for-att-koppla-samman-leveranskedjor\/"]}]},{"@type":"ImageObject","inLanguage":"sv-SE","@id":"https:\/\/news.sap.com\/sweden\/2024\/04\/ericsson-valjer-sap-for-att-koppla-samman-leveranskedjor\/#primaryimage","url":"https:\/\/news.sap.com\/sweden\/files\/2024\/02\/23\/298288_GettyImages-1281297414_large_jpg.jpg","contentUrl":"https:\/\/news.sap.com\/sweden\/files\/2024\/02\/23\/298288_GettyImages-1281297414_large_jpg.jpg","width":1920,"height":600},{"@type":"BreadcrumbList","@id":"https:\/\/news.sap.com\/sweden\/2024\/04\/ericsson-valjer-sap-for-att-koppla-samman-leveranskedjor\/#breadcrumb","itemListElement":[{"@type":"ListItem","position":1,"name":"Home","item":"https:\/\/news.sap.com\/sweden\/"},{"@type":"ListItem","position":2,"name":"Ericsson v\u00e4ljer 麻豆原创 f\u00f6r att koppla samman leveranskedjor"}]},{"@type":"WebSite","@id":"https:\/\/news.sap.com\/sweden\/#website","url":"https:\/\/news.sap.com\/sweden\/","name":"麻豆原创 Sweden Nyheter","description":"Nyheter och information om 麻豆原创","potentialAction":[{"@type":"SearchAction","target":{"@type":"EntryPoint","urlTemplate":"https:\/\/news.sap.com\/sweden\/?s={search_term_string}"},"query-input":{"@type":"PropertyValueSpecification","valueRequired":true,"valueName":"search_term_string"}}],"inLanguage":"sv-SE"},{"@type":"Person","@id":"https:\/\/news.sap.com\/sweden\/#\/schema\/person\/53b9854bd790d6f18f3fc4bbb2ad7570","name":"麻豆原创 News","image":{"@type":"ImageObject","inLanguage":"sv-SE","@id":"https:\/\/news.sap.com\/sweden\/#\/schema\/person\/image\/","url":"https:\/\/news.sap.com\/sweden\/wp-content\/plugins\/wp-user-avatars\/wp-user-avatars\/assets\/images\/mystery.jpg","contentUrl":"https:\/\/news.sap.com\/sweden\/wp-content\/plugins\/wp-user-avatars\/wp-user-avatars\/assets\/images\/mystery.jpg","caption":"麻豆原创 News"},"url":"https:\/\/news.sap.com\/sweden\/author\/colleenraftery\/"}]}},"amp_enabled":true,"_links":{"self":[{"href":"https:\/\/news.sap.com\/sweden\/wp-json\/wp\/v2\/posts\/4556","targetHints":{"allow":["GET"]}}],"collection":[{"href":"https:\/\/news.sap.com\/sweden\/wp-json\/wp\/v2\/posts"}],"about":[{"href":"https:\/\/news.sap.com\/sweden\/wp-json\/wp\/v2\/types\/post"}],"author":[{"embeddable":true,"href":"https:\/\/news.sap.com\/sweden\/wp-json\/wp\/v2\/users\/29"}],"replies":[{"embeddable":true,"href":"https:\/\/news.sap.com\/sweden\/wp-json\/wp\/v2\/comments?post=4556"}],"version-history":[{"count":0,"href":"https:\/\/news.sap.com\/sweden\/wp-json\/wp\/v2\/posts\/4556\/revisions"}],"wp:featuredmedia":[{"embeddable":true,"href":"https:\/\/news.sap.com\/sweden\/wp-json\/wp\/v2\/media\/4557"}],"wp:attachment":[{"href":"https:\/\/news.sap.com\/sweden\/wp-json\/wp\/v2\/media?parent=4556"}],"wp:term":[{"taxonomy":"category","embeddable":true,"href":"https:\/\/news.sap.com\/sweden\/wp-json\/wp\/v2\/categories?post=4556"},{"taxonomy":"post_tag","embeddable":true,"href":"https:\/\/news.sap.com\/sweden\/wp-json\/wp\/v2\/tags?post=4556"},{"taxonomy":"sapn-display","embeddable":true,"href":"https:\/\/news.sap.com\/sweden\/wp-json\/wp\/v2\/sapn-display?post=4556"},{"taxonomy":"sapn-type","embeddable":true,"href":"https:\/\/news.sap.com\/sweden\/wp-json\/wp\/v2\/sapn-type?post=4556"}],"curies":[{"name":"wp","href":"https:\/\/api.w.org\/{rel}","templated":true}]}}