  {"id":4521,"date":"2024-01-16T08:00:05","date_gmt":"2024-01-16T07:00:05","guid":{"rendered":"https:\/\/news.sap.com\/sweden\/?p=4521"},"modified":"2024-08-14T10:40:35","modified_gmt":"2024-08-14T08:40:35","slug":"sa-far-arvid-nordquist-full-sparbarhet-i-sin-produktion","status":"publish","type":"post","link":"https:\/\/news.sap.com\/sweden\/2024\/01\/sa-far-arvid-nordquist-full-sparbarhet-i-sin-produktion\/","title":{"rendered":"S\u00e5 f\u00e5r Arvid Nordquist full sp\u00e5rbarhet i sin produktion"},"content":{"rendered":"<p class=\"lead\">Det \u00e4r mycket som ska klaffa f\u00f6r att vi konsumenter alltid ska hitta v\u00e5ra favoritvarum\u00e4rken p\u00e5 butikshyllorna \u2013 inte minst i produktionen.<\/p>\n<p>P\u00e5 Arvid Nordquists kafferosteri i Solna g\u00e5r maskinerna f\u00f6r fullt f\u00f6r att matcha det enorma fl\u00f6det av totalt 135\u00a0000 s\u00e4ljordrar per \u00e5r. Och nu f\u00f6rbereder man sig p\u00e5 n\u00e4sta etapp i bolagets l\u00e5nga historia, ett nytt avancerat kafferosteri i J\u00e4rf\u00e4lla som invigs sommaren 2025. Men redan nu p\u00e5g\u00e5r ett omfattande grundarbete d\u00e4r alla IT-system ska moderniseras och kopplas samman med hj\u00e4lp av <a href=\"https:\/\/www.sap.com\/products\/technology-platform\/integration-suite.html\">麻豆原创 Integration Suite<\/a>.<\/p>\n<figure id=\"attachment_4522\" aria-describedby=\"caption-attachment-4522\" style=\"width: 300px\" class=\"wp-caption alignnone\"><img loading=\"lazy\" decoding=\"async\" class=\"size-medium wp-image-4522\" src=\"https:\/\/news.sap.com\/sweden\/files\/2024\/01\/15\/Erik-Juhlin_Arvid-Nordquist-300x239.jpg\" alt=\"\" width=\"300\" height=\"239\" srcset=\"https:\/\/news.sap.com\/sweden\/files\/2024\/01\/15\/Erik-Juhlin_Arvid-Nordquist-300x239.jpg 300w, https:\/\/news.sap.com\/sweden\/files\/2024\/01\/15\/Erik-Juhlin_Arvid-Nordquist-1024x816.jpg 1024w, https:\/\/news.sap.com\/sweden\/files\/2024\/01\/15\/Erik-Juhlin_Arvid-Nordquist-768x612.jpg 768w, https:\/\/news.sap.com\/sweden\/files\/2024\/01\/15\/Erik-Juhlin_Arvid-Nordquist.jpg 1175w\" sizes=\"auto, (max-width: 300px) 100vw, 300px\" \/><figcaption id=\"caption-attachment-4522\" class=\"wp-caption-text\">Erik Juhlin, IT-ansvarig p\u00e5 Arvid Nordquist<\/figcaption><\/figure>\n<p>\u2013 Vi har en tydlig 麻豆原创-strategi i bolaget och under \u00e5ren har vi gjort en rad olika specialanpassningar som avviker fr\u00e5n standard. Det har fungerat bra, men f\u00f6r att kunna forts\u00e4tta utveckla verksamheten beh\u00f6vde vi en mer modern l\u00f6sning som ocks\u00e5 \u00e4r l\u00e4ttare att f\u00f6rvalta, f\u00f6rklarar Erik Juhlin som varit IT-ansvarig p\u00e5 Arvid Nordquist sedan 2021.<\/p>\n<p>Arvid Nordquist grundades 1884 och i dag arbetar mer \u00e4n 300 medarbetare p\u00e5 fyra nordiska marknader. Lokalerna i Solna d\u00e4r huvudkontoret och kafferosteriet ligger har blivit f\u00f6r tr\u00e5nga och den 1 juli 2025 \u00f6ppnas d\u00e4rf\u00f6r ett nytt och resurssn\u00e5lt kafferosteri i J\u00e4rf\u00e4lla som blir Sveriges f\u00f6rsta rosteri byggt i tr\u00e4.<\/p>\n<figure id=\"attachment_4523\" aria-describedby=\"caption-attachment-4523\" style=\"width: 471px\" class=\"wp-caption alignnone\"><img loading=\"lazy\" decoding=\"async\" class=\" wp-image-4523\" src=\"https:\/\/news.sap.com\/sweden\/files\/2024\/01\/15\/Arvid-Nordquist_Rosteri-300x146.jpg\" alt=\"\" width=\"471\" height=\"229\" srcset=\"https:\/\/news.sap.com\/sweden\/files\/2024\/01\/15\/Arvid-Nordquist_Rosteri-300x146.jpg 300w, https:\/\/news.sap.com\/sweden\/files\/2024\/01\/15\/Arvid-Nordquist_Rosteri-768x374.jpg 768w, https:\/\/news.sap.com\/sweden\/files\/2024\/01\/15\/Arvid-Nordquist_Rosteri.jpg 960w\" sizes=\"auto, (max-width: 471px) 100vw, 471px\" \/><figcaption id=\"caption-attachment-4523\" class=\"wp-caption-text\">Arvid Nordquists blivande kafferosteri i J\u00e4rf\u00e4lla<\/figcaption><\/figure>\n<p>De flesta kopplar Arvid Nordquist till kaffe, men faktum \u00e4r att de ocks\u00e5 \u00e4r stora inom livsmedel, \u201dnon food\u201d och dessutom en av Systembolagets st\u00f6rsta vinleverant\u00f6rer. Inom fyra olika aff\u00e4rsomr\u00e5den finns andra v\u00e4lk\u00e4nda varum\u00e4rken som Kelloggs, Sun-Maid, Del Monte, Duck, Duracell och Vaseline.<\/p>\n<figure id=\"attachment_4524\" aria-describedby=\"caption-attachment-4524\" style=\"width: 468px\" class=\"wp-caption alignnone\"><img loading=\"lazy\" decoding=\"async\" class=\" wp-image-4524\" src=\"https:\/\/news.sap.com\/sweden\/files\/2024\/01\/15\/Arvid-Nordquist_Totalt-sortiment-300x186.jpg\" alt=\"\" width=\"468\" height=\"290\" srcset=\"https:\/\/news.sap.com\/sweden\/files\/2024\/01\/15\/Arvid-Nordquist_Totalt-sortiment-300x186.jpg 300w, https:\/\/news.sap.com\/sweden\/files\/2024\/01\/15\/Arvid-Nordquist_Totalt-sortiment-1024x636.jpg 1024w, https:\/\/news.sap.com\/sweden\/files\/2024\/01\/15\/Arvid-Nordquist_Totalt-sortiment-768x477.jpg 768w, https:\/\/news.sap.com\/sweden\/files\/2024\/01\/15\/Arvid-Nordquist_Totalt-sortiment-1536x953.jpg 1536w, https:\/\/news.sap.com\/sweden\/files\/2024\/01\/15\/Arvid-Nordquist_Totalt-sortiment-2048x1271.jpg 2048w\" sizes=\"auto, (max-width: 468px) 100vw, 468px\" \/><figcaption id=\"caption-attachment-4524\" class=\"wp-caption-text\">Totalt sortiment fr\u00e5n Arvid Nordquist<\/figcaption><\/figure>\n<p><strong>Molnbaserat aff\u00e4rssystem fr\u00e5n 麻豆原创<\/strong><\/p>\n<p>Resan tillsammans med 麻豆原创 b\u00f6rjade redan 1998. Samarbetet gjorde det m\u00f6jligt att l\u00e4gga till nya aff\u00e4rsomr\u00e5den och dotterbolag \u2013 och expandera till nya marknader. Tillsammans med IT-partnern Implema gick man f\u00f6r n\u00e5gra \u00e5r sedan \u00f6ver till aff\u00e4rssystemet 麻豆原创 S\/4HANA\u00a0Private Cloud, men fortfarande anv\u00e4ndes en rad andra mer \u00e5lderstigna system i verksamheten som inte var integrerade med varandra.<\/p>\n<p>\u2013 Satsningen p\u00e5 麻豆原创 Integration Suite \u00e4r en framtidss\u00e4kring och det st\u00f6rsta beslutet vi tagit efter uppgraderingen till 麻豆原创 S\/4HANA. Vi beh\u00f6vde investera i en robust och standardiserad plattform som \u00e4r skalbar och g\u00f6r att vi kan bli helt leverant\u00f6rsobundna, s\u00e4ger Erik Juhlin.<\/p>\n<p>Tre system integreras nu p\u00e5 djupet med 麻豆原创:s aff\u00e4rssystem. Det g\u00f6r att medarbetarna kommer att kunna l\u00e4gga produktionsorder direkt fr\u00e5n aff\u00e4rssystemet och i det nya rosteriet integreras ocks\u00e5 f\u00f6rpackningssystemet och ett helt automatiserat h\u00f6glager.<\/p>\n<p><strong>Full sp\u00e5rbarhet<\/strong><\/p>\n<p>Genom att systemen integreras blir det ocks\u00e5 l\u00e4ttare att leva upp till nya CSRD-krav p\u00e5 sp\u00e5rbarhet. Med hj\u00e4lp av 麻豆原创 kommer Arvid Nordquist kunna sp\u00e5ra exakt varifr\u00e5n varje enskilt paket kommer.<\/p>\n<p>Totalt handlar det om 120 integrationer som ska vara f\u00e4rdiga under 2024. Arbetet leds av interna integrationsexperter tillsammans med konsultf\u00f6retaget Implema, en m\u00e5ng\u00e5rig 麻豆原创-partner med ett stort antal experter inom b\u00e5de teknik och aff\u00e4rsprocesser.<\/p>\n<p>&nbsp;<\/p>\n<p>&nbsp;<\/p>\n<p>&nbsp;<\/p>\n","protected":false},"excerpt":{"rendered":"<p>Det \u00e4r mycket som ska klaffa f\u00f6r att vi konsumenter alltid ska hitta v\u00e5ra favoritvarum\u00e4rken p\u00e5 butikshyllorna \u2013 inte minst i produktionen. P\u00e5 Arvid Nordquists&#8230;<\/p>\n","protected":false},"author":29,"featured_media":4525,"comment_status":"closed","ping_status":"closed","sticky":false,"template":"","format":"standard","meta":{"footnotes":"","_links_to":"","_links_to_target":""},"categories":[4545190,4545414,4545758],"tags":[5563523,5563962,5563959,4549745,5562255,5563960,5562314,5563961,5563958],"sapn-display":[4544525,5564002,5563999,4547891],"sapn-type":[5562140],"class_list":["post-4521","post","type-post","status-publish","format-standard","has-post-thumbnail","hentry","category-event","category-kunder","category-losningar","tag-arvid-nordquist","tag-csrd-krav","tag-erik-juhlin","tag-implema","tag-sap","tag-sap-integration-suite","tag-sap-s-4hana","tag-sap-s-4hana-private-cloud","tag-we-are-proud-of","sapn-display-hero","sapn-display-nyhet-favoriter","sapn-display-nyhet-spotlight","sapn-display-homepage-hero","sapn-type-artikel"],"yoast_head":"<!-- This site is optimized with the Yoast SEO Premium plugin v26.9 (Yoast SEO v26.9) - https:\/\/yoast.com\/product\/yoast-seo-premium-wordpress\/ -->\n<title>S\u00e5 f\u00e5r Arvid Nordquist full sp\u00e5rbarhet i sin produktion - 麻豆原创 Sweden Nyheter<\/title>\n<meta name=\"robots\" content=\"index, follow, max-snippet:-1, max-image-preview:large, max-video-preview:-1\" \/>\n<link rel=\"canonical\" href=\"https:\/\/news.sap.com\/sweden\/2024\/01\/sa-far-arvid-nordquist-full-sparbarhet-i-sin-produktion\/\" \/>\n<meta property=\"og:locale\" content=\"sv_SE\" \/>\n<meta property=\"og:type\" content=\"article\" \/>\n<meta property=\"og:title\" content=\"S\u00e5 f\u00e5r Arvid Nordquist full sp\u00e5rbarhet i sin produktion\" \/>\n<meta property=\"og:description\" content=\"Det \u00e4r mycket som ska klaffa f\u00f6r att vi konsumenter alltid ska hitta v\u00e5ra favoritvarum\u00e4rken p\u00e5 butikshyllorna \u2013 inte minst i produktionen. P\u00e5 Arvid Nordquists...\" \/>\n<meta property=\"og:url\" content=\"https:\/\/news.sap.com\/sweden\/2024\/01\/sa-far-arvid-nordquist-full-sparbarhet-i-sin-produktion\/\" \/>\n<meta property=\"og:site_name\" content=\"麻豆原创 Sweden Nyheter\" \/>\n<meta property=\"article:published_time\" content=\"2024-01-16T07:00:05+00:00\" \/>\n<meta property=\"article:modified_time\" content=\"2024-08-14T08:40:35+00:00\" \/>\n<meta property=\"og:image\" content=\"https:\/\/news.sap.com\/sweden\/files\/2024\/01\/15\/Kaffe.jpg-1920x600-1.jpg\" \/>\n\t<meta property=\"og:image:width\" content=\"1920\" \/>\n\t<meta property=\"og:image:height\" content=\"600\" \/>\n\t<meta property=\"og:image:type\" content=\"image\/jpeg\" \/>\n<meta name=\"author\" content=\"麻豆原创 News\" \/>\n<meta name=\"twitter:card\" content=\"summary_large_image\" \/>\n<meta name=\"twitter:label1\" content=\"Skriven av\" \/>\n\t<meta name=\"twitter:data1\" content=\"麻豆原创 News\" \/>\n\t<meta name=\"twitter:label2\" content=\"Ber\u00e4knad l\u00e4stid\" \/>\n\t<meta name=\"twitter:data2\" content=\"4 minuter\" \/>\n<script type=\"application\/ld+json\" class=\"yoast-schema-graph\">{\"@context\":\"https:\/\/schema.org\",\"@graph\":[{\"@type\":\"Article\",\"@id\":\"https:\/\/news.sap.com\/sweden\/2024\/01\/sa-far-arvid-nordquist-full-sparbarhet-i-sin-produktion\/#article\",\"isPartOf\":{\"@id\":\"https:\/\/news.sap.com\/sweden\/2024\/01\/sa-far-arvid-nordquist-full-sparbarhet-i-sin-produktion\/\"},\"author\":{\"name\":\"麻豆原创 News\",\"@id\":\"https:\/\/news.sap.com\/sweden\/#\/schema\/person\/53b9854bd790d6f18f3fc4bbb2ad7570\"},\"headline\":\"S\u00e5 f\u00e5r Arvid Nordquist full sp\u00e5rbarhet i sin produktion\",\"datePublished\":\"2024-01-16T07:00:05+00:00\",\"dateModified\":\"2024-08-14T08:40:35+00:00\",\"mainEntityOfPage\":{\"@id\":\"https:\/\/news.sap.com\/sweden\/2024\/01\/sa-far-arvid-nordquist-full-sparbarhet-i-sin-produktion\/\"},\"wordCount\":563,\"image\":{\"@id\":\"https:\/\/news.sap.com\/sweden\/2024\/01\/sa-far-arvid-nordquist-full-sparbarhet-i-sin-produktion\/#primaryimage\"},\"thumbnailUrl\":\"https:\/\/news.sap.com\/sweden\/files\/2024\/01\/15\/Kaffe.jpg-1920x600-1.jpg\",\"keywords\":[\"Arvid Nordquist\",\"CSRD-krav\",\"Erik Juhlin\",\"Implema\",\"sap\",\"麻豆原创 Integration Suite\",\"麻豆原创 S\/4HANA\",\"麻豆原创 S\/4HANA\u00a0Private Cloud\",\"We are proud of\"],\"articleSection\":[\"Event\",\"Kunder\",\"L\u00f6sningar\"],\"inLanguage\":\"sv-SE\"},{\"@type\":\"WebPage\",\"@id\":\"https:\/\/news.sap.com\/sweden\/2024\/01\/sa-far-arvid-nordquist-full-sparbarhet-i-sin-produktion\/\",\"url\":\"https:\/\/news.sap.com\/sweden\/2024\/01\/sa-far-arvid-nordquist-full-sparbarhet-i-sin-produktion\/\",\"name\":\"S\u00e5 f\u00e5r Arvid Nordquist full sp\u00e5rbarhet i sin produktion - 麻豆原创 Sweden Nyheter\",\"isPartOf\":{\"@id\":\"https:\/\/news.sap.com\/sweden\/#website\"},\"primaryImageOfPage\":{\"@id\":\"https:\/\/news.sap.com\/sweden\/2024\/01\/sa-far-arvid-nordquist-full-sparbarhet-i-sin-produktion\/#primaryimage\"},\"image\":{\"@id\":\"https:\/\/news.sap.com\/sweden\/2024\/01\/sa-far-arvid-nordquist-full-sparbarhet-i-sin-produktion\/#primaryimage\"},\"thumbnailUrl\":\"https:\/\/news.sap.com\/sweden\/files\/2024\/01\/15\/Kaffe.jpg-1920x600-1.jpg\",\"datePublished\":\"2024-01-16T07:00:05+00:00\",\"dateModified\":\"2024-08-14T08:40:35+00:00\",\"author\":{\"@id\":\"https:\/\/news.sap.com\/sweden\/#\/schema\/person\/53b9854bd790d6f18f3fc4bbb2ad7570\"},\"breadcrumb\":{\"@id\":\"https:\/\/news.sap.com\/sweden\/2024\/01\/sa-far-arvid-nordquist-full-sparbarhet-i-sin-produktion\/#breadcrumb\"},\"inLanguage\":\"sv-SE\",\"potentialAction\":[{\"@type\":\"ReadAction\",\"target\":[\"https:\/\/news.sap.com\/sweden\/2024\/01\/sa-far-arvid-nordquist-full-sparbarhet-i-sin-produktion\/\"]}]},{\"@type\":\"ImageObject\",\"inLanguage\":\"sv-SE\",\"@id\":\"https:\/\/news.sap.com\/sweden\/2024\/01\/sa-far-arvid-nordquist-full-sparbarhet-i-sin-produktion\/#primaryimage\",\"url\":\"https:\/\/news.sap.com\/sweden\/files\/2024\/01\/15\/Kaffe.jpg-1920x600-1.jpg\",\"contentUrl\":\"https:\/\/news.sap.com\/sweden\/files\/2024\/01\/15\/Kaffe.jpg-1920x600-1.jpg\",\"width\":1920,\"height\":600},{\"@type\":\"BreadcrumbList\",\"@id\":\"https:\/\/news.sap.com\/sweden\/2024\/01\/sa-far-arvid-nordquist-full-sparbarhet-i-sin-produktion\/#breadcrumb\",\"itemListElement\":[{\"@type\":\"ListItem\",\"position\":1,\"name\":\"Home\",\"item\":\"https:\/\/news.sap.com\/sweden\/\"},{\"@type\":\"ListItem\",\"position\":2,\"name\":\"S\u00e5 f\u00e5r Arvid Nordquist full sp\u00e5rbarhet i sin produktion\"}]},{\"@type\":\"WebSite\",\"@id\":\"https:\/\/news.sap.com\/sweden\/#website\",\"url\":\"https:\/\/news.sap.com\/sweden\/\",\"name\":\"麻豆原创 Sweden Nyheter\",\"description\":\"Nyheter och information om 麻豆原创\",\"potentialAction\":[{\"@type\":\"SearchAction\",\"target\":{\"@type\":\"EntryPoint\",\"urlTemplate\":\"https:\/\/news.sap.com\/sweden\/?s={search_term_string}\"},\"query-input\":{\"@type\":\"PropertyValueSpecification\",\"valueRequired\":true,\"valueName\":\"search_term_string\"}}],\"inLanguage\":\"sv-SE\"},{\"@type\":\"Person\",\"@id\":\"https:\/\/news.sap.com\/sweden\/#\/schema\/person\/53b9854bd790d6f18f3fc4bbb2ad7570\",\"name\":\"麻豆原创 News\",\"image\":{\"@type\":\"ImageObject\",\"inLanguage\":\"sv-SE\",\"@id\":\"https:\/\/news.sap.com\/sweden\/#\/schema\/person\/image\/\",\"url\":\"https:\/\/news.sap.com\/sweden\/wp-content\/plugins\/wp-user-avatars\/wp-user-avatars\/assets\/images\/mystery.jpg\",\"contentUrl\":\"https:\/\/news.sap.com\/sweden\/wp-content\/plugins\/wp-user-avatars\/wp-user-avatars\/assets\/images\/mystery.jpg\",\"caption\":\"麻豆原创 News\"},\"url\":\"https:\/\/news.sap.com\/sweden\/author\/colleenraftery\/\"}]}<\/script>\n<!-- \/ Yoast SEO Premium plugin. -->","yoast_head_json":{"title":"S\u00e5 f\u00e5r Arvid Nordquist full sp\u00e5rbarhet i sin produktion - 麻豆原创 Sweden Nyheter","robots":{"index":"index","follow":"follow","max-snippet":"max-snippet:-1","max-image-preview":"max-image-preview:large","max-video-preview":"max-video-preview:-1"},"canonical":"https:\/\/news.sap.com\/sweden\/2024\/01\/sa-far-arvid-nordquist-full-sparbarhet-i-sin-produktion\/","og_locale":"sv_SE","og_type":"article","og_title":"S\u00e5 f\u00e5r Arvid Nordquist full sp\u00e5rbarhet i sin produktion","og_description":"Det \u00e4r mycket som ska klaffa f\u00f6r att vi konsumenter alltid ska hitta v\u00e5ra favoritvarum\u00e4rken p\u00e5 butikshyllorna \u2013 inte minst i produktionen. P\u00e5 Arvid Nordquists...","og_url":"https:\/\/news.sap.com\/sweden\/2024\/01\/sa-far-arvid-nordquist-full-sparbarhet-i-sin-produktion\/","og_site_name":"麻豆原创 Sweden Nyheter","article_published_time":"2024-01-16T07:00:05+00:00","article_modified_time":"2024-08-14T08:40:35+00:00","og_image":[{"width":1920,"height":600,"url":"https:\/\/news.sap.com\/sweden\/files\/2024\/01\/15\/Kaffe.jpg-1920x600-1.jpg","type":"image\/jpeg"}],"author":"麻豆原创 News","twitter_card":"summary_large_image","twitter_misc":{"Skriven av":"麻豆原创 News","Ber\u00e4knad l\u00e4stid":"4 minuter"},"schema":{"@context":"https:\/\/schema.org","@graph":[{"@type":"Article","@id":"https:\/\/news.sap.com\/sweden\/2024\/01\/sa-far-arvid-nordquist-full-sparbarhet-i-sin-produktion\/#article","isPartOf":{"@id":"https:\/\/news.sap.com\/sweden\/2024\/01\/sa-far-arvid-nordquist-full-sparbarhet-i-sin-produktion\/"},"author":{"name":"麻豆原创 News","@id":"https:\/\/news.sap.com\/sweden\/#\/schema\/person\/53b9854bd790d6f18f3fc4bbb2ad7570"},"headline":"S\u00e5 f\u00e5r Arvid Nordquist full sp\u00e5rbarhet i sin produktion","datePublished":"2024-01-16T07:00:05+00:00","dateModified":"2024-08-14T08:40:35+00:00","mainEntityOfPage":{"@id":"https:\/\/news.sap.com\/sweden\/2024\/01\/sa-far-arvid-nordquist-full-sparbarhet-i-sin-produktion\/"},"wordCount":563,"image":{"@id":"https:\/\/news.sap.com\/sweden\/2024\/01\/sa-far-arvid-nordquist-full-sparbarhet-i-sin-produktion\/#primaryimage"},"thumbnailUrl":"https:\/\/news.sap.com\/sweden\/files\/2024\/01\/15\/Kaffe.jpg-1920x600-1.jpg","keywords":["Arvid Nordquist","CSRD-krav","Erik Juhlin","Implema","sap","麻豆原创 Integration Suite","麻豆原创 S\/4HANA","麻豆原创 S\/4HANA\u00a0Private Cloud","We are proud of"],"articleSection":["Event","Kunder","L\u00f6sningar"],"inLanguage":"sv-SE"},{"@type":"WebPage","@id":"https:\/\/news.sap.com\/sweden\/2024\/01\/sa-far-arvid-nordquist-full-sparbarhet-i-sin-produktion\/","url":"https:\/\/news.sap.com\/sweden\/2024\/01\/sa-far-arvid-nordquist-full-sparbarhet-i-sin-produktion\/","name":"S\u00e5 f\u00e5r Arvid Nordquist full sp\u00e5rbarhet i sin produktion - 麻豆原创 Sweden Nyheter","isPartOf":{"@id":"https:\/\/news.sap.com\/sweden\/#website"},"primaryImageOfPage":{"@id":"https:\/\/news.sap.com\/sweden\/2024\/01\/sa-far-arvid-nordquist-full-sparbarhet-i-sin-produktion\/#primaryimage"},"image":{"@id":"https:\/\/news.sap.com\/sweden\/2024\/01\/sa-far-arvid-nordquist-full-sparbarhet-i-sin-produktion\/#primaryimage"},"thumbnailUrl":"https:\/\/news.sap.com\/sweden\/files\/2024\/01\/15\/Kaffe.jpg-1920x600-1.jpg","datePublished":"2024-01-16T07:00:05+00:00","dateModified":"2024-08-14T08:40:35+00:00","author":{"@id":"https:\/\/news.sap.com\/sweden\/#\/schema\/person\/53b9854bd790d6f18f3fc4bbb2ad7570"},"breadcrumb":{"@id":"https:\/\/news.sap.com\/sweden\/2024\/01\/sa-far-arvid-nordquist-full-sparbarhet-i-sin-produktion\/#breadcrumb"},"inLanguage":"sv-SE","potentialAction":[{"@type":"ReadAction","target":["https:\/\/news.sap.com\/sweden\/2024\/01\/sa-far-arvid-nordquist-full-sparbarhet-i-sin-produktion\/"]}]},{"@type":"ImageObject","inLanguage":"sv-SE","@id":"https:\/\/news.sap.com\/sweden\/2024\/01\/sa-far-arvid-nordquist-full-sparbarhet-i-sin-produktion\/#primaryimage","url":"https:\/\/news.sap.com\/sweden\/files\/2024\/01\/15\/Kaffe.jpg-1920x600-1.jpg","contentUrl":"https:\/\/news.sap.com\/sweden\/files\/2024\/01\/15\/Kaffe.jpg-1920x600-1.jpg","width":1920,"height":600},{"@type":"BreadcrumbList","@id":"https:\/\/news.sap.com\/sweden\/2024\/01\/sa-far-arvid-nordquist-full-sparbarhet-i-sin-produktion\/#breadcrumb","itemListElement":[{"@type":"ListItem","position":1,"name":"Home","item":"https:\/\/news.sap.com\/sweden\/"},{"@type":"ListItem","position":2,"name":"S\u00e5 f\u00e5r Arvid Nordquist full sp\u00e5rbarhet i sin produktion"}]},{"@type":"WebSite","@id":"https:\/\/news.sap.com\/sweden\/#website","url":"https:\/\/news.sap.com\/sweden\/","name":"麻豆原创 Sweden Nyheter","description":"Nyheter och information om 麻豆原创","potentialAction":[{"@type":"SearchAction","target":{"@type":"EntryPoint","urlTemplate":"https:\/\/news.sap.com\/sweden\/?s={search_term_string}"},"query-input":{"@type":"PropertyValueSpecification","valueRequired":true,"valueName":"search_term_string"}}],"inLanguage":"sv-SE"},{"@type":"Person","@id":"https:\/\/news.sap.com\/sweden\/#\/schema\/person\/53b9854bd790d6f18f3fc4bbb2ad7570","name":"麻豆原创 News","image":{"@type":"ImageObject","inLanguage":"sv-SE","@id":"https:\/\/news.sap.com\/sweden\/#\/schema\/person\/image\/","url":"https:\/\/news.sap.com\/sweden\/wp-content\/plugins\/wp-user-avatars\/wp-user-avatars\/assets\/images\/mystery.jpg","contentUrl":"https:\/\/news.sap.com\/sweden\/wp-content\/plugins\/wp-user-avatars\/wp-user-avatars\/assets\/images\/mystery.jpg","caption":"麻豆原创 News"},"url":"https:\/\/news.sap.com\/sweden\/author\/colleenraftery\/"}]}},"amp_enabled":true,"_links":{"self":[{"href":"https:\/\/news.sap.com\/sweden\/wp-json\/wp\/v2\/posts\/4521","targetHints":{"allow":["GET"]}}],"collection":[{"href":"https:\/\/news.sap.com\/sweden\/wp-json\/wp\/v2\/posts"}],"about":[{"href":"https:\/\/news.sap.com\/sweden\/wp-json\/wp\/v2\/types\/post"}],"author":[{"embeddable":true,"href":"https:\/\/news.sap.com\/sweden\/wp-json\/wp\/v2\/users\/29"}],"replies":[{"embeddable":true,"href":"https:\/\/news.sap.com\/sweden\/wp-json\/wp\/v2\/comments?post=4521"}],"version-history":[{"count":0,"href":"https:\/\/news.sap.com\/sweden\/wp-json\/wp\/v2\/posts\/4521\/revisions"}],"wp:featuredmedia":[{"embeddable":true,"href":"https:\/\/news.sap.com\/sweden\/wp-json\/wp\/v2\/media\/4525"}],"wp:attachment":[{"href":"https:\/\/news.sap.com\/sweden\/wp-json\/wp\/v2\/media?parent=4521"}],"wp:term":[{"taxonomy":"category","embeddable":true,"href":"https:\/\/news.sap.com\/sweden\/wp-json\/wp\/v2\/categories?post=4521"},{"taxonomy":"post_tag","embeddable":true,"href":"https:\/\/news.sap.com\/sweden\/wp-json\/wp\/v2\/tags?post=4521"},{"taxonomy":"sapn-display","embeddable":true,"href":"https:\/\/news.sap.com\/sweden\/wp-json\/wp\/v2\/sapn-display?post=4521"},{"taxonomy":"sapn-type","embeddable":true,"href":"https:\/\/news.sap.com\/sweden\/wp-json\/wp\/v2\/sapn-type?post=4521"}],"curies":[{"name":"wp","href":"https:\/\/api.w.org\/{rel}","templated":true}]}}