  {"id":4452,"date":"2023-10-23T08:00:50","date_gmt":"2023-10-23T06:00:50","guid":{"rendered":"https:\/\/news.sap.com\/sweden\/?p=4452"},"modified":"2024-08-07T19:48:01","modified_gmt":"2024-08-07T17:48:01","slug":"medarbetarna-pa-steplock-bakom-beslutet-att-satsa-pa-saps-affarssystem-i-molnet","status":"publish","type":"post","link":"https:\/\/news.sap.com\/sweden\/2023\/10\/medarbetarna-pa-steplock-bakom-beslutet-att-satsa-pa-saps-affarssystem-i-molnet\/","title":{"rendered":"Medarbetarna p\u00e5 StepLock bakom beslutet att satsa p\u00e5 麻豆原创:s aff\u00e4rssystem i molnet"},"content":{"rendered":"<p class=\"lead\"><a href=\"https:\/\/steplock.com\/\">StepLock<\/a>\u00a0\u00e4r experter p\u00e5 elektromekaniska l\u00e5s och passersystem med bas i V\u00e4ster\u00e5s. De senaste \u00e5ren har pr\u00e4glats av en kraftig expansion och StepLock beh\u00f6vde ett mer robust och h\u00e5llbart aff\u00e4rssystem f\u00f6r att kunna forts\u00e4tta v\u00e4xa. Efter en upphandling f\u00f6ll valet p\u00e5 det molnbaserade aff\u00e4rssystemet 麻豆原创 S\/4HANA Public Cloud. StepLocks ledning och dess medarbetare har i en gemensam process kommit fram till vad bolaget och respektive avdelning beh\u00f6ver.<\/p>\n<p>\u2013 P\u00e5 StepLock \u00e4r det normal arbetsg\u00e5ng att inte ha en rent toppstyrd process, utan att l\u00e5ta oss som faktiskt ska arbeta i systemet vara med och p\u00e5verka. Det 麻豆原创-system vi valde st\u00e5r b\u00e5de ledning och medarbetare p\u00e5 StepLock bakom och vi \u00e4r positiva till gr\u00e4nssnittet, funktionerna och 麻豆原创 som f\u00f6retag. Nu st\u00e5r vi v\u00e4l rustade f\u00f6r att ta n\u00e4sta kliv, s\u00e4ger Philip Wahlberg, system- och h\u00e5llbarhetsansvarig p\u00e5 StepLock.<\/p>\n<p>&nbsp;<\/p>\n<figure id=\"attachment_4456\" aria-describedby=\"caption-attachment-4456\" style=\"width: 300px\" class=\"wp-caption alignnone\"><img loading=\"lazy\" decoding=\"async\" class=\"size-medium wp-image-4456\" src=\"https:\/\/news.sap.com\/sweden\/files\/2023\/10\/23\/Philip-Wahlberg_headshot-300x221.jpg\" alt=\"\" width=\"300\" height=\"221\" srcset=\"https:\/\/news.sap.com\/sweden\/files\/2023\/10\/23\/Philip-Wahlberg_headshot-300x221.jpg 300w, https:\/\/news.sap.com\/sweden\/files\/2023\/10\/23\/Philip-Wahlberg_headshot-1024x755.jpg 1024w, https:\/\/news.sap.com\/sweden\/files\/2023\/10\/23\/Philip-Wahlberg_headshot-768x566.jpg 768w, https:\/\/news.sap.com\/sweden\/files\/2023\/10\/23\/Philip-Wahlberg_headshot-1536x1133.jpg 1536w, https:\/\/news.sap.com\/sweden\/files\/2023\/10\/23\/Philip-Wahlberg_headshot-2048x1510.jpg 2048w\" sizes=\"auto, (max-width: 300px) 100vw, 300px\" \/><figcaption id=\"caption-attachment-4456\" class=\"wp-caption-text\"><em>Philip Wahlberg, sytem-och h\u00e5llbarhetsansvarig, StepLock<\/em><\/figcaption><\/figure>\n<p>Arbetet startades under sensommaren 2022 och planen \u00e4r att 麻豆原创 S\/4HANA Public Cloud ska vara inf\u00f6rt innan \u00e5rsskiftet 2023-2024. Samtidigt valde de att digitalisera hela sin organisation med <a href=\"https:\/\/www.sap.com\/products\/erp\/grow.html\">GROW with 麻豆原创<\/a>. Alla cirka 100 medarbetare p\u00e5 StepLock kommer d\u00e5 att ber\u00f6ras, fr\u00e5n h\u00f6gsta ledningen till personal i produktionen.<\/p>\n<p><strong>Spretig flora av aff\u00e4rssystem<\/strong><\/p>\n<p>Processen har varit relativt l\u00e5ng och drivits p\u00e5 av de f\u00f6retagsf\u00f6rv\u00e4rv som gjorts de senaste \u00e5ren. F\u00f6rv\u00e4rvade verksamheter hade egna IT-l\u00f6sningar och efter hand f\u00f6rsv\u00e5rades det dagliga arbetet n\u00e4r allt fr\u00e5n ekonomi till artikelregister fanns i olika system.<\/p>\n<p>StepLock valde att b\u00f6rja med ett best practice-system och kommer sedan \u00f6ver tid att se vilka ytterligare produkter som beh\u00f6vs.<\/p>\n<p>\u2013 Vi har f\u00e5tt mycket hj\u00e4lp av 麻豆原创 med hur vi kan anv\u00e4nda olika l\u00f6sningar\u00a0i v\u00e5r verksamhetsutveckling. Det \u00e4r en stor trygghet att ha 麻豆原创 som leverant\u00f6r eftersom vi kan f\u00e5 support och st\u00f6d oavsett vilken region vi vill expandera till, s\u00e4ger Philip Wahlberg.<\/p>\n<figure id=\"attachment_4458\" aria-describedby=\"caption-attachment-4458\" style=\"width: 334px\" class=\"wp-caption alignnone\"><img loading=\"lazy\" decoding=\"async\" class=\"wp-image-4458 \" src=\"https:\/\/news.sap.com\/sweden\/files\/2023\/10\/23\/Olov-David-och-Fredrik-Stendal-300x229.png\" alt=\"\" width=\"334\" height=\"255\" srcset=\"https:\/\/news.sap.com\/sweden\/files\/2023\/10\/23\/Olov-David-och-Fredrik-Stendal-300x229.png 300w, https:\/\/news.sap.com\/sweden\/files\/2023\/10\/23\/Olov-David-och-Fredrik-Stendal-1024x781.png 1024w, https:\/\/news.sap.com\/sweden\/files\/2023\/10\/23\/Olov-David-och-Fredrik-Stendal-768x586.png 768w, https:\/\/news.sap.com\/sweden\/files\/2023\/10\/23\/Olov-David-och-Fredrik-Stendal-1536x1172.png 1536w, https:\/\/news.sap.com\/sweden\/files\/2023\/10\/23\/Olov-David-och-Fredrik-Stendal-2048x1562.png 2048w\" sizes=\"auto, (max-width: 334px) 100vw, 334px\" \/><figcaption id=\"caption-attachment-4458\" class=\"wp-caption-text\"><em>\u00c4garna tillika br\u00f6derna Fredrik, Olov och David Stendal, StepLock<\/em><\/figcaption><\/figure>\n<p>StepLock \u00e4r familje\u00e4gt och drivs av br\u00f6derna Fredrik, Olov och David Stendal. Den interna f\u00f6retagskulturen pr\u00e4glas av att alla arbetar n\u00e4ra varandra. Medarbetarna \u00e4r d\u00e4rf\u00f6r ofta involverade i beslut som vanligen enbart hamnar p\u00e5 ledningens bord, till exempel om produkter, marknadsf\u00f6ring och ekonomi. Visionen \u00e4r att bolaget ska forts\u00e4tta att v\u00e4xa till nya marknader internationellt, men att respektive avdelning sedan f\u00e5r avg\u00f6ra vad som beh\u00f6vs f\u00f6r att n\u00e5 m\u00e5len.<\/p>\n","protected":false},"excerpt":{"rendered":"<p>StepLock\u00a0\u00e4r experter p\u00e5 elektromekaniska l\u00e5s och passersystem med bas i V\u00e4ster\u00e5s. De senaste \u00e5ren har pr\u00e4glats av en kraftig expansion och StepLock beh\u00f6vde ett mer&#8230;<\/p>\n","protected":false},"author":29,"featured_media":4453,"comment_status":"closed","ping_status":"closed","sticky":false,"template":"","format":"standard","meta":{"footnotes":"","_links_to":"","_links_to_target":""},"categories":[4503881,4545414,4545758],"tags":[5563933,5563859,5563934,5563930,5563931,5563932,5563958],"sapn-display":[4544525,5564001,5564000,4547891],"sapn-type":[5562140],"class_list":["post-4452","post","type-post","status-publish","format-standard","has-post-thumbnail","hentry","category-ekosystem","category-kunder","category-losningar","tag-elektromekaniska-las","tag-grow-with-sap","tag-passersystem","tag-philip-wahlberg","tag-sap-s-4hana-public-cloud","tag-steplock","tag-we-are-proud-of","sapn-display-hero","sapn-display-artikel-favoriter","sapn-display-artikel-spotlight","sapn-display-homepage-hero","sapn-type-artikel"],"yoast_head":"<!-- This site is optimized with the Yoast SEO Premium plugin v26.9 (Yoast SEO v26.9) - https:\/\/yoast.com\/product\/yoast-seo-premium-wordpress\/ -->\n<title>Medarbetarna p\u00e5 StepLock bakom beslutet att satsa p\u00e5 麻豆原创:s aff\u00e4rssystem i molnet - 麻豆原创 Sweden Nyheter<\/title>\n<meta name=\"robots\" content=\"index, follow, max-snippet:-1, max-image-preview:large, max-video-preview:-1\" \/>\n<link rel=\"canonical\" href=\"https:\/\/news.sap.com\/sweden\/2023\/10\/medarbetarna-pa-steplock-bakom-beslutet-att-satsa-pa-saps-affarssystem-i-molnet\/\" \/>\n<meta property=\"og:locale\" content=\"sv_SE\" \/>\n<meta property=\"og:type\" content=\"article\" \/>\n<meta property=\"og:title\" content=\"Medarbetarna p\u00e5 StepLock bakom beslutet att satsa p\u00e5 麻豆原创:s aff\u00e4rssystem i molnet\" \/>\n<meta property=\"og:description\" content=\"StepLock\u00a0\u00e4r experter p\u00e5 elektromekaniska l\u00e5s och passersystem med bas i V\u00e4ster\u00e5s. De senaste \u00e5ren har pr\u00e4glats av en kraftig expansion och StepLock beh\u00f6vde ett mer...\" \/>\n<meta property=\"og:url\" content=\"https:\/\/news.sap.com\/sweden\/2023\/10\/medarbetarna-pa-steplock-bakom-beslutet-att-satsa-pa-saps-affarssystem-i-molnet\/\" \/>\n<meta property=\"og:site_name\" content=\"麻豆原创 Sweden Nyheter\" \/>\n<meta property=\"article:published_time\" content=\"2023-10-23T06:00:50+00:00\" \/>\n<meta property=\"article:modified_time\" content=\"2024-08-07T17:48:01+00:00\" \/>\n<meta property=\"og:image\" content=\"https:\/\/news.sap.com\/sweden\/files\/2023\/10\/19\/STEP-Styrenhet_F.jpg\" \/>\n\t<meta property=\"og:image:width\" content=\"1920\" \/>\n\t<meta property=\"og:image:height\" content=\"600\" \/>\n\t<meta property=\"og:image:type\" content=\"image\/jpeg\" \/>\n<meta name=\"author\" content=\"麻豆原创 News\" \/>\n<meta name=\"twitter:card\" content=\"summary_large_image\" \/>\n<meta name=\"twitter:label1\" content=\"Skriven av\" \/>\n\t<meta name=\"twitter:data1\" content=\"麻豆原创 News\" \/>\n\t<meta name=\"twitter:label2\" content=\"Ber\u00e4knad l\u00e4stid\" \/>\n\t<meta name=\"twitter:data2\" content=\"3 minuter\" \/>\n<script type=\"application\/ld+json\" class=\"yoast-schema-graph\">{\"@context\":\"https:\/\/schema.org\",\"@graph\":[{\"@type\":\"Article\",\"@id\":\"https:\/\/news.sap.com\/sweden\/2023\/10\/medarbetarna-pa-steplock-bakom-beslutet-att-satsa-pa-saps-affarssystem-i-molnet\/#article\",\"isPartOf\":{\"@id\":\"https:\/\/news.sap.com\/sweden\/2023\/10\/medarbetarna-pa-steplock-bakom-beslutet-att-satsa-pa-saps-affarssystem-i-molnet\/\"},\"author\":{\"name\":\"麻豆原创 News\",\"@id\":\"https:\/\/news.sap.com\/sweden\/#\/schema\/person\/53b9854bd790d6f18f3fc4bbb2ad7570\"},\"headline\":\"Medarbetarna p\u00e5 StepLock bakom beslutet att satsa p\u00e5 麻豆原创:s aff\u00e4rssystem i molnet\",\"datePublished\":\"2023-10-23T06:00:50+00:00\",\"dateModified\":\"2024-08-07T17:48:01+00:00\",\"mainEntityOfPage\":{\"@id\":\"https:\/\/news.sap.com\/sweden\/2023\/10\/medarbetarna-pa-steplock-bakom-beslutet-att-satsa-pa-saps-affarssystem-i-molnet\/\"},\"wordCount\":470,\"image\":{\"@id\":\"https:\/\/news.sap.com\/sweden\/2023\/10\/medarbetarna-pa-steplock-bakom-beslutet-att-satsa-pa-saps-affarssystem-i-molnet\/#primaryimage\"},\"thumbnailUrl\":\"https:\/\/news.sap.com\/sweden\/files\/2023\/10\/19\/STEP-Styrenhet_F.jpg\",\"keywords\":[\"elektromekaniska l\u00e5s\",\"GROW with 麻豆原创\",\"passersystem\",\"Philip Wahlberg\",\"麻豆原创 S\/4HANA Public Cloud\",\"StepLock\",\"We are proud of\"],\"articleSection\":[\"Ekosystem\",\"Kunder\",\"L\u00f6sningar\"],\"inLanguage\":\"sv-SE\"},{\"@type\":\"WebPage\",\"@id\":\"https:\/\/news.sap.com\/sweden\/2023\/10\/medarbetarna-pa-steplock-bakom-beslutet-att-satsa-pa-saps-affarssystem-i-molnet\/\",\"url\":\"https:\/\/news.sap.com\/sweden\/2023\/10\/medarbetarna-pa-steplock-bakom-beslutet-att-satsa-pa-saps-affarssystem-i-molnet\/\",\"name\":\"Medarbetarna p\u00e5 StepLock bakom beslutet att satsa p\u00e5 麻豆原创:s aff\u00e4rssystem i molnet - 麻豆原创 Sweden Nyheter\",\"isPartOf\":{\"@id\":\"https:\/\/news.sap.com\/sweden\/#website\"},\"primaryImageOfPage\":{\"@id\":\"https:\/\/news.sap.com\/sweden\/2023\/10\/medarbetarna-pa-steplock-bakom-beslutet-att-satsa-pa-saps-affarssystem-i-molnet\/#primaryimage\"},\"image\":{\"@id\":\"https:\/\/news.sap.com\/sweden\/2023\/10\/medarbetarna-pa-steplock-bakom-beslutet-att-satsa-pa-saps-affarssystem-i-molnet\/#primaryimage\"},\"thumbnailUrl\":\"https:\/\/news.sap.com\/sweden\/files\/2023\/10\/19\/STEP-Styrenhet_F.jpg\",\"datePublished\":\"2023-10-23T06:00:50+00:00\",\"dateModified\":\"2024-08-07T17:48:01+00:00\",\"author\":{\"@id\":\"https:\/\/news.sap.com\/sweden\/#\/schema\/person\/53b9854bd790d6f18f3fc4bbb2ad7570\"},\"breadcrumb\":{\"@id\":\"https:\/\/news.sap.com\/sweden\/2023\/10\/medarbetarna-pa-steplock-bakom-beslutet-att-satsa-pa-saps-affarssystem-i-molnet\/#breadcrumb\"},\"inLanguage\":\"sv-SE\",\"potentialAction\":[{\"@type\":\"ReadAction\",\"target\":[\"https:\/\/news.sap.com\/sweden\/2023\/10\/medarbetarna-pa-steplock-bakom-beslutet-att-satsa-pa-saps-affarssystem-i-molnet\/\"]}]},{\"@type\":\"ImageObject\",\"inLanguage\":\"sv-SE\",\"@id\":\"https:\/\/news.sap.com\/sweden\/2023\/10\/medarbetarna-pa-steplock-bakom-beslutet-att-satsa-pa-saps-affarssystem-i-molnet\/#primaryimage\",\"url\":\"https:\/\/news.sap.com\/sweden\/files\/2023\/10\/19\/STEP-Styrenhet_F.jpg\",\"contentUrl\":\"https:\/\/news.sap.com\/sweden\/files\/2023\/10\/19\/STEP-Styrenhet_F.jpg\",\"width\":1920,\"height\":600},{\"@type\":\"BreadcrumbList\",\"@id\":\"https:\/\/news.sap.com\/sweden\/2023\/10\/medarbetarna-pa-steplock-bakom-beslutet-att-satsa-pa-saps-affarssystem-i-molnet\/#breadcrumb\",\"itemListElement\":[{\"@type\":\"ListItem\",\"position\":1,\"name\":\"Home\",\"item\":\"https:\/\/news.sap.com\/sweden\/\"},{\"@type\":\"ListItem\",\"position\":2,\"name\":\"Medarbetarna p\u00e5 StepLock bakom beslutet att satsa p\u00e5 麻豆原创:s aff\u00e4rssystem i molnet\"}]},{\"@type\":\"WebSite\",\"@id\":\"https:\/\/news.sap.com\/sweden\/#website\",\"url\":\"https:\/\/news.sap.com\/sweden\/\",\"name\":\"麻豆原创 Sweden Nyheter\",\"description\":\"Nyheter och information om 麻豆原创\",\"potentialAction\":[{\"@type\":\"SearchAction\",\"target\":{\"@type\":\"EntryPoint\",\"urlTemplate\":\"https:\/\/news.sap.com\/sweden\/?s={search_term_string}\"},\"query-input\":{\"@type\":\"PropertyValueSpecification\",\"valueRequired\":true,\"valueName\":\"search_term_string\"}}],\"inLanguage\":\"sv-SE\"},{\"@type\":\"Person\",\"@id\":\"https:\/\/news.sap.com\/sweden\/#\/schema\/person\/53b9854bd790d6f18f3fc4bbb2ad7570\",\"name\":\"麻豆原创 News\",\"image\":{\"@type\":\"ImageObject\",\"inLanguage\":\"sv-SE\",\"@id\":\"https:\/\/news.sap.com\/sweden\/#\/schema\/person\/image\/\",\"url\":\"https:\/\/news.sap.com\/sweden\/wp-content\/plugins\/wp-user-avatars\/wp-user-avatars\/assets\/images\/mystery.jpg\",\"contentUrl\":\"https:\/\/news.sap.com\/sweden\/wp-content\/plugins\/wp-user-avatars\/wp-user-avatars\/assets\/images\/mystery.jpg\",\"caption\":\"麻豆原创 News\"},\"url\":\"https:\/\/news.sap.com\/sweden\/author\/colleenraftery\/\"}]}<\/script>\n<!-- \/ Yoast SEO Premium plugin. -->","yoast_head_json":{"title":"Medarbetarna p\u00e5 StepLock bakom beslutet att satsa p\u00e5 麻豆原创:s aff\u00e4rssystem i molnet - 麻豆原创 Sweden Nyheter","robots":{"index":"index","follow":"follow","max-snippet":"max-snippet:-1","max-image-preview":"max-image-preview:large","max-video-preview":"max-video-preview:-1"},"canonical":"https:\/\/news.sap.com\/sweden\/2023\/10\/medarbetarna-pa-steplock-bakom-beslutet-att-satsa-pa-saps-affarssystem-i-molnet\/","og_locale":"sv_SE","og_type":"article","og_title":"Medarbetarna p\u00e5 StepLock bakom beslutet att satsa p\u00e5 麻豆原创:s aff\u00e4rssystem i molnet","og_description":"StepLock\u00a0\u00e4r experter p\u00e5 elektromekaniska l\u00e5s och passersystem med bas i V\u00e4ster\u00e5s. De senaste \u00e5ren har pr\u00e4glats av en kraftig expansion och StepLock beh\u00f6vde ett mer...","og_url":"https:\/\/news.sap.com\/sweden\/2023\/10\/medarbetarna-pa-steplock-bakom-beslutet-att-satsa-pa-saps-affarssystem-i-molnet\/","og_site_name":"麻豆原创 Sweden Nyheter","article_published_time":"2023-10-23T06:00:50+00:00","article_modified_time":"2024-08-07T17:48:01+00:00","og_image":[{"width":1920,"height":600,"url":"https:\/\/news.sap.com\/sweden\/files\/2023\/10\/19\/STEP-Styrenhet_F.jpg","type":"image\/jpeg"}],"author":"麻豆原创 News","twitter_card":"summary_large_image","twitter_misc":{"Skriven av":"麻豆原创 News","Ber\u00e4knad l\u00e4stid":"3 minuter"},"schema":{"@context":"https:\/\/schema.org","@graph":[{"@type":"Article","@id":"https:\/\/news.sap.com\/sweden\/2023\/10\/medarbetarna-pa-steplock-bakom-beslutet-att-satsa-pa-saps-affarssystem-i-molnet\/#article","isPartOf":{"@id":"https:\/\/news.sap.com\/sweden\/2023\/10\/medarbetarna-pa-steplock-bakom-beslutet-att-satsa-pa-saps-affarssystem-i-molnet\/"},"author":{"name":"麻豆原创 News","@id":"https:\/\/news.sap.com\/sweden\/#\/schema\/person\/53b9854bd790d6f18f3fc4bbb2ad7570"},"headline":"Medarbetarna p\u00e5 StepLock bakom beslutet att satsa p\u00e5 麻豆原创:s aff\u00e4rssystem i molnet","datePublished":"2023-10-23T06:00:50+00:00","dateModified":"2024-08-07T17:48:01+00:00","mainEntityOfPage":{"@id":"https:\/\/news.sap.com\/sweden\/2023\/10\/medarbetarna-pa-steplock-bakom-beslutet-att-satsa-pa-saps-affarssystem-i-molnet\/"},"wordCount":470,"image":{"@id":"https:\/\/news.sap.com\/sweden\/2023\/10\/medarbetarna-pa-steplock-bakom-beslutet-att-satsa-pa-saps-affarssystem-i-molnet\/#primaryimage"},"thumbnailUrl":"https:\/\/news.sap.com\/sweden\/files\/2023\/10\/19\/STEP-Styrenhet_F.jpg","keywords":["elektromekaniska l\u00e5s","GROW with 麻豆原创","passersystem","Philip Wahlberg","麻豆原创 S\/4HANA Public Cloud","StepLock","We are proud of"],"articleSection":["Ekosystem","Kunder","L\u00f6sningar"],"inLanguage":"sv-SE"},{"@type":"WebPage","@id":"https:\/\/news.sap.com\/sweden\/2023\/10\/medarbetarna-pa-steplock-bakom-beslutet-att-satsa-pa-saps-affarssystem-i-molnet\/","url":"https:\/\/news.sap.com\/sweden\/2023\/10\/medarbetarna-pa-steplock-bakom-beslutet-att-satsa-pa-saps-affarssystem-i-molnet\/","name":"Medarbetarna p\u00e5 StepLock bakom beslutet att satsa p\u00e5 麻豆原创:s aff\u00e4rssystem i molnet - 麻豆原创 Sweden Nyheter","isPartOf":{"@id":"https:\/\/news.sap.com\/sweden\/#website"},"primaryImageOfPage":{"@id":"https:\/\/news.sap.com\/sweden\/2023\/10\/medarbetarna-pa-steplock-bakom-beslutet-att-satsa-pa-saps-affarssystem-i-molnet\/#primaryimage"},"image":{"@id":"https:\/\/news.sap.com\/sweden\/2023\/10\/medarbetarna-pa-steplock-bakom-beslutet-att-satsa-pa-saps-affarssystem-i-molnet\/#primaryimage"},"thumbnailUrl":"https:\/\/news.sap.com\/sweden\/files\/2023\/10\/19\/STEP-Styrenhet_F.jpg","datePublished":"2023-10-23T06:00:50+00:00","dateModified":"2024-08-07T17:48:01+00:00","author":{"@id":"https:\/\/news.sap.com\/sweden\/#\/schema\/person\/53b9854bd790d6f18f3fc4bbb2ad7570"},"breadcrumb":{"@id":"https:\/\/news.sap.com\/sweden\/2023\/10\/medarbetarna-pa-steplock-bakom-beslutet-att-satsa-pa-saps-affarssystem-i-molnet\/#breadcrumb"},"inLanguage":"sv-SE","potentialAction":[{"@type":"ReadAction","target":["https:\/\/news.sap.com\/sweden\/2023\/10\/medarbetarna-pa-steplock-bakom-beslutet-att-satsa-pa-saps-affarssystem-i-molnet\/"]}]},{"@type":"ImageObject","inLanguage":"sv-SE","@id":"https:\/\/news.sap.com\/sweden\/2023\/10\/medarbetarna-pa-steplock-bakom-beslutet-att-satsa-pa-saps-affarssystem-i-molnet\/#primaryimage","url":"https:\/\/news.sap.com\/sweden\/files\/2023\/10\/19\/STEP-Styrenhet_F.jpg","contentUrl":"https:\/\/news.sap.com\/sweden\/files\/2023\/10\/19\/STEP-Styrenhet_F.jpg","width":1920,"height":600},{"@type":"BreadcrumbList","@id":"https:\/\/news.sap.com\/sweden\/2023\/10\/medarbetarna-pa-steplock-bakom-beslutet-att-satsa-pa-saps-affarssystem-i-molnet\/#breadcrumb","itemListElement":[{"@type":"ListItem","position":1,"name":"Home","item":"https:\/\/news.sap.com\/sweden\/"},{"@type":"ListItem","position":2,"name":"Medarbetarna p\u00e5 StepLock bakom beslutet att satsa p\u00e5 麻豆原创:s aff\u00e4rssystem i molnet"}]},{"@type":"WebSite","@id":"https:\/\/news.sap.com\/sweden\/#website","url":"https:\/\/news.sap.com\/sweden\/","name":"麻豆原创 Sweden Nyheter","description":"Nyheter och information om 麻豆原创","potentialAction":[{"@type":"SearchAction","target":{"@type":"EntryPoint","urlTemplate":"https:\/\/news.sap.com\/sweden\/?s={search_term_string}"},"query-input":{"@type":"PropertyValueSpecification","valueRequired":true,"valueName":"search_term_string"}}],"inLanguage":"sv-SE"},{"@type":"Person","@id":"https:\/\/news.sap.com\/sweden\/#\/schema\/person\/53b9854bd790d6f18f3fc4bbb2ad7570","name":"麻豆原创 News","image":{"@type":"ImageObject","inLanguage":"sv-SE","@id":"https:\/\/news.sap.com\/sweden\/#\/schema\/person\/image\/","url":"https:\/\/news.sap.com\/sweden\/wp-content\/plugins\/wp-user-avatars\/wp-user-avatars\/assets\/images\/mystery.jpg","contentUrl":"https:\/\/news.sap.com\/sweden\/wp-content\/plugins\/wp-user-avatars\/wp-user-avatars\/assets\/images\/mystery.jpg","caption":"麻豆原创 News"},"url":"https:\/\/news.sap.com\/sweden\/author\/colleenraftery\/"}]}},"amp_enabled":true,"_links":{"self":[{"href":"https:\/\/news.sap.com\/sweden\/wp-json\/wp\/v2\/posts\/4452","targetHints":{"allow":["GET"]}}],"collection":[{"href":"https:\/\/news.sap.com\/sweden\/wp-json\/wp\/v2\/posts"}],"about":[{"href":"https:\/\/news.sap.com\/sweden\/wp-json\/wp\/v2\/types\/post"}],"author":[{"embeddable":true,"href":"https:\/\/news.sap.com\/sweden\/wp-json\/wp\/v2\/users\/29"}],"replies":[{"embeddable":true,"href":"https:\/\/news.sap.com\/sweden\/wp-json\/wp\/v2\/comments?post=4452"}],"version-history":[{"count":0,"href":"https:\/\/news.sap.com\/sweden\/wp-json\/wp\/v2\/posts\/4452\/revisions"}],"wp:featuredmedia":[{"embeddable":true,"href":"https:\/\/news.sap.com\/sweden\/wp-json\/wp\/v2\/media\/4453"}],"wp:attachment":[{"href":"https:\/\/news.sap.com\/sweden\/wp-json\/wp\/v2\/media?parent=4452"}],"wp:term":[{"taxonomy":"category","embeddable":true,"href":"https:\/\/news.sap.com\/sweden\/wp-json\/wp\/v2\/categories?post=4452"},{"taxonomy":"post_tag","embeddable":true,"href":"https:\/\/news.sap.com\/sweden\/wp-json\/wp\/v2\/tags?post=4452"},{"taxonomy":"sapn-display","embeddable":true,"href":"https:\/\/news.sap.com\/sweden\/wp-json\/wp\/v2\/sapn-display?post=4452"},{"taxonomy":"sapn-type","embeddable":true,"href":"https:\/\/news.sap.com\/sweden\/wp-json\/wp\/v2\/sapn-type?post=4452"}],"curies":[{"name":"wp","href":"https:\/\/api.w.org\/{rel}","templated":true}]}}