  {"id":4416,"date":"2023-09-15T09:18:48","date_gmt":"2023-09-15T07:18:48","guid":{"rendered":"https:\/\/news.sap.com\/sweden\/?p=4416"},"modified":"2024-08-07T19:09:53","modified_gmt":"2024-08-07T17:09:53","slug":"enterprise-digital-transformation-som-drivs-av-5g-och-ai","status":"publish","type":"post","link":"https:\/\/news.sap.com\/sweden\/2023\/09\/enterprise-digital-transformation-som-drivs-av-5g-och-ai\/","title":{"rendered":"Enterprise digital transformation som drivs av 5G och AI"},"content":{"rendered":"<p>I den h\u00e4r <a href=\"https:\/\/www.ericsson.com\/en\/about-us\/new-world-of-possibilities\/cto-focus-session\">podden (CTO Focus session av Ericsson)<\/a> diskuterar <a href=\"https:\/\/www.ericsson.com\/en\/about-us\/corporate-governance\/management\/erik-ekudden\">Erik Ekudden<\/a>, Group CTO p\u00e5 Ericsson, och <a href=\"https:\/\/www.sap.com\/about\/company\/leadership\/juergen-mueller.html\">Juergen Mueller<\/a>, CTO och styrelsemedlem i 麻豆原创, hur f\u00f6retag inom alla branscher arbetar med digital transformation. De lyfter fram den roll som 5G och artificiell intelligens (AI) spelar i digitaliseringen \u2013 och betonar hur viktigt det \u00e4r med datainsamling och bearbetning i realtid f\u00f6r organisationer som vill bli mer datadrivna.<\/p>\n<p>I podden g\u00e5r Erik och Juergen igenom den \u00f6kande efterfr\u00e5gan p\u00e5 h\u00f6gpresterande 5G-anslutning och 5G-kapacitet fr\u00e5n utvecklare som anv\u00e4nder \u00f6ppna n\u00e4tverks-API:er. Ett annat diskussions\u00e4mne handlar om hur AI och maskininl\u00e4rning (machine learning) spelar en avg\u00f6rande roll f\u00f6r att automatisera processer, f\u00f6rb\u00e4ttra kundupplevelser, optimera verksamheten och fatta datadrivna beslut.<\/p>\n<p>Erik och Juergen lyfter fram att partnerskap \u00e4r avg\u00f6rande f\u00f6r att \u00f6ppna nya digitala aff\u00e4rsm\u00f6jligheter \u2013 och hur Ericsson och 麻豆原创 tillsammans ska arbeta f\u00f6r att st\u00f6dja f\u00f6retag i deras digitala transformationsresa.<\/p>\n<p><a href=\"https:\/\/www.ericsson.com\/en\/about-us\/new-world-of-possibilities\/cto-focus-session\">Technology thought leadership CTO focus sessions &#8211; Ericsson<\/a><\/p>\n","protected":false},"excerpt":{"rendered":"<p>I den h\u00e4r podden (CTO Focus session av Ericsson) diskuterar Erik Ekudden, Group CTO p\u00e5 Ericsson, och Juergen Mueller, CTO och styrelsemedlem i 麻豆原创, hur&#8230;<\/p>\n","protected":false},"author":29,"featured_media":4417,"comment_status":"closed","ping_status":"closed","sticky":false,"template":"","format":"standard","meta":{"footnotes":"","_links_to":"","_links_to_target":""},"categories":[4503881,4545414],"tags":[5563920,5562331,5563250,5563919,5563921,5562255],"sapn-display":[4544525,4547891],"sapn-type":[5563292],"class_list":["post-4416","post","type-post","status-publish","format-standard","has-post-thumbnail","hentry","category-ekosystem","category-kunder","tag-5g","tag-ai","tag-digital-transformation","tag-ericsson","tag-generative-ai","tag-sap","sapn-display-hero","sapn-display-homepage-hero","sapn-type-podcast"],"yoast_head":"<!-- This site is optimized with the Yoast SEO Premium plugin v26.9 (Yoast SEO v26.9) - https:\/\/yoast.com\/product\/yoast-seo-premium-wordpress\/ -->\n<title>Enterprise digital transformation som drivs av 5G och AI - 麻豆原创 Sweden Nyheter<\/title>\n<meta name=\"robots\" content=\"index, follow, max-snippet:-1, max-image-preview:large, max-video-preview:-1\" \/>\n<link rel=\"canonical\" href=\"https:\/\/news.sap.com\/sweden\/2023\/09\/enterprise-digital-transformation-som-drivs-av-5g-och-ai\/\" \/>\n<meta property=\"og:locale\" content=\"sv_SE\" \/>\n<meta property=\"og:type\" content=\"article\" \/>\n<meta property=\"og:title\" content=\"Enterprise digital transformation som drivs av 5G och AI\" \/>\n<meta property=\"og:description\" content=\"I den h\u00e4r podden (CTO Focus session av Ericsson) diskuterar Erik Ekudden, Group CTO p\u00e5 Ericsson, och Juergen Mueller, CTO och styrelsemedlem i 麻豆原创, hur...\" \/>\n<meta property=\"og:url\" content=\"https:\/\/news.sap.com\/sweden\/2023\/09\/enterprise-digital-transformation-som-drivs-av-5g-och-ai\/\" \/>\n<meta property=\"og:site_name\" content=\"麻豆原创 Sweden Nyheter\" \/>\n<meta property=\"article:published_time\" content=\"2023-09-15T07:18:48+00:00\" \/>\n<meta property=\"article:modified_time\" content=\"2024-08-07T17:09:53+00:00\" \/>\n<meta property=\"og:image\" content=\"https:\/\/news.sap.com\/sweden\/files\/2023\/09\/15\/287937_GettyImages-1063745878_F-Ericsson-CTO-FS.jpg\" \/>\n\t<meta property=\"og:image:width\" content=\"1920\" \/>\n\t<meta property=\"og:image:height\" content=\"600\" \/>\n\t<meta property=\"og:image:type\" content=\"image\/jpeg\" \/>\n<meta name=\"author\" content=\"麻豆原创 News\" \/>\n<meta name=\"twitter:card\" content=\"summary_large_image\" \/>\n<meta name=\"twitter:label1\" content=\"Skriven av\" \/>\n\t<meta name=\"twitter:data1\" content=\"麻豆原创 News\" \/>\n\t<meta name=\"twitter:label2\" content=\"Ber\u00e4knad l\u00e4stid\" \/>\n\t<meta name=\"twitter:data2\" content=\"1 minut\" \/>\n<script type=\"application\/ld+json\" class=\"yoast-schema-graph\">{\"@context\":\"https:\/\/schema.org\",\"@graph\":[{\"@type\":\"Article\",\"@id\":\"https:\/\/news.sap.com\/sweden\/2023\/09\/enterprise-digital-transformation-som-drivs-av-5g-och-ai\/#article\",\"isPartOf\":{\"@id\":\"https:\/\/news.sap.com\/sweden\/2023\/09\/enterprise-digital-transformation-som-drivs-av-5g-och-ai\/\"},\"author\":{\"name\":\"麻豆原创 News\",\"@id\":\"https:\/\/news.sap.com\/sweden\/#\/schema\/person\/53b9854bd790d6f18f3fc4bbb2ad7570\"},\"headline\":\"Enterprise digital transformation som drivs av 5G och AI\",\"datePublished\":\"2023-09-15T07:18:48+00:00\",\"dateModified\":\"2024-08-07T17:09:53+00:00\",\"mainEntityOfPage\":{\"@id\":\"https:\/\/news.sap.com\/sweden\/2023\/09\/enterprise-digital-transformation-som-drivs-av-5g-och-ai\/\"},\"wordCount\":185,\"image\":{\"@id\":\"https:\/\/news.sap.com\/sweden\/2023\/09\/enterprise-digital-transformation-som-drivs-av-5g-och-ai\/#primaryimage\"},\"thumbnailUrl\":\"https:\/\/news.sap.com\/sweden\/files\/2023\/09\/15\/287937_GettyImages-1063745878_F-Ericsson-CTO-FS.jpg\",\"keywords\":[\"5G\",\"ai\",\"digital transformation\",\"Ericsson\",\"Generative AI\",\"sap\"],\"articleSection\":[\"Ekosystem\",\"Kunder\"],\"inLanguage\":\"sv-SE\"},{\"@type\":\"WebPage\",\"@id\":\"https:\/\/news.sap.com\/sweden\/2023\/09\/enterprise-digital-transformation-som-drivs-av-5g-och-ai\/\",\"url\":\"https:\/\/news.sap.com\/sweden\/2023\/09\/enterprise-digital-transformation-som-drivs-av-5g-och-ai\/\",\"name\":\"Enterprise digital transformation som drivs av 5G och AI - 麻豆原创 Sweden Nyheter\",\"isPartOf\":{\"@id\":\"https:\/\/news.sap.com\/sweden\/#website\"},\"primaryImageOfPage\":{\"@id\":\"https:\/\/news.sap.com\/sweden\/2023\/09\/enterprise-digital-transformation-som-drivs-av-5g-och-ai\/#primaryimage\"},\"image\":{\"@id\":\"https:\/\/news.sap.com\/sweden\/2023\/09\/enterprise-digital-transformation-som-drivs-av-5g-och-ai\/#primaryimage\"},\"thumbnailUrl\":\"https:\/\/news.sap.com\/sweden\/files\/2023\/09\/15\/287937_GettyImages-1063745878_F-Ericsson-CTO-FS.jpg\",\"datePublished\":\"2023-09-15T07:18:48+00:00\",\"dateModified\":\"2024-08-07T17:09:53+00:00\",\"author\":{\"@id\":\"https:\/\/news.sap.com\/sweden\/#\/schema\/person\/53b9854bd790d6f18f3fc4bbb2ad7570\"},\"breadcrumb\":{\"@id\":\"https:\/\/news.sap.com\/sweden\/2023\/09\/enterprise-digital-transformation-som-drivs-av-5g-och-ai\/#breadcrumb\"},\"inLanguage\":\"sv-SE\",\"potentialAction\":[{\"@type\":\"ReadAction\",\"target\":[\"https:\/\/news.sap.com\/sweden\/2023\/09\/enterprise-digital-transformation-som-drivs-av-5g-och-ai\/\"]}]},{\"@type\":\"ImageObject\",\"inLanguage\":\"sv-SE\",\"@id\":\"https:\/\/news.sap.com\/sweden\/2023\/09\/enterprise-digital-transformation-som-drivs-av-5g-och-ai\/#primaryimage\",\"url\":\"https:\/\/news.sap.com\/sweden\/files\/2023\/09\/15\/287937_GettyImages-1063745878_F-Ericsson-CTO-FS.jpg\",\"contentUrl\":\"https:\/\/news.sap.com\/sweden\/files\/2023\/09\/15\/287937_GettyImages-1063745878_F-Ericsson-CTO-FS.jpg\",\"width\":1920,\"height\":600},{\"@type\":\"BreadcrumbList\",\"@id\":\"https:\/\/news.sap.com\/sweden\/2023\/09\/enterprise-digital-transformation-som-drivs-av-5g-och-ai\/#breadcrumb\",\"itemListElement\":[{\"@type\":\"ListItem\",\"position\":1,\"name\":\"Home\",\"item\":\"https:\/\/news.sap.com\/sweden\/\"},{\"@type\":\"ListItem\",\"position\":2,\"name\":\"Enterprise digital transformation som drivs av 5G och AI\"}]},{\"@type\":\"WebSite\",\"@id\":\"https:\/\/news.sap.com\/sweden\/#website\",\"url\":\"https:\/\/news.sap.com\/sweden\/\",\"name\":\"麻豆原创 Sweden Nyheter\",\"description\":\"Nyheter och information om 麻豆原创\",\"potentialAction\":[{\"@type\":\"SearchAction\",\"target\":{\"@type\":\"EntryPoint\",\"urlTemplate\":\"https:\/\/news.sap.com\/sweden\/?s={search_term_string}\"},\"query-input\":{\"@type\":\"PropertyValueSpecification\",\"valueRequired\":true,\"valueName\":\"search_term_string\"}}],\"inLanguage\":\"sv-SE\"},{\"@type\":\"Person\",\"@id\":\"https:\/\/news.sap.com\/sweden\/#\/schema\/person\/53b9854bd790d6f18f3fc4bbb2ad7570\",\"name\":\"麻豆原创 News\",\"image\":{\"@type\":\"ImageObject\",\"inLanguage\":\"sv-SE\",\"@id\":\"https:\/\/news.sap.com\/sweden\/#\/schema\/person\/image\/\",\"url\":\"https:\/\/news.sap.com\/sweden\/wp-content\/plugins\/wp-user-avatars\/wp-user-avatars\/assets\/images\/mystery.jpg\",\"contentUrl\":\"https:\/\/news.sap.com\/sweden\/wp-content\/plugins\/wp-user-avatars\/wp-user-avatars\/assets\/images\/mystery.jpg\",\"caption\":\"麻豆原创 News\"},\"url\":\"https:\/\/news.sap.com\/sweden\/author\/colleenraftery\/\"}]}<\/script>\n<!-- \/ Yoast SEO Premium plugin. -->","yoast_head_json":{"title":"Enterprise digital transformation som drivs av 5G och AI - 麻豆原创 Sweden Nyheter","robots":{"index":"index","follow":"follow","max-snippet":"max-snippet:-1","max-image-preview":"max-image-preview:large","max-video-preview":"max-video-preview:-1"},"canonical":"https:\/\/news.sap.com\/sweden\/2023\/09\/enterprise-digital-transformation-som-drivs-av-5g-och-ai\/","og_locale":"sv_SE","og_type":"article","og_title":"Enterprise digital transformation som drivs av 5G och AI","og_description":"I den h\u00e4r podden (CTO Focus session av Ericsson) diskuterar Erik Ekudden, Group CTO p\u00e5 Ericsson, och Juergen Mueller, CTO och styrelsemedlem i 麻豆原创, hur...","og_url":"https:\/\/news.sap.com\/sweden\/2023\/09\/enterprise-digital-transformation-som-drivs-av-5g-och-ai\/","og_site_name":"麻豆原创 Sweden Nyheter","article_published_time":"2023-09-15T07:18:48+00:00","article_modified_time":"2024-08-07T17:09:53+00:00","og_image":[{"width":1920,"height":600,"url":"https:\/\/news.sap.com\/sweden\/files\/2023\/09\/15\/287937_GettyImages-1063745878_F-Ericsson-CTO-FS.jpg","type":"image\/jpeg"}],"author":"麻豆原创 News","twitter_card":"summary_large_image","twitter_misc":{"Skriven av":"麻豆原创 News","Ber\u00e4knad l\u00e4stid":"1 minut"},"schema":{"@context":"https:\/\/schema.org","@graph":[{"@type":"Article","@id":"https:\/\/news.sap.com\/sweden\/2023\/09\/enterprise-digital-transformation-som-drivs-av-5g-och-ai\/#article","isPartOf":{"@id":"https:\/\/news.sap.com\/sweden\/2023\/09\/enterprise-digital-transformation-som-drivs-av-5g-och-ai\/"},"author":{"name":"麻豆原创 News","@id":"https:\/\/news.sap.com\/sweden\/#\/schema\/person\/53b9854bd790d6f18f3fc4bbb2ad7570"},"headline":"Enterprise digital transformation som drivs av 5G och AI","datePublished":"2023-09-15T07:18:48+00:00","dateModified":"2024-08-07T17:09:53+00:00","mainEntityOfPage":{"@id":"https:\/\/news.sap.com\/sweden\/2023\/09\/enterprise-digital-transformation-som-drivs-av-5g-och-ai\/"},"wordCount":185,"image":{"@id":"https:\/\/news.sap.com\/sweden\/2023\/09\/enterprise-digital-transformation-som-drivs-av-5g-och-ai\/#primaryimage"},"thumbnailUrl":"https:\/\/news.sap.com\/sweden\/files\/2023\/09\/15\/287937_GettyImages-1063745878_F-Ericsson-CTO-FS.jpg","keywords":["5G","ai","digital transformation","Ericsson","Generative AI","sap"],"articleSection":["Ekosystem","Kunder"],"inLanguage":"sv-SE"},{"@type":"WebPage","@id":"https:\/\/news.sap.com\/sweden\/2023\/09\/enterprise-digital-transformation-som-drivs-av-5g-och-ai\/","url":"https:\/\/news.sap.com\/sweden\/2023\/09\/enterprise-digital-transformation-som-drivs-av-5g-och-ai\/","name":"Enterprise digital transformation som drivs av 5G och AI - 麻豆原创 Sweden Nyheter","isPartOf":{"@id":"https:\/\/news.sap.com\/sweden\/#website"},"primaryImageOfPage":{"@id":"https:\/\/news.sap.com\/sweden\/2023\/09\/enterprise-digital-transformation-som-drivs-av-5g-och-ai\/#primaryimage"},"image":{"@id":"https:\/\/news.sap.com\/sweden\/2023\/09\/enterprise-digital-transformation-som-drivs-av-5g-och-ai\/#primaryimage"},"thumbnailUrl":"https:\/\/news.sap.com\/sweden\/files\/2023\/09\/15\/287937_GettyImages-1063745878_F-Ericsson-CTO-FS.jpg","datePublished":"2023-09-15T07:18:48+00:00","dateModified":"2024-08-07T17:09:53+00:00","author":{"@id":"https:\/\/news.sap.com\/sweden\/#\/schema\/person\/53b9854bd790d6f18f3fc4bbb2ad7570"},"breadcrumb":{"@id":"https:\/\/news.sap.com\/sweden\/2023\/09\/enterprise-digital-transformation-som-drivs-av-5g-och-ai\/#breadcrumb"},"inLanguage":"sv-SE","potentialAction":[{"@type":"ReadAction","target":["https:\/\/news.sap.com\/sweden\/2023\/09\/enterprise-digital-transformation-som-drivs-av-5g-och-ai\/"]}]},{"@type":"ImageObject","inLanguage":"sv-SE","@id":"https:\/\/news.sap.com\/sweden\/2023\/09\/enterprise-digital-transformation-som-drivs-av-5g-och-ai\/#primaryimage","url":"https:\/\/news.sap.com\/sweden\/files\/2023\/09\/15\/287937_GettyImages-1063745878_F-Ericsson-CTO-FS.jpg","contentUrl":"https:\/\/news.sap.com\/sweden\/files\/2023\/09\/15\/287937_GettyImages-1063745878_F-Ericsson-CTO-FS.jpg","width":1920,"height":600},{"@type":"BreadcrumbList","@id":"https:\/\/news.sap.com\/sweden\/2023\/09\/enterprise-digital-transformation-som-drivs-av-5g-och-ai\/#breadcrumb","itemListElement":[{"@type":"ListItem","position":1,"name":"Home","item":"https:\/\/news.sap.com\/sweden\/"},{"@type":"ListItem","position":2,"name":"Enterprise digital transformation som drivs av 5G och AI"}]},{"@type":"WebSite","@id":"https:\/\/news.sap.com\/sweden\/#website","url":"https:\/\/news.sap.com\/sweden\/","name":"麻豆原创 Sweden Nyheter","description":"Nyheter och information om 麻豆原创","potentialAction":[{"@type":"SearchAction","target":{"@type":"EntryPoint","urlTemplate":"https:\/\/news.sap.com\/sweden\/?s={search_term_string}"},"query-input":{"@type":"PropertyValueSpecification","valueRequired":true,"valueName":"search_term_string"}}],"inLanguage":"sv-SE"},{"@type":"Person","@id":"https:\/\/news.sap.com\/sweden\/#\/schema\/person\/53b9854bd790d6f18f3fc4bbb2ad7570","name":"麻豆原创 News","image":{"@type":"ImageObject","inLanguage":"sv-SE","@id":"https:\/\/news.sap.com\/sweden\/#\/schema\/person\/image\/","url":"https:\/\/news.sap.com\/sweden\/wp-content\/plugins\/wp-user-avatars\/wp-user-avatars\/assets\/images\/mystery.jpg","contentUrl":"https:\/\/news.sap.com\/sweden\/wp-content\/plugins\/wp-user-avatars\/wp-user-avatars\/assets\/images\/mystery.jpg","caption":"麻豆原创 News"},"url":"https:\/\/news.sap.com\/sweden\/author\/colleenraftery\/"}]}},"amp_enabled":true,"_links":{"self":[{"href":"https:\/\/news.sap.com\/sweden\/wp-json\/wp\/v2\/posts\/4416","targetHints":{"allow":["GET"]}}],"collection":[{"href":"https:\/\/news.sap.com\/sweden\/wp-json\/wp\/v2\/posts"}],"about":[{"href":"https:\/\/news.sap.com\/sweden\/wp-json\/wp\/v2\/types\/post"}],"author":[{"embeddable":true,"href":"https:\/\/news.sap.com\/sweden\/wp-json\/wp\/v2\/users\/29"}],"replies":[{"embeddable":true,"href":"https:\/\/news.sap.com\/sweden\/wp-json\/wp\/v2\/comments?post=4416"}],"version-history":[{"count":0,"href":"https:\/\/news.sap.com\/sweden\/wp-json\/wp\/v2\/posts\/4416\/revisions"}],"wp:featuredmedia":[{"embeddable":true,"href":"https:\/\/news.sap.com\/sweden\/wp-json\/wp\/v2\/media\/4417"}],"wp:attachment":[{"href":"https:\/\/news.sap.com\/sweden\/wp-json\/wp\/v2\/media?parent=4416"}],"wp:term":[{"taxonomy":"category","embeddable":true,"href":"https:\/\/news.sap.com\/sweden\/wp-json\/wp\/v2\/categories?post=4416"},{"taxonomy":"post_tag","embeddable":true,"href":"https:\/\/news.sap.com\/sweden\/wp-json\/wp\/v2\/tags?post=4416"},{"taxonomy":"sapn-display","embeddable":true,"href":"https:\/\/news.sap.com\/sweden\/wp-json\/wp\/v2\/sapn-display?post=4416"},{"taxonomy":"sapn-type","embeddable":true,"href":"https:\/\/news.sap.com\/sweden\/wp-json\/wp\/v2\/sapn-type?post=4416"}],"curies":[{"name":"wp","href":"https:\/\/api.w.org\/{rel}","templated":true}]}}