  {"id":3764,"date":"2023-07-07T09:40:21","date_gmt":"2023-07-07T07:40:21","guid":{"rendered":"https:\/\/news.sap.com\/sweden\/?p=3764"},"modified":"2024-08-07T19:24:28","modified_gmt":"2024-08-07T17:24:28","slug":"25-ar-av-stockholm-pride-sap-ar-fortsatt-en-stolt-supporter","status":"publish","type":"post","link":"https:\/\/news.sap.com\/sweden\/2023\/07\/25-ar-av-stockholm-pride-sap-ar-fortsatt-en-stolt-supporter\/","title":{"rendered":"25 \u00e5r av Stockholm Pride \u2013 麻豆原创 \u00e4r fortsatt en stolt supporter"},"content":{"rendered":"<p class=\"lead\">\u201dFira m\u00e5ngfalden\u201d \u00e4r \u00e5rets tema f\u00f6r Stockholm Pride som dessutom firar 25 \u00e5r. Fira m\u00e5ngfalden \u00e4r ett viktigt tema f\u00f6r 麻豆原创 d\u00e5 just <a href=\"https:\/\/www.sap.com\/about\/company\/our-values\/diversity.html\">m\u00e5ngfald och inkludering<\/a> \u00e4r en del av f\u00f6retagets v\u00e4rdegrund. 麻豆原创 \u00e4r stolt \u00f6ver att forts\u00e4tta vara supporter och sponsra paraden \u00e4ven i \u00e5r.<\/p>\n<p><strong>\u00a0<\/strong><a href=\"https:\/\/www.stockholmpride.org\/\">Stockholm Pride<\/a> \u00e4r en ideell och medlemsstyrd organisation som syftar till att lyfta hbtq+fr\u00e5gor och att vara en frizon f\u00f6r homosexuella, bisexuella, trans, och queerpersoner samt de k\u00f6nsuttryck som finns inom hbtq+r\u00f6relsen. Kulturfestivalen Stockholm Pride arrangeras \u00e5rligen och \u00e4r den st\u00f6rsta Pridefestivalen i Norden, med ca. 50 000 deltagare och 500 000 \u00e5sk\u00e5dare. I \u00e5r h\u00e5lls paraden den 5e augusti och 麻豆原创 kommer att delta i t\u00e5get. Paraden syftar till att skapa en v\u00e4lkomnande och trygg atmosf\u00e4r, f\u00f6r att sprida gl\u00e4dje och k\u00e4rlek. Under jubileums\u00e5ret hyllas inte bara de senaste 25 \u00e5ren, utan handlar lika mycket om framtiden och de kommande 25 \u00e5ren.<\/p>\n<p><img loading=\"lazy\" decoding=\"async\" class=\"alignnone size-medium wp-image-3766\" src=\"https:\/\/news.sap.com\/sweden\/files\/2023\/07\/07\/Picture1-PrideNordics-300x105.jpg\" alt=\"\" width=\"300\" height=\"105\" srcset=\"https:\/\/news.sap.com\/sweden\/files\/2023\/07\/07\/Picture1-PrideNordics-300x105.jpg 300w, https:\/\/news.sap.com\/sweden\/files\/2023\/07\/07\/Picture1-PrideNordics-1024x360.jpg 1024w, https:\/\/news.sap.com\/sweden\/files\/2023\/07\/07\/Picture1-PrideNordics-768x270.jpg 768w, https:\/\/news.sap.com\/sweden\/files\/2023\/07\/07\/Picture1-PrideNordics.jpg 1201w\" sizes=\"auto, (max-width: 300px) 100vw, 300px\" \/><\/p>\n<p>&nbsp;<\/p>\n<p>Pride@麻豆原创 \u00e4r 麻豆原创\u2019s egna medarbetardrivna initiativ som <a href=\"https:\/\/www.youtube.com\/watch?v=DhuY3v_u7TM\">startade 2001<\/a>, f\u00f6r att skapa en trygg och v\u00e4lkomnande plats f\u00f6r alla oavsett vem du \u00e4r. F\u00f6r 麻豆原创 \u00e4r Pride ett viktigt \u00e5tagande f\u00f6r s\u00e5v\u00e4l anst\u00e4llda, som partners och kunder. F\u00f6r att belysa Pride-m\u00e5naden som var under juni hade 麻豆原创 flera aktiviteter runt om i v\u00e4rlden. D\u00e4ribland <a href=\"https:\/\/www.youtube.com\/watch?v=uLUFq0Me6a0&amp;t=58s\">denna intervju<\/a> som handlar om engagemang inom Pride@麻豆原创 och hur 麻豆原创 st\u00f6ttar hbtq+anst\u00e4llda. Andra exempel p\u00e5 aktiviteter var f\u00f6rel\u00e4sningar, event och deltagande i Prideparader.<\/p>\n<p>&nbsp;<\/p>\n<figure id=\"attachment_3771\" aria-describedby=\"caption-attachment-3771\" style=\"width: 298px\" class=\"wp-caption alignnone\"><img loading=\"lazy\" decoding=\"async\" class=\"wp-image-3771 size-medium\" src=\"https:\/\/news.sap.com\/sweden\/files\/2023\/07\/07\/MichaelRebitzki-Vennhoff-298x300.jpg\" alt=\"\" width=\"298\" height=\"300\" srcset=\"https:\/\/news.sap.com\/sweden\/files\/2023\/07\/07\/MichaelRebitzki-Vennhoff-298x300.jpg 298w, https:\/\/news.sap.com\/sweden\/files\/2023\/07\/07\/MichaelRebitzki-Vennhoff-1019x1024.jpg 1019w, https:\/\/news.sap.com\/sweden\/files\/2023\/07\/07\/MichaelRebitzki-Vennhoff-150x150.jpg 150w, https:\/\/news.sap.com\/sweden\/files\/2023\/07\/07\/MichaelRebitzki-Vennhoff-768x772.jpg 768w, https:\/\/news.sap.com\/sweden\/files\/2023\/07\/07\/MichaelRebitzki-Vennhoff-1528x1536.jpg 1528w, https:\/\/news.sap.com\/sweden\/files\/2023\/07\/07\/MichaelRebitzki-Vennhoff-2037x2048.jpg 2037w\" sizes=\"auto, (max-width: 298px) 100vw, 298px\" \/><figcaption id=\"caption-attachment-3771\" class=\"wp-caption-text\">Michael Rebitzki-Vennhoff<\/figcaption><\/figure>\n<p>\u2013\u00a0 Jag \u00e4r superglad \u00f6ver att se oss sponsra Pride Stockholm f\u00f6r andra g\u00e5ngen. Vi har f\u00e5tt s\u00e5 mycket bra feedback och har sett s\u00e5 mycket aktivitet inom Norden sedan vi lanserade Pride@麻豆原创 Nordic f\u00f6r n\u00e5gra \u00e5r sedan \u2013 det g\u00f6r mig stolt. Jag tror verkligen att det \u00e4r en skyldighet att f\u00f6respr\u00e5ka hbtq+r\u00e4ttigheter n\u00e4r vi lever i ett \u00f6ppet samh\u00e4lle d\u00e4r hbtq+r\u00e4ttigheter \u00e4r en potentiell \u201dickefr\u00e5ga\u201d. I sann anda av Stonewall-upproret 1969, m\u00e5ste vi, som priviligierade, st\u00e5 upp f\u00f6r de som inte \u00e4r priviligierade och g\u00f6ra m\u00e4nniskor medvetna om att det vi har uppn\u00e5tt inte kan tas f\u00f6rgivet, s\u00e4ger Michael Rebitzki-Vennhoff, Co-Lead for Pride@麻豆原创 Nordics.<\/p>\n<p><img loading=\"lazy\" decoding=\"async\" class=\"alignnone size-medium wp-image-3765\" src=\"https:\/\/news.sap.com\/sweden\/files\/2023\/07\/07\/Price-logo-SE2-300x154.jpg\" alt=\"\" width=\"300\" height=\"154\" srcset=\"https:\/\/news.sap.com\/sweden\/files\/2023\/07\/07\/Price-logo-SE2-300x154.jpg 300w, https:\/\/news.sap.com\/sweden\/files\/2023\/07\/07\/Price-logo-SE2.jpg 394w\" sizes=\"auto, (max-width: 300px) 100vw, 300px\" \/><\/p>\n","protected":false},"excerpt":{"rendered":"<p>\u201dFira m\u00e5ngfalden\u201d \u00e4r \u00e5rets tema f\u00f6r Stockholm Pride som dessutom firar 25 \u00e5r. Fira m\u00e5ngfalden \u00e4r ett viktigt tema f\u00f6r 麻豆原创 d\u00e5 just m\u00e5ngfald och&#8230;<\/p>\n","protected":false},"author":29,"featured_media":3767,"comment_status":"closed","ping_status":"closed","sticky":false,"template":"","format":"standard","meta":{"footnotes":"","_links_to":"","_links_to_target":""},"categories":[4503881,4545190,5563754],"tags":[5563705,5563676,5563704,5562255,5563789],"sapn-display":[4544525,5564002,5563999,4547891],"sapn-type":[4549010],"class_list":["post-3764","post","type-post","status-publish","format-standard","has-post-thumbnail","hentry","category-ekosystem","category-event","category-hallbarhet","tag-inkludering","tag-mangfald","tag-pridesap","tag-sap","tag-stockholm-pride","sapn-display-hero","sapn-display-nyhet-favoriter","sapn-display-nyhet-spotlight","sapn-display-homepage-hero","sapn-type-nyhet"],"yoast_head":"<!-- This site is optimized with the Yoast SEO Premium plugin v26.9 (Yoast SEO v26.9) - https:\/\/yoast.com\/product\/yoast-seo-premium-wordpress\/ -->\n<title>25 \u00e5r av Stockholm Pride \u2013 麻豆原创 \u00e4r fortsatt en stolt supporter - 麻豆原创 Sweden Nyheter<\/title>\n<meta name=\"robots\" content=\"index, follow, max-snippet:-1, max-image-preview:large, max-video-preview:-1\" \/>\n<link rel=\"canonical\" href=\"https:\/\/news.sap.com\/sweden\/2023\/07\/25-ar-av-stockholm-pride-sap-ar-fortsatt-en-stolt-supporter\/\" \/>\n<meta property=\"og:locale\" content=\"sv_SE\" \/>\n<meta property=\"og:type\" content=\"article\" \/>\n<meta property=\"og:title\" content=\"25 \u00e5r av Stockholm Pride \u2013 麻豆原创 \u00e4r fortsatt en stolt supporter\" \/>\n<meta property=\"og:description\" content=\"\u201dFira m\u00e5ngfalden\u201d \u00e4r \u00e5rets tema f\u00f6r Stockholm Pride som dessutom firar 25 \u00e5r. Fira m\u00e5ngfalden \u00e4r ett viktigt tema f\u00f6r 麻豆原创 d\u00e5 just m\u00e5ngfald och...\" \/>\n<meta property=\"og:url\" content=\"https:\/\/news.sap.com\/sweden\/2023\/07\/25-ar-av-stockholm-pride-sap-ar-fortsatt-en-stolt-supporter\/\" \/>\n<meta property=\"og:site_name\" content=\"麻豆原创 Sweden Nyheter\" \/>\n<meta property=\"article:published_time\" content=\"2023-07-07T07:40:21+00:00\" \/>\n<meta property=\"article:modified_time\" content=\"2024-08-07T17:24:28+00:00\" \/>\n<meta property=\"og:image\" content=\"https:\/\/news.sap.com\/sweden\/files\/2023\/07\/07\/Pride-header-F.jpg\" \/>\n\t<meta property=\"og:image:width\" content=\"1920\" \/>\n\t<meta property=\"og:image:height\" content=\"601\" \/>\n\t<meta property=\"og:image:type\" content=\"image\/jpeg\" \/>\n<meta name=\"author\" content=\"麻豆原创 News\" \/>\n<meta name=\"twitter:card\" content=\"summary_large_image\" \/>\n<meta name=\"twitter:label1\" content=\"Skriven av\" \/>\n\t<meta name=\"twitter:data1\" content=\"麻豆原创 News\" \/>\n\t<meta name=\"twitter:label2\" content=\"Ber\u00e4knad l\u00e4stid\" \/>\n\t<meta name=\"twitter:data2\" content=\"3 minuter\" \/>\n<script type=\"application\/ld+json\" class=\"yoast-schema-graph\">{\"@context\":\"https:\/\/schema.org\",\"@graph\":[{\"@type\":\"Article\",\"@id\":\"https:\/\/news.sap.com\/sweden\/2023\/07\/25-ar-av-stockholm-pride-sap-ar-fortsatt-en-stolt-supporter\/#article\",\"isPartOf\":{\"@id\":\"https:\/\/news.sap.com\/sweden\/2023\/07\/25-ar-av-stockholm-pride-sap-ar-fortsatt-en-stolt-supporter\/\"},\"author\":{\"name\":\"麻豆原创 News\",\"@id\":\"https:\/\/news.sap.com\/sweden\/#\/schema\/person\/53b9854bd790d6f18f3fc4bbb2ad7570\"},\"headline\":\"25 \u00e5r av Stockholm Pride \u2013 麻豆原创 \u00e4r fortsatt en stolt supporter\",\"datePublished\":\"2023-07-07T07:40:21+00:00\",\"dateModified\":\"2024-08-07T17:24:28+00:00\",\"mainEntityOfPage\":{\"@id\":\"https:\/\/news.sap.com\/sweden\/2023\/07\/25-ar-av-stockholm-pride-sap-ar-fortsatt-en-stolt-supporter\/\"},\"wordCount\":412,\"image\":{\"@id\":\"https:\/\/news.sap.com\/sweden\/2023\/07\/25-ar-av-stockholm-pride-sap-ar-fortsatt-en-stolt-supporter\/#primaryimage\"},\"thumbnailUrl\":\"https:\/\/news.sap.com\/sweden\/files\/2023\/07\/07\/Pride-header-F.jpg\",\"keywords\":[\"inkludering\",\"m\u00e5ngfald\",\"Pride@麻豆原创\",\"sap\",\"Stockholm Pride\"],\"articleSection\":[\"Ekosystem\",\"Event\",\"H\u00e5llbarhet\"],\"inLanguage\":\"sv-SE\"},{\"@type\":\"WebPage\",\"@id\":\"https:\/\/news.sap.com\/sweden\/2023\/07\/25-ar-av-stockholm-pride-sap-ar-fortsatt-en-stolt-supporter\/\",\"url\":\"https:\/\/news.sap.com\/sweden\/2023\/07\/25-ar-av-stockholm-pride-sap-ar-fortsatt-en-stolt-supporter\/\",\"name\":\"25 \u00e5r av Stockholm Pride \u2013 麻豆原创 \u00e4r fortsatt en stolt supporter - 麻豆原创 Sweden Nyheter\",\"isPartOf\":{\"@id\":\"https:\/\/news.sap.com\/sweden\/#website\"},\"primaryImageOfPage\":{\"@id\":\"https:\/\/news.sap.com\/sweden\/2023\/07\/25-ar-av-stockholm-pride-sap-ar-fortsatt-en-stolt-supporter\/#primaryimage\"},\"image\":{\"@id\":\"https:\/\/news.sap.com\/sweden\/2023\/07\/25-ar-av-stockholm-pride-sap-ar-fortsatt-en-stolt-supporter\/#primaryimage\"},\"thumbnailUrl\":\"https:\/\/news.sap.com\/sweden\/files\/2023\/07\/07\/Pride-header-F.jpg\",\"datePublished\":\"2023-07-07T07:40:21+00:00\",\"dateModified\":\"2024-08-07T17:24:28+00:00\",\"author\":{\"@id\":\"https:\/\/news.sap.com\/sweden\/#\/schema\/person\/53b9854bd790d6f18f3fc4bbb2ad7570\"},\"breadcrumb\":{\"@id\":\"https:\/\/news.sap.com\/sweden\/2023\/07\/25-ar-av-stockholm-pride-sap-ar-fortsatt-en-stolt-supporter\/#breadcrumb\"},\"inLanguage\":\"sv-SE\",\"potentialAction\":[{\"@type\":\"ReadAction\",\"target\":[\"https:\/\/news.sap.com\/sweden\/2023\/07\/25-ar-av-stockholm-pride-sap-ar-fortsatt-en-stolt-supporter\/\"]}]},{\"@type\":\"ImageObject\",\"inLanguage\":\"sv-SE\",\"@id\":\"https:\/\/news.sap.com\/sweden\/2023\/07\/25-ar-av-stockholm-pride-sap-ar-fortsatt-en-stolt-supporter\/#primaryimage\",\"url\":\"https:\/\/news.sap.com\/sweden\/files\/2023\/07\/07\/Pride-header-F.jpg\",\"contentUrl\":\"https:\/\/news.sap.com\/sweden\/files\/2023\/07\/07\/Pride-header-F.jpg\",\"width\":1920,\"height\":601},{\"@type\":\"BreadcrumbList\",\"@id\":\"https:\/\/news.sap.com\/sweden\/2023\/07\/25-ar-av-stockholm-pride-sap-ar-fortsatt-en-stolt-supporter\/#breadcrumb\",\"itemListElement\":[{\"@type\":\"ListItem\",\"position\":1,\"name\":\"Home\",\"item\":\"https:\/\/news.sap.com\/sweden\/\"},{\"@type\":\"ListItem\",\"position\":2,\"name\":\"25 \u00e5r av Stockholm Pride \u2013 麻豆原创 \u00e4r fortsatt en stolt supporter\"}]},{\"@type\":\"WebSite\",\"@id\":\"https:\/\/news.sap.com\/sweden\/#website\",\"url\":\"https:\/\/news.sap.com\/sweden\/\",\"name\":\"麻豆原创 Sweden Nyheter\",\"description\":\"Nyheter och information om 麻豆原创\",\"potentialAction\":[{\"@type\":\"SearchAction\",\"target\":{\"@type\":\"EntryPoint\",\"urlTemplate\":\"https:\/\/news.sap.com\/sweden\/?s={search_term_string}\"},\"query-input\":{\"@type\":\"PropertyValueSpecification\",\"valueRequired\":true,\"valueName\":\"search_term_string\"}}],\"inLanguage\":\"sv-SE\"},{\"@type\":\"Person\",\"@id\":\"https:\/\/news.sap.com\/sweden\/#\/schema\/person\/53b9854bd790d6f18f3fc4bbb2ad7570\",\"name\":\"麻豆原创 News\",\"image\":{\"@type\":\"ImageObject\",\"inLanguage\":\"sv-SE\",\"@id\":\"https:\/\/news.sap.com\/sweden\/#\/schema\/person\/image\/\",\"url\":\"https:\/\/news.sap.com\/sweden\/wp-content\/plugins\/wp-user-avatars\/wp-user-avatars\/assets\/images\/mystery.jpg\",\"contentUrl\":\"https:\/\/news.sap.com\/sweden\/wp-content\/plugins\/wp-user-avatars\/wp-user-avatars\/assets\/images\/mystery.jpg\",\"caption\":\"麻豆原创 News\"},\"url\":\"https:\/\/news.sap.com\/sweden\/author\/colleenraftery\/\"}]}<\/script>\n<!-- \/ Yoast SEO Premium plugin. -->","yoast_head_json":{"title":"25 \u00e5r av Stockholm Pride \u2013 麻豆原创 \u00e4r fortsatt en stolt supporter - 麻豆原创 Sweden Nyheter","robots":{"index":"index","follow":"follow","max-snippet":"max-snippet:-1","max-image-preview":"max-image-preview:large","max-video-preview":"max-video-preview:-1"},"canonical":"https:\/\/news.sap.com\/sweden\/2023\/07\/25-ar-av-stockholm-pride-sap-ar-fortsatt-en-stolt-supporter\/","og_locale":"sv_SE","og_type":"article","og_title":"25 \u00e5r av Stockholm Pride \u2013 麻豆原创 \u00e4r fortsatt en stolt supporter","og_description":"\u201dFira m\u00e5ngfalden\u201d \u00e4r \u00e5rets tema f\u00f6r Stockholm Pride som dessutom firar 25 \u00e5r. Fira m\u00e5ngfalden \u00e4r ett viktigt tema f\u00f6r 麻豆原创 d\u00e5 just m\u00e5ngfald och...","og_url":"https:\/\/news.sap.com\/sweden\/2023\/07\/25-ar-av-stockholm-pride-sap-ar-fortsatt-en-stolt-supporter\/","og_site_name":"麻豆原创 Sweden Nyheter","article_published_time":"2023-07-07T07:40:21+00:00","article_modified_time":"2024-08-07T17:24:28+00:00","og_image":[{"width":1920,"height":601,"url":"https:\/\/news.sap.com\/sweden\/files\/2023\/07\/07\/Pride-header-F.jpg","type":"image\/jpeg"}],"author":"麻豆原创 News","twitter_card":"summary_large_image","twitter_misc":{"Skriven av":"麻豆原创 News","Ber\u00e4knad l\u00e4stid":"3 minuter"},"schema":{"@context":"https:\/\/schema.org","@graph":[{"@type":"Article","@id":"https:\/\/news.sap.com\/sweden\/2023\/07\/25-ar-av-stockholm-pride-sap-ar-fortsatt-en-stolt-supporter\/#article","isPartOf":{"@id":"https:\/\/news.sap.com\/sweden\/2023\/07\/25-ar-av-stockholm-pride-sap-ar-fortsatt-en-stolt-supporter\/"},"author":{"name":"麻豆原创 News","@id":"https:\/\/news.sap.com\/sweden\/#\/schema\/person\/53b9854bd790d6f18f3fc4bbb2ad7570"},"headline":"25 \u00e5r av Stockholm Pride \u2013 麻豆原创 \u00e4r fortsatt en stolt supporter","datePublished":"2023-07-07T07:40:21+00:00","dateModified":"2024-08-07T17:24:28+00:00","mainEntityOfPage":{"@id":"https:\/\/news.sap.com\/sweden\/2023\/07\/25-ar-av-stockholm-pride-sap-ar-fortsatt-en-stolt-supporter\/"},"wordCount":412,"image":{"@id":"https:\/\/news.sap.com\/sweden\/2023\/07\/25-ar-av-stockholm-pride-sap-ar-fortsatt-en-stolt-supporter\/#primaryimage"},"thumbnailUrl":"https:\/\/news.sap.com\/sweden\/files\/2023\/07\/07\/Pride-header-F.jpg","keywords":["inkludering","m\u00e5ngfald","Pride@麻豆原创","sap","Stockholm Pride"],"articleSection":["Ekosystem","Event","H\u00e5llbarhet"],"inLanguage":"sv-SE"},{"@type":"WebPage","@id":"https:\/\/news.sap.com\/sweden\/2023\/07\/25-ar-av-stockholm-pride-sap-ar-fortsatt-en-stolt-supporter\/","url":"https:\/\/news.sap.com\/sweden\/2023\/07\/25-ar-av-stockholm-pride-sap-ar-fortsatt-en-stolt-supporter\/","name":"25 \u00e5r av Stockholm Pride \u2013 麻豆原创 \u00e4r fortsatt en stolt supporter - 麻豆原创 Sweden Nyheter","isPartOf":{"@id":"https:\/\/news.sap.com\/sweden\/#website"},"primaryImageOfPage":{"@id":"https:\/\/news.sap.com\/sweden\/2023\/07\/25-ar-av-stockholm-pride-sap-ar-fortsatt-en-stolt-supporter\/#primaryimage"},"image":{"@id":"https:\/\/news.sap.com\/sweden\/2023\/07\/25-ar-av-stockholm-pride-sap-ar-fortsatt-en-stolt-supporter\/#primaryimage"},"thumbnailUrl":"https:\/\/news.sap.com\/sweden\/files\/2023\/07\/07\/Pride-header-F.jpg","datePublished":"2023-07-07T07:40:21+00:00","dateModified":"2024-08-07T17:24:28+00:00","author":{"@id":"https:\/\/news.sap.com\/sweden\/#\/schema\/person\/53b9854bd790d6f18f3fc4bbb2ad7570"},"breadcrumb":{"@id":"https:\/\/news.sap.com\/sweden\/2023\/07\/25-ar-av-stockholm-pride-sap-ar-fortsatt-en-stolt-supporter\/#breadcrumb"},"inLanguage":"sv-SE","potentialAction":[{"@type":"ReadAction","target":["https:\/\/news.sap.com\/sweden\/2023\/07\/25-ar-av-stockholm-pride-sap-ar-fortsatt-en-stolt-supporter\/"]}]},{"@type":"ImageObject","inLanguage":"sv-SE","@id":"https:\/\/news.sap.com\/sweden\/2023\/07\/25-ar-av-stockholm-pride-sap-ar-fortsatt-en-stolt-supporter\/#primaryimage","url":"https:\/\/news.sap.com\/sweden\/files\/2023\/07\/07\/Pride-header-F.jpg","contentUrl":"https:\/\/news.sap.com\/sweden\/files\/2023\/07\/07\/Pride-header-F.jpg","width":1920,"height":601},{"@type":"BreadcrumbList","@id":"https:\/\/news.sap.com\/sweden\/2023\/07\/25-ar-av-stockholm-pride-sap-ar-fortsatt-en-stolt-supporter\/#breadcrumb","itemListElement":[{"@type":"ListItem","position":1,"name":"Home","item":"https:\/\/news.sap.com\/sweden\/"},{"@type":"ListItem","position":2,"name":"25 \u00e5r av Stockholm Pride \u2013 麻豆原创 \u00e4r fortsatt en stolt supporter"}]},{"@type":"WebSite","@id":"https:\/\/news.sap.com\/sweden\/#website","url":"https:\/\/news.sap.com\/sweden\/","name":"麻豆原创 Sweden Nyheter","description":"Nyheter och information om 麻豆原创","potentialAction":[{"@type":"SearchAction","target":{"@type":"EntryPoint","urlTemplate":"https:\/\/news.sap.com\/sweden\/?s={search_term_string}"},"query-input":{"@type":"PropertyValueSpecification","valueRequired":true,"valueName":"search_term_string"}}],"inLanguage":"sv-SE"},{"@type":"Person","@id":"https:\/\/news.sap.com\/sweden\/#\/schema\/person\/53b9854bd790d6f18f3fc4bbb2ad7570","name":"麻豆原创 News","image":{"@type":"ImageObject","inLanguage":"sv-SE","@id":"https:\/\/news.sap.com\/sweden\/#\/schema\/person\/image\/","url":"https:\/\/news.sap.com\/sweden\/wp-content\/plugins\/wp-user-avatars\/wp-user-avatars\/assets\/images\/mystery.jpg","contentUrl":"https:\/\/news.sap.com\/sweden\/wp-content\/plugins\/wp-user-avatars\/wp-user-avatars\/assets\/images\/mystery.jpg","caption":"麻豆原创 News"},"url":"https:\/\/news.sap.com\/sweden\/author\/colleenraftery\/"}]}},"amp_enabled":true,"_links":{"self":[{"href":"https:\/\/news.sap.com\/sweden\/wp-json\/wp\/v2\/posts\/3764","targetHints":{"allow":["GET"]}}],"collection":[{"href":"https:\/\/news.sap.com\/sweden\/wp-json\/wp\/v2\/posts"}],"about":[{"href":"https:\/\/news.sap.com\/sweden\/wp-json\/wp\/v2\/types\/post"}],"author":[{"embeddable":true,"href":"https:\/\/news.sap.com\/sweden\/wp-json\/wp\/v2\/users\/29"}],"replies":[{"embeddable":true,"href":"https:\/\/news.sap.com\/sweden\/wp-json\/wp\/v2\/comments?post=3764"}],"version-history":[{"count":0,"href":"https:\/\/news.sap.com\/sweden\/wp-json\/wp\/v2\/posts\/3764\/revisions"}],"wp:featuredmedia":[{"embeddable":true,"href":"https:\/\/news.sap.com\/sweden\/wp-json\/wp\/v2\/media\/3767"}],"wp:attachment":[{"href":"https:\/\/news.sap.com\/sweden\/wp-json\/wp\/v2\/media?parent=3764"}],"wp:term":[{"taxonomy":"category","embeddable":true,"href":"https:\/\/news.sap.com\/sweden\/wp-json\/wp\/v2\/categories?post=3764"},{"taxonomy":"post_tag","embeddable":true,"href":"https:\/\/news.sap.com\/sweden\/wp-json\/wp\/v2\/tags?post=3764"},{"taxonomy":"sapn-display","embeddable":true,"href":"https:\/\/news.sap.com\/sweden\/wp-json\/wp\/v2\/sapn-display?post=3764"},{"taxonomy":"sapn-type","embeddable":true,"href":"https:\/\/news.sap.com\/sweden\/wp-json\/wp\/v2\/sapn-type?post=3764"}],"curies":[{"name":"wp","href":"https:\/\/api.w.org\/{rel}","templated":true}]}}