  {"id":3743,"date":"2023-06-21T08:00:25","date_gmt":"2023-06-21T06:00:25","guid":{"rendered":"https:\/\/news.sap.com\/sweden\/?p=3743"},"modified":"2024-08-07T19:43:00","modified_gmt":"2024-08-07T17:43:00","slug":"tre-steg-till-en-lonsam-och-hallbar-energihantering-som-forbereder-oss-for-nasta-kris","status":"publish","type":"post","link":"https:\/\/news.sap.com\/sweden\/2023\/06\/tre-steg-till-en-lonsam-och-hallbar-energihantering-som-forbereder-oss-for-nasta-kris\/","title":{"rendered":"Tre steg till en l\u00f6nsam och h\u00e5llbar energihantering \u2013 som f\u00f6rbereder oss f\u00f6r n\u00e4sta kris"},"content":{"rendered":"<ul>\n<li class=\"lead\"><strong>Inflation och \u00f6kade kostnader g\u00f6r det allt viktigare att minska det man l\u00e4gger ned p\u00e5 energi. Och f\u00f6r att g\u00f6ra det m\u00e5ste man ha tillg\u00e5ng till data och verktyg f\u00f6r att analysera olika scenarier.<\/strong><\/li>\n<li class=\"lead\"><strong>P\u00e5 EU-niv\u00e5 f\u00f6rbereder man \u00e4nnu h\u00f6gre milj\u00f6krav och redan nu b\u00f6r f\u00f6retagen vara f\u00f6rberedda \u2013 utan att veta exakt vad som kommer att h\u00e4nda.<\/strong><\/li>\n<li class=\"lead\"><strong>Det geopolitiska l\u00e4get har medf\u00f6rt en \u00f6kad os\u00e4kerhet kring den framtida tillg\u00e5ngen p\u00e5 olika energislag. Vad g\u00f6r vi om en viktig energik\u00e4lla sinar f\u00f6r att n\u00e5gon genomf\u00f6rt ett sabotage?<\/strong><\/li>\n<\/ul>\n<p>Ja, de mest energiintensiva f\u00f6retagen har det inte l\u00e4tt i dag n\u00e4r kraven p\u00e5 h\u00e5llbarhet \u00f6kar samtidigt som omv\u00e4rlden blir alltmer of\u00f6ruts\u00e4gbar. Branscher som transport, fastigheter, telekommunikation och tillverkning \u00e4r speciellt utsatta eftersom de hamnat i kl\u00e4m mellan h\u00f6ga och of\u00f6ruts\u00e4gbara br\u00e4nslekostnader och \u00f6kande regler f\u00f6r utsl\u00e4pp av v\u00e4xthusgaser. Nu m\u00e5ste vi ocks\u00e5 f\u00f6rbereda oss f\u00f6r n\u00e4sta kris genom att anv\u00e4nda faktiska siffror i v\u00e5ra analyser.<\/p>\n<p>Jag ser tre tydliga steg till hur man kan arbeta smartare med insamlad data f\u00f6r att skapa intelligenta strategier och en h\u00e5llbar l\u00f6nsamhet. Svenska f\u00f6retag m\u00e5ste hitta nya s\u00e4tt att forts\u00e4tta v\u00e4xa och generera vinst \u2013 samtidigt som man uppfyller sina h\u00e5llbarhetsm\u00e5l och f\u00f6ljer de regler som g\u00e4ller.<\/p>\n<p><strong>Steg 1 \u2013 Spara energi med bepr\u00f6vad teknik och analyser<\/strong><\/p>\n<p>Till att b\u00f6rja med m\u00e5ste man f\u00f6rst\u00e5 sitt f\u00f6retags energidata p\u00e5 djupet \u2013 f\u00f6rst efter det kan man s\u00e4nka energif\u00f6rbrukningen och driftskostnaderna. M\u00e5nga ledande f\u00f6retag anv\u00e4nder digitala tvillingar som samlar in data och analyserar energianv\u00e4ndningen i realtid. Det inbegriper el, naturgas och f\u00f6rnybar energi.<\/p>\n<p>Med hj\u00e4lp av programvara g\u00e5r det att f\u00f6rutse energikostnader n\u00e4r priserna \u00e4r l\u00e4ttr\u00f6rliga, n\u00e4r nya kontrakt ing\u00e5s eller vid st\u00f6rningar i leveranskedjan. Den realtidsdata man samlar in anv\u00e4nds f\u00f6r att utforska olika scenarier d\u00e4r man testar utfallet av f\u00f6r\u00e4nderliga energipriser och andra parametrar som l\u00e4gre koldioxidutsl\u00e4pp eller reviderade avtalsvillkor.<\/p>\n<p>Som beslutsfattare kan man sedan f\u00e5 l\u00f6pande varningar om planen avviker, t.ex. om energipriserna stiger mer \u00e4n f\u00f6rv\u00e4ntat. Det g\u00f6r det enklare att anpassa sina strategier efter behov.<\/p>\n<p><strong>Steg 2 \u2013 G\u00e5 \u00f6ver till gr\u00f6n energi<\/strong><\/p>\n<p>N\u00e4sta steg \u00e4r att fasa \u00f6ver till gr\u00f6n energi. F\u00f6retag med h\u00f6g energianv\u00e4ndning kan till exempel fokusera p\u00e5 att k\u00f6pa f\u00f6rnybar energi, sj\u00e4lva producera gr\u00f6n energi och investera i gr\u00f6na tillg\u00e5ngar. Ocks\u00e5 h\u00e4r kan en digital tvilling hj\u00e4lpa till att analysera hur mycket energi som anv\u00e4nds och vad den kostar samtidigt som man sp\u00e5rar sina CO2-utsl\u00e4pp fr\u00e5n el, biomassa, v\u00e4te och andra f\u00f6rnybara k\u00e4llor.<\/p>\n<p>Sedan kan de gr\u00f6na energistrategierna balanseras mot kostnaderna f\u00f6r nya kontrakt och m\u00e5l f\u00f6r utsl\u00e4pp av v\u00e4xthusgaser. Det g\u00e5r ocks\u00e5 att sp\u00e5ra ursprunget till den gr\u00f6na energi man f\u00f6rbrukar och rapportera mot f\u00f6retagens h\u00e5llbarhetsm\u00e5l. P\u00e5 s\u00e5 s\u00e4tt st\u00e4rker man varum\u00e4rket och bygger f\u00f6rtroende hos kunder och investerare.<\/p>\n<p><strong>Steg 3 \u2013 Utforska nya energitrender \u2013 men var realist<\/strong><\/p>\n<p>Visionen \u00e4r s\u00e5 klart att anv\u00e4nda s\u00e5 mycket gr\u00f6n energi som m\u00f6jligt \u2013 men ibland krockar vision med verklighet. Vissa branscher som flyget \u00e4r inte redo f\u00f6r fullst\u00e4ndig utfasning av koldioxidutsl\u00e4ppen. Tillg\u00e5ngen p\u00e5 h\u00e5llbart flygbr\u00e4nsle \u00e4r fortfarande begr\u00e4nsad och det kommer att kr\u00e4vas stora anstr\u00e4ngningar f\u00f6r att f\u00f6rnya den komplexa infrastrukturen. Och oavsett i vilken bransch man verkar beh\u00f6ver f\u00f6retag energistrategier som kombinerar ekonomi, riskhantering och h\u00e5llbarhet.<\/p>\n<p>Hur l\u00f6ser man det? Ja, ocks\u00e5 h\u00e4r \u00e4r det uppkopplad data som \u00e4r nyckeln till att kunna hantera energif\u00f6rbrukning och kostnader. <a href=\"https:\/\/www.idc.com\/events\/futurescape?tab=on-demand\">IDC-analytiker<\/a> har f\u00f6rutsp\u00e5tt att 75 procent av alla storst\u00e4der kommer att ha byggt industriekosystem som hanterar ESG-fr\u00e5gor till \u00e5r 2025. Ekosystem av IT-, arkitekt-, ingenj\u00f6rs- och fastighetsf\u00f6retag som delar data, applikationer och expertis.<\/p>\n<p>Som f\u00f6retag \u00e4r det naturligtvis vettigt att l\u00f6pande f\u00f6lja de f\u00f6rnybara energisystemens f\u00f6rb\u00e4ttringar n\u00e4r det g\u00e4ller pris, prestanda och kapacitet. Men ocks\u00e5 att bygga samarbeten i leveranskedjan f\u00f6r att f\u00f6rb\u00e4ttra ink\u00f6pseffektiviteten.<\/p>\n<p>Hur of\u00f6ruts\u00e4gbar n\u00e4sta kris \u00e4n \u00e4r kan vi \u00e4nd\u00e5 se till att vi har faktiska siffror f\u00f6r att bli mer motst\u00e5ndskraftiga. Det r\u00e4cker inte l\u00e4ngre med att anv\u00e4nda medelv\u00e4rden i v\u00e5ra analyser.<\/p>\n<p><img loading=\"lazy\" decoding=\"async\" class=\"alignnone size-medium wp-image-3744\" src=\"https:\/\/news.sap.com\/sweden\/files\/2023\/06\/20\/Antti_Soini-300x300.jpg\" alt=\"\" width=\"300\" height=\"300\" srcset=\"https:\/\/news.sap.com\/sweden\/files\/2023\/06\/20\/Antti_Soini-300x300.jpg 300w, https:\/\/news.sap.com\/sweden\/files\/2023\/06\/20\/Antti_Soini-150x150.jpg 150w, https:\/\/news.sap.com\/sweden\/files\/2023\/06\/20\/Antti_Soini.jpg 396w\" sizes=\"auto, (max-width: 300px) 100vw, 300px\" \/><\/p>\n<p><em>vd Antti Soini, 麻豆原创 Svenska<\/em><\/p>\n","protected":false},"excerpt":{"rendered":"<p>Inflation och \u00f6kade kostnader g\u00f6r det allt viktigare att minska det man l\u00e4gger ned p\u00e5 energi. Och f\u00f6r att g\u00f6ra det m\u00e5ste man ha tillg\u00e5ng&#8230;<\/p>\n","protected":false},"author":4366,"featured_media":3751,"comment_status":"closed","ping_status":"closed","sticky":false,"template":"","format":"standard","meta":{"footnotes":"","_links_to":"","_links_to_target":""},"categories":[4503881,5563754,4545414],"tags":[],"sapn-display":[4544525,5564001,5564000,4547891],"sapn-type":[5562140],"class_list":["post-3743","post","type-post","status-publish","format-standard","has-post-thumbnail","hentry","category-ekosystem","category-hallbarhet","category-kunder","sapn-display-hero","sapn-display-artikel-favoriter","sapn-display-artikel-spotlight","sapn-display-homepage-hero","sapn-type-artikel"],"yoast_head":"<!-- This site is optimized with the Yoast SEO Premium plugin v26.9 (Yoast SEO v26.9) - https:\/\/yoast.com\/product\/yoast-seo-premium-wordpress\/ -->\n<title>Tre steg till en l\u00f6nsam och h\u00e5llbar energihantering \u2013 som f\u00f6rbereder oss f\u00f6r n\u00e4sta kris - 麻豆原创 Sweden Nyheter<\/title>\n<meta name=\"robots\" content=\"index, follow, max-snippet:-1, max-image-preview:large, max-video-preview:-1\" \/>\n<link rel=\"canonical\" href=\"https:\/\/news.sap.com\/sweden\/2023\/06\/tre-steg-till-en-lonsam-och-hallbar-energihantering-som-forbereder-oss-for-nasta-kris\/\" \/>\n<meta property=\"og:locale\" content=\"sv_SE\" \/>\n<meta property=\"og:type\" content=\"article\" \/>\n<meta property=\"og:title\" content=\"Tre steg till en l\u00f6nsam och h\u00e5llbar energihantering \u2013 som f\u00f6rbereder oss f\u00f6r n\u00e4sta kris\" \/>\n<meta property=\"og:description\" content=\"Inflation och \u00f6kade kostnader g\u00f6r det allt viktigare att minska det man l\u00e4gger ned p\u00e5 energi. Och f\u00f6r att g\u00f6ra det m\u00e5ste man ha tillg\u00e5ng...\" \/>\n<meta property=\"og:url\" content=\"https:\/\/news.sap.com\/sweden\/2023\/06\/tre-steg-till-en-lonsam-och-hallbar-energihantering-som-forbereder-oss-for-nasta-kris\/\" \/>\n<meta property=\"og:site_name\" content=\"麻豆原创 Sweden Nyheter\" \/>\n<meta property=\"article:published_time\" content=\"2023-06-21T06:00:25+00:00\" \/>\n<meta property=\"article:modified_time\" content=\"2024-08-07T17:43:00+00:00\" \/>\n<meta property=\"og:image\" content=\"https:\/\/news.sap.com\/sweden\/files\/2023\/06\/20\/296685_GettyImages-1360623096_F_2.jpg\" \/>\n\t<meta property=\"og:image:width\" content=\"1920\" \/>\n\t<meta property=\"og:image:height\" content=\"600\" \/>\n\t<meta property=\"og:image:type\" content=\"image\/jpeg\" \/>\n<meta name=\"author\" content=\"Antti Soini, vd 麻豆原创 Svenska\" \/>\n<meta name=\"twitter:card\" content=\"summary_large_image\" \/>\n<meta name=\"twitter:label1\" content=\"Skriven av\" \/>\n\t<meta name=\"twitter:data1\" content=\"Antti Soini, vd 麻豆原创 Svenska\" \/>\n\t<meta name=\"twitter:label2\" content=\"Ber\u00e4knad l\u00e4stid\" \/>\n\t<meta name=\"twitter:data2\" content=\"4 minuter\" \/>\n<script type=\"application\/ld+json\" class=\"yoast-schema-graph\">{\"@context\":\"https:\/\/schema.org\",\"@graph\":[{\"@type\":\"Article\",\"@id\":\"https:\/\/news.sap.com\/sweden\/2023\/06\/tre-steg-till-en-lonsam-och-hallbar-energihantering-som-forbereder-oss-for-nasta-kris\/#article\",\"isPartOf\":{\"@id\":\"https:\/\/news.sap.com\/sweden\/2023\/06\/tre-steg-till-en-lonsam-och-hallbar-energihantering-som-forbereder-oss-for-nasta-kris\/\"},\"author\":{\"name\":\"Antti Soini, vd 麻豆原创 Svenska\",\"@id\":\"https:\/\/news.sap.com\/sweden\/#\/schema\/person\/77a206e586f4e895144738dbe75c3bfa\"},\"headline\":\"Tre steg till en l\u00f6nsam och h\u00e5llbar energihantering \u2013 som f\u00f6rbereder oss f\u00f6r n\u00e4sta kris\",\"datePublished\":\"2023-06-21T06:00:25+00:00\",\"dateModified\":\"2024-08-07T17:43:00+00:00\",\"mainEntityOfPage\":{\"@id\":\"https:\/\/news.sap.com\/sweden\/2023\/06\/tre-steg-till-en-lonsam-och-hallbar-energihantering-som-forbereder-oss-for-nasta-kris\/\"},\"wordCount\":833,\"image\":{\"@id\":\"https:\/\/news.sap.com\/sweden\/2023\/06\/tre-steg-till-en-lonsam-och-hallbar-energihantering-som-forbereder-oss-for-nasta-kris\/#primaryimage\"},\"thumbnailUrl\":\"https:\/\/news.sap.com\/sweden\/files\/2023\/06\/20\/296685_GettyImages-1360623096_F_2.jpg\",\"articleSection\":[\"Ekosystem\",\"H\u00e5llbarhet\",\"Kunder\"],\"inLanguage\":\"sv-SE\"},{\"@type\":\"WebPage\",\"@id\":\"https:\/\/news.sap.com\/sweden\/2023\/06\/tre-steg-till-en-lonsam-och-hallbar-energihantering-som-forbereder-oss-for-nasta-kris\/\",\"url\":\"https:\/\/news.sap.com\/sweden\/2023\/06\/tre-steg-till-en-lonsam-och-hallbar-energihantering-som-forbereder-oss-for-nasta-kris\/\",\"name\":\"Tre steg till en l\u00f6nsam och h\u00e5llbar energihantering \u2013 som f\u00f6rbereder oss f\u00f6r n\u00e4sta kris - 麻豆原创 Sweden Nyheter\",\"isPartOf\":{\"@id\":\"https:\/\/news.sap.com\/sweden\/#website\"},\"primaryImageOfPage\":{\"@id\":\"https:\/\/news.sap.com\/sweden\/2023\/06\/tre-steg-till-en-lonsam-och-hallbar-energihantering-som-forbereder-oss-for-nasta-kris\/#primaryimage\"},\"image\":{\"@id\":\"https:\/\/news.sap.com\/sweden\/2023\/06\/tre-steg-till-en-lonsam-och-hallbar-energihantering-som-forbereder-oss-for-nasta-kris\/#primaryimage\"},\"thumbnailUrl\":\"https:\/\/news.sap.com\/sweden\/files\/2023\/06\/20\/296685_GettyImages-1360623096_F_2.jpg\",\"datePublished\":\"2023-06-21T06:00:25+00:00\",\"dateModified\":\"2024-08-07T17:43:00+00:00\",\"author\":{\"@id\":\"https:\/\/news.sap.com\/sweden\/#\/schema\/person\/77a206e586f4e895144738dbe75c3bfa\"},\"breadcrumb\":{\"@id\":\"https:\/\/news.sap.com\/sweden\/2023\/06\/tre-steg-till-en-lonsam-och-hallbar-energihantering-som-forbereder-oss-for-nasta-kris\/#breadcrumb\"},\"inLanguage\":\"sv-SE\",\"potentialAction\":[{\"@type\":\"ReadAction\",\"target\":[\"https:\/\/news.sap.com\/sweden\/2023\/06\/tre-steg-till-en-lonsam-och-hallbar-energihantering-som-forbereder-oss-for-nasta-kris\/\"]}]},{\"@type\":\"ImageObject\",\"inLanguage\":\"sv-SE\",\"@id\":\"https:\/\/news.sap.com\/sweden\/2023\/06\/tre-steg-till-en-lonsam-och-hallbar-energihantering-som-forbereder-oss-for-nasta-kris\/#primaryimage\",\"url\":\"https:\/\/news.sap.com\/sweden\/files\/2023\/06\/20\/296685_GettyImages-1360623096_F_2.jpg\",\"contentUrl\":\"https:\/\/news.sap.com\/sweden\/files\/2023\/06\/20\/296685_GettyImages-1360623096_F_2.jpg\",\"width\":1920,\"height\":600},{\"@type\":\"BreadcrumbList\",\"@id\":\"https:\/\/news.sap.com\/sweden\/2023\/06\/tre-steg-till-en-lonsam-och-hallbar-energihantering-som-forbereder-oss-for-nasta-kris\/#breadcrumb\",\"itemListElement\":[{\"@type\":\"ListItem\",\"position\":1,\"name\":\"Home\",\"item\":\"https:\/\/news.sap.com\/sweden\/\"},{\"@type\":\"ListItem\",\"position\":2,\"name\":\"Tre steg till en l\u00f6nsam och h\u00e5llbar energihantering \u2013 som f\u00f6rbereder oss f\u00f6r n\u00e4sta kris\"}]},{\"@type\":\"WebSite\",\"@id\":\"https:\/\/news.sap.com\/sweden\/#website\",\"url\":\"https:\/\/news.sap.com\/sweden\/\",\"name\":\"麻豆原创 Sweden Nyheter\",\"description\":\"Nyheter och information om 麻豆原创\",\"potentialAction\":[{\"@type\":\"SearchAction\",\"target\":{\"@type\":\"EntryPoint\",\"urlTemplate\":\"https:\/\/news.sap.com\/sweden\/?s={search_term_string}\"},\"query-input\":{\"@type\":\"PropertyValueSpecification\",\"valueRequired\":true,\"valueName\":\"search_term_string\"}}],\"inLanguage\":\"sv-SE\"},{\"@type\":\"Person\",\"@id\":\"https:\/\/news.sap.com\/sweden\/#\/schema\/person\/77a206e586f4e895144738dbe75c3bfa\",\"name\":\"Antti Soini, vd 麻豆原创 Svenska\",\"image\":{\"@type\":\"ImageObject\",\"inLanguage\":\"sv-SE\",\"@id\":\"https:\/\/news.sap.com\/sweden\/#\/schema\/person\/image\/\",\"url\":\"https:\/\/news.sap.com\/sweden\/wp-content\/plugins\/wp-user-avatars\/wp-user-avatars\/assets\/images\/mystery.jpg\",\"contentUrl\":\"https:\/\/news.sap.com\/sweden\/wp-content\/plugins\/wp-user-avatars\/wp-user-avatars\/assets\/images\/mystery.jpg\",\"caption\":\"Antti Soini, vd 麻豆原创 Svenska\"},\"url\":\"https:\/\/news.sap.com\/sweden\/author\/anttisoinivdsapsvenska\/\"}]}<\/script>\n<!-- \/ Yoast SEO Premium plugin. -->","yoast_head_json":{"title":"Tre steg till en l\u00f6nsam och h\u00e5llbar energihantering \u2013 som f\u00f6rbereder oss f\u00f6r n\u00e4sta kris - 麻豆原创 Sweden Nyheter","robots":{"index":"index","follow":"follow","max-snippet":"max-snippet:-1","max-image-preview":"max-image-preview:large","max-video-preview":"max-video-preview:-1"},"canonical":"https:\/\/news.sap.com\/sweden\/2023\/06\/tre-steg-till-en-lonsam-och-hallbar-energihantering-som-forbereder-oss-for-nasta-kris\/","og_locale":"sv_SE","og_type":"article","og_title":"Tre steg till en l\u00f6nsam och h\u00e5llbar energihantering \u2013 som f\u00f6rbereder oss f\u00f6r n\u00e4sta kris","og_description":"Inflation och \u00f6kade kostnader g\u00f6r det allt viktigare att minska det man l\u00e4gger ned p\u00e5 energi. Och f\u00f6r att g\u00f6ra det m\u00e5ste man ha tillg\u00e5ng...","og_url":"https:\/\/news.sap.com\/sweden\/2023\/06\/tre-steg-till-en-lonsam-och-hallbar-energihantering-som-forbereder-oss-for-nasta-kris\/","og_site_name":"麻豆原创 Sweden Nyheter","article_published_time":"2023-06-21T06:00:25+00:00","article_modified_time":"2024-08-07T17:43:00+00:00","og_image":[{"width":1920,"height":600,"url":"https:\/\/news.sap.com\/sweden\/files\/2023\/06\/20\/296685_GettyImages-1360623096_F_2.jpg","type":"image\/jpeg"}],"author":"Antti Soini, vd 麻豆原创 Svenska","twitter_card":"summary_large_image","twitter_misc":{"Skriven av":"Antti Soini, vd 麻豆原创 Svenska","Ber\u00e4knad l\u00e4stid":"4 minuter"},"schema":{"@context":"https:\/\/schema.org","@graph":[{"@type":"Article","@id":"https:\/\/news.sap.com\/sweden\/2023\/06\/tre-steg-till-en-lonsam-och-hallbar-energihantering-som-forbereder-oss-for-nasta-kris\/#article","isPartOf":{"@id":"https:\/\/news.sap.com\/sweden\/2023\/06\/tre-steg-till-en-lonsam-och-hallbar-energihantering-som-forbereder-oss-for-nasta-kris\/"},"author":{"name":"Antti Soini, vd 麻豆原创 Svenska","@id":"https:\/\/news.sap.com\/sweden\/#\/schema\/person\/77a206e586f4e895144738dbe75c3bfa"},"headline":"Tre steg till en l\u00f6nsam och h\u00e5llbar energihantering \u2013 som f\u00f6rbereder oss f\u00f6r n\u00e4sta kris","datePublished":"2023-06-21T06:00:25+00:00","dateModified":"2024-08-07T17:43:00+00:00","mainEntityOfPage":{"@id":"https:\/\/news.sap.com\/sweden\/2023\/06\/tre-steg-till-en-lonsam-och-hallbar-energihantering-som-forbereder-oss-for-nasta-kris\/"},"wordCount":833,"image":{"@id":"https:\/\/news.sap.com\/sweden\/2023\/06\/tre-steg-till-en-lonsam-och-hallbar-energihantering-som-forbereder-oss-for-nasta-kris\/#primaryimage"},"thumbnailUrl":"https:\/\/news.sap.com\/sweden\/files\/2023\/06\/20\/296685_GettyImages-1360623096_F_2.jpg","articleSection":["Ekosystem","H\u00e5llbarhet","Kunder"],"inLanguage":"sv-SE"},{"@type":"WebPage","@id":"https:\/\/news.sap.com\/sweden\/2023\/06\/tre-steg-till-en-lonsam-och-hallbar-energihantering-som-forbereder-oss-for-nasta-kris\/","url":"https:\/\/news.sap.com\/sweden\/2023\/06\/tre-steg-till-en-lonsam-och-hallbar-energihantering-som-forbereder-oss-for-nasta-kris\/","name":"Tre steg till en l\u00f6nsam och h\u00e5llbar energihantering \u2013 som f\u00f6rbereder oss f\u00f6r n\u00e4sta kris - 麻豆原创 Sweden Nyheter","isPartOf":{"@id":"https:\/\/news.sap.com\/sweden\/#website"},"primaryImageOfPage":{"@id":"https:\/\/news.sap.com\/sweden\/2023\/06\/tre-steg-till-en-lonsam-och-hallbar-energihantering-som-forbereder-oss-for-nasta-kris\/#primaryimage"},"image":{"@id":"https:\/\/news.sap.com\/sweden\/2023\/06\/tre-steg-till-en-lonsam-och-hallbar-energihantering-som-forbereder-oss-for-nasta-kris\/#primaryimage"},"thumbnailUrl":"https:\/\/news.sap.com\/sweden\/files\/2023\/06\/20\/296685_GettyImages-1360623096_F_2.jpg","datePublished":"2023-06-21T06:00:25+00:00","dateModified":"2024-08-07T17:43:00+00:00","author":{"@id":"https:\/\/news.sap.com\/sweden\/#\/schema\/person\/77a206e586f4e895144738dbe75c3bfa"},"breadcrumb":{"@id":"https:\/\/news.sap.com\/sweden\/2023\/06\/tre-steg-till-en-lonsam-och-hallbar-energihantering-som-forbereder-oss-for-nasta-kris\/#breadcrumb"},"inLanguage":"sv-SE","potentialAction":[{"@type":"ReadAction","target":["https:\/\/news.sap.com\/sweden\/2023\/06\/tre-steg-till-en-lonsam-och-hallbar-energihantering-som-forbereder-oss-for-nasta-kris\/"]}]},{"@type":"ImageObject","inLanguage":"sv-SE","@id":"https:\/\/news.sap.com\/sweden\/2023\/06\/tre-steg-till-en-lonsam-och-hallbar-energihantering-som-forbereder-oss-for-nasta-kris\/#primaryimage","url":"https:\/\/news.sap.com\/sweden\/files\/2023\/06\/20\/296685_GettyImages-1360623096_F_2.jpg","contentUrl":"https:\/\/news.sap.com\/sweden\/files\/2023\/06\/20\/296685_GettyImages-1360623096_F_2.jpg","width":1920,"height":600},{"@type":"BreadcrumbList","@id":"https:\/\/news.sap.com\/sweden\/2023\/06\/tre-steg-till-en-lonsam-och-hallbar-energihantering-som-forbereder-oss-for-nasta-kris\/#breadcrumb","itemListElement":[{"@type":"ListItem","position":1,"name":"Home","item":"https:\/\/news.sap.com\/sweden\/"},{"@type":"ListItem","position":2,"name":"Tre steg till en l\u00f6nsam och h\u00e5llbar energihantering \u2013 som f\u00f6rbereder oss f\u00f6r n\u00e4sta kris"}]},{"@type":"WebSite","@id":"https:\/\/news.sap.com\/sweden\/#website","url":"https:\/\/news.sap.com\/sweden\/","name":"麻豆原创 Sweden Nyheter","description":"Nyheter och information om 麻豆原创","potentialAction":[{"@type":"SearchAction","target":{"@type":"EntryPoint","urlTemplate":"https:\/\/news.sap.com\/sweden\/?s={search_term_string}"},"query-input":{"@type":"PropertyValueSpecification","valueRequired":true,"valueName":"search_term_string"}}],"inLanguage":"sv-SE"},{"@type":"Person","@id":"https:\/\/news.sap.com\/sweden\/#\/schema\/person\/77a206e586f4e895144738dbe75c3bfa","name":"Antti Soini, vd 麻豆原创 Svenska","image":{"@type":"ImageObject","inLanguage":"sv-SE","@id":"https:\/\/news.sap.com\/sweden\/#\/schema\/person\/image\/","url":"https:\/\/news.sap.com\/sweden\/wp-content\/plugins\/wp-user-avatars\/wp-user-avatars\/assets\/images\/mystery.jpg","contentUrl":"https:\/\/news.sap.com\/sweden\/wp-content\/plugins\/wp-user-avatars\/wp-user-avatars\/assets\/images\/mystery.jpg","caption":"Antti Soini, vd 麻豆原创 Svenska"},"url":"https:\/\/news.sap.com\/sweden\/author\/anttisoinivdsapsvenska\/"}]}},"amp_enabled":true,"_links":{"self":[{"href":"https:\/\/news.sap.com\/sweden\/wp-json\/wp\/v2\/posts\/3743","targetHints":{"allow":["GET"]}}],"collection":[{"href":"https:\/\/news.sap.com\/sweden\/wp-json\/wp\/v2\/posts"}],"about":[{"href":"https:\/\/news.sap.com\/sweden\/wp-json\/wp\/v2\/types\/post"}],"author":[{"embeddable":true,"href":"https:\/\/news.sap.com\/sweden\/wp-json\/wp\/v2\/users\/4366"}],"replies":[{"embeddable":true,"href":"https:\/\/news.sap.com\/sweden\/wp-json\/wp\/v2\/comments?post=3743"}],"version-history":[{"count":0,"href":"https:\/\/news.sap.com\/sweden\/wp-json\/wp\/v2\/posts\/3743\/revisions"}],"wp:featuredmedia":[{"embeddable":true,"href":"https:\/\/news.sap.com\/sweden\/wp-json\/wp\/v2\/media\/3751"}],"wp:attachment":[{"href":"https:\/\/news.sap.com\/sweden\/wp-json\/wp\/v2\/media?parent=3743"}],"wp:term":[{"taxonomy":"category","embeddable":true,"href":"https:\/\/news.sap.com\/sweden\/wp-json\/wp\/v2\/categories?post=3743"},{"taxonomy":"post_tag","embeddable":true,"href":"https:\/\/news.sap.com\/sweden\/wp-json\/wp\/v2\/tags?post=3743"},{"taxonomy":"sapn-display","embeddable":true,"href":"https:\/\/news.sap.com\/sweden\/wp-json\/wp\/v2\/sapn-display?post=3743"},{"taxonomy":"sapn-type","embeddable":true,"href":"https:\/\/news.sap.com\/sweden\/wp-json\/wp\/v2\/sapn-type?post=3743"}],"curies":[{"name":"wp","href":"https:\/\/api.w.org\/{rel}","templated":true}]}}