  {"id":3686,"date":"2023-05-12T08:00:36","date_gmt":"2023-05-12T06:00:36","guid":{"rendered":"https:\/\/news.sap.com\/sweden\/?p=3686"},"modified":"2024-08-07T19:23:17","modified_gmt":"2024-08-07T17:23:17","slug":"kris-for-leveranskedjorna-mer-maste-goras-for-att-minimera-storningar-under-2023","status":"publish","type":"post","link":"https:\/\/news.sap.com\/sweden\/2023\/05\/kris-for-leveranskedjorna-mer-maste-goras-for-att-minimera-storningar-under-2023\/","title":{"rendered":"Kris f\u00f6r leveranskedjorna \u2013 mer m\u00e5ste g\u00f6ras f\u00f6r att minimera st\u00f6rningar under 2023"},"content":{"rendered":"<p class=\"lead\">En ny rapport visar att allt fler f\u00f6retag i norra Europa prioriterar att se \u00f6ver sina leveranskedjor. Mer \u00e4n h\u00e4lften planerar en stor f\u00f6r\u00e4ndring i f\u00f6rs\u00f6rjningskedjan under de kommande \u00e5ren och ungef\u00e4r lika m\u00e5nga f\u00f6retag ser kundernas f\u00f6rv\u00e4ntningar kring h\u00e5llbarhet som en kritisk faktor f\u00f6r verksamheten. Teknik ses som en nyckel till att komma till r\u00e4tta med st\u00f6rningar \u2013 och 8 av 10 vill g\u00e5 fr\u00e5n ett just in time-t\u00e4nkande till en just in case-modell.<\/p>\n<p>Resultaten fr\u00e5n rapporten \u201d<a href=\"https:\/\/www.sap.com\/uk\/documents\/2023\/03\/263d7ad1-687e-0010-bca6-c68f7e60039b.urc.html\">Tomorrow&#8217;s Supply Chain: Disruption Around Every Corner<\/a>\u201d visar att problemen med leveranskedjorna varit allvarliga f\u00f6r f\u00f6retag sedan pandemins b\u00f6rjan. En av tv\u00e5 verksamheter har h\u00e5llits tillbaka av f\u00f6rseningar i produktionen av varor eller leveranser av tj\u00e4nster \u2013 inom h\u00e4lso- och sjukv\u00e5rdssektorn g\u00e4ller det n\u00e4stan tre fj\u00e4rdedelar (71 %) \u2013 och av brist p\u00e5 r\u00e5varor (34 %).<\/p>\n<p>Konsekvenserna har varit stora med f\u00f6retag som uppger att problemen har lett till en minskning av int\u00e4kterna (33 %), att inte kunna betala anst\u00e4llda (31 %), betala hyra (41 %), tappade kunder (35 %) och skadat rykte (27 %).<\/p>\n<p>\u2013 Innan pandemin togs f\u00f6rs\u00f6rjningskedjan f\u00f6r given. Det var en immateriell del av verksamheten som fungerade friktionsfritt. Faktum \u00e4r att logistik som samtals\u00e4mne s\u00e4llan skapade rubriker, i synnerhet inte som nu vid middagsbordet, p\u00e5 aff\u00e4rsm\u00f6ten och sociala medier. Rapporten visar att f\u00f6retag \u00f6ver hela norra Europa beh\u00f6ver ompr\u00f6va sina leveranskedjor och bygga motst\u00e5ndskraft f\u00f6r att inte drabbas av mer akuta problem \u00e4n vi sett tidigare, s\u00e4ger Sascha Kunze, Head of Digital Supply Chain and Industry 4.0, Northern Europe p\u00e5 麻豆原创.<\/p>\n<p>M\u00e5nga \u00e4r pessimistiska om n\u00e4r problemen kan l\u00f6sas. \u00d6ver h\u00e4lften (52 %) av f\u00f6retagen tror att deras nuvarande problem med leveranskedjan kommer att forts\u00e4tta till slutet av 2023. Och bara 1 av 10 tror att de kommer att l\u00f6sa sig i slutet av sommaren. N\u00e4stan en fj\u00e4rdedel (21 %) av f\u00f6retagen tror att st\u00f6rningarna kommer att forts\u00e4tta tills situationen i Ukraina \u00e4r l\u00f6st.<\/p>\n<p>Den st\u00e4ndigt \u00f6kande inflationen leder till att m\u00e5nga f\u00f6retag trots h\u00f6jda priser p\u00e5 produkter och tj\u00e4nster inte kan t\u00e4cka de \u00f6kade kostnaderna f\u00f6r leveranser. Inte bara konsumenter utan ocks\u00e5 medarbetare kommer att k\u00e4nna av detta n\u00e4r 63 % planerar att frysa l\u00f6ner och rekryteringar och 51 % planerar nedsk\u00e4rningar. N\u00e5got som f\u00f6rv\u00e4rrar utmaningen att rekrytera och beh\u00e5lla personal.<\/p>\n<p><strong>Fr\u00e5n just-in-time till just-in-case<\/strong><\/p>\n<p>Medan n\u00e4stan tv\u00e5 tredjedelar av europeiska f\u00f6retag prioriterar lokala leveranskedjor \u00e4r helt n\u00e4rproducerat orealistiskt i dagens sammanfl\u00e4tade globala v\u00e4rld. D\u00e4rf\u00f6r m\u00e5ste f\u00f6retag hitta r\u00e4tt balans mellan globalt och lokalt. F\u00f6r att f\u00f6rebygga kriser i f\u00f6rs\u00f6rjningskedjan 2023 ser ocks\u00e5 mer \u00e4n 8 av 10 f\u00f6retag ett behov av att g\u00e5 fr\u00e5n ett just in time-t\u00e4nkande till en just in case-modell.<\/p>\n<p>\u2013 F\u00f6retagsledare och chefer konfronteras med att snabba kast \u00e4r den nya normen. F\u00f6rm\u00e5gan att reagera p\u00e5 varje st\u00f6rning inom en finjusterad f\u00f6rs\u00f6rjningskedja blir d\u00e5 en konkurrensfaktor i kampen om tillv\u00e4xt, konsumenternas f\u00f6rtroende och marknadsandelar. D\u00e5 \u00e4r det avg\u00f6rande att ha ett s\u00f6ml\u00f6st informations- och datafl\u00f6de i leverans- och v\u00e4rdekedjan \u2013 fr\u00e5n produktdesign till planering och fr\u00e5n \u00f6verl\u00e4mning till tillverkning. F\u00f6retag som investerar i flexibla leveranskedjor f\u00e5r en enorm f\u00f6rdel, kommenterar Sascha Kunze.<\/p>\n<p><em>Originaltext p\u00e5 engelska:<\/em> <a href=\"https:\/\/news.sap.com\/uk\/2023\/04\/supply-chain-crisis-businesses-across-northern-europe-admit-more-needs-to-be-done-to-ensure-minimal-disruption-in-the-year-ahead\/\"><em>https:\/\/news.sap.com\/uk\/2023\/04\/supply-chain-crisis-businesses-across-northern-europe-admit-more-needs-to-be-done-to-ensure-minimal-disruption-in-the-year-ahead\/<\/em><\/a><\/p>\n<p>Mer information finns p\u00e5\u00a0<a href=\"http:\/\/www.sap.com\/sweden\">www.sap.com\/sweden<\/a>\u00a0och\u00a0<a href=\"https:\/\/news.sap.com\/sweden\/\">news.sap.com\/sweden<\/a>.<\/p>\n<p>&nbsp;<\/p>\n<p><strong>Om 麻豆原创<\/strong><\/p>\n<p>麻豆原创:s strategi \u00e4r att hj\u00e4lpa varje f\u00f6retag att fungera mer intelligent och h\u00e5llbart. Som marknadsledande inom f\u00f6retagsmjukvara hj\u00e4lper vi f\u00f6retag av alla storlekar och inom alla branscher: 麻豆原创:s kunder st\u00e5r f\u00f6r 87 procent av v\u00e4rldens globala handel. V\u00e5r teknik f\u00f6r maskininl\u00e4rning, sakernas internet (IoT) och avancerad analys g\u00f6r att v\u00e5ra kunder kan skapa intelligenta verksamheter. 麻豆原创 hj\u00e4lper medarbetare och organisationer att f\u00e5 djupa aff\u00e4rsinsikter och underl\u00e4ttar samarbete s\u00e5 att de beh\u00e5ller f\u00f6rspr\u00e5nget till konkurrenterna. Vi f\u00f6renklar tekniken s\u00e5 att kunderna kan anv\u00e4nda v\u00e5r programvara som de sj\u00e4lva vill \u2013 utan avbrott. V\u00e5ra helt\u00e4ckande applikationer och tj\u00e4nster f\u00f6r 25 olika branscher g\u00f6r att f\u00f6retag och offentliga verksamheter \u00f6ver hela v\u00e4rlden kan vara l\u00f6nsamma, hela tiden anpassa sin verksamhet och g\u00f6ra skillnad. Med ett globalt n\u00e4tverk av kunder, partner, anst\u00e4llda och experter bidrar 麻豆原创 till en fungerande v\u00e4rld och att g\u00f6ra m\u00e4nniskors liv b\u00e4ttre.<\/p>\n<p>Mer information finns p\u00e5\u00a0<a href=\"http:\/\/www.sap.com\/sweden\">www.sap.com\/sweden<\/a>\u00a0och\u00a0<a href=\"https:\/\/news.sap.com\/sweden\/\">news.sap.com\/sweden<\/a>.<\/p>\n<p>F\u00f6r mer information, kontakta:<\/p>\n<p><strong>Ulrika Wass<\/strong><br \/>\nHead of Nordic &amp; Baltic Communications, 麻豆原创<br \/>\n+46 73\u00a0827 1074<br \/>\n<a href=\"mailto:ulrika.wass@sap.com\" data-cke-saved-href=\"mailto:ulrika.wass@sap.com\">ulrika.wass@sap.com<\/a><\/p>\n<p><strong>Mikael Westmark<\/strong><br \/>\n麻豆原创kontakt, Westmark Information<br \/>\n+46 707 339810<br \/>\n<a href=\"mailto:mikael@westmark.se\" data-cke-saved-href=\"mailto:mikael@westmark.se\">mikael@westmark.se<\/a><\/p>\n","protected":false},"excerpt":{"rendered":"<p>En ny rapport visar att allt fler f\u00f6retag i norra Europa prioriterar att se \u00f6ver sina leveranskedjor. Mer \u00e4n h\u00e4lften planerar en stor f\u00f6r\u00e4ndring i&#8230;<\/p>\n","protected":false},"author":29,"featured_media":3687,"comment_status":"closed","ping_status":"closed","sticky":false,"template":"","format":"standard","meta":{"footnotes":"","_links_to":"","_links_to_target":""},"categories":[4503881,4545758],"tags":[5563847,5563375,5562255],"sapn-display":[4544525,5564002,5563999,4547891],"sapn-type":[4549288],"class_list":["post-3686","post","type-post","status-publish","format-standard","has-post-thumbnail","hentry","category-ekosystem","category-losningar","tag-digital-supply-chain","tag-leveranskedjor","tag-sap","sapn-display-hero","sapn-display-nyhet-favoriter","sapn-display-nyhet-spotlight","sapn-display-homepage-hero","sapn-type-pressmeddelande"],"yoast_head":"<!-- This site is optimized with the Yoast SEO Premium plugin v26.9 (Yoast SEO v26.9) - https:\/\/yoast.com\/product\/yoast-seo-premium-wordpress\/ -->\n<title>Kris f\u00f6r leveranskedjorna \u2013 mer m\u00e5ste g\u00f6ras f\u00f6r att minimera st\u00f6rningar under 2023 - 麻豆原创 Sweden Nyheter<\/title>\n<meta name=\"robots\" content=\"index, follow, max-snippet:-1, max-image-preview:large, max-video-preview:-1\" \/>\n<link rel=\"canonical\" href=\"https:\/\/news.sap.com\/sweden\/2023\/05\/kris-for-leveranskedjorna-mer-maste-goras-for-att-minimera-storningar-under-2023\/\" \/>\n<meta property=\"og:locale\" content=\"sv_SE\" \/>\n<meta property=\"og:type\" content=\"article\" \/>\n<meta property=\"og:title\" content=\"Kris f\u00f6r leveranskedjorna \u2013 mer m\u00e5ste g\u00f6ras f\u00f6r att minimera st\u00f6rningar under 2023\" \/>\n<meta property=\"og:description\" content=\"En ny rapport visar att allt fler f\u00f6retag i norra Europa prioriterar att se \u00f6ver sina leveranskedjor. Mer \u00e4n h\u00e4lften planerar en stor f\u00f6r\u00e4ndring i...\" \/>\n<meta property=\"og:url\" content=\"https:\/\/news.sap.com\/sweden\/2023\/05\/kris-for-leveranskedjorna-mer-maste-goras-for-att-minimera-storningar-under-2023\/\" \/>\n<meta property=\"og:site_name\" content=\"麻豆原创 Sweden Nyheter\" \/>\n<meta property=\"article:published_time\" content=\"2023-05-12T06:00:36+00:00\" \/>\n<meta property=\"article:modified_time\" content=\"2024-08-07T17:23:17+00:00\" \/>\n<meta property=\"og:image\" content=\"https:\/\/news.sap.com\/sweden\/files\/2023\/05\/11\/281784_GettyImages-584250294_f.jpg\" \/>\n\t<meta property=\"og:image:width\" content=\"1920\" \/>\n\t<meta property=\"og:image:height\" content=\"600\" \/>\n\t<meta property=\"og:image:type\" content=\"image\/jpeg\" \/>\n<meta name=\"author\" content=\"麻豆原创 News\" \/>\n<meta name=\"twitter:card\" content=\"summary_large_image\" \/>\n<meta name=\"twitter:label1\" content=\"Skriven av\" \/>\n\t<meta name=\"twitter:data1\" content=\"麻豆原创 News\" \/>\n\t<meta name=\"twitter:label2\" content=\"Ber\u00e4knad l\u00e4stid\" \/>\n\t<meta name=\"twitter:data2\" content=\"4 minuter\" \/>\n<script type=\"application\/ld+json\" class=\"yoast-schema-graph\">{\"@context\":\"https:\/\/schema.org\",\"@graph\":[{\"@type\":\"Article\",\"@id\":\"https:\/\/news.sap.com\/sweden\/2023\/05\/kris-for-leveranskedjorna-mer-maste-goras-for-att-minimera-storningar-under-2023\/#article\",\"isPartOf\":{\"@id\":\"https:\/\/news.sap.com\/sweden\/2023\/05\/kris-for-leveranskedjorna-mer-maste-goras-for-att-minimera-storningar-under-2023\/\"},\"author\":{\"name\":\"麻豆原创 News\",\"@id\":\"https:\/\/news.sap.com\/sweden\/#\/schema\/person\/53b9854bd790d6f18f3fc4bbb2ad7570\"},\"headline\":\"Kris f\u00f6r leveranskedjorna \u2013 mer m\u00e5ste g\u00f6ras f\u00f6r att minimera st\u00f6rningar under 2023\",\"datePublished\":\"2023-05-12T06:00:36+00:00\",\"dateModified\":\"2024-08-07T17:23:17+00:00\",\"mainEntityOfPage\":{\"@id\":\"https:\/\/news.sap.com\/sweden\/2023\/05\/kris-for-leveranskedjorna-mer-maste-goras-for-att-minimera-storningar-under-2023\/\"},\"wordCount\":845,\"image\":{\"@id\":\"https:\/\/news.sap.com\/sweden\/2023\/05\/kris-for-leveranskedjorna-mer-maste-goras-for-att-minimera-storningar-under-2023\/#primaryimage\"},\"thumbnailUrl\":\"https:\/\/news.sap.com\/sweden\/files\/2023\/05\/11\/281784_GettyImages-584250294_f.jpg\",\"keywords\":[\"Digital Supply Chain\",\"leveranskedjor\",\"sap\"],\"articleSection\":[\"Ekosystem\",\"L\u00f6sningar\"],\"inLanguage\":\"sv-SE\"},{\"@type\":\"WebPage\",\"@id\":\"https:\/\/news.sap.com\/sweden\/2023\/05\/kris-for-leveranskedjorna-mer-maste-goras-for-att-minimera-storningar-under-2023\/\",\"url\":\"https:\/\/news.sap.com\/sweden\/2023\/05\/kris-for-leveranskedjorna-mer-maste-goras-for-att-minimera-storningar-under-2023\/\",\"name\":\"Kris f\u00f6r leveranskedjorna \u2013 mer m\u00e5ste g\u00f6ras f\u00f6r att minimera st\u00f6rningar under 2023 - 麻豆原创 Sweden Nyheter\",\"isPartOf\":{\"@id\":\"https:\/\/news.sap.com\/sweden\/#website\"},\"primaryImageOfPage\":{\"@id\":\"https:\/\/news.sap.com\/sweden\/2023\/05\/kris-for-leveranskedjorna-mer-maste-goras-for-att-minimera-storningar-under-2023\/#primaryimage\"},\"image\":{\"@id\":\"https:\/\/news.sap.com\/sweden\/2023\/05\/kris-for-leveranskedjorna-mer-maste-goras-for-att-minimera-storningar-under-2023\/#primaryimage\"},\"thumbnailUrl\":\"https:\/\/news.sap.com\/sweden\/files\/2023\/05\/11\/281784_GettyImages-584250294_f.jpg\",\"datePublished\":\"2023-05-12T06:00:36+00:00\",\"dateModified\":\"2024-08-07T17:23:17+00:00\",\"author\":{\"@id\":\"https:\/\/news.sap.com\/sweden\/#\/schema\/person\/53b9854bd790d6f18f3fc4bbb2ad7570\"},\"breadcrumb\":{\"@id\":\"https:\/\/news.sap.com\/sweden\/2023\/05\/kris-for-leveranskedjorna-mer-maste-goras-for-att-minimera-storningar-under-2023\/#breadcrumb\"},\"inLanguage\":\"sv-SE\",\"potentialAction\":[{\"@type\":\"ReadAction\",\"target\":[\"https:\/\/news.sap.com\/sweden\/2023\/05\/kris-for-leveranskedjorna-mer-maste-goras-for-att-minimera-storningar-under-2023\/\"]}]},{\"@type\":\"ImageObject\",\"inLanguage\":\"sv-SE\",\"@id\":\"https:\/\/news.sap.com\/sweden\/2023\/05\/kris-for-leveranskedjorna-mer-maste-goras-for-att-minimera-storningar-under-2023\/#primaryimage\",\"url\":\"https:\/\/news.sap.com\/sweden\/files\/2023\/05\/11\/281784_GettyImages-584250294_f.jpg\",\"contentUrl\":\"https:\/\/news.sap.com\/sweden\/files\/2023\/05\/11\/281784_GettyImages-584250294_f.jpg\",\"width\":1920,\"height\":600},{\"@type\":\"BreadcrumbList\",\"@id\":\"https:\/\/news.sap.com\/sweden\/2023\/05\/kris-for-leveranskedjorna-mer-maste-goras-for-att-minimera-storningar-under-2023\/#breadcrumb\",\"itemListElement\":[{\"@type\":\"ListItem\",\"position\":1,\"name\":\"Home\",\"item\":\"https:\/\/news.sap.com\/sweden\/\"},{\"@type\":\"ListItem\",\"position\":2,\"name\":\"Kris f\u00f6r leveranskedjorna \u2013 mer m\u00e5ste g\u00f6ras f\u00f6r att minimera st\u00f6rningar under 2023\"}]},{\"@type\":\"WebSite\",\"@id\":\"https:\/\/news.sap.com\/sweden\/#website\",\"url\":\"https:\/\/news.sap.com\/sweden\/\",\"name\":\"麻豆原创 Sweden Nyheter\",\"description\":\"Nyheter och information om 麻豆原创\",\"potentialAction\":[{\"@type\":\"SearchAction\",\"target\":{\"@type\":\"EntryPoint\",\"urlTemplate\":\"https:\/\/news.sap.com\/sweden\/?s={search_term_string}\"},\"query-input\":{\"@type\":\"PropertyValueSpecification\",\"valueRequired\":true,\"valueName\":\"search_term_string\"}}],\"inLanguage\":\"sv-SE\"},{\"@type\":\"Person\",\"@id\":\"https:\/\/news.sap.com\/sweden\/#\/schema\/person\/53b9854bd790d6f18f3fc4bbb2ad7570\",\"name\":\"麻豆原创 News\",\"image\":{\"@type\":\"ImageObject\",\"inLanguage\":\"sv-SE\",\"@id\":\"https:\/\/news.sap.com\/sweden\/#\/schema\/person\/image\/\",\"url\":\"https:\/\/news.sap.com\/sweden\/wp-content\/plugins\/wp-user-avatars\/wp-user-avatars\/assets\/images\/mystery.jpg\",\"contentUrl\":\"https:\/\/news.sap.com\/sweden\/wp-content\/plugins\/wp-user-avatars\/wp-user-avatars\/assets\/images\/mystery.jpg\",\"caption\":\"麻豆原创 News\"},\"url\":\"https:\/\/news.sap.com\/sweden\/author\/colleenraftery\/\"}]}<\/script>\n<!-- \/ Yoast SEO Premium plugin. -->","yoast_head_json":{"title":"Kris f\u00f6r leveranskedjorna \u2013 mer m\u00e5ste g\u00f6ras f\u00f6r att minimera st\u00f6rningar under 2023 - 麻豆原创 Sweden Nyheter","robots":{"index":"index","follow":"follow","max-snippet":"max-snippet:-1","max-image-preview":"max-image-preview:large","max-video-preview":"max-video-preview:-1"},"canonical":"https:\/\/news.sap.com\/sweden\/2023\/05\/kris-for-leveranskedjorna-mer-maste-goras-for-att-minimera-storningar-under-2023\/","og_locale":"sv_SE","og_type":"article","og_title":"Kris f\u00f6r leveranskedjorna \u2013 mer m\u00e5ste g\u00f6ras f\u00f6r att minimera st\u00f6rningar under 2023","og_description":"En ny rapport visar att allt fler f\u00f6retag i norra Europa prioriterar att se \u00f6ver sina leveranskedjor. Mer \u00e4n h\u00e4lften planerar en stor f\u00f6r\u00e4ndring i...","og_url":"https:\/\/news.sap.com\/sweden\/2023\/05\/kris-for-leveranskedjorna-mer-maste-goras-for-att-minimera-storningar-under-2023\/","og_site_name":"麻豆原创 Sweden Nyheter","article_published_time":"2023-05-12T06:00:36+00:00","article_modified_time":"2024-08-07T17:23:17+00:00","og_image":[{"width":1920,"height":600,"url":"https:\/\/news.sap.com\/sweden\/files\/2023\/05\/11\/281784_GettyImages-584250294_f.jpg","type":"image\/jpeg"}],"author":"麻豆原创 News","twitter_card":"summary_large_image","twitter_misc":{"Skriven av":"麻豆原创 News","Ber\u00e4knad l\u00e4stid":"4 minuter"},"schema":{"@context":"https:\/\/schema.org","@graph":[{"@type":"Article","@id":"https:\/\/news.sap.com\/sweden\/2023\/05\/kris-for-leveranskedjorna-mer-maste-goras-for-att-minimera-storningar-under-2023\/#article","isPartOf":{"@id":"https:\/\/news.sap.com\/sweden\/2023\/05\/kris-for-leveranskedjorna-mer-maste-goras-for-att-minimera-storningar-under-2023\/"},"author":{"name":"麻豆原创 News","@id":"https:\/\/news.sap.com\/sweden\/#\/schema\/person\/53b9854bd790d6f18f3fc4bbb2ad7570"},"headline":"Kris f\u00f6r leveranskedjorna \u2013 mer m\u00e5ste g\u00f6ras f\u00f6r att minimera st\u00f6rningar under 2023","datePublished":"2023-05-12T06:00:36+00:00","dateModified":"2024-08-07T17:23:17+00:00","mainEntityOfPage":{"@id":"https:\/\/news.sap.com\/sweden\/2023\/05\/kris-for-leveranskedjorna-mer-maste-goras-for-att-minimera-storningar-under-2023\/"},"wordCount":845,"image":{"@id":"https:\/\/news.sap.com\/sweden\/2023\/05\/kris-for-leveranskedjorna-mer-maste-goras-for-att-minimera-storningar-under-2023\/#primaryimage"},"thumbnailUrl":"https:\/\/news.sap.com\/sweden\/files\/2023\/05\/11\/281784_GettyImages-584250294_f.jpg","keywords":["Digital Supply Chain","leveranskedjor","sap"],"articleSection":["Ekosystem","L\u00f6sningar"],"inLanguage":"sv-SE"},{"@type":"WebPage","@id":"https:\/\/news.sap.com\/sweden\/2023\/05\/kris-for-leveranskedjorna-mer-maste-goras-for-att-minimera-storningar-under-2023\/","url":"https:\/\/news.sap.com\/sweden\/2023\/05\/kris-for-leveranskedjorna-mer-maste-goras-for-att-minimera-storningar-under-2023\/","name":"Kris f\u00f6r leveranskedjorna \u2013 mer m\u00e5ste g\u00f6ras f\u00f6r att minimera st\u00f6rningar under 2023 - 麻豆原创 Sweden Nyheter","isPartOf":{"@id":"https:\/\/news.sap.com\/sweden\/#website"},"primaryImageOfPage":{"@id":"https:\/\/news.sap.com\/sweden\/2023\/05\/kris-for-leveranskedjorna-mer-maste-goras-for-att-minimera-storningar-under-2023\/#primaryimage"},"image":{"@id":"https:\/\/news.sap.com\/sweden\/2023\/05\/kris-for-leveranskedjorna-mer-maste-goras-for-att-minimera-storningar-under-2023\/#primaryimage"},"thumbnailUrl":"https:\/\/news.sap.com\/sweden\/files\/2023\/05\/11\/281784_GettyImages-584250294_f.jpg","datePublished":"2023-05-12T06:00:36+00:00","dateModified":"2024-08-07T17:23:17+00:00","author":{"@id":"https:\/\/news.sap.com\/sweden\/#\/schema\/person\/53b9854bd790d6f18f3fc4bbb2ad7570"},"breadcrumb":{"@id":"https:\/\/news.sap.com\/sweden\/2023\/05\/kris-for-leveranskedjorna-mer-maste-goras-for-att-minimera-storningar-under-2023\/#breadcrumb"},"inLanguage":"sv-SE","potentialAction":[{"@type":"ReadAction","target":["https:\/\/news.sap.com\/sweden\/2023\/05\/kris-for-leveranskedjorna-mer-maste-goras-for-att-minimera-storningar-under-2023\/"]}]},{"@type":"ImageObject","inLanguage":"sv-SE","@id":"https:\/\/news.sap.com\/sweden\/2023\/05\/kris-for-leveranskedjorna-mer-maste-goras-for-att-minimera-storningar-under-2023\/#primaryimage","url":"https:\/\/news.sap.com\/sweden\/files\/2023\/05\/11\/281784_GettyImages-584250294_f.jpg","contentUrl":"https:\/\/news.sap.com\/sweden\/files\/2023\/05\/11\/281784_GettyImages-584250294_f.jpg","width":1920,"height":600},{"@type":"BreadcrumbList","@id":"https:\/\/news.sap.com\/sweden\/2023\/05\/kris-for-leveranskedjorna-mer-maste-goras-for-att-minimera-storningar-under-2023\/#breadcrumb","itemListElement":[{"@type":"ListItem","position":1,"name":"Home","item":"https:\/\/news.sap.com\/sweden\/"},{"@type":"ListItem","position":2,"name":"Kris f\u00f6r leveranskedjorna \u2013 mer m\u00e5ste g\u00f6ras f\u00f6r att minimera st\u00f6rningar under 2023"}]},{"@type":"WebSite","@id":"https:\/\/news.sap.com\/sweden\/#website","url":"https:\/\/news.sap.com\/sweden\/","name":"麻豆原创 Sweden Nyheter","description":"Nyheter och information om 麻豆原创","potentialAction":[{"@type":"SearchAction","target":{"@type":"EntryPoint","urlTemplate":"https:\/\/news.sap.com\/sweden\/?s={search_term_string}"},"query-input":{"@type":"PropertyValueSpecification","valueRequired":true,"valueName":"search_term_string"}}],"inLanguage":"sv-SE"},{"@type":"Person","@id":"https:\/\/news.sap.com\/sweden\/#\/schema\/person\/53b9854bd790d6f18f3fc4bbb2ad7570","name":"麻豆原创 News","image":{"@type":"ImageObject","inLanguage":"sv-SE","@id":"https:\/\/news.sap.com\/sweden\/#\/schema\/person\/image\/","url":"https:\/\/news.sap.com\/sweden\/wp-content\/plugins\/wp-user-avatars\/wp-user-avatars\/assets\/images\/mystery.jpg","contentUrl":"https:\/\/news.sap.com\/sweden\/wp-content\/plugins\/wp-user-avatars\/wp-user-avatars\/assets\/images\/mystery.jpg","caption":"麻豆原创 News"},"url":"https:\/\/news.sap.com\/sweden\/author\/colleenraftery\/"}]}},"amp_enabled":true,"_links":{"self":[{"href":"https:\/\/news.sap.com\/sweden\/wp-json\/wp\/v2\/posts\/3686","targetHints":{"allow":["GET"]}}],"collection":[{"href":"https:\/\/news.sap.com\/sweden\/wp-json\/wp\/v2\/posts"}],"about":[{"href":"https:\/\/news.sap.com\/sweden\/wp-json\/wp\/v2\/types\/post"}],"author":[{"embeddable":true,"href":"https:\/\/news.sap.com\/sweden\/wp-json\/wp\/v2\/users\/29"}],"replies":[{"embeddable":true,"href":"https:\/\/news.sap.com\/sweden\/wp-json\/wp\/v2\/comments?post=3686"}],"version-history":[{"count":0,"href":"https:\/\/news.sap.com\/sweden\/wp-json\/wp\/v2\/posts\/3686\/revisions"}],"wp:featuredmedia":[{"embeddable":true,"href":"https:\/\/news.sap.com\/sweden\/wp-json\/wp\/v2\/media\/3687"}],"wp:attachment":[{"href":"https:\/\/news.sap.com\/sweden\/wp-json\/wp\/v2\/media?parent=3686"}],"wp:term":[{"taxonomy":"category","embeddable":true,"href":"https:\/\/news.sap.com\/sweden\/wp-json\/wp\/v2\/categories?post=3686"},{"taxonomy":"post_tag","embeddable":true,"href":"https:\/\/news.sap.com\/sweden\/wp-json\/wp\/v2\/tags?post=3686"},{"taxonomy":"sapn-display","embeddable":true,"href":"https:\/\/news.sap.com\/sweden\/wp-json\/wp\/v2\/sapn-display?post=3686"},{"taxonomy":"sapn-type","embeddable":true,"href":"https:\/\/news.sap.com\/sweden\/wp-json\/wp\/v2\/sapn-type?post=3686"}],"curies":[{"name":"wp","href":"https:\/\/api.w.org\/{rel}","templated":true}]}}