  {"id":3673,"date":"2023-04-28T07:30:21","date_gmt":"2023-04-28T05:30:21","guid":{"rendered":"https:\/\/news.sap.com\/sweden\/?p=3673"},"modified":"2024-08-07T19:43:04","modified_gmt":"2024-08-07T17:43:04","slug":"teknikforetagen-maste-ta-ledningen-i-hallbarhetsarbetet","status":"publish","type":"post","link":"https:\/\/news.sap.com\/sweden\/2023\/04\/teknikforetagen-maste-ta-ledningen-i-hallbarhetsarbetet\/","title":{"rendered":"Teknikf\u00f6retagen m\u00e5ste ta ledningen i h\u00e5llbarhetsarbetet"},"content":{"rendered":"<p class=\"lead\"><strong>Att vandra genom ett v\u00e5rsoligt Stockholm, sitta i en segelb\u00e5t i \u00d6stersj\u00f6n eller som m\u00e4sterfotografen Mattias Klum st\u00e5 p\u00e5 kn\u00e4 i djungeln f\u00f6r att fotografera en d\u00f6dlig kobra. Det finns m\u00e5nga olika s\u00e4tt att finna ro och njuta av omgivningen. Men vilket ansvar har vi f\u00f6retagsledare f\u00f6r att dessa milj\u00f6er ska best\u00e5 \u2013 och hur kan vi anv\u00e4nda ny teknik f\u00f6r att bygga en h\u00e5llbar framtid f\u00f6r framtida generationer? F\u00f6ruts\u00e4ttningarna \u00e4r redan p\u00e5 plats och nu \u00e4r det dags f\u00f6r teknikf\u00f6retagen att ta p\u00e5 sig ledartr\u00f6jan. <\/strong><\/p>\n<p>Det var verkligen ett privilegium att nyligen f\u00e5 \u00f6ppna 麻豆原创:s event <a href=\"https:\/\/events.sap.com\/se\/networking-event-sustainability-stockholm\/en\/home?campaigncode=CRM-NO23-AAA-1925227&amp;source=website-se-sap-sustainable-business-now\">Sustainability Now<\/a> och tr\u00e4ffa Mattias Klum och alla andra talare och h\u00e5llbarhetsexperter fr\u00e5n Vattenfall, SEB, Scania Group, H2 Green Steel och World Business Council for Sustainable Development.<\/p>\n<p>Det gav inspiration och konkreta id\u00e9er om hur svenska f\u00f6retag kan g\u00e5 fr\u00e5n ord till handling. Hur allt fler redan hanterar koldioxid som en valuta bland andra \u2013 och att vi inte kommer l\u00e5ngt utan att samarbeta \u00e4nnu mer med varandra.<\/p>\n<p>P\u00e5 ett internationellt f\u00f6retag som 麻豆原创 \u00e4r h\u00e5llbarhet inte bara n\u00e5got vi rapporterar om en g\u00e5ng per \u00e5r. Tv\u00e4rtom, vi som arbetar med tekniska innovationer har ett ansvar att g\u00e5 l\u00e4ngst fram f\u00f6r att erbjuda kunderna de allra b\u00e4sta verktygen och samtidigt fungera som goda exempel.<\/p>\n<p>All fakta talar f\u00f6r att det \u00e4r br\u00e5ttom. N\u00e4r FN:s klimatpanel IPCC sl\u00e4ppte sin senaste rapport var generalsekreterare Ant\u00f3nio Guterres tydlig med att \u201dklimatets tidsinst\u00e4llda bomb tickar\u201d.<\/p>\n<p>Trots utmaningarna \u00e4r experterna \u00f6verens om att det fortfarande finns hopp. Men vi m\u00e5ste agera nu \u2013 annars kommer m\u00e5len inte att kunna uppn\u00e5s och vi riskerar att \u00e4nnu fler betydelsefulla milj\u00f6er, v\u00e4xter och djur f\u00f6rsvinner helt. Som Mattias Klum uttryckte sig p\u00e5 scenen: \u201dN\u00e4r de v\u00e4l \u00e4r borta kan de inte \u00e5terskapas\u201d.<\/p>\n<figure id=\"attachment_3678\" aria-describedby=\"caption-attachment-3678\" style=\"width: 300px\" class=\"wp-caption alignnone\"><img loading=\"lazy\" decoding=\"async\" class=\"size-medium wp-image-3678\" src=\"https:\/\/news.sap.com\/sweden\/files\/2023\/04\/28\/Mattia-o-Antti-4b-300x193.jpg\" alt=\"\" width=\"300\" height=\"193\" srcset=\"https:\/\/news.sap.com\/sweden\/files\/2023\/04\/28\/Mattia-o-Antti-4b-300x193.jpg 300w, https:\/\/news.sap.com\/sweden\/files\/2023\/04\/28\/Mattia-o-Antti-4b-1024x659.jpg 1024w, https:\/\/news.sap.com\/sweden\/files\/2023\/04\/28\/Mattia-o-Antti-4b-768x494.jpg 768w, https:\/\/news.sap.com\/sweden\/files\/2023\/04\/28\/Mattia-o-Antti-4b-1536x989.jpg 1536w, https:\/\/news.sap.com\/sweden\/files\/2023\/04\/28\/Mattia-o-Antti-4b-2048x1318.jpg 2048w\" sizes=\"auto, (max-width: 300px) 100vw, 300px\" \/><figcaption id=\"caption-attachment-3678\" class=\"wp-caption-text\">Mattias Klum and Antti Soini<\/figcaption><\/figure>\n<p><strong>Prediktiv analys och l\u00f6nsamhet<\/strong><\/p>\n<p>En av talarna p\u00e5 Sustainability Now var Annika Ramsk\u00f6ld, Vice President Corporate Sustainability\u00a0p\u00e5 <a href=\"https:\/\/www.vattenfall.se\/fokus\/hallbarhet\/vattenfall-hjalper-verksamheter-att-bli-fossilfria\/\">Vattenfall<\/a>. Enligt henne har det blivit en form av retroaktiv rapporthysteri kring h\u00e5llbarhet. I st\u00e4llet borde vi blicka fram\u00e5t och arbeta mer med f\u00f6ruts\u00e4gelser och framtidsanalyser \u2013 inte bara rapportera historisk data. Jag kan bara h\u00e5lla med och det g\u00f6r det ocks\u00e5 l\u00e4ttare att se den naturliga kopplingen mellan h\u00e5llbarhet och l\u00f6nsamhet.<\/p>\n<p>P\u00e5 bara n\u00e5gra \u00e5r har detta blivit en prioriterad fr\u00e5ga f\u00f6r alla f\u00f6retagsledningar och ett m\u00e5ste f\u00f6r att forts\u00e4tta vara konkurrenskraftig och relevant f\u00f6r sina kunder. Antingen finns det h\u00e5llbara aff\u00e4rer \u2013 eller s\u00e5 finns det ingen aff\u00e4r. F\u00f6r att vara l\u00f6nsam m\u00e5ste man ocks\u00e5 vara h\u00e5llbar.<\/p>\n<p>Ett tydligt bevis p\u00e5 det \u00e4r att vi p\u00e5 麻豆原创 aldrig har sett s\u00e5 m\u00e5nga anbudsf\u00f6rfr\u00e5gningar som under de senaste m\u00e5naderna f\u00f6r tekniska l\u00f6sningar som kan kopplas till h\u00e5llbarhet.<\/p>\n<p><strong>Data och digitala tvillingar<\/strong><\/p>\n<p>Lars Lundstr\u00f6m arbetar p\u00e5 H2 Green Steel, ett f\u00f6retag som de sj\u00e4lva kallar f\u00f6r en \u201dstartup p\u00e5 steroider\u201d. De bygger fossilfri st\u00e5lproduktion i Boden och har h\u00e5llbarhet inbakat i ekvationen redan fr\u00e5n start, utan att beh\u00f6va ta h\u00e4nsyn till gamla processer och teknik. En sak som fascinerar mig med dem \u00e4r deras stora datafokus och att de utvecklat en digital tvilling av sin fabrik innan den \u00e4r helt f\u00e4rdig.<\/p>\n<p>Det \u00e4r ett tydligt exempel p\u00e5 vilken nytta tekniken kan ha. Att kunna g\u00e5 fr\u00e5n att prata om medelv\u00e4rden till faktiska siffror om effekterna av varje enskilt beslut har p\u00e5 f\u00f6retagets milj\u00f6- och klimatp\u00e5verkan.<\/p>\n<p><strong>Vikten av samarbete<\/strong><\/p>\n<p>Vi bor i ett land som har varit bland de mest innovativa under m\u00e5nga decennier och vi lever i ett v\u00e4lfungerande demokratiskt samh\u00e4lle. De nordiska l\u00e4nderna och m\u00e4nniskorna h\u00e4r m\u00e5ste g\u00e5 f\u00f6re i h\u00e5llbarhetsarbetet och ta ansvar p\u00e5 b\u00e5de individ- och f\u00f6retagsniv\u00e5.<\/p>\n<p>P\u00e5 麻豆原创 har vi alla f\u00f6ruts\u00e4ttningar f\u00f6r att hj\u00e4lpa organisationer eftersom vi har verktygen och erfarenheten av att ta fram nyckeltal i alla aff\u00e4rsprocesser. Men det r\u00e4cker inte. Vi m\u00e5ste forts\u00e4tta samarbeta mellan f\u00f6retag, se \u00f6ver alla v\u00e5ra v\u00e4rdekedjor och uppr\u00e4tth\u00e5lla en l\u00f6pande dialog med beslutsfattarna.<\/p>\n<p>Det handlar inte l\u00e4ngre om att arbeta med h\u00e5llbarhetsstrategier \u2013 utan om att ta fram strategier som \u00e4r h\u00e5llbara.<br \/>\n<img loading=\"lazy\" decoding=\"async\" class=\"alignnone wp-image-3584\" src=\"https:\/\/news.sap.com\/sweden\/files\/2022\/12\/09\/Antti_Soini-25_04_22-300x300.jpg\" alt=\"\" width=\"214\" height=\"214\" srcset=\"https:\/\/news.sap.com\/sweden\/files\/2022\/12\/09\/Antti_Soini-25_04_22-300x300.jpg 300w, https:\/\/news.sap.com\/sweden\/files\/2022\/12\/09\/Antti_Soini-25_04_22-1024x1024.jpg 1024w, https:\/\/news.sap.com\/sweden\/files\/2022\/12\/09\/Antti_Soini-25_04_22-150x150.jpg 150w, https:\/\/news.sap.com\/sweden\/files\/2022\/12\/09\/Antti_Soini-25_04_22-768x768.jpg 768w, https:\/\/news.sap.com\/sweden\/files\/2022\/12\/09\/Antti_Soini-25_04_22-1536x1536.jpg 1536w, https:\/\/news.sap.com\/sweden\/files\/2022\/12\/09\/Antti_Soini-25_04_22-2048x2048.jpg 2048w\" sizes=\"auto, (max-width: 214px) 100vw, 214px\" \/><\/p>\n<p><em>vd Antti Soini, 麻豆原创 Svenska<\/em><\/p>\n<p>&nbsp;<\/p>\n","protected":false},"excerpt":{"rendered":"<p>Att vandra genom ett v\u00e5rsoligt Stockholm, sitta i en segelb\u00e5t i \u00d6stersj\u00f6n eller som m\u00e4sterfotografen Mattias Klum st\u00e5 p\u00e5 kn\u00e4 i djungeln f\u00f6r att fotografera&#8230;<\/p>\n","protected":false},"author":4366,"featured_media":3676,"comment_status":"closed","ping_status":"closed","sticky":false,"template":"","format":"standard","meta":{"footnotes":"","_links_to":"","_links_to_target":""},"categories":[4503881,4545190,4545758],"tags":[5563769,5563780,5563870,5563865,5563866,5563869,5563868,5563798,5563867,5563871],"sapn-display":[4544525,5564001,5564000,4547891],"sapn-type":[5562140],"class_list":["post-3673","post","type-post","status-publish","format-standard","has-post-thumbnail","hentry","category-ekosystem","category-event","category-losningar","tag-antti-soini","tag-fn","tag-h-green-steel","tag-ipcc","tag-mattias-klum","tag-scania-group","tag-seb","tag-sustainability","tag-vattenfall","tag-world-business-council-for-sustainable-development","sapn-display-hero","sapn-display-artikel-favoriter","sapn-display-artikel-spotlight","sapn-display-homepage-hero","sapn-type-artikel"],"yoast_head":"<!-- This site is optimized with the Yoast SEO Premium plugin v26.9 (Yoast SEO v26.9) - https:\/\/yoast.com\/product\/yoast-seo-premium-wordpress\/ -->\n<title>Teknikf\u00f6retagen m\u00e5ste ta ledningen i h\u00e5llbarhetsarbetet - 麻豆原创 Sweden Nyheter<\/title>\n<meta name=\"robots\" content=\"index, follow, max-snippet:-1, max-image-preview:large, max-video-preview:-1\" \/>\n<link rel=\"canonical\" href=\"https:\/\/news.sap.com\/sweden\/2023\/04\/teknikforetagen-maste-ta-ledningen-i-hallbarhetsarbetet\/\" \/>\n<meta property=\"og:locale\" content=\"sv_SE\" \/>\n<meta property=\"og:type\" content=\"article\" \/>\n<meta property=\"og:title\" content=\"Teknikf\u00f6retagen m\u00e5ste ta ledningen i h\u00e5llbarhetsarbetet\" \/>\n<meta property=\"og:description\" content=\"Att vandra genom ett v\u00e5rsoligt Stockholm, sitta i en segelb\u00e5t i \u00d6stersj\u00f6n eller som m\u00e4sterfotografen Mattias Klum st\u00e5 p\u00e5 kn\u00e4 i djungeln f\u00f6r att fotografera...\" \/>\n<meta property=\"og:url\" content=\"https:\/\/news.sap.com\/sweden\/2023\/04\/teknikforetagen-maste-ta-ledningen-i-hallbarhetsarbetet\/\" \/>\n<meta property=\"og:site_name\" content=\"麻豆原创 Sweden Nyheter\" \/>\n<meta property=\"article:published_time\" content=\"2023-04-28T05:30:21+00:00\" \/>\n<meta property=\"article:modified_time\" content=\"2024-08-07T17:43:04+00:00\" \/>\n<meta property=\"og:image\" content=\"https:\/\/news.sap.com\/sweden\/files\/2023\/04\/27\/291313_GettyImages-1306130049_f.jpg\" \/>\n\t<meta property=\"og:image:width\" content=\"1920\" \/>\n\t<meta property=\"og:image:height\" content=\"600\" \/>\n\t<meta property=\"og:image:type\" content=\"image\/jpeg\" \/>\n<meta name=\"author\" content=\"Antti Soini, vd 麻豆原创 Svenska\" \/>\n<meta name=\"twitter:card\" content=\"summary_large_image\" \/>\n<meta name=\"twitter:label1\" content=\"Skriven av\" \/>\n\t<meta name=\"twitter:data1\" content=\"Antti Soini, vd 麻豆原创 Svenska\" \/>\n\t<meta name=\"twitter:label2\" content=\"Ber\u00e4knad l\u00e4stid\" \/>\n\t<meta name=\"twitter:data2\" content=\"4 minuter\" \/>\n<script type=\"application\/ld+json\" class=\"yoast-schema-graph\">{\"@context\":\"https:\/\/schema.org\",\"@graph\":[{\"@type\":\"Article\",\"@id\":\"https:\/\/news.sap.com\/sweden\/2023\/04\/teknikforetagen-maste-ta-ledningen-i-hallbarhetsarbetet\/#article\",\"isPartOf\":{\"@id\":\"https:\/\/news.sap.com\/sweden\/2023\/04\/teknikforetagen-maste-ta-ledningen-i-hallbarhetsarbetet\/\"},\"author\":{\"name\":\"Antti Soini, vd 麻豆原创 Svenska\",\"@id\":\"https:\/\/news.sap.com\/sweden\/#\/schema\/person\/77a206e586f4e895144738dbe75c3bfa\"},\"headline\":\"Teknikf\u00f6retagen m\u00e5ste ta ledningen i h\u00e5llbarhetsarbetet\",\"datePublished\":\"2023-04-28T05:30:21+00:00\",\"dateModified\":\"2024-08-07T17:43:04+00:00\",\"mainEntityOfPage\":{\"@id\":\"https:\/\/news.sap.com\/sweden\/2023\/04\/teknikforetagen-maste-ta-ledningen-i-hallbarhetsarbetet\/\"},\"wordCount\":803,\"image\":{\"@id\":\"https:\/\/news.sap.com\/sweden\/2023\/04\/teknikforetagen-maste-ta-ledningen-i-hallbarhetsarbetet\/#primaryimage\"},\"thumbnailUrl\":\"https:\/\/news.sap.com\/sweden\/files\/2023\/04\/27\/291313_GettyImages-1306130049_f.jpg\",\"keywords\":[\"Antti Soini\",\"FN\",\"H\\\" Green Steel\",\"IPCC\",\"Mattias Klum\",\"Scania Group\",\"SEB\",\"sustainability\",\"Vattenfall\",\"World Business Council for Sustainable Development\"],\"articleSection\":[\"Ekosystem\",\"Event\",\"L\u00f6sningar\"],\"inLanguage\":\"sv-SE\"},{\"@type\":\"WebPage\",\"@id\":\"https:\/\/news.sap.com\/sweden\/2023\/04\/teknikforetagen-maste-ta-ledningen-i-hallbarhetsarbetet\/\",\"url\":\"https:\/\/news.sap.com\/sweden\/2023\/04\/teknikforetagen-maste-ta-ledningen-i-hallbarhetsarbetet\/\",\"name\":\"Teknikf\u00f6retagen m\u00e5ste ta ledningen i h\u00e5llbarhetsarbetet - 麻豆原创 Sweden Nyheter\",\"isPartOf\":{\"@id\":\"https:\/\/news.sap.com\/sweden\/#website\"},\"primaryImageOfPage\":{\"@id\":\"https:\/\/news.sap.com\/sweden\/2023\/04\/teknikforetagen-maste-ta-ledningen-i-hallbarhetsarbetet\/#primaryimage\"},\"image\":{\"@id\":\"https:\/\/news.sap.com\/sweden\/2023\/04\/teknikforetagen-maste-ta-ledningen-i-hallbarhetsarbetet\/#primaryimage\"},\"thumbnailUrl\":\"https:\/\/news.sap.com\/sweden\/files\/2023\/04\/27\/291313_GettyImages-1306130049_f.jpg\",\"datePublished\":\"2023-04-28T05:30:21+00:00\",\"dateModified\":\"2024-08-07T17:43:04+00:00\",\"author\":{\"@id\":\"https:\/\/news.sap.com\/sweden\/#\/schema\/person\/77a206e586f4e895144738dbe75c3bfa\"},\"breadcrumb\":{\"@id\":\"https:\/\/news.sap.com\/sweden\/2023\/04\/teknikforetagen-maste-ta-ledningen-i-hallbarhetsarbetet\/#breadcrumb\"},\"inLanguage\":\"sv-SE\",\"potentialAction\":[{\"@type\":\"ReadAction\",\"target\":[\"https:\/\/news.sap.com\/sweden\/2023\/04\/teknikforetagen-maste-ta-ledningen-i-hallbarhetsarbetet\/\"]}]},{\"@type\":\"ImageObject\",\"inLanguage\":\"sv-SE\",\"@id\":\"https:\/\/news.sap.com\/sweden\/2023\/04\/teknikforetagen-maste-ta-ledningen-i-hallbarhetsarbetet\/#primaryimage\",\"url\":\"https:\/\/news.sap.com\/sweden\/files\/2023\/04\/27\/291313_GettyImages-1306130049_f.jpg\",\"contentUrl\":\"https:\/\/news.sap.com\/sweden\/files\/2023\/04\/27\/291313_GettyImages-1306130049_f.jpg\",\"width\":1920,\"height\":600},{\"@type\":\"BreadcrumbList\",\"@id\":\"https:\/\/news.sap.com\/sweden\/2023\/04\/teknikforetagen-maste-ta-ledningen-i-hallbarhetsarbetet\/#breadcrumb\",\"itemListElement\":[{\"@type\":\"ListItem\",\"position\":1,\"name\":\"Home\",\"item\":\"https:\/\/news.sap.com\/sweden\/\"},{\"@type\":\"ListItem\",\"position\":2,\"name\":\"Teknikf\u00f6retagen m\u00e5ste ta ledningen i h\u00e5llbarhetsarbetet\"}]},{\"@type\":\"WebSite\",\"@id\":\"https:\/\/news.sap.com\/sweden\/#website\",\"url\":\"https:\/\/news.sap.com\/sweden\/\",\"name\":\"麻豆原创 Sweden Nyheter\",\"description\":\"Nyheter och information om 麻豆原创\",\"potentialAction\":[{\"@type\":\"SearchAction\",\"target\":{\"@type\":\"EntryPoint\",\"urlTemplate\":\"https:\/\/news.sap.com\/sweden\/?s={search_term_string}\"},\"query-input\":{\"@type\":\"PropertyValueSpecification\",\"valueRequired\":true,\"valueName\":\"search_term_string\"}}],\"inLanguage\":\"sv-SE\"},{\"@type\":\"Person\",\"@id\":\"https:\/\/news.sap.com\/sweden\/#\/schema\/person\/77a206e586f4e895144738dbe75c3bfa\",\"name\":\"Antti Soini, vd 麻豆原创 Svenska\",\"image\":{\"@type\":\"ImageObject\",\"inLanguage\":\"sv-SE\",\"@id\":\"https:\/\/news.sap.com\/sweden\/#\/schema\/person\/image\/\",\"url\":\"https:\/\/news.sap.com\/sweden\/wp-content\/plugins\/wp-user-avatars\/wp-user-avatars\/assets\/images\/mystery.jpg\",\"contentUrl\":\"https:\/\/news.sap.com\/sweden\/wp-content\/plugins\/wp-user-avatars\/wp-user-avatars\/assets\/images\/mystery.jpg\",\"caption\":\"Antti Soini, vd 麻豆原创 Svenska\"},\"url\":\"https:\/\/news.sap.com\/sweden\/author\/anttisoinivdsapsvenska\/\"}]}<\/script>\n<!-- \/ Yoast SEO Premium plugin. -->","yoast_head_json":{"title":"Teknikf\u00f6retagen m\u00e5ste ta ledningen i h\u00e5llbarhetsarbetet - 麻豆原创 Sweden Nyheter","robots":{"index":"index","follow":"follow","max-snippet":"max-snippet:-1","max-image-preview":"max-image-preview:large","max-video-preview":"max-video-preview:-1"},"canonical":"https:\/\/news.sap.com\/sweden\/2023\/04\/teknikforetagen-maste-ta-ledningen-i-hallbarhetsarbetet\/","og_locale":"sv_SE","og_type":"article","og_title":"Teknikf\u00f6retagen m\u00e5ste ta ledningen i h\u00e5llbarhetsarbetet","og_description":"Att vandra genom ett v\u00e5rsoligt Stockholm, sitta i en segelb\u00e5t i \u00d6stersj\u00f6n eller som m\u00e4sterfotografen Mattias Klum st\u00e5 p\u00e5 kn\u00e4 i djungeln f\u00f6r att fotografera...","og_url":"https:\/\/news.sap.com\/sweden\/2023\/04\/teknikforetagen-maste-ta-ledningen-i-hallbarhetsarbetet\/","og_site_name":"麻豆原创 Sweden Nyheter","article_published_time":"2023-04-28T05:30:21+00:00","article_modified_time":"2024-08-07T17:43:04+00:00","og_image":[{"width":1920,"height":600,"url":"https:\/\/news.sap.com\/sweden\/files\/2023\/04\/27\/291313_GettyImages-1306130049_f.jpg","type":"image\/jpeg"}],"author":"Antti Soini, vd 麻豆原创 Svenska","twitter_card":"summary_large_image","twitter_misc":{"Skriven av":"Antti Soini, vd 麻豆原创 Svenska","Ber\u00e4knad l\u00e4stid":"4 minuter"},"schema":{"@context":"https:\/\/schema.org","@graph":[{"@type":"Article","@id":"https:\/\/news.sap.com\/sweden\/2023\/04\/teknikforetagen-maste-ta-ledningen-i-hallbarhetsarbetet\/#article","isPartOf":{"@id":"https:\/\/news.sap.com\/sweden\/2023\/04\/teknikforetagen-maste-ta-ledningen-i-hallbarhetsarbetet\/"},"author":{"name":"Antti Soini, vd 麻豆原创 Svenska","@id":"https:\/\/news.sap.com\/sweden\/#\/schema\/person\/77a206e586f4e895144738dbe75c3bfa"},"headline":"Teknikf\u00f6retagen m\u00e5ste ta ledningen i h\u00e5llbarhetsarbetet","datePublished":"2023-04-28T05:30:21+00:00","dateModified":"2024-08-07T17:43:04+00:00","mainEntityOfPage":{"@id":"https:\/\/news.sap.com\/sweden\/2023\/04\/teknikforetagen-maste-ta-ledningen-i-hallbarhetsarbetet\/"},"wordCount":803,"image":{"@id":"https:\/\/news.sap.com\/sweden\/2023\/04\/teknikforetagen-maste-ta-ledningen-i-hallbarhetsarbetet\/#primaryimage"},"thumbnailUrl":"https:\/\/news.sap.com\/sweden\/files\/2023\/04\/27\/291313_GettyImages-1306130049_f.jpg","keywords":["Antti Soini","FN","H\" Green Steel","IPCC","Mattias Klum","Scania Group","SEB","sustainability","Vattenfall","World Business Council for Sustainable Development"],"articleSection":["Ekosystem","Event","L\u00f6sningar"],"inLanguage":"sv-SE"},{"@type":"WebPage","@id":"https:\/\/news.sap.com\/sweden\/2023\/04\/teknikforetagen-maste-ta-ledningen-i-hallbarhetsarbetet\/","url":"https:\/\/news.sap.com\/sweden\/2023\/04\/teknikforetagen-maste-ta-ledningen-i-hallbarhetsarbetet\/","name":"Teknikf\u00f6retagen m\u00e5ste ta ledningen i h\u00e5llbarhetsarbetet - 麻豆原创 Sweden Nyheter","isPartOf":{"@id":"https:\/\/news.sap.com\/sweden\/#website"},"primaryImageOfPage":{"@id":"https:\/\/news.sap.com\/sweden\/2023\/04\/teknikforetagen-maste-ta-ledningen-i-hallbarhetsarbetet\/#primaryimage"},"image":{"@id":"https:\/\/news.sap.com\/sweden\/2023\/04\/teknikforetagen-maste-ta-ledningen-i-hallbarhetsarbetet\/#primaryimage"},"thumbnailUrl":"https:\/\/news.sap.com\/sweden\/files\/2023\/04\/27\/291313_GettyImages-1306130049_f.jpg","datePublished":"2023-04-28T05:30:21+00:00","dateModified":"2024-08-07T17:43:04+00:00","author":{"@id":"https:\/\/news.sap.com\/sweden\/#\/schema\/person\/77a206e586f4e895144738dbe75c3bfa"},"breadcrumb":{"@id":"https:\/\/news.sap.com\/sweden\/2023\/04\/teknikforetagen-maste-ta-ledningen-i-hallbarhetsarbetet\/#breadcrumb"},"inLanguage":"sv-SE","potentialAction":[{"@type":"ReadAction","target":["https:\/\/news.sap.com\/sweden\/2023\/04\/teknikforetagen-maste-ta-ledningen-i-hallbarhetsarbetet\/"]}]},{"@type":"ImageObject","inLanguage":"sv-SE","@id":"https:\/\/news.sap.com\/sweden\/2023\/04\/teknikforetagen-maste-ta-ledningen-i-hallbarhetsarbetet\/#primaryimage","url":"https:\/\/news.sap.com\/sweden\/files\/2023\/04\/27\/291313_GettyImages-1306130049_f.jpg","contentUrl":"https:\/\/news.sap.com\/sweden\/files\/2023\/04\/27\/291313_GettyImages-1306130049_f.jpg","width":1920,"height":600},{"@type":"BreadcrumbList","@id":"https:\/\/news.sap.com\/sweden\/2023\/04\/teknikforetagen-maste-ta-ledningen-i-hallbarhetsarbetet\/#breadcrumb","itemListElement":[{"@type":"ListItem","position":1,"name":"Home","item":"https:\/\/news.sap.com\/sweden\/"},{"@type":"ListItem","position":2,"name":"Teknikf\u00f6retagen m\u00e5ste ta ledningen i h\u00e5llbarhetsarbetet"}]},{"@type":"WebSite","@id":"https:\/\/news.sap.com\/sweden\/#website","url":"https:\/\/news.sap.com\/sweden\/","name":"麻豆原创 Sweden Nyheter","description":"Nyheter och information om 麻豆原创","potentialAction":[{"@type":"SearchAction","target":{"@type":"EntryPoint","urlTemplate":"https:\/\/news.sap.com\/sweden\/?s={search_term_string}"},"query-input":{"@type":"PropertyValueSpecification","valueRequired":true,"valueName":"search_term_string"}}],"inLanguage":"sv-SE"},{"@type":"Person","@id":"https:\/\/news.sap.com\/sweden\/#\/schema\/person\/77a206e586f4e895144738dbe75c3bfa","name":"Antti Soini, vd 麻豆原创 Svenska","image":{"@type":"ImageObject","inLanguage":"sv-SE","@id":"https:\/\/news.sap.com\/sweden\/#\/schema\/person\/image\/","url":"https:\/\/news.sap.com\/sweden\/wp-content\/plugins\/wp-user-avatars\/wp-user-avatars\/assets\/images\/mystery.jpg","contentUrl":"https:\/\/news.sap.com\/sweden\/wp-content\/plugins\/wp-user-avatars\/wp-user-avatars\/assets\/images\/mystery.jpg","caption":"Antti Soini, vd 麻豆原创 Svenska"},"url":"https:\/\/news.sap.com\/sweden\/author\/anttisoinivdsapsvenska\/"}]}},"amp_enabled":true,"_links":{"self":[{"href":"https:\/\/news.sap.com\/sweden\/wp-json\/wp\/v2\/posts\/3673","targetHints":{"allow":["GET"]}}],"collection":[{"href":"https:\/\/news.sap.com\/sweden\/wp-json\/wp\/v2\/posts"}],"about":[{"href":"https:\/\/news.sap.com\/sweden\/wp-json\/wp\/v2\/types\/post"}],"author":[{"embeddable":true,"href":"https:\/\/news.sap.com\/sweden\/wp-json\/wp\/v2\/users\/4366"}],"replies":[{"embeddable":true,"href":"https:\/\/news.sap.com\/sweden\/wp-json\/wp\/v2\/comments?post=3673"}],"version-history":[{"count":0,"href":"https:\/\/news.sap.com\/sweden\/wp-json\/wp\/v2\/posts\/3673\/revisions"}],"wp:featuredmedia":[{"embeddable":true,"href":"https:\/\/news.sap.com\/sweden\/wp-json\/wp\/v2\/media\/3676"}],"wp:attachment":[{"href":"https:\/\/news.sap.com\/sweden\/wp-json\/wp\/v2\/media?parent=3673"}],"wp:term":[{"taxonomy":"category","embeddable":true,"href":"https:\/\/news.sap.com\/sweden\/wp-json\/wp\/v2\/categories?post=3673"},{"taxonomy":"post_tag","embeddable":true,"href":"https:\/\/news.sap.com\/sweden\/wp-json\/wp\/v2\/tags?post=3673"},{"taxonomy":"sapn-display","embeddable":true,"href":"https:\/\/news.sap.com\/sweden\/wp-json\/wp\/v2\/sapn-display?post=3673"},{"taxonomy":"sapn-type","embeddable":true,"href":"https:\/\/news.sap.com\/sweden\/wp-json\/wp\/v2\/sapn-type?post=3673"}],"curies":[{"name":"wp","href":"https:\/\/api.w.org\/{rel}","templated":true}]}}