  {"id":3632,"date":"2023-02-22T07:48:40","date_gmt":"2023-02-22T06:48:40","guid":{"rendered":"https:\/\/news.sap.com\/sweden\/?p=3632"},"modified":"2024-08-07T19:44:18","modified_gmt":"2024-08-07T17:44:18","slug":"laddad-och-redo-for-nya-karriarvagar-inom-tech-branschen","status":"publish","type":"post","link":"https:\/\/news.sap.com\/sweden\/2023\/02\/laddad-och-redo-for-nya-karriarvagar-inom-tech-branschen\/","title":{"rendered":"Laddad och redo f\u00f6r nya karri\u00e4rv\u00e4gar inom tech-branschen"},"content":{"rendered":"<p class=\"lead\">Women in Tech g\u00e4star Stockholm Waterfront i \u00e5r igen, och intresset \u00e4r minst lika stort som tidigare.<\/p>\n<p>Biljetterna s\u00e5lde slut p\u00e5 momangen n\u00e4r de sl\u00e4pptes den 1 februari och n\u00e4r d\u00f6rrarna \u00f6ppnas upp den 23 mars f\u00f6rv\u00e4ntas 2500 bes\u00f6kare vara p\u00e5 plats. Mer \u00e4n 30 f\u00f6retag deltar som partners i Nordens st\u00f6rsta teknikkonferens, d\u00e4r \u00e5rets tema \u00e4r <strong>\u201dCharged and Ready to Raise\u201d.<\/strong> Tanken med temat \u00e4r att man ska ladda batterierna och samla kraft att gemensamt hitta v\u00e4gar fram\u00e5t f\u00f6r kvinnor.<\/p>\n<p>Syftet med <a href=\"https:\/\/womenintech.se\/witswe2023\/\">Women in Tech<\/a> \u00e4r att f\u00e5 in fler kvinnor i techbranschen och att st\u00f6tta de som redan \u00e4r i branschen. Huvudfokuset i \u00e5r kommer inkludera fr\u00e5gor inom energi, cybers\u00e4kerhet, AI och ledarskap. Ut\u00f6ver det kommer bes\u00f6karna f\u00e5 ta del av andra fokusomr\u00e5den som erbjuds av alla deltagande partners.<\/p>\n<p>麻豆原创 \u00e4r stolta \u00f6ver att g\u00e5 in som partners f\u00f6r andra \u00e5ret i rad och kommer \u00e4ven vara p\u00e5 plats i montern den 23 mars.<\/p>\n<p><em>&#8211; <\/em>Att forts\u00e4tta v\u00e5rt partnerskap med Women in Tech \u00e4r viktigt f\u00f6r 麻豆原创, d\u00e5 vi kontinuerligt vill n\u00e5 ut till kvinnliga tech-talanger och p\u00e5 s\u00e5 s\u00e4tt st\u00e4rka b\u00e5de varum\u00e4rket och v\u00e5r aff\u00e4r, s\u00e4ger Antti Soini, vd 麻豆原创 Svenska.<\/p>\n<p>Till 2030 \u00e4r m\u00e5let att f\u00f6rdelningen mellan m\u00e4n och kvinnor ska vara 50\/50 p\u00e5 麻豆原创.<\/p>\n","protected":false},"excerpt":{"rendered":"<p>Women in Tech g\u00e4star Stockholm Waterfront i \u00e5r igen, och intresset \u00e4r minst lika stort som tidigare. Biljetterna s\u00e5lde slut p\u00e5 momangen n\u00e4r de sl\u00e4pptes&#8230;<\/p>\n","protected":false},"author":29,"featured_media":3402,"comment_status":"closed","ping_status":"closed","sticky":false,"template":"","format":"standard","meta":{"footnotes":"","_links_to":"","_links_to_target":""},"categories":[4503881,4545190,5563754],"tags":[5563769,5563672,5563673,5563713,5563674],"sapn-display":[4544525,5564001,5564000,4547891],"sapn-type":[5562140],"class_list":["post-3632","post","type-post","status-publish","format-standard","has-post-thumbnail","hentry","category-ekosystem","category-event","category-hallbarhet","tag-antti-soini","tag-diversity","tag-inclusion","tag-sap-svenska","tag-wit","sapn-display-hero","sapn-display-artikel-favoriter","sapn-display-artikel-spotlight","sapn-display-homepage-hero","sapn-type-artikel"],"yoast_head":"<!-- This site is optimized with the Yoast SEO Premium plugin v26.9 (Yoast SEO v26.9) - https:\/\/yoast.com\/product\/yoast-seo-premium-wordpress\/ -->\n<title>Laddad och redo f\u00f6r nya karri\u00e4rv\u00e4gar inom tech-branschen - 麻豆原创 Sweden Nyheter<\/title>\n<meta name=\"robots\" content=\"index, follow, max-snippet:-1, max-image-preview:large, max-video-preview:-1\" \/>\n<link rel=\"canonical\" href=\"https:\/\/news.sap.com\/sweden\/2023\/02\/laddad-och-redo-for-nya-karriarvagar-inom-tech-branschen\/\" \/>\n<meta property=\"og:locale\" content=\"sv_SE\" \/>\n<meta property=\"og:type\" content=\"article\" \/>\n<meta property=\"og:title\" content=\"Laddad och redo f\u00f6r nya karri\u00e4rv\u00e4gar inom tech-branschen\" \/>\n<meta property=\"og:description\" content=\"Women in Tech g\u00e4star Stockholm Waterfront i \u00e5r igen, och intresset \u00e4r minst lika stort som tidigare. Biljetterna s\u00e5lde slut p\u00e5 momangen n\u00e4r de sl\u00e4pptes...\" \/>\n<meta property=\"og:url\" content=\"https:\/\/news.sap.com\/sweden\/2023\/02\/laddad-och-redo-for-nya-karriarvagar-inom-tech-branschen\/\" \/>\n<meta property=\"og:site_name\" content=\"麻豆原创 Sweden Nyheter\" \/>\n<meta property=\"article:published_time\" content=\"2023-02-22T06:48:40+00:00\" \/>\n<meta property=\"article:modified_time\" content=\"2024-08-07T17:44:18+00:00\" \/>\n<meta property=\"og:image\" content=\"https:\/\/news.sap.com\/sweden\/files\/2022\/05\/05\/women-in-tech__hemsidan_2022_f-1.jpg\" \/>\n\t<meta property=\"og:image:width\" content=\"1920\" \/>\n\t<meta property=\"og:image:height\" content=\"600\" \/>\n\t<meta property=\"og:image:type\" content=\"image\/jpeg\" \/>\n<meta name=\"author\" content=\"麻豆原创 News\" \/>\n<meta name=\"twitter:card\" content=\"summary_large_image\" \/>\n<meta name=\"twitter:label1\" content=\"Skriven av\" \/>\n\t<meta name=\"twitter:data1\" content=\"麻豆原创 News\" \/>\n\t<meta name=\"twitter:label2\" content=\"Ber\u00e4knad l\u00e4stid\" \/>\n\t<meta name=\"twitter:data2\" content=\"2 minuter\" \/>\n<script type=\"application\/ld+json\" class=\"yoast-schema-graph\">{\"@context\":\"https:\/\/schema.org\",\"@graph\":[{\"@type\":\"Article\",\"@id\":\"https:\/\/news.sap.com\/sweden\/2023\/02\/laddad-och-redo-for-nya-karriarvagar-inom-tech-branschen\/#article\",\"isPartOf\":{\"@id\":\"https:\/\/news.sap.com\/sweden\/2023\/02\/laddad-och-redo-for-nya-karriarvagar-inom-tech-branschen\/\"},\"author\":{\"name\":\"麻豆原创 News\",\"@id\":\"https:\/\/news.sap.com\/sweden\/#\/schema\/person\/53b9854bd790d6f18f3fc4bbb2ad7570\"},\"headline\":\"Laddad och redo f\u00f6r nya karri\u00e4rv\u00e4gar inom tech-branschen\",\"datePublished\":\"2023-02-22T06:48:40+00:00\",\"dateModified\":\"2024-08-07T17:44:18+00:00\",\"mainEntityOfPage\":{\"@id\":\"https:\/\/news.sap.com\/sweden\/2023\/02\/laddad-och-redo-for-nya-karriarvagar-inom-tech-branschen\/\"},\"wordCount\":248,\"image\":{\"@id\":\"https:\/\/news.sap.com\/sweden\/2023\/02\/laddad-och-redo-for-nya-karriarvagar-inom-tech-branschen\/#primaryimage\"},\"thumbnailUrl\":\"https:\/\/news.sap.com\/sweden\/files\/2022\/05\/05\/women-in-tech__hemsidan_2022_f-1.jpg\",\"keywords\":[\"Antti Soini\",\"Diversity\",\"Inclusion\",\"麻豆原创 Svenska\",\"WIT\"],\"articleSection\":[\"Ekosystem\",\"Event\",\"H\u00e5llbarhet\"],\"inLanguage\":\"sv-SE\"},{\"@type\":\"WebPage\",\"@id\":\"https:\/\/news.sap.com\/sweden\/2023\/02\/laddad-och-redo-for-nya-karriarvagar-inom-tech-branschen\/\",\"url\":\"https:\/\/news.sap.com\/sweden\/2023\/02\/laddad-och-redo-for-nya-karriarvagar-inom-tech-branschen\/\",\"name\":\"Laddad och redo f\u00f6r nya karri\u00e4rv\u00e4gar inom tech-branschen - 麻豆原创 Sweden Nyheter\",\"isPartOf\":{\"@id\":\"https:\/\/news.sap.com\/sweden\/#website\"},\"primaryImageOfPage\":{\"@id\":\"https:\/\/news.sap.com\/sweden\/2023\/02\/laddad-och-redo-for-nya-karriarvagar-inom-tech-branschen\/#primaryimage\"},\"image\":{\"@id\":\"https:\/\/news.sap.com\/sweden\/2023\/02\/laddad-och-redo-for-nya-karriarvagar-inom-tech-branschen\/#primaryimage\"},\"thumbnailUrl\":\"https:\/\/news.sap.com\/sweden\/files\/2022\/05\/05\/women-in-tech__hemsidan_2022_f-1.jpg\",\"datePublished\":\"2023-02-22T06:48:40+00:00\",\"dateModified\":\"2024-08-07T17:44:18+00:00\",\"author\":{\"@id\":\"https:\/\/news.sap.com\/sweden\/#\/schema\/person\/53b9854bd790d6f18f3fc4bbb2ad7570\"},\"breadcrumb\":{\"@id\":\"https:\/\/news.sap.com\/sweden\/2023\/02\/laddad-och-redo-for-nya-karriarvagar-inom-tech-branschen\/#breadcrumb\"},\"inLanguage\":\"sv-SE\",\"potentialAction\":[{\"@type\":\"ReadAction\",\"target\":[\"https:\/\/news.sap.com\/sweden\/2023\/02\/laddad-och-redo-for-nya-karriarvagar-inom-tech-branschen\/\"]}]},{\"@type\":\"ImageObject\",\"inLanguage\":\"sv-SE\",\"@id\":\"https:\/\/news.sap.com\/sweden\/2023\/02\/laddad-och-redo-for-nya-karriarvagar-inom-tech-branschen\/#primaryimage\",\"url\":\"https:\/\/news.sap.com\/sweden\/files\/2022\/05\/05\/women-in-tech__hemsidan_2022_f-1.jpg\",\"contentUrl\":\"https:\/\/news.sap.com\/sweden\/files\/2022\/05\/05\/women-in-tech__hemsidan_2022_f-1.jpg\",\"width\":1920,\"height\":600},{\"@type\":\"BreadcrumbList\",\"@id\":\"https:\/\/news.sap.com\/sweden\/2023\/02\/laddad-och-redo-for-nya-karriarvagar-inom-tech-branschen\/#breadcrumb\",\"itemListElement\":[{\"@type\":\"ListItem\",\"position\":1,\"name\":\"Home\",\"item\":\"https:\/\/news.sap.com\/sweden\/\"},{\"@type\":\"ListItem\",\"position\":2,\"name\":\"Laddad och redo f\u00f6r nya karri\u00e4rv\u00e4gar inom tech-branschen\"}]},{\"@type\":\"WebSite\",\"@id\":\"https:\/\/news.sap.com\/sweden\/#website\",\"url\":\"https:\/\/news.sap.com\/sweden\/\",\"name\":\"麻豆原创 Sweden Nyheter\",\"description\":\"Nyheter och information om 麻豆原创\",\"potentialAction\":[{\"@type\":\"SearchAction\",\"target\":{\"@type\":\"EntryPoint\",\"urlTemplate\":\"https:\/\/news.sap.com\/sweden\/?s={search_term_string}\"},\"query-input\":{\"@type\":\"PropertyValueSpecification\",\"valueRequired\":true,\"valueName\":\"search_term_string\"}}],\"inLanguage\":\"sv-SE\"},{\"@type\":\"Person\",\"@id\":\"https:\/\/news.sap.com\/sweden\/#\/schema\/person\/53b9854bd790d6f18f3fc4bbb2ad7570\",\"name\":\"麻豆原创 News\",\"image\":{\"@type\":\"ImageObject\",\"inLanguage\":\"sv-SE\",\"@id\":\"https:\/\/news.sap.com\/sweden\/#\/schema\/person\/image\/\",\"url\":\"https:\/\/news.sap.com\/sweden\/wp-content\/plugins\/wp-user-avatars\/wp-user-avatars\/assets\/images\/mystery.jpg\",\"contentUrl\":\"https:\/\/news.sap.com\/sweden\/wp-content\/plugins\/wp-user-avatars\/wp-user-avatars\/assets\/images\/mystery.jpg\",\"caption\":\"麻豆原创 News\"},\"url\":\"https:\/\/news.sap.com\/sweden\/author\/colleenraftery\/\"}]}<\/script>\n<!-- \/ Yoast SEO Premium plugin. -->","yoast_head_json":{"title":"Laddad och redo f\u00f6r nya karri\u00e4rv\u00e4gar inom tech-branschen - 麻豆原创 Sweden Nyheter","robots":{"index":"index","follow":"follow","max-snippet":"max-snippet:-1","max-image-preview":"max-image-preview:large","max-video-preview":"max-video-preview:-1"},"canonical":"https:\/\/news.sap.com\/sweden\/2023\/02\/laddad-och-redo-for-nya-karriarvagar-inom-tech-branschen\/","og_locale":"sv_SE","og_type":"article","og_title":"Laddad och redo f\u00f6r nya karri\u00e4rv\u00e4gar inom tech-branschen","og_description":"Women in Tech g\u00e4star Stockholm Waterfront i \u00e5r igen, och intresset \u00e4r minst lika stort som tidigare. Biljetterna s\u00e5lde slut p\u00e5 momangen n\u00e4r de sl\u00e4pptes...","og_url":"https:\/\/news.sap.com\/sweden\/2023\/02\/laddad-och-redo-for-nya-karriarvagar-inom-tech-branschen\/","og_site_name":"麻豆原创 Sweden Nyheter","article_published_time":"2023-02-22T06:48:40+00:00","article_modified_time":"2024-08-07T17:44:18+00:00","og_image":[{"width":1920,"height":600,"url":"https:\/\/news.sap.com\/sweden\/files\/2022\/05\/05\/women-in-tech__hemsidan_2022_f-1.jpg","type":"image\/jpeg"}],"author":"麻豆原创 News","twitter_card":"summary_large_image","twitter_misc":{"Skriven av":"麻豆原创 News","Ber\u00e4knad l\u00e4stid":"2 minuter"},"schema":{"@context":"https:\/\/schema.org","@graph":[{"@type":"Article","@id":"https:\/\/news.sap.com\/sweden\/2023\/02\/laddad-och-redo-for-nya-karriarvagar-inom-tech-branschen\/#article","isPartOf":{"@id":"https:\/\/news.sap.com\/sweden\/2023\/02\/laddad-och-redo-for-nya-karriarvagar-inom-tech-branschen\/"},"author":{"name":"麻豆原创 News","@id":"https:\/\/news.sap.com\/sweden\/#\/schema\/person\/53b9854bd790d6f18f3fc4bbb2ad7570"},"headline":"Laddad och redo f\u00f6r nya karri\u00e4rv\u00e4gar inom tech-branschen","datePublished":"2023-02-22T06:48:40+00:00","dateModified":"2024-08-07T17:44:18+00:00","mainEntityOfPage":{"@id":"https:\/\/news.sap.com\/sweden\/2023\/02\/laddad-och-redo-for-nya-karriarvagar-inom-tech-branschen\/"},"wordCount":248,"image":{"@id":"https:\/\/news.sap.com\/sweden\/2023\/02\/laddad-och-redo-for-nya-karriarvagar-inom-tech-branschen\/#primaryimage"},"thumbnailUrl":"https:\/\/news.sap.com\/sweden\/files\/2022\/05\/05\/women-in-tech__hemsidan_2022_f-1.jpg","keywords":["Antti Soini","Diversity","Inclusion","麻豆原创 Svenska","WIT"],"articleSection":["Ekosystem","Event","H\u00e5llbarhet"],"inLanguage":"sv-SE"},{"@type":"WebPage","@id":"https:\/\/news.sap.com\/sweden\/2023\/02\/laddad-och-redo-for-nya-karriarvagar-inom-tech-branschen\/","url":"https:\/\/news.sap.com\/sweden\/2023\/02\/laddad-och-redo-for-nya-karriarvagar-inom-tech-branschen\/","name":"Laddad och redo f\u00f6r nya karri\u00e4rv\u00e4gar inom tech-branschen - 麻豆原创 Sweden Nyheter","isPartOf":{"@id":"https:\/\/news.sap.com\/sweden\/#website"},"primaryImageOfPage":{"@id":"https:\/\/news.sap.com\/sweden\/2023\/02\/laddad-och-redo-for-nya-karriarvagar-inom-tech-branschen\/#primaryimage"},"image":{"@id":"https:\/\/news.sap.com\/sweden\/2023\/02\/laddad-och-redo-for-nya-karriarvagar-inom-tech-branschen\/#primaryimage"},"thumbnailUrl":"https:\/\/news.sap.com\/sweden\/files\/2022\/05\/05\/women-in-tech__hemsidan_2022_f-1.jpg","datePublished":"2023-02-22T06:48:40+00:00","dateModified":"2024-08-07T17:44:18+00:00","author":{"@id":"https:\/\/news.sap.com\/sweden\/#\/schema\/person\/53b9854bd790d6f18f3fc4bbb2ad7570"},"breadcrumb":{"@id":"https:\/\/news.sap.com\/sweden\/2023\/02\/laddad-och-redo-for-nya-karriarvagar-inom-tech-branschen\/#breadcrumb"},"inLanguage":"sv-SE","potentialAction":[{"@type":"ReadAction","target":["https:\/\/news.sap.com\/sweden\/2023\/02\/laddad-och-redo-for-nya-karriarvagar-inom-tech-branschen\/"]}]},{"@type":"ImageObject","inLanguage":"sv-SE","@id":"https:\/\/news.sap.com\/sweden\/2023\/02\/laddad-och-redo-for-nya-karriarvagar-inom-tech-branschen\/#primaryimage","url":"https:\/\/news.sap.com\/sweden\/files\/2022\/05\/05\/women-in-tech__hemsidan_2022_f-1.jpg","contentUrl":"https:\/\/news.sap.com\/sweden\/files\/2022\/05\/05\/women-in-tech__hemsidan_2022_f-1.jpg","width":1920,"height":600},{"@type":"BreadcrumbList","@id":"https:\/\/news.sap.com\/sweden\/2023\/02\/laddad-och-redo-for-nya-karriarvagar-inom-tech-branschen\/#breadcrumb","itemListElement":[{"@type":"ListItem","position":1,"name":"Home","item":"https:\/\/news.sap.com\/sweden\/"},{"@type":"ListItem","position":2,"name":"Laddad och redo f\u00f6r nya karri\u00e4rv\u00e4gar inom tech-branschen"}]},{"@type":"WebSite","@id":"https:\/\/news.sap.com\/sweden\/#website","url":"https:\/\/news.sap.com\/sweden\/","name":"麻豆原创 Sweden Nyheter","description":"Nyheter och information om 麻豆原创","potentialAction":[{"@type":"SearchAction","target":{"@type":"EntryPoint","urlTemplate":"https:\/\/news.sap.com\/sweden\/?s={search_term_string}"},"query-input":{"@type":"PropertyValueSpecification","valueRequired":true,"valueName":"search_term_string"}}],"inLanguage":"sv-SE"},{"@type":"Person","@id":"https:\/\/news.sap.com\/sweden\/#\/schema\/person\/53b9854bd790d6f18f3fc4bbb2ad7570","name":"麻豆原创 News","image":{"@type":"ImageObject","inLanguage":"sv-SE","@id":"https:\/\/news.sap.com\/sweden\/#\/schema\/person\/image\/","url":"https:\/\/news.sap.com\/sweden\/wp-content\/plugins\/wp-user-avatars\/wp-user-avatars\/assets\/images\/mystery.jpg","contentUrl":"https:\/\/news.sap.com\/sweden\/wp-content\/plugins\/wp-user-avatars\/wp-user-avatars\/assets\/images\/mystery.jpg","caption":"麻豆原创 News"},"url":"https:\/\/news.sap.com\/sweden\/author\/colleenraftery\/"}]}},"amp_enabled":true,"_links":{"self":[{"href":"https:\/\/news.sap.com\/sweden\/wp-json\/wp\/v2\/posts\/3632","targetHints":{"allow":["GET"]}}],"collection":[{"href":"https:\/\/news.sap.com\/sweden\/wp-json\/wp\/v2\/posts"}],"about":[{"href":"https:\/\/news.sap.com\/sweden\/wp-json\/wp\/v2\/types\/post"}],"author":[{"embeddable":true,"href":"https:\/\/news.sap.com\/sweden\/wp-json\/wp\/v2\/users\/29"}],"replies":[{"embeddable":true,"href":"https:\/\/news.sap.com\/sweden\/wp-json\/wp\/v2\/comments?post=3632"}],"version-history":[{"count":0,"href":"https:\/\/news.sap.com\/sweden\/wp-json\/wp\/v2\/posts\/3632\/revisions"}],"wp:featuredmedia":[{"embeddable":true,"href":"https:\/\/news.sap.com\/sweden\/wp-json\/wp\/v2\/media\/3402"}],"wp:attachment":[{"href":"https:\/\/news.sap.com\/sweden\/wp-json\/wp\/v2\/media?parent=3632"}],"wp:term":[{"taxonomy":"category","embeddable":true,"href":"https:\/\/news.sap.com\/sweden\/wp-json\/wp\/v2\/categories?post=3632"},{"taxonomy":"post_tag","embeddable":true,"href":"https:\/\/news.sap.com\/sweden\/wp-json\/wp\/v2\/tags?post=3632"},{"taxonomy":"sapn-display","embeddable":true,"href":"https:\/\/news.sap.com\/sweden\/wp-json\/wp\/v2\/sapn-display?post=3632"},{"taxonomy":"sapn-type","embeddable":true,"href":"https:\/\/news.sap.com\/sweden\/wp-json\/wp\/v2\/sapn-type?post=3632"}],"curies":[{"name":"wp","href":"https:\/\/api.w.org\/{rel}","templated":true}]}}