  {"id":3627,"date":"2023-02-15T08:00:33","date_gmt":"2023-02-15T07:00:33","guid":{"rendered":"https:\/\/news.sap.com\/sweden\/?p=3627"},"modified":"2024-08-07T19:44:20","modified_gmt":"2024-08-07T17:44:20","slug":"foretagen-behover-lagkodsverktyg-for-att-kunna-stalla-om","status":"publish","type":"post","link":"https:\/\/news.sap.com\/sweden\/2023\/02\/foretagen-behover-lagkodsverktyg-for-att-kunna-stalla-om\/","title":{"rendered":"F\u00f6retagen beh\u00f6ver l\u00e5gkodsverktyg f\u00f6r att kunna st\u00e4lla om"},"content":{"rendered":"<p class=\"lead\"><strong>Runt om i landet arbetas det h\u00e5rt p\u00e5 svenska f\u00f6retag f\u00f6r att m\u00f6ta alla nya utmaningar i omv\u00e4rlden och \u00f6kade krav p\u00e5 l\u00e5ngsiktig h\u00e5llbarhet. Den omst\u00e4llningen \u00e4r n\u00f6dv\u00e4ndig och kr\u00e4ver stora satsningar p\u00e5 innovation och ny teknik. <\/strong><\/p>\n<p>Men trots en h\u00f6g efterfr\u00e5gan p\u00e5 utvecklare \u00e4r bristen enorm. F\u00f6r att lyckas st\u00e4lla om m\u00e5ste fler satsa p\u00e5 l\u00e5gkodsverktyg (low-code och no-code) som g\u00f6r att vanliga anv\u00e4ndare kan bygga applikationer utan kunskaper inom programutveckling.<\/p>\n<p>Enligt en f\u00e4rsk unders\u00f6kning av IDC upplever n\u00e4stan h\u00e4lften (48 procent) av de tillfr\u00e5gade att brist p\u00e5 utvecklare g\u00f6r det sv\u00e5rt att m\u00f6ta dagens behov. Det h\u00e4r antar man vara en av anledningarna till att bara \u00e5tta procent av f\u00f6retagen v\u00e4rlden \u00f6ver har kunnat n\u00e5 sina uppsatta m\u00e5l f\u00f6r den digitala transformationen.<\/p>\n<p>Den negativa trenden syns p\u00e5 flera h\u00e5ll. PWC:s senaste unders\u00f6kning \u201dGlobal Workforce Hopes and Fears\u201d visar att 29 procent uppger att deras land saknar resurser f\u00f6r att kunna utf\u00f6ra viktigt arbete inom bland annat h\u00e4lso- och sjukv\u00e5rd, teknik, media och telekommunikation. F\u00f6r att minska kompetensgapet investerar m\u00e5nga f\u00f6retag (40 procent) i kompetensutveckling och utbildningsprogram, medan andra (30 procent) h\u00f6jer l\u00f6nerna f\u00f6r att beh\u00e5lla sin b\u00e4sta medarbetare.<\/p>\n<p><strong>S\u00e5 bromsar vi sn\u00f6bollseffekten<\/strong><\/p>\n<p>Behovet av mjukvaruutvecklare har aldrig varit s\u00e5 stort som i dag. Bristen p\u00e5verkar inte bara f\u00f6retagens tillv\u00e4xt och innovation, utan leder ocks\u00e5 till att utvecklare i allt h\u00f6gre grad m\u00e5ste \u00f6verkompensera p\u00e5 arbetet och br\u00e4nner ut sig. F\u00f6rutom att h\u00f6ja l\u00f6ner och satsa p\u00e5 kompetensutveckling, kan f\u00f6retag bromsa den befarade sn\u00f6bollseffekten genom att inf\u00f6ra fler l\u00f6sningar f\u00f6r low-code och no-code \u2013 mjukvaruutveckling som kr\u00e4ver f\u00e5 eller inga kunskaper inom programmering. I st\u00e4llet f\u00f6r textbaserade programmeringsspr\u00e5k anv\u00e4nder man d\u00e5 visuella verktyg f\u00f6r applikationsdesign och andra grafiska modelleringstekniker.<\/p>\n<p>Det h\u00e4r g\u00e4ller inte bara utvecklarna sj\u00e4lva. F\u00f6r att f\u00f6retag verkligen ska kunna st\u00e4lla om verksamheten och effektivt hantera sin kompetensbrist m\u00e5ste vi sl\u00e4ppa in de riktiga experterna \u2013 anv\u00e4ndarna. Fr\u00e5n finansanalytikern, produktionslinjechefen och personer i leverant\u00f6rskedjan, till ink\u00f6psspecialisten och marknadsf\u00f6raren.<\/p>\n<p>Genom utbildning och investering i l\u00e5gkodsverktyg kan f\u00f6retag ta mjukvaruutvecklingen fr\u00e5n \u00f6verfyllda skrivbord och l\u00e4gga den i h\u00e4nderna p\u00e5 de verkliga anv\u00e4ndarna. Anst\u00e4llda utan programmeringserfarenhet blir p\u00e5 s\u00e5 s\u00e4tt medborgarutvecklare som kan skapa och underh\u00e5lla utvalda program. Det g\u00f6r att erfarna utvecklare slipper enkla och rutinm\u00e4ssiga uppdrag och i st\u00e4llet kan l\u00e4gga mer tid p\u00e5 strategiska fr\u00e5gor.<\/p>\n<p><strong>Low-code \u2013 \u00e4ven f\u00f6r professionella utvecklare<\/strong><\/p>\n<p>Men det \u00e4r inte bara lekm\u00e4n som kan utnyttja low-code och no-code. Professionella utvecklare kan bland annat anv\u00e4nda den till uppgifter som \u00e4r f\u00f6r komplexa f\u00f6r en icke-teknisk anv\u00e4ndare, som s\u00e4kerhetsfunktioner, eller f\u00f6r att utveckla billigare program som sedan kan skalas upp. B\u00e5da dessa exempel kr\u00e4ver viss professionell erfarenhet, men med hj\u00e4lp av l\u00e5gkodning kan utvecklingen ske p\u00e5 ett mer effektivt s\u00e4tt.<\/p>\n<p>Det \u00e4r dags f\u00f6r teknikf\u00f6retagen att skapa en framtid d\u00e4r alla f\u00e5r plats \u2013 fr\u00e5n den molnbaserade utvecklaren och datavetaren till f\u00f6retagsarkitekten, apputvecklaren, UX-designern \u00e4nda ner till anv\u00e4ndare utan programmeringskunnande. Behovet \u00e4r stort. Den totala marknaden f\u00f6r applikationsutveckling med l\u00e5gkodsverktyg och processautomatisering har v\u00e4xt stadigt och f\u00f6rv\u00e4ntas n\u00e5 159 miljarder USD i \u00e5r, en tydlig \u00f6kning fr\u00e5n \u00e5rets 27 miljoner.<\/p>\n<p><strong>麻豆原创 Build \u2013 alla f\u00f6retag kan bli teknikf\u00f6retag<\/strong><\/p>\n<p>F\u00f6r att st\u00f6tta v\u00e5ra kunder lanserade vi nyligen 麻豆原创 Build \u2013 en upps\u00e4ttning verktyg som g\u00f6r att vanliga f\u00f6retagsanv\u00e4ndare kan dra nytta av v\u00e5r teknik f\u00f6r att bygga applikationer, utan djupa kunskaper i utveckling och kod. Med hj\u00e4lp av 麻豆原创 Build kan vi bidra till att g\u00f6ra anv\u00e4ndarna \u00e4nnu mer delaktiga. Och samtidigt mildra effekterna av den globala bristen p\u00e5 IT-kompetens genom att f\u00f6rvandla alla anst\u00e4llda till utvecklare, och alla f\u00f6retag \u2013 oavsett storlek eller industri \u2013 till teknikf\u00f6retag.<\/p>\n<p>Verktyg f\u00f6r low-code och no-code \u00e4r en del av l\u00f6sningen p\u00e5 m\u00e5nga av de problem vi ser p\u00e5 marknaden i dag. F\u00f6retagsanv\u00e4ndare kan jobba snabbare och mer effektivt, samtidigt som IT-teamen kan fokusera p\u00e5 mer kritiska uppgifter. Tv\u00e5 parametrar som tillsammans skapar goda f\u00f6ruts\u00e4ttningar att st\u00e4lla om.<\/p>\n<p><img loading=\"lazy\" decoding=\"async\" class=\"alignnone size-medium wp-image-3567\" src=\"https:\/\/news.sap.com\/sweden\/files\/2022\/10\/24\/Antti_Soini-25_04_22-300x300.jpg\" alt=\"\" width=\"300\" height=\"300\" srcset=\"https:\/\/news.sap.com\/sweden\/files\/2022\/10\/24\/Antti_Soini-25_04_22-300x300.jpg 300w, https:\/\/news.sap.com\/sweden\/files\/2022\/10\/24\/Antti_Soini-25_04_22-1024x1024.jpg 1024w, https:\/\/news.sap.com\/sweden\/files\/2022\/10\/24\/Antti_Soini-25_04_22-150x150.jpg 150w, https:\/\/news.sap.com\/sweden\/files\/2022\/10\/24\/Antti_Soini-25_04_22-768x768.jpg 768w, https:\/\/news.sap.com\/sweden\/files\/2022\/10\/24\/Antti_Soini-25_04_22-1536x1536.jpg 1536w, https:\/\/news.sap.com\/sweden\/files\/2022\/10\/24\/Antti_Soini-25_04_22-2048x2048.jpg 2048w\" sizes=\"auto, (max-width: 300px) 100vw, 300px\" \/><\/p>\n<p><em>Av: Antti Soini, vd f\u00f6r 麻豆原创 Svenska<\/em><\/p>\n","protected":false},"excerpt":{"rendered":"<p>Runt om i landet arbetas det h\u00e5rt p\u00e5 svenska f\u00f6retag f\u00f6r att m\u00f6ta alla nya utmaningar i omv\u00e4rlden och \u00f6kade krav p\u00e5 l\u00e5ngsiktig h\u00e5llbarhet. Den&#8230;<\/p>\n","protected":false},"author":4366,"featured_media":3629,"comment_status":"closed","ping_status":"closed","sticky":false,"template":"","format":"standard","meta":{"footnotes":"","_links_to":"","_links_to_target":""},"categories":[4503881,4545758],"tags":[5563769,10720,5563852,5563850,5563851,5563830],"sapn-display":[4544525,5564001,5564000,4547891],"sapn-type":[5562140],"class_list":["post-3627","post","type-post","status-publish","format-standard","has-post-thumbnail","hentry","category-ekosystem","category-losningar","tag-antti-soini","tag-idc","tag-lagkodsverktyg","tag-low-code","tag-no-code","tag-sap-build","sapn-display-hero","sapn-display-artikel-favoriter","sapn-display-artikel-spotlight","sapn-display-homepage-hero","sapn-type-artikel"],"yoast_head":"<!-- This site is optimized with the Yoast SEO Premium plugin v26.9 (Yoast SEO v26.9) - https:\/\/yoast.com\/product\/yoast-seo-premium-wordpress\/ -->\n<title>F\u00f6retagen beh\u00f6ver l\u00e5gkodsverktyg f\u00f6r att kunna st\u00e4lla om - 麻豆原创 Sweden Nyheter<\/title>\n<meta name=\"robots\" content=\"index, follow, max-snippet:-1, max-image-preview:large, max-video-preview:-1\" \/>\n<link rel=\"canonical\" href=\"https:\/\/news.sap.com\/sweden\/2023\/02\/foretagen-behover-lagkodsverktyg-for-att-kunna-stalla-om\/\" \/>\n<meta property=\"og:locale\" content=\"sv_SE\" \/>\n<meta property=\"og:type\" content=\"article\" \/>\n<meta property=\"og:title\" content=\"F\u00f6retagen beh\u00f6ver l\u00e5gkodsverktyg f\u00f6r att kunna st\u00e4lla om\" \/>\n<meta property=\"og:description\" content=\"Runt om i landet arbetas det h\u00e5rt p\u00e5 svenska f\u00f6retag f\u00f6r att m\u00f6ta alla nya utmaningar i omv\u00e4rlden och \u00f6kade krav p\u00e5 l\u00e5ngsiktig h\u00e5llbarhet. Den...\" \/>\n<meta property=\"og:url\" content=\"https:\/\/news.sap.com\/sweden\/2023\/02\/foretagen-behover-lagkodsverktyg-for-att-kunna-stalla-om\/\" \/>\n<meta property=\"og:site_name\" content=\"麻豆原创 Sweden Nyheter\" \/>\n<meta property=\"article:published_time\" content=\"2023-02-15T07:00:33+00:00\" \/>\n<meta property=\"article:modified_time\" content=\"2024-08-07T17:44:20+00:00\" \/>\n<meta property=\"og:image\" content=\"https:\/\/news.sap.com\/sweden\/files\/2023\/02\/14\/280834_GettyImages-_F.jpg\" \/>\n\t<meta property=\"og:image:width\" content=\"1920\" \/>\n\t<meta property=\"og:image:height\" content=\"601\" \/>\n\t<meta property=\"og:image:type\" content=\"image\/jpeg\" \/>\n<meta name=\"author\" content=\"Antti Soini, vd 麻豆原创 Svenska\" \/>\n<meta name=\"twitter:card\" content=\"summary_large_image\" \/>\n<meta name=\"twitter:label1\" content=\"Skriven av\" \/>\n\t<meta name=\"twitter:data1\" content=\"Antti Soini, vd 麻豆原创 Svenska\" \/>\n\t<meta name=\"twitter:label2\" content=\"Ber\u00e4knad l\u00e4stid\" \/>\n\t<meta name=\"twitter:data2\" content=\"4 minuter\" \/>\n<script type=\"application\/ld+json\" class=\"yoast-schema-graph\">{\"@context\":\"https:\/\/schema.org\",\"@graph\":[{\"@type\":\"Article\",\"@id\":\"https:\/\/news.sap.com\/sweden\/2023\/02\/foretagen-behover-lagkodsverktyg-for-att-kunna-stalla-om\/#article\",\"isPartOf\":{\"@id\":\"https:\/\/news.sap.com\/sweden\/2023\/02\/foretagen-behover-lagkodsverktyg-for-att-kunna-stalla-om\/\"},\"author\":{\"name\":\"Antti Soini, vd 麻豆原创 Svenska\",\"@id\":\"https:\/\/news.sap.com\/sweden\/#\/schema\/person\/77a206e586f4e895144738dbe75c3bfa\"},\"headline\":\"F\u00f6retagen beh\u00f6ver l\u00e5gkodsverktyg f\u00f6r att kunna st\u00e4lla om\",\"datePublished\":\"2023-02-15T07:00:33+00:00\",\"dateModified\":\"2024-08-07T17:44:20+00:00\",\"mainEntityOfPage\":{\"@id\":\"https:\/\/news.sap.com\/sweden\/2023\/02\/foretagen-behover-lagkodsverktyg-for-att-kunna-stalla-om\/\"},\"wordCount\":794,\"image\":{\"@id\":\"https:\/\/news.sap.com\/sweden\/2023\/02\/foretagen-behover-lagkodsverktyg-for-att-kunna-stalla-om\/#primaryimage\"},\"thumbnailUrl\":\"https:\/\/news.sap.com\/sweden\/files\/2023\/02\/14\/280834_GettyImages-_F.jpg\",\"keywords\":[\"Antti Soini\",\"IDC\",\"l\u00e5gkodsverktyg\",\"low-code\",\"no-code\",\"麻豆原创 Build\"],\"articleSection\":[\"Ekosystem\",\"L\u00f6sningar\"],\"inLanguage\":\"sv-SE\"},{\"@type\":\"WebPage\",\"@id\":\"https:\/\/news.sap.com\/sweden\/2023\/02\/foretagen-behover-lagkodsverktyg-for-att-kunna-stalla-om\/\",\"url\":\"https:\/\/news.sap.com\/sweden\/2023\/02\/foretagen-behover-lagkodsverktyg-for-att-kunna-stalla-om\/\",\"name\":\"F\u00f6retagen beh\u00f6ver l\u00e5gkodsverktyg f\u00f6r att kunna st\u00e4lla om - 麻豆原创 Sweden Nyheter\",\"isPartOf\":{\"@id\":\"https:\/\/news.sap.com\/sweden\/#website\"},\"primaryImageOfPage\":{\"@id\":\"https:\/\/news.sap.com\/sweden\/2023\/02\/foretagen-behover-lagkodsverktyg-for-att-kunna-stalla-om\/#primaryimage\"},\"image\":{\"@id\":\"https:\/\/news.sap.com\/sweden\/2023\/02\/foretagen-behover-lagkodsverktyg-for-att-kunna-stalla-om\/#primaryimage\"},\"thumbnailUrl\":\"https:\/\/news.sap.com\/sweden\/files\/2023\/02\/14\/280834_GettyImages-_F.jpg\",\"datePublished\":\"2023-02-15T07:00:33+00:00\",\"dateModified\":\"2024-08-07T17:44:20+00:00\",\"author\":{\"@id\":\"https:\/\/news.sap.com\/sweden\/#\/schema\/person\/77a206e586f4e895144738dbe75c3bfa\"},\"breadcrumb\":{\"@id\":\"https:\/\/news.sap.com\/sweden\/2023\/02\/foretagen-behover-lagkodsverktyg-for-att-kunna-stalla-om\/#breadcrumb\"},\"inLanguage\":\"sv-SE\",\"potentialAction\":[{\"@type\":\"ReadAction\",\"target\":[\"https:\/\/news.sap.com\/sweden\/2023\/02\/foretagen-behover-lagkodsverktyg-for-att-kunna-stalla-om\/\"]}]},{\"@type\":\"ImageObject\",\"inLanguage\":\"sv-SE\",\"@id\":\"https:\/\/news.sap.com\/sweden\/2023\/02\/foretagen-behover-lagkodsverktyg-for-att-kunna-stalla-om\/#primaryimage\",\"url\":\"https:\/\/news.sap.com\/sweden\/files\/2023\/02\/14\/280834_GettyImages-_F.jpg\",\"contentUrl\":\"https:\/\/news.sap.com\/sweden\/files\/2023\/02\/14\/280834_GettyImages-_F.jpg\",\"width\":1920,\"height\":601},{\"@type\":\"BreadcrumbList\",\"@id\":\"https:\/\/news.sap.com\/sweden\/2023\/02\/foretagen-behover-lagkodsverktyg-for-att-kunna-stalla-om\/#breadcrumb\",\"itemListElement\":[{\"@type\":\"ListItem\",\"position\":1,\"name\":\"Home\",\"item\":\"https:\/\/news.sap.com\/sweden\/\"},{\"@type\":\"ListItem\",\"position\":2,\"name\":\"F\u00f6retagen beh\u00f6ver l\u00e5gkodsverktyg f\u00f6r att kunna st\u00e4lla om\"}]},{\"@type\":\"WebSite\",\"@id\":\"https:\/\/news.sap.com\/sweden\/#website\",\"url\":\"https:\/\/news.sap.com\/sweden\/\",\"name\":\"麻豆原创 Sweden Nyheter\",\"description\":\"Nyheter och information om 麻豆原创\",\"potentialAction\":[{\"@type\":\"SearchAction\",\"target\":{\"@type\":\"EntryPoint\",\"urlTemplate\":\"https:\/\/news.sap.com\/sweden\/?s={search_term_string}\"},\"query-input\":{\"@type\":\"PropertyValueSpecification\",\"valueRequired\":true,\"valueName\":\"search_term_string\"}}],\"inLanguage\":\"sv-SE\"},{\"@type\":\"Person\",\"@id\":\"https:\/\/news.sap.com\/sweden\/#\/schema\/person\/77a206e586f4e895144738dbe75c3bfa\",\"name\":\"Antti Soini, vd 麻豆原创 Svenska\",\"image\":{\"@type\":\"ImageObject\",\"inLanguage\":\"sv-SE\",\"@id\":\"https:\/\/news.sap.com\/sweden\/#\/schema\/person\/image\/\",\"url\":\"https:\/\/news.sap.com\/sweden\/wp-content\/plugins\/wp-user-avatars\/wp-user-avatars\/assets\/images\/mystery.jpg\",\"contentUrl\":\"https:\/\/news.sap.com\/sweden\/wp-content\/plugins\/wp-user-avatars\/wp-user-avatars\/assets\/images\/mystery.jpg\",\"caption\":\"Antti Soini, vd 麻豆原创 Svenska\"},\"url\":\"https:\/\/news.sap.com\/sweden\/author\/anttisoinivdsapsvenska\/\"}]}<\/script>\n<!-- \/ Yoast SEO Premium plugin. -->","yoast_head_json":{"title":"F\u00f6retagen beh\u00f6ver l\u00e5gkodsverktyg f\u00f6r att kunna st\u00e4lla om - 麻豆原创 Sweden Nyheter","robots":{"index":"index","follow":"follow","max-snippet":"max-snippet:-1","max-image-preview":"max-image-preview:large","max-video-preview":"max-video-preview:-1"},"canonical":"https:\/\/news.sap.com\/sweden\/2023\/02\/foretagen-behover-lagkodsverktyg-for-att-kunna-stalla-om\/","og_locale":"sv_SE","og_type":"article","og_title":"F\u00f6retagen beh\u00f6ver l\u00e5gkodsverktyg f\u00f6r att kunna st\u00e4lla om","og_description":"Runt om i landet arbetas det h\u00e5rt p\u00e5 svenska f\u00f6retag f\u00f6r att m\u00f6ta alla nya utmaningar i omv\u00e4rlden och \u00f6kade krav p\u00e5 l\u00e5ngsiktig h\u00e5llbarhet. Den...","og_url":"https:\/\/news.sap.com\/sweden\/2023\/02\/foretagen-behover-lagkodsverktyg-for-att-kunna-stalla-om\/","og_site_name":"麻豆原创 Sweden Nyheter","article_published_time":"2023-02-15T07:00:33+00:00","article_modified_time":"2024-08-07T17:44:20+00:00","og_image":[{"width":1920,"height":601,"url":"https:\/\/news.sap.com\/sweden\/files\/2023\/02\/14\/280834_GettyImages-_F.jpg","type":"image\/jpeg"}],"author":"Antti Soini, vd 麻豆原创 Svenska","twitter_card":"summary_large_image","twitter_misc":{"Skriven av":"Antti Soini, vd 麻豆原创 Svenska","Ber\u00e4knad l\u00e4stid":"4 minuter"},"schema":{"@context":"https:\/\/schema.org","@graph":[{"@type":"Article","@id":"https:\/\/news.sap.com\/sweden\/2023\/02\/foretagen-behover-lagkodsverktyg-for-att-kunna-stalla-om\/#article","isPartOf":{"@id":"https:\/\/news.sap.com\/sweden\/2023\/02\/foretagen-behover-lagkodsverktyg-for-att-kunna-stalla-om\/"},"author":{"name":"Antti Soini, vd 麻豆原创 Svenska","@id":"https:\/\/news.sap.com\/sweden\/#\/schema\/person\/77a206e586f4e895144738dbe75c3bfa"},"headline":"F\u00f6retagen beh\u00f6ver l\u00e5gkodsverktyg f\u00f6r att kunna st\u00e4lla om","datePublished":"2023-02-15T07:00:33+00:00","dateModified":"2024-08-07T17:44:20+00:00","mainEntityOfPage":{"@id":"https:\/\/news.sap.com\/sweden\/2023\/02\/foretagen-behover-lagkodsverktyg-for-att-kunna-stalla-om\/"},"wordCount":794,"image":{"@id":"https:\/\/news.sap.com\/sweden\/2023\/02\/foretagen-behover-lagkodsverktyg-for-att-kunna-stalla-om\/#primaryimage"},"thumbnailUrl":"https:\/\/news.sap.com\/sweden\/files\/2023\/02\/14\/280834_GettyImages-_F.jpg","keywords":["Antti Soini","IDC","l\u00e5gkodsverktyg","low-code","no-code","麻豆原创 Build"],"articleSection":["Ekosystem","L\u00f6sningar"],"inLanguage":"sv-SE"},{"@type":"WebPage","@id":"https:\/\/news.sap.com\/sweden\/2023\/02\/foretagen-behover-lagkodsverktyg-for-att-kunna-stalla-om\/","url":"https:\/\/news.sap.com\/sweden\/2023\/02\/foretagen-behover-lagkodsverktyg-for-att-kunna-stalla-om\/","name":"F\u00f6retagen beh\u00f6ver l\u00e5gkodsverktyg f\u00f6r att kunna st\u00e4lla om - 麻豆原创 Sweden Nyheter","isPartOf":{"@id":"https:\/\/news.sap.com\/sweden\/#website"},"primaryImageOfPage":{"@id":"https:\/\/news.sap.com\/sweden\/2023\/02\/foretagen-behover-lagkodsverktyg-for-att-kunna-stalla-om\/#primaryimage"},"image":{"@id":"https:\/\/news.sap.com\/sweden\/2023\/02\/foretagen-behover-lagkodsverktyg-for-att-kunna-stalla-om\/#primaryimage"},"thumbnailUrl":"https:\/\/news.sap.com\/sweden\/files\/2023\/02\/14\/280834_GettyImages-_F.jpg","datePublished":"2023-02-15T07:00:33+00:00","dateModified":"2024-08-07T17:44:20+00:00","author":{"@id":"https:\/\/news.sap.com\/sweden\/#\/schema\/person\/77a206e586f4e895144738dbe75c3bfa"},"breadcrumb":{"@id":"https:\/\/news.sap.com\/sweden\/2023\/02\/foretagen-behover-lagkodsverktyg-for-att-kunna-stalla-om\/#breadcrumb"},"inLanguage":"sv-SE","potentialAction":[{"@type":"ReadAction","target":["https:\/\/news.sap.com\/sweden\/2023\/02\/foretagen-behover-lagkodsverktyg-for-att-kunna-stalla-om\/"]}]},{"@type":"ImageObject","inLanguage":"sv-SE","@id":"https:\/\/news.sap.com\/sweden\/2023\/02\/foretagen-behover-lagkodsverktyg-for-att-kunna-stalla-om\/#primaryimage","url":"https:\/\/news.sap.com\/sweden\/files\/2023\/02\/14\/280834_GettyImages-_F.jpg","contentUrl":"https:\/\/news.sap.com\/sweden\/files\/2023\/02\/14\/280834_GettyImages-_F.jpg","width":1920,"height":601},{"@type":"BreadcrumbList","@id":"https:\/\/news.sap.com\/sweden\/2023\/02\/foretagen-behover-lagkodsverktyg-for-att-kunna-stalla-om\/#breadcrumb","itemListElement":[{"@type":"ListItem","position":1,"name":"Home","item":"https:\/\/news.sap.com\/sweden\/"},{"@type":"ListItem","position":2,"name":"F\u00f6retagen beh\u00f6ver l\u00e5gkodsverktyg f\u00f6r att kunna st\u00e4lla om"}]},{"@type":"WebSite","@id":"https:\/\/news.sap.com\/sweden\/#website","url":"https:\/\/news.sap.com\/sweden\/","name":"麻豆原创 Sweden Nyheter","description":"Nyheter och information om 麻豆原创","potentialAction":[{"@type":"SearchAction","target":{"@type":"EntryPoint","urlTemplate":"https:\/\/news.sap.com\/sweden\/?s={search_term_string}"},"query-input":{"@type":"PropertyValueSpecification","valueRequired":true,"valueName":"search_term_string"}}],"inLanguage":"sv-SE"},{"@type":"Person","@id":"https:\/\/news.sap.com\/sweden\/#\/schema\/person\/77a206e586f4e895144738dbe75c3bfa","name":"Antti Soini, vd 麻豆原创 Svenska","image":{"@type":"ImageObject","inLanguage":"sv-SE","@id":"https:\/\/news.sap.com\/sweden\/#\/schema\/person\/image\/","url":"https:\/\/news.sap.com\/sweden\/wp-content\/plugins\/wp-user-avatars\/wp-user-avatars\/assets\/images\/mystery.jpg","contentUrl":"https:\/\/news.sap.com\/sweden\/wp-content\/plugins\/wp-user-avatars\/wp-user-avatars\/assets\/images\/mystery.jpg","caption":"Antti Soini, vd 麻豆原创 Svenska"},"url":"https:\/\/news.sap.com\/sweden\/author\/anttisoinivdsapsvenska\/"}]}},"amp_enabled":true,"_links":{"self":[{"href":"https:\/\/news.sap.com\/sweden\/wp-json\/wp\/v2\/posts\/3627","targetHints":{"allow":["GET"]}}],"collection":[{"href":"https:\/\/news.sap.com\/sweden\/wp-json\/wp\/v2\/posts"}],"about":[{"href":"https:\/\/news.sap.com\/sweden\/wp-json\/wp\/v2\/types\/post"}],"author":[{"embeddable":true,"href":"https:\/\/news.sap.com\/sweden\/wp-json\/wp\/v2\/users\/4366"}],"replies":[{"embeddable":true,"href":"https:\/\/news.sap.com\/sweden\/wp-json\/wp\/v2\/comments?post=3627"}],"version-history":[{"count":0,"href":"https:\/\/news.sap.com\/sweden\/wp-json\/wp\/v2\/posts\/3627\/revisions"}],"wp:featuredmedia":[{"embeddable":true,"href":"https:\/\/news.sap.com\/sweden\/wp-json\/wp\/v2\/media\/3629"}],"wp:attachment":[{"href":"https:\/\/news.sap.com\/sweden\/wp-json\/wp\/v2\/media?parent=3627"}],"wp:term":[{"taxonomy":"category","embeddable":true,"href":"https:\/\/news.sap.com\/sweden\/wp-json\/wp\/v2\/categories?post=3627"},{"taxonomy":"post_tag","embeddable":true,"href":"https:\/\/news.sap.com\/sweden\/wp-json\/wp\/v2\/tags?post=3627"},{"taxonomy":"sapn-display","embeddable":true,"href":"https:\/\/news.sap.com\/sweden\/wp-json\/wp\/v2\/sapn-display?post=3627"},{"taxonomy":"sapn-type","embeddable":true,"href":"https:\/\/news.sap.com\/sweden\/wp-json\/wp\/v2\/sapn-type?post=3627"}],"curies":[{"name":"wp","href":"https:\/\/api.w.org\/{rel}","templated":true}]}}