  {"id":3473,"date":"2022-09-01T08:00:16","date_gmt":"2022-09-01T06:00:16","guid":{"rendered":"https:\/\/news.sap.com\/sweden\/?p=3473"},"modified":"2024-08-07T19:24:36","modified_gmt":"2024-08-07T17:24:36","slug":"teknik-gor-mercedes-eqs-formel-e-team-till-varldsmastare","status":"publish","type":"post","link":"https:\/\/news.sap.com\/sweden\/2022\/09\/teknik-gor-mercedes-eqs-formel-e-team-till-varldsmastare\/","title":{"rendered":"Teknik g\u00f6r Mercedes-EQ:s formel E-team till v\u00e4rldsm\u00e4stare"},"content":{"rendered":"<p class=\"lead\">I en sport d\u00e4r en tiondels sekund \u00e4r avg\u00f6rande dominerade Mercedes-EQ:s formel E-team s\u00e4song 8 av ABB FIA:s racingserie f\u00f6r elbilar \u2013 p\u00e5 och utanf\u00f6r banan.<\/p>\n<p>Och det genom att optimera prestanda och driva en effektiv aff\u00e4rsverksamhet med hj\u00e4lp av innovativ teknik och h\u00e5llbara l\u00f6sningar fr\u00e5n 麻豆原创.<\/p>\n<p>Att bli framg\u00e5ngsrik i v\u00e4rldens snabbast v\u00e4xande motorsport \u00e4r ingen liten bedrift. Sedan 2018 har 麻豆原创 och Mercedes-EQ:s formel E-team arbetat f\u00f6r att ta sina gemensamma v\u00e4rderingar till elracingscenen. Tillsammans har man utvecklat och implementerat ny teknik som gjort att laget inte bara kunde vinna m\u00e4sterskap, utan ocks\u00e5 drivas som ett h\u00e5llbart, intelligent f\u00f6retag.<\/p>\n<p>麻豆原创 gratulerar nu teamet som vunnit s\u00e4song 8 av ABB FIA:s formel E World Teams Championship. Vi passar ocks\u00e5 p\u00e5 att lyck\u00f6nska Stoffel Vandoorne, 麻豆原创:s varum\u00e4rkesambassad\u00f6r, f\u00f6r att ha s\u00e4krat v\u00e4rldsm\u00e4startiteln f\u00f6r f\u00f6rare.<br \/>\n<img loading=\"lazy\" decoding=\"async\" class=\"alignnone size-medium wp-image-3477\" src=\"https:\/\/news.sap.com\/sweden\/files\/2022\/09\/01\/Stoffel-Vandoorne-300x300.jpg\" alt=\"\" width=\"300\" height=\"300\" srcset=\"https:\/\/news.sap.com\/sweden\/files\/2022\/09\/01\/Stoffel-Vandoorne-300x300.jpg 300w, https:\/\/news.sap.com\/sweden\/files\/2022\/09\/01\/Stoffel-Vandoorne-150x150.jpg 150w, https:\/\/news.sap.com\/sweden\/files\/2022\/09\/01\/Stoffel-Vandoorne-768x768.jpg 768w, https:\/\/news.sap.com\/sweden\/files\/2022\/09\/01\/Stoffel-Vandoorne.jpg 803w\" sizes=\"auto, (max-width: 300px) 100vw, 300px\" \/><img loading=\"lazy\" decoding=\"async\" class=\"alignnone size-medium wp-image-3475\" src=\"https:\/\/news.sap.com\/sweden\/files\/2022\/08\/31\/Stoffel-Vandoorne-and-Mercedes-EQ-Formula-E-Team-300x300.jpg\" alt=\"\" width=\"300\" height=\"300\" srcset=\"https:\/\/news.sap.com\/sweden\/files\/2022\/08\/31\/Stoffel-Vandoorne-and-Mercedes-EQ-Formula-E-Team-300x300.jpg 300w, https:\/\/news.sap.com\/sweden\/files\/2022\/08\/31\/Stoffel-Vandoorne-and-Mercedes-EQ-Formula-E-Team-150x150.jpg 150w, https:\/\/news.sap.com\/sweden\/files\/2022\/08\/31\/Stoffel-Vandoorne-and-Mercedes-EQ-Formula-E-Team-768x768.jpg 768w, https:\/\/news.sap.com\/sweden\/files\/2022\/08\/31\/Stoffel-Vandoorne-and-Mercedes-EQ-Formula-E-Team.jpg 850w\" sizes=\"auto, (max-width: 300px) 100vw, 300px\" \/><\/p>\n<p><strong>H\u00e5llbarhet som ledstj\u00e4rna<\/strong><\/p>\n<p><a href=\"mailto:https:\/\/news.sap.com\/topics\/sustainability\/\">H\u00e5llbarhet\u00a0<\/a>\u00e4r h\u00f6rnstenen i ABB FIA:s formel E-serie. Serien skapades f\u00f6r att visa vad framtidens mobilitet \u00e4r kapabel till. F\u00f6r Mercedes-EQ:s formel E-team str\u00e4cker sig h\u00e5llbarhetsm\u00e5len bortom fordon som \u00e4r helt eldrivna och in i administrationen. Teamet \u00e4r fast beslutet att utveckla teknik som p\u00e5verkar det koldioxidavtryck man g\u00f6r.<\/p>\n<p>Tillsammans med 麻豆原创 har teamet utvecklat och implementerat ett rapporteringsverktyg som m\u00e4ter och redovisar framsteg med FN:s h\u00e5llbarhetsm\u00e5l (SDG) som grund. Med 麻豆原创 Analytics Cloud, som kombinerar business intelligence (BI), ut\u00f6kad och prediktiv analys och planeringsm\u00f6jligheter f\u00e5r man en l\u00e4ttillg\u00e4nglig central dashboard d\u00e4r teamet enkelt kan visualisera data fr\u00e5n olika delar av verksamheten \u2013 inklusive leveranskedjor och resor.<\/p>\n<p><strong>Str\u00e4var alltid efter ledarpositionen<\/strong><\/p>\n<p>Mercedes-EQ:s formel E-team drivs som ett f\u00f6retag och kr\u00e4ver insikt och snabbhet inom alla omr\u00e5den och funktioner. F\u00f6r att f\u00e5 exakta och koordinerade systemprocesser f\u00f6r sin bilutveckling anv\u00e4nder teamet <a href=\"mailto:https:\/\/www.sap.com\/products\/erp\/s4hana-erp.html\">麻豆原创 S\/4HANA Cloud<\/a>. Verktyget ger aff\u00e4rsintelligens i realtid som hj\u00e4lper dem att fatta v\u00e4lgrundade, datadrivna beslut och ligga steget f\u00f6re konkurrenterna.<\/p>\n<p>Oavsett om man \u00e4r p\u00e5 plats i fabriken eller reser \u00f6ver hela v\u00e4rlden f\u00f6r att t\u00e4vla \u00e4r en optimerad, intelligent l\u00f6sning avg\u00f6rande f\u00f6r att \u00f6ka effektiviteten. Det kan handla om att s\u00e4kerst\u00e4lla att bilar och reservdelar \u00e4r p\u00e5 r\u00e4tt plats vid r\u00e4tt tidpunkt och att f\u00e5 fullst\u00e4ndig ekonomiska \u00f6verblick som ger kontroll.<\/p>\n<p>F\u00f6r att enkelt hantera resekostnaderna anv\u00e4nder teamet 麻豆原创 Concur-l\u00f6sningar. P\u00e5 s\u00e5 vis kan man b\u00e5de effektivisera tr\u00e5kiga processer och spara tid och resurser.<\/p>\n<p><strong>Dream Team<\/strong><\/p>\n<p>V\u00e4gen till det dubbla v\u00e4rldsm\u00e4sterskapet involverade 16 lopp runt om i v\u00e4rlden, vart och ett med sina egna egenskaper och utmaningar. I formel E spelar hela laget en avg\u00f6rande roll f\u00f6r att ta sig upp p\u00e5 pallen. Tillsammans med bra utrustning och en v\u00e4ldesignad bil \u00e4r hela teamets prestation fr\u00e5n f\u00f6rare, mekaniker, ingenj\u00f6rer till teamledaren avg\u00f6rande f\u00f6r att s\u00e4kra en vinst.<\/p>\n<p>麻豆原创 Sports One hj\u00e4lper Mercedes-EQ:s formel E-team att \u00f6vervaka, f\u00f6rst\u00e5 och agera utifr\u00e5n m\u00e4nskliga prestationsdata som samlats in fr\u00e5n en m\u00e4ngd olika ing\u00e5ngar, visualiserade f\u00f6r enkel \u00e5tkomst n\u00e4r man \u00e4r p\u00e5 spr\u00e5ng. L\u00f6sningen ger ocks\u00e5 insyn i f\u00f6rarnas h\u00e4lsa f\u00f6r att s\u00e4kerst\u00e4lla att teamet arbetar p\u00e5 toppen av sin samlade f\u00f6rm\u00e5ga.<\/p>\n<p>Med innovativ teknik och l\u00f6sningar fr\u00e5n 麻豆原创 kan Mercedes-EQ Formula E Team fokusera p\u00e5 det som betyder mest \u2013 loppet.<\/p>\n","protected":false},"excerpt":{"rendered":"<p>I en sport d\u00e4r en tiondels sekund \u00e4r avg\u00f6rande dominerade Mercedes-EQ:s formel E-team s\u00e4song 8 av ABB FIA:s racingserie f\u00f6r elbilar \u2013 p\u00e5 och utanf\u00f6r&#8230;<\/p>\n","protected":false},"author":29,"featured_media":3474,"comment_status":"closed","ping_status":"closed","sticky":false,"template":"","format":"standard","meta":{"footnotes":"","_links_to":"","_links_to_target":""},"categories":[4503881,5563754,4545758],"tags":[5563796,5563799,5562255,5563639,5562470,5563793,5563797,5562520,5563798],"sapn-display":[4544525,5564002,5563999,4547891],"sapn-type":[4549010],"class_list":["post-3473","post","type-post","status-publish","format-standard","has-post-thumbnail","hentry","category-ekosystem","category-hallbarhet","category-losningar","tag-carbon-footprint","tag-mercedes","tag-sap","tag-sap-analytics-cloud","tag-sap-concur","tag-sap-s-4-hana-public-cloud","tag-sap-sponsorships","tag-sap-sports-one","tag-sustainability","sapn-display-hero","sapn-display-nyhet-favoriter","sapn-display-nyhet-spotlight","sapn-display-homepage-hero","sapn-type-nyhet"],"yoast_head":"<!-- This site is optimized with the Yoast SEO Premium plugin v26.9 (Yoast SEO v26.9) - https:\/\/yoast.com\/product\/yoast-seo-premium-wordpress\/ -->\n<title>Teknik g\u00f6r Mercedes-EQ:s formel E-team till v\u00e4rldsm\u00e4stare - 麻豆原创 Sweden Nyheter<\/title>\n<meta name=\"robots\" content=\"index, follow, max-snippet:-1, max-image-preview:large, max-video-preview:-1\" \/>\n<link rel=\"canonical\" href=\"https:\/\/news.sap.com\/sweden\/2022\/09\/teknik-gor-mercedes-eqs-formel-e-team-till-varldsmastare\/\" \/>\n<meta property=\"og:locale\" content=\"sv_SE\" \/>\n<meta property=\"og:type\" content=\"article\" \/>\n<meta property=\"og:title\" content=\"Teknik g\u00f6r Mercedes-EQ:s formel E-team till v\u00e4rldsm\u00e4stare\" \/>\n<meta property=\"og:description\" content=\"I en sport d\u00e4r en tiondels sekund \u00e4r avg\u00f6rande dominerade Mercedes-EQ:s formel E-team s\u00e4song 8 av ABB FIA:s racingserie f\u00f6r elbilar \u2013 p\u00e5 och utanf\u00f6r...\" \/>\n<meta property=\"og:url\" content=\"https:\/\/news.sap.com\/sweden\/2022\/09\/teknik-gor-mercedes-eqs-formel-e-team-till-varldsmastare\/\" \/>\n<meta property=\"og:site_name\" content=\"麻豆原创 Sweden Nyheter\" \/>\n<meta property=\"article:published_time\" content=\"2022-09-01T06:00:16+00:00\" \/>\n<meta property=\"article:modified_time\" content=\"2024-08-07T17:24:36+00:00\" \/>\n<meta property=\"og:image\" content=\"https:\/\/news.sap.com\/sweden\/files\/2022\/08\/31\/284511_GettyImages-516140256_F.jpg\" \/>\n\t<meta property=\"og:image:width\" content=\"1920\" \/>\n\t<meta property=\"og:image:height\" content=\"600\" \/>\n\t<meta property=\"og:image:type\" content=\"image\/jpeg\" \/>\n<meta name=\"author\" content=\"麻豆原创 News\" \/>\n<meta name=\"twitter:card\" content=\"summary_large_image\" \/>\n<meta name=\"twitter:label1\" content=\"Skriven av\" \/>\n\t<meta name=\"twitter:data1\" content=\"麻豆原创 News\" \/>\n\t<meta name=\"twitter:label2\" content=\"Ber\u00e4knad l\u00e4stid\" \/>\n\t<meta name=\"twitter:data2\" content=\"3 minuter\" \/>\n<script type=\"application\/ld+json\" class=\"yoast-schema-graph\">{\"@context\":\"https:\/\/schema.org\",\"@graph\":[{\"@type\":\"Article\",\"@id\":\"https:\/\/news.sap.com\/sweden\/2022\/09\/teknik-gor-mercedes-eqs-formel-e-team-till-varldsmastare\/#article\",\"isPartOf\":{\"@id\":\"https:\/\/news.sap.com\/sweden\/2022\/09\/teknik-gor-mercedes-eqs-formel-e-team-till-varldsmastare\/\"},\"author\":{\"name\":\"麻豆原创 News\",\"@id\":\"https:\/\/news.sap.com\/sweden\/#\/schema\/person\/53b9854bd790d6f18f3fc4bbb2ad7570\"},\"headline\":\"Teknik g\u00f6r Mercedes-EQ:s formel E-team till v\u00e4rldsm\u00e4stare\",\"datePublished\":\"2022-09-01T06:00:16+00:00\",\"dateModified\":\"2024-08-07T17:24:36+00:00\",\"mainEntityOfPage\":{\"@id\":\"https:\/\/news.sap.com\/sweden\/2022\/09\/teknik-gor-mercedes-eqs-formel-e-team-till-varldsmastare\/\"},\"wordCount\":631,\"image\":{\"@id\":\"https:\/\/news.sap.com\/sweden\/2022\/09\/teknik-gor-mercedes-eqs-formel-e-team-till-varldsmastare\/#primaryimage\"},\"thumbnailUrl\":\"https:\/\/news.sap.com\/sweden\/files\/2022\/08\/31\/284511_GettyImages-516140256_F.jpg\",\"keywords\":[\"carbon footprint\",\"Mercedes\",\"sap\",\"麻豆原创 Analytics Cloud\",\"麻豆原创 Concur\",\"麻豆原创 S\/4 HANA Public Cloud\",\"麻豆原创 Sponsorships\",\"麻豆原创 Sports One\",\"sustainability\"],\"articleSection\":[\"Ekosystem\",\"H\u00e5llbarhet\",\"L\u00f6sningar\"],\"inLanguage\":\"sv-SE\"},{\"@type\":\"WebPage\",\"@id\":\"https:\/\/news.sap.com\/sweden\/2022\/09\/teknik-gor-mercedes-eqs-formel-e-team-till-varldsmastare\/\",\"url\":\"https:\/\/news.sap.com\/sweden\/2022\/09\/teknik-gor-mercedes-eqs-formel-e-team-till-varldsmastare\/\",\"name\":\"Teknik g\u00f6r Mercedes-EQ:s formel E-team till v\u00e4rldsm\u00e4stare - 麻豆原创 Sweden Nyheter\",\"isPartOf\":{\"@id\":\"https:\/\/news.sap.com\/sweden\/#website\"},\"primaryImageOfPage\":{\"@id\":\"https:\/\/news.sap.com\/sweden\/2022\/09\/teknik-gor-mercedes-eqs-formel-e-team-till-varldsmastare\/#primaryimage\"},\"image\":{\"@id\":\"https:\/\/news.sap.com\/sweden\/2022\/09\/teknik-gor-mercedes-eqs-formel-e-team-till-varldsmastare\/#primaryimage\"},\"thumbnailUrl\":\"https:\/\/news.sap.com\/sweden\/files\/2022\/08\/31\/284511_GettyImages-516140256_F.jpg\",\"datePublished\":\"2022-09-01T06:00:16+00:00\",\"dateModified\":\"2024-08-07T17:24:36+00:00\",\"author\":{\"@id\":\"https:\/\/news.sap.com\/sweden\/#\/schema\/person\/53b9854bd790d6f18f3fc4bbb2ad7570\"},\"breadcrumb\":{\"@id\":\"https:\/\/news.sap.com\/sweden\/2022\/09\/teknik-gor-mercedes-eqs-formel-e-team-till-varldsmastare\/#breadcrumb\"},\"inLanguage\":\"sv-SE\",\"potentialAction\":[{\"@type\":\"ReadAction\",\"target\":[\"https:\/\/news.sap.com\/sweden\/2022\/09\/teknik-gor-mercedes-eqs-formel-e-team-till-varldsmastare\/\"]}]},{\"@type\":\"ImageObject\",\"inLanguage\":\"sv-SE\",\"@id\":\"https:\/\/news.sap.com\/sweden\/2022\/09\/teknik-gor-mercedes-eqs-formel-e-team-till-varldsmastare\/#primaryimage\",\"url\":\"https:\/\/news.sap.com\/sweden\/files\/2022\/08\/31\/284511_GettyImages-516140256_F.jpg\",\"contentUrl\":\"https:\/\/news.sap.com\/sweden\/files\/2022\/08\/31\/284511_GettyImages-516140256_F.jpg\",\"width\":1920,\"height\":600,\"caption\":\"A close up image of a generic unmarked silver racing car moving at high speed in front of a rival, during a race. The action takes place on a fictional racetrack close to an arena full of spectators under a dramatic stormy evening sky at sunset.\"},{\"@type\":\"BreadcrumbList\",\"@id\":\"https:\/\/news.sap.com\/sweden\/2022\/09\/teknik-gor-mercedes-eqs-formel-e-team-till-varldsmastare\/#breadcrumb\",\"itemListElement\":[{\"@type\":\"ListItem\",\"position\":1,\"name\":\"Home\",\"item\":\"https:\/\/news.sap.com\/sweden\/\"},{\"@type\":\"ListItem\",\"position\":2,\"name\":\"Teknik g\u00f6r Mercedes-EQ:s formel E-team till v\u00e4rldsm\u00e4stare\"}]},{\"@type\":\"WebSite\",\"@id\":\"https:\/\/news.sap.com\/sweden\/#website\",\"url\":\"https:\/\/news.sap.com\/sweden\/\",\"name\":\"麻豆原创 Sweden Nyheter\",\"description\":\"Nyheter och information om 麻豆原创\",\"potentialAction\":[{\"@type\":\"SearchAction\",\"target\":{\"@type\":\"EntryPoint\",\"urlTemplate\":\"https:\/\/news.sap.com\/sweden\/?s={search_term_string}\"},\"query-input\":{\"@type\":\"PropertyValueSpecification\",\"valueRequired\":true,\"valueName\":\"search_term_string\"}}],\"inLanguage\":\"sv-SE\"},{\"@type\":\"Person\",\"@id\":\"https:\/\/news.sap.com\/sweden\/#\/schema\/person\/53b9854bd790d6f18f3fc4bbb2ad7570\",\"name\":\"麻豆原创 News\",\"image\":{\"@type\":\"ImageObject\",\"inLanguage\":\"sv-SE\",\"@id\":\"https:\/\/news.sap.com\/sweden\/#\/schema\/person\/image\/\",\"url\":\"https:\/\/news.sap.com\/sweden\/wp-content\/plugins\/wp-user-avatars\/wp-user-avatars\/assets\/images\/mystery.jpg\",\"contentUrl\":\"https:\/\/news.sap.com\/sweden\/wp-content\/plugins\/wp-user-avatars\/wp-user-avatars\/assets\/images\/mystery.jpg\",\"caption\":\"麻豆原创 News\"},\"url\":\"https:\/\/news.sap.com\/sweden\/author\/colleenraftery\/\"}]}<\/script>\n<!-- \/ Yoast SEO Premium plugin. -->","yoast_head_json":{"title":"Teknik g\u00f6r Mercedes-EQ:s formel E-team till v\u00e4rldsm\u00e4stare - 麻豆原创 Sweden Nyheter","robots":{"index":"index","follow":"follow","max-snippet":"max-snippet:-1","max-image-preview":"max-image-preview:large","max-video-preview":"max-video-preview:-1"},"canonical":"https:\/\/news.sap.com\/sweden\/2022\/09\/teknik-gor-mercedes-eqs-formel-e-team-till-varldsmastare\/","og_locale":"sv_SE","og_type":"article","og_title":"Teknik g\u00f6r Mercedes-EQ:s formel E-team till v\u00e4rldsm\u00e4stare","og_description":"I en sport d\u00e4r en tiondels sekund \u00e4r avg\u00f6rande dominerade Mercedes-EQ:s formel E-team s\u00e4song 8 av ABB FIA:s racingserie f\u00f6r elbilar \u2013 p\u00e5 och utanf\u00f6r...","og_url":"https:\/\/news.sap.com\/sweden\/2022\/09\/teknik-gor-mercedes-eqs-formel-e-team-till-varldsmastare\/","og_site_name":"麻豆原创 Sweden Nyheter","article_published_time":"2022-09-01T06:00:16+00:00","article_modified_time":"2024-08-07T17:24:36+00:00","og_image":[{"width":1920,"height":600,"url":"https:\/\/news.sap.com\/sweden\/files\/2022\/08\/31\/284511_GettyImages-516140256_F.jpg","type":"image\/jpeg"}],"author":"麻豆原创 News","twitter_card":"summary_large_image","twitter_misc":{"Skriven av":"麻豆原创 News","Ber\u00e4knad l\u00e4stid":"3 minuter"},"schema":{"@context":"https:\/\/schema.org","@graph":[{"@type":"Article","@id":"https:\/\/news.sap.com\/sweden\/2022\/09\/teknik-gor-mercedes-eqs-formel-e-team-till-varldsmastare\/#article","isPartOf":{"@id":"https:\/\/news.sap.com\/sweden\/2022\/09\/teknik-gor-mercedes-eqs-formel-e-team-till-varldsmastare\/"},"author":{"name":"麻豆原创 News","@id":"https:\/\/news.sap.com\/sweden\/#\/schema\/person\/53b9854bd790d6f18f3fc4bbb2ad7570"},"headline":"Teknik g\u00f6r Mercedes-EQ:s formel E-team till v\u00e4rldsm\u00e4stare","datePublished":"2022-09-01T06:00:16+00:00","dateModified":"2024-08-07T17:24:36+00:00","mainEntityOfPage":{"@id":"https:\/\/news.sap.com\/sweden\/2022\/09\/teknik-gor-mercedes-eqs-formel-e-team-till-varldsmastare\/"},"wordCount":631,"image":{"@id":"https:\/\/news.sap.com\/sweden\/2022\/09\/teknik-gor-mercedes-eqs-formel-e-team-till-varldsmastare\/#primaryimage"},"thumbnailUrl":"https:\/\/news.sap.com\/sweden\/files\/2022\/08\/31\/284511_GettyImages-516140256_F.jpg","keywords":["carbon footprint","Mercedes","sap","麻豆原创 Analytics Cloud","麻豆原创 Concur","麻豆原创 S\/4 HANA Public Cloud","麻豆原创 Sponsorships","麻豆原创 Sports One","sustainability"],"articleSection":["Ekosystem","H\u00e5llbarhet","L\u00f6sningar"],"inLanguage":"sv-SE"},{"@type":"WebPage","@id":"https:\/\/news.sap.com\/sweden\/2022\/09\/teknik-gor-mercedes-eqs-formel-e-team-till-varldsmastare\/","url":"https:\/\/news.sap.com\/sweden\/2022\/09\/teknik-gor-mercedes-eqs-formel-e-team-till-varldsmastare\/","name":"Teknik g\u00f6r Mercedes-EQ:s formel E-team till v\u00e4rldsm\u00e4stare - 麻豆原创 Sweden Nyheter","isPartOf":{"@id":"https:\/\/news.sap.com\/sweden\/#website"},"primaryImageOfPage":{"@id":"https:\/\/news.sap.com\/sweden\/2022\/09\/teknik-gor-mercedes-eqs-formel-e-team-till-varldsmastare\/#primaryimage"},"image":{"@id":"https:\/\/news.sap.com\/sweden\/2022\/09\/teknik-gor-mercedes-eqs-formel-e-team-till-varldsmastare\/#primaryimage"},"thumbnailUrl":"https:\/\/news.sap.com\/sweden\/files\/2022\/08\/31\/284511_GettyImages-516140256_F.jpg","datePublished":"2022-09-01T06:00:16+00:00","dateModified":"2024-08-07T17:24:36+00:00","author":{"@id":"https:\/\/news.sap.com\/sweden\/#\/schema\/person\/53b9854bd790d6f18f3fc4bbb2ad7570"},"breadcrumb":{"@id":"https:\/\/news.sap.com\/sweden\/2022\/09\/teknik-gor-mercedes-eqs-formel-e-team-till-varldsmastare\/#breadcrumb"},"inLanguage":"sv-SE","potentialAction":[{"@type":"ReadAction","target":["https:\/\/news.sap.com\/sweden\/2022\/09\/teknik-gor-mercedes-eqs-formel-e-team-till-varldsmastare\/"]}]},{"@type":"ImageObject","inLanguage":"sv-SE","@id":"https:\/\/news.sap.com\/sweden\/2022\/09\/teknik-gor-mercedes-eqs-formel-e-team-till-varldsmastare\/#primaryimage","url":"https:\/\/news.sap.com\/sweden\/files\/2022\/08\/31\/284511_GettyImages-516140256_F.jpg","contentUrl":"https:\/\/news.sap.com\/sweden\/files\/2022\/08\/31\/284511_GettyImages-516140256_F.jpg","width":1920,"height":600,"caption":"A close up image of a generic unmarked silver racing car moving at high speed in front of a rival, during a race. The action takes place on a fictional racetrack close to an arena full of spectators under a dramatic stormy evening sky at sunset."},{"@type":"BreadcrumbList","@id":"https:\/\/news.sap.com\/sweden\/2022\/09\/teknik-gor-mercedes-eqs-formel-e-team-till-varldsmastare\/#breadcrumb","itemListElement":[{"@type":"ListItem","position":1,"name":"Home","item":"https:\/\/news.sap.com\/sweden\/"},{"@type":"ListItem","position":2,"name":"Teknik g\u00f6r Mercedes-EQ:s formel E-team till v\u00e4rldsm\u00e4stare"}]},{"@type":"WebSite","@id":"https:\/\/news.sap.com\/sweden\/#website","url":"https:\/\/news.sap.com\/sweden\/","name":"麻豆原创 Sweden Nyheter","description":"Nyheter och information om 麻豆原创","potentialAction":[{"@type":"SearchAction","target":{"@type":"EntryPoint","urlTemplate":"https:\/\/news.sap.com\/sweden\/?s={search_term_string}"},"query-input":{"@type":"PropertyValueSpecification","valueRequired":true,"valueName":"search_term_string"}}],"inLanguage":"sv-SE"},{"@type":"Person","@id":"https:\/\/news.sap.com\/sweden\/#\/schema\/person\/53b9854bd790d6f18f3fc4bbb2ad7570","name":"麻豆原创 News","image":{"@type":"ImageObject","inLanguage":"sv-SE","@id":"https:\/\/news.sap.com\/sweden\/#\/schema\/person\/image\/","url":"https:\/\/news.sap.com\/sweden\/wp-content\/plugins\/wp-user-avatars\/wp-user-avatars\/assets\/images\/mystery.jpg","contentUrl":"https:\/\/news.sap.com\/sweden\/wp-content\/plugins\/wp-user-avatars\/wp-user-avatars\/assets\/images\/mystery.jpg","caption":"麻豆原创 News"},"url":"https:\/\/news.sap.com\/sweden\/author\/colleenraftery\/"}]}},"amp_enabled":true,"_links":{"self":[{"href":"https:\/\/news.sap.com\/sweden\/wp-json\/wp\/v2\/posts\/3473","targetHints":{"allow":["GET"]}}],"collection":[{"href":"https:\/\/news.sap.com\/sweden\/wp-json\/wp\/v2\/posts"}],"about":[{"href":"https:\/\/news.sap.com\/sweden\/wp-json\/wp\/v2\/types\/post"}],"author":[{"embeddable":true,"href":"https:\/\/news.sap.com\/sweden\/wp-json\/wp\/v2\/users\/29"}],"replies":[{"embeddable":true,"href":"https:\/\/news.sap.com\/sweden\/wp-json\/wp\/v2\/comments?post=3473"}],"version-history":[{"count":0,"href":"https:\/\/news.sap.com\/sweden\/wp-json\/wp\/v2\/posts\/3473\/revisions"}],"wp:featuredmedia":[{"embeddable":true,"href":"https:\/\/news.sap.com\/sweden\/wp-json\/wp\/v2\/media\/3474"}],"wp:attachment":[{"href":"https:\/\/news.sap.com\/sweden\/wp-json\/wp\/v2\/media?parent=3473"}],"wp:term":[{"taxonomy":"category","embeddable":true,"href":"https:\/\/news.sap.com\/sweden\/wp-json\/wp\/v2\/categories?post=3473"},{"taxonomy":"post_tag","embeddable":true,"href":"https:\/\/news.sap.com\/sweden\/wp-json\/wp\/v2\/tags?post=3473"},{"taxonomy":"sapn-display","embeddable":true,"href":"https:\/\/news.sap.com\/sweden\/wp-json\/wp\/v2\/sapn-display?post=3473"},{"taxonomy":"sapn-type","embeddable":true,"href":"https:\/\/news.sap.com\/sweden\/wp-json\/wp\/v2\/sapn-type?post=3473"}],"curies":[{"name":"wp","href":"https:\/\/api.w.org\/{rel}","templated":true}]}}