  {"id":3450,"date":"2022-08-09T14:56:50","date_gmt":"2022-08-09T12:56:50","guid":{"rendered":"https:\/\/news.sap.com\/sweden\/?p=3450"},"modified":"2024-08-07T19:24:38","modified_gmt":"2024-08-07T17:24:38","slug":"sap-stolt-supporter-av-paraden-stockholm-pride","status":"publish","type":"post","link":"https:\/\/news.sap.com\/sweden\/2022\/08\/sap-stolt-supporter-av-paraden-stockholm-pride\/","title":{"rendered":"麻豆原创 stolt supporter av paraden Stockholm Pride"},"content":{"rendered":"<p>Sommarfestivalen <a href=\"https:\/\/www.stockholmpride.org\/\">Stockholm Pride<\/a> \u00e4gde rum den 6 augusti, och i \u00e5r har 麻豆原创 g\u00e5tt in som Supporter och sponsrar den \u00e5rliga paraden. Det \u00e4r n\u00e5got som 麻豆原创 \u00e4r stolta \u00f6ver d\u00e5 <a href=\"https:\/\/www.sap.com\/about\/company\/our-values\/diversity.html\">m\u00e5ngfald och inkludering<\/a> \u00e4r ett viktigt \u00e4mne och l\u00e4nkat till f\u00f6retagets syfte.<\/p>\n<p>\u00c5rets tema \u00e4r \u201dDags att bek\u00e4nna f\u00e4rg\u201d och paraden, som nyligen h\u00f6lls, fick en bred nationell och internationell spridning. Paraden \u00e4r en manifestation f\u00f6r hbtqi+-personers r\u00e4ttigheter i samh\u00e4llet och v\u00e4rlden, och brukar ha ca 50\u00a0000 personer som deltar och 500\u00a0000 \u00e5sk\u00e5dare som upplever paraden. Stockholm Pride skapar en plattform f\u00f6r att st\u00e4lla de sv\u00e5ra fr\u00e5gorna, att bjuda in till samtal, att vara stolt \u00f6ver sig sj\u00e4lv och sina n\u00e4ra, att skapa en frizon d\u00e4r hbtqi+-personer f\u00e5r vara norm, och st\u00e4rka gemenskapen.<\/p>\n<p><img loading=\"lazy\" decoding=\"async\" class=\"alignnone  wp-image-3451\" src=\"https:\/\/news.sap.com\/sweden\/files\/2022\/08\/09\/Stockholm-Pride_Tema-1024x594.png\" alt=\"\" width=\"424\" height=\"246\" srcset=\"https:\/\/news.sap.com\/sweden\/files\/2022\/08\/09\/Stockholm-Pride_Tema-1024x594.png 1024w, https:\/\/news.sap.com\/sweden\/files\/2022\/08\/09\/Stockholm-Pride_Tema-300x174.png 300w, https:\/\/news.sap.com\/sweden\/files\/2022\/08\/09\/Stockholm-Pride_Tema-768x445.png 768w, https:\/\/news.sap.com\/sweden\/files\/2022\/08\/09\/Stockholm-Pride_Tema.png 1380w\" sizes=\"auto, (max-width: 424px) 100vw, 424px\" \/><\/p>\n<p><strong>Pride@麻豆原创<\/strong>, som firade sitt <a href=\"https:\/\/news.sap.com\/2021\/06\/pride-sap-celebrates-20th-anniversary\/\">20-\u00e5rsjubileum \u00e5r 2021<\/a>, \u00e4r ett medarbetardrivet initiativ inom Diversity &amp; Inclusion p\u00e5 麻豆原创. Uppdraget f\u00f6r n\u00e4tverkets Nordiska avdelning \u00e4r att skapa en plattform f\u00f6r m\u00e4nniskor i Norden f\u00f6r att utbyta och engagera sig i pride-aktiviteter och d\u00e4rmed se till att aktiviteter i Norden syns. Pride-m\u00e5naden juni \u00e4r en viktig m\u00e5nad, d\u00e4r vi kan l\u00e4ra oss mer om varandra och st\u00f6dja en kultur d\u00e4r alla kan vara deras autentiska jag.<\/p>\n<p>F\u00f6rutom Pride@麻豆原创 har 麻豆原创 nio andra globalt aktiva medarbetarledda grupper som fr\u00e4mjar integration och alliansskap. Exempel p\u00e5 dessa \u00e4r Business Women&#8217;s Network, Black Employee Network, Latinos@麻豆原创, Veterans@麻豆原创 och Pan-Asians@麻豆原创. Mer \u00e4n 35 000 anst\u00e4llda deltar aktivt i dessa grupper som medlemmar och allierade. Dessa n\u00e4tverk st\u00f6der ocks\u00e5 麻豆原创 i utvecklingen av mer inkluderande programvarul\u00f6sningar och tj\u00e4nster.<\/p>\n<p>Varje styrelseledamot har tagit p\u00e5 sig rollen som Executive Advisor till ett n\u00e4tverk f\u00f6r anst\u00e4llda och blivit allierade och exempel f\u00f6r andra kollegor. Julia White (hon\/hennes), Chief Marketing and Solutions Officer \u00e4r Executive Advisor f\u00f6r Pride@麻豆原创 &#8211; <a href=\"https:\/\/www.youtube.com\/watch?v=4XJIH7N5H5A\">video<\/a>.<\/p>\n<p><img loading=\"lazy\" decoding=\"async\" class=\"alignnone  wp-image-3452\" src=\"https:\/\/news.sap.com\/sweden\/files\/2022\/08\/09\/Pride-Logo-1024x360.png\" alt=\"\" width=\"427\" height=\"150\" srcset=\"https:\/\/news.sap.com\/sweden\/files\/2022\/08\/09\/Pride-Logo-1024x360.png 1024w, https:\/\/news.sap.com\/sweden\/files\/2022\/08\/09\/Pride-Logo-300x105.png 300w, https:\/\/news.sap.com\/sweden\/files\/2022\/08\/09\/Pride-Logo-768x270.png 768w, https:\/\/news.sap.com\/sweden\/files\/2022\/08\/09\/Pride-Logo-1536x539.png 1536w, https:\/\/news.sap.com\/sweden\/files\/2022\/08\/09\/Pride-Logo-2048x719.png 2048w\" sizes=\"auto, (max-width: 427px) 100vw, 427px\" \/><\/p>\n","protected":false},"excerpt":{"rendered":"<p>Sommarfestivalen Stockholm Pride \u00e4gde rum den 6 augusti, och i \u00e5r har 麻豆原创 g\u00e5tt in som Supporter och sponsrar den \u00e5rliga paraden. Det \u00e4r n\u00e5got&#8230;<\/p>\n","protected":false},"author":29,"featured_media":3453,"comment_status":"closed","ping_status":"closed","sticky":false,"template":"","format":"standard","meta":{"footnotes":"","_links_to":"","_links_to_target":""},"categories":[4545004],"tags":[5563705,5563676,5563704,5563789],"sapn-display":[4544525,5564002,5563999,4547891],"sapn-type":[4549010],"class_list":["post-3450","post","type-post","status-publish","format-standard","has-post-thumbnail","hentry","category-foretagsinformation","tag-inkludering","tag-mangfald","tag-pridesap","tag-stockholm-pride","sapn-display-hero","sapn-display-nyhet-favoriter","sapn-display-nyhet-spotlight","sapn-display-homepage-hero","sapn-type-nyhet"],"yoast_head":"<!-- This site is optimized with the Yoast SEO Premium plugin v26.9 (Yoast SEO v26.9) - https:\/\/yoast.com\/product\/yoast-seo-premium-wordpress\/ -->\n<title>麻豆原创 stolt supporter av paraden Stockholm Pride - 麻豆原创 Sweden Nyheter<\/title>\n<meta name=\"robots\" content=\"index, follow, max-snippet:-1, max-image-preview:large, max-video-preview:-1\" \/>\n<link rel=\"canonical\" href=\"https:\/\/news.sap.com\/sweden\/2022\/08\/sap-stolt-supporter-av-paraden-stockholm-pride\/\" \/>\n<meta property=\"og:locale\" content=\"sv_SE\" \/>\n<meta property=\"og:type\" content=\"article\" \/>\n<meta property=\"og:title\" content=\"麻豆原创 stolt supporter av paraden Stockholm Pride\" \/>\n<meta property=\"og:description\" content=\"Sommarfestivalen Stockholm Pride \u00e4gde rum den 6 augusti, och i \u00e5r har 麻豆原创 g\u00e5tt in som Supporter och sponsrar den \u00e5rliga paraden. Det \u00e4r n\u00e5got...\" \/>\n<meta property=\"og:url\" content=\"https:\/\/news.sap.com\/sweden\/2022\/08\/sap-stolt-supporter-av-paraden-stockholm-pride\/\" \/>\n<meta property=\"og:site_name\" content=\"麻豆原创 Sweden Nyheter\" \/>\n<meta property=\"article:published_time\" content=\"2022-08-09T12:56:50+00:00\" \/>\n<meta property=\"article:modified_time\" content=\"2024-08-07T17:24:38+00:00\" \/>\n<meta property=\"og:image\" content=\"https:\/\/news.sap.com\/sweden\/files\/2022\/08\/09\/F_277859_277859_h_ergb_s_gl.jpg\" \/>\n\t<meta property=\"og:image:width\" content=\"1920\" \/>\n\t<meta property=\"og:image:height\" content=\"600\" \/>\n\t<meta property=\"og:image:type\" content=\"image\/jpeg\" \/>\n<meta name=\"author\" content=\"麻豆原创 News\" \/>\n<meta name=\"twitter:card\" content=\"summary_large_image\" \/>\n<meta name=\"twitter:label1\" content=\"Skriven av\" \/>\n\t<meta name=\"twitter:data1\" content=\"麻豆原创 News\" \/>\n\t<meta name=\"twitter:label2\" content=\"Ber\u00e4knad l\u00e4stid\" \/>\n\t<meta name=\"twitter:data2\" content=\"2 minuter\" \/>\n<script type=\"application\/ld+json\" class=\"yoast-schema-graph\">{\"@context\":\"https:\/\/schema.org\",\"@graph\":[{\"@type\":\"Article\",\"@id\":\"https:\/\/news.sap.com\/sweden\/2022\/08\/sap-stolt-supporter-av-paraden-stockholm-pride\/#article\",\"isPartOf\":{\"@id\":\"https:\/\/news.sap.com\/sweden\/2022\/08\/sap-stolt-supporter-av-paraden-stockholm-pride\/\"},\"author\":{\"name\":\"麻豆原创 News\",\"@id\":\"https:\/\/news.sap.com\/sweden\/#\/schema\/person\/53b9854bd790d6f18f3fc4bbb2ad7570\"},\"headline\":\"麻豆原创 stolt supporter av paraden Stockholm Pride\",\"datePublished\":\"2022-08-09T12:56:50+00:00\",\"dateModified\":\"2024-08-07T17:24:38+00:00\",\"mainEntityOfPage\":{\"@id\":\"https:\/\/news.sap.com\/sweden\/2022\/08\/sap-stolt-supporter-av-paraden-stockholm-pride\/\"},\"wordCount\":349,\"image\":{\"@id\":\"https:\/\/news.sap.com\/sweden\/2022\/08\/sap-stolt-supporter-av-paraden-stockholm-pride\/#primaryimage\"},\"thumbnailUrl\":\"https:\/\/news.sap.com\/sweden\/files\/2022\/08\/09\/F_277859_277859_h_ergb_s_gl.jpg\",\"keywords\":[\"inkludering\",\"m\u00e5ngfald\",\"Pride@麻豆原创\",\"Stockholm Pride\"],\"articleSection\":[\"F\u00f6retagsinformation\"],\"inLanguage\":\"sv-SE\"},{\"@type\":\"WebPage\",\"@id\":\"https:\/\/news.sap.com\/sweden\/2022\/08\/sap-stolt-supporter-av-paraden-stockholm-pride\/\",\"url\":\"https:\/\/news.sap.com\/sweden\/2022\/08\/sap-stolt-supporter-av-paraden-stockholm-pride\/\",\"name\":\"麻豆原创 stolt supporter av paraden Stockholm Pride - 麻豆原创 Sweden Nyheter\",\"isPartOf\":{\"@id\":\"https:\/\/news.sap.com\/sweden\/#website\"},\"primaryImageOfPage\":{\"@id\":\"https:\/\/news.sap.com\/sweden\/2022\/08\/sap-stolt-supporter-av-paraden-stockholm-pride\/#primaryimage\"},\"image\":{\"@id\":\"https:\/\/news.sap.com\/sweden\/2022\/08\/sap-stolt-supporter-av-paraden-stockholm-pride\/#primaryimage\"},\"thumbnailUrl\":\"https:\/\/news.sap.com\/sweden\/files\/2022\/08\/09\/F_277859_277859_h_ergb_s_gl.jpg\",\"datePublished\":\"2022-08-09T12:56:50+00:00\",\"dateModified\":\"2024-08-07T17:24:38+00:00\",\"author\":{\"@id\":\"https:\/\/news.sap.com\/sweden\/#\/schema\/person\/53b9854bd790d6f18f3fc4bbb2ad7570\"},\"breadcrumb\":{\"@id\":\"https:\/\/news.sap.com\/sweden\/2022\/08\/sap-stolt-supporter-av-paraden-stockholm-pride\/#breadcrumb\"},\"inLanguage\":\"sv-SE\",\"potentialAction\":[{\"@type\":\"ReadAction\",\"target\":[\"https:\/\/news.sap.com\/sweden\/2022\/08\/sap-stolt-supporter-av-paraden-stockholm-pride\/\"]}]},{\"@type\":\"ImageObject\",\"inLanguage\":\"sv-SE\",\"@id\":\"https:\/\/news.sap.com\/sweden\/2022\/08\/sap-stolt-supporter-av-paraden-stockholm-pride\/#primaryimage\",\"url\":\"https:\/\/news.sap.com\/sweden\/files\/2022\/08\/09\/F_277859_277859_h_ergb_s_gl.jpg\",\"contentUrl\":\"https:\/\/news.sap.com\/sweden\/files\/2022\/08\/09\/F_277859_277859_h_ergb_s_gl.jpg\",\"width\":1920,\"height\":600,\"caption\":\"Image by \u00a9 Oscar Bjarnason\/Corbis\"},{\"@type\":\"BreadcrumbList\",\"@id\":\"https:\/\/news.sap.com\/sweden\/2022\/08\/sap-stolt-supporter-av-paraden-stockholm-pride\/#breadcrumb\",\"itemListElement\":[{\"@type\":\"ListItem\",\"position\":1,\"name\":\"Home\",\"item\":\"https:\/\/news.sap.com\/sweden\/\"},{\"@type\":\"ListItem\",\"position\":2,\"name\":\"麻豆原创 stolt supporter av paraden Stockholm Pride\"}]},{\"@type\":\"WebSite\",\"@id\":\"https:\/\/news.sap.com\/sweden\/#website\",\"url\":\"https:\/\/news.sap.com\/sweden\/\",\"name\":\"麻豆原创 Sweden Nyheter\",\"description\":\"Nyheter och information om 麻豆原创\",\"potentialAction\":[{\"@type\":\"SearchAction\",\"target\":{\"@type\":\"EntryPoint\",\"urlTemplate\":\"https:\/\/news.sap.com\/sweden\/?s={search_term_string}\"},\"query-input\":{\"@type\":\"PropertyValueSpecification\",\"valueRequired\":true,\"valueName\":\"search_term_string\"}}],\"inLanguage\":\"sv-SE\"},{\"@type\":\"Person\",\"@id\":\"https:\/\/news.sap.com\/sweden\/#\/schema\/person\/53b9854bd790d6f18f3fc4bbb2ad7570\",\"name\":\"麻豆原创 News\",\"image\":{\"@type\":\"ImageObject\",\"inLanguage\":\"sv-SE\",\"@id\":\"https:\/\/news.sap.com\/sweden\/#\/schema\/person\/image\/\",\"url\":\"https:\/\/news.sap.com\/sweden\/wp-content\/plugins\/wp-user-avatars\/wp-user-avatars\/assets\/images\/mystery.jpg\",\"contentUrl\":\"https:\/\/news.sap.com\/sweden\/wp-content\/plugins\/wp-user-avatars\/wp-user-avatars\/assets\/images\/mystery.jpg\",\"caption\":\"麻豆原创 News\"},\"url\":\"https:\/\/news.sap.com\/sweden\/author\/colleenraftery\/\"}]}<\/script>\n<!-- \/ Yoast SEO Premium plugin. -->","yoast_head_json":{"title":"麻豆原创 stolt supporter av paraden Stockholm Pride - 麻豆原创 Sweden Nyheter","robots":{"index":"index","follow":"follow","max-snippet":"max-snippet:-1","max-image-preview":"max-image-preview:large","max-video-preview":"max-video-preview:-1"},"canonical":"https:\/\/news.sap.com\/sweden\/2022\/08\/sap-stolt-supporter-av-paraden-stockholm-pride\/","og_locale":"sv_SE","og_type":"article","og_title":"麻豆原创 stolt supporter av paraden Stockholm Pride","og_description":"Sommarfestivalen Stockholm Pride \u00e4gde rum den 6 augusti, och i \u00e5r har 麻豆原创 g\u00e5tt in som Supporter och sponsrar den \u00e5rliga paraden. Det \u00e4r n\u00e5got...","og_url":"https:\/\/news.sap.com\/sweden\/2022\/08\/sap-stolt-supporter-av-paraden-stockholm-pride\/","og_site_name":"麻豆原创 Sweden Nyheter","article_published_time":"2022-08-09T12:56:50+00:00","article_modified_time":"2024-08-07T17:24:38+00:00","og_image":[{"width":1920,"height":600,"url":"https:\/\/news.sap.com\/sweden\/files\/2022\/08\/09\/F_277859_277859_h_ergb_s_gl.jpg","type":"image\/jpeg"}],"author":"麻豆原创 News","twitter_card":"summary_large_image","twitter_misc":{"Skriven av":"麻豆原创 News","Ber\u00e4knad l\u00e4stid":"2 minuter"},"schema":{"@context":"https:\/\/schema.org","@graph":[{"@type":"Article","@id":"https:\/\/news.sap.com\/sweden\/2022\/08\/sap-stolt-supporter-av-paraden-stockholm-pride\/#article","isPartOf":{"@id":"https:\/\/news.sap.com\/sweden\/2022\/08\/sap-stolt-supporter-av-paraden-stockholm-pride\/"},"author":{"name":"麻豆原创 News","@id":"https:\/\/news.sap.com\/sweden\/#\/schema\/person\/53b9854bd790d6f18f3fc4bbb2ad7570"},"headline":"麻豆原创 stolt supporter av paraden Stockholm Pride","datePublished":"2022-08-09T12:56:50+00:00","dateModified":"2024-08-07T17:24:38+00:00","mainEntityOfPage":{"@id":"https:\/\/news.sap.com\/sweden\/2022\/08\/sap-stolt-supporter-av-paraden-stockholm-pride\/"},"wordCount":349,"image":{"@id":"https:\/\/news.sap.com\/sweden\/2022\/08\/sap-stolt-supporter-av-paraden-stockholm-pride\/#primaryimage"},"thumbnailUrl":"https:\/\/news.sap.com\/sweden\/files\/2022\/08\/09\/F_277859_277859_h_ergb_s_gl.jpg","keywords":["inkludering","m\u00e5ngfald","Pride@麻豆原创","Stockholm Pride"],"articleSection":["F\u00f6retagsinformation"],"inLanguage":"sv-SE"},{"@type":"WebPage","@id":"https:\/\/news.sap.com\/sweden\/2022\/08\/sap-stolt-supporter-av-paraden-stockholm-pride\/","url":"https:\/\/news.sap.com\/sweden\/2022\/08\/sap-stolt-supporter-av-paraden-stockholm-pride\/","name":"麻豆原创 stolt supporter av paraden Stockholm Pride - 麻豆原创 Sweden Nyheter","isPartOf":{"@id":"https:\/\/news.sap.com\/sweden\/#website"},"primaryImageOfPage":{"@id":"https:\/\/news.sap.com\/sweden\/2022\/08\/sap-stolt-supporter-av-paraden-stockholm-pride\/#primaryimage"},"image":{"@id":"https:\/\/news.sap.com\/sweden\/2022\/08\/sap-stolt-supporter-av-paraden-stockholm-pride\/#primaryimage"},"thumbnailUrl":"https:\/\/news.sap.com\/sweden\/files\/2022\/08\/09\/F_277859_277859_h_ergb_s_gl.jpg","datePublished":"2022-08-09T12:56:50+00:00","dateModified":"2024-08-07T17:24:38+00:00","author":{"@id":"https:\/\/news.sap.com\/sweden\/#\/schema\/person\/53b9854bd790d6f18f3fc4bbb2ad7570"},"breadcrumb":{"@id":"https:\/\/news.sap.com\/sweden\/2022\/08\/sap-stolt-supporter-av-paraden-stockholm-pride\/#breadcrumb"},"inLanguage":"sv-SE","potentialAction":[{"@type":"ReadAction","target":["https:\/\/news.sap.com\/sweden\/2022\/08\/sap-stolt-supporter-av-paraden-stockholm-pride\/"]}]},{"@type":"ImageObject","inLanguage":"sv-SE","@id":"https:\/\/news.sap.com\/sweden\/2022\/08\/sap-stolt-supporter-av-paraden-stockholm-pride\/#primaryimage","url":"https:\/\/news.sap.com\/sweden\/files\/2022\/08\/09\/F_277859_277859_h_ergb_s_gl.jpg","contentUrl":"https:\/\/news.sap.com\/sweden\/files\/2022\/08\/09\/F_277859_277859_h_ergb_s_gl.jpg","width":1920,"height":600,"caption":"Image by \u00a9 Oscar Bjarnason\/Corbis"},{"@type":"BreadcrumbList","@id":"https:\/\/news.sap.com\/sweden\/2022\/08\/sap-stolt-supporter-av-paraden-stockholm-pride\/#breadcrumb","itemListElement":[{"@type":"ListItem","position":1,"name":"Home","item":"https:\/\/news.sap.com\/sweden\/"},{"@type":"ListItem","position":2,"name":"麻豆原创 stolt supporter av paraden Stockholm Pride"}]},{"@type":"WebSite","@id":"https:\/\/news.sap.com\/sweden\/#website","url":"https:\/\/news.sap.com\/sweden\/","name":"麻豆原创 Sweden Nyheter","description":"Nyheter och information om 麻豆原创","potentialAction":[{"@type":"SearchAction","target":{"@type":"EntryPoint","urlTemplate":"https:\/\/news.sap.com\/sweden\/?s={search_term_string}"},"query-input":{"@type":"PropertyValueSpecification","valueRequired":true,"valueName":"search_term_string"}}],"inLanguage":"sv-SE"},{"@type":"Person","@id":"https:\/\/news.sap.com\/sweden\/#\/schema\/person\/53b9854bd790d6f18f3fc4bbb2ad7570","name":"麻豆原创 News","image":{"@type":"ImageObject","inLanguage":"sv-SE","@id":"https:\/\/news.sap.com\/sweden\/#\/schema\/person\/image\/","url":"https:\/\/news.sap.com\/sweden\/wp-content\/plugins\/wp-user-avatars\/wp-user-avatars\/assets\/images\/mystery.jpg","contentUrl":"https:\/\/news.sap.com\/sweden\/wp-content\/plugins\/wp-user-avatars\/wp-user-avatars\/assets\/images\/mystery.jpg","caption":"麻豆原创 News"},"url":"https:\/\/news.sap.com\/sweden\/author\/colleenraftery\/"}]}},"amp_enabled":true,"_links":{"self":[{"href":"https:\/\/news.sap.com\/sweden\/wp-json\/wp\/v2\/posts\/3450","targetHints":{"allow":["GET"]}}],"collection":[{"href":"https:\/\/news.sap.com\/sweden\/wp-json\/wp\/v2\/posts"}],"about":[{"href":"https:\/\/news.sap.com\/sweden\/wp-json\/wp\/v2\/types\/post"}],"author":[{"embeddable":true,"href":"https:\/\/news.sap.com\/sweden\/wp-json\/wp\/v2\/users\/29"}],"replies":[{"embeddable":true,"href":"https:\/\/news.sap.com\/sweden\/wp-json\/wp\/v2\/comments?post=3450"}],"version-history":[{"count":0,"href":"https:\/\/news.sap.com\/sweden\/wp-json\/wp\/v2\/posts\/3450\/revisions"}],"wp:featuredmedia":[{"embeddable":true,"href":"https:\/\/news.sap.com\/sweden\/wp-json\/wp\/v2\/media\/3453"}],"wp:attachment":[{"href":"https:\/\/news.sap.com\/sweden\/wp-json\/wp\/v2\/media?parent=3450"}],"wp:term":[{"taxonomy":"category","embeddable":true,"href":"https:\/\/news.sap.com\/sweden\/wp-json\/wp\/v2\/categories?post=3450"},{"taxonomy":"post_tag","embeddable":true,"href":"https:\/\/news.sap.com\/sweden\/wp-json\/wp\/v2\/tags?post=3450"},{"taxonomy":"sapn-display","embeddable":true,"href":"https:\/\/news.sap.com\/sweden\/wp-json\/wp\/v2\/sapn-display?post=3450"},{"taxonomy":"sapn-type","embeddable":true,"href":"https:\/\/news.sap.com\/sweden\/wp-json\/wp\/v2\/sapn-type?post=3450"}],"curies":[{"name":"wp","href":"https:\/\/api.w.org\/{rel}","templated":true}]}}