  {"id":3440,"date":"2022-06-21T07:55:52","date_gmt":"2022-06-21T05:55:52","guid":{"rendered":"https:\/\/news.sap.com\/sweden\/?p=3440"},"modified":"2024-08-16T12:19:45","modified_gmt":"2024-08-16T10:19:45","slug":"martin-servera-flyttar-over-till-sap-molnet","status":"publish","type":"post","link":"https:\/\/news.sap.com\/sweden\/2022\/06\/martin-servera-flyttar-over-till-sap-molnet\/","title":{"rendered":"Martin &amp; Servera flyttar \u00f6ver till 麻豆原创-molnet"},"content":{"rendered":"<p class=\"lead\">Martin &amp; Servera-gruppen \u00e4r en av Sveriges ledande grossister f\u00f6r restauranger och stork\u00f6k.\u00a0F\u00f6r att \u00f6ka innovationstakten och sitt h\u00e5llbarhetsarbete har man valt att byta ut befintliga aff\u00e4rsl\u00f6sningar mot 麻豆原创 S\/4HANA \u2013 ett helt\u00e4ckande aff\u00e4rssystem i molnet fr\u00e5n 麻豆原创.<\/p>\n<p>&#8211; Ett modernare aff\u00e4rssystem f\u00f6r Martin &amp; Servera-gruppen g\u00f6r det m\u00f6jligt att skapa nya, aff\u00e4rsn\u00e4ra och effektiva processer inom exempelvis f\u00f6rs\u00e4ljning, produktion, ink\u00f6p, varuf\u00f6rs\u00f6rjning och ekonomi. N\u00e4r vi g\u00f6r det tillsammans m\u00f6jligg\u00f6r vi ocks\u00e5 att hitta processer och systemst\u00f6d som sp\u00e4nner \u00f6ver bolagsgr\u00e4nserna, ber\u00e4ttar Stefan Nilsson, IT-direkt\u00f6r p\u00e5 Martin &amp; Servera.<\/p>\n<p>Martin &amp; Servera-gruppen \u00e4r en svensk, familje\u00e4gd koncern med cirka 3 200 medarbetare. I gruppen ing\u00e5r bolagen Martin &amp; Servera Restauranghandel med Restaurangbutiker, Martin &amp; Servera Logistik, Fiskhallen Sorunda, K\u00f6tthallen Sorunda, Gr\u00f6nsakshallen Sorunda och Galatea.<\/p>\n<p>&#8211; Martin &amp; Servera ses som restaurangernas b\u00e4sta v\u00e4n i Sverige och fungerar lite som stj\u00e4rnkockarnas kylsk\u00e5p. Det \u00e4r d\u00e4rf\u00f6r mycket roligt b\u00e5de att f\u00e5 dem som ny 麻豆原创-kund och att de har valt RISE with 麻豆原创 d\u00e4r vi samlat alla molntj\u00e4nster i en plattform, s\u00e4ger Per Jensen p\u00e5 麻豆原创.<\/p>\n<p>Den tidigare IT-milj\u00f6n p\u00e5 Martin &amp; Servera var v\u00e4ldigt fragmenterad och varje bolag hade egna IT-system. Med 麻豆原创 kan man samla allt i ett gemensamt aff\u00e4rssystem. Det underl\u00e4ttar beslutsfattande och uppf\u00f6ljning samtidigt som det g\u00e5r att jobba mer h\u00e5llbart genom att till exempel minska svinn.<\/p>\n<p>Den molnbaserade l\u00f6sningen uppfyller ocks\u00e5 EU:s krav om datas\u00e4kerhet, GDPR. F\u00f6rv\u00e4ntningarna \u00e4r att koncernen nu ska kunna s\u00e4nka sina IT-kostnader och \u00f6ka innovationstakten genom att ha 麻豆原创 som en grundplattform att bygga vidare p\u00e5. 麻豆原创:s ekosystem med ett stort antal partner g\u00f6r det dessutom enklare f\u00f6r Martin &amp; Servera att \u00f6ka innovationstakten.<\/p>\n<p>Mer information om Martin &amp; Servera finns p\u00e5 <a href=\"http:\/\/www.martinservera.se\">www.martinservera.se<\/a>.<\/p>\n","protected":false},"excerpt":{"rendered":"<p>Martin &amp; Servera-gruppen \u00e4r en av Sveriges ledande grossister f\u00f6r restauranger och stork\u00f6k.\u00a0F\u00f6r att \u00f6ka innovationstakten och sitt h\u00e5llbarhetsarbete har man valt att byta ut&#8230;<\/p>\n","protected":false},"author":29,"featured_media":3446,"comment_status":"closed","ping_status":"closed","sticky":false,"template":"","format":"standard","meta":{"footnotes":"","_links_to":"","_links_to_target":""},"categories":[4503881,4545414,4545758],"tags":[5562945,5563788,5563488,5562255,5562314,5563958],"sapn-display":[4544525,5564002,5563999,4547891],"sapn-type":[4549010],"class_list":["post-3440","post","type-post","status-publish","format-standard","has-post-thumbnail","hentry","category-ekosystem","category-kunder","category-losningar","tag-erp-i-molnet","tag-martin-servera","tag-moln","tag-sap","tag-sap-s-4hana","tag-we-are-proud-of","sapn-display-hero","sapn-display-nyhet-favoriter","sapn-display-nyhet-spotlight","sapn-display-homepage-hero","sapn-type-nyhet"],"yoast_head":"<!-- This site is optimized with the Yoast SEO Premium plugin v26.9 (Yoast SEO v26.9) - https:\/\/yoast.com\/product\/yoast-seo-premium-wordpress\/ -->\n<title>Martin &amp; Servera flyttar \u00f6ver till 麻豆原创-molnet - 麻豆原创 Sweden Nyheter<\/title>\n<meta name=\"robots\" content=\"index, follow, max-snippet:-1, max-image-preview:large, max-video-preview:-1\" \/>\n<link rel=\"canonical\" href=\"https:\/\/news.sap.com\/sweden\/2022\/06\/martin-servera-flyttar-over-till-sap-molnet\/\" \/>\n<meta property=\"og:locale\" content=\"sv_SE\" \/>\n<meta property=\"og:type\" content=\"article\" \/>\n<meta property=\"og:title\" content=\"Martin &amp; Servera flyttar \u00f6ver till 麻豆原创-molnet\" \/>\n<meta property=\"og:description\" content=\"Martin &amp; Servera-gruppen \u00e4r en av Sveriges ledande grossister f\u00f6r restauranger och stork\u00f6k.\u00a0F\u00f6r att \u00f6ka innovationstakten och sitt h\u00e5llbarhetsarbete har man valt att byta ut...\" \/>\n<meta property=\"og:url\" content=\"https:\/\/news.sap.com\/sweden\/2022\/06\/martin-servera-flyttar-over-till-sap-molnet\/\" \/>\n<meta property=\"og:site_name\" content=\"麻豆原创 Sweden Nyheter\" \/>\n<meta property=\"article:published_time\" content=\"2022-06-21T05:55:52+00:00\" \/>\n<meta property=\"article:modified_time\" content=\"2024-08-16T10:19:45+00:00\" \/>\n<meta property=\"og:image\" content=\"https:\/\/news.sap.com\/sweden\/files\/2022\/06\/21\/Stotta_branschen.jpg\" \/>\n\t<meta property=\"og:image:width\" content=\"1920\" \/>\n\t<meta property=\"og:image:height\" content=\"600\" \/>\n\t<meta property=\"og:image:type\" content=\"image\/jpeg\" \/>\n<meta name=\"author\" content=\"麻豆原创 News\" \/>\n<meta name=\"twitter:card\" content=\"summary_large_image\" \/>\n<meta name=\"twitter:label1\" content=\"Skriven av\" \/>\n\t<meta name=\"twitter:data1\" content=\"麻豆原创 News\" \/>\n\t<meta name=\"twitter:label2\" content=\"Ber\u00e4knad l\u00e4stid\" \/>\n\t<meta name=\"twitter:data2\" content=\"2 minuter\" \/>\n<script type=\"application\/ld+json\" class=\"yoast-schema-graph\">{\"@context\":\"https:\/\/schema.org\",\"@graph\":[{\"@type\":\"Article\",\"@id\":\"https:\/\/news.sap.com\/sweden\/2022\/06\/martin-servera-flyttar-over-till-sap-molnet\/#article\",\"isPartOf\":{\"@id\":\"https:\/\/news.sap.com\/sweden\/2022\/06\/martin-servera-flyttar-over-till-sap-molnet\/\"},\"author\":{\"name\":\"麻豆原创 News\",\"@id\":\"https:\/\/news.sap.com\/sweden\/#\/schema\/person\/53b9854bd790d6f18f3fc4bbb2ad7570\"},\"headline\":\"Martin &amp; Servera flyttar \u00f6ver till 麻豆原创-molnet\",\"datePublished\":\"2022-06-21T05:55:52+00:00\",\"dateModified\":\"2024-08-16T10:19:45+00:00\",\"mainEntityOfPage\":{\"@id\":\"https:\/\/news.sap.com\/sweden\/2022\/06\/martin-servera-flyttar-over-till-sap-molnet\/\"},\"wordCount\":347,\"image\":{\"@id\":\"https:\/\/news.sap.com\/sweden\/2022\/06\/martin-servera-flyttar-over-till-sap-molnet\/#primaryimage\"},\"thumbnailUrl\":\"https:\/\/news.sap.com\/sweden\/files\/2022\/06\/21\/Stotta_branschen.jpg\",\"keywords\":[\"ERP i molnet\",\"Martin &amp; Servera\",\"moln\",\"sap\",\"麻豆原创 S\/4HANA\",\"We are proud of\"],\"articleSection\":[\"Ekosystem\",\"Kunder\",\"L\u00f6sningar\"],\"inLanguage\":\"sv-SE\"},{\"@type\":\"WebPage\",\"@id\":\"https:\/\/news.sap.com\/sweden\/2022\/06\/martin-servera-flyttar-over-till-sap-molnet\/\",\"url\":\"https:\/\/news.sap.com\/sweden\/2022\/06\/martin-servera-flyttar-over-till-sap-molnet\/\",\"name\":\"Martin &amp; Servera flyttar \u00f6ver till 麻豆原创-molnet - 麻豆原创 Sweden Nyheter\",\"isPartOf\":{\"@id\":\"https:\/\/news.sap.com\/sweden\/#website\"},\"primaryImageOfPage\":{\"@id\":\"https:\/\/news.sap.com\/sweden\/2022\/06\/martin-servera-flyttar-over-till-sap-molnet\/#primaryimage\"},\"image\":{\"@id\":\"https:\/\/news.sap.com\/sweden\/2022\/06\/martin-servera-flyttar-over-till-sap-molnet\/#primaryimage\"},\"thumbnailUrl\":\"https:\/\/news.sap.com\/sweden\/files\/2022\/06\/21\/Stotta_branschen.jpg\",\"datePublished\":\"2022-06-21T05:55:52+00:00\",\"dateModified\":\"2024-08-16T10:19:45+00:00\",\"author\":{\"@id\":\"https:\/\/news.sap.com\/sweden\/#\/schema\/person\/53b9854bd790d6f18f3fc4bbb2ad7570\"},\"breadcrumb\":{\"@id\":\"https:\/\/news.sap.com\/sweden\/2022\/06\/martin-servera-flyttar-over-till-sap-molnet\/#breadcrumb\"},\"inLanguage\":\"sv-SE\",\"potentialAction\":[{\"@type\":\"ReadAction\",\"target\":[\"https:\/\/news.sap.com\/sweden\/2022\/06\/martin-servera-flyttar-over-till-sap-molnet\/\"]}]},{\"@type\":\"ImageObject\",\"inLanguage\":\"sv-SE\",\"@id\":\"https:\/\/news.sap.com\/sweden\/2022\/06\/martin-servera-flyttar-over-till-sap-molnet\/#primaryimage\",\"url\":\"https:\/\/news.sap.com\/sweden\/files\/2022\/06\/21\/Stotta_branschen.jpg\",\"contentUrl\":\"https:\/\/news.sap.com\/sweden\/files\/2022\/06\/21\/Stotta_branschen.jpg\",\"width\":1920,\"height\":600},{\"@type\":\"BreadcrumbList\",\"@id\":\"https:\/\/news.sap.com\/sweden\/2022\/06\/martin-servera-flyttar-over-till-sap-molnet\/#breadcrumb\",\"itemListElement\":[{\"@type\":\"ListItem\",\"position\":1,\"name\":\"Home\",\"item\":\"https:\/\/news.sap.com\/sweden\/\"},{\"@type\":\"ListItem\",\"position\":2,\"name\":\"Martin &amp; Servera flyttar \u00f6ver till 麻豆原创-molnet\"}]},{\"@type\":\"WebSite\",\"@id\":\"https:\/\/news.sap.com\/sweden\/#website\",\"url\":\"https:\/\/news.sap.com\/sweden\/\",\"name\":\"麻豆原创 Sweden Nyheter\",\"description\":\"Nyheter och information om 麻豆原创\",\"potentialAction\":[{\"@type\":\"SearchAction\",\"target\":{\"@type\":\"EntryPoint\",\"urlTemplate\":\"https:\/\/news.sap.com\/sweden\/?s={search_term_string}\"},\"query-input\":{\"@type\":\"PropertyValueSpecification\",\"valueRequired\":true,\"valueName\":\"search_term_string\"}}],\"inLanguage\":\"sv-SE\"},{\"@type\":\"Person\",\"@id\":\"https:\/\/news.sap.com\/sweden\/#\/schema\/person\/53b9854bd790d6f18f3fc4bbb2ad7570\",\"name\":\"麻豆原创 News\",\"image\":{\"@type\":\"ImageObject\",\"inLanguage\":\"sv-SE\",\"@id\":\"https:\/\/news.sap.com\/sweden\/#\/schema\/person\/image\/\",\"url\":\"https:\/\/news.sap.com\/sweden\/wp-content\/plugins\/wp-user-avatars\/wp-user-avatars\/assets\/images\/mystery.jpg\",\"contentUrl\":\"https:\/\/news.sap.com\/sweden\/wp-content\/plugins\/wp-user-avatars\/wp-user-avatars\/assets\/images\/mystery.jpg\",\"caption\":\"麻豆原创 News\"},\"url\":\"https:\/\/news.sap.com\/sweden\/author\/colleenraftery\/\"}]}<\/script>\n<!-- \/ Yoast SEO Premium plugin. -->","yoast_head_json":{"title":"Martin &amp; Servera flyttar \u00f6ver till 麻豆原创-molnet - 麻豆原创 Sweden Nyheter","robots":{"index":"index","follow":"follow","max-snippet":"max-snippet:-1","max-image-preview":"max-image-preview:large","max-video-preview":"max-video-preview:-1"},"canonical":"https:\/\/news.sap.com\/sweden\/2022\/06\/martin-servera-flyttar-over-till-sap-molnet\/","og_locale":"sv_SE","og_type":"article","og_title":"Martin &amp; Servera flyttar \u00f6ver till 麻豆原创-molnet","og_description":"Martin &amp; Servera-gruppen \u00e4r en av Sveriges ledande grossister f\u00f6r restauranger och stork\u00f6k.\u00a0F\u00f6r att \u00f6ka innovationstakten och sitt h\u00e5llbarhetsarbete har man valt att byta ut...","og_url":"https:\/\/news.sap.com\/sweden\/2022\/06\/martin-servera-flyttar-over-till-sap-molnet\/","og_site_name":"麻豆原创 Sweden Nyheter","article_published_time":"2022-06-21T05:55:52+00:00","article_modified_time":"2024-08-16T10:19:45+00:00","og_image":[{"width":1920,"height":600,"url":"https:\/\/news.sap.com\/sweden\/files\/2022\/06\/21\/Stotta_branschen.jpg","type":"image\/jpeg"}],"author":"麻豆原创 News","twitter_card":"summary_large_image","twitter_misc":{"Skriven av":"麻豆原创 News","Ber\u00e4knad l\u00e4stid":"2 minuter"},"schema":{"@context":"https:\/\/schema.org","@graph":[{"@type":"Article","@id":"https:\/\/news.sap.com\/sweden\/2022\/06\/martin-servera-flyttar-over-till-sap-molnet\/#article","isPartOf":{"@id":"https:\/\/news.sap.com\/sweden\/2022\/06\/martin-servera-flyttar-over-till-sap-molnet\/"},"author":{"name":"麻豆原创 News","@id":"https:\/\/news.sap.com\/sweden\/#\/schema\/person\/53b9854bd790d6f18f3fc4bbb2ad7570"},"headline":"Martin &amp; Servera flyttar \u00f6ver till 麻豆原创-molnet","datePublished":"2022-06-21T05:55:52+00:00","dateModified":"2024-08-16T10:19:45+00:00","mainEntityOfPage":{"@id":"https:\/\/news.sap.com\/sweden\/2022\/06\/martin-servera-flyttar-over-till-sap-molnet\/"},"wordCount":347,"image":{"@id":"https:\/\/news.sap.com\/sweden\/2022\/06\/martin-servera-flyttar-over-till-sap-molnet\/#primaryimage"},"thumbnailUrl":"https:\/\/news.sap.com\/sweden\/files\/2022\/06\/21\/Stotta_branschen.jpg","keywords":["ERP i molnet","Martin &amp; Servera","moln","sap","麻豆原创 S\/4HANA","We are proud of"],"articleSection":["Ekosystem","Kunder","L\u00f6sningar"],"inLanguage":"sv-SE"},{"@type":"WebPage","@id":"https:\/\/news.sap.com\/sweden\/2022\/06\/martin-servera-flyttar-over-till-sap-molnet\/","url":"https:\/\/news.sap.com\/sweden\/2022\/06\/martin-servera-flyttar-over-till-sap-molnet\/","name":"Martin &amp; Servera flyttar \u00f6ver till 麻豆原创-molnet - 麻豆原创 Sweden Nyheter","isPartOf":{"@id":"https:\/\/news.sap.com\/sweden\/#website"},"primaryImageOfPage":{"@id":"https:\/\/news.sap.com\/sweden\/2022\/06\/martin-servera-flyttar-over-till-sap-molnet\/#primaryimage"},"image":{"@id":"https:\/\/news.sap.com\/sweden\/2022\/06\/martin-servera-flyttar-over-till-sap-molnet\/#primaryimage"},"thumbnailUrl":"https:\/\/news.sap.com\/sweden\/files\/2022\/06\/21\/Stotta_branschen.jpg","datePublished":"2022-06-21T05:55:52+00:00","dateModified":"2024-08-16T10:19:45+00:00","author":{"@id":"https:\/\/news.sap.com\/sweden\/#\/schema\/person\/53b9854bd790d6f18f3fc4bbb2ad7570"},"breadcrumb":{"@id":"https:\/\/news.sap.com\/sweden\/2022\/06\/martin-servera-flyttar-over-till-sap-molnet\/#breadcrumb"},"inLanguage":"sv-SE","potentialAction":[{"@type":"ReadAction","target":["https:\/\/news.sap.com\/sweden\/2022\/06\/martin-servera-flyttar-over-till-sap-molnet\/"]}]},{"@type":"ImageObject","inLanguage":"sv-SE","@id":"https:\/\/news.sap.com\/sweden\/2022\/06\/martin-servera-flyttar-over-till-sap-molnet\/#primaryimage","url":"https:\/\/news.sap.com\/sweden\/files\/2022\/06\/21\/Stotta_branschen.jpg","contentUrl":"https:\/\/news.sap.com\/sweden\/files\/2022\/06\/21\/Stotta_branschen.jpg","width":1920,"height":600},{"@type":"BreadcrumbList","@id":"https:\/\/news.sap.com\/sweden\/2022\/06\/martin-servera-flyttar-over-till-sap-molnet\/#breadcrumb","itemListElement":[{"@type":"ListItem","position":1,"name":"Home","item":"https:\/\/news.sap.com\/sweden\/"},{"@type":"ListItem","position":2,"name":"Martin &amp; Servera flyttar \u00f6ver till 麻豆原创-molnet"}]},{"@type":"WebSite","@id":"https:\/\/news.sap.com\/sweden\/#website","url":"https:\/\/news.sap.com\/sweden\/","name":"麻豆原创 Sweden Nyheter","description":"Nyheter och information om 麻豆原创","potentialAction":[{"@type":"SearchAction","target":{"@type":"EntryPoint","urlTemplate":"https:\/\/news.sap.com\/sweden\/?s={search_term_string}"},"query-input":{"@type":"PropertyValueSpecification","valueRequired":true,"valueName":"search_term_string"}}],"inLanguage":"sv-SE"},{"@type":"Person","@id":"https:\/\/news.sap.com\/sweden\/#\/schema\/person\/53b9854bd790d6f18f3fc4bbb2ad7570","name":"麻豆原创 News","image":{"@type":"ImageObject","inLanguage":"sv-SE","@id":"https:\/\/news.sap.com\/sweden\/#\/schema\/person\/image\/","url":"https:\/\/news.sap.com\/sweden\/wp-content\/plugins\/wp-user-avatars\/wp-user-avatars\/assets\/images\/mystery.jpg","contentUrl":"https:\/\/news.sap.com\/sweden\/wp-content\/plugins\/wp-user-avatars\/wp-user-avatars\/assets\/images\/mystery.jpg","caption":"麻豆原创 News"},"url":"https:\/\/news.sap.com\/sweden\/author\/colleenraftery\/"}]}},"amp_enabled":true,"_links":{"self":[{"href":"https:\/\/news.sap.com\/sweden\/wp-json\/wp\/v2\/posts\/3440","targetHints":{"allow":["GET"]}}],"collection":[{"href":"https:\/\/news.sap.com\/sweden\/wp-json\/wp\/v2\/posts"}],"about":[{"href":"https:\/\/news.sap.com\/sweden\/wp-json\/wp\/v2\/types\/post"}],"author":[{"embeddable":true,"href":"https:\/\/news.sap.com\/sweden\/wp-json\/wp\/v2\/users\/29"}],"replies":[{"embeddable":true,"href":"https:\/\/news.sap.com\/sweden\/wp-json\/wp\/v2\/comments?post=3440"}],"version-history":[{"count":0,"href":"https:\/\/news.sap.com\/sweden\/wp-json\/wp\/v2\/posts\/3440\/revisions"}],"wp:featuredmedia":[{"embeddable":true,"href":"https:\/\/news.sap.com\/sweden\/wp-json\/wp\/v2\/media\/3446"}],"wp:attachment":[{"href":"https:\/\/news.sap.com\/sweden\/wp-json\/wp\/v2\/media?parent=3440"}],"wp:term":[{"taxonomy":"category","embeddable":true,"href":"https:\/\/news.sap.com\/sweden\/wp-json\/wp\/v2\/categories?post=3440"},{"taxonomy":"post_tag","embeddable":true,"href":"https:\/\/news.sap.com\/sweden\/wp-json\/wp\/v2\/tags?post=3440"},{"taxonomy":"sapn-display","embeddable":true,"href":"https:\/\/news.sap.com\/sweden\/wp-json\/wp\/v2\/sapn-display?post=3440"},{"taxonomy":"sapn-type","embeddable":true,"href":"https:\/\/news.sap.com\/sweden\/wp-json\/wp\/v2\/sapn-type?post=3440"}],"curies":[{"name":"wp","href":"https:\/\/api.w.org\/{rel}","templated":true}]}}