  {"id":3408,"date":"2022-05-17T14:28:47","date_gmt":"2022-05-17T12:28:47","guid":{"rendered":"https:\/\/news.sap.com\/sweden\/?p=3408"},"modified":"2024-08-07T19:47:05","modified_gmt":"2024-08-07T17:47:05","slug":"sap-var-pa-plats-nar-women-in-tech-gick-av-stapeln","status":"publish","type":"post","link":"https:\/\/news.sap.com\/sweden\/2022\/05\/sap-var-pa-plats-nar-women-in-tech-gick-av-stapeln\/","title":{"rendered":"麻豆原创 var p\u00e5 plats n\u00e4r Women in Tech gick av stapeln"},"content":{"rendered":"<p class=\"lead\"><a href=\"https:\/\/womenintech.se\/\">Women in Tech<\/a> h\u00f6lls fredagen den 13 maj p\u00e5 Stockholm Waterfront Congress Centre, och givetvis var 麻豆原创 p\u00e5 plats f\u00f6r att delta p\u00e5 Nordens st\u00f6rsta teknikm\u00e4ssa.<\/p>\n<p>Lyssna g\u00e4rna p\u00e5 Helles och Emelies fokussession <strong><a href=\"https:\/\/womenintech.se\/agendaitem\/sap-people-sustainability-do-whats-right\/\">People Sustainability &#8211; Do what&#8217;s right(inspelning)<\/a>.<\/strong><\/p>\n<p>\u00c5rets tema var <strong>Level up!<\/strong> och lockade dit 2500 entusiastiska bes\u00f6kare som hade lyckats f\u00e5 tag p\u00e5 biljetter som s\u00e5lde slut redan efter 3 minuter, n\u00e4r de sl\u00e4pptes i april. \u00a0Ca 30 av Sveriges mest sp\u00e4nnande och fram\u00e5t-t\u00e4nkande Tech-bolag var ocks\u00e5 p\u00e5 plats. Eventet var \u00e4ven helt digitalt och \u00f6ppet f\u00f6r alla att delta, \u00e4ven om man inte lyckades f\u00e5 tag p\u00e5 en biljett. Temat Level up! lyfter fram vikten av en konstant utveckling, b\u00e5de f\u00f6r individen men \u00e4ven f\u00f6r f\u00f6retag. V\u00e5r framtid beh\u00f6ver h\u00e5llbara, v\u00e4rde-drivna och m\u00e4nskliga innovationer, och m\u00e5nga olika kunskaper och perspektiv beh\u00f6vs f\u00f6r att uppn\u00e5 detta.<\/p>\n<p>I \u00e5r har 麻豆原创 ett ut\u00f6kat <strong>partnerskap med WIT<\/strong>, och detta \u00e4r n\u00e5got 麻豆原创 \u00e4r stolta \u00f6ver d\u00e5 j\u00e4mst\u00e4lldet \u00e4r en viktig del f\u00f6r 麻豆原创 och \u00e4ven kopplat till syftet som f\u00f6retag. Under dagen kunde man n\u00e4tverka med m\u00e5nga inspirerande personer, och f\u00f6rutom huvudscenen som bj\u00f6d p\u00e5 en hel del talare s\u00e5 kunde man \u00e4ven lyssna in p\u00e5 diverse antal fokussessioner som de olika f\u00f6retagen h\u00f6ll i. 麻豆原创 bj\u00f6d givetvis \u00e4ven in till en fokussession med <strong>Helle Dochedahl <\/strong>(Managing Director Nordics &amp; Baltics) och <strong>Emilie Solomon<\/strong> (Regional Sales Director Sweden &amp; Finland).<br \/>\n<img loading=\"lazy\" decoding=\"async\" class=\"alignnone size-medium wp-image-3412\" src=\"https:\/\/news.sap.com\/sweden\/files\/2022\/05\/17\/WIT_Helle_Emilie_2022-300x225.jpg\" alt=\"\" width=\"300\" height=\"225\" srcset=\"https:\/\/news.sap.com\/sweden\/files\/2022\/05\/17\/WIT_Helle_Emilie_2022-300x225.jpg 300w, https:\/\/news.sap.com\/sweden\/files\/2022\/05\/17\/WIT_Helle_Emilie_2022-768x576.jpg 768w, https:\/\/news.sap.com\/sweden\/files\/2022\/05\/17\/WIT_Helle_Emilie_2022.jpg 800w\" sizes=\"auto, (max-width: 300px) 100vw, 300px\" \/><\/p>\n<p>B\u00e5da stod p\u00e5 scenen f\u00f6r att prata om <strong>People Sustainability \u2013 Do what\u00b4s right<\/strong> och om deras resa inom 麻豆原创 samt hur viktigt det \u00e4r att f\u00f6lja ens passion. Huvudtema var \u201d麻豆原创 som ett h\u00e5llbart f\u00f6retag\u201d, och som exempel n\u00e4mndes det att \u00f6ver 80 % av f\u00f6retagen som jobbar med koldioxid incitament v\u00e4rlden \u00f6ver, anv\u00e4nder sig av 麻豆原创 f\u00f6r att m\u00e4ta detta. Ett exempel som lyftes fram \u00e4r att <a href=\"https:\/\/news.sap.com\/2022\/03\/technology-tunes-eco-friendly-coldplay-tour\/\">麻豆原创 nyligen ingick ett samarbete med Coldplay<\/a>, ett av v\u00e4rldens mest framg\u00e5ngsrika band, f\u00f6r ett initiativ kring h\u00e5llbarhet. Coldplay hade som \u00f6nskem\u00e5l att ta fram en app som hj\u00e4lper deras fans att r\u00e4kna ut och b\u00e4ttre f\u00f6rst\u00e5 milj\u00f6p\u00e5verkan n\u00e4r de reser f\u00f6r att delta p\u00e5 Coldplays konserter, och p\u00e5 s\u00e5 s\u00e4tt kan de bel\u00f6na sina fans n\u00e4r de v\u00e4ljer alternativ med l\u00e4gre koldioxid utsl\u00e4pp.<\/p>\n<p>Lyssna g\u00e4rna p\u00e5 Helles och Emelies fokussession <strong><a href=\"https:\/\/womenintech.se\/agendaitem\/sap-people-sustainability-do-whats-right\/\">People Sustainability &#8211; Do what&#8217;s right(inspelning)<\/a>.<\/strong><\/p>\n","protected":false},"excerpt":{"rendered":"<p>Women in Tech h\u00f6lls fredagen den 13 maj p\u00e5 Stockholm Waterfront Congress Centre, och givetvis var 麻豆原创 p\u00e5 plats f\u00f6r att delta p\u00e5 Nordens st\u00f6rsta&#8230;<\/p>\n","protected":false},"author":29,"featured_media":3409,"comment_status":"closed","ping_status":"closed","sticky":false,"template":"","format":"standard","meta":{"footnotes":"","_links_to":"","_links_to_target":""},"categories":[4503881,4545190,5563754],"tags":[5563737,5562119,5562846,5562255,5563674],"sapn-display":[4544525,5564001,5564000,4547891],"sapn-type":[5562140],"class_list":["post-3408","post","type-post","status-publish","format-standard","has-post-thumbnail","hentry","category-ekosystem","category-event","category-hallbarhet","tag-emilie-solomon","tag-hallbarhet","tag-helle-dochedahl","tag-sap","tag-wit","sapn-display-hero","sapn-display-artikel-favoriter","sapn-display-artikel-spotlight","sapn-display-homepage-hero","sapn-type-artikel"],"yoast_head":"<!-- This site is optimized with the Yoast SEO Premium plugin v26.9 (Yoast SEO v26.9) - https:\/\/yoast.com\/product\/yoast-seo-premium-wordpress\/ -->\n<title>麻豆原创 var p\u00e5 plats n\u00e4r Women in Tech gick av stapeln - 麻豆原创 Sweden Nyheter<\/title>\n<meta name=\"robots\" content=\"index, follow, max-snippet:-1, max-image-preview:large, max-video-preview:-1\" \/>\n<link rel=\"canonical\" href=\"https:\/\/news.sap.com\/sweden\/2022\/05\/sap-var-pa-plats-nar-women-in-tech-gick-av-stapeln\/\" \/>\n<meta property=\"og:locale\" content=\"sv_SE\" \/>\n<meta property=\"og:type\" content=\"article\" \/>\n<meta property=\"og:title\" content=\"麻豆原创 var p\u00e5 plats n\u00e4r Women in Tech gick av stapeln\" \/>\n<meta property=\"og:description\" content=\"Women in Tech h\u00f6lls fredagen den 13 maj p\u00e5 Stockholm Waterfront Congress Centre, och givetvis var 麻豆原创 p\u00e5 plats f\u00f6r att delta p\u00e5 Nordens st\u00f6rsta...\" \/>\n<meta property=\"og:url\" content=\"https:\/\/news.sap.com\/sweden\/2022\/05\/sap-var-pa-plats-nar-women-in-tech-gick-av-stapeln\/\" \/>\n<meta property=\"og:site_name\" content=\"麻豆原创 Sweden Nyheter\" \/>\n<meta property=\"article:published_time\" content=\"2022-05-17T12:28:47+00:00\" \/>\n<meta property=\"article:modified_time\" content=\"2024-08-07T17:47:05+00:00\" \/>\n<meta property=\"og:image\" content=\"https:\/\/news.sap.com\/sweden\/files\/2022\/05\/17\/Header_WIT_1.png\" \/>\n\t<meta property=\"og:image:width\" content=\"1920\" \/>\n\t<meta property=\"og:image:height\" content=\"600\" \/>\n\t<meta property=\"og:image:type\" content=\"image\/png\" \/>\n<meta name=\"author\" content=\"麻豆原创 News\" \/>\n<meta name=\"twitter:card\" content=\"summary_large_image\" \/>\n<meta name=\"twitter:label1\" content=\"Skriven av\" \/>\n\t<meta name=\"twitter:data1\" content=\"麻豆原创 News\" \/>\n\t<meta name=\"twitter:label2\" content=\"Ber\u00e4knad l\u00e4stid\" \/>\n\t<meta name=\"twitter:data2\" content=\"2 minuter\" \/>\n<script type=\"application\/ld+json\" class=\"yoast-schema-graph\">{\"@context\":\"https:\/\/schema.org\",\"@graph\":[{\"@type\":\"Article\",\"@id\":\"https:\/\/news.sap.com\/sweden\/2022\/05\/sap-var-pa-plats-nar-women-in-tech-gick-av-stapeln\/#article\",\"isPartOf\":{\"@id\":\"https:\/\/news.sap.com\/sweden\/2022\/05\/sap-var-pa-plats-nar-women-in-tech-gick-av-stapeln\/\"},\"author\":{\"name\":\"麻豆原创 News\",\"@id\":\"https:\/\/news.sap.com\/sweden\/#\/schema\/person\/53b9854bd790d6f18f3fc4bbb2ad7570\"},\"headline\":\"麻豆原创 var p\u00e5 plats n\u00e4r Women in Tech gick av stapeln\",\"datePublished\":\"2022-05-17T12:28:47+00:00\",\"dateModified\":\"2024-08-07T17:47:05+00:00\",\"mainEntityOfPage\":{\"@id\":\"https:\/\/news.sap.com\/sweden\/2022\/05\/sap-var-pa-plats-nar-women-in-tech-gick-av-stapeln\/\"},\"wordCount\":456,\"image\":{\"@id\":\"https:\/\/news.sap.com\/sweden\/2022\/05\/sap-var-pa-plats-nar-women-in-tech-gick-av-stapeln\/#primaryimage\"},\"thumbnailUrl\":\"https:\/\/news.sap.com\/sweden\/files\/2022\/05\/17\/Header_WIT_1.png\",\"keywords\":[\"Emilie Solomon\",\"h\u00e5llbarhet\",\"Helle Dochedahl\",\"sap\",\"WIT\"],\"articleSection\":[\"Ekosystem\",\"Event\",\"H\u00e5llbarhet\"],\"inLanguage\":\"sv-SE\"},{\"@type\":\"WebPage\",\"@id\":\"https:\/\/news.sap.com\/sweden\/2022\/05\/sap-var-pa-plats-nar-women-in-tech-gick-av-stapeln\/\",\"url\":\"https:\/\/news.sap.com\/sweden\/2022\/05\/sap-var-pa-plats-nar-women-in-tech-gick-av-stapeln\/\",\"name\":\"麻豆原创 var p\u00e5 plats n\u00e4r Women in Tech gick av stapeln - 麻豆原创 Sweden Nyheter\",\"isPartOf\":{\"@id\":\"https:\/\/news.sap.com\/sweden\/#website\"},\"primaryImageOfPage\":{\"@id\":\"https:\/\/news.sap.com\/sweden\/2022\/05\/sap-var-pa-plats-nar-women-in-tech-gick-av-stapeln\/#primaryimage\"},\"image\":{\"@id\":\"https:\/\/news.sap.com\/sweden\/2022\/05\/sap-var-pa-plats-nar-women-in-tech-gick-av-stapeln\/#primaryimage\"},\"thumbnailUrl\":\"https:\/\/news.sap.com\/sweden\/files\/2022\/05\/17\/Header_WIT_1.png\",\"datePublished\":\"2022-05-17T12:28:47+00:00\",\"dateModified\":\"2024-08-07T17:47:05+00:00\",\"author\":{\"@id\":\"https:\/\/news.sap.com\/sweden\/#\/schema\/person\/53b9854bd790d6f18f3fc4bbb2ad7570\"},\"breadcrumb\":{\"@id\":\"https:\/\/news.sap.com\/sweden\/2022\/05\/sap-var-pa-plats-nar-women-in-tech-gick-av-stapeln\/#breadcrumb\"},\"inLanguage\":\"sv-SE\",\"potentialAction\":[{\"@type\":\"ReadAction\",\"target\":[\"https:\/\/news.sap.com\/sweden\/2022\/05\/sap-var-pa-plats-nar-women-in-tech-gick-av-stapeln\/\"]}]},{\"@type\":\"ImageObject\",\"inLanguage\":\"sv-SE\",\"@id\":\"https:\/\/news.sap.com\/sweden\/2022\/05\/sap-var-pa-plats-nar-women-in-tech-gick-av-stapeln\/#primaryimage\",\"url\":\"https:\/\/news.sap.com\/sweden\/files\/2022\/05\/17\/Header_WIT_1.png\",\"contentUrl\":\"https:\/\/news.sap.com\/sweden\/files\/2022\/05\/17\/Header_WIT_1.png\",\"width\":1920,\"height\":600},{\"@type\":\"BreadcrumbList\",\"@id\":\"https:\/\/news.sap.com\/sweden\/2022\/05\/sap-var-pa-plats-nar-women-in-tech-gick-av-stapeln\/#breadcrumb\",\"itemListElement\":[{\"@type\":\"ListItem\",\"position\":1,\"name\":\"Home\",\"item\":\"https:\/\/news.sap.com\/sweden\/\"},{\"@type\":\"ListItem\",\"position\":2,\"name\":\"麻豆原创 var p\u00e5 plats n\u00e4r Women in Tech gick av stapeln\"}]},{\"@type\":\"WebSite\",\"@id\":\"https:\/\/news.sap.com\/sweden\/#website\",\"url\":\"https:\/\/news.sap.com\/sweden\/\",\"name\":\"麻豆原创 Sweden Nyheter\",\"description\":\"Nyheter och information om 麻豆原创\",\"potentialAction\":[{\"@type\":\"SearchAction\",\"target\":{\"@type\":\"EntryPoint\",\"urlTemplate\":\"https:\/\/news.sap.com\/sweden\/?s={search_term_string}\"},\"query-input\":{\"@type\":\"PropertyValueSpecification\",\"valueRequired\":true,\"valueName\":\"search_term_string\"}}],\"inLanguage\":\"sv-SE\"},{\"@type\":\"Person\",\"@id\":\"https:\/\/news.sap.com\/sweden\/#\/schema\/person\/53b9854bd790d6f18f3fc4bbb2ad7570\",\"name\":\"麻豆原创 News\",\"image\":{\"@type\":\"ImageObject\",\"inLanguage\":\"sv-SE\",\"@id\":\"https:\/\/news.sap.com\/sweden\/#\/schema\/person\/image\/\",\"url\":\"https:\/\/news.sap.com\/sweden\/wp-content\/plugins\/wp-user-avatars\/wp-user-avatars\/assets\/images\/mystery.jpg\",\"contentUrl\":\"https:\/\/news.sap.com\/sweden\/wp-content\/plugins\/wp-user-avatars\/wp-user-avatars\/assets\/images\/mystery.jpg\",\"caption\":\"麻豆原创 News\"},\"url\":\"https:\/\/news.sap.com\/sweden\/author\/colleenraftery\/\"}]}<\/script>\n<!-- \/ Yoast SEO Premium plugin. -->","yoast_head_json":{"title":"麻豆原创 var p\u00e5 plats n\u00e4r Women in Tech gick av stapeln - 麻豆原创 Sweden Nyheter","robots":{"index":"index","follow":"follow","max-snippet":"max-snippet:-1","max-image-preview":"max-image-preview:large","max-video-preview":"max-video-preview:-1"},"canonical":"https:\/\/news.sap.com\/sweden\/2022\/05\/sap-var-pa-plats-nar-women-in-tech-gick-av-stapeln\/","og_locale":"sv_SE","og_type":"article","og_title":"麻豆原创 var p\u00e5 plats n\u00e4r Women in Tech gick av stapeln","og_description":"Women in Tech h\u00f6lls fredagen den 13 maj p\u00e5 Stockholm Waterfront Congress Centre, och givetvis var 麻豆原创 p\u00e5 plats f\u00f6r att delta p\u00e5 Nordens st\u00f6rsta...","og_url":"https:\/\/news.sap.com\/sweden\/2022\/05\/sap-var-pa-plats-nar-women-in-tech-gick-av-stapeln\/","og_site_name":"麻豆原创 Sweden Nyheter","article_published_time":"2022-05-17T12:28:47+00:00","article_modified_time":"2024-08-07T17:47:05+00:00","og_image":[{"width":1920,"height":600,"url":"https:\/\/news.sap.com\/sweden\/files\/2022\/05\/17\/Header_WIT_1.png","type":"image\/png"}],"author":"麻豆原创 News","twitter_card":"summary_large_image","twitter_misc":{"Skriven av":"麻豆原创 News","Ber\u00e4knad l\u00e4stid":"2 minuter"},"schema":{"@context":"https:\/\/schema.org","@graph":[{"@type":"Article","@id":"https:\/\/news.sap.com\/sweden\/2022\/05\/sap-var-pa-plats-nar-women-in-tech-gick-av-stapeln\/#article","isPartOf":{"@id":"https:\/\/news.sap.com\/sweden\/2022\/05\/sap-var-pa-plats-nar-women-in-tech-gick-av-stapeln\/"},"author":{"name":"麻豆原创 News","@id":"https:\/\/news.sap.com\/sweden\/#\/schema\/person\/53b9854bd790d6f18f3fc4bbb2ad7570"},"headline":"麻豆原创 var p\u00e5 plats n\u00e4r Women in Tech gick av stapeln","datePublished":"2022-05-17T12:28:47+00:00","dateModified":"2024-08-07T17:47:05+00:00","mainEntityOfPage":{"@id":"https:\/\/news.sap.com\/sweden\/2022\/05\/sap-var-pa-plats-nar-women-in-tech-gick-av-stapeln\/"},"wordCount":456,"image":{"@id":"https:\/\/news.sap.com\/sweden\/2022\/05\/sap-var-pa-plats-nar-women-in-tech-gick-av-stapeln\/#primaryimage"},"thumbnailUrl":"https:\/\/news.sap.com\/sweden\/files\/2022\/05\/17\/Header_WIT_1.png","keywords":["Emilie Solomon","h\u00e5llbarhet","Helle Dochedahl","sap","WIT"],"articleSection":["Ekosystem","Event","H\u00e5llbarhet"],"inLanguage":"sv-SE"},{"@type":"WebPage","@id":"https:\/\/news.sap.com\/sweden\/2022\/05\/sap-var-pa-plats-nar-women-in-tech-gick-av-stapeln\/","url":"https:\/\/news.sap.com\/sweden\/2022\/05\/sap-var-pa-plats-nar-women-in-tech-gick-av-stapeln\/","name":"麻豆原创 var p\u00e5 plats n\u00e4r Women in Tech gick av stapeln - 麻豆原创 Sweden Nyheter","isPartOf":{"@id":"https:\/\/news.sap.com\/sweden\/#website"},"primaryImageOfPage":{"@id":"https:\/\/news.sap.com\/sweden\/2022\/05\/sap-var-pa-plats-nar-women-in-tech-gick-av-stapeln\/#primaryimage"},"image":{"@id":"https:\/\/news.sap.com\/sweden\/2022\/05\/sap-var-pa-plats-nar-women-in-tech-gick-av-stapeln\/#primaryimage"},"thumbnailUrl":"https:\/\/news.sap.com\/sweden\/files\/2022\/05\/17\/Header_WIT_1.png","datePublished":"2022-05-17T12:28:47+00:00","dateModified":"2024-08-07T17:47:05+00:00","author":{"@id":"https:\/\/news.sap.com\/sweden\/#\/schema\/person\/53b9854bd790d6f18f3fc4bbb2ad7570"},"breadcrumb":{"@id":"https:\/\/news.sap.com\/sweden\/2022\/05\/sap-var-pa-plats-nar-women-in-tech-gick-av-stapeln\/#breadcrumb"},"inLanguage":"sv-SE","potentialAction":[{"@type":"ReadAction","target":["https:\/\/news.sap.com\/sweden\/2022\/05\/sap-var-pa-plats-nar-women-in-tech-gick-av-stapeln\/"]}]},{"@type":"ImageObject","inLanguage":"sv-SE","@id":"https:\/\/news.sap.com\/sweden\/2022\/05\/sap-var-pa-plats-nar-women-in-tech-gick-av-stapeln\/#primaryimage","url":"https:\/\/news.sap.com\/sweden\/files\/2022\/05\/17\/Header_WIT_1.png","contentUrl":"https:\/\/news.sap.com\/sweden\/files\/2022\/05\/17\/Header_WIT_1.png","width":1920,"height":600},{"@type":"BreadcrumbList","@id":"https:\/\/news.sap.com\/sweden\/2022\/05\/sap-var-pa-plats-nar-women-in-tech-gick-av-stapeln\/#breadcrumb","itemListElement":[{"@type":"ListItem","position":1,"name":"Home","item":"https:\/\/news.sap.com\/sweden\/"},{"@type":"ListItem","position":2,"name":"麻豆原创 var p\u00e5 plats n\u00e4r Women in Tech gick av stapeln"}]},{"@type":"WebSite","@id":"https:\/\/news.sap.com\/sweden\/#website","url":"https:\/\/news.sap.com\/sweden\/","name":"麻豆原创 Sweden Nyheter","description":"Nyheter och information om 麻豆原创","potentialAction":[{"@type":"SearchAction","target":{"@type":"EntryPoint","urlTemplate":"https:\/\/news.sap.com\/sweden\/?s={search_term_string}"},"query-input":{"@type":"PropertyValueSpecification","valueRequired":true,"valueName":"search_term_string"}}],"inLanguage":"sv-SE"},{"@type":"Person","@id":"https:\/\/news.sap.com\/sweden\/#\/schema\/person\/53b9854bd790d6f18f3fc4bbb2ad7570","name":"麻豆原创 News","image":{"@type":"ImageObject","inLanguage":"sv-SE","@id":"https:\/\/news.sap.com\/sweden\/#\/schema\/person\/image\/","url":"https:\/\/news.sap.com\/sweden\/wp-content\/plugins\/wp-user-avatars\/wp-user-avatars\/assets\/images\/mystery.jpg","contentUrl":"https:\/\/news.sap.com\/sweden\/wp-content\/plugins\/wp-user-avatars\/wp-user-avatars\/assets\/images\/mystery.jpg","caption":"麻豆原创 News"},"url":"https:\/\/news.sap.com\/sweden\/author\/colleenraftery\/"}]}},"amp_enabled":true,"_links":{"self":[{"href":"https:\/\/news.sap.com\/sweden\/wp-json\/wp\/v2\/posts\/3408","targetHints":{"allow":["GET"]}}],"collection":[{"href":"https:\/\/news.sap.com\/sweden\/wp-json\/wp\/v2\/posts"}],"about":[{"href":"https:\/\/news.sap.com\/sweden\/wp-json\/wp\/v2\/types\/post"}],"author":[{"embeddable":true,"href":"https:\/\/news.sap.com\/sweden\/wp-json\/wp\/v2\/users\/29"}],"replies":[{"embeddable":true,"href":"https:\/\/news.sap.com\/sweden\/wp-json\/wp\/v2\/comments?post=3408"}],"version-history":[{"count":0,"href":"https:\/\/news.sap.com\/sweden\/wp-json\/wp\/v2\/posts\/3408\/revisions"}],"wp:featuredmedia":[{"embeddable":true,"href":"https:\/\/news.sap.com\/sweden\/wp-json\/wp\/v2\/media\/3409"}],"wp:attachment":[{"href":"https:\/\/news.sap.com\/sweden\/wp-json\/wp\/v2\/media?parent=3408"}],"wp:term":[{"taxonomy":"category","embeddable":true,"href":"https:\/\/news.sap.com\/sweden\/wp-json\/wp\/v2\/categories?post=3408"},{"taxonomy":"post_tag","embeddable":true,"href":"https:\/\/news.sap.com\/sweden\/wp-json\/wp\/v2\/tags?post=3408"},{"taxonomy":"sapn-display","embeddable":true,"href":"https:\/\/news.sap.com\/sweden\/wp-json\/wp\/v2\/sapn-display?post=3408"},{"taxonomy":"sapn-type","embeddable":true,"href":"https:\/\/news.sap.com\/sweden\/wp-json\/wp\/v2\/sapn-type?post=3408"}],"curies":[{"name":"wp","href":"https:\/\/api.w.org\/{rel}","templated":true}]}}