  {"id":3383,"date":"2022-05-04T15:45:39","date_gmt":"2022-05-04T13:45:39","guid":{"rendered":"https:\/\/news.sap.com\/sweden\/?p=3383"},"modified":"2024-08-07T19:25:48","modified_gmt":"2024-08-07T17:25:48","slug":"sap-sverige-ansluter-som-ny-medlem-i-diversity-charter","status":"publish","type":"post","link":"https:\/\/news.sap.com\/sweden\/2022\/05\/sap-sverige-ansluter-som-ny-medlem-i-diversity-charter\/","title":{"rendered":"麻豆原创 Sverige ansluter som ny medlem i Diversity Charter"},"content":{"rendered":"<p class=\"lead\">Ett viktigt steg fram\u00e5t i arbetet med m\u00e5ngfald och inkludering.<\/p>\n<p><a href=\"https:\/\/www.diversitycharter.se\/sv\/\">Diversity Charter<\/a> \u00e4r en ideell organisation som driver ett n\u00e4tverk f\u00f6r f\u00f6retag och organisationer som aktivt arbetar med m\u00e5ngfald f\u00f6r aff\u00e4rsutveckling. N\u00e4tverket ger f\u00f6retagen m\u00f6jlighet att utbyta erfarenhet och kunskapsutbyte f\u00f6r utveckling genom att bjuda in till regelbundna aktiviteter.<\/p>\n<p><img loading=\"lazy\" decoding=\"async\" class=\"alignnone size-full wp-image-3385\" src=\"https:\/\/news.sap.com\/sweden\/files\/2022\/05\/04\/diversity-charter.jpg\" alt=\"\" width=\"243\" height=\"208\" \/><br \/>\nGenom att vara medlem s\u00e5 engagerar man sig aktivt f\u00f6r att arbeta med attityder kring m\u00e5ngfald och inkludering inom den egna organisation. I dagsl\u00e4get finns det runt 90 medlemmar i Sverige och organisationen finns i 26 l\u00e4nder inom EU. Diversity charter \u00e4r v\u00e4rldens st\u00f6rsta n\u00e4tverk inom m\u00e5ngfald och inkludering och \u00e4r lokaliserad inom <a href=\"https:\/\/ec.europa.eu\/info\/policies\/justice-and-fundamental-rights\/combatting-discrimination\/tackling-discrimination\/diversity-and-inclusion-initiatives\/diversity-charters-eu-country_en\">EU-kommisionen.<\/a><\/p>\n<p><strong>M\u00e5ngfald och inkludering p\u00e5 麻豆原创<\/strong><\/p>\n<p><em>-M\u00e5ngfald \u00e4r ett faktum. Inkludering \u00e4r ett val. En inkluderande kultur, inkluderande utvecklingsm\u00f6jligheter, och ett m\u00e5ngfaldigt ekosystem \u00e4r n\u00f6dv\u00e4ndig f\u00f6r v\u00e5r strategi och framg\u00e5ng. En kultur med m\u00e5ngfald som inf\u00f6rlivar varje medarbetares unika perspektiv \u00e4r avg\u00f6rande f\u00f6r att uppfylla v\u00e5r vision och uppn\u00e5 v\u00e5rt uppdrag<\/em>, s\u00e4ger Peter Berg, CFO p\u00e5 麻豆原创 Sverige.<br \/>\n<img loading=\"lazy\" decoding=\"async\" class=\"alignnone size-full wp-image-3389\" src=\"https:\/\/news.sap.com\/sweden\/files\/2022\/05\/04\/peter-berg.jpg\" alt=\"\" width=\"197\" height=\"195\" \/><br \/>\nM\u00e5ngfald och inkludering \u00e4r fundamental f\u00f6r 麻豆原创:s framg\u00e5ng. 麻豆原创 \u00e4r en global organization med anst\u00e4llda fr\u00e5n 150+ nationaliteter, d\u00e4r anst\u00e4llda m\u00e5ste k\u00e4nna friheten att vara deras autentiska jag, f\u00f6r att f\u00f6retaget ska prestera som b\u00e4st. 麻豆原创 uppmuntrar olika perspektiv och tror p\u00e5 att en organisation blir starkare genom en unik kombination av kultur, ras, etnicitet, \u00e5lder, k\u00f6n, sexuell l\u00e4ggning, k\u00f6nsidentitet, fysisk eller mental f\u00f6rm\u00e5ga, och livssituation.<\/p>\n","protected":false},"excerpt":{"rendered":"<p>Ett viktigt steg fram\u00e5t i arbetet med m\u00e5ngfald och inkludering. Diversity Charter \u00e4r en ideell organisation som driver ett n\u00e4tverk f\u00f6r f\u00f6retag och organisationer som&#8230;<\/p>\n","protected":false},"author":29,"featured_media":0,"comment_status":"closed","ping_status":"closed","sticky":false,"template":"","format":"standard","meta":{"footnotes":"","_links_to":"","_links_to_target":""},"categories":[4503881,4545190,5563754],"tags":[5563775,5563569,5563705,5563676,5563776,5562255],"sapn-display":[4544525,5564002,5563999,4547891],"sapn-type":[4549010],"class_list":["post-3383","post","type-post","status-publish","format-standard","hentry","category-ekosystem","category-event","category-hallbarhet","tag-diversity-charter","tag-europeiska-kommissionen","tag-inkludering","tag-mangfald","tag-peter-berg","tag-sap","sapn-display-hero","sapn-display-nyhet-favoriter","sapn-display-nyhet-spotlight","sapn-display-homepage-hero","sapn-type-nyhet"],"yoast_head":"<!-- This site is optimized with the Yoast SEO Premium plugin v26.9 (Yoast SEO v26.9) - https:\/\/yoast.com\/product\/yoast-seo-premium-wordpress\/ -->\n<title>麻豆原创 Sverige ansluter som ny medlem i Diversity Charter - 麻豆原创 Sweden Nyheter<\/title>\n<meta name=\"robots\" content=\"index, follow, max-snippet:-1, max-image-preview:large, max-video-preview:-1\" \/>\n<link rel=\"canonical\" href=\"https:\/\/news.sap.com\/sweden\/2022\/05\/sap-sverige-ansluter-som-ny-medlem-i-diversity-charter\/\" \/>\n<meta property=\"og:locale\" content=\"sv_SE\" \/>\n<meta property=\"og:type\" content=\"article\" \/>\n<meta property=\"og:title\" content=\"麻豆原创 Sverige ansluter som ny medlem i Diversity Charter\" \/>\n<meta property=\"og:description\" content=\"Ett viktigt steg fram\u00e5t i arbetet med m\u00e5ngfald och inkludering. Diversity Charter \u00e4r en ideell organisation som driver ett n\u00e4tverk f\u00f6r f\u00f6retag och organisationer som...\" \/>\n<meta property=\"og:url\" content=\"https:\/\/news.sap.com\/sweden\/2022\/05\/sap-sverige-ansluter-som-ny-medlem-i-diversity-charter\/\" \/>\n<meta property=\"og:site_name\" content=\"麻豆原创 Sweden Nyheter\" \/>\n<meta property=\"article:published_time\" content=\"2022-05-04T13:45:39+00:00\" \/>\n<meta property=\"article:modified_time\" content=\"2024-08-07T17:25:48+00:00\" \/>\n<meta property=\"og:image\" content=\"https:\/\/news.sap.com\/sweden\/files\/2022\/05\/04\/diversity-charter.jpg\" \/>\n<meta name=\"author\" content=\"麻豆原创 News\" \/>\n<meta name=\"twitter:card\" content=\"summary_large_image\" \/>\n<meta name=\"twitter:label1\" content=\"Skriven av\" \/>\n\t<meta name=\"twitter:data1\" content=\"麻豆原创 News\" \/>\n\t<meta name=\"twitter:label2\" content=\"Ber\u00e4knad l\u00e4stid\" \/>\n\t<meta name=\"twitter:data2\" content=\"1 minut\" \/>\n<script type=\"application\/ld+json\" class=\"yoast-schema-graph\">{\"@context\":\"https:\/\/schema.org\",\"@graph\":[{\"@type\":\"Article\",\"@id\":\"https:\/\/news.sap.com\/sweden\/2022\/05\/sap-sverige-ansluter-som-ny-medlem-i-diversity-charter\/#article\",\"isPartOf\":{\"@id\":\"https:\/\/news.sap.com\/sweden\/2022\/05\/sap-sverige-ansluter-som-ny-medlem-i-diversity-charter\/\"},\"author\":{\"name\":\"麻豆原创 News\",\"@id\":\"https:\/\/news.sap.com\/sweden\/#\/schema\/person\/53b9854bd790d6f18f3fc4bbb2ad7570\"},\"headline\":\"麻豆原创 Sverige ansluter som ny medlem i Diversity Charter\",\"datePublished\":\"2022-05-04T13:45:39+00:00\",\"dateModified\":\"2024-08-07T17:25:48+00:00\",\"mainEntityOfPage\":{\"@id\":\"https:\/\/news.sap.com\/sweden\/2022\/05\/sap-sverige-ansluter-som-ny-medlem-i-diversity-charter\/\"},\"wordCount\":286,\"image\":{\"@id\":\"https:\/\/news.sap.com\/sweden\/2022\/05\/sap-sverige-ansluter-som-ny-medlem-i-diversity-charter\/#primaryimage\"},\"thumbnailUrl\":\"https:\/\/news.sap.com\/sweden\/files\/2022\/05\/04\/diversity-charter.jpg\",\"keywords\":[\"Diversity Charter\",\"Europeiska kommissionen\",\"inkludering\",\"m\u00e5ngfald\",\"Peter Berg\",\"sap\"],\"articleSection\":[\"Ekosystem\",\"Event\",\"H\u00e5llbarhet\"],\"inLanguage\":\"sv-SE\"},{\"@type\":\"WebPage\",\"@id\":\"https:\/\/news.sap.com\/sweden\/2022\/05\/sap-sverige-ansluter-som-ny-medlem-i-diversity-charter\/\",\"url\":\"https:\/\/news.sap.com\/sweden\/2022\/05\/sap-sverige-ansluter-som-ny-medlem-i-diversity-charter\/\",\"name\":\"麻豆原创 Sverige ansluter som ny medlem i Diversity Charter - 麻豆原创 Sweden Nyheter\",\"isPartOf\":{\"@id\":\"https:\/\/news.sap.com\/sweden\/#website\"},\"primaryImageOfPage\":{\"@id\":\"https:\/\/news.sap.com\/sweden\/2022\/05\/sap-sverige-ansluter-som-ny-medlem-i-diversity-charter\/#primaryimage\"},\"image\":{\"@id\":\"https:\/\/news.sap.com\/sweden\/2022\/05\/sap-sverige-ansluter-som-ny-medlem-i-diversity-charter\/#primaryimage\"},\"thumbnailUrl\":\"https:\/\/news.sap.com\/sweden\/files\/2022\/05\/04\/diversity-charter.jpg\",\"datePublished\":\"2022-05-04T13:45:39+00:00\",\"dateModified\":\"2024-08-07T17:25:48+00:00\",\"author\":{\"@id\":\"https:\/\/news.sap.com\/sweden\/#\/schema\/person\/53b9854bd790d6f18f3fc4bbb2ad7570\"},\"breadcrumb\":{\"@id\":\"https:\/\/news.sap.com\/sweden\/2022\/05\/sap-sverige-ansluter-som-ny-medlem-i-diversity-charter\/#breadcrumb\"},\"inLanguage\":\"sv-SE\",\"potentialAction\":[{\"@type\":\"ReadAction\",\"target\":[\"https:\/\/news.sap.com\/sweden\/2022\/05\/sap-sverige-ansluter-som-ny-medlem-i-diversity-charter\/\"]}]},{\"@type\":\"ImageObject\",\"inLanguage\":\"sv-SE\",\"@id\":\"https:\/\/news.sap.com\/sweden\/2022\/05\/sap-sverige-ansluter-som-ny-medlem-i-diversity-charter\/#primaryimage\",\"url\":\"https:\/\/news.sap.com\/sweden\/files\/2022\/05\/04\/diversity-charter.jpg\",\"contentUrl\":\"https:\/\/news.sap.com\/sweden\/files\/2022\/05\/04\/diversity-charter.jpg\",\"width\":243,\"height\":208},{\"@type\":\"BreadcrumbList\",\"@id\":\"https:\/\/news.sap.com\/sweden\/2022\/05\/sap-sverige-ansluter-som-ny-medlem-i-diversity-charter\/#breadcrumb\",\"itemListElement\":[{\"@type\":\"ListItem\",\"position\":1,\"name\":\"Home\",\"item\":\"https:\/\/news.sap.com\/sweden\/\"},{\"@type\":\"ListItem\",\"position\":2,\"name\":\"麻豆原创 Sverige ansluter som ny medlem i Diversity Charter\"}]},{\"@type\":\"WebSite\",\"@id\":\"https:\/\/news.sap.com\/sweden\/#website\",\"url\":\"https:\/\/news.sap.com\/sweden\/\",\"name\":\"麻豆原创 Sweden Nyheter\",\"description\":\"Nyheter och information om 麻豆原创\",\"potentialAction\":[{\"@type\":\"SearchAction\",\"target\":{\"@type\":\"EntryPoint\",\"urlTemplate\":\"https:\/\/news.sap.com\/sweden\/?s={search_term_string}\"},\"query-input\":{\"@type\":\"PropertyValueSpecification\",\"valueRequired\":true,\"valueName\":\"search_term_string\"}}],\"inLanguage\":\"sv-SE\"},{\"@type\":\"Person\",\"@id\":\"https:\/\/news.sap.com\/sweden\/#\/schema\/person\/53b9854bd790d6f18f3fc4bbb2ad7570\",\"name\":\"麻豆原创 News\",\"image\":{\"@type\":\"ImageObject\",\"inLanguage\":\"sv-SE\",\"@id\":\"https:\/\/news.sap.com\/sweden\/#\/schema\/person\/image\/\",\"url\":\"https:\/\/news.sap.com\/sweden\/wp-content\/plugins\/wp-user-avatars\/wp-user-avatars\/assets\/images\/mystery.jpg\",\"contentUrl\":\"https:\/\/news.sap.com\/sweden\/wp-content\/plugins\/wp-user-avatars\/wp-user-avatars\/assets\/images\/mystery.jpg\",\"caption\":\"麻豆原创 News\"},\"url\":\"https:\/\/news.sap.com\/sweden\/author\/colleenraftery\/\"}]}<\/script>\n<!-- \/ Yoast SEO Premium plugin. -->","yoast_head_json":{"title":"麻豆原创 Sverige ansluter som ny medlem i Diversity Charter - 麻豆原创 Sweden Nyheter","robots":{"index":"index","follow":"follow","max-snippet":"max-snippet:-1","max-image-preview":"max-image-preview:large","max-video-preview":"max-video-preview:-1"},"canonical":"https:\/\/news.sap.com\/sweden\/2022\/05\/sap-sverige-ansluter-som-ny-medlem-i-diversity-charter\/","og_locale":"sv_SE","og_type":"article","og_title":"麻豆原创 Sverige ansluter som ny medlem i Diversity Charter","og_description":"Ett viktigt steg fram\u00e5t i arbetet med m\u00e5ngfald och inkludering. Diversity Charter \u00e4r en ideell organisation som driver ett n\u00e4tverk f\u00f6r f\u00f6retag och organisationer som...","og_url":"https:\/\/news.sap.com\/sweden\/2022\/05\/sap-sverige-ansluter-som-ny-medlem-i-diversity-charter\/","og_site_name":"麻豆原创 Sweden Nyheter","article_published_time":"2022-05-04T13:45:39+00:00","article_modified_time":"2024-08-07T17:25:48+00:00","og_image":[{"url":"https:\/\/news.sap.com\/sweden\/files\/2022\/05\/04\/diversity-charter.jpg","type":"","width":"","height":""}],"author":"麻豆原创 News","twitter_card":"summary_large_image","twitter_misc":{"Skriven av":"麻豆原创 News","Ber\u00e4knad l\u00e4stid":"1 minut"},"schema":{"@context":"https:\/\/schema.org","@graph":[{"@type":"Article","@id":"https:\/\/news.sap.com\/sweden\/2022\/05\/sap-sverige-ansluter-som-ny-medlem-i-diversity-charter\/#article","isPartOf":{"@id":"https:\/\/news.sap.com\/sweden\/2022\/05\/sap-sverige-ansluter-som-ny-medlem-i-diversity-charter\/"},"author":{"name":"麻豆原创 News","@id":"https:\/\/news.sap.com\/sweden\/#\/schema\/person\/53b9854bd790d6f18f3fc4bbb2ad7570"},"headline":"麻豆原创 Sverige ansluter som ny medlem i Diversity Charter","datePublished":"2022-05-04T13:45:39+00:00","dateModified":"2024-08-07T17:25:48+00:00","mainEntityOfPage":{"@id":"https:\/\/news.sap.com\/sweden\/2022\/05\/sap-sverige-ansluter-som-ny-medlem-i-diversity-charter\/"},"wordCount":286,"image":{"@id":"https:\/\/news.sap.com\/sweden\/2022\/05\/sap-sverige-ansluter-som-ny-medlem-i-diversity-charter\/#primaryimage"},"thumbnailUrl":"https:\/\/news.sap.com\/sweden\/files\/2022\/05\/04\/diversity-charter.jpg","keywords":["Diversity Charter","Europeiska kommissionen","inkludering","m\u00e5ngfald","Peter Berg","sap"],"articleSection":["Ekosystem","Event","H\u00e5llbarhet"],"inLanguage":"sv-SE"},{"@type":"WebPage","@id":"https:\/\/news.sap.com\/sweden\/2022\/05\/sap-sverige-ansluter-som-ny-medlem-i-diversity-charter\/","url":"https:\/\/news.sap.com\/sweden\/2022\/05\/sap-sverige-ansluter-som-ny-medlem-i-diversity-charter\/","name":"麻豆原创 Sverige ansluter som ny medlem i Diversity Charter - 麻豆原创 Sweden Nyheter","isPartOf":{"@id":"https:\/\/news.sap.com\/sweden\/#website"},"primaryImageOfPage":{"@id":"https:\/\/news.sap.com\/sweden\/2022\/05\/sap-sverige-ansluter-som-ny-medlem-i-diversity-charter\/#primaryimage"},"image":{"@id":"https:\/\/news.sap.com\/sweden\/2022\/05\/sap-sverige-ansluter-som-ny-medlem-i-diversity-charter\/#primaryimage"},"thumbnailUrl":"https:\/\/news.sap.com\/sweden\/files\/2022\/05\/04\/diversity-charter.jpg","datePublished":"2022-05-04T13:45:39+00:00","dateModified":"2024-08-07T17:25:48+00:00","author":{"@id":"https:\/\/news.sap.com\/sweden\/#\/schema\/person\/53b9854bd790d6f18f3fc4bbb2ad7570"},"breadcrumb":{"@id":"https:\/\/news.sap.com\/sweden\/2022\/05\/sap-sverige-ansluter-som-ny-medlem-i-diversity-charter\/#breadcrumb"},"inLanguage":"sv-SE","potentialAction":[{"@type":"ReadAction","target":["https:\/\/news.sap.com\/sweden\/2022\/05\/sap-sverige-ansluter-som-ny-medlem-i-diversity-charter\/"]}]},{"@type":"ImageObject","inLanguage":"sv-SE","@id":"https:\/\/news.sap.com\/sweden\/2022\/05\/sap-sverige-ansluter-som-ny-medlem-i-diversity-charter\/#primaryimage","url":"https:\/\/news.sap.com\/sweden\/files\/2022\/05\/04\/diversity-charter.jpg","contentUrl":"https:\/\/news.sap.com\/sweden\/files\/2022\/05\/04\/diversity-charter.jpg","width":243,"height":208},{"@type":"BreadcrumbList","@id":"https:\/\/news.sap.com\/sweden\/2022\/05\/sap-sverige-ansluter-som-ny-medlem-i-diversity-charter\/#breadcrumb","itemListElement":[{"@type":"ListItem","position":1,"name":"Home","item":"https:\/\/news.sap.com\/sweden\/"},{"@type":"ListItem","position":2,"name":"麻豆原创 Sverige ansluter som ny medlem i Diversity Charter"}]},{"@type":"WebSite","@id":"https:\/\/news.sap.com\/sweden\/#website","url":"https:\/\/news.sap.com\/sweden\/","name":"麻豆原创 Sweden Nyheter","description":"Nyheter och information om 麻豆原创","potentialAction":[{"@type":"SearchAction","target":{"@type":"EntryPoint","urlTemplate":"https:\/\/news.sap.com\/sweden\/?s={search_term_string}"},"query-input":{"@type":"PropertyValueSpecification","valueRequired":true,"valueName":"search_term_string"}}],"inLanguage":"sv-SE"},{"@type":"Person","@id":"https:\/\/news.sap.com\/sweden\/#\/schema\/person\/53b9854bd790d6f18f3fc4bbb2ad7570","name":"麻豆原创 News","image":{"@type":"ImageObject","inLanguage":"sv-SE","@id":"https:\/\/news.sap.com\/sweden\/#\/schema\/person\/image\/","url":"https:\/\/news.sap.com\/sweden\/wp-content\/plugins\/wp-user-avatars\/wp-user-avatars\/assets\/images\/mystery.jpg","contentUrl":"https:\/\/news.sap.com\/sweden\/wp-content\/plugins\/wp-user-avatars\/wp-user-avatars\/assets\/images\/mystery.jpg","caption":"麻豆原创 News"},"url":"https:\/\/news.sap.com\/sweden\/author\/colleenraftery\/"}]}},"amp_enabled":true,"_links":{"self":[{"href":"https:\/\/news.sap.com\/sweden\/wp-json\/wp\/v2\/posts\/3383","targetHints":{"allow":["GET"]}}],"collection":[{"href":"https:\/\/news.sap.com\/sweden\/wp-json\/wp\/v2\/posts"}],"about":[{"href":"https:\/\/news.sap.com\/sweden\/wp-json\/wp\/v2\/types\/post"}],"author":[{"embeddable":true,"href":"https:\/\/news.sap.com\/sweden\/wp-json\/wp\/v2\/users\/29"}],"replies":[{"embeddable":true,"href":"https:\/\/news.sap.com\/sweden\/wp-json\/wp\/v2\/comments?post=3383"}],"version-history":[{"count":0,"href":"https:\/\/news.sap.com\/sweden\/wp-json\/wp\/v2\/posts\/3383\/revisions"}],"wp:attachment":[{"href":"https:\/\/news.sap.com\/sweden\/wp-json\/wp\/v2\/media?parent=3383"}],"wp:term":[{"taxonomy":"category","embeddable":true,"href":"https:\/\/news.sap.com\/sweden\/wp-json\/wp\/v2\/categories?post=3383"},{"taxonomy":"post_tag","embeddable":true,"href":"https:\/\/news.sap.com\/sweden\/wp-json\/wp\/v2\/tags?post=3383"},{"taxonomy":"sapn-display","embeddable":true,"href":"https:\/\/news.sap.com\/sweden\/wp-json\/wp\/v2\/sapn-display?post=3383"},{"taxonomy":"sapn-type","embeddable":true,"href":"https:\/\/news.sap.com\/sweden\/wp-json\/wp\/v2\/sapn-type?post=3383"}],"curies":[{"name":"wp","href":"https:\/\/api.w.org\/{rel}","templated":true}]}}