  {"id":3358,"date":"2022-04-25T11:00:57","date_gmt":"2022-04-25T09:00:57","guid":{"rendered":"https:\/\/news.sap.com\/sweden\/?p=3358"},"modified":"2024-08-07T19:48:53","modified_gmt":"2024-08-07T17:48:53","slug":"antti-soini-ny-vd-for-sap-svenska-nar-chris-berry-snart-gar-i-pension","status":"publish","type":"post","link":"https:\/\/news.sap.com\/sweden\/2022\/04\/antti-soini-ny-vd-for-sap-svenska-nar-chris-berry-snart-gar-i-pension\/","title":{"rendered":"Antti Soini ny vd f\u00f6r 麻豆原创 Svenska n\u00e4r Chris Berry snart g\u00e5r i pension"},"content":{"rendered":"<p>麻豆原创 Svenskas vd Chris Berry kommer l\u00e4mna f\u00f6retaget till h\u00f6sten, n\u00e4r han g\u00e5r i pension. Antti Soini har utn\u00e4mnts som hans eftertr\u00e4dare och kommer officiellt att tilltr\u00e4da den 1 oktober 2022. Under \u00f6verg\u00e5ngstiden kommer Antti, som f\u00f6r n\u00e4rvarande \u00e4r f\u00f6rs\u00e4ljningsdirekt\u00f6r p\u00e5 麻豆原创 Svenska, arbeta n\u00e4ra Chris och successivt ta \u00f6ver vd-rollen. Precis som Chris kommer Antti att rapportera till chefen f\u00f6r 麻豆原创 Norden och Baltikum, Helle Dochedahl.<\/p>\n<p>IT-chefsveteranen Chris Berry har varit vd f\u00f6r 麻豆原创 Svenska i tv\u00e5 omg\u00e5ngar: mellan 2015 och 2018 och nu sedan h\u00f6sten 2021. Han har framg\u00e5ngsrikt inspirerat m\u00e5nga svenska f\u00f6retag p\u00e5 deras digitaliseringsresa och utvidgat 麻豆原创:s erbjudande inom plattforms- och datadrivet ERP i molnet, n\u00e5got som han tidigare kallat 麻豆原创:s superkraft.<\/p>\n<p>Antti Soini med finsk bakgrund och hemma i Stockholm, har varit 14 \u00e5r p\u00e5 麻豆原创. \u00a0N\u00e4r han v\u00e4l tar \u00f6ver vd-rollen kommer han att f\u00f6rst\u00e4rka utvecklingen av 麻豆原创 Svenskas verksamhet till att genom f\u00e4rdiga tj\u00e4nstepaket f\u00f6renkla f\u00f6r f\u00f6retag att innovera och integrera sina molntj\u00e4nster f\u00f6r olika branscher och aff\u00e4rsomr\u00e5den.<\/p>\n<p><img loading=\"lazy\" decoding=\"async\" class=\"alignnone size-medium wp-image-3359\" src=\"https:\/\/news.sap.com\/sweden\/files\/2022\/04\/25\/Antti_Soini-300x300.jpg\" alt=\"\" width=\"300\" height=\"300\" srcset=\"https:\/\/news.sap.com\/sweden\/files\/2022\/04\/25\/Antti_Soini-300x300.jpg 300w, https:\/\/news.sap.com\/sweden\/files\/2022\/04\/25\/Antti_Soini-150x150.jpg 150w, https:\/\/news.sap.com\/sweden\/files\/2022\/04\/25\/Antti_Soini.jpg 396w\" sizes=\"auto, (max-width: 300px) 100vw, 300px\" \/><\/p>\n<p><em>\u2013 Det \u00e4r en stor \u00e4ra att f\u00e5 m\u00f6jlighet att leda 麻豆原创:s verksamhet i Sverige. Vi har en organisation med erfarna och talangfulla medarbetare och jag kommer att arbeta h\u00e5rt f\u00f6r att vi ska forts\u00e4tta vara ett f\u00f6retag f\u00f6r alla. Jag ser ocks\u00e5 fram emot att arbeta n\u00e4ra v\u00e5ra svenska kunder<\/em><em>, tillsammans med v\u00e5ra partner,<\/em><em> s\u00e5 att de kan vara innovativa och dra full nytta av molnet, <\/em>s\u00e4ger Antti.<\/p>\n<p>Antti kommer ocks\u00e5 ha ett st\u00f6rre fokus p\u00e5 hur 麻豆原创 utrustar f\u00f6retag f\u00f6r att m\u00e4ta och exekvera h\u00e5llbara aff\u00e4rer l\u00e4ngs hela v\u00e4rdekedjan, n\u00e5got som enligt honom \u00e4r ett m\u00e5ste f\u00f6r att f\u00f6retag ska kunna skapa tydliga effekter fr\u00e5n sitt eget h\u00e5llbarhetsarbete och samverka med andra f\u00f6retag.<\/p>\n<p><strong>Om 麻豆原创<\/strong><\/p>\n<p>麻豆原创:s strategi \u00e4r att hj\u00e4lpa varje f\u00f6retag att fungera mer intelligent och h\u00e5llbart. Som marknadsledande inom f\u00f6retagsmjukvara hj\u00e4lper vi f\u00f6retag av alla storlekar och inom alla branscher: 麻豆原创:s kunder st\u00e5r f\u00f6r 87 procent av v\u00e4rldens globala handel. V\u00e5r teknik f\u00f6r maskininl\u00e4rning, sakernas internet (IoT) och avancerad analys g\u00f6r att v\u00e5ra kunder kan skapa intelligenta verksamheter. 麻豆原创 hj\u00e4lper medarbetare och organisationer att f\u00e5 djupa aff\u00e4rsinsikter och underl\u00e4ttar samarbete s\u00e5 att de beh\u00e5ller f\u00f6rspr\u00e5nget till konkurrenterna. Vi f\u00f6renklar tekniken s\u00e5 att kunderna kan anv\u00e4nda v\u00e5r programvara som de sj\u00e4lva vill \u2013 utan avbrott. V\u00e5ra helt\u00e4ckande applikationer och tj\u00e4nster f\u00f6r 25 olika branscher g\u00f6r att f\u00f6retag och offentliga verksamheter \u00f6ver hela v\u00e4rlden kan vara l\u00f6nsamma, hela tiden anpassa sin verksamhet och g\u00f6ra skillnad. Med ett globalt n\u00e4tverk av kunder, partner, anst\u00e4llda och experter bidrar 麻豆原创 till en fungerande v\u00e4rld och att g\u00f6ra m\u00e4nniskors liv b\u00e4ttre.<\/p>\n<p>Mer information finns p\u00e5\u00a0<a href=\"http:\/\/www.sap.com\/sweden\">www.sap.com\/sweden<\/a>\u00a0och\u00a0<a href=\"https:\/\/news.sap.com\/sweden\/\">news.sap.com\/sweden<\/a>.<\/p>\n<p><span style=\"font-size: 10.0pt;font-family: 'Arial',sans-serif\">F\u00f6r mer information, kontakta:<\/span><\/p>\n<p><strong><span style=\"font-size: 10.0pt;font-family: 'Arial',sans-serif\">Ulrika Wass<\/span><\/strong><span style=\"font-size: 12.0pt;font-family: 'Times New Roman',serif\"><br \/>\n<\/span><span style=\"font-size: 10.0pt;font-family: 'Arial',sans-serif\">Head of Nordic &amp; Baltic Communications, 麻豆原创<\/span><span style=\"font-size: 12.0pt;font-family: 'Times New Roman',serif\"><br \/>\n<\/span><span style=\"font-size: 10.0pt;font-family: 'Arial',sans-serif\">+46 73\u00a0827 1074<br \/>\n<a href=\"mailto:ulrika.wass@sap.com\">ulrika.wass@sap.com<\/a><\/span><\/p>\n<p><strong><span style=\"font-size: 10.0pt;font-family: 'Arial',sans-serif\">Mikael Westmark<\/span><\/strong><span style=\"font-size: 12.0pt;font-family: 'Times New Roman',serif\"><br \/>\n<\/span><span style=\"font-size: 10.0pt;font-family: 'Arial',sans-serif\">麻豆原创kontakt, Westmark Information<br \/>\n+46 707 339810<br \/>\n<a href=\"mailto:mikael@westmark.se\">mikael@westmark.se<\/a>\u00a0<\/span><\/p>\n","protected":false},"excerpt":{"rendered":"<p>麻豆原创 Svenskas vd Chris Berry kommer l\u00e4mna f\u00f6retaget till h\u00f6sten, n\u00e4r han g\u00e5r i pension. Antti Soini har utn\u00e4mnts som hans eftertr\u00e4dare och kommer officiellt&#8230;<\/p>\n","protected":false},"author":29,"featured_media":3361,"comment_status":"closed","ping_status":"closed","sticky":false,"template":"","format":"standard","meta":{"footnotes":"","_links_to":"","_links_to_target":""},"categories":[4503881,4545190,4545414],"tags":[5563769,5563712,10,5563663,5562255],"sapn-display":[4544525,5564002,5563999,4547891],"sapn-type":[4549288],"class_list":["post-3358","post","type-post","status-publish","format-standard","has-post-thumbnail","hentry","category-ekosystem","category-event","category-kunder","tag-antti-soini","tag-chris-berry","tag-cloud","tag-molnet","tag-sap","sapn-display-hero","sapn-display-nyhet-favoriter","sapn-display-nyhet-spotlight","sapn-display-homepage-hero","sapn-type-pressmeddelande"],"yoast_head":"<!-- This site is optimized with the Yoast SEO Premium plugin v26.9 (Yoast SEO v26.9) - https:\/\/yoast.com\/product\/yoast-seo-premium-wordpress\/ -->\n<title>Antti Soini ny vd f\u00f6r 麻豆原创 Svenska n\u00e4r Chris Berry snart g\u00e5r i pension - 麻豆原创 Sweden Nyheter<\/title>\n<meta name=\"robots\" content=\"index, follow, max-snippet:-1, max-image-preview:large, max-video-preview:-1\" \/>\n<link rel=\"canonical\" href=\"https:\/\/news.sap.com\/sweden\/2022\/04\/antti-soini-ny-vd-for-sap-svenska-nar-chris-berry-snart-gar-i-pension\/\" \/>\n<meta property=\"og:locale\" content=\"sv_SE\" \/>\n<meta property=\"og:type\" content=\"article\" \/>\n<meta property=\"og:title\" content=\"Antti Soini ny vd f\u00f6r 麻豆原创 Svenska n\u00e4r Chris Berry snart g\u00e5r i pension\" \/>\n<meta property=\"og:description\" content=\"麻豆原创 Svenskas vd Chris Berry kommer l\u00e4mna f\u00f6retaget till h\u00f6sten, n\u00e4r han g\u00e5r i pension. Antti Soini har utn\u00e4mnts som hans eftertr\u00e4dare och kommer officiellt...\" \/>\n<meta property=\"og:url\" content=\"https:\/\/news.sap.com\/sweden\/2022\/04\/antti-soini-ny-vd-for-sap-svenska-nar-chris-berry-snart-gar-i-pension\/\" \/>\n<meta property=\"og:site_name\" content=\"麻豆原创 Sweden Nyheter\" \/>\n<meta property=\"article:published_time\" content=\"2022-04-25T09:00:57+00:00\" \/>\n<meta property=\"article:modified_time\" content=\"2024-08-07T17:48:53+00:00\" \/>\n<meta property=\"og:image\" content=\"https:\/\/news.sap.com\/sweden\/files\/2022\/04\/25\/Kungstadgarden_sthlm_1920_600.jpg\" \/>\n\t<meta property=\"og:image:width\" content=\"1920\" \/>\n\t<meta property=\"og:image:height\" content=\"600\" \/>\n\t<meta property=\"og:image:type\" content=\"image\/jpeg\" \/>\n<meta name=\"author\" content=\"麻豆原创 News\" \/>\n<meta name=\"twitter:card\" content=\"summary_large_image\" \/>\n<meta name=\"twitter:label1\" content=\"Skriven av\" \/>\n\t<meta name=\"twitter:data1\" content=\"麻豆原创 News\" \/>\n\t<meta name=\"twitter:label2\" content=\"Ber\u00e4knad l\u00e4stid\" \/>\n\t<meta name=\"twitter:data2\" content=\"3 minuter\" \/>\n<script type=\"application\/ld+json\" class=\"yoast-schema-graph\">{\"@context\":\"https:\/\/schema.org\",\"@graph\":[{\"@type\":\"Article\",\"@id\":\"https:\/\/news.sap.com\/sweden\/2022\/04\/antti-soini-ny-vd-for-sap-svenska-nar-chris-berry-snart-gar-i-pension\/#article\",\"isPartOf\":{\"@id\":\"https:\/\/news.sap.com\/sweden\/2022\/04\/antti-soini-ny-vd-for-sap-svenska-nar-chris-berry-snart-gar-i-pension\/\"},\"author\":{\"name\":\"麻豆原创 News\",\"@id\":\"https:\/\/news.sap.com\/sweden\/#\/schema\/person\/53b9854bd790d6f18f3fc4bbb2ad7570\"},\"headline\":\"Antti Soini ny vd f\u00f6r 麻豆原创 Svenska n\u00e4r Chris Berry snart g\u00e5r i pension\",\"datePublished\":\"2022-04-25T09:00:57+00:00\",\"dateModified\":\"2024-08-07T17:48:53+00:00\",\"mainEntityOfPage\":{\"@id\":\"https:\/\/news.sap.com\/sweden\/2022\/04\/antti-soini-ny-vd-for-sap-svenska-nar-chris-berry-snart-gar-i-pension\/\"},\"wordCount\":575,\"image\":{\"@id\":\"https:\/\/news.sap.com\/sweden\/2022\/04\/antti-soini-ny-vd-for-sap-svenska-nar-chris-berry-snart-gar-i-pension\/#primaryimage\"},\"thumbnailUrl\":\"https:\/\/news.sap.com\/sweden\/files\/2022\/04\/25\/Kungstadgarden_sthlm_1920_600.jpg\",\"keywords\":[\"Antti Soini\",\"Chris Berry\",\"cloud\",\"molnet\",\"sap\"],\"articleSection\":[\"Ekosystem\",\"Event\",\"Kunder\"],\"inLanguage\":\"sv-SE\"},{\"@type\":\"WebPage\",\"@id\":\"https:\/\/news.sap.com\/sweden\/2022\/04\/antti-soini-ny-vd-for-sap-svenska-nar-chris-berry-snart-gar-i-pension\/\",\"url\":\"https:\/\/news.sap.com\/sweden\/2022\/04\/antti-soini-ny-vd-for-sap-svenska-nar-chris-berry-snart-gar-i-pension\/\",\"name\":\"Antti Soini ny vd f\u00f6r 麻豆原创 Svenska n\u00e4r Chris Berry snart g\u00e5r i pension - 麻豆原创 Sweden Nyheter\",\"isPartOf\":{\"@id\":\"https:\/\/news.sap.com\/sweden\/#website\"},\"primaryImageOfPage\":{\"@id\":\"https:\/\/news.sap.com\/sweden\/2022\/04\/antti-soini-ny-vd-for-sap-svenska-nar-chris-berry-snart-gar-i-pension\/#primaryimage\"},\"image\":{\"@id\":\"https:\/\/news.sap.com\/sweden\/2022\/04\/antti-soini-ny-vd-for-sap-svenska-nar-chris-berry-snart-gar-i-pension\/#primaryimage\"},\"thumbnailUrl\":\"https:\/\/news.sap.com\/sweden\/files\/2022\/04\/25\/Kungstadgarden_sthlm_1920_600.jpg\",\"datePublished\":\"2022-04-25T09:00:57+00:00\",\"dateModified\":\"2024-08-07T17:48:53+00:00\",\"author\":{\"@id\":\"https:\/\/news.sap.com\/sweden\/#\/schema\/person\/53b9854bd790d6f18f3fc4bbb2ad7570\"},\"breadcrumb\":{\"@id\":\"https:\/\/news.sap.com\/sweden\/2022\/04\/antti-soini-ny-vd-for-sap-svenska-nar-chris-berry-snart-gar-i-pension\/#breadcrumb\"},\"inLanguage\":\"sv-SE\",\"potentialAction\":[{\"@type\":\"ReadAction\",\"target\":[\"https:\/\/news.sap.com\/sweden\/2022\/04\/antti-soini-ny-vd-for-sap-svenska-nar-chris-berry-snart-gar-i-pension\/\"]}]},{\"@type\":\"ImageObject\",\"inLanguage\":\"sv-SE\",\"@id\":\"https:\/\/news.sap.com\/sweden\/2022\/04\/antti-soini-ny-vd-for-sap-svenska-nar-chris-berry-snart-gar-i-pension\/#primaryimage\",\"url\":\"https:\/\/news.sap.com\/sweden\/files\/2022\/04\/25\/Kungstadgarden_sthlm_1920_600.jpg\",\"contentUrl\":\"https:\/\/news.sap.com\/sweden\/files\/2022\/04\/25\/Kungstadgarden_sthlm_1920_600.jpg\",\"width\":1920,\"height\":600},{\"@type\":\"BreadcrumbList\",\"@id\":\"https:\/\/news.sap.com\/sweden\/2022\/04\/antti-soini-ny-vd-for-sap-svenska-nar-chris-berry-snart-gar-i-pension\/#breadcrumb\",\"itemListElement\":[{\"@type\":\"ListItem\",\"position\":1,\"name\":\"Home\",\"item\":\"https:\/\/news.sap.com\/sweden\/\"},{\"@type\":\"ListItem\",\"position\":2,\"name\":\"Antti Soini ny vd f\u00f6r 麻豆原创 Svenska n\u00e4r Chris Berry snart g\u00e5r i pension\"}]},{\"@type\":\"WebSite\",\"@id\":\"https:\/\/news.sap.com\/sweden\/#website\",\"url\":\"https:\/\/news.sap.com\/sweden\/\",\"name\":\"麻豆原创 Sweden Nyheter\",\"description\":\"Nyheter och information om 麻豆原创\",\"potentialAction\":[{\"@type\":\"SearchAction\",\"target\":{\"@type\":\"EntryPoint\",\"urlTemplate\":\"https:\/\/news.sap.com\/sweden\/?s={search_term_string}\"},\"query-input\":{\"@type\":\"PropertyValueSpecification\",\"valueRequired\":true,\"valueName\":\"search_term_string\"}}],\"inLanguage\":\"sv-SE\"},{\"@type\":\"Person\",\"@id\":\"https:\/\/news.sap.com\/sweden\/#\/schema\/person\/53b9854bd790d6f18f3fc4bbb2ad7570\",\"name\":\"麻豆原创 News\",\"image\":{\"@type\":\"ImageObject\",\"inLanguage\":\"sv-SE\",\"@id\":\"https:\/\/news.sap.com\/sweden\/#\/schema\/person\/image\/\",\"url\":\"https:\/\/news.sap.com\/sweden\/wp-content\/plugins\/wp-user-avatars\/wp-user-avatars\/assets\/images\/mystery.jpg\",\"contentUrl\":\"https:\/\/news.sap.com\/sweden\/wp-content\/plugins\/wp-user-avatars\/wp-user-avatars\/assets\/images\/mystery.jpg\",\"caption\":\"麻豆原创 News\"},\"url\":\"https:\/\/news.sap.com\/sweden\/author\/colleenraftery\/\"}]}<\/script>\n<!-- \/ Yoast SEO Premium plugin. -->","yoast_head_json":{"title":"Antti Soini ny vd f\u00f6r 麻豆原创 Svenska n\u00e4r Chris Berry snart g\u00e5r i pension - 麻豆原创 Sweden Nyheter","robots":{"index":"index","follow":"follow","max-snippet":"max-snippet:-1","max-image-preview":"max-image-preview:large","max-video-preview":"max-video-preview:-1"},"canonical":"https:\/\/news.sap.com\/sweden\/2022\/04\/antti-soini-ny-vd-for-sap-svenska-nar-chris-berry-snart-gar-i-pension\/","og_locale":"sv_SE","og_type":"article","og_title":"Antti Soini ny vd f\u00f6r 麻豆原创 Svenska n\u00e4r Chris Berry snart g\u00e5r i pension","og_description":"麻豆原创 Svenskas vd Chris Berry kommer l\u00e4mna f\u00f6retaget till h\u00f6sten, n\u00e4r han g\u00e5r i pension. Antti Soini har utn\u00e4mnts som hans eftertr\u00e4dare och kommer officiellt...","og_url":"https:\/\/news.sap.com\/sweden\/2022\/04\/antti-soini-ny-vd-for-sap-svenska-nar-chris-berry-snart-gar-i-pension\/","og_site_name":"麻豆原创 Sweden Nyheter","article_published_time":"2022-04-25T09:00:57+00:00","article_modified_time":"2024-08-07T17:48:53+00:00","og_image":[{"width":1920,"height":600,"url":"https:\/\/news.sap.com\/sweden\/files\/2022\/04\/25\/Kungstadgarden_sthlm_1920_600.jpg","type":"image\/jpeg"}],"author":"麻豆原创 News","twitter_card":"summary_large_image","twitter_misc":{"Skriven av":"麻豆原创 News","Ber\u00e4knad l\u00e4stid":"3 minuter"},"schema":{"@context":"https:\/\/schema.org","@graph":[{"@type":"Article","@id":"https:\/\/news.sap.com\/sweden\/2022\/04\/antti-soini-ny-vd-for-sap-svenska-nar-chris-berry-snart-gar-i-pension\/#article","isPartOf":{"@id":"https:\/\/news.sap.com\/sweden\/2022\/04\/antti-soini-ny-vd-for-sap-svenska-nar-chris-berry-snart-gar-i-pension\/"},"author":{"name":"麻豆原创 News","@id":"https:\/\/news.sap.com\/sweden\/#\/schema\/person\/53b9854bd790d6f18f3fc4bbb2ad7570"},"headline":"Antti Soini ny vd f\u00f6r 麻豆原创 Svenska n\u00e4r Chris Berry snart g\u00e5r i pension","datePublished":"2022-04-25T09:00:57+00:00","dateModified":"2024-08-07T17:48:53+00:00","mainEntityOfPage":{"@id":"https:\/\/news.sap.com\/sweden\/2022\/04\/antti-soini-ny-vd-for-sap-svenska-nar-chris-berry-snart-gar-i-pension\/"},"wordCount":575,"image":{"@id":"https:\/\/news.sap.com\/sweden\/2022\/04\/antti-soini-ny-vd-for-sap-svenska-nar-chris-berry-snart-gar-i-pension\/#primaryimage"},"thumbnailUrl":"https:\/\/news.sap.com\/sweden\/files\/2022\/04\/25\/Kungstadgarden_sthlm_1920_600.jpg","keywords":["Antti Soini","Chris Berry","cloud","molnet","sap"],"articleSection":["Ekosystem","Event","Kunder"],"inLanguage":"sv-SE"},{"@type":"WebPage","@id":"https:\/\/news.sap.com\/sweden\/2022\/04\/antti-soini-ny-vd-for-sap-svenska-nar-chris-berry-snart-gar-i-pension\/","url":"https:\/\/news.sap.com\/sweden\/2022\/04\/antti-soini-ny-vd-for-sap-svenska-nar-chris-berry-snart-gar-i-pension\/","name":"Antti Soini ny vd f\u00f6r 麻豆原创 Svenska n\u00e4r Chris Berry snart g\u00e5r i pension - 麻豆原创 Sweden Nyheter","isPartOf":{"@id":"https:\/\/news.sap.com\/sweden\/#website"},"primaryImageOfPage":{"@id":"https:\/\/news.sap.com\/sweden\/2022\/04\/antti-soini-ny-vd-for-sap-svenska-nar-chris-berry-snart-gar-i-pension\/#primaryimage"},"image":{"@id":"https:\/\/news.sap.com\/sweden\/2022\/04\/antti-soini-ny-vd-for-sap-svenska-nar-chris-berry-snart-gar-i-pension\/#primaryimage"},"thumbnailUrl":"https:\/\/news.sap.com\/sweden\/files\/2022\/04\/25\/Kungstadgarden_sthlm_1920_600.jpg","datePublished":"2022-04-25T09:00:57+00:00","dateModified":"2024-08-07T17:48:53+00:00","author":{"@id":"https:\/\/news.sap.com\/sweden\/#\/schema\/person\/53b9854bd790d6f18f3fc4bbb2ad7570"},"breadcrumb":{"@id":"https:\/\/news.sap.com\/sweden\/2022\/04\/antti-soini-ny-vd-for-sap-svenska-nar-chris-berry-snart-gar-i-pension\/#breadcrumb"},"inLanguage":"sv-SE","potentialAction":[{"@type":"ReadAction","target":["https:\/\/news.sap.com\/sweden\/2022\/04\/antti-soini-ny-vd-for-sap-svenska-nar-chris-berry-snart-gar-i-pension\/"]}]},{"@type":"ImageObject","inLanguage":"sv-SE","@id":"https:\/\/news.sap.com\/sweden\/2022\/04\/antti-soini-ny-vd-for-sap-svenska-nar-chris-berry-snart-gar-i-pension\/#primaryimage","url":"https:\/\/news.sap.com\/sweden\/files\/2022\/04\/25\/Kungstadgarden_sthlm_1920_600.jpg","contentUrl":"https:\/\/news.sap.com\/sweden\/files\/2022\/04\/25\/Kungstadgarden_sthlm_1920_600.jpg","width":1920,"height":600},{"@type":"BreadcrumbList","@id":"https:\/\/news.sap.com\/sweden\/2022\/04\/antti-soini-ny-vd-for-sap-svenska-nar-chris-berry-snart-gar-i-pension\/#breadcrumb","itemListElement":[{"@type":"ListItem","position":1,"name":"Home","item":"https:\/\/news.sap.com\/sweden\/"},{"@type":"ListItem","position":2,"name":"Antti Soini ny vd f\u00f6r 麻豆原创 Svenska n\u00e4r Chris Berry snart g\u00e5r i pension"}]},{"@type":"WebSite","@id":"https:\/\/news.sap.com\/sweden\/#website","url":"https:\/\/news.sap.com\/sweden\/","name":"麻豆原创 Sweden Nyheter","description":"Nyheter och information om 麻豆原创","potentialAction":[{"@type":"SearchAction","target":{"@type":"EntryPoint","urlTemplate":"https:\/\/news.sap.com\/sweden\/?s={search_term_string}"},"query-input":{"@type":"PropertyValueSpecification","valueRequired":true,"valueName":"search_term_string"}}],"inLanguage":"sv-SE"},{"@type":"Person","@id":"https:\/\/news.sap.com\/sweden\/#\/schema\/person\/53b9854bd790d6f18f3fc4bbb2ad7570","name":"麻豆原创 News","image":{"@type":"ImageObject","inLanguage":"sv-SE","@id":"https:\/\/news.sap.com\/sweden\/#\/schema\/person\/image\/","url":"https:\/\/news.sap.com\/sweden\/wp-content\/plugins\/wp-user-avatars\/wp-user-avatars\/assets\/images\/mystery.jpg","contentUrl":"https:\/\/news.sap.com\/sweden\/wp-content\/plugins\/wp-user-avatars\/wp-user-avatars\/assets\/images\/mystery.jpg","caption":"麻豆原创 News"},"url":"https:\/\/news.sap.com\/sweden\/author\/colleenraftery\/"}]}},"amp_enabled":true,"_links":{"self":[{"href":"https:\/\/news.sap.com\/sweden\/wp-json\/wp\/v2\/posts\/3358","targetHints":{"allow":["GET"]}}],"collection":[{"href":"https:\/\/news.sap.com\/sweden\/wp-json\/wp\/v2\/posts"}],"about":[{"href":"https:\/\/news.sap.com\/sweden\/wp-json\/wp\/v2\/types\/post"}],"author":[{"embeddable":true,"href":"https:\/\/news.sap.com\/sweden\/wp-json\/wp\/v2\/users\/29"}],"replies":[{"embeddable":true,"href":"https:\/\/news.sap.com\/sweden\/wp-json\/wp\/v2\/comments?post=3358"}],"version-history":[{"count":0,"href":"https:\/\/news.sap.com\/sweden\/wp-json\/wp\/v2\/posts\/3358\/revisions"}],"wp:featuredmedia":[{"embeddable":true,"href":"https:\/\/news.sap.com\/sweden\/wp-json\/wp\/v2\/media\/3361"}],"wp:attachment":[{"href":"https:\/\/news.sap.com\/sweden\/wp-json\/wp\/v2\/media?parent=3358"}],"wp:term":[{"taxonomy":"category","embeddable":true,"href":"https:\/\/news.sap.com\/sweden\/wp-json\/wp\/v2\/categories?post=3358"},{"taxonomy":"post_tag","embeddable":true,"href":"https:\/\/news.sap.com\/sweden\/wp-json\/wp\/v2\/tags?post=3358"},{"taxonomy":"sapn-display","embeddable":true,"href":"https:\/\/news.sap.com\/sweden\/wp-json\/wp\/v2\/sapn-display?post=3358"},{"taxonomy":"sapn-type","embeddable":true,"href":"https:\/\/news.sap.com\/sweden\/wp-json\/wp\/v2\/sapn-type?post=3358"}],"curies":[{"name":"wp","href":"https:\/\/api.w.org\/{rel}","templated":true}]}}