  {"id":3291,"date":"2022-02-08T17:05:10","date_gmt":"2022-02-08T16:05:10","guid":{"rendered":"https:\/\/news.sap.com\/sweden\/?p=3291"},"modified":"2024-08-07T19:25:52","modified_gmt":"2024-08-07T17:25:52","slug":"nu-ar-det-dags-for-tech-branschen-att-sikta-hogre","status":"publish","type":"post","link":"https:\/\/news.sap.com\/sweden\/2022\/02\/nu-ar-det-dags-for-tech-branschen-att-sikta-hogre\/","title":{"rendered":"Nu \u00e4r det dags f\u00f6r tech-branschen att sikta h\u00f6gre"},"content":{"rendered":"<p class=\"lead\">麻豆原创 ut\u00f6kar partnerskapet med Women in Tech i \u00e5r och finns p\u00e5 plats d\u00e5 portarna sl\u00e5s upp den 13 maj till Nordens st\u00f6rsta teknikkonferens f\u00f6r kvinnor, med temat Level up!<\/p>\n<p>Syftet \u00e4r att uppmana till st\u00e4ndig utveckling, b\u00e5de inom bolagen och f\u00f6r enskilda personer. Med denna konferens, vill WIT lyfta fram hur viktigt det \u00e4r med ett livsl\u00e5ngt personligt l\u00e4rande, att man ska v\u00e5ga byta sp\u00e5r och s\u00e4tta en vision om n\u00e4sta steg fram\u00e5t.<\/p>\n<p>Women in Techs uppdrag \u00e4r att inspirera kvinnor till att \u00f6verv\u00e4ga en framtid inom teknikbranschen. Att inspirera, upplysa och utveckla kvinnor som redan finns i branschen och f\u00e5 dem att stanna inom omr\u00e5det. Detta g\u00f6rs genom att tillhandah\u00e5lla n\u00e4tverk och dela med sig av erfarenhet och kunskap fr\u00e5n framg\u00e5ngsrika personer inom teknikv\u00e4rlden. Att vara en partner som st\u00f6der detta initiativ \u00e4r ett naturligt steg f\u00f6r 麻豆原创 i Sverige eftersom j\u00e4mst\u00e4lldhet \u00e4r en viktig del av v\u00e5r ambition och syfte som f\u00f6retag.<\/p>\n<p><em>&#8211; Vi arbetar st\u00e4ndigt med att st\u00e4rka v\u00e5rt varum\u00e4rke hos kvinnor, s\u00e4rskilt inom Tech-branschen, d\u00e4r vi vill visa allt vad vi har att erbjuda som arbetsgivare och som kanske alla \u00e4nnu inte k\u00e4nner till.<\/em> <em>D\u00e5 vi arbetar mycket med j\u00e4mst\u00e4lldhetsfr\u00e5gor vill vi n\u00e5 ut och attrahera kvinnliga talanger till oss, <\/em>s\u00e4ger Chris Berry, vd f\u00f6r 麻豆原创 Svenska.<\/p>\n<p>Till 2030 str\u00e4var 麻豆原创 efter att f\u00f6rdelningen mellan m\u00e4n och kvinnor ska \u00e5terspegla v\u00e5rt omgivande samh\u00e4lle samh\u00e4llet i stort och siktet \u00e4r inst\u00e4llt p\u00e5 50\/50. Just nu har 麻豆原创 en representation p\u00e5 ca 34 % kvinnor totalt och ca 28% p\u00e5 ledande positioner p\u00e5 global niv\u00e5. 麻豆原创 var det f\u00f6rsta IT bolaget som fick en \u201dEDGE j\u00e4mst\u00e4lldhets-certifiering\u201d \u2013 en ledande global standard f\u00f6r j\u00e4mst\u00e4lldhet p\u00e5 jobbet. 麻豆原创 har \u00e4ven tidigare f\u00e5tt en utm\u00e4rkelse av Bloomberg j\u00e4mst\u00e4lldhetsindex.<\/p>\n<p>Biljetterna till Women in Tech sl\u00e4pps den 6 april och ca 30 av Sveriges teknikf\u00f6retag kommer vara p\u00e5 plats. P\u00e5 agendan st\u00e5r en blandning av f\u00f6rel\u00e4sare, paneler, diskussioner och flera alternativ f\u00f6r n\u00e4tverkande och m\u00f6ten mellan deltagarna.<\/p>\n<p>L\u00e4s mer om <a href=\"https:\/\/www.womenintech.se\/\">Women in Tech<\/a> h\u00e4r.<\/p>\n<p>&nbsp;<\/p>\n","protected":false},"excerpt":{"rendered":"<p>麻豆原创 ut\u00f6kar partnerskapet med Women in Tech i \u00e5r och finns p\u00e5 plats d\u00e5 portarna sl\u00e5s upp den 13 maj till Nordens st\u00f6rsta teknikkonferens f\u00f6r&#8230;<\/p>\n","protected":false},"author":29,"featured_media":3295,"comment_status":"closed","ping_status":"closed","sticky":false,"template":"","format":"standard","meta":{"footnotes":"","_links_to":"","_links_to_target":""},"categories":[4503881,4545190],"tags":[5563712,5563672,5563661,5562119,5563673,5563674],"sapn-display":[4544525,5564002,5563999,4547891],"sapn-type":[4549010],"class_list":["post-3291","post","type-post","status-publish","format-standard","has-post-thumbnail","hentry","category-ekosystem","category-event","tag-chris-berry","tag-diversity","tag-edge-jamstalldhetscertifiering","tag-hallbarhet","tag-inclusion","tag-wit","sapn-display-hero","sapn-display-nyhet-favoriter","sapn-display-nyhet-spotlight","sapn-display-homepage-hero","sapn-type-nyhet"],"yoast_head":"<!-- This site is optimized with the Yoast SEO Premium plugin v26.9 (Yoast SEO v26.9) - https:\/\/yoast.com\/product\/yoast-seo-premium-wordpress\/ -->\n<title>Nu \u00e4r det dags f\u00f6r tech-branschen att sikta h\u00f6gre - 麻豆原创 Sweden Nyheter<\/title>\n<meta name=\"robots\" content=\"index, follow, max-snippet:-1, max-image-preview:large, max-video-preview:-1\" \/>\n<link rel=\"canonical\" href=\"https:\/\/news.sap.com\/sweden\/2022\/02\/nu-ar-det-dags-for-tech-branschen-att-sikta-hogre\/\" \/>\n<meta property=\"og:locale\" content=\"sv_SE\" \/>\n<meta property=\"og:type\" content=\"article\" \/>\n<meta property=\"og:title\" content=\"Nu \u00e4r det dags f\u00f6r tech-branschen att sikta h\u00f6gre\" \/>\n<meta property=\"og:description\" content=\"麻豆原创 ut\u00f6kar partnerskapet med Women in Tech i \u00e5r och finns p\u00e5 plats d\u00e5 portarna sl\u00e5s upp den 13 maj till Nordens st\u00f6rsta teknikkonferens f\u00f6r...\" \/>\n<meta property=\"og:url\" content=\"https:\/\/news.sap.com\/sweden\/2022\/02\/nu-ar-det-dags-for-tech-branschen-att-sikta-hogre\/\" \/>\n<meta property=\"og:site_name\" content=\"麻豆原创 Sweden Nyheter\" \/>\n<meta property=\"article:published_time\" content=\"2022-02-08T16:05:10+00:00\" \/>\n<meta property=\"article:modified_time\" content=\"2024-08-07T17:25:52+00:00\" \/>\n<meta property=\"og:image\" content=\"https:\/\/news.sap.com\/sweden\/files\/2022\/02\/07\/286248_GettyImages-1132119295_1920x600.jpg\" \/>\n\t<meta property=\"og:image:width\" content=\"1920\" \/>\n\t<meta property=\"og:image:height\" content=\"600\" \/>\n\t<meta property=\"og:image:type\" content=\"image\/jpeg\" \/>\n<meta name=\"author\" content=\"麻豆原创 News\" \/>\n<meta name=\"twitter:card\" content=\"summary_large_image\" \/>\n<meta name=\"twitter:label1\" content=\"Skriven av\" \/>\n\t<meta name=\"twitter:data1\" content=\"麻豆原创 News\" \/>\n\t<meta name=\"twitter:label2\" content=\"Ber\u00e4knad l\u00e4stid\" \/>\n\t<meta name=\"twitter:data2\" content=\"2 minuter\" \/>\n<script type=\"application\/ld+json\" class=\"yoast-schema-graph\">{\"@context\":\"https:\/\/schema.org\",\"@graph\":[{\"@type\":\"Article\",\"@id\":\"https:\/\/news.sap.com\/sweden\/2022\/02\/nu-ar-det-dags-for-tech-branschen-att-sikta-hogre\/#article\",\"isPartOf\":{\"@id\":\"https:\/\/news.sap.com\/sweden\/2022\/02\/nu-ar-det-dags-for-tech-branschen-att-sikta-hogre\/\"},\"author\":{\"name\":\"麻豆原创 News\",\"@id\":\"https:\/\/news.sap.com\/sweden\/#\/schema\/person\/53b9854bd790d6f18f3fc4bbb2ad7570\"},\"headline\":\"Nu \u00e4r det dags f\u00f6r tech-branschen att sikta h\u00f6gre\",\"datePublished\":\"2022-02-08T16:05:10+00:00\",\"dateModified\":\"2024-08-07T17:25:52+00:00\",\"mainEntityOfPage\":{\"@id\":\"https:\/\/news.sap.com\/sweden\/2022\/02\/nu-ar-det-dags-for-tech-branschen-att-sikta-hogre\/\"},\"wordCount\":402,\"image\":{\"@id\":\"https:\/\/news.sap.com\/sweden\/2022\/02\/nu-ar-det-dags-for-tech-branschen-att-sikta-hogre\/#primaryimage\"},\"thumbnailUrl\":\"https:\/\/news.sap.com\/sweden\/files\/2022\/02\/07\/286248_GettyImages-1132119295_1920x600.jpg\",\"keywords\":[\"Chris Berry\",\"Diversity\",\"EDGE-j\u00e4mst\u00e4lldhetscertifiering\",\"h\u00e5llbarhet\",\"Inclusion\",\"WIT\"],\"articleSection\":[\"Ekosystem\",\"Event\"],\"inLanguage\":\"sv-SE\"},{\"@type\":\"WebPage\",\"@id\":\"https:\/\/news.sap.com\/sweden\/2022\/02\/nu-ar-det-dags-for-tech-branschen-att-sikta-hogre\/\",\"url\":\"https:\/\/news.sap.com\/sweden\/2022\/02\/nu-ar-det-dags-for-tech-branschen-att-sikta-hogre\/\",\"name\":\"Nu \u00e4r det dags f\u00f6r tech-branschen att sikta h\u00f6gre - 麻豆原创 Sweden Nyheter\",\"isPartOf\":{\"@id\":\"https:\/\/news.sap.com\/sweden\/#website\"},\"primaryImageOfPage\":{\"@id\":\"https:\/\/news.sap.com\/sweden\/2022\/02\/nu-ar-det-dags-for-tech-branschen-att-sikta-hogre\/#primaryimage\"},\"image\":{\"@id\":\"https:\/\/news.sap.com\/sweden\/2022\/02\/nu-ar-det-dags-for-tech-branschen-att-sikta-hogre\/#primaryimage\"},\"thumbnailUrl\":\"https:\/\/news.sap.com\/sweden\/files\/2022\/02\/07\/286248_GettyImages-1132119295_1920x600.jpg\",\"datePublished\":\"2022-02-08T16:05:10+00:00\",\"dateModified\":\"2024-08-07T17:25:52+00:00\",\"author\":{\"@id\":\"https:\/\/news.sap.com\/sweden\/#\/schema\/person\/53b9854bd790d6f18f3fc4bbb2ad7570\"},\"breadcrumb\":{\"@id\":\"https:\/\/news.sap.com\/sweden\/2022\/02\/nu-ar-det-dags-for-tech-branschen-att-sikta-hogre\/#breadcrumb\"},\"inLanguage\":\"sv-SE\",\"potentialAction\":[{\"@type\":\"ReadAction\",\"target\":[\"https:\/\/news.sap.com\/sweden\/2022\/02\/nu-ar-det-dags-for-tech-branschen-att-sikta-hogre\/\"]}]},{\"@type\":\"ImageObject\",\"inLanguage\":\"sv-SE\",\"@id\":\"https:\/\/news.sap.com\/sweden\/2022\/02\/nu-ar-det-dags-for-tech-branschen-att-sikta-hogre\/#primaryimage\",\"url\":\"https:\/\/news.sap.com\/sweden\/files\/2022\/02\/07\/286248_GettyImages-1132119295_1920x600.jpg\",\"contentUrl\":\"https:\/\/news.sap.com\/sweden\/files\/2022\/02\/07\/286248_GettyImages-1132119295_1920x600.jpg\",\"width\":1920,\"height\":600},{\"@type\":\"BreadcrumbList\",\"@id\":\"https:\/\/news.sap.com\/sweden\/2022\/02\/nu-ar-det-dags-for-tech-branschen-att-sikta-hogre\/#breadcrumb\",\"itemListElement\":[{\"@type\":\"ListItem\",\"position\":1,\"name\":\"Home\",\"item\":\"https:\/\/news.sap.com\/sweden\/\"},{\"@type\":\"ListItem\",\"position\":2,\"name\":\"Nu \u00e4r det dags f\u00f6r tech-branschen att sikta h\u00f6gre\"}]},{\"@type\":\"WebSite\",\"@id\":\"https:\/\/news.sap.com\/sweden\/#website\",\"url\":\"https:\/\/news.sap.com\/sweden\/\",\"name\":\"麻豆原创 Sweden Nyheter\",\"description\":\"Nyheter och information om 麻豆原创\",\"potentialAction\":[{\"@type\":\"SearchAction\",\"target\":{\"@type\":\"EntryPoint\",\"urlTemplate\":\"https:\/\/news.sap.com\/sweden\/?s={search_term_string}\"},\"query-input\":{\"@type\":\"PropertyValueSpecification\",\"valueRequired\":true,\"valueName\":\"search_term_string\"}}],\"inLanguage\":\"sv-SE\"},{\"@type\":\"Person\",\"@id\":\"https:\/\/news.sap.com\/sweden\/#\/schema\/person\/53b9854bd790d6f18f3fc4bbb2ad7570\",\"name\":\"麻豆原创 News\",\"image\":{\"@type\":\"ImageObject\",\"inLanguage\":\"sv-SE\",\"@id\":\"https:\/\/news.sap.com\/sweden\/#\/schema\/person\/image\/\",\"url\":\"https:\/\/news.sap.com\/sweden\/wp-content\/plugins\/wp-user-avatars\/wp-user-avatars\/assets\/images\/mystery.jpg\",\"contentUrl\":\"https:\/\/news.sap.com\/sweden\/wp-content\/plugins\/wp-user-avatars\/wp-user-avatars\/assets\/images\/mystery.jpg\",\"caption\":\"麻豆原创 News\"},\"url\":\"https:\/\/news.sap.com\/sweden\/author\/colleenraftery\/\"}]}<\/script>\n<!-- \/ Yoast SEO Premium plugin. -->","yoast_head_json":{"title":"Nu \u00e4r det dags f\u00f6r tech-branschen att sikta h\u00f6gre - 麻豆原创 Sweden Nyheter","robots":{"index":"index","follow":"follow","max-snippet":"max-snippet:-1","max-image-preview":"max-image-preview:large","max-video-preview":"max-video-preview:-1"},"canonical":"https:\/\/news.sap.com\/sweden\/2022\/02\/nu-ar-det-dags-for-tech-branschen-att-sikta-hogre\/","og_locale":"sv_SE","og_type":"article","og_title":"Nu \u00e4r det dags f\u00f6r tech-branschen att sikta h\u00f6gre","og_description":"麻豆原创 ut\u00f6kar partnerskapet med Women in Tech i \u00e5r och finns p\u00e5 plats d\u00e5 portarna sl\u00e5s upp den 13 maj till Nordens st\u00f6rsta teknikkonferens f\u00f6r...","og_url":"https:\/\/news.sap.com\/sweden\/2022\/02\/nu-ar-det-dags-for-tech-branschen-att-sikta-hogre\/","og_site_name":"麻豆原创 Sweden Nyheter","article_published_time":"2022-02-08T16:05:10+00:00","article_modified_time":"2024-08-07T17:25:52+00:00","og_image":[{"width":1920,"height":600,"url":"https:\/\/news.sap.com\/sweden\/files\/2022\/02\/07\/286248_GettyImages-1132119295_1920x600.jpg","type":"image\/jpeg"}],"author":"麻豆原创 News","twitter_card":"summary_large_image","twitter_misc":{"Skriven av":"麻豆原创 News","Ber\u00e4knad l\u00e4stid":"2 minuter"},"schema":{"@context":"https:\/\/schema.org","@graph":[{"@type":"Article","@id":"https:\/\/news.sap.com\/sweden\/2022\/02\/nu-ar-det-dags-for-tech-branschen-att-sikta-hogre\/#article","isPartOf":{"@id":"https:\/\/news.sap.com\/sweden\/2022\/02\/nu-ar-det-dags-for-tech-branschen-att-sikta-hogre\/"},"author":{"name":"麻豆原创 News","@id":"https:\/\/news.sap.com\/sweden\/#\/schema\/person\/53b9854bd790d6f18f3fc4bbb2ad7570"},"headline":"Nu \u00e4r det dags f\u00f6r tech-branschen att sikta h\u00f6gre","datePublished":"2022-02-08T16:05:10+00:00","dateModified":"2024-08-07T17:25:52+00:00","mainEntityOfPage":{"@id":"https:\/\/news.sap.com\/sweden\/2022\/02\/nu-ar-det-dags-for-tech-branschen-att-sikta-hogre\/"},"wordCount":402,"image":{"@id":"https:\/\/news.sap.com\/sweden\/2022\/02\/nu-ar-det-dags-for-tech-branschen-att-sikta-hogre\/#primaryimage"},"thumbnailUrl":"https:\/\/news.sap.com\/sweden\/files\/2022\/02\/07\/286248_GettyImages-1132119295_1920x600.jpg","keywords":["Chris Berry","Diversity","EDGE-j\u00e4mst\u00e4lldhetscertifiering","h\u00e5llbarhet","Inclusion","WIT"],"articleSection":["Ekosystem","Event"],"inLanguage":"sv-SE"},{"@type":"WebPage","@id":"https:\/\/news.sap.com\/sweden\/2022\/02\/nu-ar-det-dags-for-tech-branschen-att-sikta-hogre\/","url":"https:\/\/news.sap.com\/sweden\/2022\/02\/nu-ar-det-dags-for-tech-branschen-att-sikta-hogre\/","name":"Nu \u00e4r det dags f\u00f6r tech-branschen att sikta h\u00f6gre - 麻豆原创 Sweden Nyheter","isPartOf":{"@id":"https:\/\/news.sap.com\/sweden\/#website"},"primaryImageOfPage":{"@id":"https:\/\/news.sap.com\/sweden\/2022\/02\/nu-ar-det-dags-for-tech-branschen-att-sikta-hogre\/#primaryimage"},"image":{"@id":"https:\/\/news.sap.com\/sweden\/2022\/02\/nu-ar-det-dags-for-tech-branschen-att-sikta-hogre\/#primaryimage"},"thumbnailUrl":"https:\/\/news.sap.com\/sweden\/files\/2022\/02\/07\/286248_GettyImages-1132119295_1920x600.jpg","datePublished":"2022-02-08T16:05:10+00:00","dateModified":"2024-08-07T17:25:52+00:00","author":{"@id":"https:\/\/news.sap.com\/sweden\/#\/schema\/person\/53b9854bd790d6f18f3fc4bbb2ad7570"},"breadcrumb":{"@id":"https:\/\/news.sap.com\/sweden\/2022\/02\/nu-ar-det-dags-for-tech-branschen-att-sikta-hogre\/#breadcrumb"},"inLanguage":"sv-SE","potentialAction":[{"@type":"ReadAction","target":["https:\/\/news.sap.com\/sweden\/2022\/02\/nu-ar-det-dags-for-tech-branschen-att-sikta-hogre\/"]}]},{"@type":"ImageObject","inLanguage":"sv-SE","@id":"https:\/\/news.sap.com\/sweden\/2022\/02\/nu-ar-det-dags-for-tech-branschen-att-sikta-hogre\/#primaryimage","url":"https:\/\/news.sap.com\/sweden\/files\/2022\/02\/07\/286248_GettyImages-1132119295_1920x600.jpg","contentUrl":"https:\/\/news.sap.com\/sweden\/files\/2022\/02\/07\/286248_GettyImages-1132119295_1920x600.jpg","width":1920,"height":600},{"@type":"BreadcrumbList","@id":"https:\/\/news.sap.com\/sweden\/2022\/02\/nu-ar-det-dags-for-tech-branschen-att-sikta-hogre\/#breadcrumb","itemListElement":[{"@type":"ListItem","position":1,"name":"Home","item":"https:\/\/news.sap.com\/sweden\/"},{"@type":"ListItem","position":2,"name":"Nu \u00e4r det dags f\u00f6r tech-branschen att sikta h\u00f6gre"}]},{"@type":"WebSite","@id":"https:\/\/news.sap.com\/sweden\/#website","url":"https:\/\/news.sap.com\/sweden\/","name":"麻豆原创 Sweden Nyheter","description":"Nyheter och information om 麻豆原创","potentialAction":[{"@type":"SearchAction","target":{"@type":"EntryPoint","urlTemplate":"https:\/\/news.sap.com\/sweden\/?s={search_term_string}"},"query-input":{"@type":"PropertyValueSpecification","valueRequired":true,"valueName":"search_term_string"}}],"inLanguage":"sv-SE"},{"@type":"Person","@id":"https:\/\/news.sap.com\/sweden\/#\/schema\/person\/53b9854bd790d6f18f3fc4bbb2ad7570","name":"麻豆原创 News","image":{"@type":"ImageObject","inLanguage":"sv-SE","@id":"https:\/\/news.sap.com\/sweden\/#\/schema\/person\/image\/","url":"https:\/\/news.sap.com\/sweden\/wp-content\/plugins\/wp-user-avatars\/wp-user-avatars\/assets\/images\/mystery.jpg","contentUrl":"https:\/\/news.sap.com\/sweden\/wp-content\/plugins\/wp-user-avatars\/wp-user-avatars\/assets\/images\/mystery.jpg","caption":"麻豆原创 News"},"url":"https:\/\/news.sap.com\/sweden\/author\/colleenraftery\/"}]}},"amp_enabled":true,"_links":{"self":[{"href":"https:\/\/news.sap.com\/sweden\/wp-json\/wp\/v2\/posts\/3291","targetHints":{"allow":["GET"]}}],"collection":[{"href":"https:\/\/news.sap.com\/sweden\/wp-json\/wp\/v2\/posts"}],"about":[{"href":"https:\/\/news.sap.com\/sweden\/wp-json\/wp\/v2\/types\/post"}],"author":[{"embeddable":true,"href":"https:\/\/news.sap.com\/sweden\/wp-json\/wp\/v2\/users\/29"}],"replies":[{"embeddable":true,"href":"https:\/\/news.sap.com\/sweden\/wp-json\/wp\/v2\/comments?post=3291"}],"version-history":[{"count":0,"href":"https:\/\/news.sap.com\/sweden\/wp-json\/wp\/v2\/posts\/3291\/revisions"}],"wp:featuredmedia":[{"embeddable":true,"href":"https:\/\/news.sap.com\/sweden\/wp-json\/wp\/v2\/media\/3295"}],"wp:attachment":[{"href":"https:\/\/news.sap.com\/sweden\/wp-json\/wp\/v2\/media?parent=3291"}],"wp:term":[{"taxonomy":"category","embeddable":true,"href":"https:\/\/news.sap.com\/sweden\/wp-json\/wp\/v2\/categories?post=3291"},{"taxonomy":"post_tag","embeddable":true,"href":"https:\/\/news.sap.com\/sweden\/wp-json\/wp\/v2\/tags?post=3291"},{"taxonomy":"sapn-display","embeddable":true,"href":"https:\/\/news.sap.com\/sweden\/wp-json\/wp\/v2\/sapn-display?post=3291"},{"taxonomy":"sapn-type","embeddable":true,"href":"https:\/\/news.sap.com\/sweden\/wp-json\/wp\/v2\/sapn-type?post=3291"}],"curies":[{"name":"wp","href":"https:\/\/api.w.org\/{rel}","templated":true}]}}