  {"id":3280,"date":"2022-02-02T08:30:48","date_gmt":"2022-02-02T07:30:48","guid":{"rendered":"https:\/\/news.sap.com\/sweden\/?p=3280"},"modified":"2024-08-07T19:47:06","modified_gmt":"2024-08-07T17:47:06","slug":"vagen-till-okad-hallbarhet-handlar-om-att-kunna-mata-sin-miljopaverkan","status":"publish","type":"post","link":"https:\/\/news.sap.com\/sweden\/2022\/02\/vagen-till-okad-hallbarhet-handlar-om-att-kunna-mata-sin-miljopaverkan\/","title":{"rendered":"V\u00e4gen till \u00f6kad h\u00e5llbarhet handlar om att kunna m\u00e4ta sin milj\u00f6p\u00e5verkan"},"content":{"rendered":"<p class=\"lead\">H\u00f6stens klimatkonferens COP26 i Glasgow var den senaste p\u00e5minnelsen om att n\u00e4ringslivet spelar en helt avg\u00f6rande roll f\u00f6r att driva p\u00e5 en f\u00f6r\u00e4ndring. V\u00e5r milj\u00f6p\u00e5verkan m\u00e5ste minska och h\u00e5llbarhetskraven kommer att \u00f6ka fr\u00e5n myndigheter, kunder och anst\u00e4llda. Men m\u00e5nga svenska f\u00f6retag brottas fortfarande med hur de ska g\u00e5 till v\u00e4ga. Nyckeln f\u00f6r att lyckas \u00e4r m\u00e4tbarhet \u2013 att kunna m\u00e4ta, utv\u00e4rdera och j\u00e4mf\u00f6ra sin milj\u00f6p\u00e5verkan med andra f\u00f6retag med hj\u00e4lp av fakta och siffror.<\/p>\n<p>Redan innan COP26 var trycket stort p\u00e5 f\u00f6retagen att definiera hur mycket de p\u00e5verkar milj\u00f6n (zero emissions), underl\u00e4ttar en cirkul\u00e4r ekonomi (zero waste) och tar ett socialt ansvar (zero inequality). Det beh\u00f6vs en tydlig prislapp f\u00f6r alla h\u00e5llbarhetsinsatser s\u00e5 att de kan j\u00e4mst\u00e4llas med andra aff\u00e4rssatsningar och den ekonomiska styrningen. Men hur s\u00e4tter man ett s\u00e5dant pris \u2013 och hur kan man ens f\u00f6rst\u00e5 hur mycket varje insats kostar?<\/p>\n<p><strong>Ny modell f\u00f6r att m\u00e4ta och j\u00e4mf\u00f6ra h\u00e5llbarhet<\/strong><\/p>\n<p>Orsaken till dagens m\u00e4tproblem hittar vi inte minst i v\u00e5ra befintliga rapporteringsmetoder. \u00c4ven om m\u00e5nga f\u00f6retag redan redovisar sin inverkan p\u00e5 milj\u00f6n, ekonomin och samh\u00e4llet, g\u00f6r var och en sina egna prioriteringar. Global Reporting Initiative (GRI) \u00e4r en bra grund men den r\u00e4cker inte.<\/p>\n<p>H\u00e4r kommer alliansen Value Balancing Alliance (VBA) spela en viktig roll. Den best\u00e5r av f\u00f6retag fr\u00e5n olika branscher som BMW, Deutsche Bank, Porsche och 麻豆原创 tillsammans med de fyra stora redovisningsbyr\u00e5erna (PwC, Deloitte, EY och KPMG), OECD och universitet som Harvard och Oxford. I mitten av 2023 kommer alliansen att presentera en ny metod f\u00f6r att m\u00e4ta och utv\u00e4rdera sitt h\u00e5llbarhetsarbete. Syftet \u00e4r att det ska bli m\u00f6jligt att j\u00e4mf\u00f6ra sig med andra f\u00f6retag.<\/p>\n<p><strong>CO2-neutrala \u00e5r 2023<\/strong><\/p>\n<p>P\u00e5 麻豆原创 vill vi leva som vi l\u00e4r. V\u00e5rt m\u00e5l \u00e4r att vara helt koldioxidneutrala redan n\u00e4sta \u00e5r \u2013 tv\u00e5 \u00e5r innan det tidigare m\u00e5let 2025.<br \/>\nF\u00f6r att lyckas tar vi redan i dag in enorma m\u00e4ngder information och anv\u00e4nder v\u00e5ra egna l\u00f6sningar f\u00f6r att ber\u00e4kna v\u00e4rden p\u00e5 v\u00e5r milj\u00f6p\u00e5verkan. Vi kan till exempel se att den totala m\u00e4ngden koldioxidutsl\u00e4pp fr\u00e5n v\u00e5ra egna k\u00f6pbeslut var tv\u00e5 miljoner kiloton 2019. Det motsvarar en milj\u00f6p\u00e5verkan p\u00e5 189 miljoner dollar.<\/p>\n<p>Ber\u00e4kningen bygger p\u00e5 en upps\u00e4ttning regler och klimatf\u00f6r\u00e4ndringar inneb\u00e4r m\u00e5nga komplexa kedjor av effekter, fr\u00e5n ekologiska f\u00f6r\u00e4ndringar till omv\u00e4lvningar i ekonomiska system. Att kombinera alla dessa i en enda kalkyl \u00e4r extremt sv\u00e5rt utan r\u00e4tt verktyg.<\/p>\n<p>En annan l\u00f6sning som f\u00e5tt stor uppm\u00e4rksamhet \u00e4r 麻豆原创 Sustainability Control Tower som samlar all h\u00e5llbarhetsdata i en samlad vy. Den g\u00f6r att man kan ta ett helhetsgrepp om allt fr\u00e5n insamling av data till avancerade ber\u00e4kningar av milj\u00f6effekter, full sp\u00e5rbarhet och transparens i v\u00e4rdekedjan.<\/p>\n<p><strong>G\u00e5 fr\u00e5n ord till handling<\/strong><\/p>\n<p>\u00c4ven om det fortfarande \u00e5terst\u00e5r mycket arbete, kan f\u00f6retag f\u00f6r f\u00f6rsta g\u00e5ngen snart ha en \u00f6vergripande metod f\u00f6r att enhetligt m\u00e4ta och utv\u00e4rdera sin milj\u00f6p\u00e5verkan. Men redan i dag b\u00f6r vi anv\u00e4nda v\u00e5r befintliga aff\u00e4rsdata och s\u00e4tta ett konkret pengav\u00e4rde p\u00e5 h\u00e5llbarhetsarbetet. Det tror jag \u00e4r helt avg\u00f6rande f\u00f6r att vi ska kunna g\u00e5 fr\u00e5n ord till handling.<\/p>\n<p>&nbsp;<\/p>\n<p><em>av Chris Berry, vd 麻豆原创 Svenska<\/em><\/p>\n<p><img loading=\"lazy\" decoding=\"async\" class=\"alignnone size-medium wp-image-3281\" src=\"https:\/\/news.sap.com\/sweden\/files\/2022\/02\/01\/Chris-Berry-200x300.jpg\" alt=\"\" width=\"200\" height=\"300\" srcset=\"https:\/\/news.sap.com\/sweden\/files\/2022\/02\/01\/Chris-Berry-200x300.jpg 200w, https:\/\/news.sap.com\/sweden\/files\/2022\/02\/01\/Chris-Berry-683x1024.jpg 683w, https:\/\/news.sap.com\/sweden\/files\/2022\/02\/01\/Chris-Berry-768x1152.jpg 768w, https:\/\/news.sap.com\/sweden\/files\/2022\/02\/01\/Chris-Berry-1024x1536.jpg 1024w, https:\/\/news.sap.com\/sweden\/files\/2022\/02\/01\/Chris-Berry-1365x2048.jpg 1365w\" sizes=\"auto, (max-width: 200px) 100vw, 200px\" \/><\/p>\n<p>&nbsp;<\/p>\n","protected":false},"excerpt":{"rendered":"<p>H\u00f6stens klimatkonferens COP26 i Glasgow var den senaste p\u00e5minnelsen om att n\u00e4ringslivet spelar en helt avg\u00f6rande roll f\u00f6r att driva p\u00e5 en f\u00f6r\u00e4ndring. V\u00e5r milj\u00f6p\u00e5verkan&#8230;<\/p>\n","protected":false},"author":4083,"featured_media":0,"comment_status":"closed","ping_status":"closed","sticky":false,"template":"","format":"standard","meta":{"footnotes":"","_links_to":"","_links_to_target":""},"categories":[4503881,4545004,5563754],"tags":[5563646,5563755,5563753,5562119,5563750,5563756],"sapn-display":[4544525,5564001,5564000,4547891],"sapn-type":[5562140],"class_list":["post-3280","post","type-post","status-publish","format-standard","hentry","category-ekosystem","category-foretagsinformation","category-hallbarhet","tag-cirkular-ekonomi","tag-co2-neutrala","tag-cop26","tag-hallbarhet","tag-sap-sustainability-control-tower","tag-value-balancing-alliance","sapn-display-hero","sapn-display-artikel-favoriter","sapn-display-artikel-spotlight","sapn-display-homepage-hero","sapn-type-artikel"],"yoast_head":"<!-- This site is optimized with the Yoast SEO Premium plugin v26.9 (Yoast SEO v26.9) - https:\/\/yoast.com\/product\/yoast-seo-premium-wordpress\/ -->\n<title>V\u00e4gen till \u00f6kad h\u00e5llbarhet handlar om att kunna m\u00e4ta sin milj\u00f6p\u00e5verkan - 麻豆原创 Sweden Nyheter<\/title>\n<meta name=\"robots\" content=\"index, follow, max-snippet:-1, max-image-preview:large, max-video-preview:-1\" \/>\n<link rel=\"canonical\" href=\"https:\/\/news.sap.com\/sweden\/2022\/02\/vagen-till-okad-hallbarhet-handlar-om-att-kunna-mata-sin-miljopaverkan\/\" \/>\n<meta property=\"og:locale\" content=\"sv_SE\" \/>\n<meta property=\"og:type\" content=\"article\" \/>\n<meta property=\"og:title\" content=\"V\u00e4gen till \u00f6kad h\u00e5llbarhet handlar om att kunna m\u00e4ta sin milj\u00f6p\u00e5verkan\" \/>\n<meta property=\"og:description\" content=\"H\u00f6stens klimatkonferens COP26 i Glasgow var den senaste p\u00e5minnelsen om att n\u00e4ringslivet spelar en helt avg\u00f6rande roll f\u00f6r att driva p\u00e5 en f\u00f6r\u00e4ndring. V\u00e5r milj\u00f6p\u00e5verkan...\" \/>\n<meta property=\"og:url\" content=\"https:\/\/news.sap.com\/sweden\/2022\/02\/vagen-till-okad-hallbarhet-handlar-om-att-kunna-mata-sin-miljopaverkan\/\" \/>\n<meta property=\"og:site_name\" content=\"麻豆原创 Sweden Nyheter\" \/>\n<meta property=\"article:published_time\" content=\"2022-02-02T07:30:48+00:00\" \/>\n<meta property=\"article:modified_time\" content=\"2024-08-07T17:47:06+00:00\" \/>\n<meta property=\"og:image\" content=\"https:\/\/news.sap.com\/sweden\/files\/2022\/02\/01\/Chris-Berry-200x300.jpg\" \/>\n<meta name=\"author\" content=\"Chris Berry, Sverigechef f\u00f6r 麻豆原创\" \/>\n<meta name=\"twitter:card\" content=\"summary_large_image\" \/>\n<meta name=\"twitter:label1\" content=\"Skriven av\" \/>\n\t<meta name=\"twitter:data1\" content=\"Chris Berry, Sverigechef f\u00f6r 麻豆原创\" \/>\n\t<meta name=\"twitter:label2\" content=\"Ber\u00e4knad l\u00e4stid\" \/>\n\t<meta name=\"twitter:data2\" content=\"3 minuter\" \/>\n<script type=\"application\/ld+json\" class=\"yoast-schema-graph\">{\"@context\":\"https:\/\/schema.org\",\"@graph\":[{\"@type\":\"Article\",\"@id\":\"https:\/\/news.sap.com\/sweden\/2022\/02\/vagen-till-okad-hallbarhet-handlar-om-att-kunna-mata-sin-miljopaverkan\/#article\",\"isPartOf\":{\"@id\":\"https:\/\/news.sap.com\/sweden\/2022\/02\/vagen-till-okad-hallbarhet-handlar-om-att-kunna-mata-sin-miljopaverkan\/\"},\"author\":{\"name\":\"Chris Berry, Sverigechef f\u00f6r 麻豆原创\",\"@id\":\"https:\/\/news.sap.com\/sweden\/#\/schema\/person\/b6a69590eb3fdcb109aaf51d76af9999\"},\"headline\":\"V\u00e4gen till \u00f6kad h\u00e5llbarhet handlar om att kunna m\u00e4ta sin milj\u00f6p\u00e5verkan\",\"datePublished\":\"2022-02-02T07:30:48+00:00\",\"dateModified\":\"2024-08-07T17:47:06+00:00\",\"mainEntityOfPage\":{\"@id\":\"https:\/\/news.sap.com\/sweden\/2022\/02\/vagen-till-okad-hallbarhet-handlar-om-att-kunna-mata-sin-miljopaverkan\/\"},\"wordCount\":643,\"image\":{\"@id\":\"https:\/\/news.sap.com\/sweden\/2022\/02\/vagen-till-okad-hallbarhet-handlar-om-att-kunna-mata-sin-miljopaverkan\/#primaryimage\"},\"thumbnailUrl\":\"https:\/\/news.sap.com\/sweden\/files\/2022\/02\/01\/Chris-Berry-200x300.jpg\",\"keywords\":[\"cirkul\u00e4r ekonomi\",\"CO2-neutrala\",\"COP26\",\"h\u00e5llbarhet\",\"麻豆原创 Sustainability Control Tower\",\"Value Balancing Alliance\"],\"articleSection\":[\"Ekosystem\",\"F\u00f6retagsinformation\",\"H\u00e5llbarhet\"],\"inLanguage\":\"sv-SE\"},{\"@type\":\"WebPage\",\"@id\":\"https:\/\/news.sap.com\/sweden\/2022\/02\/vagen-till-okad-hallbarhet-handlar-om-att-kunna-mata-sin-miljopaverkan\/\",\"url\":\"https:\/\/news.sap.com\/sweden\/2022\/02\/vagen-till-okad-hallbarhet-handlar-om-att-kunna-mata-sin-miljopaverkan\/\",\"name\":\"V\u00e4gen till \u00f6kad h\u00e5llbarhet handlar om att kunna m\u00e4ta sin milj\u00f6p\u00e5verkan - 麻豆原创 Sweden Nyheter\",\"isPartOf\":{\"@id\":\"https:\/\/news.sap.com\/sweden\/#website\"},\"primaryImageOfPage\":{\"@id\":\"https:\/\/news.sap.com\/sweden\/2022\/02\/vagen-till-okad-hallbarhet-handlar-om-att-kunna-mata-sin-miljopaverkan\/#primaryimage\"},\"image\":{\"@id\":\"https:\/\/news.sap.com\/sweden\/2022\/02\/vagen-till-okad-hallbarhet-handlar-om-att-kunna-mata-sin-miljopaverkan\/#primaryimage\"},\"thumbnailUrl\":\"https:\/\/news.sap.com\/sweden\/files\/2022\/02\/01\/Chris-Berry-200x300.jpg\",\"datePublished\":\"2022-02-02T07:30:48+00:00\",\"dateModified\":\"2024-08-07T17:47:06+00:00\",\"author\":{\"@id\":\"https:\/\/news.sap.com\/sweden\/#\/schema\/person\/b6a69590eb3fdcb109aaf51d76af9999\"},\"breadcrumb\":{\"@id\":\"https:\/\/news.sap.com\/sweden\/2022\/02\/vagen-till-okad-hallbarhet-handlar-om-att-kunna-mata-sin-miljopaverkan\/#breadcrumb\"},\"inLanguage\":\"sv-SE\",\"potentialAction\":[{\"@type\":\"ReadAction\",\"target\":[\"https:\/\/news.sap.com\/sweden\/2022\/02\/vagen-till-okad-hallbarhet-handlar-om-att-kunna-mata-sin-miljopaverkan\/\"]}]},{\"@type\":\"ImageObject\",\"inLanguage\":\"sv-SE\",\"@id\":\"https:\/\/news.sap.com\/sweden\/2022\/02\/vagen-till-okad-hallbarhet-handlar-om-att-kunna-mata-sin-miljopaverkan\/#primaryimage\",\"url\":\"https:\/\/news.sap.com\/sweden\/files\/2022\/02\/01\/Chris-Berry.jpg\",\"contentUrl\":\"https:\/\/news.sap.com\/sweden\/files\/2022\/02\/01\/Chris-Berry.jpg\",\"width\":3744,\"height\":5616},{\"@type\":\"BreadcrumbList\",\"@id\":\"https:\/\/news.sap.com\/sweden\/2022\/02\/vagen-till-okad-hallbarhet-handlar-om-att-kunna-mata-sin-miljopaverkan\/#breadcrumb\",\"itemListElement\":[{\"@type\":\"ListItem\",\"position\":1,\"name\":\"Home\",\"item\":\"https:\/\/news.sap.com\/sweden\/\"},{\"@type\":\"ListItem\",\"position\":2,\"name\":\"V\u00e4gen till \u00f6kad h\u00e5llbarhet handlar om att kunna m\u00e4ta sin milj\u00f6p\u00e5verkan\"}]},{\"@type\":\"WebSite\",\"@id\":\"https:\/\/news.sap.com\/sweden\/#website\",\"url\":\"https:\/\/news.sap.com\/sweden\/\",\"name\":\"麻豆原创 Sweden Nyheter\",\"description\":\"Nyheter och information om 麻豆原创\",\"potentialAction\":[{\"@type\":\"SearchAction\",\"target\":{\"@type\":\"EntryPoint\",\"urlTemplate\":\"https:\/\/news.sap.com\/sweden\/?s={search_term_string}\"},\"query-input\":{\"@type\":\"PropertyValueSpecification\",\"valueRequired\":true,\"valueName\":\"search_term_string\"}}],\"inLanguage\":\"sv-SE\"},{\"@type\":\"Person\",\"@id\":\"https:\/\/news.sap.com\/sweden\/#\/schema\/person\/b6a69590eb3fdcb109aaf51d76af9999\",\"name\":\"Chris Berry, Sverigechef f\u00f6r 麻豆原创\",\"image\":{\"@type\":\"ImageObject\",\"inLanguage\":\"sv-SE\",\"@id\":\"https:\/\/news.sap.com\/sweden\/#\/schema\/person\/image\/\",\"url\":\"https:\/\/news.sap.com\/sweden\/wp-content\/plugins\/wp-user-avatars\/wp-user-avatars\/assets\/images\/mystery.jpg\",\"contentUrl\":\"https:\/\/news.sap.com\/sweden\/wp-content\/plugins\/wp-user-avatars\/wp-user-avatars\/assets\/images\/mystery.jpg\",\"caption\":\"Chris Berry, Sverigechef f\u00f6r 麻豆原创\"},\"url\":\"https:\/\/news.sap.com\/sweden\/author\/chrisberrysverigechefforsap\/\"}]}<\/script>\n<!-- \/ Yoast SEO Premium plugin. -->","yoast_head_json":{"title":"V\u00e4gen till \u00f6kad h\u00e5llbarhet handlar om att kunna m\u00e4ta sin milj\u00f6p\u00e5verkan - 麻豆原创 Sweden Nyheter","robots":{"index":"index","follow":"follow","max-snippet":"max-snippet:-1","max-image-preview":"max-image-preview:large","max-video-preview":"max-video-preview:-1"},"canonical":"https:\/\/news.sap.com\/sweden\/2022\/02\/vagen-till-okad-hallbarhet-handlar-om-att-kunna-mata-sin-miljopaverkan\/","og_locale":"sv_SE","og_type":"article","og_title":"V\u00e4gen till \u00f6kad h\u00e5llbarhet handlar om att kunna m\u00e4ta sin milj\u00f6p\u00e5verkan","og_description":"H\u00f6stens klimatkonferens COP26 i Glasgow var den senaste p\u00e5minnelsen om att n\u00e4ringslivet spelar en helt avg\u00f6rande roll f\u00f6r att driva p\u00e5 en f\u00f6r\u00e4ndring. V\u00e5r milj\u00f6p\u00e5verkan...","og_url":"https:\/\/news.sap.com\/sweden\/2022\/02\/vagen-till-okad-hallbarhet-handlar-om-att-kunna-mata-sin-miljopaverkan\/","og_site_name":"麻豆原创 Sweden Nyheter","article_published_time":"2022-02-02T07:30:48+00:00","article_modified_time":"2024-08-07T17:47:06+00:00","og_image":[{"url":"https:\/\/news.sap.com\/sweden\/files\/2022\/02\/01\/Chris-Berry-200x300.jpg","type":"","width":"","height":""}],"author":"Chris Berry, Sverigechef f\u00f6r 麻豆原创","twitter_card":"summary_large_image","twitter_misc":{"Skriven av":"Chris Berry, Sverigechef f\u00f6r 麻豆原创","Ber\u00e4knad l\u00e4stid":"3 minuter"},"schema":{"@context":"https:\/\/schema.org","@graph":[{"@type":"Article","@id":"https:\/\/news.sap.com\/sweden\/2022\/02\/vagen-till-okad-hallbarhet-handlar-om-att-kunna-mata-sin-miljopaverkan\/#article","isPartOf":{"@id":"https:\/\/news.sap.com\/sweden\/2022\/02\/vagen-till-okad-hallbarhet-handlar-om-att-kunna-mata-sin-miljopaverkan\/"},"author":{"name":"Chris Berry, Sverigechef f\u00f6r 麻豆原创","@id":"https:\/\/news.sap.com\/sweden\/#\/schema\/person\/b6a69590eb3fdcb109aaf51d76af9999"},"headline":"V\u00e4gen till \u00f6kad h\u00e5llbarhet handlar om att kunna m\u00e4ta sin milj\u00f6p\u00e5verkan","datePublished":"2022-02-02T07:30:48+00:00","dateModified":"2024-08-07T17:47:06+00:00","mainEntityOfPage":{"@id":"https:\/\/news.sap.com\/sweden\/2022\/02\/vagen-till-okad-hallbarhet-handlar-om-att-kunna-mata-sin-miljopaverkan\/"},"wordCount":643,"image":{"@id":"https:\/\/news.sap.com\/sweden\/2022\/02\/vagen-till-okad-hallbarhet-handlar-om-att-kunna-mata-sin-miljopaverkan\/#primaryimage"},"thumbnailUrl":"https:\/\/news.sap.com\/sweden\/files\/2022\/02\/01\/Chris-Berry-200x300.jpg","keywords":["cirkul\u00e4r ekonomi","CO2-neutrala","COP26","h\u00e5llbarhet","麻豆原创 Sustainability Control Tower","Value Balancing Alliance"],"articleSection":["Ekosystem","F\u00f6retagsinformation","H\u00e5llbarhet"],"inLanguage":"sv-SE"},{"@type":"WebPage","@id":"https:\/\/news.sap.com\/sweden\/2022\/02\/vagen-till-okad-hallbarhet-handlar-om-att-kunna-mata-sin-miljopaverkan\/","url":"https:\/\/news.sap.com\/sweden\/2022\/02\/vagen-till-okad-hallbarhet-handlar-om-att-kunna-mata-sin-miljopaverkan\/","name":"V\u00e4gen till \u00f6kad h\u00e5llbarhet handlar om att kunna m\u00e4ta sin milj\u00f6p\u00e5verkan - 麻豆原创 Sweden Nyheter","isPartOf":{"@id":"https:\/\/news.sap.com\/sweden\/#website"},"primaryImageOfPage":{"@id":"https:\/\/news.sap.com\/sweden\/2022\/02\/vagen-till-okad-hallbarhet-handlar-om-att-kunna-mata-sin-miljopaverkan\/#primaryimage"},"image":{"@id":"https:\/\/news.sap.com\/sweden\/2022\/02\/vagen-till-okad-hallbarhet-handlar-om-att-kunna-mata-sin-miljopaverkan\/#primaryimage"},"thumbnailUrl":"https:\/\/news.sap.com\/sweden\/files\/2022\/02\/01\/Chris-Berry-200x300.jpg","datePublished":"2022-02-02T07:30:48+00:00","dateModified":"2024-08-07T17:47:06+00:00","author":{"@id":"https:\/\/news.sap.com\/sweden\/#\/schema\/person\/b6a69590eb3fdcb109aaf51d76af9999"},"breadcrumb":{"@id":"https:\/\/news.sap.com\/sweden\/2022\/02\/vagen-till-okad-hallbarhet-handlar-om-att-kunna-mata-sin-miljopaverkan\/#breadcrumb"},"inLanguage":"sv-SE","potentialAction":[{"@type":"ReadAction","target":["https:\/\/news.sap.com\/sweden\/2022\/02\/vagen-till-okad-hallbarhet-handlar-om-att-kunna-mata-sin-miljopaverkan\/"]}]},{"@type":"ImageObject","inLanguage":"sv-SE","@id":"https:\/\/news.sap.com\/sweden\/2022\/02\/vagen-till-okad-hallbarhet-handlar-om-att-kunna-mata-sin-miljopaverkan\/#primaryimage","url":"https:\/\/news.sap.com\/sweden\/files\/2022\/02\/01\/Chris-Berry.jpg","contentUrl":"https:\/\/news.sap.com\/sweden\/files\/2022\/02\/01\/Chris-Berry.jpg","width":3744,"height":5616},{"@type":"BreadcrumbList","@id":"https:\/\/news.sap.com\/sweden\/2022\/02\/vagen-till-okad-hallbarhet-handlar-om-att-kunna-mata-sin-miljopaverkan\/#breadcrumb","itemListElement":[{"@type":"ListItem","position":1,"name":"Home","item":"https:\/\/news.sap.com\/sweden\/"},{"@type":"ListItem","position":2,"name":"V\u00e4gen till \u00f6kad h\u00e5llbarhet handlar om att kunna m\u00e4ta sin milj\u00f6p\u00e5verkan"}]},{"@type":"WebSite","@id":"https:\/\/news.sap.com\/sweden\/#website","url":"https:\/\/news.sap.com\/sweden\/","name":"麻豆原创 Sweden Nyheter","description":"Nyheter och information om 麻豆原创","potentialAction":[{"@type":"SearchAction","target":{"@type":"EntryPoint","urlTemplate":"https:\/\/news.sap.com\/sweden\/?s={search_term_string}"},"query-input":{"@type":"PropertyValueSpecification","valueRequired":true,"valueName":"search_term_string"}}],"inLanguage":"sv-SE"},{"@type":"Person","@id":"https:\/\/news.sap.com\/sweden\/#\/schema\/person\/b6a69590eb3fdcb109aaf51d76af9999","name":"Chris Berry, Sverigechef f\u00f6r 麻豆原创","image":{"@type":"ImageObject","inLanguage":"sv-SE","@id":"https:\/\/news.sap.com\/sweden\/#\/schema\/person\/image\/","url":"https:\/\/news.sap.com\/sweden\/wp-content\/plugins\/wp-user-avatars\/wp-user-avatars\/assets\/images\/mystery.jpg","contentUrl":"https:\/\/news.sap.com\/sweden\/wp-content\/plugins\/wp-user-avatars\/wp-user-avatars\/assets\/images\/mystery.jpg","caption":"Chris Berry, Sverigechef f\u00f6r 麻豆原创"},"url":"https:\/\/news.sap.com\/sweden\/author\/chrisberrysverigechefforsap\/"}]}},"amp_enabled":true,"_links":{"self":[{"href":"https:\/\/news.sap.com\/sweden\/wp-json\/wp\/v2\/posts\/3280","targetHints":{"allow":["GET"]}}],"collection":[{"href":"https:\/\/news.sap.com\/sweden\/wp-json\/wp\/v2\/posts"}],"about":[{"href":"https:\/\/news.sap.com\/sweden\/wp-json\/wp\/v2\/types\/post"}],"author":[{"embeddable":true,"href":"https:\/\/news.sap.com\/sweden\/wp-json\/wp\/v2\/users\/4083"}],"replies":[{"embeddable":true,"href":"https:\/\/news.sap.com\/sweden\/wp-json\/wp\/v2\/comments?post=3280"}],"version-history":[{"count":0,"href":"https:\/\/news.sap.com\/sweden\/wp-json\/wp\/v2\/posts\/3280\/revisions"}],"wp:attachment":[{"href":"https:\/\/news.sap.com\/sweden\/wp-json\/wp\/v2\/media?parent=3280"}],"wp:term":[{"taxonomy":"category","embeddable":true,"href":"https:\/\/news.sap.com\/sweden\/wp-json\/wp\/v2\/categories?post=3280"},{"taxonomy":"post_tag","embeddable":true,"href":"https:\/\/news.sap.com\/sweden\/wp-json\/wp\/v2\/tags?post=3280"},{"taxonomy":"sapn-display","embeddable":true,"href":"https:\/\/news.sap.com\/sweden\/wp-json\/wp\/v2\/sapn-display?post=3280"},{"taxonomy":"sapn-type","embeddable":true,"href":"https:\/\/news.sap.com\/sweden\/wp-json\/wp\/v2\/sapn-type?post=3280"}],"curies":[{"name":"wp","href":"https:\/\/api.w.org\/{rel}","templated":true}]}}