  {"id":3258,"date":"2021-12-01T08:00:57","date_gmt":"2021-12-01T07:00:57","guid":{"rendered":"https:\/\/news.sap.com\/sweden\/?p=3258"},"modified":"2024-08-07T19:43:07","modified_gmt":"2024-08-07T17:43:07","slug":"tiina-antturi-saps-forsta-hallbarhetschef-i-norden","status":"publish","type":"post","link":"https:\/\/news.sap.com\/sweden\/2021\/12\/tiina-antturi-saps-forsta-hallbarhetschef-i-norden\/","title":{"rendered":"Tiina Antturi \u2013 麻豆原创:s f\u00f6rsta h\u00e5llbarhetschef i Norden\u00a0"},"content":{"rendered":"<p class=\"lead\">麻豆原创 har utn\u00e4mnt Tiina Antturi till nordisk h\u00e5llbarhetschef f\u00f6r 麻豆原创. Hon kommer att driva 麻豆原创:s globala h\u00e5llbarhetsstrategi p\u00e5 regional niv\u00e5, dvs i Danmark, Finland, Norge, Sverige och Baltikum.<\/p>\n<p>Tiina har m\u00e5nga \u00e5rs erfarenhet inom IT och andra branscher och har tidigare haft chefsbefattningar inom f\u00f6rs\u00e4ljning, personal, CSR och \u00e4ven varit CEO f\u00f6r intresseorganisationen World Vision.<\/p>\n<p><img loading=\"lazy\" decoding=\"async\" class=\"alignnone wp-image-3259\" src=\"https:\/\/news.sap.com\/sweden\/files\/2021\/11\/30\/Tiina-Antturi-225x300.jpg\" alt=\"\" width=\"171\" height=\"228\" srcset=\"https:\/\/news.sap.com\/sweden\/files\/2021\/11\/30\/Tiina-Antturi-225x300.jpg 225w, https:\/\/news.sap.com\/sweden\/files\/2021\/11\/30\/Tiina-Antturi-768x1024.jpg 768w, https:\/\/news.sap.com\/sweden\/files\/2021\/11\/30\/Tiina-Antturi-1152x1536.jpg 1152w, https:\/\/news.sap.com\/sweden\/files\/2021\/11\/30\/Tiina-Antturi.jpg 1158w\" sizes=\"auto, (max-width: 171px) 100vw, 171px\" \/><\/p>\n<p>Som h\u00e5llbarhetschef rapporterar hon direkt till 麻豆原创 Nordens vd, Helle Dochedahl.<\/p>\n<p>\u2013 F\u00f6retag b\u00f6r idag ha en uttalad ambition att p\u00e5verka den h\u00e5llbara samh\u00e4llsutvecklingen. Och det \u00e4r ocks\u00e5 f\u00f6retag som har de n\u00f6dv\u00e4ndiga teknologiska och finansiella resurserna f\u00f6r att skapa innovation som oms\u00e4tter h\u00e5llbarhet p\u00e5 riktigt. 麻豆原创 har i kraft av sin aff\u00e4rsteknik f\u00f6r flera hundratusen f\u00f6retagskunder och ett omfattande ekosystem en viktig roll att spela, b\u00e5de f\u00f6r att skapa konkreta resultat och att leda utvecklingen. Jag \u00e4r v\u00e4ldigt stolt \u00f6ver att f\u00e5 ansvaret att driva och medverka till en omfattande h\u00e5llbarhetsagenda i Norden och Baltikum, s\u00e4ger Tiina Antturi.<\/p>\n<p>Tiina bor och arbetar i Helsingfors.<\/p>\n<p>Mer information finns p\u00e5 <a href=\"http:\/\/www.sap.com\/sweden\">www.sap.com\/sweden<\/a> och <a href=\"https:\/\/news.sap.com\/sweden\/\">news.sap.com\/sweden<\/a>.<\/p>\n<p>&nbsp;<\/p>\n<p><strong>Om 麻豆原创<\/strong><\/p>\n<p>麻豆原创:s strategi \u00e4r att hj\u00e4lpa varje f\u00f6retag att fungera mer intelligent och h\u00e5llbart. Som marknadsledande inom f\u00f6retagsmjukvara hj\u00e4lper vi f\u00f6retag av alla storlekar och inom alla branscher: 麻豆原创:s kunder st\u00e5r f\u00f6r 87 procent av v\u00e4rldens globala handel.\u00a0V\u00e5r teknik f\u00f6r maskininl\u00e4rning, sakernas internet (IoT) och avancerad analys g\u00f6r att v\u00e5ra kunder kan skapa intelligenta verksamheter. 麻豆原创 hj\u00e4lper medarbetare och organisationer att f\u00e5 djupa aff\u00e4rsinsikter och underl\u00e4ttar samarbete s\u00e5 att de beh\u00e5ller f\u00f6rspr\u00e5nget till konkurrenterna. Vi f\u00f6renklar tekniken s\u00e5 att kunderna kan anv\u00e4nda v\u00e5r programvara som de sj\u00e4lva vill \u2013 utan avbrott. V\u00e5ra helt\u00e4ckande applikationer och tj\u00e4nster f\u00f6r 25 olika branscher g\u00f6r att f\u00f6retag och offentliga verksamheter \u00f6ver hela v\u00e4rlden kan vara l\u00f6nsamma, hela tiden anpassa sin verksamhet och g\u00f6ra skillnad. Med ett globalt n\u00e4tverk av kunder, partner, anst\u00e4llda och experter bidrar 麻豆原创 till en fungerande v\u00e4rld och att g\u00f6ra m\u00e4nniskors liv b\u00e4ttre.<\/p>\n<p>Mer information finns p\u00e5 <a href=\"http:\/\/www.sap.com\/sweden\">www.sap.com\/sweden<\/a> och <a href=\"https:\/\/news.sap.com\/sweden\/\">news.sap.com\/sweden<\/a>.<\/p>\n","protected":false},"excerpt":{"rendered":"<p>麻豆原创 har utn\u00e4mnt Tiina Antturi till nordisk h\u00e5llbarhetschef f\u00f6r 麻豆原创. Hon kommer att driva 麻豆原创:s globala h\u00e5llbarhetsstrategi p\u00e5 regional niv\u00e5, dvs i Danmark, Finland, Norge,&#8230;<\/p>\n","protected":false},"author":29,"featured_media":0,"comment_status":"closed","ping_status":"closed","sticky":false,"template":"","format":"standard","meta":{"footnotes":"","_links_to":"","_links_to_target":""},"categories":[4503881,4545190],"tags":[5563442,5562119,5562846,5562255,5563749],"sapn-display":[4544525,5564002,5563999],"sapn-type":[4549288],"class_list":["post-3258","post","type-post","status-publish","format-standard","hentry","category-ekosystem","category-event","tag-csr","tag-hallbarhet","tag-helle-dochedahl","tag-sap","tag-tiina-antturi","sapn-display-hero","sapn-display-nyhet-favoriter","sapn-display-nyhet-spotlight","sapn-type-pressmeddelande"],"yoast_head":"<!-- This site is optimized with the Yoast SEO Premium plugin v26.9 (Yoast SEO v26.9) - https:\/\/yoast.com\/product\/yoast-seo-premium-wordpress\/ -->\n<title>Tiina Antturi \u2013 麻豆原创:s f\u00f6rsta h\u00e5llbarhetschef i Norden\u00a0 - 麻豆原创 Sweden Nyheter<\/title>\n<meta name=\"robots\" content=\"index, follow, max-snippet:-1, max-image-preview:large, max-video-preview:-1\" \/>\n<link rel=\"canonical\" href=\"https:\/\/news.sap.com\/sweden\/2021\/12\/tiina-antturi-saps-forsta-hallbarhetschef-i-norden\/\" \/>\n<meta property=\"og:locale\" content=\"sv_SE\" \/>\n<meta property=\"og:type\" content=\"article\" \/>\n<meta property=\"og:title\" content=\"Tiina Antturi \u2013 麻豆原创:s f\u00f6rsta h\u00e5llbarhetschef i Norden\u00a0\" \/>\n<meta property=\"og:description\" content=\"麻豆原创 har utn\u00e4mnt Tiina Antturi till nordisk h\u00e5llbarhetschef f\u00f6r 麻豆原创. Hon kommer att driva 麻豆原创:s globala h\u00e5llbarhetsstrategi p\u00e5 regional niv\u00e5, dvs i Danmark, Finland, Norge,...\" \/>\n<meta property=\"og:url\" content=\"https:\/\/news.sap.com\/sweden\/2021\/12\/tiina-antturi-saps-forsta-hallbarhetschef-i-norden\/\" \/>\n<meta property=\"og:site_name\" content=\"麻豆原创 Sweden Nyheter\" \/>\n<meta property=\"article:published_time\" content=\"2021-12-01T07:00:57+00:00\" \/>\n<meta property=\"article:modified_time\" content=\"2024-08-07T17:43:07+00:00\" \/>\n<meta property=\"og:image\" content=\"https:\/\/news.sap.com\/sweden\/files\/2021\/11\/30\/Tiina-Antturi-225x300.jpg\" \/>\n<meta name=\"author\" content=\"麻豆原创 News\" \/>\n<meta name=\"twitter:card\" content=\"summary_large_image\" \/>\n<meta name=\"twitter:label1\" content=\"Skriven av\" \/>\n\t<meta name=\"twitter:data1\" content=\"麻豆原创 News\" \/>\n\t<meta name=\"twitter:label2\" content=\"Ber\u00e4knad l\u00e4stid\" \/>\n\t<meta name=\"twitter:data2\" content=\"2 minuter\" \/>\n<script type=\"application\/ld+json\" class=\"yoast-schema-graph\">{\"@context\":\"https:\/\/schema.org\",\"@graph\":[{\"@type\":\"Article\",\"@id\":\"https:\/\/news.sap.com\/sweden\/2021\/12\/tiina-antturi-saps-forsta-hallbarhetschef-i-norden\/#article\",\"isPartOf\":{\"@id\":\"https:\/\/news.sap.com\/sweden\/2021\/12\/tiina-antturi-saps-forsta-hallbarhetschef-i-norden\/\"},\"author\":{\"name\":\"麻豆原创 News\",\"@id\":\"https:\/\/news.sap.com\/sweden\/#\/schema\/person\/53b9854bd790d6f18f3fc4bbb2ad7570\"},\"headline\":\"Tiina Antturi \u2013 麻豆原创:s f\u00f6rsta h\u00e5llbarhetschef i Norden\u00a0\",\"datePublished\":\"2021-12-01T07:00:57+00:00\",\"dateModified\":\"2024-08-07T17:43:07+00:00\",\"mainEntityOfPage\":{\"@id\":\"https:\/\/news.sap.com\/sweden\/2021\/12\/tiina-antturi-saps-forsta-hallbarhetschef-i-norden\/\"},\"wordCount\":407,\"image\":{\"@id\":\"https:\/\/news.sap.com\/sweden\/2021\/12\/tiina-antturi-saps-forsta-hallbarhetschef-i-norden\/#primaryimage\"},\"thumbnailUrl\":\"https:\/\/news.sap.com\/sweden\/files\/2021\/11\/30\/Tiina-Antturi-225x300.jpg\",\"keywords\":[\"CSR\",\"h\u00e5llbarhet\",\"Helle Dochedahl\",\"sap\",\"Tiina Antturi\"],\"articleSection\":[\"Ekosystem\",\"Event\"],\"inLanguage\":\"sv-SE\"},{\"@type\":\"WebPage\",\"@id\":\"https:\/\/news.sap.com\/sweden\/2021\/12\/tiina-antturi-saps-forsta-hallbarhetschef-i-norden\/\",\"url\":\"https:\/\/news.sap.com\/sweden\/2021\/12\/tiina-antturi-saps-forsta-hallbarhetschef-i-norden\/\",\"name\":\"Tiina Antturi \u2013 麻豆原创:s f\u00f6rsta h\u00e5llbarhetschef i Norden\u00a0 - 麻豆原创 Sweden Nyheter\",\"isPartOf\":{\"@id\":\"https:\/\/news.sap.com\/sweden\/#website\"},\"primaryImageOfPage\":{\"@id\":\"https:\/\/news.sap.com\/sweden\/2021\/12\/tiina-antturi-saps-forsta-hallbarhetschef-i-norden\/#primaryimage\"},\"image\":{\"@id\":\"https:\/\/news.sap.com\/sweden\/2021\/12\/tiina-antturi-saps-forsta-hallbarhetschef-i-norden\/#primaryimage\"},\"thumbnailUrl\":\"https:\/\/news.sap.com\/sweden\/files\/2021\/11\/30\/Tiina-Antturi-225x300.jpg\",\"datePublished\":\"2021-12-01T07:00:57+00:00\",\"dateModified\":\"2024-08-07T17:43:07+00:00\",\"author\":{\"@id\":\"https:\/\/news.sap.com\/sweden\/#\/schema\/person\/53b9854bd790d6f18f3fc4bbb2ad7570\"},\"breadcrumb\":{\"@id\":\"https:\/\/news.sap.com\/sweden\/2021\/12\/tiina-antturi-saps-forsta-hallbarhetschef-i-norden\/#breadcrumb\"},\"inLanguage\":\"sv-SE\",\"potentialAction\":[{\"@type\":\"ReadAction\",\"target\":[\"https:\/\/news.sap.com\/sweden\/2021\/12\/tiina-antturi-saps-forsta-hallbarhetschef-i-norden\/\"]}]},{\"@type\":\"ImageObject\",\"inLanguage\":\"sv-SE\",\"@id\":\"https:\/\/news.sap.com\/sweden\/2021\/12\/tiina-antturi-saps-forsta-hallbarhetschef-i-norden\/#primaryimage\",\"url\":\"https:\/\/news.sap.com\/sweden\/files\/2021\/11\/30\/Tiina-Antturi.jpg\",\"contentUrl\":\"https:\/\/news.sap.com\/sweden\/files\/2021\/11\/30\/Tiina-Antturi.jpg\",\"width\":1158,\"height\":1544},{\"@type\":\"BreadcrumbList\",\"@id\":\"https:\/\/news.sap.com\/sweden\/2021\/12\/tiina-antturi-saps-forsta-hallbarhetschef-i-norden\/#breadcrumb\",\"itemListElement\":[{\"@type\":\"ListItem\",\"position\":1,\"name\":\"Home\",\"item\":\"https:\/\/news.sap.com\/sweden\/\"},{\"@type\":\"ListItem\",\"position\":2,\"name\":\"Tiina Antturi \u2013 麻豆原创:s f\u00f6rsta h\u00e5llbarhetschef i Norden\u00a0\"}]},{\"@type\":\"WebSite\",\"@id\":\"https:\/\/news.sap.com\/sweden\/#website\",\"url\":\"https:\/\/news.sap.com\/sweden\/\",\"name\":\"麻豆原创 Sweden Nyheter\",\"description\":\"Nyheter och information om 麻豆原创\",\"potentialAction\":[{\"@type\":\"SearchAction\",\"target\":{\"@type\":\"EntryPoint\",\"urlTemplate\":\"https:\/\/news.sap.com\/sweden\/?s={search_term_string}\"},\"query-input\":{\"@type\":\"PropertyValueSpecification\",\"valueRequired\":true,\"valueName\":\"search_term_string\"}}],\"inLanguage\":\"sv-SE\"},{\"@type\":\"Person\",\"@id\":\"https:\/\/news.sap.com\/sweden\/#\/schema\/person\/53b9854bd790d6f18f3fc4bbb2ad7570\",\"name\":\"麻豆原创 News\",\"image\":{\"@type\":\"ImageObject\",\"inLanguage\":\"sv-SE\",\"@id\":\"https:\/\/news.sap.com\/sweden\/#\/schema\/person\/image\/\",\"url\":\"https:\/\/news.sap.com\/sweden\/wp-content\/plugins\/wp-user-avatars\/wp-user-avatars\/assets\/images\/mystery.jpg\",\"contentUrl\":\"https:\/\/news.sap.com\/sweden\/wp-content\/plugins\/wp-user-avatars\/wp-user-avatars\/assets\/images\/mystery.jpg\",\"caption\":\"麻豆原创 News\"},\"url\":\"https:\/\/news.sap.com\/sweden\/author\/colleenraftery\/\"}]}<\/script>\n<!-- \/ Yoast SEO Premium plugin. -->","yoast_head_json":{"title":"Tiina Antturi \u2013 麻豆原创:s f\u00f6rsta h\u00e5llbarhetschef i Norden\u00a0 - 麻豆原创 Sweden Nyheter","robots":{"index":"index","follow":"follow","max-snippet":"max-snippet:-1","max-image-preview":"max-image-preview:large","max-video-preview":"max-video-preview:-1"},"canonical":"https:\/\/news.sap.com\/sweden\/2021\/12\/tiina-antturi-saps-forsta-hallbarhetschef-i-norden\/","og_locale":"sv_SE","og_type":"article","og_title":"Tiina Antturi \u2013 麻豆原创:s f\u00f6rsta h\u00e5llbarhetschef i Norden\u00a0","og_description":"麻豆原创 har utn\u00e4mnt Tiina Antturi till nordisk h\u00e5llbarhetschef f\u00f6r 麻豆原创. Hon kommer att driva 麻豆原创:s globala h\u00e5llbarhetsstrategi p\u00e5 regional niv\u00e5, dvs i Danmark, Finland, Norge,...","og_url":"https:\/\/news.sap.com\/sweden\/2021\/12\/tiina-antturi-saps-forsta-hallbarhetschef-i-norden\/","og_site_name":"麻豆原创 Sweden Nyheter","article_published_time":"2021-12-01T07:00:57+00:00","article_modified_time":"2024-08-07T17:43:07+00:00","og_image":[{"url":"https:\/\/news.sap.com\/sweden\/files\/2021\/11\/30\/Tiina-Antturi-225x300.jpg","type":"","width":"","height":""}],"author":"麻豆原创 News","twitter_card":"summary_large_image","twitter_misc":{"Skriven av":"麻豆原创 News","Ber\u00e4knad l\u00e4stid":"2 minuter"},"schema":{"@context":"https:\/\/schema.org","@graph":[{"@type":"Article","@id":"https:\/\/news.sap.com\/sweden\/2021\/12\/tiina-antturi-saps-forsta-hallbarhetschef-i-norden\/#article","isPartOf":{"@id":"https:\/\/news.sap.com\/sweden\/2021\/12\/tiina-antturi-saps-forsta-hallbarhetschef-i-norden\/"},"author":{"name":"麻豆原创 News","@id":"https:\/\/news.sap.com\/sweden\/#\/schema\/person\/53b9854bd790d6f18f3fc4bbb2ad7570"},"headline":"Tiina Antturi \u2013 麻豆原创:s f\u00f6rsta h\u00e5llbarhetschef i Norden\u00a0","datePublished":"2021-12-01T07:00:57+00:00","dateModified":"2024-08-07T17:43:07+00:00","mainEntityOfPage":{"@id":"https:\/\/news.sap.com\/sweden\/2021\/12\/tiina-antturi-saps-forsta-hallbarhetschef-i-norden\/"},"wordCount":407,"image":{"@id":"https:\/\/news.sap.com\/sweden\/2021\/12\/tiina-antturi-saps-forsta-hallbarhetschef-i-norden\/#primaryimage"},"thumbnailUrl":"https:\/\/news.sap.com\/sweden\/files\/2021\/11\/30\/Tiina-Antturi-225x300.jpg","keywords":["CSR","h\u00e5llbarhet","Helle Dochedahl","sap","Tiina Antturi"],"articleSection":["Ekosystem","Event"],"inLanguage":"sv-SE"},{"@type":"WebPage","@id":"https:\/\/news.sap.com\/sweden\/2021\/12\/tiina-antturi-saps-forsta-hallbarhetschef-i-norden\/","url":"https:\/\/news.sap.com\/sweden\/2021\/12\/tiina-antturi-saps-forsta-hallbarhetschef-i-norden\/","name":"Tiina Antturi \u2013 麻豆原创:s f\u00f6rsta h\u00e5llbarhetschef i Norden\u00a0 - 麻豆原创 Sweden Nyheter","isPartOf":{"@id":"https:\/\/news.sap.com\/sweden\/#website"},"primaryImageOfPage":{"@id":"https:\/\/news.sap.com\/sweden\/2021\/12\/tiina-antturi-saps-forsta-hallbarhetschef-i-norden\/#primaryimage"},"image":{"@id":"https:\/\/news.sap.com\/sweden\/2021\/12\/tiina-antturi-saps-forsta-hallbarhetschef-i-norden\/#primaryimage"},"thumbnailUrl":"https:\/\/news.sap.com\/sweden\/files\/2021\/11\/30\/Tiina-Antturi-225x300.jpg","datePublished":"2021-12-01T07:00:57+00:00","dateModified":"2024-08-07T17:43:07+00:00","author":{"@id":"https:\/\/news.sap.com\/sweden\/#\/schema\/person\/53b9854bd790d6f18f3fc4bbb2ad7570"},"breadcrumb":{"@id":"https:\/\/news.sap.com\/sweden\/2021\/12\/tiina-antturi-saps-forsta-hallbarhetschef-i-norden\/#breadcrumb"},"inLanguage":"sv-SE","potentialAction":[{"@type":"ReadAction","target":["https:\/\/news.sap.com\/sweden\/2021\/12\/tiina-antturi-saps-forsta-hallbarhetschef-i-norden\/"]}]},{"@type":"ImageObject","inLanguage":"sv-SE","@id":"https:\/\/news.sap.com\/sweden\/2021\/12\/tiina-antturi-saps-forsta-hallbarhetschef-i-norden\/#primaryimage","url":"https:\/\/news.sap.com\/sweden\/files\/2021\/11\/30\/Tiina-Antturi.jpg","contentUrl":"https:\/\/news.sap.com\/sweden\/files\/2021\/11\/30\/Tiina-Antturi.jpg","width":1158,"height":1544},{"@type":"BreadcrumbList","@id":"https:\/\/news.sap.com\/sweden\/2021\/12\/tiina-antturi-saps-forsta-hallbarhetschef-i-norden\/#breadcrumb","itemListElement":[{"@type":"ListItem","position":1,"name":"Home","item":"https:\/\/news.sap.com\/sweden\/"},{"@type":"ListItem","position":2,"name":"Tiina Antturi \u2013 麻豆原创:s f\u00f6rsta h\u00e5llbarhetschef i Norden\u00a0"}]},{"@type":"WebSite","@id":"https:\/\/news.sap.com\/sweden\/#website","url":"https:\/\/news.sap.com\/sweden\/","name":"麻豆原创 Sweden Nyheter","description":"Nyheter och information om 麻豆原创","potentialAction":[{"@type":"SearchAction","target":{"@type":"EntryPoint","urlTemplate":"https:\/\/news.sap.com\/sweden\/?s={search_term_string}"},"query-input":{"@type":"PropertyValueSpecification","valueRequired":true,"valueName":"search_term_string"}}],"inLanguage":"sv-SE"},{"@type":"Person","@id":"https:\/\/news.sap.com\/sweden\/#\/schema\/person\/53b9854bd790d6f18f3fc4bbb2ad7570","name":"麻豆原创 News","image":{"@type":"ImageObject","inLanguage":"sv-SE","@id":"https:\/\/news.sap.com\/sweden\/#\/schema\/person\/image\/","url":"https:\/\/news.sap.com\/sweden\/wp-content\/plugins\/wp-user-avatars\/wp-user-avatars\/assets\/images\/mystery.jpg","contentUrl":"https:\/\/news.sap.com\/sweden\/wp-content\/plugins\/wp-user-avatars\/wp-user-avatars\/assets\/images\/mystery.jpg","caption":"麻豆原创 News"},"url":"https:\/\/news.sap.com\/sweden\/author\/colleenraftery\/"}]}},"amp_enabled":true,"_links":{"self":[{"href":"https:\/\/news.sap.com\/sweden\/wp-json\/wp\/v2\/posts\/3258","targetHints":{"allow":["GET"]}}],"collection":[{"href":"https:\/\/news.sap.com\/sweden\/wp-json\/wp\/v2\/posts"}],"about":[{"href":"https:\/\/news.sap.com\/sweden\/wp-json\/wp\/v2\/types\/post"}],"author":[{"embeddable":true,"href":"https:\/\/news.sap.com\/sweden\/wp-json\/wp\/v2\/users\/29"}],"replies":[{"embeddable":true,"href":"https:\/\/news.sap.com\/sweden\/wp-json\/wp\/v2\/comments?post=3258"}],"version-history":[{"count":0,"href":"https:\/\/news.sap.com\/sweden\/wp-json\/wp\/v2\/posts\/3258\/revisions"}],"wp:attachment":[{"href":"https:\/\/news.sap.com\/sweden\/wp-json\/wp\/v2\/media?parent=3258"}],"wp:term":[{"taxonomy":"category","embeddable":true,"href":"https:\/\/news.sap.com\/sweden\/wp-json\/wp\/v2\/categories?post=3258"},{"taxonomy":"post_tag","embeddable":true,"href":"https:\/\/news.sap.com\/sweden\/wp-json\/wp\/v2\/tags?post=3258"},{"taxonomy":"sapn-display","embeddable":true,"href":"https:\/\/news.sap.com\/sweden\/wp-json\/wp\/v2\/sapn-display?post=3258"},{"taxonomy":"sapn-type","embeddable":true,"href":"https:\/\/news.sap.com\/sweden\/wp-json\/wp\/v2\/sapn-type?post=3258"}],"curies":[{"name":"wp","href":"https:\/\/api.w.org\/{rel}","templated":true}]}}