  {"id":3232,"date":"2021-11-18T18:32:33","date_gmt":"2021-11-18T17:32:33","guid":{"rendered":"https:\/\/news.sap.com\/sweden\/?p=3232"},"modified":"2024-08-07T19:25:56","modified_gmt":"2024-08-07T17:25:56","slug":"fortsatt-gronmalning-eller-konkret-matning-av-foretagens-koldioxidavtryck","status":"publish","type":"post","link":"https:\/\/news.sap.com\/sweden\/2021\/11\/fortsatt-gronmalning-eller-konkret-matning-av-foretagens-koldioxidavtryck\/","title":{"rendered":"Fortsatt gr\u00f6nm\u00e5lning eller konkret m\u00e4tning av f\u00f6retagens koldioxidavtryck?"},"content":{"rendered":"<p class=\"lead\"><em>Tillsammans med 麻豆原创:s partner Women In Tech h\u00f6lls en partnerstr\u00e4ff f\u00f6r att diskutera m\u00e4tbar h\u00e5llbarhet p\u00e5 Stockholmskontoret.<\/em><\/p>\n<p>M\u00e5nga f\u00f6retag ber\u00e4ttar g\u00e4rna om sina gr\u00f6na initiativ f\u00f6r en h\u00e5llbar framtid, men st\u00e4mmer ord mot verklighet? Under 麻豆原创:s\u00a0<a href=\"https:\/\/events.sap.com\/se\/wit-partner-meetup\/en\/home#section_1\">partnertr\u00e4ff<\/a>\u00a0med\u00a0<a href=\"https:\/\/www.womenintech.se\/\">Women In Tech<\/a>\u00a0diskuterades m\u00f6jligheten att m\u00e4ta h\u00e5llbarhet f\u00f6r att b\u00e4ttre kunna basera h\u00e5llbara klimatincitament p\u00e5 fakta.<\/p>\n<p>Revidering av f\u00f6retagsprocesser genom hela logistikkedjan samt v\u00e4rdekedjan m\u00f6jligg\u00f6r v\u00e4rnandet av planeten, dess arter och det kollektiva v\u00e4lst\u00e5ndet. Baserat p\u00e5 detta har 麻豆原创 utvecklat verktyg f\u00f6r att hj\u00e4lpa f\u00f6retag att m\u00e4ta sin p\u00e5verkan p\u00e5 milj\u00f6n.<\/p>\n<p><img loading=\"lazy\" decoding=\"async\" class=\"alignnone wp-image-3236\" src=\"https:\/\/news.sap.com\/sweden\/files\/2021\/11\/18\/IMG_5102-300x200.jpg\" alt=\"\" width=\"449\" height=\"299\" srcset=\"https:\/\/news.sap.com\/sweden\/files\/2021\/11\/18\/IMG_5102-300x200.jpg 300w, https:\/\/news.sap.com\/sweden\/files\/2021\/11\/18\/IMG_5102-1024x683.jpg 1024w, https:\/\/news.sap.com\/sweden\/files\/2021\/11\/18\/IMG_5102-768x512.jpg 768w, https:\/\/news.sap.com\/sweden\/files\/2021\/11\/18\/IMG_5102-1536x1024.jpg 1536w, https:\/\/news.sap.com\/sweden\/files\/2021\/11\/18\/IMG_5102-2048x1365.jpg 2048w\" sizes=\"auto, (max-width: 449px) 100vw, 449px\" \/><\/p>\n<p>F\u00f6r presentationen stod Emilie Solomon, regionchef f\u00f6r 麻豆原创 Concur i Sverige och Finland samt Tomas Hermansson, f\u00f6retagsarkitekt f\u00f6r 麻豆原创 Norden och Baltikum.<\/p>\n<p>&#8211; Det viktigaste med h\u00e5llbarhet \u00e4r att se det fr\u00e5n ett helhetsperspektiv s\u00e5 det handlar inte bara om milj\u00f6n eller bara om j\u00e4mlikhet. Jag tror ocks\u00e5 det \u00e4r viktigt att vi ser fr\u00e5n det h\u00e4r stora perspektivet och f\u00f6rst\u00e5r en aspekt kommer p\u00e5verka en annan aspekt, s\u00e4ger Emilie.<\/p>\n<p><img loading=\"lazy\" decoding=\"async\" class=\"alignnone wp-image-3234\" src=\"https:\/\/news.sap.com\/sweden\/files\/2021\/11\/18\/Emilie-Black-Background-293x300.png\" alt=\"\" width=\"202\" height=\"206\" srcset=\"https:\/\/news.sap.com\/sweden\/files\/2021\/11\/18\/Emilie-Black-Background-293x300.png 293w, https:\/\/news.sap.com\/sweden\/files\/2021\/11\/18\/Emilie-Black-Background.png 422w\" sizes=\"auto, (max-width: 202px) 100vw, 202px\" \/><\/p>\n<p><em>\u00a0<\/em>Moderator f\u00f6r kv\u00e4llen var Elin Eriksson, chef f\u00f6r Women In Tech Sverige.<\/p>\n<p>&#8211; Det roligaste med att ha en tr\u00e4ff som denna h\u00e4r ikv\u00e4ll \u00e4r att f\u00e5 m\u00f6tas och tr\u00e4ffa m\u00e4nniskor igen. Att f\u00e5 de h\u00e4r spontana samtalen och tiden att lyssna och ber\u00e4tta. Det \u00e4r fantastiskt att f\u00e5 ses, s\u00e4ger Elin.<\/p>\n<p>Women In Tech \u00e4r en ideell f\u00f6rening av kvinnor som antingen redan arbetar med teknik eller som \u00f6verv\u00e4ger att p\u00e5b\u00f6rja sin karri\u00e4r inom omr\u00e5det. Women In Techs uppdrag \u00e4r inte enbart att f\u00e5 fler kvinnor att arbeta inom teknisk verksamhet utan \u00e4ven att f\u00e5 fler att vilja stanna kvar i branschen. Genom evenemang och inspirerande tr\u00e4ffar skapar Women In Tech m\u00f6jligheter till kunskapsutbyten och n\u00e4tverkande.<\/p>\n<p>Evenemanget h\u00f6lls p\u00e5 麻豆原创:s Stockholmskontor den 18 november och inbjudna var bland andra Women In Techs medlemmar.<\/p>\n","protected":false},"excerpt":{"rendered":"<p>Tillsammans med 麻豆原创:s partner Women In Tech h\u00f6lls en partnerstr\u00e4ff f\u00f6r att diskutera m\u00e4tbar h\u00e5llbarhet p\u00e5 Stockholmskontoret. M\u00e5nga f\u00f6retag ber\u00e4ttar g\u00e4rna om sina gr\u00f6na initiativ&#8230;<\/p>\n","protected":false},"author":29,"featured_media":3233,"comment_status":"closed","ping_status":"closed","sticky":false,"template":"","format":"standard","meta":{"footnotes":"","_links_to":"","_links_to_target":""},"categories":[4503881,4545190],"tags":[5563739,5563737,5562119,5562255,5563738,5563674],"sapn-display":[4544525,5564002,5563999,4547891],"sapn-type":[4549010],"class_list":["post-3232","post","type-post","status-publish","format-standard","has-post-thumbnail","hentry","category-ekosystem","category-event","tag-elin-eriksson","tag-emilie-solomon","tag-hallbarhet","tag-sap","tag-tomas-hermansson","tag-wit","sapn-display-hero","sapn-display-nyhet-favoriter","sapn-display-nyhet-spotlight","sapn-display-homepage-hero","sapn-type-nyhet"],"yoast_head":"<!-- This site is optimized with the Yoast SEO Premium plugin v26.9 (Yoast SEO v26.9) - https:\/\/yoast.com\/product\/yoast-seo-premium-wordpress\/ -->\n<title>Fortsatt gr\u00f6nm\u00e5lning eller konkret m\u00e4tning av f\u00f6retagens koldioxidavtryck? - 麻豆原创 Sweden Nyheter<\/title>\n<meta name=\"robots\" content=\"index, follow, max-snippet:-1, max-image-preview:large, max-video-preview:-1\" \/>\n<link rel=\"canonical\" href=\"https:\/\/news.sap.com\/sweden\/2021\/11\/fortsatt-gronmalning-eller-konkret-matning-av-foretagens-koldioxidavtryck\/\" \/>\n<meta property=\"og:locale\" content=\"sv_SE\" \/>\n<meta property=\"og:type\" content=\"article\" \/>\n<meta property=\"og:title\" content=\"Fortsatt gr\u00f6nm\u00e5lning eller konkret m\u00e4tning av f\u00f6retagens koldioxidavtryck?\" \/>\n<meta property=\"og:description\" content=\"Tillsammans med 麻豆原创:s partner Women In Tech h\u00f6lls en partnerstr\u00e4ff f\u00f6r att diskutera m\u00e4tbar h\u00e5llbarhet p\u00e5 Stockholmskontoret. M\u00e5nga f\u00f6retag ber\u00e4ttar g\u00e4rna om sina gr\u00f6na initiativ...\" \/>\n<meta property=\"og:url\" content=\"https:\/\/news.sap.com\/sweden\/2021\/11\/fortsatt-gronmalning-eller-konkret-matning-av-foretagens-koldioxidavtryck\/\" \/>\n<meta property=\"og:site_name\" content=\"麻豆原创 Sweden Nyheter\" \/>\n<meta property=\"article:published_time\" content=\"2021-11-18T17:32:33+00:00\" \/>\n<meta property=\"article:modified_time\" content=\"2024-08-07T17:25:56+00:00\" \/>\n<meta property=\"og:image\" content=\"https:\/\/news.sap.com\/sweden\/files\/2021\/11\/18\/287197_GettyImages-12173550871980x600-1.jpg\" \/>\n\t<meta property=\"og:image:width\" content=\"1980\" \/>\n\t<meta property=\"og:image:height\" content=\"600\" \/>\n\t<meta property=\"og:image:type\" content=\"image\/jpeg\" \/>\n<meta name=\"author\" content=\"麻豆原创 News\" \/>\n<meta name=\"twitter:card\" content=\"summary_large_image\" \/>\n<meta name=\"twitter:label1\" content=\"Skriven av\" \/>\n\t<meta name=\"twitter:data1\" content=\"麻豆原创 News\" \/>\n\t<meta name=\"twitter:label2\" content=\"Ber\u00e4knad l\u00e4stid\" \/>\n\t<meta name=\"twitter:data2\" content=\"2 minuter\" \/>\n<script type=\"application\/ld+json\" class=\"yoast-schema-graph\">{\"@context\":\"https:\/\/schema.org\",\"@graph\":[{\"@type\":\"Article\",\"@id\":\"https:\/\/news.sap.com\/sweden\/2021\/11\/fortsatt-gronmalning-eller-konkret-matning-av-foretagens-koldioxidavtryck\/#article\",\"isPartOf\":{\"@id\":\"https:\/\/news.sap.com\/sweden\/2021\/11\/fortsatt-gronmalning-eller-konkret-matning-av-foretagens-koldioxidavtryck\/\"},\"author\":{\"name\":\"麻豆原创 News\",\"@id\":\"https:\/\/news.sap.com\/sweden\/#\/schema\/person\/53b9854bd790d6f18f3fc4bbb2ad7570\"},\"headline\":\"Fortsatt gr\u00f6nm\u00e5lning eller konkret m\u00e4tning av f\u00f6retagens koldioxidavtryck?\",\"datePublished\":\"2021-11-18T17:32:33+00:00\",\"dateModified\":\"2024-08-07T17:25:56+00:00\",\"mainEntityOfPage\":{\"@id\":\"https:\/\/news.sap.com\/sweden\/2021\/11\/fortsatt-gronmalning-eller-konkret-matning-av-foretagens-koldioxidavtryck\/\"},\"wordCount\":377,\"image\":{\"@id\":\"https:\/\/news.sap.com\/sweden\/2021\/11\/fortsatt-gronmalning-eller-konkret-matning-av-foretagens-koldioxidavtryck\/#primaryimage\"},\"thumbnailUrl\":\"https:\/\/news.sap.com\/sweden\/files\/2021\/11\/18\/287197_GettyImages-12173550871980x600-1.jpg\",\"keywords\":[\"Elin Eriksson\",\"Emilie Solomon\",\"h\u00e5llbarhet\",\"sap\",\"Tomas Hermansson\",\"WIT\"],\"articleSection\":[\"Ekosystem\",\"Event\"],\"inLanguage\":\"sv-SE\"},{\"@type\":\"WebPage\",\"@id\":\"https:\/\/news.sap.com\/sweden\/2021\/11\/fortsatt-gronmalning-eller-konkret-matning-av-foretagens-koldioxidavtryck\/\",\"url\":\"https:\/\/news.sap.com\/sweden\/2021\/11\/fortsatt-gronmalning-eller-konkret-matning-av-foretagens-koldioxidavtryck\/\",\"name\":\"Fortsatt gr\u00f6nm\u00e5lning eller konkret m\u00e4tning av f\u00f6retagens koldioxidavtryck? - 麻豆原创 Sweden Nyheter\",\"isPartOf\":{\"@id\":\"https:\/\/news.sap.com\/sweden\/#website\"},\"primaryImageOfPage\":{\"@id\":\"https:\/\/news.sap.com\/sweden\/2021\/11\/fortsatt-gronmalning-eller-konkret-matning-av-foretagens-koldioxidavtryck\/#primaryimage\"},\"image\":{\"@id\":\"https:\/\/news.sap.com\/sweden\/2021\/11\/fortsatt-gronmalning-eller-konkret-matning-av-foretagens-koldioxidavtryck\/#primaryimage\"},\"thumbnailUrl\":\"https:\/\/news.sap.com\/sweden\/files\/2021\/11\/18\/287197_GettyImages-12173550871980x600-1.jpg\",\"datePublished\":\"2021-11-18T17:32:33+00:00\",\"dateModified\":\"2024-08-07T17:25:56+00:00\",\"author\":{\"@id\":\"https:\/\/news.sap.com\/sweden\/#\/schema\/person\/53b9854bd790d6f18f3fc4bbb2ad7570\"},\"breadcrumb\":{\"@id\":\"https:\/\/news.sap.com\/sweden\/2021\/11\/fortsatt-gronmalning-eller-konkret-matning-av-foretagens-koldioxidavtryck\/#breadcrumb\"},\"inLanguage\":\"sv-SE\",\"potentialAction\":[{\"@type\":\"ReadAction\",\"target\":[\"https:\/\/news.sap.com\/sweden\/2021\/11\/fortsatt-gronmalning-eller-konkret-matning-av-foretagens-koldioxidavtryck\/\"]}]},{\"@type\":\"ImageObject\",\"inLanguage\":\"sv-SE\",\"@id\":\"https:\/\/news.sap.com\/sweden\/2021\/11\/fortsatt-gronmalning-eller-konkret-matning-av-foretagens-koldioxidavtryck\/#primaryimage\",\"url\":\"https:\/\/news.sap.com\/sweden\/files\/2021\/11\/18\/287197_GettyImages-12173550871980x600-1.jpg\",\"contentUrl\":\"https:\/\/news.sap.com\/sweden\/files\/2021\/11\/18\/287197_GettyImages-12173550871980x600-1.jpg\",\"width\":1980,\"height\":600},{\"@type\":\"BreadcrumbList\",\"@id\":\"https:\/\/news.sap.com\/sweden\/2021\/11\/fortsatt-gronmalning-eller-konkret-matning-av-foretagens-koldioxidavtryck\/#breadcrumb\",\"itemListElement\":[{\"@type\":\"ListItem\",\"position\":1,\"name\":\"Home\",\"item\":\"https:\/\/news.sap.com\/sweden\/\"},{\"@type\":\"ListItem\",\"position\":2,\"name\":\"Fortsatt gr\u00f6nm\u00e5lning eller konkret m\u00e4tning av f\u00f6retagens koldioxidavtryck?\"}]},{\"@type\":\"WebSite\",\"@id\":\"https:\/\/news.sap.com\/sweden\/#website\",\"url\":\"https:\/\/news.sap.com\/sweden\/\",\"name\":\"麻豆原创 Sweden Nyheter\",\"description\":\"Nyheter och information om 麻豆原创\",\"potentialAction\":[{\"@type\":\"SearchAction\",\"target\":{\"@type\":\"EntryPoint\",\"urlTemplate\":\"https:\/\/news.sap.com\/sweden\/?s={search_term_string}\"},\"query-input\":{\"@type\":\"PropertyValueSpecification\",\"valueRequired\":true,\"valueName\":\"search_term_string\"}}],\"inLanguage\":\"sv-SE\"},{\"@type\":\"Person\",\"@id\":\"https:\/\/news.sap.com\/sweden\/#\/schema\/person\/53b9854bd790d6f18f3fc4bbb2ad7570\",\"name\":\"麻豆原创 News\",\"image\":{\"@type\":\"ImageObject\",\"inLanguage\":\"sv-SE\",\"@id\":\"https:\/\/news.sap.com\/sweden\/#\/schema\/person\/image\/\",\"url\":\"https:\/\/news.sap.com\/sweden\/wp-content\/plugins\/wp-user-avatars\/wp-user-avatars\/assets\/images\/mystery.jpg\",\"contentUrl\":\"https:\/\/news.sap.com\/sweden\/wp-content\/plugins\/wp-user-avatars\/wp-user-avatars\/assets\/images\/mystery.jpg\",\"caption\":\"麻豆原创 News\"},\"url\":\"https:\/\/news.sap.com\/sweden\/author\/colleenraftery\/\"}]}<\/script>\n<!-- \/ Yoast SEO Premium plugin. -->","yoast_head_json":{"title":"Fortsatt gr\u00f6nm\u00e5lning eller konkret m\u00e4tning av f\u00f6retagens koldioxidavtryck? - 麻豆原创 Sweden Nyheter","robots":{"index":"index","follow":"follow","max-snippet":"max-snippet:-1","max-image-preview":"max-image-preview:large","max-video-preview":"max-video-preview:-1"},"canonical":"https:\/\/news.sap.com\/sweden\/2021\/11\/fortsatt-gronmalning-eller-konkret-matning-av-foretagens-koldioxidavtryck\/","og_locale":"sv_SE","og_type":"article","og_title":"Fortsatt gr\u00f6nm\u00e5lning eller konkret m\u00e4tning av f\u00f6retagens koldioxidavtryck?","og_description":"Tillsammans med 麻豆原创:s partner Women In Tech h\u00f6lls en partnerstr\u00e4ff f\u00f6r att diskutera m\u00e4tbar h\u00e5llbarhet p\u00e5 Stockholmskontoret. M\u00e5nga f\u00f6retag ber\u00e4ttar g\u00e4rna om sina gr\u00f6na initiativ...","og_url":"https:\/\/news.sap.com\/sweden\/2021\/11\/fortsatt-gronmalning-eller-konkret-matning-av-foretagens-koldioxidavtryck\/","og_site_name":"麻豆原创 Sweden Nyheter","article_published_time":"2021-11-18T17:32:33+00:00","article_modified_time":"2024-08-07T17:25:56+00:00","og_image":[{"width":1980,"height":600,"url":"https:\/\/news.sap.com\/sweden\/files\/2021\/11\/18\/287197_GettyImages-12173550871980x600-1.jpg","type":"image\/jpeg"}],"author":"麻豆原创 News","twitter_card":"summary_large_image","twitter_misc":{"Skriven av":"麻豆原创 News","Ber\u00e4knad l\u00e4stid":"2 minuter"},"schema":{"@context":"https:\/\/schema.org","@graph":[{"@type":"Article","@id":"https:\/\/news.sap.com\/sweden\/2021\/11\/fortsatt-gronmalning-eller-konkret-matning-av-foretagens-koldioxidavtryck\/#article","isPartOf":{"@id":"https:\/\/news.sap.com\/sweden\/2021\/11\/fortsatt-gronmalning-eller-konkret-matning-av-foretagens-koldioxidavtryck\/"},"author":{"name":"麻豆原创 News","@id":"https:\/\/news.sap.com\/sweden\/#\/schema\/person\/53b9854bd790d6f18f3fc4bbb2ad7570"},"headline":"Fortsatt gr\u00f6nm\u00e5lning eller konkret m\u00e4tning av f\u00f6retagens koldioxidavtryck?","datePublished":"2021-11-18T17:32:33+00:00","dateModified":"2024-08-07T17:25:56+00:00","mainEntityOfPage":{"@id":"https:\/\/news.sap.com\/sweden\/2021\/11\/fortsatt-gronmalning-eller-konkret-matning-av-foretagens-koldioxidavtryck\/"},"wordCount":377,"image":{"@id":"https:\/\/news.sap.com\/sweden\/2021\/11\/fortsatt-gronmalning-eller-konkret-matning-av-foretagens-koldioxidavtryck\/#primaryimage"},"thumbnailUrl":"https:\/\/news.sap.com\/sweden\/files\/2021\/11\/18\/287197_GettyImages-12173550871980x600-1.jpg","keywords":["Elin Eriksson","Emilie Solomon","h\u00e5llbarhet","sap","Tomas Hermansson","WIT"],"articleSection":["Ekosystem","Event"],"inLanguage":"sv-SE"},{"@type":"WebPage","@id":"https:\/\/news.sap.com\/sweden\/2021\/11\/fortsatt-gronmalning-eller-konkret-matning-av-foretagens-koldioxidavtryck\/","url":"https:\/\/news.sap.com\/sweden\/2021\/11\/fortsatt-gronmalning-eller-konkret-matning-av-foretagens-koldioxidavtryck\/","name":"Fortsatt gr\u00f6nm\u00e5lning eller konkret m\u00e4tning av f\u00f6retagens koldioxidavtryck? - 麻豆原创 Sweden Nyheter","isPartOf":{"@id":"https:\/\/news.sap.com\/sweden\/#website"},"primaryImageOfPage":{"@id":"https:\/\/news.sap.com\/sweden\/2021\/11\/fortsatt-gronmalning-eller-konkret-matning-av-foretagens-koldioxidavtryck\/#primaryimage"},"image":{"@id":"https:\/\/news.sap.com\/sweden\/2021\/11\/fortsatt-gronmalning-eller-konkret-matning-av-foretagens-koldioxidavtryck\/#primaryimage"},"thumbnailUrl":"https:\/\/news.sap.com\/sweden\/files\/2021\/11\/18\/287197_GettyImages-12173550871980x600-1.jpg","datePublished":"2021-11-18T17:32:33+00:00","dateModified":"2024-08-07T17:25:56+00:00","author":{"@id":"https:\/\/news.sap.com\/sweden\/#\/schema\/person\/53b9854bd790d6f18f3fc4bbb2ad7570"},"breadcrumb":{"@id":"https:\/\/news.sap.com\/sweden\/2021\/11\/fortsatt-gronmalning-eller-konkret-matning-av-foretagens-koldioxidavtryck\/#breadcrumb"},"inLanguage":"sv-SE","potentialAction":[{"@type":"ReadAction","target":["https:\/\/news.sap.com\/sweden\/2021\/11\/fortsatt-gronmalning-eller-konkret-matning-av-foretagens-koldioxidavtryck\/"]}]},{"@type":"ImageObject","inLanguage":"sv-SE","@id":"https:\/\/news.sap.com\/sweden\/2021\/11\/fortsatt-gronmalning-eller-konkret-matning-av-foretagens-koldioxidavtryck\/#primaryimage","url":"https:\/\/news.sap.com\/sweden\/files\/2021\/11\/18\/287197_GettyImages-12173550871980x600-1.jpg","contentUrl":"https:\/\/news.sap.com\/sweden\/files\/2021\/11\/18\/287197_GettyImages-12173550871980x600-1.jpg","width":1980,"height":600},{"@type":"BreadcrumbList","@id":"https:\/\/news.sap.com\/sweden\/2021\/11\/fortsatt-gronmalning-eller-konkret-matning-av-foretagens-koldioxidavtryck\/#breadcrumb","itemListElement":[{"@type":"ListItem","position":1,"name":"Home","item":"https:\/\/news.sap.com\/sweden\/"},{"@type":"ListItem","position":2,"name":"Fortsatt gr\u00f6nm\u00e5lning eller konkret m\u00e4tning av f\u00f6retagens koldioxidavtryck?"}]},{"@type":"WebSite","@id":"https:\/\/news.sap.com\/sweden\/#website","url":"https:\/\/news.sap.com\/sweden\/","name":"麻豆原创 Sweden Nyheter","description":"Nyheter och information om 麻豆原创","potentialAction":[{"@type":"SearchAction","target":{"@type":"EntryPoint","urlTemplate":"https:\/\/news.sap.com\/sweden\/?s={search_term_string}"},"query-input":{"@type":"PropertyValueSpecification","valueRequired":true,"valueName":"search_term_string"}}],"inLanguage":"sv-SE"},{"@type":"Person","@id":"https:\/\/news.sap.com\/sweden\/#\/schema\/person\/53b9854bd790d6f18f3fc4bbb2ad7570","name":"麻豆原创 News","image":{"@type":"ImageObject","inLanguage":"sv-SE","@id":"https:\/\/news.sap.com\/sweden\/#\/schema\/person\/image\/","url":"https:\/\/news.sap.com\/sweden\/wp-content\/plugins\/wp-user-avatars\/wp-user-avatars\/assets\/images\/mystery.jpg","contentUrl":"https:\/\/news.sap.com\/sweden\/wp-content\/plugins\/wp-user-avatars\/wp-user-avatars\/assets\/images\/mystery.jpg","caption":"麻豆原创 News"},"url":"https:\/\/news.sap.com\/sweden\/author\/colleenraftery\/"}]}},"amp_enabled":true,"_links":{"self":[{"href":"https:\/\/news.sap.com\/sweden\/wp-json\/wp\/v2\/posts\/3232","targetHints":{"allow":["GET"]}}],"collection":[{"href":"https:\/\/news.sap.com\/sweden\/wp-json\/wp\/v2\/posts"}],"about":[{"href":"https:\/\/news.sap.com\/sweden\/wp-json\/wp\/v2\/types\/post"}],"author":[{"embeddable":true,"href":"https:\/\/news.sap.com\/sweden\/wp-json\/wp\/v2\/users\/29"}],"replies":[{"embeddable":true,"href":"https:\/\/news.sap.com\/sweden\/wp-json\/wp\/v2\/comments?post=3232"}],"version-history":[{"count":0,"href":"https:\/\/news.sap.com\/sweden\/wp-json\/wp\/v2\/posts\/3232\/revisions"}],"wp:featuredmedia":[{"embeddable":true,"href":"https:\/\/news.sap.com\/sweden\/wp-json\/wp\/v2\/media\/3233"}],"wp:attachment":[{"href":"https:\/\/news.sap.com\/sweden\/wp-json\/wp\/v2\/media?parent=3232"}],"wp:term":[{"taxonomy":"category","embeddable":true,"href":"https:\/\/news.sap.com\/sweden\/wp-json\/wp\/v2\/categories?post=3232"},{"taxonomy":"post_tag","embeddable":true,"href":"https:\/\/news.sap.com\/sweden\/wp-json\/wp\/v2\/tags?post=3232"},{"taxonomy":"sapn-display","embeddable":true,"href":"https:\/\/news.sap.com\/sweden\/wp-json\/wp\/v2\/sapn-display?post=3232"},{"taxonomy":"sapn-type","embeddable":true,"href":"https:\/\/news.sap.com\/sweden\/wp-json\/wp\/v2\/sapn-type?post=3232"}],"curies":[{"name":"wp","href":"https:\/\/api.w.org\/{rel}","templated":true}]}}