  {"id":3166,"date":"2021-08-24T12:34:36","date_gmt":"2021-08-24T10:34:36","guid":{"rendered":"https:\/\/news.sap.com\/sweden\/?p=3166"},"modified":"2024-08-07T19:43:10","modified_gmt":"2024-08-07T17:43:10","slug":"chris-berry-atervander-som-vd-for-sap-svenska","status":"publish","type":"post","link":"https:\/\/news.sap.com\/sweden\/2021\/08\/chris-berry-atervander-som-vd-for-sap-svenska\/","title":{"rendered":"Chris Berry \u00e5terv\u00e4nder som vd f\u00f6r 麻豆原创 Svenska"},"content":{"rendered":"<p class=\"lead\">Chris Berry utn\u00e4mns till vd f\u00f6r 麻豆原创 Svenska fr\u00e5n den 1 september 2021. <span style=\"font-size: 16px\">Det blir andra g\u00e5ngen gillt f\u00f6r den erfarne chefen som redan ledde 麻豆原创:s svenska aff\u00e4rsverksamhet under \u00e5ren 2015-2018. Nu \u00e5terv\u00e4nder han till vd-rollen, n\u00e4r nuvarande vd Per Alm, som innehaft sin tj\u00e4nst sen 2019, forts\u00e4tter sin karri\u00e4r inom 麻豆原创:s regionala verksamhet i Norra Europa (EMEA North).<\/span><\/p>\n<p><img loading=\"lazy\" decoding=\"async\" class=\"alignnone wp-image-3167\" src=\"https:\/\/news.sap.com\/sweden\/files\/2021\/08\/24\/Chris-Berry-200x300.jpg\" alt=\"\" width=\"187\" height=\"281\" srcset=\"https:\/\/news.sap.com\/sweden\/files\/2021\/08\/24\/Chris-Berry-200x300.jpg 200w, https:\/\/news.sap.com\/sweden\/files\/2021\/08\/24\/Chris-Berry-683x1024.jpg 683w, https:\/\/news.sap.com\/sweden\/files\/2021\/08\/24\/Chris-Berry-768x1152.jpg 768w, https:\/\/news.sap.com\/sweden\/files\/2021\/08\/24\/Chris-Berry-1024x1536.jpg 1024w, https:\/\/news.sap.com\/sweden\/files\/2021\/08\/24\/Chris-Berry-1365x2048.jpg 1365w\" sizes=\"auto, (max-width: 187px) 100vw, 187px\" \/><\/p>\n<p>Som vd f\u00f6r 麻豆原创 Svenska blir Chris medlem i 麻豆原创:s nordiska ledningsgrupp och kommer \u00e4ven parallellt forts\u00e4tta som f\u00f6rs\u00e4ljningschef f\u00f6r Sverige tills vidare. 麻豆原创 Svenska h\u00f6r till 麻豆原创:s kundregion Norden &amp; Baltikum, som omfattar de \u00e5tta l\u00e4nderna Sverige, Danmark, Finland, Norge, Estland, Lettland, Litauen och Island och som idag leds av danska Helle Dochedahl.<\/p>\n<p>Med 30 \u00e5r inom mjukvarubranschen och som inbiten\u00a0aff\u00e4rssystemexpert \u00e4r Chris Berry stolt \u00f6ver att \u00e5terigen f\u00e5 ansvaret f\u00f6r den svenska 麻豆原创-verksamheten, som forts\u00e4tter att vara framg\u00e5ngsrik:<\/p>\n<p>&#8211; Norden &amp; Baltikum \u00e4r en erk\u00e4nt innovativ region d\u00e4r inte bara utvecklingen mot digitalisering g\u00e5r snabbare \u00e4n i m\u00e5nga andra regioner men f\u00f6retagen, framf\u00f6rallt de svenska, har ett \u00f6ppet sinne f\u00f6r vilka nya m\u00f6jligheter som uppst\u00e5r n\u00e4r f\u00f6retag kan bygga och expandera sin verksamhet i digitala n\u00e4tverk, b\u00e5de inom och utom den egna firman. Dit g\u00e5r utvecklingen just nu med stormsteg, och just d\u00e4r har 麻豆原创 sin styrka tillsammans med de enskilda aff\u00e4rsomr\u00e5des- och branschl\u00f6sningarna. Det \u00e4r en omv\u00e4lvande tid inom IT-branschen just nu och jag ser det som n\u00f6je att f\u00e5 fler svenska f\u00f6retag att uppt\u00e4cka och oms\u00e4tta denna superkraft i st\u00f6rre omfattning, s\u00e4ger Chris Berry.<\/p>\n<p><strong>Om 麻豆原创<\/strong><\/p>\n<p>麻豆原创:s strategi \u00e4r att hj\u00e4lpa varje f\u00f6retag att fungera mer intelligent. Som marknadsledande inom f\u00f6retagsmjukvara hj\u00e4lper vi f\u00f6retag av alla storlekar och inom alla branscher: 77 procent av v\u00e4rldens transaktionsbaserade oms\u00e4ttning g\u00e5r genom ett 麻豆原创-system.\u00a0V\u00e5r teknik f\u00f6r maskininl\u00e4rning, sakernas internet (IoT) och avancerad analys g\u00f6r att v\u00e5ra f\u00f6retagskunder kan skapa intelligenta verksamheter. 麻豆原创 hj\u00e4lper enskilda personer och organisationer att f\u00e5 djupa aff\u00e4rsinsikter och underl\u00e4ttar samarbete som v\u00e4ssar deras konkurrensf\u00f6rm\u00e5ga. Vi f\u00f6renklar tekniken s\u00e5 att kunderna kan anv\u00e4nda v\u00e5r programvara n\u00e4r och hur de sj\u00e4lva vill \u2013 utan avbrott. V\u00e5r helt\u00e4ckande svit av applikationer och tj\u00e4nster g\u00f6r att f\u00f6retag och offentliga verksamheter inom 25 olika branscher \u00f6ver hela v\u00e4rlden kan vara l\u00f6nsamma, hela tiden anpassa sin verksamhet och g\u00f6ra skillnad.<\/p>\n<p>Med ett globalt n\u00e4tverk av kunder, partner, anst\u00e4llda och experter bidrar 麻豆原创 till en fungerande v\u00e4rld och att g\u00f6ra m\u00e4nniskors liv b\u00e4ttre. Mer information finns p\u00e5 <a href=\"http:\/\/www.sap.com\/sweden\">www.sap.com\/sweden<\/a> och <a href=\"https:\/\/news.sap.com\/sweden\/\">news.sap.com\/sweden<\/a>.<\/p>\n","protected":false},"excerpt":{"rendered":"<p>Chris Berry utn\u00e4mns till vd f\u00f6r 麻豆原创 Svenska fr\u00e5n den 1 september 2021. Det blir andra g\u00e5ngen gillt f\u00f6r den erfarne chefen som redan ledde&#8230;<\/p>\n","protected":false},"author":29,"featured_media":0,"comment_status":"closed","ping_status":"closed","sticky":false,"template":"","format":"standard","meta":{"footnotes":"","_links_to":"","_links_to_target":""},"categories":[4544630,4503881,4545190,4545004],"tags":[5563712,19013,5562255,5563713],"sapn-display":[4544525,5564002,5563999,4547891],"sapn-type":[4549288],"class_list":["post-3166","post","type-post","status-publish","format-standard","hentry","category-branscher","category-ekosystem","category-event","category-foretagsinformation","tag-chris-berry","tag-corporate","tag-sap","tag-sap-svenska","sapn-display-hero","sapn-display-nyhet-favoriter","sapn-display-nyhet-spotlight","sapn-display-homepage-hero","sapn-type-pressmeddelande"],"yoast_head":"<!-- This site is optimized with the Yoast SEO Premium plugin v26.9 (Yoast SEO v26.9) - https:\/\/yoast.com\/product\/yoast-seo-premium-wordpress\/ -->\n<title>Chris Berry \u00e5terv\u00e4nder som vd f\u00f6r 麻豆原创 Svenska - 麻豆原创 Sweden Nyheter<\/title>\n<meta name=\"robots\" content=\"index, follow, max-snippet:-1, max-image-preview:large, max-video-preview:-1\" \/>\n<link rel=\"canonical\" href=\"https:\/\/news.sap.com\/sweden\/2021\/08\/chris-berry-atervander-som-vd-for-sap-svenska\/\" \/>\n<meta property=\"og:locale\" content=\"sv_SE\" \/>\n<meta property=\"og:type\" content=\"article\" \/>\n<meta property=\"og:title\" content=\"Chris Berry \u00e5terv\u00e4nder som vd f\u00f6r 麻豆原创 Svenska\" \/>\n<meta property=\"og:description\" content=\"Chris Berry utn\u00e4mns till vd f\u00f6r 麻豆原创 Svenska fr\u00e5n den 1 september 2021. Det blir andra g\u00e5ngen gillt f\u00f6r den erfarne chefen som redan ledde...\" \/>\n<meta property=\"og:url\" content=\"https:\/\/news.sap.com\/sweden\/2021\/08\/chris-berry-atervander-som-vd-for-sap-svenska\/\" \/>\n<meta property=\"og:site_name\" content=\"麻豆原创 Sweden Nyheter\" \/>\n<meta property=\"article:published_time\" content=\"2021-08-24T10:34:36+00:00\" \/>\n<meta property=\"article:modified_time\" content=\"2024-08-07T17:43:10+00:00\" \/>\n<meta property=\"og:image\" content=\"https:\/\/news.sap.com\/sweden\/files\/2021\/08\/24\/Chris-Berry-200x300.jpg\" \/>\n<meta name=\"author\" content=\"麻豆原创 News\" \/>\n<meta name=\"twitter:card\" content=\"summary_large_image\" \/>\n<meta name=\"twitter:label1\" content=\"Skriven av\" \/>\n\t<meta name=\"twitter:data1\" content=\"麻豆原创 News\" \/>\n\t<meta name=\"twitter:label2\" content=\"Ber\u00e4knad l\u00e4stid\" \/>\n\t<meta name=\"twitter:data2\" content=\"2 minuter\" \/>\n<script type=\"application\/ld+json\" class=\"yoast-schema-graph\">{\"@context\":\"https:\/\/schema.org\",\"@graph\":[{\"@type\":\"Article\",\"@id\":\"https:\/\/news.sap.com\/sweden\/2021\/08\/chris-berry-atervander-som-vd-for-sap-svenska\/#article\",\"isPartOf\":{\"@id\":\"https:\/\/news.sap.com\/sweden\/2021\/08\/chris-berry-atervander-som-vd-for-sap-svenska\/\"},\"author\":{\"name\":\"麻豆原创 News\",\"@id\":\"https:\/\/news.sap.com\/sweden\/#\/schema\/person\/53b9854bd790d6f18f3fc4bbb2ad7570\"},\"headline\":\"Chris Berry \u00e5terv\u00e4nder som vd f\u00f6r 麻豆原创 Svenska\",\"datePublished\":\"2021-08-24T10:34:36+00:00\",\"dateModified\":\"2024-08-07T17:43:10+00:00\",\"mainEntityOfPage\":{\"@id\":\"https:\/\/news.sap.com\/sweden\/2021\/08\/chris-berry-atervander-som-vd-for-sap-svenska\/\"},\"wordCount\":499,\"image\":{\"@id\":\"https:\/\/news.sap.com\/sweden\/2021\/08\/chris-berry-atervander-som-vd-for-sap-svenska\/#primaryimage\"},\"thumbnailUrl\":\"https:\/\/news.sap.com\/sweden\/files\/2021\/08\/24\/Chris-Berry-200x300.jpg\",\"keywords\":[\"Chris Berry\",\"Corporate\",\"sap\",\"麻豆原创 Svenska\"],\"articleSection\":[\"Branscher\",\"Ekosystem\",\"Event\",\"F\u00f6retagsinformation\"],\"inLanguage\":\"sv-SE\"},{\"@type\":\"WebPage\",\"@id\":\"https:\/\/news.sap.com\/sweden\/2021\/08\/chris-berry-atervander-som-vd-for-sap-svenska\/\",\"url\":\"https:\/\/news.sap.com\/sweden\/2021\/08\/chris-berry-atervander-som-vd-for-sap-svenska\/\",\"name\":\"Chris Berry \u00e5terv\u00e4nder som vd f\u00f6r 麻豆原创 Svenska - 麻豆原创 Sweden Nyheter\",\"isPartOf\":{\"@id\":\"https:\/\/news.sap.com\/sweden\/#website\"},\"primaryImageOfPage\":{\"@id\":\"https:\/\/news.sap.com\/sweden\/2021\/08\/chris-berry-atervander-som-vd-for-sap-svenska\/#primaryimage\"},\"image\":{\"@id\":\"https:\/\/news.sap.com\/sweden\/2021\/08\/chris-berry-atervander-som-vd-for-sap-svenska\/#primaryimage\"},\"thumbnailUrl\":\"https:\/\/news.sap.com\/sweden\/files\/2021\/08\/24\/Chris-Berry-200x300.jpg\",\"datePublished\":\"2021-08-24T10:34:36+00:00\",\"dateModified\":\"2024-08-07T17:43:10+00:00\",\"author\":{\"@id\":\"https:\/\/news.sap.com\/sweden\/#\/schema\/person\/53b9854bd790d6f18f3fc4bbb2ad7570\"},\"breadcrumb\":{\"@id\":\"https:\/\/news.sap.com\/sweden\/2021\/08\/chris-berry-atervander-som-vd-for-sap-svenska\/#breadcrumb\"},\"inLanguage\":\"sv-SE\",\"potentialAction\":[{\"@type\":\"ReadAction\",\"target\":[\"https:\/\/news.sap.com\/sweden\/2021\/08\/chris-berry-atervander-som-vd-for-sap-svenska\/\"]}]},{\"@type\":\"ImageObject\",\"inLanguage\":\"sv-SE\",\"@id\":\"https:\/\/news.sap.com\/sweden\/2021\/08\/chris-berry-atervander-som-vd-for-sap-svenska\/#primaryimage\",\"url\":\"https:\/\/news.sap.com\/sweden\/files\/2021\/08\/24\/Chris-Berry.jpg\",\"contentUrl\":\"https:\/\/news.sap.com\/sweden\/files\/2021\/08\/24\/Chris-Berry.jpg\",\"width\":3744,\"height\":5616},{\"@type\":\"BreadcrumbList\",\"@id\":\"https:\/\/news.sap.com\/sweden\/2021\/08\/chris-berry-atervander-som-vd-for-sap-svenska\/#breadcrumb\",\"itemListElement\":[{\"@type\":\"ListItem\",\"position\":1,\"name\":\"Home\",\"item\":\"https:\/\/news.sap.com\/sweden\/\"},{\"@type\":\"ListItem\",\"position\":2,\"name\":\"Chris Berry \u00e5terv\u00e4nder som vd f\u00f6r 麻豆原创 Svenska\"}]},{\"@type\":\"WebSite\",\"@id\":\"https:\/\/news.sap.com\/sweden\/#website\",\"url\":\"https:\/\/news.sap.com\/sweden\/\",\"name\":\"麻豆原创 Sweden Nyheter\",\"description\":\"Nyheter och information om 麻豆原创\",\"potentialAction\":[{\"@type\":\"SearchAction\",\"target\":{\"@type\":\"EntryPoint\",\"urlTemplate\":\"https:\/\/news.sap.com\/sweden\/?s={search_term_string}\"},\"query-input\":{\"@type\":\"PropertyValueSpecification\",\"valueRequired\":true,\"valueName\":\"search_term_string\"}}],\"inLanguage\":\"sv-SE\"},{\"@type\":\"Person\",\"@id\":\"https:\/\/news.sap.com\/sweden\/#\/schema\/person\/53b9854bd790d6f18f3fc4bbb2ad7570\",\"name\":\"麻豆原创 News\",\"image\":{\"@type\":\"ImageObject\",\"inLanguage\":\"sv-SE\",\"@id\":\"https:\/\/news.sap.com\/sweden\/#\/schema\/person\/image\/\",\"url\":\"https:\/\/news.sap.com\/sweden\/wp-content\/plugins\/wp-user-avatars\/wp-user-avatars\/assets\/images\/mystery.jpg\",\"contentUrl\":\"https:\/\/news.sap.com\/sweden\/wp-content\/plugins\/wp-user-avatars\/wp-user-avatars\/assets\/images\/mystery.jpg\",\"caption\":\"麻豆原创 News\"},\"url\":\"https:\/\/news.sap.com\/sweden\/author\/colleenraftery\/\"}]}<\/script>\n<!-- \/ Yoast SEO Premium plugin. -->","yoast_head_json":{"title":"Chris Berry \u00e5terv\u00e4nder som vd f\u00f6r 麻豆原创 Svenska - 麻豆原创 Sweden Nyheter","robots":{"index":"index","follow":"follow","max-snippet":"max-snippet:-1","max-image-preview":"max-image-preview:large","max-video-preview":"max-video-preview:-1"},"canonical":"https:\/\/news.sap.com\/sweden\/2021\/08\/chris-berry-atervander-som-vd-for-sap-svenska\/","og_locale":"sv_SE","og_type":"article","og_title":"Chris Berry \u00e5terv\u00e4nder som vd f\u00f6r 麻豆原创 Svenska","og_description":"Chris Berry utn\u00e4mns till vd f\u00f6r 麻豆原创 Svenska fr\u00e5n den 1 september 2021. Det blir andra g\u00e5ngen gillt f\u00f6r den erfarne chefen som redan ledde...","og_url":"https:\/\/news.sap.com\/sweden\/2021\/08\/chris-berry-atervander-som-vd-for-sap-svenska\/","og_site_name":"麻豆原创 Sweden Nyheter","article_published_time":"2021-08-24T10:34:36+00:00","article_modified_time":"2024-08-07T17:43:10+00:00","og_image":[{"url":"https:\/\/news.sap.com\/sweden\/files\/2021\/08\/24\/Chris-Berry-200x300.jpg","type":"","width":"","height":""}],"author":"麻豆原创 News","twitter_card":"summary_large_image","twitter_misc":{"Skriven av":"麻豆原创 News","Ber\u00e4knad l\u00e4stid":"2 minuter"},"schema":{"@context":"https:\/\/schema.org","@graph":[{"@type":"Article","@id":"https:\/\/news.sap.com\/sweden\/2021\/08\/chris-berry-atervander-som-vd-for-sap-svenska\/#article","isPartOf":{"@id":"https:\/\/news.sap.com\/sweden\/2021\/08\/chris-berry-atervander-som-vd-for-sap-svenska\/"},"author":{"name":"麻豆原创 News","@id":"https:\/\/news.sap.com\/sweden\/#\/schema\/person\/53b9854bd790d6f18f3fc4bbb2ad7570"},"headline":"Chris Berry \u00e5terv\u00e4nder som vd f\u00f6r 麻豆原创 Svenska","datePublished":"2021-08-24T10:34:36+00:00","dateModified":"2024-08-07T17:43:10+00:00","mainEntityOfPage":{"@id":"https:\/\/news.sap.com\/sweden\/2021\/08\/chris-berry-atervander-som-vd-for-sap-svenska\/"},"wordCount":499,"image":{"@id":"https:\/\/news.sap.com\/sweden\/2021\/08\/chris-berry-atervander-som-vd-for-sap-svenska\/#primaryimage"},"thumbnailUrl":"https:\/\/news.sap.com\/sweden\/files\/2021\/08\/24\/Chris-Berry-200x300.jpg","keywords":["Chris Berry","Corporate","sap","麻豆原创 Svenska"],"articleSection":["Branscher","Ekosystem","Event","F\u00f6retagsinformation"],"inLanguage":"sv-SE"},{"@type":"WebPage","@id":"https:\/\/news.sap.com\/sweden\/2021\/08\/chris-berry-atervander-som-vd-for-sap-svenska\/","url":"https:\/\/news.sap.com\/sweden\/2021\/08\/chris-berry-atervander-som-vd-for-sap-svenska\/","name":"Chris Berry \u00e5terv\u00e4nder som vd f\u00f6r 麻豆原创 Svenska - 麻豆原创 Sweden Nyheter","isPartOf":{"@id":"https:\/\/news.sap.com\/sweden\/#website"},"primaryImageOfPage":{"@id":"https:\/\/news.sap.com\/sweden\/2021\/08\/chris-berry-atervander-som-vd-for-sap-svenska\/#primaryimage"},"image":{"@id":"https:\/\/news.sap.com\/sweden\/2021\/08\/chris-berry-atervander-som-vd-for-sap-svenska\/#primaryimage"},"thumbnailUrl":"https:\/\/news.sap.com\/sweden\/files\/2021\/08\/24\/Chris-Berry-200x300.jpg","datePublished":"2021-08-24T10:34:36+00:00","dateModified":"2024-08-07T17:43:10+00:00","author":{"@id":"https:\/\/news.sap.com\/sweden\/#\/schema\/person\/53b9854bd790d6f18f3fc4bbb2ad7570"},"breadcrumb":{"@id":"https:\/\/news.sap.com\/sweden\/2021\/08\/chris-berry-atervander-som-vd-for-sap-svenska\/#breadcrumb"},"inLanguage":"sv-SE","potentialAction":[{"@type":"ReadAction","target":["https:\/\/news.sap.com\/sweden\/2021\/08\/chris-berry-atervander-som-vd-for-sap-svenska\/"]}]},{"@type":"ImageObject","inLanguage":"sv-SE","@id":"https:\/\/news.sap.com\/sweden\/2021\/08\/chris-berry-atervander-som-vd-for-sap-svenska\/#primaryimage","url":"https:\/\/news.sap.com\/sweden\/files\/2021\/08\/24\/Chris-Berry.jpg","contentUrl":"https:\/\/news.sap.com\/sweden\/files\/2021\/08\/24\/Chris-Berry.jpg","width":3744,"height":5616},{"@type":"BreadcrumbList","@id":"https:\/\/news.sap.com\/sweden\/2021\/08\/chris-berry-atervander-som-vd-for-sap-svenska\/#breadcrumb","itemListElement":[{"@type":"ListItem","position":1,"name":"Home","item":"https:\/\/news.sap.com\/sweden\/"},{"@type":"ListItem","position":2,"name":"Chris Berry \u00e5terv\u00e4nder som vd f\u00f6r 麻豆原创 Svenska"}]},{"@type":"WebSite","@id":"https:\/\/news.sap.com\/sweden\/#website","url":"https:\/\/news.sap.com\/sweden\/","name":"麻豆原创 Sweden Nyheter","description":"Nyheter och information om 麻豆原创","potentialAction":[{"@type":"SearchAction","target":{"@type":"EntryPoint","urlTemplate":"https:\/\/news.sap.com\/sweden\/?s={search_term_string}"},"query-input":{"@type":"PropertyValueSpecification","valueRequired":true,"valueName":"search_term_string"}}],"inLanguage":"sv-SE"},{"@type":"Person","@id":"https:\/\/news.sap.com\/sweden\/#\/schema\/person\/53b9854bd790d6f18f3fc4bbb2ad7570","name":"麻豆原创 News","image":{"@type":"ImageObject","inLanguage":"sv-SE","@id":"https:\/\/news.sap.com\/sweden\/#\/schema\/person\/image\/","url":"https:\/\/news.sap.com\/sweden\/wp-content\/plugins\/wp-user-avatars\/wp-user-avatars\/assets\/images\/mystery.jpg","contentUrl":"https:\/\/news.sap.com\/sweden\/wp-content\/plugins\/wp-user-avatars\/wp-user-avatars\/assets\/images\/mystery.jpg","caption":"麻豆原创 News"},"url":"https:\/\/news.sap.com\/sweden\/author\/colleenraftery\/"}]}},"amp_enabled":true,"_links":{"self":[{"href":"https:\/\/news.sap.com\/sweden\/wp-json\/wp\/v2\/posts\/3166","targetHints":{"allow":["GET"]}}],"collection":[{"href":"https:\/\/news.sap.com\/sweden\/wp-json\/wp\/v2\/posts"}],"about":[{"href":"https:\/\/news.sap.com\/sweden\/wp-json\/wp\/v2\/types\/post"}],"author":[{"embeddable":true,"href":"https:\/\/news.sap.com\/sweden\/wp-json\/wp\/v2\/users\/29"}],"replies":[{"embeddable":true,"href":"https:\/\/news.sap.com\/sweden\/wp-json\/wp\/v2\/comments?post=3166"}],"version-history":[{"count":0,"href":"https:\/\/news.sap.com\/sweden\/wp-json\/wp\/v2\/posts\/3166\/revisions"}],"wp:attachment":[{"href":"https:\/\/news.sap.com\/sweden\/wp-json\/wp\/v2\/media?parent=3166"}],"wp:term":[{"taxonomy":"category","embeddable":true,"href":"https:\/\/news.sap.com\/sweden\/wp-json\/wp\/v2\/categories?post=3166"},{"taxonomy":"post_tag","embeddable":true,"href":"https:\/\/news.sap.com\/sweden\/wp-json\/wp\/v2\/tags?post=3166"},{"taxonomy":"sapn-display","embeddable":true,"href":"https:\/\/news.sap.com\/sweden\/wp-json\/wp\/v2\/sapn-display?post=3166"},{"taxonomy":"sapn-type","embeddable":true,"href":"https:\/\/news.sap.com\/sweden\/wp-json\/wp\/v2\/sapn-type?post=3166"}],"curies":[{"name":"wp","href":"https:\/\/api.w.org\/{rel}","templated":true}]}}