  {"id":3158,"date":"2021-07-15T08:00:53","date_gmt":"2021-07-15T06:00:53","guid":{"rendered":"https:\/\/news.sap.com\/sweden\/?p=3158"},"modified":"2024-08-07T19:25:40","modified_gmt":"2024-08-07T17:25:40","slug":"digitala-covidintyg-forenklar-resor-inom-eu","status":"publish","type":"post","link":"https:\/\/news.sap.com\/sweden\/2021\/07\/digitala-covidintyg-forenklar-resor-inom-eu\/","title":{"rendered":"Digitala covidintyg f\u00f6renklar resor inom EU"},"content":{"rendered":"<p class=\"lead\">Europeiska kommissionen anlitade 麻豆原创 och T-Systems f\u00f6r att snabbt f\u00e5 fram den tekniska infrastruktur som ligger bakom de nya digitala covidintygen.\u00a0Lanseringen den 1 juli var ett viktigt steg mot att normalisera den fria r\u00f6rligheten inom hela EU.<\/p>\n<p>F\u00f6r att se till att vaccincertifikaten inte kan f\u00f6rfalskas har 麻豆原创 och T-Systems utvecklat en s\u00e5 kallad digital gateway. Publika nycklar byts ut mellan nationella datorsystem via den gateway som EU-kommissionen har i Luxemburg. Nycklarna j\u00e4mf\u00f6rs sedan varje g\u00e5ng som certifikatet kontrolleras.<\/p>\n<p>Efter mindre \u00e4n tv\u00e5 m\u00e5naders utvecklingstid togs tekniken bakom de digitala covidintygen i drift den 1 juli 2021. Projektet visar hur teknik kan bidra till att vi kan f\u00e5 tillbaka ett mer normalt vardagsliv genom att medlemsl\u00e4nderna kan \u00e5terinf\u00f6ra en st\u00f6rre r\u00f6relsefrihet p\u00e5 ett s\u00e4kert, ansvarsfullt och p\u00e5litligt s\u00e4tt.<\/p>\n<p>F\u00f6rutom gatewayen har 麻豆原创 och T-Systems ocks\u00e5 utvecklat referensprogramvara och appar som Europeiska kommissionen gjort tillg\u00e4nglig f\u00f6r medlemsl\u00e4nderna. Tekniken finns som \u00f6ppen k\u00e4llkodsprogramvara p\u00e5 <a href=\"https:\/\/github.com\/eu-digital-green-certificates\">GitHub<\/a> och k\u00e4llkoden \u00e4r \u00f6ppen f\u00f6r alla. Det g\u00f6r att allm\u00e4nheten och experter kan se appkoden, kontrollera hur den fungerar och l\u00e4gga fram egna f\u00f6rslag p\u00e5 f\u00f6rb\u00e4ttringar.<\/p>\n<p><strong>S\u00e5 h\u00e4r fungerar EU:s digitala covidintyg<\/strong><strong>\u00a0<\/strong><\/p>\n<p><a href=\"https:\/\/ec.europa.eu\/info\/live-work-travel-eu\/coronavirus-response\/safe-covid-19-vaccines-europeans\/eu-digital-covid-certificate_sv\">EU:s digitala covidintyg<\/a> g\u00f6r att resen\u00e4rer kan anv\u00e4nda en QR-kod f\u00f6r att bevisa att de antingen har vaccinerats, nyligen testats negativa eller helt \u00e5terh\u00e4mtat sig fr\u00e5n coronaviruset. QR-koden lagras p\u00e5 smarta mobiler eller skrivs ut p\u00e5 papper och accepteras i alla EU-l\u00e4nder. Intygen \u00e4r ocks\u00e5 giltiga i Norge, Island och Lichtenstein och snart i Schweiz. De ers\u00e4tter dock inte pass eller nationella identitetskort.<\/p>\n<p><strong>\u00a0<\/strong>Genom att anv\u00e4nda en motsvarande testapp och l\u00e4sare kan flygplatser, myndigheter, hotell och evenemangsarrang\u00f6rer snabbt och enkelt kontrollera en persons status genom att skanna QR-koden. Myndigheterna kan snabbt verifiera att ett vaccinintyg \u00e4r giltigt.<\/p>\n<p><strong>Dataskydd och datas\u00e4kerhet<\/strong><\/p>\n<p>Inom EU hanterar den allm\u00e4nna dataskyddsf\u00f6rordningen (GDPR) dataskydd och datas\u00e4kerhet. Fr\u00e5gor som hade h\u00f6gsta prioritet under utvecklingen av de digitala covidintygen.<\/p>\n<p>Decentraliserad datalagring f\u00f6rhindrar att information anv\u00e4nds p\u00e5 ett felaktigt s\u00e4tt. Till exempel kombineras aldrig krypterad data p\u00e5 en central server utan den lagras lokalt i form av en genererad QR-kod i en smart mobil eller tryckt p\u00e5 papper. Inga personuppgifter utbyts eller lagras n\u00e4r du l\u00e4ser en QR-kod. Det g\u00f6r ocks\u00e5 att verifieringen kan g\u00f6ras \u00e4ven n\u00e4r mobilen inte \u00e4r uppkopplad till internet.<\/p>\n<p>I enlighet med GDPR samlas minsta m\u00f6jliga m\u00e4ngd data in. Bara information som namn, f\u00f6delsedatum och utf\u00e4rdandedatum anv\u00e4nds samt typ av vaccin och vaccinationsdatum. F\u00f6r att verifiera att covidintyget \u00e4r giltigt kontrollerar den digitala gatewayen \u00e4ktheten hos de nationella signaturerna utan att \u00f6verf\u00f6ra n\u00e5gon data alls.<\/p>\n<p>&nbsp;<\/p>\n<p><strong>Tre fr\u00e5gor till Johannes Bahrke, koordinerande talesperson f\u00f6r digital ekonomi, forskning och innovation vid EU-kommissionen<\/strong><\/p>\n<p><strong>EU:s digitala covidintyg utvecklades och lanserades p\u00e5 mycket kort tid. Vilka var nyckelfaktorerna f\u00f6r att det skulle lyckas?<\/strong><\/p>\n<p>Den viktigaste framg\u00e5ngsfaktorn f\u00f6r EU:s digitala covidintyg \u00e4r engagemanget och det utm\u00e4rkta samarbetet mellan alla inblandade. Det var tydligt redan fr\u00e5n b\u00f6rjan att om vi vill ha EU-certifikatet p\u00e5 plats till sommaren m\u00e5ste vi agera snabbt. De f\u00f6rsta diskussionerna mellan tj\u00e4nstem\u00e4n fr\u00e5n EU-l\u00e4nderna inleddes i november 2020, redan innan vaccinationerna b\u00f6rjade. I mars presenterade sedan kommissionen sitt r\u00e4ttsliga f\u00f6rslag om att g\u00f6ra certifikatet till en r\u00e4ttighet f\u00f6r alla europ\u00e9er eftersom fri r\u00f6rlighet \u00e4r en grundl\u00e4ggande del inom EU.<\/p>\n<p>Europaparlamentet och medlemsstaterna antog lagtexten p\u00e5 rekordtid och parallellt b\u00f6rjade det tekniska arbetet med gateway, referensappar och tekniska specifikationer. H\u00e4r hj\u00e4lpte det verkligen att 麻豆原创, T-Systems, EU-kommissionen och nationella myndigheter kunde bygga vidare p\u00e5 sin gemensamma erfarenhet av att skapa teknik f\u00f6r sp\u00e5rningsappar. Samtidigt rullade EU-l\u00e4nderna ut sina egna nationella system och appar f\u00f6r covidintyg. En m\u00e5nad f\u00f6re slutdatum kunde gatewayen kopplas p\u00e5. 21 l\u00e4nder kunde redan innan den 1 juli skapa \u00f6ver 200 miljoner EU-certifikat och det \u00e4r verkligen ett anm\u00e4rkningsv\u00e4rt resultat.<\/p>\n<p>&nbsp;<\/p>\n<p><strong>Vilken roll har digital teknik f\u00f6r att hantera framtida pandemier? <\/strong><\/p>\n<p>Digital teknik har spelat en avg\u00f6rande roll under denna pandemi. Naturligtvis \u00e4r teknik nyckeln f\u00f6r att l\u00e4ra, arbeta och h\u00e5lla kontakten och d\u00e4rf\u00f6r \u00e4r det viktigt att v\u00e5ra uppkopplingar \u00e4r stabila och s\u00e4kra. Fler m\u00e4nniskor har handlat p\u00e5 n\u00e4tet under det senaste \u00e5ret s\u00e5 det \u00e4r viktigt att de skyddas mot bedr\u00e4gerier och olagligt inneh\u00e5ll. Men pandemin visade ocks\u00e5 hur digital teknik kan leda till nya m\u00f6jligheter och ge ett konkret merv\u00e4rde till medborgarna \u2013 oavsett om det handlar om sp\u00e5rningsappar som \u00e4r anslutna via en gateway \u00f6ver hela EU eller EU:s digitala covidintyg som ger europ\u00e9erna ett enkelt och s\u00e4kert bevis p\u00e5 deras covidh\u00e4lsostatus, samtidigt som man respekterar viktiga EU-v\u00e4rden som integritet och inkludering.<\/p>\n<p>Myndigheterna kan nu ocks\u00e5 modellera spridningen och effekterna av \u00e5tg\u00e4rder genom aggregerad och anonymiserad mobildata. Forskare anv\u00e4nde superdatorer f\u00f6r att j\u00e4mf\u00f6ra digitala modeller av virusets proteiner f\u00f6r att matcha dem med en databas \u00f6ver befintliga l\u00e4kemedel. Vi ska ocks\u00e5 komma ih\u00e5g de \u00f6ver 200 desinfektionsrobotar som kommissionen levererade till europeiska sjukhus.<\/p>\n<p>Nackdelen med att digitaliseringen har \u00f6kat snabbt under denna pandemi \u00e4r en kraftigt \u00f6kad m\u00e4ngd desinformation och cyberattacker. Det \u00e4r en stor utmaning f\u00f6r v\u00e5ra samh\u00e4llen som kr\u00e4ver s\u00e4rskild uppm\u00e4rksamhet och en kraftfull respons.<\/p>\n<p>&nbsp;<\/p>\n<p><strong>Hur har <\/strong><a href=\"https:\/\/news.sap.com\/covid-19\/\"><strong>Covid-19-pandemin<\/strong><\/a><strong> p\u00e5verkat EU:s digitaliseringsstrategi?<\/strong><\/p>\n<p>Europeiska kommissionen under ledning av president Ursula von der Leyen har gjort den dubbla gr\u00f6na och digitala \u00f6verg\u00e5ngen till en k\u00e4rnfr\u00e5ga. D\u00e4r ser vi nu regleringen av stora onlineplattformar, det allra f\u00f6rsta regelverket f\u00f6r artificiell intelligens (AI), en digital identitet f\u00f6r alla europ\u00e9er, en inre marknad f\u00f6r data och motst\u00e5ndskraft mot cyberattacker. De \u00e4r allesamman viktiga digitala prioriteringar.<\/p>\n<p>Men det \u00e4r sant att pandemin fungerade som en katalysator. Den visade hur viktigt det \u00e4r med digital teknik och kunskap f\u00f6r att kunna arbeta, studera och h\u00e5lla kontakten och har ocks\u00e5 pekat p\u00e5 var Europa beh\u00f6ver f\u00f6rb\u00e4ttras. Vi talar om \u201dEuropas digitala decennium\u201d f\u00f6r att lyfta fram att det nu \u00e4r dags f\u00f6r n\u00f6dv\u00e4ndiga investeringar f\u00f6r att genomf\u00f6ra den digitala \u00f6verg\u00e5ngen och investera i infrastruktur, digital kompetens, digital omvandling av f\u00f6retag och offentliga f\u00f6rvaltningar. Vi har lagt fram konkreta m\u00e5l som vi vill n\u00e5 fram till 2030. Och med NextGenerationEU, EU:s \u00e5tervinningsprogram p\u00e5 750 miljarder euro, har vi ocks\u00e5 de ekonomiska medlen. Varje EU-land m\u00e5ste investera minst 20 procent av \u00e5tervinningsfonderna i digitala l\u00f6sningar.<\/p>\n<p>Digital teknik har varit avg\u00f6rande f\u00f6r att uppr\u00e4tth\u00e5lla ett ekonomiskt och socialt liv under hela pandemin. Nu kommer den att vara en nyckelfaktor f\u00f6r att g\u00e5 \u00f6ver till en h\u00e5llbar ekonomi och skapa ett mer h\u00e5llbart samh\u00e4lle.<\/p>\n<p><a href=\"https:\/\/news.sap.com\/2021\/07\/digital-covid-certificate-eu-travel\/\">Klicka h\u00e4r f\u00f6r att l\u00e4sa hela texten p\u00e5 engelska.<\/a><\/p>\n<p>F\u00f6lj 麻豆原创 p\u00e5 Twitter: <a href=\"http:\/\/twitter.com\/sapnews\/\">@麻豆原创News<\/a>.<\/p>\n<p>&nbsp;<\/p>\n<p><strong>Om 麻豆原创<\/strong><\/p>\n<p>麻豆原创:s strategi \u00e4r att hj\u00e4lpa varje f\u00f6retag att fungera mer intelligent. Som marknadsledande inom f\u00f6retagsmjukvara hj\u00e4lper vi f\u00f6retag av alla storlekar och inom alla branscher: 77 procent av v\u00e4rldens transaktionsbaserade oms\u00e4ttning g\u00e5r genom ett 麻豆原创-system.\u00a0V\u00e5r teknik f\u00f6r maskininl\u00e4rning, sakernas internet (IoT) och avancerad analys g\u00f6r att v\u00e5ra f\u00f6retagskunder kan skapa intelligenta verksamheter. 麻豆原创 hj\u00e4lper enskilda personer och organisationer att f\u00e5 djupa aff\u00e4rsinsikter och underl\u00e4ttar samarbete som v\u00e4ssar deras konkurrensf\u00f6rm\u00e5ga. Vi f\u00f6renklar tekniken s\u00e5 att kunderna kan anv\u00e4nda v\u00e5r programvara n\u00e4r och hur de sj\u00e4lva vill \u2013 utan avbrott. V\u00e5r helt\u00e4ckande svit av applikationer och tj\u00e4nster g\u00f6r att f\u00f6retag och offentliga verksamheter inom 25 olika branscher \u00f6ver hela v\u00e4rlden kan vara l\u00f6nsamma, hela tiden anpassa sin verksamhet och g\u00f6ra skillnad.<\/p>\n<p>Med ett globalt n\u00e4tverk av kunder, partner, anst\u00e4llda och experter bidrar 麻豆原创 till en fungerande v\u00e4rld och att g\u00f6ra m\u00e4nniskors liv b\u00e4ttre. Mer information finns p\u00e5\u00a0<a href=\"http:\/\/www.sap.com\/sweden\">www.sap.com\/sweden<\/a>\u00a0och\u00a0<a href=\"https:\/\/news.sap.com\/sweden\/\">news.sap.com\/sweden<\/a>.<\/p>\n<p>&nbsp;<\/p>\n<p>&nbsp;<\/p>\n<p>&nbsp;<\/p>\n","protected":false},"excerpt":{"rendered":"<p>Europeiska kommissionen anlitade 麻豆原创 och T-Systems f\u00f6r att snabbt f\u00e5 fram den tekniska infrastruktur som ligger bakom de nya digitala covidintygen.\u00a0Lanseringen den 1 juli var&#8230;<\/p>\n","protected":false},"author":29,"featured_media":3159,"comment_status":"closed","ping_status":"closed","sticky":false,"template":"","format":"standard","meta":{"footnotes":"","_links_to":"","_links_to_target":""},"categories":[4503881,4545004,4545758],"tags":[5563116,5563711,5563708,4525388,5563569,5563707,5562472,5563706,5562255,5563710,5563709],"sapn-display":[4544525,5564002,5563999,4547891],"sapn-type":[4549288],"class_list":["post-3158","post","type-post","status-publish","format-standard","has-post-thumbnail","hentry","category-ekosystem","category-foretagsinformation","category-losningar","tag-covid-19","tag-covidintyg","tag-datasakerhet","tag-digitalisering","tag-europeiska-kommissionen","tag-gateway","tag-gdpr","tag-qr-kod","tag-sap","tag-strategi","tag-t-systems","sapn-display-hero","sapn-display-nyhet-favoriter","sapn-display-nyhet-spotlight","sapn-display-homepage-hero","sapn-type-pressmeddelande"],"yoast_head":"<!-- This site is optimized with the Yoast SEO Premium plugin v26.9 (Yoast SEO v26.9) - https:\/\/yoast.com\/product\/yoast-seo-premium-wordpress\/ -->\n<title>Digitala covidintyg f\u00f6renklar resor inom EU - 麻豆原创 Sweden Nyheter<\/title>\n<meta name=\"robots\" content=\"index, follow, max-snippet:-1, max-image-preview:large, max-video-preview:-1\" \/>\n<link rel=\"canonical\" href=\"https:\/\/news.sap.com\/sweden\/2021\/07\/digitala-covidintyg-forenklar-resor-inom-eu\/\" \/>\n<meta property=\"og:locale\" content=\"sv_SE\" \/>\n<meta property=\"og:type\" content=\"article\" \/>\n<meta property=\"og:title\" content=\"Digitala covidintyg f\u00f6renklar resor inom EU\" \/>\n<meta property=\"og:description\" content=\"Europeiska kommissionen anlitade 麻豆原创 och T-Systems f\u00f6r att snabbt f\u00e5 fram den tekniska infrastruktur som ligger bakom de nya digitala covidintygen.\u00a0Lanseringen den 1 juli var...\" \/>\n<meta property=\"og:url\" content=\"https:\/\/news.sap.com\/sweden\/2021\/07\/digitala-covidintyg-forenklar-resor-inom-eu\/\" \/>\n<meta property=\"og:site_name\" content=\"麻豆原创 Sweden Nyheter\" \/>\n<meta property=\"article:published_time\" content=\"2021-07-15T06:00:53+00:00\" \/>\n<meta property=\"article:modified_time\" content=\"2024-08-07T17:25:40+00:00\" \/>\n<meta property=\"og:image\" content=\"https:\/\/news.sap.com\/sweden\/files\/2021\/07\/15\/Digital-COVID-Cert_C-European-Union-Denis-Lovrovic.jpg\" \/>\n\t<meta property=\"og:image:width\" content=\"1920\" \/>\n\t<meta property=\"og:image:height\" content=\"600\" \/>\n\t<meta property=\"og:image:type\" content=\"image\/jpeg\" \/>\n<meta name=\"author\" content=\"麻豆原创 News\" \/>\n<meta name=\"twitter:card\" content=\"summary_large_image\" \/>\n<meta name=\"twitter:label1\" content=\"Skriven av\" \/>\n\t<meta name=\"twitter:data1\" content=\"麻豆原创 News\" \/>\n\t<meta name=\"twitter:label2\" content=\"Ber\u00e4knad l\u00e4stid\" \/>\n\t<meta name=\"twitter:data2\" content=\"7 minuter\" \/>\n<script type=\"application\/ld+json\" class=\"yoast-schema-graph\">{\"@context\":\"https:\/\/schema.org\",\"@graph\":[{\"@type\":\"Article\",\"@id\":\"https:\/\/news.sap.com\/sweden\/2021\/07\/digitala-covidintyg-forenklar-resor-inom-eu\/#article\",\"isPartOf\":{\"@id\":\"https:\/\/news.sap.com\/sweden\/2021\/07\/digitala-covidintyg-forenklar-resor-inom-eu\/\"},\"author\":{\"name\":\"麻豆原创 News\",\"@id\":\"https:\/\/news.sap.com\/sweden\/#\/schema\/person\/53b9854bd790d6f18f3fc4bbb2ad7570\"},\"headline\":\"Digitala covidintyg f\u00f6renklar resor inom EU\",\"datePublished\":\"2021-07-15T06:00:53+00:00\",\"dateModified\":\"2024-08-07T17:25:40+00:00\",\"mainEntityOfPage\":{\"@id\":\"https:\/\/news.sap.com\/sweden\/2021\/07\/digitala-covidintyg-forenklar-resor-inom-eu\/\"},\"wordCount\":1427,\"image\":{\"@id\":\"https:\/\/news.sap.com\/sweden\/2021\/07\/digitala-covidintyg-forenklar-resor-inom-eu\/#primaryimage\"},\"thumbnailUrl\":\"https:\/\/news.sap.com\/sweden\/files\/2021\/07\/15\/Digital-COVID-Cert_C-European-Union-Denis-Lovrovic.jpg\",\"keywords\":[\"COVID-19\",\"covidintyg\",\"datas\u00e4kerhet\",\"digitalisering\",\"Europeiska kommissionen\",\"gateway\",\"GDPR\",\"QR-kod\",\"sap\",\"strategi\",\"T-Systems\"],\"articleSection\":[\"Ekosystem\",\"F\u00f6retagsinformation\",\"L\u00f6sningar\"],\"inLanguage\":\"sv-SE\"},{\"@type\":\"WebPage\",\"@id\":\"https:\/\/news.sap.com\/sweden\/2021\/07\/digitala-covidintyg-forenklar-resor-inom-eu\/\",\"url\":\"https:\/\/news.sap.com\/sweden\/2021\/07\/digitala-covidintyg-forenklar-resor-inom-eu\/\",\"name\":\"Digitala covidintyg f\u00f6renklar resor inom EU - 麻豆原创 Sweden Nyheter\",\"isPartOf\":{\"@id\":\"https:\/\/news.sap.com\/sweden\/#website\"},\"primaryImageOfPage\":{\"@id\":\"https:\/\/news.sap.com\/sweden\/2021\/07\/digitala-covidintyg-forenklar-resor-inom-eu\/#primaryimage\"},\"image\":{\"@id\":\"https:\/\/news.sap.com\/sweden\/2021\/07\/digitala-covidintyg-forenklar-resor-inom-eu\/#primaryimage\"},\"thumbnailUrl\":\"https:\/\/news.sap.com\/sweden\/files\/2021\/07\/15\/Digital-COVID-Cert_C-European-Union-Denis-Lovrovic.jpg\",\"datePublished\":\"2021-07-15T06:00:53+00:00\",\"dateModified\":\"2024-08-07T17:25:40+00:00\",\"author\":{\"@id\":\"https:\/\/news.sap.com\/sweden\/#\/schema\/person\/53b9854bd790d6f18f3fc4bbb2ad7570\"},\"breadcrumb\":{\"@id\":\"https:\/\/news.sap.com\/sweden\/2021\/07\/digitala-covidintyg-forenklar-resor-inom-eu\/#breadcrumb\"},\"inLanguage\":\"sv-SE\",\"potentialAction\":[{\"@type\":\"ReadAction\",\"target\":[\"https:\/\/news.sap.com\/sweden\/2021\/07\/digitala-covidintyg-forenklar-resor-inom-eu\/\"]}]},{\"@type\":\"ImageObject\",\"inLanguage\":\"sv-SE\",\"@id\":\"https:\/\/news.sap.com\/sweden\/2021\/07\/digitala-covidintyg-forenklar-resor-inom-eu\/#primaryimage\",\"url\":\"https:\/\/news.sap.com\/sweden\/files\/2021\/07\/15\/Digital-COVID-Cert_C-European-Union-Denis-Lovrovic.jpg\",\"contentUrl\":\"https:\/\/news.sap.com\/sweden\/files\/2021\/07\/15\/Digital-COVID-Cert_C-European-Union-Denis-Lovrovic.jpg\",\"width\":1920,\"height\":600},{\"@type\":\"BreadcrumbList\",\"@id\":\"https:\/\/news.sap.com\/sweden\/2021\/07\/digitala-covidintyg-forenklar-resor-inom-eu\/#breadcrumb\",\"itemListElement\":[{\"@type\":\"ListItem\",\"position\":1,\"name\":\"Home\",\"item\":\"https:\/\/news.sap.com\/sweden\/\"},{\"@type\":\"ListItem\",\"position\":2,\"name\":\"Digitala covidintyg f\u00f6renklar resor inom EU\"}]},{\"@type\":\"WebSite\",\"@id\":\"https:\/\/news.sap.com\/sweden\/#website\",\"url\":\"https:\/\/news.sap.com\/sweden\/\",\"name\":\"麻豆原创 Sweden Nyheter\",\"description\":\"Nyheter och information om 麻豆原创\",\"potentialAction\":[{\"@type\":\"SearchAction\",\"target\":{\"@type\":\"EntryPoint\",\"urlTemplate\":\"https:\/\/news.sap.com\/sweden\/?s={search_term_string}\"},\"query-input\":{\"@type\":\"PropertyValueSpecification\",\"valueRequired\":true,\"valueName\":\"search_term_string\"}}],\"inLanguage\":\"sv-SE\"},{\"@type\":\"Person\",\"@id\":\"https:\/\/news.sap.com\/sweden\/#\/schema\/person\/53b9854bd790d6f18f3fc4bbb2ad7570\",\"name\":\"麻豆原创 News\",\"image\":{\"@type\":\"ImageObject\",\"inLanguage\":\"sv-SE\",\"@id\":\"https:\/\/news.sap.com\/sweden\/#\/schema\/person\/image\/\",\"url\":\"https:\/\/news.sap.com\/sweden\/wp-content\/plugins\/wp-user-avatars\/wp-user-avatars\/assets\/images\/mystery.jpg\",\"contentUrl\":\"https:\/\/news.sap.com\/sweden\/wp-content\/plugins\/wp-user-avatars\/wp-user-avatars\/assets\/images\/mystery.jpg\",\"caption\":\"麻豆原创 News\"},\"url\":\"https:\/\/news.sap.com\/sweden\/author\/colleenraftery\/\"}]}<\/script>\n<!-- \/ Yoast SEO Premium plugin. -->","yoast_head_json":{"title":"Digitala covidintyg f\u00f6renklar resor inom EU - 麻豆原创 Sweden Nyheter","robots":{"index":"index","follow":"follow","max-snippet":"max-snippet:-1","max-image-preview":"max-image-preview:large","max-video-preview":"max-video-preview:-1"},"canonical":"https:\/\/news.sap.com\/sweden\/2021\/07\/digitala-covidintyg-forenklar-resor-inom-eu\/","og_locale":"sv_SE","og_type":"article","og_title":"Digitala covidintyg f\u00f6renklar resor inom EU","og_description":"Europeiska kommissionen anlitade 麻豆原创 och T-Systems f\u00f6r att snabbt f\u00e5 fram den tekniska infrastruktur som ligger bakom de nya digitala covidintygen.\u00a0Lanseringen den 1 juli var...","og_url":"https:\/\/news.sap.com\/sweden\/2021\/07\/digitala-covidintyg-forenklar-resor-inom-eu\/","og_site_name":"麻豆原创 Sweden Nyheter","article_published_time":"2021-07-15T06:00:53+00:00","article_modified_time":"2024-08-07T17:25:40+00:00","og_image":[{"width":1920,"height":600,"url":"https:\/\/news.sap.com\/sweden\/files\/2021\/07\/15\/Digital-COVID-Cert_C-European-Union-Denis-Lovrovic.jpg","type":"image\/jpeg"}],"author":"麻豆原创 News","twitter_card":"summary_large_image","twitter_misc":{"Skriven av":"麻豆原创 News","Ber\u00e4knad l\u00e4stid":"7 minuter"},"schema":{"@context":"https:\/\/schema.org","@graph":[{"@type":"Article","@id":"https:\/\/news.sap.com\/sweden\/2021\/07\/digitala-covidintyg-forenklar-resor-inom-eu\/#article","isPartOf":{"@id":"https:\/\/news.sap.com\/sweden\/2021\/07\/digitala-covidintyg-forenklar-resor-inom-eu\/"},"author":{"name":"麻豆原创 News","@id":"https:\/\/news.sap.com\/sweden\/#\/schema\/person\/53b9854bd790d6f18f3fc4bbb2ad7570"},"headline":"Digitala covidintyg f\u00f6renklar resor inom EU","datePublished":"2021-07-15T06:00:53+00:00","dateModified":"2024-08-07T17:25:40+00:00","mainEntityOfPage":{"@id":"https:\/\/news.sap.com\/sweden\/2021\/07\/digitala-covidintyg-forenklar-resor-inom-eu\/"},"wordCount":1427,"image":{"@id":"https:\/\/news.sap.com\/sweden\/2021\/07\/digitala-covidintyg-forenklar-resor-inom-eu\/#primaryimage"},"thumbnailUrl":"https:\/\/news.sap.com\/sweden\/files\/2021\/07\/15\/Digital-COVID-Cert_C-European-Union-Denis-Lovrovic.jpg","keywords":["COVID-19","covidintyg","datas\u00e4kerhet","digitalisering","Europeiska kommissionen","gateway","GDPR","QR-kod","sap","strategi","T-Systems"],"articleSection":["Ekosystem","F\u00f6retagsinformation","L\u00f6sningar"],"inLanguage":"sv-SE"},{"@type":"WebPage","@id":"https:\/\/news.sap.com\/sweden\/2021\/07\/digitala-covidintyg-forenklar-resor-inom-eu\/","url":"https:\/\/news.sap.com\/sweden\/2021\/07\/digitala-covidintyg-forenklar-resor-inom-eu\/","name":"Digitala covidintyg f\u00f6renklar resor inom EU - 麻豆原创 Sweden Nyheter","isPartOf":{"@id":"https:\/\/news.sap.com\/sweden\/#website"},"primaryImageOfPage":{"@id":"https:\/\/news.sap.com\/sweden\/2021\/07\/digitala-covidintyg-forenklar-resor-inom-eu\/#primaryimage"},"image":{"@id":"https:\/\/news.sap.com\/sweden\/2021\/07\/digitala-covidintyg-forenklar-resor-inom-eu\/#primaryimage"},"thumbnailUrl":"https:\/\/news.sap.com\/sweden\/files\/2021\/07\/15\/Digital-COVID-Cert_C-European-Union-Denis-Lovrovic.jpg","datePublished":"2021-07-15T06:00:53+00:00","dateModified":"2024-08-07T17:25:40+00:00","author":{"@id":"https:\/\/news.sap.com\/sweden\/#\/schema\/person\/53b9854bd790d6f18f3fc4bbb2ad7570"},"breadcrumb":{"@id":"https:\/\/news.sap.com\/sweden\/2021\/07\/digitala-covidintyg-forenklar-resor-inom-eu\/#breadcrumb"},"inLanguage":"sv-SE","potentialAction":[{"@type":"ReadAction","target":["https:\/\/news.sap.com\/sweden\/2021\/07\/digitala-covidintyg-forenklar-resor-inom-eu\/"]}]},{"@type":"ImageObject","inLanguage":"sv-SE","@id":"https:\/\/news.sap.com\/sweden\/2021\/07\/digitala-covidintyg-forenklar-resor-inom-eu\/#primaryimage","url":"https:\/\/news.sap.com\/sweden\/files\/2021\/07\/15\/Digital-COVID-Cert_C-European-Union-Denis-Lovrovic.jpg","contentUrl":"https:\/\/news.sap.com\/sweden\/files\/2021\/07\/15\/Digital-COVID-Cert_C-European-Union-Denis-Lovrovic.jpg","width":1920,"height":600},{"@type":"BreadcrumbList","@id":"https:\/\/news.sap.com\/sweden\/2021\/07\/digitala-covidintyg-forenklar-resor-inom-eu\/#breadcrumb","itemListElement":[{"@type":"ListItem","position":1,"name":"Home","item":"https:\/\/news.sap.com\/sweden\/"},{"@type":"ListItem","position":2,"name":"Digitala covidintyg f\u00f6renklar resor inom EU"}]},{"@type":"WebSite","@id":"https:\/\/news.sap.com\/sweden\/#website","url":"https:\/\/news.sap.com\/sweden\/","name":"麻豆原创 Sweden Nyheter","description":"Nyheter och information om 麻豆原创","potentialAction":[{"@type":"SearchAction","target":{"@type":"EntryPoint","urlTemplate":"https:\/\/news.sap.com\/sweden\/?s={search_term_string}"},"query-input":{"@type":"PropertyValueSpecification","valueRequired":true,"valueName":"search_term_string"}}],"inLanguage":"sv-SE"},{"@type":"Person","@id":"https:\/\/news.sap.com\/sweden\/#\/schema\/person\/53b9854bd790d6f18f3fc4bbb2ad7570","name":"麻豆原创 News","image":{"@type":"ImageObject","inLanguage":"sv-SE","@id":"https:\/\/news.sap.com\/sweden\/#\/schema\/person\/image\/","url":"https:\/\/news.sap.com\/sweden\/wp-content\/plugins\/wp-user-avatars\/wp-user-avatars\/assets\/images\/mystery.jpg","contentUrl":"https:\/\/news.sap.com\/sweden\/wp-content\/plugins\/wp-user-avatars\/wp-user-avatars\/assets\/images\/mystery.jpg","caption":"麻豆原创 News"},"url":"https:\/\/news.sap.com\/sweden\/author\/colleenraftery\/"}]}},"amp_enabled":true,"_links":{"self":[{"href":"https:\/\/news.sap.com\/sweden\/wp-json\/wp\/v2\/posts\/3158","targetHints":{"allow":["GET"]}}],"collection":[{"href":"https:\/\/news.sap.com\/sweden\/wp-json\/wp\/v2\/posts"}],"about":[{"href":"https:\/\/news.sap.com\/sweden\/wp-json\/wp\/v2\/types\/post"}],"author":[{"embeddable":true,"href":"https:\/\/news.sap.com\/sweden\/wp-json\/wp\/v2\/users\/29"}],"replies":[{"embeddable":true,"href":"https:\/\/news.sap.com\/sweden\/wp-json\/wp\/v2\/comments?post=3158"}],"version-history":[{"count":0,"href":"https:\/\/news.sap.com\/sweden\/wp-json\/wp\/v2\/posts\/3158\/revisions"}],"wp:featuredmedia":[{"embeddable":true,"href":"https:\/\/news.sap.com\/sweden\/wp-json\/wp\/v2\/media\/3159"}],"wp:attachment":[{"href":"https:\/\/news.sap.com\/sweden\/wp-json\/wp\/v2\/media?parent=3158"}],"wp:term":[{"taxonomy":"category","embeddable":true,"href":"https:\/\/news.sap.com\/sweden\/wp-json\/wp\/v2\/categories?post=3158"},{"taxonomy":"post_tag","embeddable":true,"href":"https:\/\/news.sap.com\/sweden\/wp-json\/wp\/v2\/tags?post=3158"},{"taxonomy":"sapn-display","embeddable":true,"href":"https:\/\/news.sap.com\/sweden\/wp-json\/wp\/v2\/sapn-display?post=3158"},{"taxonomy":"sapn-type","embeddable":true,"href":"https:\/\/news.sap.com\/sweden\/wp-json\/wp\/v2\/sapn-type?post=3158"}],"curies":[{"name":"wp","href":"https:\/\/api.w.org\/{rel}","templated":true}]}}