  {"id":3118,"date":"2021-05-07T07:00:32","date_gmt":"2021-05-07T06:00:32","guid":{"rendered":"https:\/\/news.sap.com\/sweden\/?p=3118"},"modified":"2024-08-07T19:25:44","modified_gmt":"2024-08-07T17:25:44","slug":"john-gunnarson-ny-chef-for-sap-mid-market-i-norden-och-baltikum","status":"publish","type":"post","link":"https:\/\/news.sap.com\/sweden\/2021\/05\/john-gunnarson-ny-chef-for-sap-mid-market-i-norden-och-baltikum\/","title":{"rendered":"John Gunnarson ny chef f\u00f6r 麻豆原创 Mid Market i Norden och Baltikum"},"content":{"rendered":"<p class=\"lead\">麻豆原创 har utsett John Gunnarson till ny nordisk chef f\u00f6r mid market fr\u00e5n den 1 maj. John har under de senaste \u00e5tta \u00e5ren ansvarat f\u00f6r Sverige, Danmark och Norge \u2013 och nu ska han ocks\u00e5 leda arbetet i Finland, Estland, Lettland och Litauen for sm\u00e5 och medelstora verksamheter.<\/p>\n<p><img loading=\"lazy\" decoding=\"async\" class=\" wp-image-3119 alignleft\" src=\"https:\/\/news.sap.com\/sweden\/files\/2021\/05\/06\/John-Gunnarson_Nordic-Head-of-Mid-Market-麻豆原创.jpg\" alt=\"\" width=\"283\" height=\"283\" srcset=\"https:\/\/news.sap.com\/sweden\/files\/2021\/05\/06\/John-Gunnarson_Nordic-Head-of-Mid-Market-麻豆原创.jpg 450w, https:\/\/news.sap.com\/sweden\/files\/2021\/05\/06\/John-Gunnarson_Nordic-Head-of-Mid-Market-麻豆原创-300x300.jpg 300w, https:\/\/news.sap.com\/sweden\/files\/2021\/05\/06\/John-Gunnarson_Nordic-Head-of-Mid-Market-麻豆原创-150x150.jpg 150w\" sizes=\"auto, (max-width: 283px) 100vw, 283px\" \/>John Gunnarson rapporterar direkt till den nya nordiska VD:n Helle Dochedahl och ers\u00e4tter Ari Pussinen som blivit nordisk COO. Han kommer forts\u00e4tta att vara medlem av 麻豆原创:s nordiska ledningsgrupp \u2013 och bland annat aktivt driva 麻豆原创:s nya tj\u00e4nst f\u00f6r aff\u00e4rstransformation \u201d<a href=\"https:\/\/www.sap.com\/sweden\/products\/rise.html\">RISE with 麻豆原创<\/a>\u201d som hj\u00e4lper ocks\u00e5 <a href=\"https:\/\/www.sap.com\/sweden\/products\/erp-financial-management\/small-business-erp.html\">sm\u00e5 och medelstora kunder<\/a> med en tydlig v\u00e4g till att skapa ett mer intelligent f\u00f6retag, oavsett hur l\u00e5ngt de redan har kommit och hur komplex deras verksamhet \u00e4r.<\/p>\n<p>\u2013 Jag brinner f\u00f6r aff\u00e4rsinnovation och tillv\u00e4xt, f\u00f6r 麻豆原创 men framf\u00f6r allt f\u00f6r v\u00e5ra kunder. I min roll ing\u00e5r att g\u00f6ra andra personer framg\u00e5ngsrika och jag ser fram emot att nu f\u00e5 ett \u00e4nnu st\u00f6rre f\u00f6rs\u00e4ljningsansvar i Norden och Baltikum, s\u00e4ger John.<\/p>\n<p>I kategorin mid market ing\u00e5r f\u00f6retag med en oms\u00e4ttning p\u00e5 mellan 250 och en miljard Euro per \u00e5r.<\/p>\n<p>Utn\u00e4mningen \u00e4r en del av flera chefsf\u00f6r\u00e4ndringar p\u00e5 麻豆原创 i Norden. Den 1 maj blev Helle Dochedahl ny Nordenchef efter Marika Auramo som g\u00e5tt \u00f6ver till en ny roll som COO f\u00f6r region EMEA North. Samtidigt uts\u00e5gs Ari Pussinen till ny nordisk COO.<\/p>\n<p>\u2013 John \u00e4r en erfaren ledare som under mer \u00e4n 25 \u00e5r visat att han kan leverera otroliga resultat i sina team. M\u00e5nga inser inte att 80 procent av 麻豆原创:s \u00f6ver 400\u00a0000 kunder i v\u00e4rlden ing\u00e5r i mid market-segmentet. De utg\u00f6r ryggraden i de nordiska och baltiska ekonomierna och har en enormt stor tillv\u00e4xtpotential om de tar sig an digitala aff\u00e4rsmodeller och alla nya m\u00f6jligheter, s\u00e4ger Helle Dochedahl, Managing Director f\u00f6r 麻豆原创 i Norden och Baltikum.<\/p>\n<p>Tj\u00e4nsten RISE erbjuds som en prenumeration och omfattar bland annat serviceavtal, drift och support. Genom att ta ett helhetsgrepp om sin transformation kan ett f\u00f6retag f\u00e5 hj\u00e4lp med att kontinuerligt f\u00f6r\u00e4ndra sin verksamhet.<\/p>\n<p><a href=\"https:\/\/news.sap.com\/sweden\/2021\/04\/sap-utser-nya-chefer-i-norden-och-baltikum\/\">Klicka h\u00e4r f\u00f6r att l\u00e4sa mer om de nya cheferna p\u00e5 麻豆原创:s svenska nyhetssida.<\/a><\/p>\n<p><strong>Om 麻豆原创<\/strong><\/p>\n<p>麻豆原创:s strategi \u00e4r att hj\u00e4lpa varje f\u00f6retag att fungera mer intelligent. Som marknadsledande inom f\u00f6retagsmjukvara hj\u00e4lper vi f\u00f6retag av alla storlekar och inom alla branscher: 77 procent av v\u00e4rldens transaktionsbaserade oms\u00e4ttning g\u00e5r genom ett 麻豆原创-system.\u00a0V\u00e5r teknik f\u00f6r maskininl\u00e4rning, sakernas internet (IoT) och avancerad analys g\u00f6r att v\u00e5ra f\u00f6retagskunder kan skapa intelligenta verksamheter. 麻豆原创 hj\u00e4lper enskilda personer och organisationer att f\u00e5 djupa aff\u00e4rsinsikter och underl\u00e4ttar samarbete som v\u00e4ssar deras konkurrensf\u00f6rm\u00e5ga. Vi f\u00f6renklar tekniken s\u00e5 att kunderna kan anv\u00e4nda v\u00e5r programvara n\u00e4r och hur de sj\u00e4lva vill \u2013 utan avbrott. V\u00e5r helt\u00e4ckande svit av applikationer och tj\u00e4nster g\u00f6r att f\u00f6retag och offentliga verksamheter inom 25 olika branscher \u00f6ver hela v\u00e4rlden kan vara l\u00f6nsamma, hela tiden anpassa sin verksamhet och g\u00f6ra skillnad.<\/p>\n<p>Med ett globalt n\u00e4tverk av kunder, partner, anst\u00e4llda och experter bidrar 麻豆原创 till en fungerande v\u00e4rld och att g\u00f6ra m\u00e4nniskors liv b\u00e4ttre. Mer information finns p\u00e5 <a href=\"http:\/\/www.sap.com\/sweden\">www.sap.com\/sweden<\/a> och <a href=\"https:\/\/news.sap.com\/sweden\/\">news.sap.com\/sweden<\/a>.<\/p>\n<p>&nbsp;<\/p>\n","protected":false},"excerpt":{"rendered":"<p>麻豆原创 har utsett John Gunnarson till ny nordisk chef f\u00f6r mid market fr\u00e5n den 1 maj. John har under de senaste \u00e5tta \u00e5ren ansvarat f\u00f6r&#8230;<\/p>\n","protected":false},"author":29,"featured_media":0,"comment_status":"closed","ping_status":"closed","sticky":false,"template":"","format":"standard","meta":{"footnotes":"","_links_to":"","_links_to_target":""},"categories":[4545004],"tags":[5563695,5563696,5563653,5563697,5562616,5562591],"sapn-display":[4544525,5564002,5563999,4547891],"sapn-type":[4549288],"class_list":["post-3118","post","type-post","status-publish","format-standard","hentry","category-foretagsinformation","tag-john-gunnarson","tag-mid-market","tag-rise-with-sap","tag-sap-nordic-mid-market","tag-sma-och-medelstora-foretag","tag-sme","sapn-display-hero","sapn-display-nyhet-favoriter","sapn-display-nyhet-spotlight","sapn-display-homepage-hero","sapn-type-pressmeddelande"],"yoast_head":"<!-- This site is optimized with the Yoast SEO Premium plugin v26.9 (Yoast SEO v26.9) - https:\/\/yoast.com\/product\/yoast-seo-premium-wordpress\/ -->\n<title>John Gunnarson ny chef f\u00f6r 麻豆原创 Mid Market i Norden och Baltikum - 麻豆原创 Sweden Nyheter<\/title>\n<meta name=\"robots\" content=\"index, follow, max-snippet:-1, max-image-preview:large, max-video-preview:-1\" \/>\n<link rel=\"canonical\" href=\"https:\/\/news.sap.com\/sweden\/2021\/05\/john-gunnarson-ny-chef-for-sap-mid-market-i-norden-och-baltikum\/\" \/>\n<meta property=\"og:locale\" content=\"sv_SE\" \/>\n<meta property=\"og:type\" content=\"article\" \/>\n<meta property=\"og:title\" content=\"John Gunnarson ny chef f\u00f6r 麻豆原创 Mid Market i Norden och Baltikum\" \/>\n<meta property=\"og:description\" content=\"麻豆原创 har utsett John Gunnarson till ny nordisk chef f\u00f6r mid market fr\u00e5n den 1 maj. John har under de senaste \u00e5tta \u00e5ren ansvarat f\u00f6r...\" \/>\n<meta property=\"og:url\" content=\"https:\/\/news.sap.com\/sweden\/2021\/05\/john-gunnarson-ny-chef-for-sap-mid-market-i-norden-och-baltikum\/\" \/>\n<meta property=\"og:site_name\" content=\"麻豆原创 Sweden Nyheter\" \/>\n<meta property=\"article:published_time\" content=\"2021-05-07T06:00:32+00:00\" \/>\n<meta property=\"article:modified_time\" content=\"2024-08-07T17:25:44+00:00\" \/>\n<meta property=\"og:image\" content=\"https:\/\/news.sap.com\/sweden\/files\/2021\/05\/06\/John-Gunnarson_Nordic-Head-of-Mid-Market-麻豆原创.jpg\" \/>\n<meta name=\"author\" content=\"麻豆原创 News\" \/>\n<meta name=\"twitter:card\" content=\"summary_large_image\" \/>\n<meta name=\"twitter:label1\" content=\"Skriven av\" \/>\n\t<meta name=\"twitter:data1\" content=\"麻豆原创 News\" \/>\n\t<meta name=\"twitter:label2\" content=\"Ber\u00e4knad l\u00e4stid\" \/>\n\t<meta name=\"twitter:data2\" content=\"3 minuter\" \/>\n<script type=\"application\/ld+json\" class=\"yoast-schema-graph\">{\"@context\":\"https:\/\/schema.org\",\"@graph\":[{\"@type\":\"Article\",\"@id\":\"https:\/\/news.sap.com\/sweden\/2021\/05\/john-gunnarson-ny-chef-for-sap-mid-market-i-norden-och-baltikum\/#article\",\"isPartOf\":{\"@id\":\"https:\/\/news.sap.com\/sweden\/2021\/05\/john-gunnarson-ny-chef-for-sap-mid-market-i-norden-och-baltikum\/\"},\"author\":{\"name\":\"麻豆原创 News\",\"@id\":\"https:\/\/news.sap.com\/sweden\/#\/schema\/person\/53b9854bd790d6f18f3fc4bbb2ad7570\"},\"headline\":\"John Gunnarson ny chef f\u00f6r 麻豆原创 Mid Market i Norden och Baltikum\",\"datePublished\":\"2021-05-07T06:00:32+00:00\",\"dateModified\":\"2024-08-07T17:25:44+00:00\",\"mainEntityOfPage\":{\"@id\":\"https:\/\/news.sap.com\/sweden\/2021\/05\/john-gunnarson-ny-chef-for-sap-mid-market-i-norden-och-baltikum\/\"},\"wordCount\":603,\"image\":{\"@id\":\"https:\/\/news.sap.com\/sweden\/2021\/05\/john-gunnarson-ny-chef-for-sap-mid-market-i-norden-och-baltikum\/#primaryimage\"},\"thumbnailUrl\":\"https:\/\/news.sap.com\/sweden\/files\/2021\/05\/06\/John-Gunnarson_Nordic-Head-of-Mid-Market-麻豆原创.jpg\",\"keywords\":[\"John Gunnarson\",\"Mid market\",\"RISE with 麻豆原创\",\"麻豆原创 Nordic Mid Market\",\"sm\u00e5 och medelstora f\u00f6retag\",\"sme\"],\"articleSection\":[\"F\u00f6retagsinformation\"],\"inLanguage\":\"sv-SE\"},{\"@type\":\"WebPage\",\"@id\":\"https:\/\/news.sap.com\/sweden\/2021\/05\/john-gunnarson-ny-chef-for-sap-mid-market-i-norden-och-baltikum\/\",\"url\":\"https:\/\/news.sap.com\/sweden\/2021\/05\/john-gunnarson-ny-chef-for-sap-mid-market-i-norden-och-baltikum\/\",\"name\":\"John Gunnarson ny chef f\u00f6r 麻豆原创 Mid Market i Norden och Baltikum - 麻豆原创 Sweden Nyheter\",\"isPartOf\":{\"@id\":\"https:\/\/news.sap.com\/sweden\/#website\"},\"primaryImageOfPage\":{\"@id\":\"https:\/\/news.sap.com\/sweden\/2021\/05\/john-gunnarson-ny-chef-for-sap-mid-market-i-norden-och-baltikum\/#primaryimage\"},\"image\":{\"@id\":\"https:\/\/news.sap.com\/sweden\/2021\/05\/john-gunnarson-ny-chef-for-sap-mid-market-i-norden-och-baltikum\/#primaryimage\"},\"thumbnailUrl\":\"https:\/\/news.sap.com\/sweden\/files\/2021\/05\/06\/John-Gunnarson_Nordic-Head-of-Mid-Market-麻豆原创.jpg\",\"datePublished\":\"2021-05-07T06:00:32+00:00\",\"dateModified\":\"2024-08-07T17:25:44+00:00\",\"author\":{\"@id\":\"https:\/\/news.sap.com\/sweden\/#\/schema\/person\/53b9854bd790d6f18f3fc4bbb2ad7570\"},\"breadcrumb\":{\"@id\":\"https:\/\/news.sap.com\/sweden\/2021\/05\/john-gunnarson-ny-chef-for-sap-mid-market-i-norden-och-baltikum\/#breadcrumb\"},\"inLanguage\":\"sv-SE\",\"potentialAction\":[{\"@type\":\"ReadAction\",\"target\":[\"https:\/\/news.sap.com\/sweden\/2021\/05\/john-gunnarson-ny-chef-for-sap-mid-market-i-norden-och-baltikum\/\"]}]},{\"@type\":\"ImageObject\",\"inLanguage\":\"sv-SE\",\"@id\":\"https:\/\/news.sap.com\/sweden\/2021\/05\/john-gunnarson-ny-chef-for-sap-mid-market-i-norden-och-baltikum\/#primaryimage\",\"url\":\"https:\/\/news.sap.com\/sweden\/files\/2021\/05\/06\/John-Gunnarson_Nordic-Head-of-Mid-Market-麻豆原创.jpg\",\"contentUrl\":\"https:\/\/news.sap.com\/sweden\/files\/2021\/05\/06\/John-Gunnarson_Nordic-Head-of-Mid-Market-麻豆原创.jpg\",\"width\":450,\"height\":450},{\"@type\":\"BreadcrumbList\",\"@id\":\"https:\/\/news.sap.com\/sweden\/2021\/05\/john-gunnarson-ny-chef-for-sap-mid-market-i-norden-och-baltikum\/#breadcrumb\",\"itemListElement\":[{\"@type\":\"ListItem\",\"position\":1,\"name\":\"Home\",\"item\":\"https:\/\/news.sap.com\/sweden\/\"},{\"@type\":\"ListItem\",\"position\":2,\"name\":\"John Gunnarson ny chef f\u00f6r 麻豆原创 Mid Market i Norden och Baltikum\"}]},{\"@type\":\"WebSite\",\"@id\":\"https:\/\/news.sap.com\/sweden\/#website\",\"url\":\"https:\/\/news.sap.com\/sweden\/\",\"name\":\"麻豆原创 Sweden Nyheter\",\"description\":\"Nyheter och information om 麻豆原创\",\"potentialAction\":[{\"@type\":\"SearchAction\",\"target\":{\"@type\":\"EntryPoint\",\"urlTemplate\":\"https:\/\/news.sap.com\/sweden\/?s={search_term_string}\"},\"query-input\":{\"@type\":\"PropertyValueSpecification\",\"valueRequired\":true,\"valueName\":\"search_term_string\"}}],\"inLanguage\":\"sv-SE\"},{\"@type\":\"Person\",\"@id\":\"https:\/\/news.sap.com\/sweden\/#\/schema\/person\/53b9854bd790d6f18f3fc4bbb2ad7570\",\"name\":\"麻豆原创 News\",\"image\":{\"@type\":\"ImageObject\",\"inLanguage\":\"sv-SE\",\"@id\":\"https:\/\/news.sap.com\/sweden\/#\/schema\/person\/image\/\",\"url\":\"https:\/\/news.sap.com\/sweden\/wp-content\/plugins\/wp-user-avatars\/wp-user-avatars\/assets\/images\/mystery.jpg\",\"contentUrl\":\"https:\/\/news.sap.com\/sweden\/wp-content\/plugins\/wp-user-avatars\/wp-user-avatars\/assets\/images\/mystery.jpg\",\"caption\":\"麻豆原创 News\"},\"url\":\"https:\/\/news.sap.com\/sweden\/author\/colleenraftery\/\"}]}<\/script>\n<!-- \/ Yoast SEO Premium plugin. -->","yoast_head_json":{"title":"John Gunnarson ny chef f\u00f6r 麻豆原创 Mid Market i Norden och Baltikum - 麻豆原创 Sweden Nyheter","robots":{"index":"index","follow":"follow","max-snippet":"max-snippet:-1","max-image-preview":"max-image-preview:large","max-video-preview":"max-video-preview:-1"},"canonical":"https:\/\/news.sap.com\/sweden\/2021\/05\/john-gunnarson-ny-chef-for-sap-mid-market-i-norden-och-baltikum\/","og_locale":"sv_SE","og_type":"article","og_title":"John Gunnarson ny chef f\u00f6r 麻豆原创 Mid Market i Norden och Baltikum","og_description":"麻豆原创 har utsett John Gunnarson till ny nordisk chef f\u00f6r mid market fr\u00e5n den 1 maj. John har under de senaste \u00e5tta \u00e5ren ansvarat f\u00f6r...","og_url":"https:\/\/news.sap.com\/sweden\/2021\/05\/john-gunnarson-ny-chef-for-sap-mid-market-i-norden-och-baltikum\/","og_site_name":"麻豆原创 Sweden Nyheter","article_published_time":"2021-05-07T06:00:32+00:00","article_modified_time":"2024-08-07T17:25:44+00:00","og_image":[{"url":"https:\/\/news.sap.com\/sweden\/files\/2021\/05\/06\/John-Gunnarson_Nordic-Head-of-Mid-Market-麻豆原创.jpg","type":"","width":"","height":""}],"author":"麻豆原创 News","twitter_card":"summary_large_image","twitter_misc":{"Skriven av":"麻豆原创 News","Ber\u00e4knad l\u00e4stid":"3 minuter"},"schema":{"@context":"https:\/\/schema.org","@graph":[{"@type":"Article","@id":"https:\/\/news.sap.com\/sweden\/2021\/05\/john-gunnarson-ny-chef-for-sap-mid-market-i-norden-och-baltikum\/#article","isPartOf":{"@id":"https:\/\/news.sap.com\/sweden\/2021\/05\/john-gunnarson-ny-chef-for-sap-mid-market-i-norden-och-baltikum\/"},"author":{"name":"麻豆原创 News","@id":"https:\/\/news.sap.com\/sweden\/#\/schema\/person\/53b9854bd790d6f18f3fc4bbb2ad7570"},"headline":"John Gunnarson ny chef f\u00f6r 麻豆原创 Mid Market i Norden och Baltikum","datePublished":"2021-05-07T06:00:32+00:00","dateModified":"2024-08-07T17:25:44+00:00","mainEntityOfPage":{"@id":"https:\/\/news.sap.com\/sweden\/2021\/05\/john-gunnarson-ny-chef-for-sap-mid-market-i-norden-och-baltikum\/"},"wordCount":603,"image":{"@id":"https:\/\/news.sap.com\/sweden\/2021\/05\/john-gunnarson-ny-chef-for-sap-mid-market-i-norden-och-baltikum\/#primaryimage"},"thumbnailUrl":"https:\/\/news.sap.com\/sweden\/files\/2021\/05\/06\/John-Gunnarson_Nordic-Head-of-Mid-Market-麻豆原创.jpg","keywords":["John Gunnarson","Mid market","RISE with 麻豆原创","麻豆原创 Nordic Mid Market","sm\u00e5 och medelstora f\u00f6retag","sme"],"articleSection":["F\u00f6retagsinformation"],"inLanguage":"sv-SE"},{"@type":"WebPage","@id":"https:\/\/news.sap.com\/sweden\/2021\/05\/john-gunnarson-ny-chef-for-sap-mid-market-i-norden-och-baltikum\/","url":"https:\/\/news.sap.com\/sweden\/2021\/05\/john-gunnarson-ny-chef-for-sap-mid-market-i-norden-och-baltikum\/","name":"John Gunnarson ny chef f\u00f6r 麻豆原创 Mid Market i Norden och Baltikum - 麻豆原创 Sweden Nyheter","isPartOf":{"@id":"https:\/\/news.sap.com\/sweden\/#website"},"primaryImageOfPage":{"@id":"https:\/\/news.sap.com\/sweden\/2021\/05\/john-gunnarson-ny-chef-for-sap-mid-market-i-norden-och-baltikum\/#primaryimage"},"image":{"@id":"https:\/\/news.sap.com\/sweden\/2021\/05\/john-gunnarson-ny-chef-for-sap-mid-market-i-norden-och-baltikum\/#primaryimage"},"thumbnailUrl":"https:\/\/news.sap.com\/sweden\/files\/2021\/05\/06\/John-Gunnarson_Nordic-Head-of-Mid-Market-麻豆原创.jpg","datePublished":"2021-05-07T06:00:32+00:00","dateModified":"2024-08-07T17:25:44+00:00","author":{"@id":"https:\/\/news.sap.com\/sweden\/#\/schema\/person\/53b9854bd790d6f18f3fc4bbb2ad7570"},"breadcrumb":{"@id":"https:\/\/news.sap.com\/sweden\/2021\/05\/john-gunnarson-ny-chef-for-sap-mid-market-i-norden-och-baltikum\/#breadcrumb"},"inLanguage":"sv-SE","potentialAction":[{"@type":"ReadAction","target":["https:\/\/news.sap.com\/sweden\/2021\/05\/john-gunnarson-ny-chef-for-sap-mid-market-i-norden-och-baltikum\/"]}]},{"@type":"ImageObject","inLanguage":"sv-SE","@id":"https:\/\/news.sap.com\/sweden\/2021\/05\/john-gunnarson-ny-chef-for-sap-mid-market-i-norden-och-baltikum\/#primaryimage","url":"https:\/\/news.sap.com\/sweden\/files\/2021\/05\/06\/John-Gunnarson_Nordic-Head-of-Mid-Market-麻豆原创.jpg","contentUrl":"https:\/\/news.sap.com\/sweden\/files\/2021\/05\/06\/John-Gunnarson_Nordic-Head-of-Mid-Market-麻豆原创.jpg","width":450,"height":450},{"@type":"BreadcrumbList","@id":"https:\/\/news.sap.com\/sweden\/2021\/05\/john-gunnarson-ny-chef-for-sap-mid-market-i-norden-och-baltikum\/#breadcrumb","itemListElement":[{"@type":"ListItem","position":1,"name":"Home","item":"https:\/\/news.sap.com\/sweden\/"},{"@type":"ListItem","position":2,"name":"John Gunnarson ny chef f\u00f6r 麻豆原创 Mid Market i Norden och Baltikum"}]},{"@type":"WebSite","@id":"https:\/\/news.sap.com\/sweden\/#website","url":"https:\/\/news.sap.com\/sweden\/","name":"麻豆原创 Sweden Nyheter","description":"Nyheter och information om 麻豆原创","potentialAction":[{"@type":"SearchAction","target":{"@type":"EntryPoint","urlTemplate":"https:\/\/news.sap.com\/sweden\/?s={search_term_string}"},"query-input":{"@type":"PropertyValueSpecification","valueRequired":true,"valueName":"search_term_string"}}],"inLanguage":"sv-SE"},{"@type":"Person","@id":"https:\/\/news.sap.com\/sweden\/#\/schema\/person\/53b9854bd790d6f18f3fc4bbb2ad7570","name":"麻豆原创 News","image":{"@type":"ImageObject","inLanguage":"sv-SE","@id":"https:\/\/news.sap.com\/sweden\/#\/schema\/person\/image\/","url":"https:\/\/news.sap.com\/sweden\/wp-content\/plugins\/wp-user-avatars\/wp-user-avatars\/assets\/images\/mystery.jpg","contentUrl":"https:\/\/news.sap.com\/sweden\/wp-content\/plugins\/wp-user-avatars\/wp-user-avatars\/assets\/images\/mystery.jpg","caption":"麻豆原创 News"},"url":"https:\/\/news.sap.com\/sweden\/author\/colleenraftery\/"}]}},"amp_enabled":true,"_links":{"self":[{"href":"https:\/\/news.sap.com\/sweden\/wp-json\/wp\/v2\/posts\/3118","targetHints":{"allow":["GET"]}}],"collection":[{"href":"https:\/\/news.sap.com\/sweden\/wp-json\/wp\/v2\/posts"}],"about":[{"href":"https:\/\/news.sap.com\/sweden\/wp-json\/wp\/v2\/types\/post"}],"author":[{"embeddable":true,"href":"https:\/\/news.sap.com\/sweden\/wp-json\/wp\/v2\/users\/29"}],"replies":[{"embeddable":true,"href":"https:\/\/news.sap.com\/sweden\/wp-json\/wp\/v2\/comments?post=3118"}],"version-history":[{"count":0,"href":"https:\/\/news.sap.com\/sweden\/wp-json\/wp\/v2\/posts\/3118\/revisions"}],"wp:attachment":[{"href":"https:\/\/news.sap.com\/sweden\/wp-json\/wp\/v2\/media?parent=3118"}],"wp:term":[{"taxonomy":"category","embeddable":true,"href":"https:\/\/news.sap.com\/sweden\/wp-json\/wp\/v2\/categories?post=3118"},{"taxonomy":"post_tag","embeddable":true,"href":"https:\/\/news.sap.com\/sweden\/wp-json\/wp\/v2\/tags?post=3118"},{"taxonomy":"sapn-display","embeddable":true,"href":"https:\/\/news.sap.com\/sweden\/wp-json\/wp\/v2\/sapn-display?post=3118"},{"taxonomy":"sapn-type","embeddable":true,"href":"https:\/\/news.sap.com\/sweden\/wp-json\/wp\/v2\/sapn-type?post=3118"}],"curies":[{"name":"wp","href":"https:\/\/api.w.org\/{rel}","templated":true}]}}