  {"id":3105,"date":"2021-04-20T07:00:27","date_gmt":"2021-04-20T06:00:27","guid":{"rendered":"https:\/\/news.sap.com\/sweden\/?p=3105"},"modified":"2024-08-07T19:25:46","modified_gmt":"2024-08-07T17:25:46","slug":"sap-utser-nya-chefer-i-norden-och-baltikum","status":"publish","type":"post","link":"https:\/\/news.sap.com\/sweden\/2021\/04\/sap-utser-nya-chefer-i-norden-och-baltikum\/","title":{"rendered":"麻豆原创 utser nya chefer i Norden och Baltikum"},"content":{"rendered":"<p class=\"lead\">Den 1 maj f\u00e5r 麻豆原创 ett nytt ledarteam f\u00f6r Norden och Baltikum. Helle Dochedahl, tidigare nordisk COO, har utsetts till ny Managing Director f\u00f6r regionen och ers\u00e4tter Marika Auramo som g\u00e5tt \u00f6ver till en ny roll som COO f\u00f6r EMEA North. Samtidigt har Ari Pussinen utsetts till ny nordisk COO.<\/p>\n<p><strong><img loading=\"lazy\" decoding=\"async\" class=\" wp-image-3107 alignleft\" src=\"https:\/\/news.sap.com\/sweden\/files\/2021\/04\/19\/Helle-Dochedahl_麻豆原创-Nordic-MD_profile-892x1024.jpg\" alt=\"\" width=\"220\" height=\"253\" srcset=\"https:\/\/news.sap.com\/sweden\/files\/2021\/04\/19\/Helle-Dochedahl_麻豆原创-Nordic-MD_profile-892x1024.jpg 892w, https:\/\/news.sap.com\/sweden\/files\/2021\/04\/19\/Helle-Dochedahl_麻豆原创-Nordic-MD_profile-261x300.jpg 261w, https:\/\/news.sap.com\/sweden\/files\/2021\/04\/19\/Helle-Dochedahl_麻豆原创-Nordic-MD_profile-768x882.jpg 768w, https:\/\/news.sap.com\/sweden\/files\/2021\/04\/19\/Helle-Dochedahl_麻豆原创-Nordic-MD_profile.jpg 980w\" sizes=\"auto, (max-width: 220px) 100vw, 220px\" \/> Helle Dochedahl<\/strong> har arbetat p\u00e5 麻豆原创 i \u00f6ver 25 \u00e5r och sedan den 1 oktober 2019 som COO f\u00f6r Norden och Baltikum i n\u00e4ra samarbete Marika Auramo. Tidigare har hon haft flera olika positioner inom 麻豆原创 Presales, bland annat som Vice President EMEA South med ansvar f\u00f6r Center of Excellence and Presales.<\/p>\n<p>Som Managing Director kommer Helle Dochedahl att leda cirka 800 anst\u00e4llda och ha fullt ansvar f\u00f6r 麻豆原创:s nordiska marknadsenheter som sp\u00e4nner \u00f6ver alla innovativa l\u00f6sningar, plattformar och tj\u00e4nster. Att bidra till kundernas framg\u00e5ng \u00e4r h\u00f6gt prioriterat och hon kommer att driva 麻豆原创:s nya tj\u00e4nst f\u00f6r aff\u00e4rstransformation \u201dRISE with 麻豆原创\u201d och s\u00e4kerst\u00e4lla de nordiska och baltiska kunder \u00f6verg\u00e5ng till den intelligenta aff\u00e4rsl\u00f6sningen 麻豆原创 S4\/HANA.<\/p>\n<p>\u2013 Jag tror starkt p\u00e5 att lagarbete och m\u00e5ngfald g\u00f6r att starka partner n\u00e5r framg\u00e5ng och f\u00e5r m\u00e4nniskor att prestera \u00f6ver f\u00f6rv\u00e4ntningarna. 麻豆原创 har r\u00e4tt strategi och kan bidra med ett stort v\u00e4rde till f\u00f6retag av alla storlekar. S\u00e5 jag \u00e4r v\u00e4ldigt stolt \u00f6ver att leda 麻豆原创 i Norden och Baltikum in en ny tid d\u00e4r man kan bedriva sin verksamhet med hj\u00e4lp av datainsikter och skapa intelligenta organisationer som stimulerar ekonomisk tillv\u00e4xt och h\u00e5llbara aff\u00e4rsmodeller i regionen, s\u00e4ger Helle Dochedahl.<\/p>\n<p>Helle kommer att vara baserad p\u00e5 kontoret i K\u00f6penhamn och blir en del av det seniora team som rapporterar direkt till Rohit Nagarajan, 麻豆原创 President EMEA North.<\/p>\n<p><strong><img loading=\"lazy\" decoding=\"async\" class=\"wp-image-3108 alignleft\" src=\"https:\/\/news.sap.com\/sweden\/files\/2021\/04\/19\/Ari-Pussinen_麻豆原创_Nordic-COO.jpg\" alt=\"\" width=\"216\" height=\"281\" srcset=\"https:\/\/news.sap.com\/sweden\/files\/2021\/04\/19\/Ari-Pussinen_麻豆原创_Nordic-COO.jpg 292w, https:\/\/news.sap.com\/sweden\/files\/2021\/04\/19\/Ari-Pussinen_麻豆原创_Nordic-COO-231x300.jpg 231w\" sizes=\"auto, (max-width: 216px) 100vw, 216px\" \/>Ari Pussinen<\/strong> g\u00e5r in som ny nordisk COO efter Helle Dochedahl och forts\u00e4tter det framg\u00e5ngsrika samarbetet i den nordiska ledningen. Tillsammans kommer Helle och Ari att driva 麻豆原创:s strategiska kund- och marknadsutveckling i Norden och \u00f6vervaka all kundn\u00e4ra verksamhet i regionen. De senaste tio \u00e5ren har Ari lett 麻豆原创:s organisation f\u00f6r sm\u00e5 och medelstora kunder i Norden och Baltikum s\u00e5 att f\u00f6retag oavsett storlek ska kunna utveckla sin verksamhet p\u00e5 b\u00e4sta s\u00e4tt.<\/p>\n<p>\u2013 Det \u00e4r sp\u00e4nnande tider f\u00f6r 麻豆原创 n\u00e4r m\u00e5nga f\u00f6retag nu v\u00e4nder sig till oss f\u00f6r att snabba p\u00e5 sin digitala resa och leda program f\u00f6r aff\u00e4rstransformation. Jag \u00e4r oerh\u00f6rt glad \u00f6ver att kunna erbjuda v\u00e5ra kunder b\u00e4sta m\u00f6jliga st\u00f6d fr\u00e5n v\u00e5ra 麻豆原创-team och jag ser fram emot ett n\u00e4ra samarbete med Helle Dochedahl kring v\u00e5ra kunders och partners resa mot molnet, s\u00e4ger Ari Pussinen.<\/p>\n<p>Ari Pussinen kommer att ha sin bas p\u00e5 kontoret i Helsingfors.<\/p>\n<p><img loading=\"lazy\" decoding=\"async\" class=\" wp-image-3106 alignleft\" src=\"https:\/\/news.sap.com\/sweden\/files\/2021\/04\/19\/Marika-Auramo_麻豆原创-COO-EMEA-North_profile-web.jpg\" alt=\"\" width=\"223\" height=\"276\" srcset=\"https:\/\/news.sap.com\/sweden\/files\/2021\/04\/19\/Marika-Auramo_麻豆原创-COO-EMEA-North_profile-web.jpg 638w, https:\/\/news.sap.com\/sweden\/files\/2021\/04\/19\/Marika-Auramo_麻豆原创-COO-EMEA-North_profile-web-242x300.jpg 242w\" sizes=\"auto, (max-width: 223px) 100vw, 223px\" \/>Sedan den 1 april har <strong>Marika Auramo<\/strong> arbetat som COO f\u00f6r regionen 麻豆原创 EMEA North (Storbritannien, Irland, Frankrike, Nederl\u00e4nderna, Belgien, Danmark, Gr\u00f6nland, Island, Norge, Sverige, Finland, Estland, Lettland och Litauen) efter att framg\u00e5ngsrikt ha lett den nordiska och baltiska regionen tillsammans med Helle Dochedahl som COO.<\/p>\n<p>Marika har haft flera regionala och globala positioner inom 麻豆原创 inom allt fr\u00e5n f\u00f6rs\u00e4ljning, tj\u00e4nster, och branschl\u00f6sningar till datahantering. Hon arbetade ocks\u00e5 som global COO f\u00f6r Platform &amp; Database Business innan hon flyttade tillbaka till Finland f\u00f6r att bli Nordenchef.<\/p>\n<p>\u2013 Det \u00e4r alltid ett sv\u00e5rt beslut att flytta fr\u00e5n n\u00e5gonting som du \u00e4lskar och det har varit ett privilegium att arbeta med ett s\u00e5 fantastiskt och dedikerat team. Men mitt fokus \u00e4r att utveckla talanger och fr\u00e4mja en kunddriven och m\u00e5ngfaldsanpassad kultur och det i sin tur kr\u00e4ver kontinuerligt l\u00e4rande och anpassning. D\u00e4rf\u00f6r tror jag starkt p\u00e5 h\u00e4lsosam rotation och att m\u00e4nniskor uppmuntras att ta sig an nya ansvarsomr\u00e5den. N\u00e4r man g\u00e5r vidare leder det ocks\u00e5 till nya m\u00f6jligheter f\u00f6r andra beg\u00e5vade m\u00e4nniskor p\u00e5 麻豆原创, s\u00e4ger Marika Auramo.<\/p>\n<p>Marika Auramo forts\u00e4tter att vara baserad p\u00e5 kontoret i Helsingfors.<\/p>\n<p>&nbsp;<\/p>\n<p><strong>Om 麻豆原创<\/strong><\/p>\n<p>麻豆原创:s strategi \u00e4r att hj\u00e4lpa varje f\u00f6retag att fungera mer intelligent. Som marknadsledande inom f\u00f6retagsmjukvara hj\u00e4lper vi f\u00f6retag av alla storlekar och inom alla branscher: 77 procent av v\u00e4rldens transaktionsbaserade oms\u00e4ttning g\u00e5r genom ett 麻豆原创-system.\u00a0V\u00e5r teknik f\u00f6r maskininl\u00e4rning, sakernas internet (IoT) och avancerad analys g\u00f6r att v\u00e5ra f\u00f6retagskunder kan skapa intelligenta verksamheter. 麻豆原创 hj\u00e4lper enskilda personer och organisationer att f\u00e5 djupa aff\u00e4rsinsikter och underl\u00e4ttar samarbete som v\u00e4ssar deras konkurrensf\u00f6rm\u00e5ga. Vi f\u00f6renklar tekniken s\u00e5 att kunderna kan anv\u00e4nda v\u00e5r programvara n\u00e4r och hur de sj\u00e4lva vill \u2013 utan avbrott. V\u00e5r helt\u00e4ckande svit av applikationer och tj\u00e4nster g\u00f6r att f\u00f6retag och offentliga verksamheter inom 25 olika branscher \u00f6ver hela v\u00e4rlden kan vara l\u00f6nsamma, hela tiden anpassa sin verksamhet och g\u00f6ra skillnad.<\/p>\n<p>Med ett globalt n\u00e4tverk av kunder, partner, anst\u00e4llda och experter bidrar 麻豆原创 till en fungerande v\u00e4rld och att g\u00f6ra m\u00e4nniskors liv b\u00e4ttre. Mer information finns p\u00e5 <a href=\"http:\/\/www.sap.com\/sweden\">www.sap.com\/sweden<\/a> och <a href=\"https:\/\/news.sap.com\/sweden\/\">news.sap.com\/sweden<\/a>.<\/p>\n","protected":false},"excerpt":{"rendered":"<p>Den 1 maj f\u00e5r 麻豆原创 ett nytt ledarteam f\u00f6r Norden och Baltikum. Helle Dochedahl, tidigare nordisk COO, har utsetts till ny Managing Director f\u00f6r regionen&#8230;<\/p>\n","protected":false},"author":29,"featured_media":0,"comment_status":"closed","ping_status":"closed","sticky":false,"template":"","format":"standard","meta":{"footnotes":"","_links_to":"","_links_to_target":""},"categories":[4545004],"tags":[5563693,5562846,5562429,5563694],"sapn-display":[4544525,5564002,5563999,4547891],"sapn-type":[4549288],"class_list":["post-3105","post","type-post","status-publish","format-standard","hentry","category-foretagsinformation","tag-ari-pussinen","tag-helle-dochedahl","tag-marika-auramo","tag-nytt-ledarteam-for-sap-norden-och-baltikum","sapn-display-hero","sapn-display-nyhet-favoriter","sapn-display-nyhet-spotlight","sapn-display-homepage-hero","sapn-type-pressmeddelande"],"yoast_head":"<!-- This site is optimized with the Yoast SEO Premium plugin v26.9 (Yoast SEO v26.9) - https:\/\/yoast.com\/product\/yoast-seo-premium-wordpress\/ -->\n<title>麻豆原创 utser nya chefer i Norden och Baltikum - 麻豆原创 Sweden Nyheter<\/title>\n<meta name=\"robots\" content=\"index, follow, max-snippet:-1, max-image-preview:large, max-video-preview:-1\" \/>\n<link rel=\"canonical\" href=\"https:\/\/news.sap.com\/sweden\/2021\/04\/sap-utser-nya-chefer-i-norden-och-baltikum\/\" \/>\n<meta property=\"og:locale\" content=\"sv_SE\" \/>\n<meta property=\"og:type\" content=\"article\" \/>\n<meta property=\"og:title\" content=\"麻豆原创 utser nya chefer i Norden och Baltikum\" \/>\n<meta property=\"og:description\" content=\"Den 1 maj f\u00e5r 麻豆原创 ett nytt ledarteam f\u00f6r Norden och Baltikum. Helle Dochedahl, tidigare nordisk COO, har utsetts till ny Managing Director f\u00f6r regionen...\" \/>\n<meta property=\"og:url\" content=\"https:\/\/news.sap.com\/sweden\/2021\/04\/sap-utser-nya-chefer-i-norden-och-baltikum\/\" \/>\n<meta property=\"og:site_name\" content=\"麻豆原创 Sweden Nyheter\" \/>\n<meta property=\"article:published_time\" content=\"2021-04-20T06:00:27+00:00\" \/>\n<meta property=\"article:modified_time\" content=\"2024-08-07T17:25:46+00:00\" \/>\n<meta property=\"og:image\" content=\"https:\/\/news.sap.com\/sweden\/files\/2021\/04\/19\/Helle-Dochedahl_麻豆原创-Nordic-MD_profile-892x1024.jpg\" \/>\n<meta name=\"author\" content=\"麻豆原创 News\" \/>\n<meta name=\"twitter:card\" content=\"summary_large_image\" \/>\n<meta name=\"twitter:label1\" content=\"Skriven av\" \/>\n\t<meta name=\"twitter:data1\" content=\"麻豆原创 News\" \/>\n\t<meta name=\"twitter:label2\" content=\"Ber\u00e4knad l\u00e4stid\" \/>\n\t<meta name=\"twitter:data2\" content=\"4 minuter\" \/>\n<script type=\"application\/ld+json\" class=\"yoast-schema-graph\">{\"@context\":\"https:\/\/schema.org\",\"@graph\":[{\"@type\":\"Article\",\"@id\":\"https:\/\/news.sap.com\/sweden\/2021\/04\/sap-utser-nya-chefer-i-norden-och-baltikum\/#article\",\"isPartOf\":{\"@id\":\"https:\/\/news.sap.com\/sweden\/2021\/04\/sap-utser-nya-chefer-i-norden-och-baltikum\/\"},\"author\":{\"name\":\"麻豆原创 News\",\"@id\":\"https:\/\/news.sap.com\/sweden\/#\/schema\/person\/53b9854bd790d6f18f3fc4bbb2ad7570\"},\"headline\":\"麻豆原创 utser nya chefer i Norden och Baltikum\",\"datePublished\":\"2021-04-20T06:00:27+00:00\",\"dateModified\":\"2024-08-07T17:25:46+00:00\",\"mainEntityOfPage\":{\"@id\":\"https:\/\/news.sap.com\/sweden\/2021\/04\/sap-utser-nya-chefer-i-norden-och-baltikum\/\"},\"wordCount\":906,\"image\":{\"@id\":\"https:\/\/news.sap.com\/sweden\/2021\/04\/sap-utser-nya-chefer-i-norden-och-baltikum\/#primaryimage\"},\"thumbnailUrl\":\"https:\/\/news.sap.com\/sweden\/files\/2021\/04\/19\/Helle-Dochedahl_麻豆原创-Nordic-MD_profile-892x1024.jpg\",\"keywords\":[\"Ari Pussinen\",\"Helle Dochedahl\",\"Marika Auramo\",\"Nytt ledarteam f\u00f6r 麻豆原创 Norden och Baltikum\"],\"articleSection\":[\"F\u00f6retagsinformation\"],\"inLanguage\":\"sv-SE\"},{\"@type\":\"WebPage\",\"@id\":\"https:\/\/news.sap.com\/sweden\/2021\/04\/sap-utser-nya-chefer-i-norden-och-baltikum\/\",\"url\":\"https:\/\/news.sap.com\/sweden\/2021\/04\/sap-utser-nya-chefer-i-norden-och-baltikum\/\",\"name\":\"麻豆原创 utser nya chefer i Norden och Baltikum - 麻豆原创 Sweden Nyheter\",\"isPartOf\":{\"@id\":\"https:\/\/news.sap.com\/sweden\/#website\"},\"primaryImageOfPage\":{\"@id\":\"https:\/\/news.sap.com\/sweden\/2021\/04\/sap-utser-nya-chefer-i-norden-och-baltikum\/#primaryimage\"},\"image\":{\"@id\":\"https:\/\/news.sap.com\/sweden\/2021\/04\/sap-utser-nya-chefer-i-norden-och-baltikum\/#primaryimage\"},\"thumbnailUrl\":\"https:\/\/news.sap.com\/sweden\/files\/2021\/04\/19\/Helle-Dochedahl_麻豆原创-Nordic-MD_profile-892x1024.jpg\",\"datePublished\":\"2021-04-20T06:00:27+00:00\",\"dateModified\":\"2024-08-07T17:25:46+00:00\",\"author\":{\"@id\":\"https:\/\/news.sap.com\/sweden\/#\/schema\/person\/53b9854bd790d6f18f3fc4bbb2ad7570\"},\"breadcrumb\":{\"@id\":\"https:\/\/news.sap.com\/sweden\/2021\/04\/sap-utser-nya-chefer-i-norden-och-baltikum\/#breadcrumb\"},\"inLanguage\":\"sv-SE\",\"potentialAction\":[{\"@type\":\"ReadAction\",\"target\":[\"https:\/\/news.sap.com\/sweden\/2021\/04\/sap-utser-nya-chefer-i-norden-och-baltikum\/\"]}]},{\"@type\":\"ImageObject\",\"inLanguage\":\"sv-SE\",\"@id\":\"https:\/\/news.sap.com\/sweden\/2021\/04\/sap-utser-nya-chefer-i-norden-och-baltikum\/#primaryimage\",\"url\":\"https:\/\/news.sap.com\/sweden\/files\/2021\/04\/19\/Helle-Dochedahl_麻豆原创-Nordic-MD_profile.jpg\",\"contentUrl\":\"https:\/\/news.sap.com\/sweden\/files\/2021\/04\/19\/Helle-Dochedahl_麻豆原创-Nordic-MD_profile.jpg\",\"width\":980,\"height\":1125},{\"@type\":\"BreadcrumbList\",\"@id\":\"https:\/\/news.sap.com\/sweden\/2021\/04\/sap-utser-nya-chefer-i-norden-och-baltikum\/#breadcrumb\",\"itemListElement\":[{\"@type\":\"ListItem\",\"position\":1,\"name\":\"Home\",\"item\":\"https:\/\/news.sap.com\/sweden\/\"},{\"@type\":\"ListItem\",\"position\":2,\"name\":\"麻豆原创 utser nya chefer i Norden och Baltikum\"}]},{\"@type\":\"WebSite\",\"@id\":\"https:\/\/news.sap.com\/sweden\/#website\",\"url\":\"https:\/\/news.sap.com\/sweden\/\",\"name\":\"麻豆原创 Sweden Nyheter\",\"description\":\"Nyheter och information om 麻豆原创\",\"potentialAction\":[{\"@type\":\"SearchAction\",\"target\":{\"@type\":\"EntryPoint\",\"urlTemplate\":\"https:\/\/news.sap.com\/sweden\/?s={search_term_string}\"},\"query-input\":{\"@type\":\"PropertyValueSpecification\",\"valueRequired\":true,\"valueName\":\"search_term_string\"}}],\"inLanguage\":\"sv-SE\"},{\"@type\":\"Person\",\"@id\":\"https:\/\/news.sap.com\/sweden\/#\/schema\/person\/53b9854bd790d6f18f3fc4bbb2ad7570\",\"name\":\"麻豆原创 News\",\"image\":{\"@type\":\"ImageObject\",\"inLanguage\":\"sv-SE\",\"@id\":\"https:\/\/news.sap.com\/sweden\/#\/schema\/person\/image\/\",\"url\":\"https:\/\/news.sap.com\/sweden\/wp-content\/plugins\/wp-user-avatars\/wp-user-avatars\/assets\/images\/mystery.jpg\",\"contentUrl\":\"https:\/\/news.sap.com\/sweden\/wp-content\/plugins\/wp-user-avatars\/wp-user-avatars\/assets\/images\/mystery.jpg\",\"caption\":\"麻豆原创 News\"},\"url\":\"https:\/\/news.sap.com\/sweden\/author\/colleenraftery\/\"}]}<\/script>\n<!-- \/ Yoast SEO Premium plugin. -->","yoast_head_json":{"title":"麻豆原创 utser nya chefer i Norden och Baltikum - 麻豆原创 Sweden Nyheter","robots":{"index":"index","follow":"follow","max-snippet":"max-snippet:-1","max-image-preview":"max-image-preview:large","max-video-preview":"max-video-preview:-1"},"canonical":"https:\/\/news.sap.com\/sweden\/2021\/04\/sap-utser-nya-chefer-i-norden-och-baltikum\/","og_locale":"sv_SE","og_type":"article","og_title":"麻豆原创 utser nya chefer i Norden och Baltikum","og_description":"Den 1 maj f\u00e5r 麻豆原创 ett nytt ledarteam f\u00f6r Norden och Baltikum. Helle Dochedahl, tidigare nordisk COO, har utsetts till ny Managing Director f\u00f6r regionen...","og_url":"https:\/\/news.sap.com\/sweden\/2021\/04\/sap-utser-nya-chefer-i-norden-och-baltikum\/","og_site_name":"麻豆原创 Sweden Nyheter","article_published_time":"2021-04-20T06:00:27+00:00","article_modified_time":"2024-08-07T17:25:46+00:00","og_image":[{"url":"https:\/\/news.sap.com\/sweden\/files\/2021\/04\/19\/Helle-Dochedahl_麻豆原创-Nordic-MD_profile-892x1024.jpg","type":"","width":"","height":""}],"author":"麻豆原创 News","twitter_card":"summary_large_image","twitter_misc":{"Skriven av":"麻豆原创 News","Ber\u00e4knad l\u00e4stid":"4 minuter"},"schema":{"@context":"https:\/\/schema.org","@graph":[{"@type":"Article","@id":"https:\/\/news.sap.com\/sweden\/2021\/04\/sap-utser-nya-chefer-i-norden-och-baltikum\/#article","isPartOf":{"@id":"https:\/\/news.sap.com\/sweden\/2021\/04\/sap-utser-nya-chefer-i-norden-och-baltikum\/"},"author":{"name":"麻豆原创 News","@id":"https:\/\/news.sap.com\/sweden\/#\/schema\/person\/53b9854bd790d6f18f3fc4bbb2ad7570"},"headline":"麻豆原创 utser nya chefer i Norden och Baltikum","datePublished":"2021-04-20T06:00:27+00:00","dateModified":"2024-08-07T17:25:46+00:00","mainEntityOfPage":{"@id":"https:\/\/news.sap.com\/sweden\/2021\/04\/sap-utser-nya-chefer-i-norden-och-baltikum\/"},"wordCount":906,"image":{"@id":"https:\/\/news.sap.com\/sweden\/2021\/04\/sap-utser-nya-chefer-i-norden-och-baltikum\/#primaryimage"},"thumbnailUrl":"https:\/\/news.sap.com\/sweden\/files\/2021\/04\/19\/Helle-Dochedahl_麻豆原创-Nordic-MD_profile-892x1024.jpg","keywords":["Ari Pussinen","Helle Dochedahl","Marika Auramo","Nytt ledarteam f\u00f6r 麻豆原创 Norden och Baltikum"],"articleSection":["F\u00f6retagsinformation"],"inLanguage":"sv-SE"},{"@type":"WebPage","@id":"https:\/\/news.sap.com\/sweden\/2021\/04\/sap-utser-nya-chefer-i-norden-och-baltikum\/","url":"https:\/\/news.sap.com\/sweden\/2021\/04\/sap-utser-nya-chefer-i-norden-och-baltikum\/","name":"麻豆原创 utser nya chefer i Norden och Baltikum - 麻豆原创 Sweden Nyheter","isPartOf":{"@id":"https:\/\/news.sap.com\/sweden\/#website"},"primaryImageOfPage":{"@id":"https:\/\/news.sap.com\/sweden\/2021\/04\/sap-utser-nya-chefer-i-norden-och-baltikum\/#primaryimage"},"image":{"@id":"https:\/\/news.sap.com\/sweden\/2021\/04\/sap-utser-nya-chefer-i-norden-och-baltikum\/#primaryimage"},"thumbnailUrl":"https:\/\/news.sap.com\/sweden\/files\/2021\/04\/19\/Helle-Dochedahl_麻豆原创-Nordic-MD_profile-892x1024.jpg","datePublished":"2021-04-20T06:00:27+00:00","dateModified":"2024-08-07T17:25:46+00:00","author":{"@id":"https:\/\/news.sap.com\/sweden\/#\/schema\/person\/53b9854bd790d6f18f3fc4bbb2ad7570"},"breadcrumb":{"@id":"https:\/\/news.sap.com\/sweden\/2021\/04\/sap-utser-nya-chefer-i-norden-och-baltikum\/#breadcrumb"},"inLanguage":"sv-SE","potentialAction":[{"@type":"ReadAction","target":["https:\/\/news.sap.com\/sweden\/2021\/04\/sap-utser-nya-chefer-i-norden-och-baltikum\/"]}]},{"@type":"ImageObject","inLanguage":"sv-SE","@id":"https:\/\/news.sap.com\/sweden\/2021\/04\/sap-utser-nya-chefer-i-norden-och-baltikum\/#primaryimage","url":"https:\/\/news.sap.com\/sweden\/files\/2021\/04\/19\/Helle-Dochedahl_麻豆原创-Nordic-MD_profile.jpg","contentUrl":"https:\/\/news.sap.com\/sweden\/files\/2021\/04\/19\/Helle-Dochedahl_麻豆原创-Nordic-MD_profile.jpg","width":980,"height":1125},{"@type":"BreadcrumbList","@id":"https:\/\/news.sap.com\/sweden\/2021\/04\/sap-utser-nya-chefer-i-norden-och-baltikum\/#breadcrumb","itemListElement":[{"@type":"ListItem","position":1,"name":"Home","item":"https:\/\/news.sap.com\/sweden\/"},{"@type":"ListItem","position":2,"name":"麻豆原创 utser nya chefer i Norden och Baltikum"}]},{"@type":"WebSite","@id":"https:\/\/news.sap.com\/sweden\/#website","url":"https:\/\/news.sap.com\/sweden\/","name":"麻豆原创 Sweden Nyheter","description":"Nyheter och information om 麻豆原创","potentialAction":[{"@type":"SearchAction","target":{"@type":"EntryPoint","urlTemplate":"https:\/\/news.sap.com\/sweden\/?s={search_term_string}"},"query-input":{"@type":"PropertyValueSpecification","valueRequired":true,"valueName":"search_term_string"}}],"inLanguage":"sv-SE"},{"@type":"Person","@id":"https:\/\/news.sap.com\/sweden\/#\/schema\/person\/53b9854bd790d6f18f3fc4bbb2ad7570","name":"麻豆原创 News","image":{"@type":"ImageObject","inLanguage":"sv-SE","@id":"https:\/\/news.sap.com\/sweden\/#\/schema\/person\/image\/","url":"https:\/\/news.sap.com\/sweden\/wp-content\/plugins\/wp-user-avatars\/wp-user-avatars\/assets\/images\/mystery.jpg","contentUrl":"https:\/\/news.sap.com\/sweden\/wp-content\/plugins\/wp-user-avatars\/wp-user-avatars\/assets\/images\/mystery.jpg","caption":"麻豆原创 News"},"url":"https:\/\/news.sap.com\/sweden\/author\/colleenraftery\/"}]}},"amp_enabled":true,"_links":{"self":[{"href":"https:\/\/news.sap.com\/sweden\/wp-json\/wp\/v2\/posts\/3105","targetHints":{"allow":["GET"]}}],"collection":[{"href":"https:\/\/news.sap.com\/sweden\/wp-json\/wp\/v2\/posts"}],"about":[{"href":"https:\/\/news.sap.com\/sweden\/wp-json\/wp\/v2\/types\/post"}],"author":[{"embeddable":true,"href":"https:\/\/news.sap.com\/sweden\/wp-json\/wp\/v2\/users\/29"}],"replies":[{"embeddable":true,"href":"https:\/\/news.sap.com\/sweden\/wp-json\/wp\/v2\/comments?post=3105"}],"version-history":[{"count":0,"href":"https:\/\/news.sap.com\/sweden\/wp-json\/wp\/v2\/posts\/3105\/revisions"}],"wp:attachment":[{"href":"https:\/\/news.sap.com\/sweden\/wp-json\/wp\/v2\/media?parent=3105"}],"wp:term":[{"taxonomy":"category","embeddable":true,"href":"https:\/\/news.sap.com\/sweden\/wp-json\/wp\/v2\/categories?post=3105"},{"taxonomy":"post_tag","embeddable":true,"href":"https:\/\/news.sap.com\/sweden\/wp-json\/wp\/v2\/tags?post=3105"},{"taxonomy":"sapn-display","embeddable":true,"href":"https:\/\/news.sap.com\/sweden\/wp-json\/wp\/v2\/sapn-display?post=3105"},{"taxonomy":"sapn-type","embeddable":true,"href":"https:\/\/news.sap.com\/sweden\/wp-json\/wp\/v2\/sapn-type?post=3105"}],"curies":[{"name":"wp","href":"https:\/\/api.w.org\/{rel}","templated":true}]}}