  {"id":3072,"date":"2021-03-29T07:23:34","date_gmt":"2021-03-29T06:23:34","guid":{"rendered":"https:\/\/news.sap.com\/sweden\/?p=3072"},"modified":"2024-08-07T19:47:12","modified_gmt":"2024-08-07T17:47:12","slug":"digital-north-2-0-ett-stort-steg-i-ratt-riktning","status":"publish","type":"post","link":"https:\/\/news.sap.com\/sweden\/2021\/03\/digital-north-2-0-ett-stort-steg-i-ratt-riktning\/","title":{"rendered":"Digital North 2.0 \u2013 ett stort steg i r\u00e4tt riktning"},"content":{"rendered":"<p class=\"lead\">Digital North 2.0 \u00e4r ett extremt relevant initiativ sett till de stora globala genombrotten inom gr\u00f6n omst\u00e4llning, reglering av v\u00e4rldshandeln och samspelet mellan individ, teknik och demokrati.<\/p>\n<p>Det var d\u00e4rf\u00f6r v\u00e4ldigt v\u00e4lkommet att de nordiska och baltiska ministrarna godk\u00e4nde deklarationen. Men det r\u00e4cker inte. Nu m\u00e5ste det Nordiska ministerr\u00e5det g\u00e5 fr\u00e5n ord till handling och utarbeta en tydlig f\u00e4rdplan fram till 2030.<\/p>\n<p>En gr\u00f6n omst\u00e4llning \u00e4r inte genomf\u00f6rbar utan digital teknik. En reglering och beskattning av koldioxidbelastningen kr\u00e4ver transparens och hanteringsverktyg.<\/p>\n<p>Klimatavtrycket m\u00e5ste g\u00e5 att m\u00e4ta, analysera och hantera genom ett f\u00f6retags hela v\u00e4rdekedja \u2013 \u00a0och vara en naturlig del i alla beslut om produktion, distribution och upphandling. Digitalisering \u00e4r inte ett m\u00e5l i sig. Men det \u00e4r b\u00e5de logiskt och n\u00f6dv\u00e4ndigt att det \u00e4r motorn i den gr\u00f6na omst\u00e4llningen.<\/p>\n<p><strong>Deklarationen s\u00e4tter m\u00e5l f\u00f6r digitaliseringssamarbetet i Norden-Baltikum<\/strong><\/p>\n<p>Vikten av en gr\u00f6n och h\u00e5llbar ekonomi, samspelet mellan data och demokrati och de f\u00f6r\u00e4ndringar i v\u00e4rldshandeln som kan p\u00e5verka maktbalansen mellan USA, Kina och Europa, alla \u00e4r de avg\u00f6rande fr\u00e5gor f\u00f6r v\u00e5r tid.<\/p>\n<p>I deklarationen som godk\u00e4ndes i oktober 2020 av Norge, Sverige, Finland, \u00c5land, Island, Danmark, F\u00e4r\u00f6arna, Gr\u00f6nland, Estland, Lettland och Litauen sl\u00e5r man fast den politiska inriktningen f\u00f6r de nordisk-baltiska l\u00e4ndernas digitaliseringssamarbete under perioden 2021 till 2024. De tre \u00f6vergripande m\u00e5len \u00e4r att:<\/p>\n<ul>\n<li>\u00d6ka r\u00f6rligheten och integrationen i Norden-Baltikum genom att skapa ett gemensamt omr\u00e5de med gr\u00e4ns\u00f6verskridande digitala l\u00f6sningar<\/li>\n<li>Fr\u00e4mja gr\u00f6n ekonomisk tillv\u00e4xt och h\u00e5llbar utveckling i omr\u00e5det genom datadriven innovation och en r\u00e4ttvis dataekonomi, d\u00e4r data delas och \u00e5teranv\u00e4nds effektivt<\/li>\n<li>Fr\u00e4mja nordiskt-baltiskt ledarskap f\u00f6r en h\u00e5llbar och inkluderande digitalisering inom EU\/EES och internationellt<\/li>\n<\/ul>\n<p><strong>Nordens strategi kan bli ledande<\/strong><\/p>\n<p>Strategin \u00e4r helt r\u00e4tt av flera sk\u00e4l. Viktigast \u00e4r kanske att flera sm\u00e5 l\u00e4nder som samarbetar har m\u00f6jlighet att fortsatt forma Europas strategi f\u00f6r hur man ska anv\u00e4nda data och digital teknik.<\/p>\n<p>V\u00e5ra l\u00e4nder pr\u00e4glas i h\u00f6g grad av n\u00e4rhet, j\u00e4mlikhet och tillit och en v\u00e4lf\u00e4rdsinriktad samh\u00e4llsmodell med h\u00f6gt v\u00e4lst\u00e5nd. Det \u00e4r en bra grund f\u00f6r att skapa en digitalisering som blir h\u00e5llbar p\u00e5 l\u00e5ng sikt. Det handlar om att st\u00e4rka demokratin och sprida dataekonomin och samtidigt ha medborgarnas b\u00e4sta f\u00f6r \u00f6gonen i datahanteringen.<\/p>\n<p><strong>Viktigt med digitalisering som ser till medborgarens r\u00e4tt<\/strong><\/p>\n<p>EU har hittills spelat en ledande roll n\u00e4r det g\u00e4ller politisk reglering inom digitaliseringsomr\u00e5det. Det finns sk\u00e4l till att h\u00e5lla fast vid den positionen.<\/p>\n<p>Den kinesiska modellen med en n\u00e4ra och icke-transparent koppling mellan stat och teknikf\u00f6retag ligger mycket l\u00e5ngt ifr\u00e5n en v\u00e4sterl\u00e4ndsk och demokratisk samh\u00e4llsmodell. Och den amerikanska modellen d\u00e4r ett f\u00e5tal storf\u00f6retag dominerar utan n\u00e5gra eller f\u00e5 regleringar \u00e4r under omvandling som f\u00f6rmodligen leder till \u00f6kad reglering och eventuellt uppdelning av de stora teknikf\u00f6retagen.<\/p>\n<p>EU och de Nordisk-Baltiska l\u00e4nderna st\u00e5r f\u00f6r en tredje v\u00e4g som s\u00e4tter demokrati och medborgare fr\u00e4mst. Det ska vi vara stolta \u00f6ver.<\/p>\n<p>Nu \u00e4r det upp till Nordiska ministerr\u00e5det att utarbeta en tydlig f\u00e4rdplan och s\u00e4tta milstolpar f\u00f6r visionerna fram till 2030. Jag \u00f6nskar projektet all lycka till p\u00e5 resan.<\/p>\n<p>&nbsp;<\/p>\n<p><em>Av Per Alm, vd f\u00f6r 麻豆原创 Svenska<\/em><\/p>\n<p><img loading=\"lazy\" decoding=\"async\" class=\"alignnone size-medium wp-image-2908\" src=\"https:\/\/news.sap.com\/sweden\/files\/2020\/06\/PerAlm_Landschef麻豆原创Svenska_2-e1593088248618-252x300.jpg\" alt=\"\" width=\"252\" height=\"300\" srcset=\"https:\/\/news.sap.com\/sweden\/files\/2020\/06\/PerAlm_Landschef麻豆原创Svenska_2-e1593088248618-252x300.jpg 252w, https:\/\/news.sap.com\/sweden\/files\/2020\/06\/PerAlm_Landschef麻豆原创Svenska_2-e1593088248618-862x1024.jpg 862w, https:\/\/news.sap.com\/sweden\/files\/2020\/06\/PerAlm_Landschef麻豆原创Svenska_2-e1593088248618-768x913.jpg 768w, https:\/\/news.sap.com\/sweden\/files\/2020\/06\/PerAlm_Landschef麻豆原创Svenska_2-e1593088248618-1292x1536.jpg 1292w, https:\/\/news.sap.com\/sweden\/files\/2020\/06\/PerAlm_Landschef麻豆原创Svenska_2-e1593088248618-1723x2048.jpg 1723w, https:\/\/news.sap.com\/sweden\/files\/2020\/06\/PerAlm_Landschef麻豆原创Svenska_2-e1593088248618.jpg 1905w\" sizes=\"auto, (max-width: 252px) 100vw, 252px\" \/><\/p>\n<p>L\u00e4s den den Nordiska deklarationen\u00a0<a href=\"https:\/\/www.norden.org\/en\/declaration\/ministerial-declaration-digital-north-20\">Digital North 2.0<\/a><\/p>\n","protected":false},"excerpt":{"rendered":"<p>Digital North 2.0 \u00e4r ett extremt relevant initiativ sett till de stora globala genombrotten inom gr\u00f6n omst\u00e4llning, reglering av v\u00e4rldshandeln och samspelet mellan individ, teknik&#8230;<\/p>\n","protected":false},"author":3257,"featured_media":0,"comment_status":"closed","ping_status":"closed","sticky":false,"template":"","format":"standard","meta":{"footnotes":"","_links_to":"","_links_to_target":""},"categories":[4503881,4545004,4545414],"tags":[5563679,5563685,5563250,4525388,5563678,5562388,5562428,5563680],"sapn-display":[4544525,5564001,5564000,4547891],"sapn-type":[5562140],"class_list":["post-3072","post","type-post","status-publish","format-standard","hentry","category-ekosystem","category-foretagsinformation","category-kunder","tag-demokrati","tag-digital-north-2-0","tag-digital-transformation","tag-digitalisering","tag-norden","tag-per-alm","tag-sap-sverige","tag-teknik","sapn-display-hero","sapn-display-artikel-favoriter","sapn-display-artikel-spotlight","sapn-display-homepage-hero","sapn-type-artikel"],"yoast_head":"<!-- This site is optimized with the Yoast SEO Premium plugin v26.9 (Yoast SEO v26.9) - https:\/\/yoast.com\/product\/yoast-seo-premium-wordpress\/ -->\n<title>Digital North 2.0 \u2013 ett stort steg i r\u00e4tt riktning - 麻豆原创 Sweden Nyheter<\/title>\n<meta name=\"robots\" content=\"index, follow, max-snippet:-1, max-image-preview:large, max-video-preview:-1\" \/>\n<link rel=\"canonical\" href=\"https:\/\/news.sap.com\/sweden\/2021\/03\/digital-north-2-0-ett-stort-steg-i-ratt-riktning\/\" \/>\n<meta property=\"og:locale\" content=\"sv_SE\" \/>\n<meta property=\"og:type\" content=\"article\" \/>\n<meta property=\"og:title\" content=\"Digital North 2.0 \u2013 ett stort steg i r\u00e4tt riktning\" \/>\n<meta property=\"og:description\" content=\"Digital North 2.0 \u00e4r ett extremt relevant initiativ sett till de stora globala genombrotten inom gr\u00f6n omst\u00e4llning, reglering av v\u00e4rldshandeln och samspelet mellan individ, teknik...\" \/>\n<meta property=\"og:url\" content=\"https:\/\/news.sap.com\/sweden\/2021\/03\/digital-north-2-0-ett-stort-steg-i-ratt-riktning\/\" \/>\n<meta property=\"og:site_name\" content=\"麻豆原创 Sweden Nyheter\" \/>\n<meta property=\"article:published_time\" content=\"2021-03-29T06:23:34+00:00\" \/>\n<meta property=\"article:modified_time\" content=\"2024-08-07T17:47:12+00:00\" \/>\n<meta property=\"og:image\" content=\"https:\/\/news.sap.com\/sweden\/files\/2020\/06\/PerAlm_Landschef麻豆原创Svenska_2-e1593088248618-252x300.jpg\" \/>\n<meta name=\"author\" content=\"Per Alm\" \/>\n<meta name=\"twitter:card\" content=\"summary_large_image\" \/>\n<meta name=\"twitter:label1\" content=\"Skriven av\" \/>\n\t<meta name=\"twitter:data1\" content=\"Per Alm\" \/>\n\t<meta name=\"twitter:label2\" content=\"Ber\u00e4knad l\u00e4stid\" \/>\n\t<meta name=\"twitter:data2\" content=\"3 minuter\" \/>\n<script type=\"application\/ld+json\" class=\"yoast-schema-graph\">{\"@context\":\"https:\/\/schema.org\",\"@graph\":[{\"@type\":\"Article\",\"@id\":\"https:\/\/news.sap.com\/sweden\/2021\/03\/digital-north-2-0-ett-stort-steg-i-ratt-riktning\/#article\",\"isPartOf\":{\"@id\":\"https:\/\/news.sap.com\/sweden\/2021\/03\/digital-north-2-0-ett-stort-steg-i-ratt-riktning\/\"},\"author\":{\"name\":\"Per Alm\",\"@id\":\"https:\/\/news.sap.com\/sweden\/#\/schema\/person\/ee87c5d0dd8f2fa04706b1d1e1fec749\"},\"headline\":\"Digital North 2.0 \u2013 ett stort steg i r\u00e4tt riktning\",\"datePublished\":\"2021-03-29T06:23:34+00:00\",\"dateModified\":\"2024-08-07T17:47:12+00:00\",\"mainEntityOfPage\":{\"@id\":\"https:\/\/news.sap.com\/sweden\/2021\/03\/digital-north-2-0-ett-stort-steg-i-ratt-riktning\/\"},\"wordCount\":624,\"image\":{\"@id\":\"https:\/\/news.sap.com\/sweden\/2021\/03\/digital-north-2-0-ett-stort-steg-i-ratt-riktning\/#primaryimage\"},\"thumbnailUrl\":\"https:\/\/news.sap.com\/sweden\/files\/2020\/06\/PerAlm_Landschef麻豆原创Svenska_2-e1593088248618-252x300.jpg\",\"keywords\":[\"demokrati\",\"Digital North 2.0\",\"digital transformation\",\"digitalisering\",\"Norden\",\"Per Alm\",\"麻豆原创 Sverige\",\"teknik\"],\"articleSection\":[\"Ekosystem\",\"F\u00f6retagsinformation\",\"Kunder\"],\"inLanguage\":\"sv-SE\"},{\"@type\":\"WebPage\",\"@id\":\"https:\/\/news.sap.com\/sweden\/2021\/03\/digital-north-2-0-ett-stort-steg-i-ratt-riktning\/\",\"url\":\"https:\/\/news.sap.com\/sweden\/2021\/03\/digital-north-2-0-ett-stort-steg-i-ratt-riktning\/\",\"name\":\"Digital North 2.0 \u2013 ett stort steg i r\u00e4tt riktning - 麻豆原创 Sweden Nyheter\",\"isPartOf\":{\"@id\":\"https:\/\/news.sap.com\/sweden\/#website\"},\"primaryImageOfPage\":{\"@id\":\"https:\/\/news.sap.com\/sweden\/2021\/03\/digital-north-2-0-ett-stort-steg-i-ratt-riktning\/#primaryimage\"},\"image\":{\"@id\":\"https:\/\/news.sap.com\/sweden\/2021\/03\/digital-north-2-0-ett-stort-steg-i-ratt-riktning\/#primaryimage\"},\"thumbnailUrl\":\"https:\/\/news.sap.com\/sweden\/files\/2020\/06\/PerAlm_Landschef麻豆原创Svenska_2-e1593088248618-252x300.jpg\",\"datePublished\":\"2021-03-29T06:23:34+00:00\",\"dateModified\":\"2024-08-07T17:47:12+00:00\",\"author\":{\"@id\":\"https:\/\/news.sap.com\/sweden\/#\/schema\/person\/ee87c5d0dd8f2fa04706b1d1e1fec749\"},\"breadcrumb\":{\"@id\":\"https:\/\/news.sap.com\/sweden\/2021\/03\/digital-north-2-0-ett-stort-steg-i-ratt-riktning\/#breadcrumb\"},\"inLanguage\":\"sv-SE\",\"potentialAction\":[{\"@type\":\"ReadAction\",\"target\":[\"https:\/\/news.sap.com\/sweden\/2021\/03\/digital-north-2-0-ett-stort-steg-i-ratt-riktning\/\"]}]},{\"@type\":\"ImageObject\",\"inLanguage\":\"sv-SE\",\"@id\":\"https:\/\/news.sap.com\/sweden\/2021\/03\/digital-north-2-0-ett-stort-steg-i-ratt-riktning\/#primaryimage\",\"url\":\"https:\/\/news.sap.com\/sweden\/files\/2020\/06\/PerAlm_Landschef麻豆原创Svenska_2-e1593088248618.jpg\",\"contentUrl\":\"https:\/\/news.sap.com\/sweden\/files\/2020\/06\/PerAlm_Landschef麻豆原创Svenska_2-e1593088248618.jpg\",\"width\":1905,\"height\":2264},{\"@type\":\"BreadcrumbList\",\"@id\":\"https:\/\/news.sap.com\/sweden\/2021\/03\/digital-north-2-0-ett-stort-steg-i-ratt-riktning\/#breadcrumb\",\"itemListElement\":[{\"@type\":\"ListItem\",\"position\":1,\"name\":\"Home\",\"item\":\"https:\/\/news.sap.com\/sweden\/\"},{\"@type\":\"ListItem\",\"position\":2,\"name\":\"Digital North 2.0 \u2013 ett stort steg i r\u00e4tt riktning\"}]},{\"@type\":\"WebSite\",\"@id\":\"https:\/\/news.sap.com\/sweden\/#website\",\"url\":\"https:\/\/news.sap.com\/sweden\/\",\"name\":\"麻豆原创 Sweden Nyheter\",\"description\":\"Nyheter och information om 麻豆原创\",\"potentialAction\":[{\"@type\":\"SearchAction\",\"target\":{\"@type\":\"EntryPoint\",\"urlTemplate\":\"https:\/\/news.sap.com\/sweden\/?s={search_term_string}\"},\"query-input\":{\"@type\":\"PropertyValueSpecification\",\"valueRequired\":true,\"valueName\":\"search_term_string\"}}],\"inLanguage\":\"sv-SE\"},{\"@type\":\"Person\",\"@id\":\"https:\/\/news.sap.com\/sweden\/#\/schema\/person\/ee87c5d0dd8f2fa04706b1d1e1fec749\",\"name\":\"Per Alm\",\"image\":{\"@type\":\"ImageObject\",\"inLanguage\":\"sv-SE\",\"@id\":\"https:\/\/news.sap.com\/sweden\/#\/schema\/person\/image\/\",\"url\":\"https:\/\/news.sap.com\/sweden\/wp-content\/plugins\/wp-user-avatars\/wp-user-avatars\/assets\/images\/mystery.jpg\",\"contentUrl\":\"https:\/\/news.sap.com\/sweden\/wp-content\/plugins\/wp-user-avatars\/wp-user-avatars\/assets\/images\/mystery.jpg\",\"caption\":\"Per Alm\"},\"url\":\"https:\/\/news.sap.com\/sweden\/author\/peralm\/\"}]}<\/script>\n<!-- \/ Yoast SEO Premium plugin. -->","yoast_head_json":{"title":"Digital North 2.0 \u2013 ett stort steg i r\u00e4tt riktning - 麻豆原创 Sweden Nyheter","robots":{"index":"index","follow":"follow","max-snippet":"max-snippet:-1","max-image-preview":"max-image-preview:large","max-video-preview":"max-video-preview:-1"},"canonical":"https:\/\/news.sap.com\/sweden\/2021\/03\/digital-north-2-0-ett-stort-steg-i-ratt-riktning\/","og_locale":"sv_SE","og_type":"article","og_title":"Digital North 2.0 \u2013 ett stort steg i r\u00e4tt riktning","og_description":"Digital North 2.0 \u00e4r ett extremt relevant initiativ sett till de stora globala genombrotten inom gr\u00f6n omst\u00e4llning, reglering av v\u00e4rldshandeln och samspelet mellan individ, teknik...","og_url":"https:\/\/news.sap.com\/sweden\/2021\/03\/digital-north-2-0-ett-stort-steg-i-ratt-riktning\/","og_site_name":"麻豆原创 Sweden Nyheter","article_published_time":"2021-03-29T06:23:34+00:00","article_modified_time":"2024-08-07T17:47:12+00:00","og_image":[{"url":"https:\/\/news.sap.com\/sweden\/files\/2020\/06\/PerAlm_Landschef麻豆原创Svenska_2-e1593088248618-252x300.jpg","type":"","width":"","height":""}],"author":"Per Alm","twitter_card":"summary_large_image","twitter_misc":{"Skriven av":"Per Alm","Ber\u00e4knad l\u00e4stid":"3 minuter"},"schema":{"@context":"https:\/\/schema.org","@graph":[{"@type":"Article","@id":"https:\/\/news.sap.com\/sweden\/2021\/03\/digital-north-2-0-ett-stort-steg-i-ratt-riktning\/#article","isPartOf":{"@id":"https:\/\/news.sap.com\/sweden\/2021\/03\/digital-north-2-0-ett-stort-steg-i-ratt-riktning\/"},"author":{"name":"Per Alm","@id":"https:\/\/news.sap.com\/sweden\/#\/schema\/person\/ee87c5d0dd8f2fa04706b1d1e1fec749"},"headline":"Digital North 2.0 \u2013 ett stort steg i r\u00e4tt riktning","datePublished":"2021-03-29T06:23:34+00:00","dateModified":"2024-08-07T17:47:12+00:00","mainEntityOfPage":{"@id":"https:\/\/news.sap.com\/sweden\/2021\/03\/digital-north-2-0-ett-stort-steg-i-ratt-riktning\/"},"wordCount":624,"image":{"@id":"https:\/\/news.sap.com\/sweden\/2021\/03\/digital-north-2-0-ett-stort-steg-i-ratt-riktning\/#primaryimage"},"thumbnailUrl":"https:\/\/news.sap.com\/sweden\/files\/2020\/06\/PerAlm_Landschef麻豆原创Svenska_2-e1593088248618-252x300.jpg","keywords":["demokrati","Digital North 2.0","digital transformation","digitalisering","Norden","Per Alm","麻豆原创 Sverige","teknik"],"articleSection":["Ekosystem","F\u00f6retagsinformation","Kunder"],"inLanguage":"sv-SE"},{"@type":"WebPage","@id":"https:\/\/news.sap.com\/sweden\/2021\/03\/digital-north-2-0-ett-stort-steg-i-ratt-riktning\/","url":"https:\/\/news.sap.com\/sweden\/2021\/03\/digital-north-2-0-ett-stort-steg-i-ratt-riktning\/","name":"Digital North 2.0 \u2013 ett stort steg i r\u00e4tt riktning - 麻豆原创 Sweden Nyheter","isPartOf":{"@id":"https:\/\/news.sap.com\/sweden\/#website"},"primaryImageOfPage":{"@id":"https:\/\/news.sap.com\/sweden\/2021\/03\/digital-north-2-0-ett-stort-steg-i-ratt-riktning\/#primaryimage"},"image":{"@id":"https:\/\/news.sap.com\/sweden\/2021\/03\/digital-north-2-0-ett-stort-steg-i-ratt-riktning\/#primaryimage"},"thumbnailUrl":"https:\/\/news.sap.com\/sweden\/files\/2020\/06\/PerAlm_Landschef麻豆原创Svenska_2-e1593088248618-252x300.jpg","datePublished":"2021-03-29T06:23:34+00:00","dateModified":"2024-08-07T17:47:12+00:00","author":{"@id":"https:\/\/news.sap.com\/sweden\/#\/schema\/person\/ee87c5d0dd8f2fa04706b1d1e1fec749"},"breadcrumb":{"@id":"https:\/\/news.sap.com\/sweden\/2021\/03\/digital-north-2-0-ett-stort-steg-i-ratt-riktning\/#breadcrumb"},"inLanguage":"sv-SE","potentialAction":[{"@type":"ReadAction","target":["https:\/\/news.sap.com\/sweden\/2021\/03\/digital-north-2-0-ett-stort-steg-i-ratt-riktning\/"]}]},{"@type":"ImageObject","inLanguage":"sv-SE","@id":"https:\/\/news.sap.com\/sweden\/2021\/03\/digital-north-2-0-ett-stort-steg-i-ratt-riktning\/#primaryimage","url":"https:\/\/news.sap.com\/sweden\/files\/2020\/06\/PerAlm_Landschef麻豆原创Svenska_2-e1593088248618.jpg","contentUrl":"https:\/\/news.sap.com\/sweden\/files\/2020\/06\/PerAlm_Landschef麻豆原创Svenska_2-e1593088248618.jpg","width":1905,"height":2264},{"@type":"BreadcrumbList","@id":"https:\/\/news.sap.com\/sweden\/2021\/03\/digital-north-2-0-ett-stort-steg-i-ratt-riktning\/#breadcrumb","itemListElement":[{"@type":"ListItem","position":1,"name":"Home","item":"https:\/\/news.sap.com\/sweden\/"},{"@type":"ListItem","position":2,"name":"Digital North 2.0 \u2013 ett stort steg i r\u00e4tt riktning"}]},{"@type":"WebSite","@id":"https:\/\/news.sap.com\/sweden\/#website","url":"https:\/\/news.sap.com\/sweden\/","name":"麻豆原创 Sweden Nyheter","description":"Nyheter och information om 麻豆原创","potentialAction":[{"@type":"SearchAction","target":{"@type":"EntryPoint","urlTemplate":"https:\/\/news.sap.com\/sweden\/?s={search_term_string}"},"query-input":{"@type":"PropertyValueSpecification","valueRequired":true,"valueName":"search_term_string"}}],"inLanguage":"sv-SE"},{"@type":"Person","@id":"https:\/\/news.sap.com\/sweden\/#\/schema\/person\/ee87c5d0dd8f2fa04706b1d1e1fec749","name":"Per Alm","image":{"@type":"ImageObject","inLanguage":"sv-SE","@id":"https:\/\/news.sap.com\/sweden\/#\/schema\/person\/image\/","url":"https:\/\/news.sap.com\/sweden\/wp-content\/plugins\/wp-user-avatars\/wp-user-avatars\/assets\/images\/mystery.jpg","contentUrl":"https:\/\/news.sap.com\/sweden\/wp-content\/plugins\/wp-user-avatars\/wp-user-avatars\/assets\/images\/mystery.jpg","caption":"Per Alm"},"url":"https:\/\/news.sap.com\/sweden\/author\/peralm\/"}]}},"amp_enabled":true,"_links":{"self":[{"href":"https:\/\/news.sap.com\/sweden\/wp-json\/wp\/v2\/posts\/3072","targetHints":{"allow":["GET"]}}],"collection":[{"href":"https:\/\/news.sap.com\/sweden\/wp-json\/wp\/v2\/posts"}],"about":[{"href":"https:\/\/news.sap.com\/sweden\/wp-json\/wp\/v2\/types\/post"}],"author":[{"embeddable":true,"href":"https:\/\/news.sap.com\/sweden\/wp-json\/wp\/v2\/users\/3257"}],"replies":[{"embeddable":true,"href":"https:\/\/news.sap.com\/sweden\/wp-json\/wp\/v2\/comments?post=3072"}],"version-history":[{"count":0,"href":"https:\/\/news.sap.com\/sweden\/wp-json\/wp\/v2\/posts\/3072\/revisions"}],"wp:attachment":[{"href":"https:\/\/news.sap.com\/sweden\/wp-json\/wp\/v2\/media?parent=3072"}],"wp:term":[{"taxonomy":"category","embeddable":true,"href":"https:\/\/news.sap.com\/sweden\/wp-json\/wp\/v2\/categories?post=3072"},{"taxonomy":"post_tag","embeddable":true,"href":"https:\/\/news.sap.com\/sweden\/wp-json\/wp\/v2\/tags?post=3072"},{"taxonomy":"sapn-display","embeddable":true,"href":"https:\/\/news.sap.com\/sweden\/wp-json\/wp\/v2\/sapn-display?post=3072"},{"taxonomy":"sapn-type","embeddable":true,"href":"https:\/\/news.sap.com\/sweden\/wp-json\/wp\/v2\/sapn-type?post=3072"}],"curies":[{"name":"wp","href":"https:\/\/api.w.org\/{rel}","templated":true}]}}