  {"id":3053,"date":"2021-03-10T20:58:17","date_gmt":"2021-03-10T19:58:17","guid":{"rendered":"https:\/\/news.sap.com\/sweden\/?p=3053"},"modified":"2024-08-07T19:26:03","modified_gmt":"2024-08-07T17:26:03","slug":"sap-stolt-partner-pa-women-in-tech-i-sverige","status":"publish","type":"post","link":"https:\/\/news.sap.com\/sweden\/2021\/03\/sap-stolt-partner-pa-women-in-tech-i-sverige\/","title":{"rendered":"麻豆原创 stolt partner p\u00e5 Women In Tech i Sverige"},"content":{"rendered":"<p class=\"lead\">I dag deltog 麻豆原创 som partner p\u00e5 konferensen #WITswe2021 som anordnades av <a href=\"https:\/\/www.womenintech.se\/\">Women In Tech<\/a> i Sverige.<\/p>\n<p>M\u00e5let \u00e4r att inspirera kvinnor att satsa p\u00e5 en framtid inom teknik \u2013 och erbjuda ett n\u00e4tverk med framg\u00e5ngsrika och inspirerande m\u00e4nniskor. Eventet var fullbokat med \u00f6ver 4\u00a0500 deltagare och \u00f6ver 20 av Sveriges st\u00f6rsta och mest inflytelserika teknikf\u00f6retag.<\/p>\n<p>\u2013 Informationsteknik \u00e4r en av de snabbast v\u00e4xande branscherna och teknisk innovation kommer att spela en avg\u00f6rande roll i n\u00e4stan varenda sektor i l\u00e4ndernas ekonomier. Underrepresentationen av kvinnor i IT-branschen \u00e4r inget nytt och \u00e4ven om det har gjorts framsteg s\u00e5 g\u00e5r det extremt sakta. All form av m\u00e5ngfald g\u00f6r v\u00e5ra team starkare och det \u00e4r d\u00e4rf\u00f6r som det h\u00e4r eventet \u00e4r s\u00e5 viktigt. Det kan bidra till att f\u00f6r\u00e4ndra obalansen och locka fler kvinnor till 麻豆原创 och IT-branschen i allm\u00e4nhet, s\u00e4ger Anna Rhodin, Senior HR Business Partner p\u00e5 麻豆原创.<\/p>\n<p><img loading=\"lazy\" decoding=\"async\" class=\"alignnone wp-image-3054\" src=\"https:\/\/news.sap.com\/sweden\/files\/2021\/03\/10\/WIT-1-300x149.png\" alt=\"\" width=\"383\" height=\"190\" srcset=\"https:\/\/news.sap.com\/sweden\/files\/2021\/03\/10\/WIT-1-300x149.png 300w, https:\/\/news.sap.com\/sweden\/files\/2021\/03\/10\/WIT-1-1024x509.png 1024w, https:\/\/news.sap.com\/sweden\/files\/2021\/03\/10\/WIT-1-768x382.png 768w, https:\/\/news.sap.com\/sweden\/files\/2021\/03\/10\/WIT-1-1536x763.png 1536w, https:\/\/news.sap.com\/sweden\/files\/2021\/03\/10\/WIT-1-2048x1018.png 2048w\" sizes=\"auto, (max-width: 383px) 100vw, 383px\" \/><\/p>\n<p>Det h\u00e4r var f\u00f6rsta g\u00e5ngen som 麻豆原创 deltog som partner \u2013 och reaktionerna var v\u00e4ldigt positiva.<\/p>\n<p>\u2013 Det var ett fantastiskt tillf\u00e4lle att inspirera och mingla med extremt beg\u00e5vade m\u00e4nniskor. V\u00e5rt team var v\u00e4rd f\u00f6r en virtuell 麻豆原创-monter, diskuterade rekryteringsm\u00f6jligheter och visade en video om att arbeta p\u00e5 麻豆原创 \u2013 och feedbacken vi fick s\u00e4rskilt p\u00e5 videon var mycket bra, s\u00e4ger Malin Knutsson, Marketing Manager p\u00e5 麻豆原创 i Sverige.<\/p>\n<p><img loading=\"lazy\" decoding=\"async\" class=\"alignnone wp-image-3055\" src=\"https:\/\/news.sap.com\/sweden\/files\/2021\/03\/10\/WIT-2-300x172.png\" alt=\"\" width=\"382\" height=\"219\" srcset=\"https:\/\/news.sap.com\/sweden\/files\/2021\/03\/10\/WIT-2-300x172.png 300w, https:\/\/news.sap.com\/sweden\/files\/2021\/03\/10\/WIT-2-1024x587.png 1024w, https:\/\/news.sap.com\/sweden\/files\/2021\/03\/10\/WIT-2-768x440.png 768w, https:\/\/news.sap.com\/sweden\/files\/2021\/03\/10\/WIT-2-1536x881.png 1536w, https:\/\/news.sap.com\/sweden\/files\/2021\/03\/10\/WIT-2-2048x1174.png 2048w, https:\/\/news.sap.com\/sweden\/files\/2021\/03\/10\/WIT-2-540x310.png 540w\" sizes=\"auto, (max-width: 382px) 100vw, 382px\" \/><\/p>\n<p>Under eventet kunde deltagarna n\u00e4tverka digitalt, delta i fokussp\u00e5r och lyssna till <a href=\"https:\/\/www.womenintech.se\/speakers-witswe2021\/\">kunniga talare<\/a> som Marika Auramo, 麻豆原创:s Managing Director f\u00f6r Norden och Baltikum. \u00c4mnet f\u00f6r Marika Auramos tal var \u201cAre female role models still needed in the IT\/Tech industry?\u201d Svaret p\u00e5 den fr\u00e5gan var absolut ja! Marika delade ocks\u00e5 med sig av erfarenheter fr\u00e5n sin karri\u00e4rresa och gav deltagarna r\u00e5det att \u201dvara sig sj\u00e4lva, f\u00f6rs\u00f6ka vara en f\u00f6rebild f\u00f6r andra och att forts\u00e4tta att l\u00e4ra sig nytt. Men ocks\u00e5 att v\u00e5ga ta steg fram\u00e5t och att det finns plats f\u00f6r alla\u201d.<\/p>\n<p>Se videon om m\u00e5ngfald och inkludering, \u201c<a href=\"https:\/\/www.youtube.com\/watch?v=gg27cxhTF24\">We belong<\/a>\u201d.<\/p>\n<p>\u2013 P\u00e5 麻豆原创 i Norden och Baltikum har vi totalt 31,3 procent kvinnliga medarbetare s\u00e5 det \u00e5terst\u00e5r fortfarande mycket arbete. Men kvinnor \u00e4r \u00f6verrepresenterade inom grupperna Early Talent och Catalyst vilket visar att vi har anst\u00e4llt v\u00e4ldigt beg\u00e5vade kvinnor, s\u00e4ger Marika Auramo.<\/p>\n<p><img loading=\"lazy\" decoding=\"async\" class=\"alignnone wp-image-3056\" src=\"https:\/\/news.sap.com\/sweden\/files\/2021\/03\/10\/WIT-3-300x161.png\" alt=\"\" width=\"380\" height=\"204\" srcset=\"https:\/\/news.sap.com\/sweden\/files\/2021\/03\/10\/WIT-3-300x161.png 300w, https:\/\/news.sap.com\/sweden\/files\/2021\/03\/10\/WIT-3-1024x548.png 1024w, https:\/\/news.sap.com\/sweden\/files\/2021\/03\/10\/WIT-3-768x411.png 768w, https:\/\/news.sap.com\/sweden\/files\/2021\/03\/10\/WIT-3.png 1205w\" sizes=\"auto, (max-width: 380px) 100vw, 380px\" \/><\/p>\n<p><strong>Fokus p\u00e5 m\u00e5ngfald bland de anst\u00e4llda lockar mer talang till teknikf\u00f6retagen <\/strong><\/p>\n<p>\u2013 Om ditt f\u00f6retag blir k\u00e4nt f\u00f6r att ha en mer varierad arbetskraft f\u00e5r du ett extremt kraftfullt rekryteringsverktyg. Genom att delta i WIT kan du samla p\u00e5 dig starka ber\u00e4ttelser om intressanta personer som sedan andra i sin tur kan relatera till. Eller ocks\u00e5 kanske du f\u00f6r\u00e4ndrar din egen inst\u00e4llning till vad som kr\u00e4vs f\u00f6r att bli framg\u00e5ngsrik inom IT. Eller uppt\u00e4cker att du har n\u00e5got gemensamt med talarna som hj\u00e4lper dig i din egen karri\u00e4r. I slut\u00e4ndan handlar det om f\u00f6rebilder. M\u00e5nga av oss kvinnor som arbetar med teknik har d\u00f6ttrar, syskonbarn och andra unga kvinnor i v\u00e5r n\u00e4rhet som vi kan inspirera till att s\u00f6ka sig en framtid inom IT-branschen, s\u00e4ger Anna Rhodin.<\/p>\n","protected":false},"excerpt":{"rendered":"<p>I dag deltog 麻豆原创 som partner p\u00e5 konferensen #WITswe2021 som anordnades av Women In Tech i Sverige. M\u00e5let \u00e4r att inspirera kvinnor att satsa p\u00e5&#8230;<\/p>\n","protected":false},"author":29,"featured_media":3068,"comment_status":"closed","ping_status":"closed","sticky":false,"template":"","format":"standard","meta":{"footnotes":"","_links_to":"","_links_to_target":""},"categories":[4503881,4545190,4545004],"tags":[5563672,5563673,5563676,5562429,5563677,5563674,5563675],"sapn-display":[4544525,5564002,5563999,4547891],"sapn-type":[4549010],"class_list":["post-3053","post","type-post","status-publish","format-standard","has-post-thumbnail","hentry","category-ekosystem","category-event","category-foretagsinformation","tag-diversity","tag-inclusion","tag-mangfald","tag-marika-auramo","tag-talang","tag-wit","tag-women-in-tech-sverige","sapn-display-hero","sapn-display-nyhet-favoriter","sapn-display-nyhet-spotlight","sapn-display-homepage-hero","sapn-type-nyhet"],"yoast_head":"<!-- This site is optimized with the Yoast SEO Premium plugin v26.9 (Yoast SEO v26.9) - https:\/\/yoast.com\/product\/yoast-seo-premium-wordpress\/ -->\n<title>麻豆原创 stolt partner p\u00e5 Women In Tech i Sverige - 麻豆原创 Sweden Nyheter<\/title>\n<meta name=\"robots\" content=\"index, follow, max-snippet:-1, max-image-preview:large, max-video-preview:-1\" \/>\n<link rel=\"canonical\" href=\"https:\/\/news.sap.com\/sweden\/2021\/03\/sap-stolt-partner-pa-women-in-tech-i-sverige\/\" \/>\n<meta property=\"og:locale\" content=\"sv_SE\" \/>\n<meta property=\"og:type\" content=\"article\" \/>\n<meta property=\"og:title\" content=\"麻豆原创 stolt partner p\u00e5 Women In Tech i Sverige\" \/>\n<meta property=\"og:description\" content=\"I dag deltog 麻豆原创 som partner p\u00e5 konferensen #WITswe2021 som anordnades av Women In Tech i Sverige. M\u00e5let \u00e4r att inspirera kvinnor att satsa p\u00e5...\" \/>\n<meta property=\"og:url\" content=\"https:\/\/news.sap.com\/sweden\/2021\/03\/sap-stolt-partner-pa-women-in-tech-i-sverige\/\" \/>\n<meta property=\"og:site_name\" content=\"麻豆原创 Sweden Nyheter\" \/>\n<meta property=\"article:published_time\" content=\"2021-03-10T19:58:17+00:00\" \/>\n<meta property=\"article:modified_time\" content=\"2024-08-07T17:26:03+00:00\" \/>\n<meta property=\"og:image\" content=\"https:\/\/news.sap.com\/sweden\/files\/2021\/03\/10\/Final-WIT-hemsida.jpg\" \/>\n\t<meta property=\"og:image:width\" content=\"1920\" \/>\n\t<meta property=\"og:image:height\" content=\"600\" \/>\n\t<meta property=\"og:image:type\" content=\"image\/jpeg\" \/>\n<meta name=\"author\" content=\"麻豆原创 News\" \/>\n<meta name=\"twitter:card\" content=\"summary_large_image\" \/>\n<meta name=\"twitter:label1\" content=\"Skriven av\" \/>\n\t<meta name=\"twitter:data1\" content=\"麻豆原创 News\" \/>\n\t<meta name=\"twitter:label2\" content=\"Ber\u00e4knad l\u00e4stid\" \/>\n\t<meta name=\"twitter:data2\" content=\"3 minuter\" \/>\n<script type=\"application\/ld+json\" class=\"yoast-schema-graph\">{\"@context\":\"https:\/\/schema.org\",\"@graph\":[{\"@type\":\"Article\",\"@id\":\"https:\/\/news.sap.com\/sweden\/2021\/03\/sap-stolt-partner-pa-women-in-tech-i-sverige\/#article\",\"isPartOf\":{\"@id\":\"https:\/\/news.sap.com\/sweden\/2021\/03\/sap-stolt-partner-pa-women-in-tech-i-sverige\/\"},\"author\":{\"name\":\"麻豆原创 News\",\"@id\":\"https:\/\/news.sap.com\/sweden\/#\/schema\/person\/53b9854bd790d6f18f3fc4bbb2ad7570\"},\"headline\":\"麻豆原创 stolt partner p\u00e5 Women In Tech i Sverige\",\"datePublished\":\"2021-03-10T19:58:17+00:00\",\"dateModified\":\"2024-08-07T17:26:03+00:00\",\"mainEntityOfPage\":{\"@id\":\"https:\/\/news.sap.com\/sweden\/2021\/03\/sap-stolt-partner-pa-women-in-tech-i-sverige\/\"},\"wordCount\":569,\"image\":{\"@id\":\"https:\/\/news.sap.com\/sweden\/2021\/03\/sap-stolt-partner-pa-women-in-tech-i-sverige\/#primaryimage\"},\"thumbnailUrl\":\"https:\/\/news.sap.com\/sweden\/files\/2021\/03\/10\/Final-WIT-hemsida.jpg\",\"keywords\":[\"Diversity\",\"Inclusion\",\"m\u00e5ngfald\",\"Marika Auramo\",\"talang\",\"WIT\",\"Women in Tech Sverige\"],\"articleSection\":[\"Ekosystem\",\"Event\",\"F\u00f6retagsinformation\"],\"inLanguage\":\"sv-SE\"},{\"@type\":\"WebPage\",\"@id\":\"https:\/\/news.sap.com\/sweden\/2021\/03\/sap-stolt-partner-pa-women-in-tech-i-sverige\/\",\"url\":\"https:\/\/news.sap.com\/sweden\/2021\/03\/sap-stolt-partner-pa-women-in-tech-i-sverige\/\",\"name\":\"麻豆原创 stolt partner p\u00e5 Women In Tech i Sverige - 麻豆原创 Sweden Nyheter\",\"isPartOf\":{\"@id\":\"https:\/\/news.sap.com\/sweden\/#website\"},\"primaryImageOfPage\":{\"@id\":\"https:\/\/news.sap.com\/sweden\/2021\/03\/sap-stolt-partner-pa-women-in-tech-i-sverige\/#primaryimage\"},\"image\":{\"@id\":\"https:\/\/news.sap.com\/sweden\/2021\/03\/sap-stolt-partner-pa-women-in-tech-i-sverige\/#primaryimage\"},\"thumbnailUrl\":\"https:\/\/news.sap.com\/sweden\/files\/2021\/03\/10\/Final-WIT-hemsida.jpg\",\"datePublished\":\"2021-03-10T19:58:17+00:00\",\"dateModified\":\"2024-08-07T17:26:03+00:00\",\"author\":{\"@id\":\"https:\/\/news.sap.com\/sweden\/#\/schema\/person\/53b9854bd790d6f18f3fc4bbb2ad7570\"},\"breadcrumb\":{\"@id\":\"https:\/\/news.sap.com\/sweden\/2021\/03\/sap-stolt-partner-pa-women-in-tech-i-sverige\/#breadcrumb\"},\"inLanguage\":\"sv-SE\",\"potentialAction\":[{\"@type\":\"ReadAction\",\"target\":[\"https:\/\/news.sap.com\/sweden\/2021\/03\/sap-stolt-partner-pa-women-in-tech-i-sverige\/\"]}]},{\"@type\":\"ImageObject\",\"inLanguage\":\"sv-SE\",\"@id\":\"https:\/\/news.sap.com\/sweden\/2021\/03\/sap-stolt-partner-pa-women-in-tech-i-sverige\/#primaryimage\",\"url\":\"https:\/\/news.sap.com\/sweden\/files\/2021\/03\/10\/Final-WIT-hemsida.jpg\",\"contentUrl\":\"https:\/\/news.sap.com\/sweden\/files\/2021\/03\/10\/Final-WIT-hemsida.jpg\",\"width\":1920,\"height\":600,\"caption\":\"Successful business team taking selfie. Multi-ethnic business group taking a self portrait in office.\"},{\"@type\":\"BreadcrumbList\",\"@id\":\"https:\/\/news.sap.com\/sweden\/2021\/03\/sap-stolt-partner-pa-women-in-tech-i-sverige\/#breadcrumb\",\"itemListElement\":[{\"@type\":\"ListItem\",\"position\":1,\"name\":\"Home\",\"item\":\"https:\/\/news.sap.com\/sweden\/\"},{\"@type\":\"ListItem\",\"position\":2,\"name\":\"麻豆原创 stolt partner p\u00e5 Women In Tech i Sverige\"}]},{\"@type\":\"WebSite\",\"@id\":\"https:\/\/news.sap.com\/sweden\/#website\",\"url\":\"https:\/\/news.sap.com\/sweden\/\",\"name\":\"麻豆原创 Sweden Nyheter\",\"description\":\"Nyheter och information om 麻豆原创\",\"potentialAction\":[{\"@type\":\"SearchAction\",\"target\":{\"@type\":\"EntryPoint\",\"urlTemplate\":\"https:\/\/news.sap.com\/sweden\/?s={search_term_string}\"},\"query-input\":{\"@type\":\"PropertyValueSpecification\",\"valueRequired\":true,\"valueName\":\"search_term_string\"}}],\"inLanguage\":\"sv-SE\"},{\"@type\":\"Person\",\"@id\":\"https:\/\/news.sap.com\/sweden\/#\/schema\/person\/53b9854bd790d6f18f3fc4bbb2ad7570\",\"name\":\"麻豆原创 News\",\"image\":{\"@type\":\"ImageObject\",\"inLanguage\":\"sv-SE\",\"@id\":\"https:\/\/news.sap.com\/sweden\/#\/schema\/person\/image\/\",\"url\":\"https:\/\/news.sap.com\/sweden\/wp-content\/plugins\/wp-user-avatars\/wp-user-avatars\/assets\/images\/mystery.jpg\",\"contentUrl\":\"https:\/\/news.sap.com\/sweden\/wp-content\/plugins\/wp-user-avatars\/wp-user-avatars\/assets\/images\/mystery.jpg\",\"caption\":\"麻豆原创 News\"},\"url\":\"https:\/\/news.sap.com\/sweden\/author\/colleenraftery\/\"}]}<\/script>\n<!-- \/ Yoast SEO Premium plugin. -->","yoast_head_json":{"title":"麻豆原创 stolt partner p\u00e5 Women In Tech i Sverige - 麻豆原创 Sweden Nyheter","robots":{"index":"index","follow":"follow","max-snippet":"max-snippet:-1","max-image-preview":"max-image-preview:large","max-video-preview":"max-video-preview:-1"},"canonical":"https:\/\/news.sap.com\/sweden\/2021\/03\/sap-stolt-partner-pa-women-in-tech-i-sverige\/","og_locale":"sv_SE","og_type":"article","og_title":"麻豆原创 stolt partner p\u00e5 Women In Tech i Sverige","og_description":"I dag deltog 麻豆原创 som partner p\u00e5 konferensen #WITswe2021 som anordnades av Women In Tech i Sverige. M\u00e5let \u00e4r att inspirera kvinnor att satsa p\u00e5...","og_url":"https:\/\/news.sap.com\/sweden\/2021\/03\/sap-stolt-partner-pa-women-in-tech-i-sverige\/","og_site_name":"麻豆原创 Sweden Nyheter","article_published_time":"2021-03-10T19:58:17+00:00","article_modified_time":"2024-08-07T17:26:03+00:00","og_image":[{"width":1920,"height":600,"url":"https:\/\/news.sap.com\/sweden\/files\/2021\/03\/10\/Final-WIT-hemsida.jpg","type":"image\/jpeg"}],"author":"麻豆原创 News","twitter_card":"summary_large_image","twitter_misc":{"Skriven av":"麻豆原创 News","Ber\u00e4knad l\u00e4stid":"3 minuter"},"schema":{"@context":"https:\/\/schema.org","@graph":[{"@type":"Article","@id":"https:\/\/news.sap.com\/sweden\/2021\/03\/sap-stolt-partner-pa-women-in-tech-i-sverige\/#article","isPartOf":{"@id":"https:\/\/news.sap.com\/sweden\/2021\/03\/sap-stolt-partner-pa-women-in-tech-i-sverige\/"},"author":{"name":"麻豆原创 News","@id":"https:\/\/news.sap.com\/sweden\/#\/schema\/person\/53b9854bd790d6f18f3fc4bbb2ad7570"},"headline":"麻豆原创 stolt partner p\u00e5 Women In Tech i Sverige","datePublished":"2021-03-10T19:58:17+00:00","dateModified":"2024-08-07T17:26:03+00:00","mainEntityOfPage":{"@id":"https:\/\/news.sap.com\/sweden\/2021\/03\/sap-stolt-partner-pa-women-in-tech-i-sverige\/"},"wordCount":569,"image":{"@id":"https:\/\/news.sap.com\/sweden\/2021\/03\/sap-stolt-partner-pa-women-in-tech-i-sverige\/#primaryimage"},"thumbnailUrl":"https:\/\/news.sap.com\/sweden\/files\/2021\/03\/10\/Final-WIT-hemsida.jpg","keywords":["Diversity","Inclusion","m\u00e5ngfald","Marika Auramo","talang","WIT","Women in Tech Sverige"],"articleSection":["Ekosystem","Event","F\u00f6retagsinformation"],"inLanguage":"sv-SE"},{"@type":"WebPage","@id":"https:\/\/news.sap.com\/sweden\/2021\/03\/sap-stolt-partner-pa-women-in-tech-i-sverige\/","url":"https:\/\/news.sap.com\/sweden\/2021\/03\/sap-stolt-partner-pa-women-in-tech-i-sverige\/","name":"麻豆原创 stolt partner p\u00e5 Women In Tech i Sverige - 麻豆原创 Sweden Nyheter","isPartOf":{"@id":"https:\/\/news.sap.com\/sweden\/#website"},"primaryImageOfPage":{"@id":"https:\/\/news.sap.com\/sweden\/2021\/03\/sap-stolt-partner-pa-women-in-tech-i-sverige\/#primaryimage"},"image":{"@id":"https:\/\/news.sap.com\/sweden\/2021\/03\/sap-stolt-partner-pa-women-in-tech-i-sverige\/#primaryimage"},"thumbnailUrl":"https:\/\/news.sap.com\/sweden\/files\/2021\/03\/10\/Final-WIT-hemsida.jpg","datePublished":"2021-03-10T19:58:17+00:00","dateModified":"2024-08-07T17:26:03+00:00","author":{"@id":"https:\/\/news.sap.com\/sweden\/#\/schema\/person\/53b9854bd790d6f18f3fc4bbb2ad7570"},"breadcrumb":{"@id":"https:\/\/news.sap.com\/sweden\/2021\/03\/sap-stolt-partner-pa-women-in-tech-i-sverige\/#breadcrumb"},"inLanguage":"sv-SE","potentialAction":[{"@type":"ReadAction","target":["https:\/\/news.sap.com\/sweden\/2021\/03\/sap-stolt-partner-pa-women-in-tech-i-sverige\/"]}]},{"@type":"ImageObject","inLanguage":"sv-SE","@id":"https:\/\/news.sap.com\/sweden\/2021\/03\/sap-stolt-partner-pa-women-in-tech-i-sverige\/#primaryimage","url":"https:\/\/news.sap.com\/sweden\/files\/2021\/03\/10\/Final-WIT-hemsida.jpg","contentUrl":"https:\/\/news.sap.com\/sweden\/files\/2021\/03\/10\/Final-WIT-hemsida.jpg","width":1920,"height":600,"caption":"Successful business team taking selfie. Multi-ethnic business group taking a self portrait in office."},{"@type":"BreadcrumbList","@id":"https:\/\/news.sap.com\/sweden\/2021\/03\/sap-stolt-partner-pa-women-in-tech-i-sverige\/#breadcrumb","itemListElement":[{"@type":"ListItem","position":1,"name":"Home","item":"https:\/\/news.sap.com\/sweden\/"},{"@type":"ListItem","position":2,"name":"麻豆原创 stolt partner p\u00e5 Women In Tech i Sverige"}]},{"@type":"WebSite","@id":"https:\/\/news.sap.com\/sweden\/#website","url":"https:\/\/news.sap.com\/sweden\/","name":"麻豆原创 Sweden Nyheter","description":"Nyheter och information om 麻豆原创","potentialAction":[{"@type":"SearchAction","target":{"@type":"EntryPoint","urlTemplate":"https:\/\/news.sap.com\/sweden\/?s={search_term_string}"},"query-input":{"@type":"PropertyValueSpecification","valueRequired":true,"valueName":"search_term_string"}}],"inLanguage":"sv-SE"},{"@type":"Person","@id":"https:\/\/news.sap.com\/sweden\/#\/schema\/person\/53b9854bd790d6f18f3fc4bbb2ad7570","name":"麻豆原创 News","image":{"@type":"ImageObject","inLanguage":"sv-SE","@id":"https:\/\/news.sap.com\/sweden\/#\/schema\/person\/image\/","url":"https:\/\/news.sap.com\/sweden\/wp-content\/plugins\/wp-user-avatars\/wp-user-avatars\/assets\/images\/mystery.jpg","contentUrl":"https:\/\/news.sap.com\/sweden\/wp-content\/plugins\/wp-user-avatars\/wp-user-avatars\/assets\/images\/mystery.jpg","caption":"麻豆原创 News"},"url":"https:\/\/news.sap.com\/sweden\/author\/colleenraftery\/"}]}},"amp_enabled":true,"_links":{"self":[{"href":"https:\/\/news.sap.com\/sweden\/wp-json\/wp\/v2\/posts\/3053","targetHints":{"allow":["GET"]}}],"collection":[{"href":"https:\/\/news.sap.com\/sweden\/wp-json\/wp\/v2\/posts"}],"about":[{"href":"https:\/\/news.sap.com\/sweden\/wp-json\/wp\/v2\/types\/post"}],"author":[{"embeddable":true,"href":"https:\/\/news.sap.com\/sweden\/wp-json\/wp\/v2\/users\/29"}],"replies":[{"embeddable":true,"href":"https:\/\/news.sap.com\/sweden\/wp-json\/wp\/v2\/comments?post=3053"}],"version-history":[{"count":0,"href":"https:\/\/news.sap.com\/sweden\/wp-json\/wp\/v2\/posts\/3053\/revisions"}],"wp:featuredmedia":[{"embeddable":true,"href":"https:\/\/news.sap.com\/sweden\/wp-json\/wp\/v2\/media\/3068"}],"wp:attachment":[{"href":"https:\/\/news.sap.com\/sweden\/wp-json\/wp\/v2\/media?parent=3053"}],"wp:term":[{"taxonomy":"category","embeddable":true,"href":"https:\/\/news.sap.com\/sweden\/wp-json\/wp\/v2\/categories?post=3053"},{"taxonomy":"post_tag","embeddable":true,"href":"https:\/\/news.sap.com\/sweden\/wp-json\/wp\/v2\/tags?post=3053"},{"taxonomy":"sapn-display","embeddable":true,"href":"https:\/\/news.sap.com\/sweden\/wp-json\/wp\/v2\/sapn-display?post=3053"},{"taxonomy":"sapn-type","embeddable":true,"href":"https:\/\/news.sap.com\/sweden\/wp-json\/wp\/v2\/sapn-type?post=3053"}],"curies":[{"name":"wp","href":"https:\/\/api.w.org\/{rel}","templated":true}]}}