  {"id":2906,"date":"2020-06-25T12:36:13","date_gmt":"2020-06-25T12:36:13","guid":{"rendered":"https:\/\/news.sap.com\/sweden\/?p=2906"},"modified":"2024-08-07T19:12:14","modified_gmt":"2024-08-07T17:12:14","slug":"framtidens-foretag-ar-intelligent-och-digitaliserat","status":"publish","type":"post","link":"https:\/\/news.sap.com\/sweden\/2020\/06\/framtidens-foretag-ar-intelligent-och-digitaliserat\/","title":{"rendered":"Framtidens f\u00f6retag \u00e4r intelligent och digitaliserat"},"content":{"rendered":"<p class=\"lead\">Med hj\u00e4lp av maskininl\u00e4rning och artificiell intelligens (AI) kan dagens aff\u00e4rsmjukvara se till att vi f\u00e5r mer intelligenta aff\u00e4rsprocesser s\u00e5 att vi b\u00e5de arbetar smartare och f\u00e5r b\u00e4ttre produkter. Ett intelligent f\u00f6retag \u00e4r dessutom starkt, vinstdrivande och h\u00e5llbart.<\/p>\n<p>Det menar mjukvaruf\u00f6retaget 麻豆原创. Per Alm \u00e4r VD p\u00e5 麻豆原创 Svenska och har en klar bild \u00f6ver vad som kr\u00e4vs av svenska f\u00f6retagsledare f\u00f6r att lyckas. Enligt honom tillh\u00f6r framtiden de digitaliserade och intelligenta f\u00f6retag som tar fram produkter, tj\u00e4nster och arbetsprocesser som automatiskt f\u00f6rb\u00e4ttrar sig n\u00e4r de anv\u00e4nds.<\/p>\n<p>\u2013 Det som definierar de intelligenta f\u00f6retagen \u00e4r att de lyckas skapa en smart \u00e5terkoppling mellan sina kundinteraktioner och kvaliteten p\u00e5 sina produkter eller tj\u00e4nster. Och f\u00f6r varje s\u00e5dan kundkontakt blir produkten eller tj\u00e4nsten helt enkelt b\u00e4ttre, s\u00e4ger Per Alm.<\/p>\n<p>麻豆原创 \u00e4r en v\u00e4rldsledande leverant\u00f6r av aff\u00e4rsprogramvara och hela 77 procent av v\u00e4rldens alla transaktioner g\u00f6rs i dag genom en 麻豆原创-l\u00f6sning.<\/p>\n<p>麻豆原创 \u00e4r mest k\u00e4nt f\u00f6r sina aff\u00e4rssystem, inte minst inom finans, HR, kundkontakter, tillverkning, leveranskedjor och ink\u00f6p. Men bolaget har ocks\u00e5 starka branschl\u00f6sningar och ligger l\u00e5ngt framme inom innovation och nya digitala aff\u00e4rsmodeller.<\/p>\n<h2><strong>F\u00f6retagens nya digitala k\u00e4rna stavas S\/4HANA<\/strong><\/h2>\n<p>Med sin nya plattform S\/4HANA har Europas st\u00f6rsta mjukvaruf\u00f6retag 麻豆原创 gett sina kunder ett f\u00f6rsta smakprov p\u00e5 hur framtidens aff\u00e4rssystem kommer att se ut. Det \u00e4r en intuitiv och intelligent l\u00f6sning som anv\u00e4nder maskininl\u00e4rning och AI f\u00f6r att aff\u00e4rsprocesserna ska optimera sig sj\u00e4lva \u2013 och den digitala k\u00e4rna som binder samman hela verksamheten.<\/p>\n<p>En annan nyhet 2020 \u00e4r att ett intelligent aff\u00e4rssystem g\u00f6r att man kan arbeta strategiskt och h\u00e5llbart utan att sl\u00e4ppa blicken p\u00e5 f\u00f6retagets ekonomiska utveckling.<\/p>\n<p>\u2013 Det intelligenta f\u00f6retaget \u00e4r mer motst\u00e5ndskraftigt eftersom det b\u00e5de \u00e4r l\u00f6nsamt och h\u00e5llbart. Det \u00e4r tv\u00e5 saker som inte utesluter utan snarare f\u00f6rst\u00e4rker varandra. Ett exempel \u00e4r ett stort f\u00f6retag inom dagligvaruhandeln som sp\u00e5rar och minskar matsvinnet med hj\u00e4lp av intelligent mjukvara. De tj\u00e4nar pengar p\u00e5 att minska m\u00e4ngden avfall i leveranskedjan men tar samtidigt ett viktigt och meningsfullt initiativ som hj\u00e4lper till att motivera medarbetarna och g\u00f6ra arbetsplatsen \u00e4nnu mer attraktiv, s\u00e4ger Per Alm.<\/p>\n<h2><strong>Kontroll p\u00e5 leveranskedjan<\/strong><\/h2>\n<p>Med tiden kommer maskininl\u00e4rning och AI att omvandla alla viktiga aff\u00e4rsprocesser. Men redan nu under coronakrisen har 麻豆原创 sett att f\u00f6retag med intelligenta leveransprocesser st\u00e5r betydligt starkare \u00e4n andra n\u00e4r f\u00f6ruts\u00e4ttningarna f\u00f6r att g\u00f6ra aff\u00e4rer hela tiden f\u00f6r\u00e4ndras.<\/p>\n<p>\u2013 Covid-19 \u00e4r en utmaning f\u00f6r m\u00e5nga leveranskedjor och visar hur viktigt det \u00e4r att hela tiden ha koll och kunna analysera sina egna v\u00e4rdekedjor f\u00f6r produktion och logistik. Sj\u00e4lva logistiken har fungerat relativt bra globalt sett, men den har helt klart haltat f\u00f6r f\u00f6retag som har sin produktion l\u00e5ngt borta eller i ett land som har drabbats h\u00e5rt av Covid-19, s\u00e4ger Per Alm.<\/p>\n<p>Genom att f\u00e5 b\u00e4ttre kontroll p\u00e5 sina leveranskedjor kan det intelligenta f\u00f6retaget snabbt st\u00e4lla om sin fysiska produktion n\u00e4r pandemin eller n\u00e5gon annan kris sl\u00e5r till.<\/p>\n<p>\u2013 De svenska f\u00f6retag som klarar sig b\u00e4st under corona \u00e4r de som har en sammanh\u00e4ngande digital k\u00e4rna och d\u00e4rf\u00f6r har kunnat agera snabbt i den nya situation som uppstod. Samtidigt tror jag att vi kommer att f\u00e5 se en rej\u00e4l ompr\u00f6vning av leveranskedjorna. Fler f\u00f6retag kommer att \u00f6verv\u00e4ga att f\u00f6rl\u00e4gga mer produktion i Europa igen. Mer kunskap och ett n\u00e4ra samarbete med underleverant\u00f6rerna kommer ocks\u00e5 att gynna h\u00e5llbarhetsarbetet \u2013 och f\u00f6r m\u00e5nga f\u00f6retag kommer det att v\u00e4ga tyngre \u00e4n l\u00e4gre produktionskostnader i Asien, s\u00e4ger Per Alm.<\/p>\n<h2><strong>Ny roll f\u00f6r CFO:n<\/strong><\/h2>\n<p>Inom finansomr\u00e5det tror 麻豆原创 att m\u00e5nga ekonomichefer ska st\u00e4lla in sig p\u00e5 att f\u00e5 en helt ny roll.<\/p>\n<p>\u2013 Vi har redan sett en stor v\u00e5g av f\u00f6retag som i allt h\u00f6gre grad l\u00e4gger ut sin ekonomifunktion p\u00e5 servicecenter eller g\u00f6r \u00e4nnu mer p\u00e5 distans f\u00f6r att spara pengar och l\u00e5ta de anst\u00e4llda \u00e4gna sig \u00e5t mer v\u00e4rdeskapande arbetsuppgifter. Den h\u00e4r utvecklingen kommer att g\u00e5 \u00e4nnu snabbare genom hyperautomatisering som g\u00f6r arbetet betydligt smartare och leder till att f\u00f6retagsledningen f\u00e5r \u00e4nnu st\u00f6rre insikter, ber\u00e4ttar Per Alm.<\/p>\n<p>Om utvecklingen forts\u00e4tter i samma takt i Sverige mot att integrera fr\u00e5gor som r\u00f6r f\u00f6retagens vinst och syfte, d\u00e5 l\u00e4r vi se \u00e4nnu mer av dubbel redovisning. Och Per Alm tror att det blir CFO:ns uppgift att s\u00e4kerst\u00e4lla en h\u00f6g transparens.<\/p>\n<p>\u2013 I dag rapporterar f\u00f6retag alltmer hur de presterar inom h\u00e5llbarhet baserat p\u00e5 siffror och fakta snarare \u00e4n de klassiska CSR-rapporterna med l\u00e5nga beskrivningar av projekt vars inverkan kanske inte \u00e4r lika v\u00e4l dokumenterad. Efter hand kommer vi att kunna m\u00e4ta \u00e4nnu fler omr\u00e5den inom h\u00e5llbarhet. Hur mycket koldioxid har b\u00e4ddats in i din produkt r\u00e4knat fr\u00e5n den f\u00f6rsta underleverant\u00f6ren? Hur har ni dokumenterat att ni undviker barnarbete och vad s\u00e4ger m\u00e4tningarna om er hantering av avloppsvatten? Allt detta kommer snart att vara sj\u00e4lvklart att m\u00e4ta f\u00f6r \u00e4nnu fler f\u00f6retag, p\u00e5 samma s\u00e4tt som de i dag m\u00e4ter oms\u00e4ttning och lager. Fler och fler kunder och investerare kr\u00e4ver dokumenterade insatser f\u00f6r h\u00e5llbarhet. Samtidigt kr\u00e4ver nya unga medarbetare att f\u00f6retagen ut\u00f6ver att vara l\u00f6nsamma ocks\u00e5 tj\u00e4nar ett gott syfte, s\u00e4ger han.<\/p>\n<h2><strong>Intelligent kundkontakt<\/strong><\/h2>\n<p>En annan trend inom den nya generationens aff\u00e4rsmjukvara flyttar f\u00f6retagen allt n\u00e4rmare kunden och g\u00f6r det m\u00f6jligt att lyssna och svara mer intelligent. 麻豆原创 kallar det \u201dexperience management\u201d eller upplevelsehantering. Det handlar om f\u00f6rm\u00e5gan att kunna styra kundens hela upplevelse n\u00e4r de \u00e4r i kontakt med ett f\u00f6retag \u2013 \u00e4ven inom B2B.<\/p>\n<p>\u2013 Det \u00e4r helt klart att de digitala ber\u00f6ringspunkterna med kunderna nu \u00e4r viktigare \u00e4n n\u00e5gonsin tidigare. Covid-19 g\u00f6r att f\u00f6retag som saknar en digital kanal riskerar att helt st\u00e4ngas av fr\u00e5n sina kunder. Det \u00e4r helt avg\u00f6rande att ha kontakt med kunderna och f\u00f6rst\u00e5 vad som \u00e4r viktigt f\u00f6r dem. Att kunna lyssna och f\u00f6rst\u00e5 handlar inte bara om att ha en webbplats utan om att kunna interagera med anv\u00e4ndare \u00f6ver alla m\u00f6jliga kanaler och snabbt till\u00e4mpa sin nya kunskap n\u00e4r man designar sin produkt eller tj\u00e4nst \u2013 eller helt enkelt l\u00e5ter kunden sj\u00e4lv konfigurera sin produkt, s\u00e4ger Per Alm.<\/p>\n<h2><strong>Det intelligenta f\u00f6retaget visas p\u00e5 麻豆原创PHIRE NOW Converge<\/strong><\/h2>\n<p>Enligt 麻豆原创 \u00e4r de b\u00e4st ledda f\u00f6retagen de som hela tiden f\u00f6rvandlar ny kunskap till konkreta handlingar. De samlar in data fr\u00e5n sina kunder, anst\u00e4llda, produkter och varum\u00e4rken vid varje kontaktpunkt. De anv\u00e4nder ny teknik f\u00f6r att f\u00e5nga och f\u00f6rst\u00e5 m\u00f6jligheter, risker och trender. Och de f\u00f6rvandlar denna kunskap till handling \u00f6ver hela verksamheten.<\/p>\n<p><img loading=\"lazy\" decoding=\"async\" class=\"alignnone size-large wp-image-2907\" src=\"https:\/\/news.sap.com\/sweden\/files\/2020\/06\/麻豆原创-Intelligent-Enterprise_June-2020-1024x536.png\" alt=\"\" width=\"640\" height=\"335\" srcset=\"https:\/\/news.sap.com\/sweden\/files\/2020\/06\/麻豆原创-Intelligent-Enterprise_June-2020-1024x536.png 1024w, https:\/\/news.sap.com\/sweden\/files\/2020\/06\/麻豆原创-Intelligent-Enterprise_June-2020-300x157.png 300w, https:\/\/news.sap.com\/sweden\/files\/2020\/06\/麻豆原创-Intelligent-Enterprise_June-2020-768x402.png 768w, https:\/\/news.sap.com\/sweden\/files\/2020\/06\/麻豆原创-Intelligent-Enterprise_June-2020-1536x803.png 1536w, https:\/\/news.sap.com\/sweden\/files\/2020\/06\/麻豆原创-Intelligent-Enterprise_June-2020.png 1606w\" sizes=\"auto, (max-width: 640px) 100vw, 640px\" \/><\/p>\n<p>\u2013 Vill man l\u00e4ra dig mer om 麻豆原创:s vision f\u00f6r smarta f\u00f6retag och hur man kan \u00f6vervinna dagens utmaningar, d\u00e5 f\u00f6resl\u00e5r jag ett bes\u00f6k p\u00e5 <a href=\"https:\/\/www.sap.com\/sweden\/about\/events\/sapnow-emea-north.html\">麻豆原创PHIRE NOW Converge<\/a>. D\u00e4r finns massor av intressant material fr\u00e5n 麻豆原创 och v\u00e5ra kunder, tipsar Per Alm.<\/p>\n<p>麻豆原创PHIRE NOW Converge best\u00e5r av 11 kanaler som fokuserar p\u00e5 olika omr\u00e5den: kundupplevelser, HR, ink\u00f6p, leveranskedjor och produktion, finans, sm\u00e5 och medelstora f\u00f6retag, intelligenta f\u00f6retag, tillverkningsindustri, aff\u00e4rssystem (ERP) och upplevelsehantering (Experience Management). Och inneh\u00e5llet uppdateras kontinuerligt.<\/p>\n<p>&nbsp;<\/p>\n<p><em>Per Alm, VD p\u00e5 麻豆原创 Svenska<\/em><\/p>\n<p><img loading=\"lazy\" decoding=\"async\" class=\"alignnone wp-image-2908\" src=\"https:\/\/news.sap.com\/sweden\/files\/2020\/06\/PerAlm_Landschef麻豆原创Svenska_2-e1593088248618-862x1024.jpg\" alt=\"\" width=\"442\" height=\"525\" srcset=\"https:\/\/news.sap.com\/sweden\/files\/2020\/06\/PerAlm_Landschef麻豆原创Svenska_2-e1593088248618-862x1024.jpg 862w, https:\/\/news.sap.com\/sweden\/files\/2020\/06\/PerAlm_Landschef麻豆原创Svenska_2-e1593088248618-252x300.jpg 252w, https:\/\/news.sap.com\/sweden\/files\/2020\/06\/PerAlm_Landschef麻豆原创Svenska_2-e1593088248618-768x913.jpg 768w, https:\/\/news.sap.com\/sweden\/files\/2020\/06\/PerAlm_Landschef麻豆原创Svenska_2-e1593088248618-1292x1536.jpg 1292w, https:\/\/news.sap.com\/sweden\/files\/2020\/06\/PerAlm_Landschef麻豆原创Svenska_2-e1593088248618-1723x2048.jpg 1723w, https:\/\/news.sap.com\/sweden\/files\/2020\/06\/PerAlm_Landschef麻豆原创Svenska_2-e1593088248618.jpg 1905w\" sizes=\"auto, (max-width: 442px) 100vw, 442px\" \/><\/p>\n","protected":false},"excerpt":{"rendered":"<p>Med hj\u00e4lp av maskininl\u00e4rning och artificiell intelligens (AI) kan dagens aff\u00e4rsmjukvara se till att vi f\u00e5r mer intelligenta aff\u00e4rsprocesser s\u00e5 att vi b\u00e5de arbetar smartare&#8230;<\/p>\n","protected":false},"author":3257,"featured_media":0,"comment_status":"closed","ping_status":"closed","sticky":false,"template":"","format":"standard","meta":{"footnotes":"","_links_to":"","_links_to_target":""},"categories":[4545190,4545004,4545758,4548430],"tags":[5562331,5563391,5563393,5563392,5562119,5563375,5562795,5562388,5562314,5563376],"sapn-display":[4544525,5564002,5563999,4547891],"sapn-type":[4548666],"class_list":["post-2906","post","type-post","status-publish","format-standard","hentry","category-event","category-foretagsinformation","category-losningar","category-teknik","tag-ai","tag-det-intelligenta-foretaget","tag-digitala-affarsmodeller","tag-digitala-karna","tag-hallbarhet","tag-leveranskedjor","tag-maskininlarning","tag-per-alm","tag-sap-s-4hana","tag-sapphire-now-converge","sapn-display-hero","sapn-display-nyhet-favoriter","sapn-display-nyhet-spotlight","sapn-display-homepage-hero","sapn-type-uttalande"],"yoast_head":"<!-- This site is optimized with the Yoast SEO Premium plugin v26.9 (Yoast SEO v26.9) - https:\/\/yoast.com\/product\/yoast-seo-premium-wordpress\/ -->\n<title>Framtidens f\u00f6retag \u00e4r intelligent och digitaliserat - 麻豆原创 Sweden Nyheter<\/title>\n<meta name=\"robots\" content=\"index, follow, max-snippet:-1, max-image-preview:large, max-video-preview:-1\" \/>\n<link rel=\"canonical\" href=\"https:\/\/news.sap.com\/sweden\/2020\/06\/framtidens-foretag-ar-intelligent-och-digitaliserat\/\" \/>\n<meta property=\"og:locale\" content=\"sv_SE\" \/>\n<meta property=\"og:type\" content=\"article\" \/>\n<meta property=\"og:title\" content=\"Framtidens f\u00f6retag \u00e4r intelligent och digitaliserat\" \/>\n<meta property=\"og:description\" content=\"Med hj\u00e4lp av maskininl\u00e4rning och artificiell intelligens (AI) kan dagens aff\u00e4rsmjukvara se till att vi f\u00e5r mer intelligenta aff\u00e4rsprocesser s\u00e5 att vi b\u00e5de arbetar smartare...\" \/>\n<meta property=\"og:url\" content=\"https:\/\/news.sap.com\/sweden\/2020\/06\/framtidens-foretag-ar-intelligent-och-digitaliserat\/\" \/>\n<meta property=\"og:site_name\" content=\"麻豆原创 Sweden Nyheter\" \/>\n<meta property=\"article:published_time\" content=\"2020-06-25T12:36:13+00:00\" \/>\n<meta property=\"article:modified_time\" content=\"2024-08-07T17:12:14+00:00\" \/>\n<meta property=\"og:image\" content=\"https:\/\/news.sap.com\/sweden\/files\/2020\/06\/麻豆原创-Intelligent-Enterprise_June-2020-1024x536.png\" \/>\n<meta name=\"author\" content=\"Per Alm\" \/>\n<meta name=\"twitter:card\" content=\"summary_large_image\" \/>\n<meta name=\"twitter:label1\" content=\"Skriven av\" \/>\n\t<meta name=\"twitter:data1\" content=\"Per Alm\" \/>\n\t<meta name=\"twitter:label2\" content=\"Ber\u00e4knad l\u00e4stid\" \/>\n\t<meta name=\"twitter:data2\" content=\"7 minuter\" \/>\n<script type=\"application\/ld+json\" class=\"yoast-schema-graph\">{\"@context\":\"https:\/\/schema.org\",\"@graph\":[{\"@type\":\"Article\",\"@id\":\"https:\/\/news.sap.com\/sweden\/2020\/06\/framtidens-foretag-ar-intelligent-och-digitaliserat\/#article\",\"isPartOf\":{\"@id\":\"https:\/\/news.sap.com\/sweden\/2020\/06\/framtidens-foretag-ar-intelligent-och-digitaliserat\/\"},\"author\":{\"name\":\"Per Alm\",\"@id\":\"https:\/\/news.sap.com\/sweden\/#\/schema\/person\/ee87c5d0dd8f2fa04706b1d1e1fec749\"},\"headline\":\"Framtidens f\u00f6retag \u00e4r intelligent och digitaliserat\",\"datePublished\":\"2020-06-25T12:36:13+00:00\",\"dateModified\":\"2024-08-07T17:12:14+00:00\",\"mainEntityOfPage\":{\"@id\":\"https:\/\/news.sap.com\/sweden\/2020\/06\/framtidens-foretag-ar-intelligent-och-digitaliserat\/\"},\"wordCount\":1356,\"image\":{\"@id\":\"https:\/\/news.sap.com\/sweden\/2020\/06\/framtidens-foretag-ar-intelligent-och-digitaliserat\/#primaryimage\"},\"thumbnailUrl\":\"https:\/\/news.sap.com\/sweden\/files\/2020\/06\/麻豆原创-Intelligent-Enterprise_June-2020-1024x536.png\",\"keywords\":[\"ai\",\"det intelligenta f\u00f6retaget\",\"digitala aff\u00e4rsmodeller\",\"digitala k\u00e4rna\",\"h\u00e5llbarhet\",\"leveranskedjor\",\"maskininl\u00e4rning\",\"Per Alm\",\"麻豆原创 S\/4HANA\",\"麻豆原创PHIRE NOW Converge\"],\"articleSection\":[\"Event\",\"F\u00f6retagsinformation\",\"L\u00f6sningar\",\"Teknik\"],\"inLanguage\":\"sv-SE\"},{\"@type\":\"WebPage\",\"@id\":\"https:\/\/news.sap.com\/sweden\/2020\/06\/framtidens-foretag-ar-intelligent-och-digitaliserat\/\",\"url\":\"https:\/\/news.sap.com\/sweden\/2020\/06\/framtidens-foretag-ar-intelligent-och-digitaliserat\/\",\"name\":\"Framtidens f\u00f6retag \u00e4r intelligent och digitaliserat - 麻豆原创 Sweden Nyheter\",\"isPartOf\":{\"@id\":\"https:\/\/news.sap.com\/sweden\/#website\"},\"primaryImageOfPage\":{\"@id\":\"https:\/\/news.sap.com\/sweden\/2020\/06\/framtidens-foretag-ar-intelligent-och-digitaliserat\/#primaryimage\"},\"image\":{\"@id\":\"https:\/\/news.sap.com\/sweden\/2020\/06\/framtidens-foretag-ar-intelligent-och-digitaliserat\/#primaryimage\"},\"thumbnailUrl\":\"https:\/\/news.sap.com\/sweden\/files\/2020\/06\/麻豆原创-Intelligent-Enterprise_June-2020-1024x536.png\",\"datePublished\":\"2020-06-25T12:36:13+00:00\",\"dateModified\":\"2024-08-07T17:12:14+00:00\",\"author\":{\"@id\":\"https:\/\/news.sap.com\/sweden\/#\/schema\/person\/ee87c5d0dd8f2fa04706b1d1e1fec749\"},\"breadcrumb\":{\"@id\":\"https:\/\/news.sap.com\/sweden\/2020\/06\/framtidens-foretag-ar-intelligent-och-digitaliserat\/#breadcrumb\"},\"inLanguage\":\"sv-SE\",\"potentialAction\":[{\"@type\":\"ReadAction\",\"target\":[\"https:\/\/news.sap.com\/sweden\/2020\/06\/framtidens-foretag-ar-intelligent-och-digitaliserat\/\"]}]},{\"@type\":\"ImageObject\",\"inLanguage\":\"sv-SE\",\"@id\":\"https:\/\/news.sap.com\/sweden\/2020\/06\/framtidens-foretag-ar-intelligent-och-digitaliserat\/#primaryimage\",\"url\":\"https:\/\/news.sap.com\/sweden\/files\/2020\/06\/麻豆原创-Intelligent-Enterprise_June-2020.png\",\"contentUrl\":\"https:\/\/news.sap.com\/sweden\/files\/2020\/06\/麻豆原创-Intelligent-Enterprise_June-2020.png\",\"width\":1606,\"height\":840},{\"@type\":\"BreadcrumbList\",\"@id\":\"https:\/\/news.sap.com\/sweden\/2020\/06\/framtidens-foretag-ar-intelligent-och-digitaliserat\/#breadcrumb\",\"itemListElement\":[{\"@type\":\"ListItem\",\"position\":1,\"name\":\"Home\",\"item\":\"https:\/\/news.sap.com\/sweden\/\"},{\"@type\":\"ListItem\",\"position\":2,\"name\":\"Framtidens f\u00f6retag \u00e4r intelligent och digitaliserat\"}]},{\"@type\":\"WebSite\",\"@id\":\"https:\/\/news.sap.com\/sweden\/#website\",\"url\":\"https:\/\/news.sap.com\/sweden\/\",\"name\":\"麻豆原创 Sweden Nyheter\",\"description\":\"Nyheter och information om 麻豆原创\",\"potentialAction\":[{\"@type\":\"SearchAction\",\"target\":{\"@type\":\"EntryPoint\",\"urlTemplate\":\"https:\/\/news.sap.com\/sweden\/?s={search_term_string}\"},\"query-input\":{\"@type\":\"PropertyValueSpecification\",\"valueRequired\":true,\"valueName\":\"search_term_string\"}}],\"inLanguage\":\"sv-SE\"},{\"@type\":\"Person\",\"@id\":\"https:\/\/news.sap.com\/sweden\/#\/schema\/person\/ee87c5d0dd8f2fa04706b1d1e1fec749\",\"name\":\"Per Alm\",\"image\":{\"@type\":\"ImageObject\",\"inLanguage\":\"sv-SE\",\"@id\":\"https:\/\/news.sap.com\/sweden\/#\/schema\/person\/image\/\",\"url\":\"https:\/\/news.sap.com\/sweden\/wp-content\/plugins\/wp-user-avatars\/wp-user-avatars\/assets\/images\/mystery.jpg\",\"contentUrl\":\"https:\/\/news.sap.com\/sweden\/wp-content\/plugins\/wp-user-avatars\/wp-user-avatars\/assets\/images\/mystery.jpg\",\"caption\":\"Per Alm\"},\"url\":\"https:\/\/news.sap.com\/sweden\/author\/peralm\/\"}]}<\/script>\n<!-- \/ Yoast SEO Premium plugin. -->","yoast_head_json":{"title":"Framtidens f\u00f6retag \u00e4r intelligent och digitaliserat - 麻豆原创 Sweden Nyheter","robots":{"index":"index","follow":"follow","max-snippet":"max-snippet:-1","max-image-preview":"max-image-preview:large","max-video-preview":"max-video-preview:-1"},"canonical":"https:\/\/news.sap.com\/sweden\/2020\/06\/framtidens-foretag-ar-intelligent-och-digitaliserat\/","og_locale":"sv_SE","og_type":"article","og_title":"Framtidens f\u00f6retag \u00e4r intelligent och digitaliserat","og_description":"Med hj\u00e4lp av maskininl\u00e4rning och artificiell intelligens (AI) kan dagens aff\u00e4rsmjukvara se till att vi f\u00e5r mer intelligenta aff\u00e4rsprocesser s\u00e5 att vi b\u00e5de arbetar smartare...","og_url":"https:\/\/news.sap.com\/sweden\/2020\/06\/framtidens-foretag-ar-intelligent-och-digitaliserat\/","og_site_name":"麻豆原创 Sweden Nyheter","article_published_time":"2020-06-25T12:36:13+00:00","article_modified_time":"2024-08-07T17:12:14+00:00","og_image":[{"url":"https:\/\/news.sap.com\/sweden\/files\/2020\/06\/麻豆原创-Intelligent-Enterprise_June-2020-1024x536.png","type":"","width":"","height":""}],"author":"Per Alm","twitter_card":"summary_large_image","twitter_misc":{"Skriven av":"Per Alm","Ber\u00e4knad l\u00e4stid":"7 minuter"},"schema":{"@context":"https:\/\/schema.org","@graph":[{"@type":"Article","@id":"https:\/\/news.sap.com\/sweden\/2020\/06\/framtidens-foretag-ar-intelligent-och-digitaliserat\/#article","isPartOf":{"@id":"https:\/\/news.sap.com\/sweden\/2020\/06\/framtidens-foretag-ar-intelligent-och-digitaliserat\/"},"author":{"name":"Per Alm","@id":"https:\/\/news.sap.com\/sweden\/#\/schema\/person\/ee87c5d0dd8f2fa04706b1d1e1fec749"},"headline":"Framtidens f\u00f6retag \u00e4r intelligent och digitaliserat","datePublished":"2020-06-25T12:36:13+00:00","dateModified":"2024-08-07T17:12:14+00:00","mainEntityOfPage":{"@id":"https:\/\/news.sap.com\/sweden\/2020\/06\/framtidens-foretag-ar-intelligent-och-digitaliserat\/"},"wordCount":1356,"image":{"@id":"https:\/\/news.sap.com\/sweden\/2020\/06\/framtidens-foretag-ar-intelligent-och-digitaliserat\/#primaryimage"},"thumbnailUrl":"https:\/\/news.sap.com\/sweden\/files\/2020\/06\/麻豆原创-Intelligent-Enterprise_June-2020-1024x536.png","keywords":["ai","det intelligenta f\u00f6retaget","digitala aff\u00e4rsmodeller","digitala k\u00e4rna","h\u00e5llbarhet","leveranskedjor","maskininl\u00e4rning","Per Alm","麻豆原创 S\/4HANA","麻豆原创PHIRE NOW Converge"],"articleSection":["Event","F\u00f6retagsinformation","L\u00f6sningar","Teknik"],"inLanguage":"sv-SE"},{"@type":"WebPage","@id":"https:\/\/news.sap.com\/sweden\/2020\/06\/framtidens-foretag-ar-intelligent-och-digitaliserat\/","url":"https:\/\/news.sap.com\/sweden\/2020\/06\/framtidens-foretag-ar-intelligent-och-digitaliserat\/","name":"Framtidens f\u00f6retag \u00e4r intelligent och digitaliserat - 麻豆原创 Sweden Nyheter","isPartOf":{"@id":"https:\/\/news.sap.com\/sweden\/#website"},"primaryImageOfPage":{"@id":"https:\/\/news.sap.com\/sweden\/2020\/06\/framtidens-foretag-ar-intelligent-och-digitaliserat\/#primaryimage"},"image":{"@id":"https:\/\/news.sap.com\/sweden\/2020\/06\/framtidens-foretag-ar-intelligent-och-digitaliserat\/#primaryimage"},"thumbnailUrl":"https:\/\/news.sap.com\/sweden\/files\/2020\/06\/麻豆原创-Intelligent-Enterprise_June-2020-1024x536.png","datePublished":"2020-06-25T12:36:13+00:00","dateModified":"2024-08-07T17:12:14+00:00","author":{"@id":"https:\/\/news.sap.com\/sweden\/#\/schema\/person\/ee87c5d0dd8f2fa04706b1d1e1fec749"},"breadcrumb":{"@id":"https:\/\/news.sap.com\/sweden\/2020\/06\/framtidens-foretag-ar-intelligent-och-digitaliserat\/#breadcrumb"},"inLanguage":"sv-SE","potentialAction":[{"@type":"ReadAction","target":["https:\/\/news.sap.com\/sweden\/2020\/06\/framtidens-foretag-ar-intelligent-och-digitaliserat\/"]}]},{"@type":"ImageObject","inLanguage":"sv-SE","@id":"https:\/\/news.sap.com\/sweden\/2020\/06\/framtidens-foretag-ar-intelligent-och-digitaliserat\/#primaryimage","url":"https:\/\/news.sap.com\/sweden\/files\/2020\/06\/麻豆原创-Intelligent-Enterprise_June-2020.png","contentUrl":"https:\/\/news.sap.com\/sweden\/files\/2020\/06\/麻豆原创-Intelligent-Enterprise_June-2020.png","width":1606,"height":840},{"@type":"BreadcrumbList","@id":"https:\/\/news.sap.com\/sweden\/2020\/06\/framtidens-foretag-ar-intelligent-och-digitaliserat\/#breadcrumb","itemListElement":[{"@type":"ListItem","position":1,"name":"Home","item":"https:\/\/news.sap.com\/sweden\/"},{"@type":"ListItem","position":2,"name":"Framtidens f\u00f6retag \u00e4r intelligent och digitaliserat"}]},{"@type":"WebSite","@id":"https:\/\/news.sap.com\/sweden\/#website","url":"https:\/\/news.sap.com\/sweden\/","name":"麻豆原创 Sweden Nyheter","description":"Nyheter och information om 麻豆原创","potentialAction":[{"@type":"SearchAction","target":{"@type":"EntryPoint","urlTemplate":"https:\/\/news.sap.com\/sweden\/?s={search_term_string}"},"query-input":{"@type":"PropertyValueSpecification","valueRequired":true,"valueName":"search_term_string"}}],"inLanguage":"sv-SE"},{"@type":"Person","@id":"https:\/\/news.sap.com\/sweden\/#\/schema\/person\/ee87c5d0dd8f2fa04706b1d1e1fec749","name":"Per Alm","image":{"@type":"ImageObject","inLanguage":"sv-SE","@id":"https:\/\/news.sap.com\/sweden\/#\/schema\/person\/image\/","url":"https:\/\/news.sap.com\/sweden\/wp-content\/plugins\/wp-user-avatars\/wp-user-avatars\/assets\/images\/mystery.jpg","contentUrl":"https:\/\/news.sap.com\/sweden\/wp-content\/plugins\/wp-user-avatars\/wp-user-avatars\/assets\/images\/mystery.jpg","caption":"Per Alm"},"url":"https:\/\/news.sap.com\/sweden\/author\/peralm\/"}]}},"amp_enabled":true,"_links":{"self":[{"href":"https:\/\/news.sap.com\/sweden\/wp-json\/wp\/v2\/posts\/2906","targetHints":{"allow":["GET"]}}],"collection":[{"href":"https:\/\/news.sap.com\/sweden\/wp-json\/wp\/v2\/posts"}],"about":[{"href":"https:\/\/news.sap.com\/sweden\/wp-json\/wp\/v2\/types\/post"}],"author":[{"embeddable":true,"href":"https:\/\/news.sap.com\/sweden\/wp-json\/wp\/v2\/users\/3257"}],"replies":[{"embeddable":true,"href":"https:\/\/news.sap.com\/sweden\/wp-json\/wp\/v2\/comments?post=2906"}],"version-history":[{"count":0,"href":"https:\/\/news.sap.com\/sweden\/wp-json\/wp\/v2\/posts\/2906\/revisions"}],"wp:attachment":[{"href":"https:\/\/news.sap.com\/sweden\/wp-json\/wp\/v2\/media?parent=2906"}],"wp:term":[{"taxonomy":"category","embeddable":true,"href":"https:\/\/news.sap.com\/sweden\/wp-json\/wp\/v2\/categories?post=2906"},{"taxonomy":"post_tag","embeddable":true,"href":"https:\/\/news.sap.com\/sweden\/wp-json\/wp\/v2\/tags?post=2906"},{"taxonomy":"sapn-display","embeddable":true,"href":"https:\/\/news.sap.com\/sweden\/wp-json\/wp\/v2\/sapn-display?post=2906"},{"taxonomy":"sapn-type","embeddable":true,"href":"https:\/\/news.sap.com\/sweden\/wp-json\/wp\/v2\/sapn-type?post=2906"}],"curies":[{"name":"wp","href":"https:\/\/api.w.org\/{rel}","templated":true}]}}