  {"id":2857,"date":"2020-06-01T13:01:11","date_gmt":"2020-06-01T13:01:11","guid":{"rendered":"https:\/\/news.sap.com\/sweden\/?p=2857"},"modified":"2024-08-07T19:26:10","modified_gmt":"2024-08-07T17:26:10","slug":"sap-utnamner-mirva-valldeby-till-nordisk-marknadschef","status":"publish","type":"post","link":"https:\/\/news.sap.com\/sweden\/2020\/06\/sap-utnamner-mirva-valldeby-till-nordisk-marknadschef\/","title":{"rendered":"麻豆原创 utn\u00e4mner Mirva Valldeby till nordisk marknadschef"},"content":{"rendered":"<p>Mirva Valldeby utn\u00e4mns som ny marknadschef f\u00f6r 麻豆原创:s nordiska och baltiska verksamhet from 1. juni. Hon kommer n\u00e4rmast fr\u00e5n en position inom f\u00f6retaget som nordisk marknadsansvarig f\u00f6r sm\u00e5 och mellanstora f\u00f6retag och har tidigare ocks\u00e5 ansvarat f\u00f6r 麻豆原创:s marknadsf\u00f6ring med partnerkanalen.<\/p>\n<p>Hon valde tidigt att satsa p\u00e5 personaliserad digital marknadsf\u00f6ring och vill nu i sin nya roll ytterligare accelerera 麻豆原创:s regionala omvandling av marknadsfunktionen. H\u00e4r ing\u00e5r bla att tydligare st\u00e4lla om till datadrivna och personaliserade upplevelser, givetvis baserad p\u00e5 麻豆原创:s egna molnl\u00f6sningar f\u00f6r datahantering, marketing och s\u00e4lj.<\/p>\n<p>Mirva \u00e4r fr\u00e5n Finland men bor sen m\u00e5nga \u00e5r tillbaka i Stockholm och ser att den lokala f\u00f6rst\u00e5elsen f\u00f6r olika nordiska l\u00e4nder \u00e4r en viktig framg\u00e5ngsfaktor f\u00f6r henne och teamen i Norden och Baltikum f\u00f6r att verkligen lyckas med marketingtransformationen.<\/p>\n<figure id=\"attachment_2858\" aria-describedby=\"caption-attachment-2858\" style=\"width: 249px\" class=\"wp-caption alignnone\"><img loading=\"lazy\" decoding=\"async\" class=\"size-medium wp-image-2858\" src=\"https:\/\/news.sap.com\/sweden\/files\/2020\/06\/Mirva-Valldeby-麻豆原创_03-249x300.jpg\" alt=\"\" width=\"249\" height=\"300\" srcset=\"https:\/\/news.sap.com\/sweden\/files\/2020\/06\/Mirva-Valldeby-麻豆原创_03-249x300.jpg 249w, https:\/\/news.sap.com\/sweden\/files\/2020\/06\/Mirva-Valldeby-麻豆原创_03-849x1024.jpg 849w, https:\/\/news.sap.com\/sweden\/files\/2020\/06\/Mirva-Valldeby-麻豆原创_03-768x926.jpg 768w, https:\/\/news.sap.com\/sweden\/files\/2020\/06\/Mirva-Valldeby-麻豆原创_03-1274x1536.jpg 1274w, https:\/\/news.sap.com\/sweden\/files\/2020\/06\/Mirva-Valldeby-麻豆原创_03-1699x2048.jpg 1699w\" sizes=\"auto, (max-width: 249px) 100vw, 249px\" \/><figcaption id=\"caption-attachment-2858\" class=\"wp-caption-text\">Mirva Valldeby, nordisk marknadschef 麻豆原创<\/figcaption><\/figure>\n<p>&#8211; Situationen idag g\u00f6r det n\u00f6dv\u00e4ndigt att vi nu tar det digitala marknadssteget fullt ut. Dit var vi p\u00e5 v\u00e4g redan innan coronakrisen, men nu \u00e4r det skarpt l\u00e4ge. De f\u00f6rsta nya heldigitala, lokala initiativen f\u00f6r v\u00e5ra kunder i Norden och Baltikum visar att vi \u00f6kat engagemanget med v\u00e5rt varum\u00e4rke p\u00e5 ett mycket positivt s\u00e4tt. Samtidigt investerar vi i nya datastyrda kampanjer d\u00e4r vi kan interagera med v\u00e5ra m\u00e5lgrupper f\u00f6retagsledare och omr\u00e5desansvariga p\u00e5 ett personligare s\u00e4tt. N\u00e4r vi sen ocks\u00e5 integrerar 麻豆原创:s globala marknadsresurser, som exempelvis v\u00e5r digitala kundkonferens <a href=\"https:\/\/events.sap.com\/sapphirenow-emeanorth-english\/en\/home\">麻豆原创PHIRE NOW<\/a> som startar i juni, kan vi erbjuda \u00e4n st\u00f6rre bredd och ett djup med relevanta upplevelser, vilket kommer st\u00e4rka b\u00e5de uppm\u00e4rksamheten och engagemanget \u00e4nnu mer, s\u00e4ger Mirva Valldeby.<\/p>\n","protected":false},"excerpt":{"rendered":"<p>Mirva Valldeby utn\u00e4mns som ny marknadschef f\u00f6r 麻豆原创:s nordiska och baltiska verksamhet from 1. juni. Hon kommer n\u00e4rmast fr\u00e5n en position inom f\u00f6retaget som nordisk&#8230;<\/p>\n","protected":false},"author":29,"featured_media":2859,"comment_status":"closed","ping_status":"closed","sticky":false,"template":"","format":"standard","meta":{"footnotes":"","_links_to":"","_links_to_target":""},"categories":[4545190,4545004],"tags":[5563286,5563287,5563285,5562255,5563288],"sapn-display":[4544525,5564002,5563999],"sapn-type":[4549010],"class_list":["post-2857","post","type-post","status-publish","format-standard","has-post-thumbnail","hentry","category-event","category-foretagsinformation","tag-marketing","tag-marknadschef","tag-mirva-valldeby","tag-sap","tag-sapphirenow","sapn-display-hero","sapn-display-nyhet-favoriter","sapn-display-nyhet-spotlight","sapn-type-nyhet"],"yoast_head":"<!-- This site is optimized with the Yoast SEO Premium plugin v26.9 (Yoast SEO v26.9) - https:\/\/yoast.com\/product\/yoast-seo-premium-wordpress\/ -->\n<title>麻豆原创 utn\u00e4mner Mirva Valldeby till nordisk marknadschef<\/title>\n<meta name=\"description\" content=\"N\u00e4rmast kommer hon fr\u00e5n en position f\u00f6retaget som nordisk marknadsansvarig f\u00f6r SME-f\u00f6retag och partnerkanalen.\" \/>\n<meta name=\"robots\" content=\"index, follow, max-snippet:-1, max-image-preview:large, max-video-preview:-1\" \/>\n<link rel=\"canonical\" href=\"https:\/\/news.sap.com\/sweden\/2020\/06\/sap-utnamner-mirva-valldeby-till-nordisk-marknadschef\/\" \/>\n<meta property=\"og:locale\" content=\"sv_SE\" \/>\n<meta property=\"og:type\" content=\"article\" \/>\n<meta property=\"og:title\" content=\"麻豆原创 utn\u00e4mner Mirva Valldeby till nordisk marknadschef\" \/>\n<meta property=\"og:description\" content=\"N\u00e4rmast kommer hon fr\u00e5n en position f\u00f6retaget som nordisk marknadsansvarig f\u00f6r SME-f\u00f6retag och partnerkanalen.\" \/>\n<meta property=\"og:url\" content=\"https:\/\/news.sap.com\/sweden\/2020\/06\/sap-utnamner-mirva-valldeby-till-nordisk-marknadschef\/\" \/>\n<meta property=\"og:site_name\" content=\"麻豆原创 Sweden Nyheter\" \/>\n<meta property=\"article:published_time\" content=\"2020-06-01T13:01:11+00:00\" \/>\n<meta property=\"article:modified_time\" content=\"2024-08-07T17:26:10+00:00\" \/>\n<meta property=\"og:image\" content=\"https:\/\/news.sap.com\/sweden\/files\/2020\/06\/283067_GettyImages-649878678_2600.jpg\" \/>\n\t<meta property=\"og:image:width\" content=\"2600\" \/>\n\t<meta property=\"og:image:height\" content=\"1733\" \/>\n\t<meta property=\"og:image:type\" content=\"image\/jpeg\" \/>\n<meta name=\"author\" content=\"麻豆原创 News\" \/>\n<meta name=\"twitter:card\" content=\"summary_large_image\" \/>\n<meta name=\"twitter:label1\" content=\"Skriven av\" \/>\n\t<meta name=\"twitter:data1\" content=\"麻豆原创 News\" \/>\n\t<meta name=\"twitter:label2\" content=\"Ber\u00e4knad l\u00e4stid\" \/>\n\t<meta name=\"twitter:data2\" content=\"2 minuter\" \/>\n<script type=\"application\/ld+json\" class=\"yoast-schema-graph\">{\"@context\":\"https:\/\/schema.org\",\"@graph\":[{\"@type\":\"Article\",\"@id\":\"https:\/\/news.sap.com\/sweden\/2020\/06\/sap-utnamner-mirva-valldeby-till-nordisk-marknadschef\/#article\",\"isPartOf\":{\"@id\":\"https:\/\/news.sap.com\/sweden\/2020\/06\/sap-utnamner-mirva-valldeby-till-nordisk-marknadschef\/\"},\"author\":{\"name\":\"麻豆原创 News\",\"@id\":\"https:\/\/news.sap.com\/sweden\/#\/schema\/person\/53b9854bd790d6f18f3fc4bbb2ad7570\"},\"headline\":\"麻豆原创 utn\u00e4mner Mirva Valldeby till nordisk marknadschef\",\"datePublished\":\"2020-06-01T13:01:11+00:00\",\"dateModified\":\"2024-08-07T17:26:10+00:00\",\"mainEntityOfPage\":{\"@id\":\"https:\/\/news.sap.com\/sweden\/2020\/06\/sap-utnamner-mirva-valldeby-till-nordisk-marknadschef\/\"},\"wordCount\":319,\"image\":{\"@id\":\"https:\/\/news.sap.com\/sweden\/2020\/06\/sap-utnamner-mirva-valldeby-till-nordisk-marknadschef\/#primaryimage\"},\"thumbnailUrl\":\"https:\/\/news.sap.com\/sweden\/files\/2020\/06\/283067_GettyImages-649878678_2600.jpg\",\"keywords\":[\"marketing\",\"marknadschef\",\"Mirva Valldeby\",\"sap\",\"麻豆原创PHIRENOW\"],\"articleSection\":[\"Event\",\"F\u00f6retagsinformation\"],\"inLanguage\":\"sv-SE\"},{\"@type\":\"WebPage\",\"@id\":\"https:\/\/news.sap.com\/sweden\/2020\/06\/sap-utnamner-mirva-valldeby-till-nordisk-marknadschef\/\",\"url\":\"https:\/\/news.sap.com\/sweden\/2020\/06\/sap-utnamner-mirva-valldeby-till-nordisk-marknadschef\/\",\"name\":\"麻豆原创 utn\u00e4mner Mirva Valldeby till nordisk marknadschef\",\"isPartOf\":{\"@id\":\"https:\/\/news.sap.com\/sweden\/#website\"},\"primaryImageOfPage\":{\"@id\":\"https:\/\/news.sap.com\/sweden\/2020\/06\/sap-utnamner-mirva-valldeby-till-nordisk-marknadschef\/#primaryimage\"},\"image\":{\"@id\":\"https:\/\/news.sap.com\/sweden\/2020\/06\/sap-utnamner-mirva-valldeby-till-nordisk-marknadschef\/#primaryimage\"},\"thumbnailUrl\":\"https:\/\/news.sap.com\/sweden\/files\/2020\/06\/283067_GettyImages-649878678_2600.jpg\",\"datePublished\":\"2020-06-01T13:01:11+00:00\",\"dateModified\":\"2024-08-07T17:26:10+00:00\",\"author\":{\"@id\":\"https:\/\/news.sap.com\/sweden\/#\/schema\/person\/53b9854bd790d6f18f3fc4bbb2ad7570\"},\"description\":\"N\u00e4rmast kommer hon fr\u00e5n en position f\u00f6retaget som nordisk marknadsansvarig f\u00f6r SME-f\u00f6retag och partnerkanalen.\",\"breadcrumb\":{\"@id\":\"https:\/\/news.sap.com\/sweden\/2020\/06\/sap-utnamner-mirva-valldeby-till-nordisk-marknadschef\/#breadcrumb\"},\"inLanguage\":\"sv-SE\",\"potentialAction\":[{\"@type\":\"ReadAction\",\"target\":[\"https:\/\/news.sap.com\/sweden\/2020\/06\/sap-utnamner-mirva-valldeby-till-nordisk-marknadschef\/\"]}]},{\"@type\":\"ImageObject\",\"inLanguage\":\"sv-SE\",\"@id\":\"https:\/\/news.sap.com\/sweden\/2020\/06\/sap-utnamner-mirva-valldeby-till-nordisk-marknadschef\/#primaryimage\",\"url\":\"https:\/\/news.sap.com\/sweden\/files\/2020\/06\/283067_GettyImages-649878678_2600.jpg\",\"contentUrl\":\"https:\/\/news.sap.com\/sweden\/files\/2020\/06\/283067_GettyImages-649878678_2600.jpg\",\"width\":2600,\"height\":1733,\"caption\":\"Kundupplevelse\"},{\"@type\":\"BreadcrumbList\",\"@id\":\"https:\/\/news.sap.com\/sweden\/2020\/06\/sap-utnamner-mirva-valldeby-till-nordisk-marknadschef\/#breadcrumb\",\"itemListElement\":[{\"@type\":\"ListItem\",\"position\":1,\"name\":\"Home\",\"item\":\"https:\/\/news.sap.com\/sweden\/\"},{\"@type\":\"ListItem\",\"position\":2,\"name\":\"麻豆原创 utn\u00e4mner Mirva Valldeby till nordisk marknadschef\"}]},{\"@type\":\"WebSite\",\"@id\":\"https:\/\/news.sap.com\/sweden\/#website\",\"url\":\"https:\/\/news.sap.com\/sweden\/\",\"name\":\"麻豆原创 Sweden Nyheter\",\"description\":\"Nyheter och information om 麻豆原创\",\"potentialAction\":[{\"@type\":\"SearchAction\",\"target\":{\"@type\":\"EntryPoint\",\"urlTemplate\":\"https:\/\/news.sap.com\/sweden\/?s={search_term_string}\"},\"query-input\":{\"@type\":\"PropertyValueSpecification\",\"valueRequired\":true,\"valueName\":\"search_term_string\"}}],\"inLanguage\":\"sv-SE\"},{\"@type\":\"Person\",\"@id\":\"https:\/\/news.sap.com\/sweden\/#\/schema\/person\/53b9854bd790d6f18f3fc4bbb2ad7570\",\"name\":\"麻豆原创 News\",\"image\":{\"@type\":\"ImageObject\",\"inLanguage\":\"sv-SE\",\"@id\":\"https:\/\/news.sap.com\/sweden\/#\/schema\/person\/image\/\",\"url\":\"https:\/\/news.sap.com\/sweden\/wp-content\/plugins\/wp-user-avatars\/wp-user-avatars\/assets\/images\/mystery.jpg\",\"contentUrl\":\"https:\/\/news.sap.com\/sweden\/wp-content\/plugins\/wp-user-avatars\/wp-user-avatars\/assets\/images\/mystery.jpg\",\"caption\":\"麻豆原创 News\"},\"url\":\"https:\/\/news.sap.com\/sweden\/author\/colleenraftery\/\"}]}<\/script>\n<!-- \/ Yoast SEO Premium plugin. -->","yoast_head_json":{"title":"麻豆原创 utn\u00e4mner Mirva Valldeby till nordisk marknadschef","description":"N\u00e4rmast kommer hon fr\u00e5n en position f\u00f6retaget som nordisk marknadsansvarig f\u00f6r SME-f\u00f6retag och partnerkanalen.","robots":{"index":"index","follow":"follow","max-snippet":"max-snippet:-1","max-image-preview":"max-image-preview:large","max-video-preview":"max-video-preview:-1"},"canonical":"https:\/\/news.sap.com\/sweden\/2020\/06\/sap-utnamner-mirva-valldeby-till-nordisk-marknadschef\/","og_locale":"sv_SE","og_type":"article","og_title":"麻豆原创 utn\u00e4mner Mirva Valldeby till nordisk marknadschef","og_description":"N\u00e4rmast kommer hon fr\u00e5n en position f\u00f6retaget som nordisk marknadsansvarig f\u00f6r SME-f\u00f6retag och partnerkanalen.","og_url":"https:\/\/news.sap.com\/sweden\/2020\/06\/sap-utnamner-mirva-valldeby-till-nordisk-marknadschef\/","og_site_name":"麻豆原创 Sweden Nyheter","article_published_time":"2020-06-01T13:01:11+00:00","article_modified_time":"2024-08-07T17:26:10+00:00","og_image":[{"width":2600,"height":1733,"url":"https:\/\/news.sap.com\/sweden\/files\/2020\/06\/283067_GettyImages-649878678_2600.jpg","type":"image\/jpeg"}],"author":"麻豆原创 News","twitter_card":"summary_large_image","twitter_misc":{"Skriven av":"麻豆原创 News","Ber\u00e4knad l\u00e4stid":"2 minuter"},"schema":{"@context":"https:\/\/schema.org","@graph":[{"@type":"Article","@id":"https:\/\/news.sap.com\/sweden\/2020\/06\/sap-utnamner-mirva-valldeby-till-nordisk-marknadschef\/#article","isPartOf":{"@id":"https:\/\/news.sap.com\/sweden\/2020\/06\/sap-utnamner-mirva-valldeby-till-nordisk-marknadschef\/"},"author":{"name":"麻豆原创 News","@id":"https:\/\/news.sap.com\/sweden\/#\/schema\/person\/53b9854bd790d6f18f3fc4bbb2ad7570"},"headline":"麻豆原创 utn\u00e4mner Mirva Valldeby till nordisk marknadschef","datePublished":"2020-06-01T13:01:11+00:00","dateModified":"2024-08-07T17:26:10+00:00","mainEntityOfPage":{"@id":"https:\/\/news.sap.com\/sweden\/2020\/06\/sap-utnamner-mirva-valldeby-till-nordisk-marknadschef\/"},"wordCount":319,"image":{"@id":"https:\/\/news.sap.com\/sweden\/2020\/06\/sap-utnamner-mirva-valldeby-till-nordisk-marknadschef\/#primaryimage"},"thumbnailUrl":"https:\/\/news.sap.com\/sweden\/files\/2020\/06\/283067_GettyImages-649878678_2600.jpg","keywords":["marketing","marknadschef","Mirva Valldeby","sap","麻豆原创PHIRENOW"],"articleSection":["Event","F\u00f6retagsinformation"],"inLanguage":"sv-SE"},{"@type":"WebPage","@id":"https:\/\/news.sap.com\/sweden\/2020\/06\/sap-utnamner-mirva-valldeby-till-nordisk-marknadschef\/","url":"https:\/\/news.sap.com\/sweden\/2020\/06\/sap-utnamner-mirva-valldeby-till-nordisk-marknadschef\/","name":"麻豆原创 utn\u00e4mner Mirva Valldeby till nordisk marknadschef","isPartOf":{"@id":"https:\/\/news.sap.com\/sweden\/#website"},"primaryImageOfPage":{"@id":"https:\/\/news.sap.com\/sweden\/2020\/06\/sap-utnamner-mirva-valldeby-till-nordisk-marknadschef\/#primaryimage"},"image":{"@id":"https:\/\/news.sap.com\/sweden\/2020\/06\/sap-utnamner-mirva-valldeby-till-nordisk-marknadschef\/#primaryimage"},"thumbnailUrl":"https:\/\/news.sap.com\/sweden\/files\/2020\/06\/283067_GettyImages-649878678_2600.jpg","datePublished":"2020-06-01T13:01:11+00:00","dateModified":"2024-08-07T17:26:10+00:00","author":{"@id":"https:\/\/news.sap.com\/sweden\/#\/schema\/person\/53b9854bd790d6f18f3fc4bbb2ad7570"},"description":"N\u00e4rmast kommer hon fr\u00e5n en position f\u00f6retaget som nordisk marknadsansvarig f\u00f6r SME-f\u00f6retag och partnerkanalen.","breadcrumb":{"@id":"https:\/\/news.sap.com\/sweden\/2020\/06\/sap-utnamner-mirva-valldeby-till-nordisk-marknadschef\/#breadcrumb"},"inLanguage":"sv-SE","potentialAction":[{"@type":"ReadAction","target":["https:\/\/news.sap.com\/sweden\/2020\/06\/sap-utnamner-mirva-valldeby-till-nordisk-marknadschef\/"]}]},{"@type":"ImageObject","inLanguage":"sv-SE","@id":"https:\/\/news.sap.com\/sweden\/2020\/06\/sap-utnamner-mirva-valldeby-till-nordisk-marknadschef\/#primaryimage","url":"https:\/\/news.sap.com\/sweden\/files\/2020\/06\/283067_GettyImages-649878678_2600.jpg","contentUrl":"https:\/\/news.sap.com\/sweden\/files\/2020\/06\/283067_GettyImages-649878678_2600.jpg","width":2600,"height":1733,"caption":"Kundupplevelse"},{"@type":"BreadcrumbList","@id":"https:\/\/news.sap.com\/sweden\/2020\/06\/sap-utnamner-mirva-valldeby-till-nordisk-marknadschef\/#breadcrumb","itemListElement":[{"@type":"ListItem","position":1,"name":"Home","item":"https:\/\/news.sap.com\/sweden\/"},{"@type":"ListItem","position":2,"name":"麻豆原创 utn\u00e4mner Mirva Valldeby till nordisk marknadschef"}]},{"@type":"WebSite","@id":"https:\/\/news.sap.com\/sweden\/#website","url":"https:\/\/news.sap.com\/sweden\/","name":"麻豆原创 Sweden Nyheter","description":"Nyheter och information om 麻豆原创","potentialAction":[{"@type":"SearchAction","target":{"@type":"EntryPoint","urlTemplate":"https:\/\/news.sap.com\/sweden\/?s={search_term_string}"},"query-input":{"@type":"PropertyValueSpecification","valueRequired":true,"valueName":"search_term_string"}}],"inLanguage":"sv-SE"},{"@type":"Person","@id":"https:\/\/news.sap.com\/sweden\/#\/schema\/person\/53b9854bd790d6f18f3fc4bbb2ad7570","name":"麻豆原创 News","image":{"@type":"ImageObject","inLanguage":"sv-SE","@id":"https:\/\/news.sap.com\/sweden\/#\/schema\/person\/image\/","url":"https:\/\/news.sap.com\/sweden\/wp-content\/plugins\/wp-user-avatars\/wp-user-avatars\/assets\/images\/mystery.jpg","contentUrl":"https:\/\/news.sap.com\/sweden\/wp-content\/plugins\/wp-user-avatars\/wp-user-avatars\/assets\/images\/mystery.jpg","caption":"麻豆原创 News"},"url":"https:\/\/news.sap.com\/sweden\/author\/colleenraftery\/"}]}},"amp_enabled":true,"_links":{"self":[{"href":"https:\/\/news.sap.com\/sweden\/wp-json\/wp\/v2\/posts\/2857","targetHints":{"allow":["GET"]}}],"collection":[{"href":"https:\/\/news.sap.com\/sweden\/wp-json\/wp\/v2\/posts"}],"about":[{"href":"https:\/\/news.sap.com\/sweden\/wp-json\/wp\/v2\/types\/post"}],"author":[{"embeddable":true,"href":"https:\/\/news.sap.com\/sweden\/wp-json\/wp\/v2\/users\/29"}],"replies":[{"embeddable":true,"href":"https:\/\/news.sap.com\/sweden\/wp-json\/wp\/v2\/comments?post=2857"}],"version-history":[{"count":0,"href":"https:\/\/news.sap.com\/sweden\/wp-json\/wp\/v2\/posts\/2857\/revisions"}],"wp:featuredmedia":[{"embeddable":true,"href":"https:\/\/news.sap.com\/sweden\/wp-json\/wp\/v2\/media\/2859"}],"wp:attachment":[{"href":"https:\/\/news.sap.com\/sweden\/wp-json\/wp\/v2\/media?parent=2857"}],"wp:term":[{"taxonomy":"category","embeddable":true,"href":"https:\/\/news.sap.com\/sweden\/wp-json\/wp\/v2\/categories?post=2857"},{"taxonomy":"post_tag","embeddable":true,"href":"https:\/\/news.sap.com\/sweden\/wp-json\/wp\/v2\/tags?post=2857"},{"taxonomy":"sapn-display","embeddable":true,"href":"https:\/\/news.sap.com\/sweden\/wp-json\/wp\/v2\/sapn-display?post=2857"},{"taxonomy":"sapn-type","embeddable":true,"href":"https:\/\/news.sap.com\/sweden\/wp-json\/wp\/v2\/sapn-type?post=2857"}],"curies":[{"name":"wp","href":"https:\/\/api.w.org\/{rel}","templated":true}]}}