  {"id":2801,"date":"2020-04-21T07:33:12","date_gmt":"2020-04-21T07:33:12","guid":{"rendered":"https:\/\/news.sap.com\/sweden\/?p=2801"},"modified":"2024-08-07T19:28:07","modified_gmt":"2024-08-07T17:28:07","slug":"christian-klein-fortsatter-som-ceo-pa-sap-nar-jennifer-morgan-lamnar","status":"publish","type":"post","link":"https:\/\/news.sap.com\/sweden\/2020\/04\/christian-klein-fortsatter-som-ceo-pa-sap-nar-jennifer-morgan-lamnar\/","title":{"rendered":"Christian Klein forts\u00e4tter som CEO p\u00e5 麻豆原创 n\u00e4r Jennifer Morgan l\u00e4mnar"},"content":{"rendered":"<p>Christian Klein som i dag \u00e4r en av tv\u00e5 verkst\u00e4llande direkt\u00f6rer p\u00e5 麻豆原创 kommer att ta \u00f6ver hela ledarskapet. 麻豆原创:s styrelse och Jennifer Morgan har tillsammans kommit \u00f6verens om att hon l\u00e4mnar bolaget den 30 april. Den nuvarande situationen i v\u00e4rlden kr\u00e4ver att f\u00f6retag snabbt och beslutsamt kan vidta \u00e5tg\u00e4rder och det g\u00f6rs b\u00e4st med en mycket tydlig ledarstruktur. D\u00e4rf\u00f6r togs beslutet att g\u00e5 \u00f6ver fr\u00e5n ett delat ledarskap tidigare \u00e4n planerat f\u00f6r att s\u00e4kerst\u00e4lla en stark och tydlig styrning i tider av en aldrig tidigare sk\u00e5dad kris.<\/p>\n<p>\u2013 Jag \u00e4r tacksam f\u00f6r hur Jennifer har lett 麻豆原创 och allt hon har gjort f\u00f6r f\u00f6retaget, v\u00e5ra medarbetare och kunder. Den h\u00e4r \u00f6verg\u00e5ngen kommer i en tid med stor os\u00e4kerhet i v\u00e4rlden, men jag har full tro p\u00e5 Christians vision och kapacitet att leda 麻豆原创 fram\u00e5t mot fortsatt l\u00f6nsam tillv\u00e4xt, innovation och kundframg\u00e5ng, s\u00e4ger professor Hasso Plattner, styrelseordf\u00f6rande i 麻豆原创 SE.<\/p>\n<p>\u2013 Jag vill tacka Jennifer f\u00f6r hennes m\u00e5ng\u00e5riga partnerskap. Under 麻豆原创:s omvandling har Jennifer alltid varit fokuserad p\u00e5 kunder, partner, aktie\u00e4gare och anst\u00e4llda. Det \u00e4r tack vare henne som vi har skapat en stark position inom l\u00f6sningar f\u00f6r upplevelsehantering. Jag vet att hon alltid kommer att vara av 麻豆原创:s f\u00f6rk\u00e4mpar, s\u00e4ger Christian Klein, CEO f\u00f6r 麻豆原创 SE och ledamot i 麻豆原创:s verkst\u00e4llande styrelse.<\/p>\n<p>\u2013 Det har varit ett stort privilegium att driva 麻豆原创:s tillv\u00e4xt och innovation inom s\u00e5 m\u00e5nga omr\u00e5den och senast som en av tv\u00e5 verkst\u00e4llande direkt\u00f6rer. Med alla f\u00f6r\u00e4ndringar som sker i v\u00e4rlden st\u00e5r det klart att det nu \u00e4r r\u00e4tt tid f\u00f6r f\u00f6retaget att g\u00e5 \u00f6ver till en modell med en verkst\u00e4llande direkt\u00f6r f\u00f6r verksamheten. Jag vill tacka Hasso Plattner f\u00f6r m\u00f6jligheten att leda detta fantastiska f\u00f6retag och jag \u00f6nskar Christian, den verkst\u00e4llande styrelsen och 麻豆原创:s talangfulla medarbetare stora framg\u00e5ngar n\u00e4r de driver f\u00f6retaget fram\u00e5t, s\u00e4ger Jennifer Morgan.<\/p>\n<p>Jennifer Morgan b\u00f6rjade p\u00e5 麻豆原创 2004 och uts\u00e5gs i oktober 2019 till en av tv\u00e5 verkst\u00e4llande direkt\u00f6rer tillsammans med Christian Klein. Tidigare arbetade hon som chef f\u00f6r 麻豆原创 Cloud Business Group med ansvar f\u00f6r Qualtrics, 麻豆原创 SuccessFactors, 麻豆原创 Ariba, 麻豆原创 Fieldglass, 麻豆原创 Customer Experience och 麻豆原创 Concur. Hon uts\u00e5gs till ledamot i 麻豆原创:s verkst\u00e4llande styrelse 2017.<\/p>\n<p><a href=\"https:\/\/news.sap.com\/2020\/04\/morgan-departs-klein-continues-as-sap-ceo\/\">Klicka h\u00e4r f\u00f6r att l\u00e4sa hela pressmeddelandet p\u00e5 engelska.<\/a><\/p>\n","protected":false},"excerpt":{"rendered":"<p>Christian Klein som i dag \u00e4r en av tv\u00e5 verkst\u00e4llande direkt\u00f6rer p\u00e5 麻豆原创 kommer att ta \u00f6ver hela ledarskapet. 麻豆原创:s styrelse och Jennifer Morgan har&#8230;<\/p>\n","protected":false},"author":29,"featured_media":2806,"comment_status":"closed","ping_status":"closed","sticky":false,"template":"","format":"standard","meta":{"footnotes":"","_links_to":"","_links_to_target":""},"categories":[4545004],"tags":[5562833,5562834],"sapn-display":[4544525,5564002,5563999,4547891],"sapn-type":[4549288],"class_list":["post-2801","post","type-post","status-publish","format-standard","has-post-thumbnail","hentry","category-foretagsinformation","tag-christian-klein","tag-jennifer-morgan","sapn-display-hero","sapn-display-nyhet-favoriter","sapn-display-nyhet-spotlight","sapn-display-homepage-hero","sapn-type-pressmeddelande"],"yoast_head":"<!-- This site is optimized with the Yoast SEO Premium plugin v26.9 (Yoast SEO v26.9) - https:\/\/yoast.com\/product\/yoast-seo-premium-wordpress\/ -->\n<title>Christian Klein forts\u00e4tter som CEO p\u00e5 麻豆原创 n\u00e4r Jennifer Morgan l\u00e4mnar<\/title>\n<meta name=\"description\" content=\"麻豆原创:s styrelse och Jennifer Morgan har tillsammans kommit \u00f6verens om att Christian Klein forts\u00e4tter som CEO p\u00e5 麻豆原创 n\u00e4r Jennifer Morgan l\u00e4mnar\" \/>\n<meta name=\"robots\" content=\"index, follow, max-snippet:-1, max-image-preview:large, max-video-preview:-1\" \/>\n<link rel=\"canonical\" href=\"https:\/\/news.sap.com\/sweden\/2020\/04\/christian-klein-fortsatter-som-ceo-pa-sap-nar-jennifer-morgan-lamnar\/\" \/>\n<meta property=\"og:locale\" content=\"sv_SE\" \/>\n<meta property=\"og:type\" content=\"article\" \/>\n<meta property=\"og:title\" content=\"Christian Klein forts\u00e4tter som CEO p\u00e5 麻豆原创 n\u00e4r Jennifer Morgan l\u00e4mnar\" \/>\n<meta property=\"og:description\" content=\"麻豆原创:s styrelse och Jennifer Morgan har tillsammans kommit \u00f6verens om att Christian Klein forts\u00e4tter som CEO p\u00e5 麻豆原创 n\u00e4r Jennifer Morgan l\u00e4mnar\" \/>\n<meta property=\"og:url\" content=\"https:\/\/news.sap.com\/sweden\/2020\/04\/christian-klein-fortsatter-som-ceo-pa-sap-nar-jennifer-morgan-lamnar\/\" \/>\n<meta property=\"og:site_name\" content=\"麻豆原创 Sweden Nyheter\" \/>\n<meta property=\"article:published_time\" content=\"2020-04-21T07:33:12+00:00\" \/>\n<meta property=\"article:modified_time\" content=\"2024-08-07T17:28:07+00:00\" \/>\n<meta property=\"og:image\" content=\"https:\/\/news.sap.com\/sweden\/files\/2020\/04\/麻豆原创_Locations_Walldorf_2012_005_Banner.jpg\" \/>\n\t<meta property=\"og:image:width\" content=\"1920\" \/>\n\t<meta property=\"og:image:height\" content=\"600\" \/>\n\t<meta property=\"og:image:type\" content=\"image\/jpeg\" \/>\n<meta name=\"author\" content=\"麻豆原创 News\" \/>\n<meta name=\"twitter:card\" content=\"summary_large_image\" \/>\n<meta name=\"twitter:label1\" content=\"Skriven av\" \/>\n\t<meta name=\"twitter:data1\" content=\"麻豆原创 News\" \/>\n\t<meta name=\"twitter:label2\" content=\"Ber\u00e4knad l\u00e4stid\" \/>\n\t<meta name=\"twitter:data2\" content=\"2 minuter\" \/>\n<script type=\"application\/ld+json\" class=\"yoast-schema-graph\">{\"@context\":\"https:\/\/schema.org\",\"@graph\":[{\"@type\":\"Article\",\"@id\":\"https:\/\/news.sap.com\/sweden\/2020\/04\/christian-klein-fortsatter-som-ceo-pa-sap-nar-jennifer-morgan-lamnar\/#article\",\"isPartOf\":{\"@id\":\"https:\/\/news.sap.com\/sweden\/2020\/04\/christian-klein-fortsatter-som-ceo-pa-sap-nar-jennifer-morgan-lamnar\/\"},\"author\":{\"name\":\"麻豆原创 News\",\"@id\":\"https:\/\/news.sap.com\/sweden\/#\/schema\/person\/53b9854bd790d6f18f3fc4bbb2ad7570\"},\"headline\":\"Christian Klein forts\u00e4tter som CEO p\u00e5 麻豆原创 n\u00e4r Jennifer Morgan l\u00e4mnar\",\"datePublished\":\"2020-04-21T07:33:12+00:00\",\"dateModified\":\"2024-08-07T17:28:07+00:00\",\"mainEntityOfPage\":{\"@id\":\"https:\/\/news.sap.com\/sweden\/2020\/04\/christian-klein-fortsatter-som-ceo-pa-sap-nar-jennifer-morgan-lamnar\/\"},\"wordCount\":457,\"image\":{\"@id\":\"https:\/\/news.sap.com\/sweden\/2020\/04\/christian-klein-fortsatter-som-ceo-pa-sap-nar-jennifer-morgan-lamnar\/#primaryimage\"},\"thumbnailUrl\":\"https:\/\/news.sap.com\/sweden\/files\/2020\/04\/麻豆原创_Locations_Walldorf_2012_005_Banner.jpg\",\"keywords\":[\"Christian Klein\",\"Jennifer Morgan\"],\"articleSection\":[\"F\u00f6retagsinformation\"],\"inLanguage\":\"sv-SE\"},{\"@type\":\"WebPage\",\"@id\":\"https:\/\/news.sap.com\/sweden\/2020\/04\/christian-klein-fortsatter-som-ceo-pa-sap-nar-jennifer-morgan-lamnar\/\",\"url\":\"https:\/\/news.sap.com\/sweden\/2020\/04\/christian-klein-fortsatter-som-ceo-pa-sap-nar-jennifer-morgan-lamnar\/\",\"name\":\"Christian Klein forts\u00e4tter som CEO p\u00e5 麻豆原创 n\u00e4r Jennifer Morgan l\u00e4mnar\",\"isPartOf\":{\"@id\":\"https:\/\/news.sap.com\/sweden\/#website\"},\"primaryImageOfPage\":{\"@id\":\"https:\/\/news.sap.com\/sweden\/2020\/04\/christian-klein-fortsatter-som-ceo-pa-sap-nar-jennifer-morgan-lamnar\/#primaryimage\"},\"image\":{\"@id\":\"https:\/\/news.sap.com\/sweden\/2020\/04\/christian-klein-fortsatter-som-ceo-pa-sap-nar-jennifer-morgan-lamnar\/#primaryimage\"},\"thumbnailUrl\":\"https:\/\/news.sap.com\/sweden\/files\/2020\/04\/麻豆原创_Locations_Walldorf_2012_005_Banner.jpg\",\"datePublished\":\"2020-04-21T07:33:12+00:00\",\"dateModified\":\"2024-08-07T17:28:07+00:00\",\"author\":{\"@id\":\"https:\/\/news.sap.com\/sweden\/#\/schema\/person\/53b9854bd790d6f18f3fc4bbb2ad7570\"},\"description\":\"麻豆原创:s styrelse och Jennifer Morgan har tillsammans kommit \u00f6verens om att Christian Klein forts\u00e4tter som CEO p\u00e5 麻豆原创 n\u00e4r Jennifer Morgan l\u00e4mnar\",\"breadcrumb\":{\"@id\":\"https:\/\/news.sap.com\/sweden\/2020\/04\/christian-klein-fortsatter-som-ceo-pa-sap-nar-jennifer-morgan-lamnar\/#breadcrumb\"},\"inLanguage\":\"sv-SE\",\"potentialAction\":[{\"@type\":\"ReadAction\",\"target\":[\"https:\/\/news.sap.com\/sweden\/2020\/04\/christian-klein-fortsatter-som-ceo-pa-sap-nar-jennifer-morgan-lamnar\/\"]}]},{\"@type\":\"ImageObject\",\"inLanguage\":\"sv-SE\",\"@id\":\"https:\/\/news.sap.com\/sweden\/2020\/04\/christian-klein-fortsatter-som-ceo-pa-sap-nar-jennifer-morgan-lamnar\/#primaryimage\",\"url\":\"https:\/\/news.sap.com\/sweden\/files\/2020\/04\/麻豆原创_Locations_Walldorf_2012_005_Banner.jpg\",\"contentUrl\":\"https:\/\/news.sap.com\/sweden\/files\/2020\/04\/麻豆原创_Locations_Walldorf_2012_005_Banner.jpg\",\"width\":1920,\"height\":600},{\"@type\":\"BreadcrumbList\",\"@id\":\"https:\/\/news.sap.com\/sweden\/2020\/04\/christian-klein-fortsatter-som-ceo-pa-sap-nar-jennifer-morgan-lamnar\/#breadcrumb\",\"itemListElement\":[{\"@type\":\"ListItem\",\"position\":1,\"name\":\"Home\",\"item\":\"https:\/\/news.sap.com\/sweden\/\"},{\"@type\":\"ListItem\",\"position\":2,\"name\":\"Christian Klein forts\u00e4tter som CEO p\u00e5 麻豆原创 n\u00e4r Jennifer Morgan l\u00e4mnar\"}]},{\"@type\":\"WebSite\",\"@id\":\"https:\/\/news.sap.com\/sweden\/#website\",\"url\":\"https:\/\/news.sap.com\/sweden\/\",\"name\":\"麻豆原创 Sweden Nyheter\",\"description\":\"Nyheter och information om 麻豆原创\",\"potentialAction\":[{\"@type\":\"SearchAction\",\"target\":{\"@type\":\"EntryPoint\",\"urlTemplate\":\"https:\/\/news.sap.com\/sweden\/?s={search_term_string}\"},\"query-input\":{\"@type\":\"PropertyValueSpecification\",\"valueRequired\":true,\"valueName\":\"search_term_string\"}}],\"inLanguage\":\"sv-SE\"},{\"@type\":\"Person\",\"@id\":\"https:\/\/news.sap.com\/sweden\/#\/schema\/person\/53b9854bd790d6f18f3fc4bbb2ad7570\",\"name\":\"麻豆原创 News\",\"image\":{\"@type\":\"ImageObject\",\"inLanguage\":\"sv-SE\",\"@id\":\"https:\/\/news.sap.com\/sweden\/#\/schema\/person\/image\/\",\"url\":\"https:\/\/news.sap.com\/sweden\/wp-content\/plugins\/wp-user-avatars\/wp-user-avatars\/assets\/images\/mystery.jpg\",\"contentUrl\":\"https:\/\/news.sap.com\/sweden\/wp-content\/plugins\/wp-user-avatars\/wp-user-avatars\/assets\/images\/mystery.jpg\",\"caption\":\"麻豆原创 News\"},\"url\":\"https:\/\/news.sap.com\/sweden\/author\/colleenraftery\/\"}]}<\/script>\n<!-- \/ Yoast SEO Premium plugin. -->","yoast_head_json":{"title":"Christian Klein forts\u00e4tter som CEO p\u00e5 麻豆原创 n\u00e4r Jennifer Morgan l\u00e4mnar","description":"麻豆原创:s styrelse och Jennifer Morgan har tillsammans kommit \u00f6verens om att Christian Klein forts\u00e4tter som CEO p\u00e5 麻豆原创 n\u00e4r Jennifer Morgan l\u00e4mnar","robots":{"index":"index","follow":"follow","max-snippet":"max-snippet:-1","max-image-preview":"max-image-preview:large","max-video-preview":"max-video-preview:-1"},"canonical":"https:\/\/news.sap.com\/sweden\/2020\/04\/christian-klein-fortsatter-som-ceo-pa-sap-nar-jennifer-morgan-lamnar\/","og_locale":"sv_SE","og_type":"article","og_title":"Christian Klein forts\u00e4tter som CEO p\u00e5 麻豆原创 n\u00e4r Jennifer Morgan l\u00e4mnar","og_description":"麻豆原创:s styrelse och Jennifer Morgan har tillsammans kommit \u00f6verens om att Christian Klein forts\u00e4tter som CEO p\u00e5 麻豆原创 n\u00e4r Jennifer Morgan l\u00e4mnar","og_url":"https:\/\/news.sap.com\/sweden\/2020\/04\/christian-klein-fortsatter-som-ceo-pa-sap-nar-jennifer-morgan-lamnar\/","og_site_name":"麻豆原创 Sweden Nyheter","article_published_time":"2020-04-21T07:33:12+00:00","article_modified_time":"2024-08-07T17:28:07+00:00","og_image":[{"width":1920,"height":600,"url":"https:\/\/news.sap.com\/sweden\/files\/2020\/04\/麻豆原创_Locations_Walldorf_2012_005_Banner.jpg","type":"image\/jpeg"}],"author":"麻豆原创 News","twitter_card":"summary_large_image","twitter_misc":{"Skriven av":"麻豆原创 News","Ber\u00e4knad l\u00e4stid":"2 minuter"},"schema":{"@context":"https:\/\/schema.org","@graph":[{"@type":"Article","@id":"https:\/\/news.sap.com\/sweden\/2020\/04\/christian-klein-fortsatter-som-ceo-pa-sap-nar-jennifer-morgan-lamnar\/#article","isPartOf":{"@id":"https:\/\/news.sap.com\/sweden\/2020\/04\/christian-klein-fortsatter-som-ceo-pa-sap-nar-jennifer-morgan-lamnar\/"},"author":{"name":"麻豆原创 News","@id":"https:\/\/news.sap.com\/sweden\/#\/schema\/person\/53b9854bd790d6f18f3fc4bbb2ad7570"},"headline":"Christian Klein forts\u00e4tter som CEO p\u00e5 麻豆原创 n\u00e4r Jennifer Morgan l\u00e4mnar","datePublished":"2020-04-21T07:33:12+00:00","dateModified":"2024-08-07T17:28:07+00:00","mainEntityOfPage":{"@id":"https:\/\/news.sap.com\/sweden\/2020\/04\/christian-klein-fortsatter-som-ceo-pa-sap-nar-jennifer-morgan-lamnar\/"},"wordCount":457,"image":{"@id":"https:\/\/news.sap.com\/sweden\/2020\/04\/christian-klein-fortsatter-som-ceo-pa-sap-nar-jennifer-morgan-lamnar\/#primaryimage"},"thumbnailUrl":"https:\/\/news.sap.com\/sweden\/files\/2020\/04\/麻豆原创_Locations_Walldorf_2012_005_Banner.jpg","keywords":["Christian Klein","Jennifer Morgan"],"articleSection":["F\u00f6retagsinformation"],"inLanguage":"sv-SE"},{"@type":"WebPage","@id":"https:\/\/news.sap.com\/sweden\/2020\/04\/christian-klein-fortsatter-som-ceo-pa-sap-nar-jennifer-morgan-lamnar\/","url":"https:\/\/news.sap.com\/sweden\/2020\/04\/christian-klein-fortsatter-som-ceo-pa-sap-nar-jennifer-morgan-lamnar\/","name":"Christian Klein forts\u00e4tter som CEO p\u00e5 麻豆原创 n\u00e4r Jennifer Morgan l\u00e4mnar","isPartOf":{"@id":"https:\/\/news.sap.com\/sweden\/#website"},"primaryImageOfPage":{"@id":"https:\/\/news.sap.com\/sweden\/2020\/04\/christian-klein-fortsatter-som-ceo-pa-sap-nar-jennifer-morgan-lamnar\/#primaryimage"},"image":{"@id":"https:\/\/news.sap.com\/sweden\/2020\/04\/christian-klein-fortsatter-som-ceo-pa-sap-nar-jennifer-morgan-lamnar\/#primaryimage"},"thumbnailUrl":"https:\/\/news.sap.com\/sweden\/files\/2020\/04\/麻豆原创_Locations_Walldorf_2012_005_Banner.jpg","datePublished":"2020-04-21T07:33:12+00:00","dateModified":"2024-08-07T17:28:07+00:00","author":{"@id":"https:\/\/news.sap.com\/sweden\/#\/schema\/person\/53b9854bd790d6f18f3fc4bbb2ad7570"},"description":"麻豆原创:s styrelse och Jennifer Morgan har tillsammans kommit \u00f6verens om att Christian Klein forts\u00e4tter som CEO p\u00e5 麻豆原创 n\u00e4r Jennifer Morgan l\u00e4mnar","breadcrumb":{"@id":"https:\/\/news.sap.com\/sweden\/2020\/04\/christian-klein-fortsatter-som-ceo-pa-sap-nar-jennifer-morgan-lamnar\/#breadcrumb"},"inLanguage":"sv-SE","potentialAction":[{"@type":"ReadAction","target":["https:\/\/news.sap.com\/sweden\/2020\/04\/christian-klein-fortsatter-som-ceo-pa-sap-nar-jennifer-morgan-lamnar\/"]}]},{"@type":"ImageObject","inLanguage":"sv-SE","@id":"https:\/\/news.sap.com\/sweden\/2020\/04\/christian-klein-fortsatter-som-ceo-pa-sap-nar-jennifer-morgan-lamnar\/#primaryimage","url":"https:\/\/news.sap.com\/sweden\/files\/2020\/04\/麻豆原创_Locations_Walldorf_2012_005_Banner.jpg","contentUrl":"https:\/\/news.sap.com\/sweden\/files\/2020\/04\/麻豆原创_Locations_Walldorf_2012_005_Banner.jpg","width":1920,"height":600},{"@type":"BreadcrumbList","@id":"https:\/\/news.sap.com\/sweden\/2020\/04\/christian-klein-fortsatter-som-ceo-pa-sap-nar-jennifer-morgan-lamnar\/#breadcrumb","itemListElement":[{"@type":"ListItem","position":1,"name":"Home","item":"https:\/\/news.sap.com\/sweden\/"},{"@type":"ListItem","position":2,"name":"Christian Klein forts\u00e4tter som CEO p\u00e5 麻豆原创 n\u00e4r Jennifer Morgan l\u00e4mnar"}]},{"@type":"WebSite","@id":"https:\/\/news.sap.com\/sweden\/#website","url":"https:\/\/news.sap.com\/sweden\/","name":"麻豆原创 Sweden Nyheter","description":"Nyheter och information om 麻豆原创","potentialAction":[{"@type":"SearchAction","target":{"@type":"EntryPoint","urlTemplate":"https:\/\/news.sap.com\/sweden\/?s={search_term_string}"},"query-input":{"@type":"PropertyValueSpecification","valueRequired":true,"valueName":"search_term_string"}}],"inLanguage":"sv-SE"},{"@type":"Person","@id":"https:\/\/news.sap.com\/sweden\/#\/schema\/person\/53b9854bd790d6f18f3fc4bbb2ad7570","name":"麻豆原创 News","image":{"@type":"ImageObject","inLanguage":"sv-SE","@id":"https:\/\/news.sap.com\/sweden\/#\/schema\/person\/image\/","url":"https:\/\/news.sap.com\/sweden\/wp-content\/plugins\/wp-user-avatars\/wp-user-avatars\/assets\/images\/mystery.jpg","contentUrl":"https:\/\/news.sap.com\/sweden\/wp-content\/plugins\/wp-user-avatars\/wp-user-avatars\/assets\/images\/mystery.jpg","caption":"麻豆原创 News"},"url":"https:\/\/news.sap.com\/sweden\/author\/colleenraftery\/"}]}},"amp_enabled":true,"_links":{"self":[{"href":"https:\/\/news.sap.com\/sweden\/wp-json\/wp\/v2\/posts\/2801","targetHints":{"allow":["GET"]}}],"collection":[{"href":"https:\/\/news.sap.com\/sweden\/wp-json\/wp\/v2\/posts"}],"about":[{"href":"https:\/\/news.sap.com\/sweden\/wp-json\/wp\/v2\/types\/post"}],"author":[{"embeddable":true,"href":"https:\/\/news.sap.com\/sweden\/wp-json\/wp\/v2\/users\/29"}],"replies":[{"embeddable":true,"href":"https:\/\/news.sap.com\/sweden\/wp-json\/wp\/v2\/comments?post=2801"}],"version-history":[{"count":0,"href":"https:\/\/news.sap.com\/sweden\/wp-json\/wp\/v2\/posts\/2801\/revisions"}],"wp:featuredmedia":[{"embeddable":true,"href":"https:\/\/news.sap.com\/sweden\/wp-json\/wp\/v2\/media\/2806"}],"wp:attachment":[{"href":"https:\/\/news.sap.com\/sweden\/wp-json\/wp\/v2\/media?parent=2801"}],"wp:term":[{"taxonomy":"category","embeddable":true,"href":"https:\/\/news.sap.com\/sweden\/wp-json\/wp\/v2\/categories?post=2801"},{"taxonomy":"post_tag","embeddable":true,"href":"https:\/\/news.sap.com\/sweden\/wp-json\/wp\/v2\/tags?post=2801"},{"taxonomy":"sapn-display","embeddable":true,"href":"https:\/\/news.sap.com\/sweden\/wp-json\/wp\/v2\/sapn-display?post=2801"},{"taxonomy":"sapn-type","embeddable":true,"href":"https:\/\/news.sap.com\/sweden\/wp-json\/wp\/v2\/sapn-type?post=2801"}],"curies":[{"name":"wp","href":"https:\/\/api.w.org\/{rel}","templated":true}]}}