  {"id":2796,"date":"2020-03-27T16:00:45","date_gmt":"2020-03-27T16:00:45","guid":{"rendered":"https:\/\/news.sap.com\/sweden\/?p=2796"},"modified":"2024-08-07T19:27:01","modified_gmt":"2024-08-07T17:27:01","slug":"sap-concur-i-norden-far-nya-chefer","status":"publish","type":"post","link":"https:\/\/news.sap.com\/sweden\/2020\/03\/sap-concur-i-norden-far-nya-chefer\/","title":{"rendered":"麻豆原创 Concur i Norden f\u00e5r nya chefer"},"content":{"rendered":"<p><strong>Christian Nilsson<\/strong> och <strong>Dan Lillie<\/strong> har utsetts att eftertr\u00e4da Magnus Khysing, som l\u00e4mnar posten som nordisk chef f\u00f6r 麻豆原创 Concur f\u00f6r att g\u00e5 vidare som CEO till ett svenskt property-techbolag.<\/p>\n<p>Magnus har haft olika ledningsuppdrag p\u00e5 麻豆原创 sedan 2014 innan han tog \u00f6ver som Nordisk Managing Director f\u00f6r Concur 2016. Under den tiden har Magnus framg\u00e5ngsrikt etablerat 麻豆原创 Concur i hela Norden, vunnit m\u00e5nga nya f\u00f6retagskunder, byggt upp en solid organisation och mer \u00e4n fyrdubblat oms\u00e4ttningen.<\/p>\n<figure id=\"attachment_2797\" aria-describedby=\"caption-attachment-2797\" style=\"width: 146px\" class=\"wp-caption alignnone\"><img loading=\"lazy\" decoding=\"async\" class=\"wp-image-2797\" src=\"https:\/\/news.sap.com\/sweden\/files\/2020\/03\/Christian-Nilsson_麻豆原创ConcurNordics-225x300.jpg\" alt=\"\" width=\"146\" height=\"195\" srcset=\"https:\/\/news.sap.com\/sweden\/files\/2020\/03\/Christian-Nilsson_麻豆原创ConcurNordics-225x300.jpg 225w, https:\/\/news.sap.com\/sweden\/files\/2020\/03\/Christian-Nilsson_麻豆原创ConcurNordics-768x1024.jpg 768w, https:\/\/news.sap.com\/sweden\/files\/2020\/03\/Christian-Nilsson_麻豆原创ConcurNordics-1152x1536.jpg 1152w, https:\/\/news.sap.com\/sweden\/files\/2020\/03\/Christian-Nilsson_麻豆原创ConcurNordics-rotated.jpg 1200w\" sizes=\"auto, (max-width: 146px) 100vw, 146px\" \/><figcaption id=\"caption-attachment-2797\" class=\"wp-caption-text\">Christian Nilsson<\/figcaption><\/figure>\n<figure id=\"attachment_2798\" aria-describedby=\"caption-attachment-2798\" style=\"width: 147px\" class=\"wp-caption alignnone\"><img loading=\"lazy\" decoding=\"async\" class=\"wp-image-2798\" src=\"https:\/\/news.sap.com\/sweden\/files\/2020\/03\/DanLillie_麻豆原创ConcurNordic-228x300.png\" alt=\"\" width=\"147\" height=\"193\" srcset=\"https:\/\/news.sap.com\/sweden\/files\/2020\/03\/DanLillie_麻豆原创ConcurNordic-228x300.png 228w, https:\/\/news.sap.com\/sweden\/files\/2020\/03\/DanLillie_麻豆原创ConcurNordic-778x1024.png 778w, https:\/\/news.sap.com\/sweden\/files\/2020\/03\/DanLillie_麻豆原创ConcurNordic-768x1011.png 768w, https:\/\/news.sap.com\/sweden\/files\/2020\/03\/DanLillie_麻豆原创ConcurNordic-1167x1536.png 1167w, https:\/\/news.sap.com\/sweden\/files\/2020\/03\/DanLillie_麻豆原创ConcurNordic.png 1175w\" sizes=\"auto, (max-width: 147px) 100vw, 147px\" \/><figcaption id=\"caption-attachment-2798\" class=\"wp-caption-text\">Dan Lillie<\/figcaption><\/figure>\n<p>Christian Nilsson kommer styra den svenska och finska verksamheten och delar den nordiska ledningen med Dan Lillie som ansvarar f\u00f6r 麻豆原创 Concur i Danmark och Norge. \u00a0麻豆原创 Concur \u00e4r idag ledande mjukvaruleverant\u00f6r f\u00f6r f\u00f6retagens resehantering och reseregelefterlevnad i molnet, fr\u00e5n bokning till avr\u00e4kning.<\/p>\n<p>Nyligen vann 麻豆原创 Concur Nordic Business Travel Awards 2020 som b\u00e4sta travel-tech f\u00f6retaget i Norden med l\u00f6sningen 麻豆原创 Concur Expense. Priset delas \u00e5rligen ut av de nordiska resef\u00f6rbunden DBTA, FBTA, NBTA and SBTA. Se mer h\u00e4r: <a href=\"https:\/\/www.facebook.com\/pg\/businesstravelawards\">https:\/\/www.facebook.com\/pg\/businesstravelawards<\/a><\/p>\n","protected":false},"excerpt":{"rendered":"<p>Christian Nilsson och Dan Lillie har utsetts att eftertr\u00e4da Magnus Khysing, som l\u00e4mnar posten som nordisk chef f\u00f6r 麻豆原创 Concur f\u00f6r att g\u00e5 vidare som&#8230;<\/p>\n","protected":false},"author":29,"featured_media":0,"comment_status":"closed","ping_status":"closed","sticky":false,"template":"","format":"standard","meta":{"footnotes":"","_links_to":"","_links_to_target":""},"categories":[4545004,4545758,4546034],"tags":[5562469,5563142,5563141,5563140,5563139,5563138,5562470,5562493],"sapn-display":[4544525,5564002,5563999],"sapn-type":[4549010],"class_list":["post-2796","post","type-post","status-publish","format-standard","hentry","category-foretagsinformation","category-losningar","category-moln","tag-affarsresor","tag-christian-nilsson","tag-dan-lillie","tag-magnus-khysing","tag-nordic-business-travel-awards-2020","tag-resehantering","tag-sap-concur","tag-sap-concur-travel-and-expense","sapn-display-hero","sapn-display-nyhet-favoriter","sapn-display-nyhet-spotlight","sapn-type-nyhet"],"yoast_head":"<!-- This site is optimized with the Yoast SEO Premium plugin v26.9 (Yoast SEO v26.9) - https:\/\/yoast.com\/product\/yoast-seo-premium-wordpress\/ -->\n<title>麻豆原创 Concur i Norden f\u00e5r nya chefer - 麻豆原创 Sweden Nyheter<\/title>\n<meta name=\"robots\" content=\"index, follow, max-snippet:-1, max-image-preview:large, max-video-preview:-1\" \/>\n<link rel=\"canonical\" href=\"https:\/\/news.sap.com\/sweden\/2020\/03\/sap-concur-i-norden-far-nya-chefer\/\" \/>\n<meta property=\"og:locale\" content=\"sv_SE\" \/>\n<meta property=\"og:type\" content=\"article\" \/>\n<meta property=\"og:title\" content=\"麻豆原创 Concur i Norden f\u00e5r nya chefer\" \/>\n<meta property=\"og:description\" content=\"Christian Nilsson och Dan Lillie har utsetts att eftertr\u00e4da Magnus Khysing, som l\u00e4mnar posten som nordisk chef f\u00f6r 麻豆原创 Concur f\u00f6r att g\u00e5 vidare som...\" \/>\n<meta property=\"og:url\" content=\"https:\/\/news.sap.com\/sweden\/2020\/03\/sap-concur-i-norden-far-nya-chefer\/\" \/>\n<meta property=\"og:site_name\" content=\"麻豆原创 Sweden Nyheter\" \/>\n<meta property=\"article:published_time\" content=\"2020-03-27T16:00:45+00:00\" \/>\n<meta property=\"article:modified_time\" content=\"2024-08-07T17:27:01+00:00\" \/>\n<meta property=\"og:image\" content=\"https:\/\/news.sap.com\/sweden\/files\/2020\/03\/Christian-Nilsson_麻豆原创ConcurNordics-225x300.jpg\" \/>\n<meta name=\"author\" content=\"麻豆原创 News\" \/>\n<meta name=\"twitter:card\" content=\"summary_large_image\" \/>\n<meta name=\"twitter:label1\" content=\"Skriven av\" \/>\n\t<meta name=\"twitter:data1\" content=\"麻豆原创 News\" \/>\n\t<meta name=\"twitter:label2\" content=\"Ber\u00e4knad l\u00e4stid\" \/>\n\t<meta name=\"twitter:data2\" content=\"1 minut\" \/>\n<script type=\"application\/ld+json\" class=\"yoast-schema-graph\">{\"@context\":\"https:\/\/schema.org\",\"@graph\":[{\"@type\":\"Article\",\"@id\":\"https:\/\/news.sap.com\/sweden\/2020\/03\/sap-concur-i-norden-far-nya-chefer\/#article\",\"isPartOf\":{\"@id\":\"https:\/\/news.sap.com\/sweden\/2020\/03\/sap-concur-i-norden-far-nya-chefer\/\"},\"author\":{\"name\":\"麻豆原创 News\",\"@id\":\"https:\/\/news.sap.com\/sweden\/#\/schema\/person\/53b9854bd790d6f18f3fc4bbb2ad7570\"},\"headline\":\"麻豆原创 Concur i Norden f\u00e5r nya chefer\",\"datePublished\":\"2020-03-27T16:00:45+00:00\",\"dateModified\":\"2024-08-07T17:27:01+00:00\",\"mainEntityOfPage\":{\"@id\":\"https:\/\/news.sap.com\/sweden\/2020\/03\/sap-concur-i-norden-far-nya-chefer\/\"},\"wordCount\":204,\"image\":{\"@id\":\"https:\/\/news.sap.com\/sweden\/2020\/03\/sap-concur-i-norden-far-nya-chefer\/#primaryimage\"},\"thumbnailUrl\":\"https:\/\/news.sap.com\/sweden\/files\/2020\/03\/Christian-Nilsson_麻豆原创ConcurNordics-225x300.jpg\",\"keywords\":[\"aff\u00e4rsresor\",\"Christian Nilsson\",\"Dan Lillie\",\"Magnus Khysing\",\"Nordic Business Travel Awards 2020\",\"resehantering\",\"麻豆原创 Concur\",\"麻豆原创 Concur Travel and Expense\"],\"articleSection\":[\"F\u00f6retagsinformation\",\"L\u00f6sningar\",\"Moln\"],\"inLanguage\":\"sv-SE\"},{\"@type\":\"WebPage\",\"@id\":\"https:\/\/news.sap.com\/sweden\/2020\/03\/sap-concur-i-norden-far-nya-chefer\/\",\"url\":\"https:\/\/news.sap.com\/sweden\/2020\/03\/sap-concur-i-norden-far-nya-chefer\/\",\"name\":\"麻豆原创 Concur i Norden f\u00e5r nya chefer - 麻豆原创 Sweden Nyheter\",\"isPartOf\":{\"@id\":\"https:\/\/news.sap.com\/sweden\/#website\"},\"primaryImageOfPage\":{\"@id\":\"https:\/\/news.sap.com\/sweden\/2020\/03\/sap-concur-i-norden-far-nya-chefer\/#primaryimage\"},\"image\":{\"@id\":\"https:\/\/news.sap.com\/sweden\/2020\/03\/sap-concur-i-norden-far-nya-chefer\/#primaryimage\"},\"thumbnailUrl\":\"https:\/\/news.sap.com\/sweden\/files\/2020\/03\/Christian-Nilsson_麻豆原创ConcurNordics-225x300.jpg\",\"datePublished\":\"2020-03-27T16:00:45+00:00\",\"dateModified\":\"2024-08-07T17:27:01+00:00\",\"author\":{\"@id\":\"https:\/\/news.sap.com\/sweden\/#\/schema\/person\/53b9854bd790d6f18f3fc4bbb2ad7570\"},\"breadcrumb\":{\"@id\":\"https:\/\/news.sap.com\/sweden\/2020\/03\/sap-concur-i-norden-far-nya-chefer\/#breadcrumb\"},\"inLanguage\":\"sv-SE\",\"potentialAction\":[{\"@type\":\"ReadAction\",\"target\":[\"https:\/\/news.sap.com\/sweden\/2020\/03\/sap-concur-i-norden-far-nya-chefer\/\"]}]},{\"@type\":\"ImageObject\",\"inLanguage\":\"sv-SE\",\"@id\":\"https:\/\/news.sap.com\/sweden\/2020\/03\/sap-concur-i-norden-far-nya-chefer\/#primaryimage\",\"url\":\"https:\/\/news.sap.com\/sweden\/files\/2020\/03\/Christian-Nilsson_麻豆原创ConcurNordics-225x300.jpg\",\"contentUrl\":\"https:\/\/news.sap.com\/sweden\/files\/2020\/03\/Christian-Nilsson_麻豆原创ConcurNordics-225x300.jpg\"},{\"@type\":\"BreadcrumbList\",\"@id\":\"https:\/\/news.sap.com\/sweden\/2020\/03\/sap-concur-i-norden-far-nya-chefer\/#breadcrumb\",\"itemListElement\":[{\"@type\":\"ListItem\",\"position\":1,\"name\":\"Home\",\"item\":\"https:\/\/news.sap.com\/sweden\/\"},{\"@type\":\"ListItem\",\"position\":2,\"name\":\"麻豆原创 Concur i Norden f\u00e5r nya chefer\"}]},{\"@type\":\"WebSite\",\"@id\":\"https:\/\/news.sap.com\/sweden\/#website\",\"url\":\"https:\/\/news.sap.com\/sweden\/\",\"name\":\"麻豆原创 Sweden Nyheter\",\"description\":\"Nyheter och information om 麻豆原创\",\"potentialAction\":[{\"@type\":\"SearchAction\",\"target\":{\"@type\":\"EntryPoint\",\"urlTemplate\":\"https:\/\/news.sap.com\/sweden\/?s={search_term_string}\"},\"query-input\":{\"@type\":\"PropertyValueSpecification\",\"valueRequired\":true,\"valueName\":\"search_term_string\"}}],\"inLanguage\":\"sv-SE\"},{\"@type\":\"Person\",\"@id\":\"https:\/\/news.sap.com\/sweden\/#\/schema\/person\/53b9854bd790d6f18f3fc4bbb2ad7570\",\"name\":\"麻豆原创 News\",\"image\":{\"@type\":\"ImageObject\",\"inLanguage\":\"sv-SE\",\"@id\":\"https:\/\/news.sap.com\/sweden\/#\/schema\/person\/image\/\",\"url\":\"https:\/\/news.sap.com\/sweden\/wp-content\/plugins\/wp-user-avatars\/wp-user-avatars\/assets\/images\/mystery.jpg\",\"contentUrl\":\"https:\/\/news.sap.com\/sweden\/wp-content\/plugins\/wp-user-avatars\/wp-user-avatars\/assets\/images\/mystery.jpg\",\"caption\":\"麻豆原创 News\"},\"url\":\"https:\/\/news.sap.com\/sweden\/author\/colleenraftery\/\"}]}<\/script>\n<!-- \/ Yoast SEO Premium plugin. -->","yoast_head_json":{"title":"麻豆原创 Concur i Norden f\u00e5r nya chefer - 麻豆原创 Sweden Nyheter","robots":{"index":"index","follow":"follow","max-snippet":"max-snippet:-1","max-image-preview":"max-image-preview:large","max-video-preview":"max-video-preview:-1"},"canonical":"https:\/\/news.sap.com\/sweden\/2020\/03\/sap-concur-i-norden-far-nya-chefer\/","og_locale":"sv_SE","og_type":"article","og_title":"麻豆原创 Concur i Norden f\u00e5r nya chefer","og_description":"Christian Nilsson och Dan Lillie har utsetts att eftertr\u00e4da Magnus Khysing, som l\u00e4mnar posten som nordisk chef f\u00f6r 麻豆原创 Concur f\u00f6r att g\u00e5 vidare som...","og_url":"https:\/\/news.sap.com\/sweden\/2020\/03\/sap-concur-i-norden-far-nya-chefer\/","og_site_name":"麻豆原创 Sweden Nyheter","article_published_time":"2020-03-27T16:00:45+00:00","article_modified_time":"2024-08-07T17:27:01+00:00","og_image":[{"url":"https:\/\/news.sap.com\/sweden\/files\/2020\/03\/Christian-Nilsson_麻豆原创ConcurNordics-225x300.jpg","type":"","width":"","height":""}],"author":"麻豆原创 News","twitter_card":"summary_large_image","twitter_misc":{"Skriven av":"麻豆原创 News","Ber\u00e4knad l\u00e4stid":"1 minut"},"schema":{"@context":"https:\/\/schema.org","@graph":[{"@type":"Article","@id":"https:\/\/news.sap.com\/sweden\/2020\/03\/sap-concur-i-norden-far-nya-chefer\/#article","isPartOf":{"@id":"https:\/\/news.sap.com\/sweden\/2020\/03\/sap-concur-i-norden-far-nya-chefer\/"},"author":{"name":"麻豆原创 News","@id":"https:\/\/news.sap.com\/sweden\/#\/schema\/person\/53b9854bd790d6f18f3fc4bbb2ad7570"},"headline":"麻豆原创 Concur i Norden f\u00e5r nya chefer","datePublished":"2020-03-27T16:00:45+00:00","dateModified":"2024-08-07T17:27:01+00:00","mainEntityOfPage":{"@id":"https:\/\/news.sap.com\/sweden\/2020\/03\/sap-concur-i-norden-far-nya-chefer\/"},"wordCount":204,"image":{"@id":"https:\/\/news.sap.com\/sweden\/2020\/03\/sap-concur-i-norden-far-nya-chefer\/#primaryimage"},"thumbnailUrl":"https:\/\/news.sap.com\/sweden\/files\/2020\/03\/Christian-Nilsson_麻豆原创ConcurNordics-225x300.jpg","keywords":["aff\u00e4rsresor","Christian Nilsson","Dan Lillie","Magnus Khysing","Nordic Business Travel Awards 2020","resehantering","麻豆原创 Concur","麻豆原创 Concur Travel and Expense"],"articleSection":["F\u00f6retagsinformation","L\u00f6sningar","Moln"],"inLanguage":"sv-SE"},{"@type":"WebPage","@id":"https:\/\/news.sap.com\/sweden\/2020\/03\/sap-concur-i-norden-far-nya-chefer\/","url":"https:\/\/news.sap.com\/sweden\/2020\/03\/sap-concur-i-norden-far-nya-chefer\/","name":"麻豆原创 Concur i Norden f\u00e5r nya chefer - 麻豆原创 Sweden Nyheter","isPartOf":{"@id":"https:\/\/news.sap.com\/sweden\/#website"},"primaryImageOfPage":{"@id":"https:\/\/news.sap.com\/sweden\/2020\/03\/sap-concur-i-norden-far-nya-chefer\/#primaryimage"},"image":{"@id":"https:\/\/news.sap.com\/sweden\/2020\/03\/sap-concur-i-norden-far-nya-chefer\/#primaryimage"},"thumbnailUrl":"https:\/\/news.sap.com\/sweden\/files\/2020\/03\/Christian-Nilsson_麻豆原创ConcurNordics-225x300.jpg","datePublished":"2020-03-27T16:00:45+00:00","dateModified":"2024-08-07T17:27:01+00:00","author":{"@id":"https:\/\/news.sap.com\/sweden\/#\/schema\/person\/53b9854bd790d6f18f3fc4bbb2ad7570"},"breadcrumb":{"@id":"https:\/\/news.sap.com\/sweden\/2020\/03\/sap-concur-i-norden-far-nya-chefer\/#breadcrumb"},"inLanguage":"sv-SE","potentialAction":[{"@type":"ReadAction","target":["https:\/\/news.sap.com\/sweden\/2020\/03\/sap-concur-i-norden-far-nya-chefer\/"]}]},{"@type":"ImageObject","inLanguage":"sv-SE","@id":"https:\/\/news.sap.com\/sweden\/2020\/03\/sap-concur-i-norden-far-nya-chefer\/#primaryimage","url":"https:\/\/news.sap.com\/sweden\/files\/2020\/03\/Christian-Nilsson_麻豆原创ConcurNordics-225x300.jpg","contentUrl":"https:\/\/news.sap.com\/sweden\/files\/2020\/03\/Christian-Nilsson_麻豆原创ConcurNordics-225x300.jpg"},{"@type":"BreadcrumbList","@id":"https:\/\/news.sap.com\/sweden\/2020\/03\/sap-concur-i-norden-far-nya-chefer\/#breadcrumb","itemListElement":[{"@type":"ListItem","position":1,"name":"Home","item":"https:\/\/news.sap.com\/sweden\/"},{"@type":"ListItem","position":2,"name":"麻豆原创 Concur i Norden f\u00e5r nya chefer"}]},{"@type":"WebSite","@id":"https:\/\/news.sap.com\/sweden\/#website","url":"https:\/\/news.sap.com\/sweden\/","name":"麻豆原创 Sweden Nyheter","description":"Nyheter och information om 麻豆原创","potentialAction":[{"@type":"SearchAction","target":{"@type":"EntryPoint","urlTemplate":"https:\/\/news.sap.com\/sweden\/?s={search_term_string}"},"query-input":{"@type":"PropertyValueSpecification","valueRequired":true,"valueName":"search_term_string"}}],"inLanguage":"sv-SE"},{"@type":"Person","@id":"https:\/\/news.sap.com\/sweden\/#\/schema\/person\/53b9854bd790d6f18f3fc4bbb2ad7570","name":"麻豆原创 News","image":{"@type":"ImageObject","inLanguage":"sv-SE","@id":"https:\/\/news.sap.com\/sweden\/#\/schema\/person\/image\/","url":"https:\/\/news.sap.com\/sweden\/wp-content\/plugins\/wp-user-avatars\/wp-user-avatars\/assets\/images\/mystery.jpg","contentUrl":"https:\/\/news.sap.com\/sweden\/wp-content\/plugins\/wp-user-avatars\/wp-user-avatars\/assets\/images\/mystery.jpg","caption":"麻豆原创 News"},"url":"https:\/\/news.sap.com\/sweden\/author\/colleenraftery\/"}]}},"amp_enabled":true,"_links":{"self":[{"href":"https:\/\/news.sap.com\/sweden\/wp-json\/wp\/v2\/posts\/2796","targetHints":{"allow":["GET"]}}],"collection":[{"href":"https:\/\/news.sap.com\/sweden\/wp-json\/wp\/v2\/posts"}],"about":[{"href":"https:\/\/news.sap.com\/sweden\/wp-json\/wp\/v2\/types\/post"}],"author":[{"embeddable":true,"href":"https:\/\/news.sap.com\/sweden\/wp-json\/wp\/v2\/users\/29"}],"replies":[{"embeddable":true,"href":"https:\/\/news.sap.com\/sweden\/wp-json\/wp\/v2\/comments?post=2796"}],"version-history":[{"count":0,"href":"https:\/\/news.sap.com\/sweden\/wp-json\/wp\/v2\/posts\/2796\/revisions"}],"wp:attachment":[{"href":"https:\/\/news.sap.com\/sweden\/wp-json\/wp\/v2\/media?parent=2796"}],"wp:term":[{"taxonomy":"category","embeddable":true,"href":"https:\/\/news.sap.com\/sweden\/wp-json\/wp\/v2\/categories?post=2796"},{"taxonomy":"post_tag","embeddable":true,"href":"https:\/\/news.sap.com\/sweden\/wp-json\/wp\/v2\/tags?post=2796"},{"taxonomy":"sapn-display","embeddable":true,"href":"https:\/\/news.sap.com\/sweden\/wp-json\/wp\/v2\/sapn-display?post=2796"},{"taxonomy":"sapn-type","embeddable":true,"href":"https:\/\/news.sap.com\/sweden\/wp-json\/wp\/v2\/sapn-type?post=2796"}],"curies":[{"name":"wp","href":"https:\/\/api.w.org\/{rel}","templated":true}]}}