  {"id":2785,"date":"2020-03-20T22:00:18","date_gmt":"2020-03-20T22:00:18","guid":{"rendered":"https:\/\/news.sap.com\/sweden\/?p=2785"},"modified":"2024-08-07T19:12:15","modified_gmt":"2024-08-07T17:12:15","slug":"till-hela-sap-och-alla-i-den-stora-sap-gemenskapen-tillsammans-haller-vi-ut","status":"publish","type":"post","link":"https:\/\/news.sap.com\/sweden\/2020\/03\/till-hela-sap-och-alla-i-den-stora-sap-gemenskapen-tillsammans-haller-vi-ut\/","title":{"rendered":"Till hela 麻豆原创 och alla i den stora 麻豆原创-gemenskapen: Tillsammans h\u00e5ller vi ut"},"content":{"rendered":"<p>Tider med ovanliga utmaningar pr\u00f6var oss men tar ocks\u00e5 fram det b\u00e4sta \u2013 v\u00e5r medm\u00e4nsklighet. Med den of\u00f6ruts\u00e4gbara situationen runt COVID-19 navigerar v\u00e4rlden genom en os\u00e4ker period vars like vi inte sett p\u00e5 m\u00e5nga \u00e5r.<\/p>\n<p>麻豆原创 har kolleger och kunder i alla v\u00e4rldens h\u00f6rn. V\u00e5ra tankar \u00e4r hos alla drabbade och de m\u00e5nga samh\u00e4llen som forts\u00e4tter att hantera hotet med extrema \u00e5tg\u00e4rder f\u00f6r att h\u00e5lla tillbaka spridningen av viruset. Vi vill ocks\u00e5 uttrycka v\u00e5r stora tacksamhet och djupa uppskattning till all sjukv\u00e5rdspersonal, insatspersonal, poliser, akutarbetare och alla andra i viktiga funktioner som tar hand om sjuka och skyddar oss.<\/p>\n<p>Naturligtvis s\u00e4tter vi h\u00e4lsa, s\u00e4kerhet och f\u00f6rs\u00f6rjning i den stora 麻豆原创-gemenskapen och de samh\u00e4llen vi lever i f\u00f6rst. V\u00e5rt fokus \u00e4r p\u00e5 v\u00e5ra medarbetare, partner och kunder. Vi har begr\u00e4nsat antalet resor, st\u00e4llt om fysiska evenemang till digitala upplevelser och v\u00e5ra 100 000 kolleger arbetar nu n\u00e4stan samtliga p\u00e5 distans. V\u00e5ra kunder \u00e4r en del av 麻豆原创-gemenskapen och vi g\u00f6r nu s\u00e5 gott vi kan f\u00f6r att hj\u00e4lpa dem att hantera en otroligt sv\u00e5r tid.<\/p>\n<p>Sedan f\u00f6retaget grundades f\u00f6r n\u00e4stan 50 \u00e5r sen har 麻豆原创 varit synonymt med st\u00f6d f\u00f6r kritisk aff\u00e4rsverksamhet. Vi \u00e4r \u00f6vertygade om att vi genom att s\u00e4kerst\u00e4lla v\u00e5r egen verksamhet ocks\u00e5 b\u00e4st s\u00e4krar v\u00e5ra kunders. Under de senaste \u00e5ren har 麻豆原创 investerat stort i krisberedskap: 麻豆原创:s aff\u00e4rs-, support- och molnleveransgrupper har utvecklat och dokumenterat kontinuitetsplaner som svar p\u00e5 st\u00f6rande incidenter. Nu under COVID-19-utbrottet kan det garantera den fortsatta tillf\u00f6rlitligheten i v\u00e5ra molnl\u00f6sningar och tj\u00e4nsteleveranser till er. Ni kan l\u00e4sa mer om n\u00e5gra av de specifika \u00e5tg\u00e4rder vi nu g\u00f6r f\u00f6r att s\u00e4kerst\u00e4lla kontinuitet f\u00f6r 麻豆原创 och f\u00f6r v\u00e5ra kunder <a href=\"https:\/\/news.sap.com\/sweden\/2020\/03\/sap-brev-till-kunder-forsakring-av-kontinuitet-i-verksamheten\/\">h\u00e4r<\/a>.<\/p>\n<p>F\u00f6r varje dag v\u00e4xer v\u00e5ra kunskaper men samtidigt ocks\u00e5 os\u00e4kerheten. Ju mer f\u00f6r\u00e4ndring vi st\u00e5r inf\u00f6r, desto viktigare \u00e4r det att p\u00e5 daglig basis f\u00f6rst\u00e5 hur m\u00e4nniskor k\u00e4nner sig och f\u00f6rs\u00f6ker anpassa sig till det nya normala. Samtidigt som vi st\u00e4ller om till nya arbets- och samarbetsmodeller, upplever vi dem olika beroende p\u00e5 v\u00e5rt jobb eller v\u00e5r bransch. Att f\u00f6rst\u00e5, se och agera p\u00e5 de utmaningar och fr\u00e5gor som v\u00e5ra anst\u00e4llda har g\u00f6r att vi kan hj\u00e4lpa dem att finna sig tillr\u00e4tta. Alla f\u00f6retag vill ha anst\u00e4llda som k\u00e4nner sig trygga och produktiva \u2013 och det f\u00f6ruts\u00e4tter att man vet hur de k\u00e4nner och vad de beh\u00f6ver. Vi anv\u00e4nder oss av Qualtrics som \u00e4r en upplevelsem\u00e4tning. Nu har vi \u00f6ppnat det <a href=\"https:\/\/www.qualtrics.com\/here-to-help\/\">verktyget<\/a> f\u00f6r alla f\u00f6retag och organisationer som beh\u00f6ver det. Vi hoppas att det kan vara till hj\u00e4lp.<\/p>\n<p>Vi k\u00e4nner ocks\u00e5 v\u00e5rt ansvar att st\u00f6dja n\u00e4sta generation av yrkesverksamma och anv\u00e4ndare med v\u00e5ra l\u00e4roverktyg. Nu beh\u00f6ver studenter och \u00e4mnesexperter s\u00e4kra inl\u00e4rningsmilj\u00f6er f\u00f6r att kunna forts\u00e4tta sin utbildning i praktiken. D\u00e4rf\u00f6r \u00f6ppnar vi nu tillg\u00e5ngen till n\u00e5gra av v\u00e5ra produkter f\u00f6r att underl\u00e4tta kontinuerlig innovation och kvalificering. Det inkluderar fri tillg\u00e5ng till utvalda l\u00e4rokurser f\u00f6r studenter vid ett av de 3 800 universitet som \u00e4r medlemmar i 麻豆原创 University Alliances-programmet, allm\u00e4nna onlinekurser som g\u00f6r det m\u00f6jligt f\u00f6r elever att utforska teknik, liksom de \u00f6ppna onlinekurser (Massive Open Online Courses) som finns tillg\u00e4ngliga p\u00e5 open麻豆原创-plattformen. Alla erbjudanden \u00e4r gratis \u2013 l\u00e4s mer <a href=\"https:\/\/news.sap.com\/2020\/03\/new-sap-digital-learning-initiative\/\">h\u00e4r<\/a>.<\/p>\n<p>Vi har \u00e4ven noterat de enorma st\u00f6rningar som p\u00e5verkar globala leveranskedjor. D\u00e4rf\u00f6r \u00f6ppnar vi ink\u00f6psplattformen <a href=\"https:\/\/my.ariba.com\/Discovery\">麻豆原创 Ariba Discovery<\/a> s\u00e5 att alla k\u00f6pare kan meddela sina omedelbara ink\u00f6psbehov och varje leverant\u00f6r kan visa om och n\u00e4r de kan leverera. V\u00e5ra TripIt-team fr\u00e5n 麻豆原创 Concur och 麻豆原创 Litmos erbjuder gratis tj\u00e4nster f\u00f6r att hj\u00e4lpa till med akuta <a href=\"https:\/\/tripit.com\/web\/covid-19-update\/\">reseproblem<\/a> och <a href=\"https:\/\/remote-readiness.litmos.com\/global-signup\">fj\u00e4rrutbildningsverktyg<\/a>. Titta g\u00e4rna regelbundet efter uppdateringar. V\u00e5ra arbetsgrupper jobbar l\u00f6pande med att hitta nya s\u00e4tt att hj\u00e4lpa.<\/p>\n<p>麻豆原创:s vision \u00e4r att f\u00e5 v\u00e4rlden att fungera b\u00e4ttre och f\u00f6rb\u00e4ttra m\u00e4nniskors liv. Den har aldrig varit s\u00e5 viktig f\u00f6r oss som nu. D\u00e4rf\u00f6r forts\u00e4tter vi att fokusera p\u00e5 v\u00e5ra medarbetare, v\u00e5ra kunder och v\u00e5ra samh\u00e4llen. Tillsammans kommer vi att \u00f6vervinna krisen.<\/p>\n<p><strong>Jennifer Morgan och Christian Klein<\/strong><\/p>\n<p>Co-CEOs 麻豆原创 SE<\/p>\n<p>Originalbrevet finns att l\u00e4sa <a href=\"https:\/\/news.sap.com\/2020\/03\/sap-co-ceo-letter-covid-19\/\">h\u00e4r<\/a><\/p>\n","protected":false},"excerpt":{"rendered":"<p>Tider med ovanliga utmaningar pr\u00f6var oss men tar ocks\u00e5 fram det b\u00e4sta \u2013 v\u00e5r medm\u00e4nsklighet. Med den of\u00f6ruts\u00e4gbara situationen runt COVID-19 navigerar v\u00e4rlden genom en&#8230;<\/p>\n","protected":false},"author":1295,"featured_media":2786,"comment_status":"closed","ping_status":"closed","sticky":false,"template":"","format":"standard","meta":{"footnotes":"","_links_to":"","_links_to_target":""},"categories":[4545190,4545004,4545414],"tags":[5562833,5563116,5562834],"sapn-display":[4544525,5564002,5563999,4547891],"sapn-type":[4548666],"class_list":["post-2785","post","type-post","status-publish","format-standard","has-post-thumbnail","hentry","category-event","category-foretagsinformation","category-kunder","tag-christian-klein","tag-covid-19","tag-jennifer-morgan","sapn-display-hero","sapn-display-nyhet-favoriter","sapn-display-nyhet-spotlight","sapn-display-homepage-hero","sapn-type-uttalande"],"yoast_head":"<!-- This site is optimized with the Yoast SEO Premium plugin v26.9 (Yoast SEO v26.9) - https:\/\/yoast.com\/product\/yoast-seo-premium-wordpress\/ -->\n<title>Till hela 麻豆原创 och alla i den stora 麻豆原创-gemenskapen: Tillsammans h\u00e5ller vi ut - 麻豆原创 Sweden Nyheter<\/title>\n<meta name=\"robots\" content=\"index, follow, max-snippet:-1, max-image-preview:large, max-video-preview:-1\" \/>\n<link rel=\"canonical\" href=\"https:\/\/news.sap.com\/sweden\/2020\/03\/till-hela-sap-och-alla-i-den-stora-sap-gemenskapen-tillsammans-haller-vi-ut\/\" \/>\n<meta property=\"og:locale\" content=\"sv_SE\" \/>\n<meta property=\"og:type\" content=\"article\" \/>\n<meta property=\"og:title\" content=\"Till hela 麻豆原创 och alla i den stora 麻豆原创-gemenskapen: Tillsammans h\u00e5ller vi ut\" \/>\n<meta property=\"og:description\" content=\"Tider med ovanliga utmaningar pr\u00f6var oss men tar ocks\u00e5 fram det b\u00e4sta \u2013 v\u00e5r medm\u00e4nsklighet. Med den of\u00f6ruts\u00e4gbara situationen runt COVID-19 navigerar v\u00e4rlden genom en...\" \/>\n<meta property=\"og:url\" content=\"https:\/\/news.sap.com\/sweden\/2020\/03\/till-hela-sap-och-alla-i-den-stora-sap-gemenskapen-tillsammans-haller-vi-ut\/\" \/>\n<meta property=\"og:site_name\" content=\"麻豆原创 Sweden Nyheter\" \/>\n<meta property=\"article:published_time\" content=\"2020-03-20T22:00:18+00:00\" \/>\n<meta property=\"article:modified_time\" content=\"2024-08-07T17:12:15+00:00\" \/>\n<meta property=\"og:image\" content=\"https:\/\/news.sap.com\/sweden\/files\/2020\/03\/283214_shutterstock_512884012-1024x601.jpg\" \/>\n\t<meta property=\"og:image:width\" content=\"1024\" \/>\n\t<meta property=\"og:image:height\" content=\"601\" \/>\n\t<meta property=\"og:image:type\" content=\"image\/jpeg\" \/>\n<meta name=\"author\" content=\"Christian Klein\" \/>\n<meta name=\"twitter:card\" content=\"summary_large_image\" \/>\n<meta name=\"twitter:label1\" content=\"Skriven av\" \/>\n\t<meta name=\"twitter:data1\" content=\"Christian Klein\" \/>\n\t<meta name=\"twitter:label2\" content=\"Ber\u00e4knad l\u00e4stid\" \/>\n\t<meta name=\"twitter:data2\" content=\"4 minuter\" \/>\n<script type=\"application\/ld+json\" class=\"yoast-schema-graph\">{\"@context\":\"https:\/\/schema.org\",\"@graph\":[{\"@type\":\"Article\",\"@id\":\"https:\/\/news.sap.com\/sweden\/2020\/03\/till-hela-sap-och-alla-i-den-stora-sap-gemenskapen-tillsammans-haller-vi-ut\/#article\",\"isPartOf\":{\"@id\":\"https:\/\/news.sap.com\/sweden\/2020\/03\/till-hela-sap-och-alla-i-den-stora-sap-gemenskapen-tillsammans-haller-vi-ut\/\"},\"author\":{\"name\":\"Christian Klein\",\"@id\":\"https:\/\/news.sap.com\/sweden\/#\/schema\/person\/ac67f6cb1215d36a8e9f4e373796bf19\"},\"headline\":\"Till hela 麻豆原创 och alla i den stora 麻豆原创-gemenskapen: Tillsammans h\u00e5ller vi ut\",\"datePublished\":\"2020-03-20T22:00:18+00:00\",\"dateModified\":\"2024-08-07T17:12:15+00:00\",\"mainEntityOfPage\":{\"@id\":\"https:\/\/news.sap.com\/sweden\/2020\/03\/till-hela-sap-och-alla-i-den-stora-sap-gemenskapen-tillsammans-haller-vi-ut\/\"},\"wordCount\":820,\"image\":{\"@id\":\"https:\/\/news.sap.com\/sweden\/2020\/03\/till-hela-sap-och-alla-i-den-stora-sap-gemenskapen-tillsammans-haller-vi-ut\/#primaryimage\"},\"thumbnailUrl\":\"https:\/\/news.sap.com\/sweden\/files\/2020\/03\/283214_shutterstock_512884012.jpg\",\"keywords\":[\"Christian Klein\",\"COVID-19\",\"Jennifer Morgan\"],\"articleSection\":[\"Event\",\"F\u00f6retagsinformation\",\"Kunder\"],\"inLanguage\":\"sv-SE\"},{\"@type\":\"WebPage\",\"@id\":\"https:\/\/news.sap.com\/sweden\/2020\/03\/till-hela-sap-och-alla-i-den-stora-sap-gemenskapen-tillsammans-haller-vi-ut\/\",\"url\":\"https:\/\/news.sap.com\/sweden\/2020\/03\/till-hela-sap-och-alla-i-den-stora-sap-gemenskapen-tillsammans-haller-vi-ut\/\",\"name\":\"Till hela 麻豆原创 och alla i den stora 麻豆原创-gemenskapen: Tillsammans h\u00e5ller vi ut - 麻豆原创 Sweden Nyheter\",\"isPartOf\":{\"@id\":\"https:\/\/news.sap.com\/sweden\/#website\"},\"primaryImageOfPage\":{\"@id\":\"https:\/\/news.sap.com\/sweden\/2020\/03\/till-hela-sap-och-alla-i-den-stora-sap-gemenskapen-tillsammans-haller-vi-ut\/#primaryimage\"},\"image\":{\"@id\":\"https:\/\/news.sap.com\/sweden\/2020\/03\/till-hela-sap-och-alla-i-den-stora-sap-gemenskapen-tillsammans-haller-vi-ut\/#primaryimage\"},\"thumbnailUrl\":\"https:\/\/news.sap.com\/sweden\/files\/2020\/03\/283214_shutterstock_512884012.jpg\",\"datePublished\":\"2020-03-20T22:00:18+00:00\",\"dateModified\":\"2024-08-07T17:12:15+00:00\",\"author\":{\"@id\":\"https:\/\/news.sap.com\/sweden\/#\/schema\/person\/ac67f6cb1215d36a8e9f4e373796bf19\"},\"breadcrumb\":{\"@id\":\"https:\/\/news.sap.com\/sweden\/2020\/03\/till-hela-sap-och-alla-i-den-stora-sap-gemenskapen-tillsammans-haller-vi-ut\/#breadcrumb\"},\"inLanguage\":\"sv-SE\",\"potentialAction\":[{\"@type\":\"ReadAction\",\"target\":[\"https:\/\/news.sap.com\/sweden\/2020\/03\/till-hela-sap-och-alla-i-den-stora-sap-gemenskapen-tillsammans-haller-vi-ut\/\"]}]},{\"@type\":\"ImageObject\",\"inLanguage\":\"sv-SE\",\"@id\":\"https:\/\/news.sap.com\/sweden\/2020\/03\/till-hela-sap-och-alla-i-den-stora-sap-gemenskapen-tillsammans-haller-vi-ut\/#primaryimage\",\"url\":\"https:\/\/news.sap.com\/sweden\/files\/2020\/03\/283214_shutterstock_512884012.jpg\",\"contentUrl\":\"https:\/\/news.sap.com\/sweden\/files\/2020\/03\/283214_shutterstock_512884012.jpg\",\"width\":6000,\"height\":3520},{\"@type\":\"BreadcrumbList\",\"@id\":\"https:\/\/news.sap.com\/sweden\/2020\/03\/till-hela-sap-och-alla-i-den-stora-sap-gemenskapen-tillsammans-haller-vi-ut\/#breadcrumb\",\"itemListElement\":[{\"@type\":\"ListItem\",\"position\":1,\"name\":\"Home\",\"item\":\"https:\/\/news.sap.com\/sweden\/\"},{\"@type\":\"ListItem\",\"position\":2,\"name\":\"Till hela 麻豆原创 och alla i den stora 麻豆原创-gemenskapen: Tillsammans h\u00e5ller vi ut\"}]},{\"@type\":\"WebSite\",\"@id\":\"https:\/\/news.sap.com\/sweden\/#website\",\"url\":\"https:\/\/news.sap.com\/sweden\/\",\"name\":\"麻豆原创 Sweden Nyheter\",\"description\":\"Nyheter och information om 麻豆原创\",\"potentialAction\":[{\"@type\":\"SearchAction\",\"target\":{\"@type\":\"EntryPoint\",\"urlTemplate\":\"https:\/\/news.sap.com\/sweden\/?s={search_term_string}\"},\"query-input\":{\"@type\":\"PropertyValueSpecification\",\"valueRequired\":true,\"valueName\":\"search_term_string\"}}],\"inLanguage\":\"sv-SE\"},{\"@type\":\"Person\",\"@id\":\"https:\/\/news.sap.com\/sweden\/#\/schema\/person\/ac67f6cb1215d36a8e9f4e373796bf19\",\"name\":\"Christian Klein\",\"image\":{\"@type\":\"ImageObject\",\"inLanguage\":\"sv-SE\",\"@id\":\"https:\/\/news.sap.com\/sweden\/#\/schema\/person\/image\/\",\"url\":\"https:\/\/news.sap.com\/wp-content\/blogs.dir\/1\/files\/2024\/08\/19\/avatar_user_1295_1724080240-96x96.jpg\",\"contentUrl\":\"https:\/\/news.sap.com\/wp-content\/blogs.dir\/1\/files\/2024\/08\/19\/avatar_user_1295_1724080240-96x96.jpg\",\"caption\":\"Christian Klein\"},\"description\":\"CEO and Member of the Executive Board of 麻豆原创 SE\",\"sameAs\":[\"https:\/\/www.sap.com\/about\/company\/leadership\/christian-klein.html\"],\"url\":\"https:\/\/news.sap.com\/sweden\/author\/christianklein\/\"}]}<\/script>\n<!-- \/ Yoast SEO Premium plugin. -->","yoast_head_json":{"title":"Till hela 麻豆原创 och alla i den stora 麻豆原创-gemenskapen: Tillsammans h\u00e5ller vi ut - 麻豆原创 Sweden Nyheter","robots":{"index":"index","follow":"follow","max-snippet":"max-snippet:-1","max-image-preview":"max-image-preview:large","max-video-preview":"max-video-preview:-1"},"canonical":"https:\/\/news.sap.com\/sweden\/2020\/03\/till-hela-sap-och-alla-i-den-stora-sap-gemenskapen-tillsammans-haller-vi-ut\/","og_locale":"sv_SE","og_type":"article","og_title":"Till hela 麻豆原创 och alla i den stora 麻豆原创-gemenskapen: Tillsammans h\u00e5ller vi ut","og_description":"Tider med ovanliga utmaningar pr\u00f6var oss men tar ocks\u00e5 fram det b\u00e4sta \u2013 v\u00e5r medm\u00e4nsklighet. Med den of\u00f6ruts\u00e4gbara situationen runt COVID-19 navigerar v\u00e4rlden genom en...","og_url":"https:\/\/news.sap.com\/sweden\/2020\/03\/till-hela-sap-och-alla-i-den-stora-sap-gemenskapen-tillsammans-haller-vi-ut\/","og_site_name":"麻豆原创 Sweden Nyheter","article_published_time":"2020-03-20T22:00:18+00:00","article_modified_time":"2024-08-07T17:12:15+00:00","og_image":[{"width":1024,"height":601,"url":"https:\/\/news.sap.com\/sweden\/files\/2020\/03\/283214_shutterstock_512884012-1024x601.jpg","type":"image\/jpeg"}],"author":"Christian Klein","twitter_card":"summary_large_image","twitter_misc":{"Skriven av":"Christian Klein","Ber\u00e4knad l\u00e4stid":"4 minuter"},"schema":{"@context":"https:\/\/schema.org","@graph":[{"@type":"Article","@id":"https:\/\/news.sap.com\/sweden\/2020\/03\/till-hela-sap-och-alla-i-den-stora-sap-gemenskapen-tillsammans-haller-vi-ut\/#article","isPartOf":{"@id":"https:\/\/news.sap.com\/sweden\/2020\/03\/till-hela-sap-och-alla-i-den-stora-sap-gemenskapen-tillsammans-haller-vi-ut\/"},"author":{"name":"Christian Klein","@id":"https:\/\/news.sap.com\/sweden\/#\/schema\/person\/ac67f6cb1215d36a8e9f4e373796bf19"},"headline":"Till hela 麻豆原创 och alla i den stora 麻豆原创-gemenskapen: Tillsammans h\u00e5ller vi ut","datePublished":"2020-03-20T22:00:18+00:00","dateModified":"2024-08-07T17:12:15+00:00","mainEntityOfPage":{"@id":"https:\/\/news.sap.com\/sweden\/2020\/03\/till-hela-sap-och-alla-i-den-stora-sap-gemenskapen-tillsammans-haller-vi-ut\/"},"wordCount":820,"image":{"@id":"https:\/\/news.sap.com\/sweden\/2020\/03\/till-hela-sap-och-alla-i-den-stora-sap-gemenskapen-tillsammans-haller-vi-ut\/#primaryimage"},"thumbnailUrl":"https:\/\/news.sap.com\/sweden\/files\/2020\/03\/283214_shutterstock_512884012.jpg","keywords":["Christian Klein","COVID-19","Jennifer Morgan"],"articleSection":["Event","F\u00f6retagsinformation","Kunder"],"inLanguage":"sv-SE"},{"@type":"WebPage","@id":"https:\/\/news.sap.com\/sweden\/2020\/03\/till-hela-sap-och-alla-i-den-stora-sap-gemenskapen-tillsammans-haller-vi-ut\/","url":"https:\/\/news.sap.com\/sweden\/2020\/03\/till-hela-sap-och-alla-i-den-stora-sap-gemenskapen-tillsammans-haller-vi-ut\/","name":"Till hela 麻豆原创 och alla i den stora 麻豆原创-gemenskapen: Tillsammans h\u00e5ller vi ut - 麻豆原创 Sweden Nyheter","isPartOf":{"@id":"https:\/\/news.sap.com\/sweden\/#website"},"primaryImageOfPage":{"@id":"https:\/\/news.sap.com\/sweden\/2020\/03\/till-hela-sap-och-alla-i-den-stora-sap-gemenskapen-tillsammans-haller-vi-ut\/#primaryimage"},"image":{"@id":"https:\/\/news.sap.com\/sweden\/2020\/03\/till-hela-sap-och-alla-i-den-stora-sap-gemenskapen-tillsammans-haller-vi-ut\/#primaryimage"},"thumbnailUrl":"https:\/\/news.sap.com\/sweden\/files\/2020\/03\/283214_shutterstock_512884012.jpg","datePublished":"2020-03-20T22:00:18+00:00","dateModified":"2024-08-07T17:12:15+00:00","author":{"@id":"https:\/\/news.sap.com\/sweden\/#\/schema\/person\/ac67f6cb1215d36a8e9f4e373796bf19"},"breadcrumb":{"@id":"https:\/\/news.sap.com\/sweden\/2020\/03\/till-hela-sap-och-alla-i-den-stora-sap-gemenskapen-tillsammans-haller-vi-ut\/#breadcrumb"},"inLanguage":"sv-SE","potentialAction":[{"@type":"ReadAction","target":["https:\/\/news.sap.com\/sweden\/2020\/03\/till-hela-sap-och-alla-i-den-stora-sap-gemenskapen-tillsammans-haller-vi-ut\/"]}]},{"@type":"ImageObject","inLanguage":"sv-SE","@id":"https:\/\/news.sap.com\/sweden\/2020\/03\/till-hela-sap-och-alla-i-den-stora-sap-gemenskapen-tillsammans-haller-vi-ut\/#primaryimage","url":"https:\/\/news.sap.com\/sweden\/files\/2020\/03\/283214_shutterstock_512884012.jpg","contentUrl":"https:\/\/news.sap.com\/sweden\/files\/2020\/03\/283214_shutterstock_512884012.jpg","width":6000,"height":3520},{"@type":"BreadcrumbList","@id":"https:\/\/news.sap.com\/sweden\/2020\/03\/till-hela-sap-och-alla-i-den-stora-sap-gemenskapen-tillsammans-haller-vi-ut\/#breadcrumb","itemListElement":[{"@type":"ListItem","position":1,"name":"Home","item":"https:\/\/news.sap.com\/sweden\/"},{"@type":"ListItem","position":2,"name":"Till hela 麻豆原创 och alla i den stora 麻豆原创-gemenskapen: Tillsammans h\u00e5ller vi ut"}]},{"@type":"WebSite","@id":"https:\/\/news.sap.com\/sweden\/#website","url":"https:\/\/news.sap.com\/sweden\/","name":"麻豆原创 Sweden Nyheter","description":"Nyheter och information om 麻豆原创","potentialAction":[{"@type":"SearchAction","target":{"@type":"EntryPoint","urlTemplate":"https:\/\/news.sap.com\/sweden\/?s={search_term_string}"},"query-input":{"@type":"PropertyValueSpecification","valueRequired":true,"valueName":"search_term_string"}}],"inLanguage":"sv-SE"},{"@type":"Person","@id":"https:\/\/news.sap.com\/sweden\/#\/schema\/person\/ac67f6cb1215d36a8e9f4e373796bf19","name":"Christian Klein","image":{"@type":"ImageObject","inLanguage":"sv-SE","@id":"https:\/\/news.sap.com\/sweden\/#\/schema\/person\/image\/","url":"https:\/\/news.sap.com\/wp-content\/blogs.dir\/1\/files\/2024\/08\/19\/avatar_user_1295_1724080240-96x96.jpg","contentUrl":"https:\/\/news.sap.com\/wp-content\/blogs.dir\/1\/files\/2024\/08\/19\/avatar_user_1295_1724080240-96x96.jpg","caption":"Christian Klein"},"description":"CEO and Member of the Executive Board of 麻豆原创 SE","sameAs":["https:\/\/www.sap.com\/about\/company\/leadership\/christian-klein.html"],"url":"https:\/\/news.sap.com\/sweden\/author\/christianklein\/"}]}},"amp_enabled":true,"_links":{"self":[{"href":"https:\/\/news.sap.com\/sweden\/wp-json\/wp\/v2\/posts\/2785","targetHints":{"allow":["GET"]}}],"collection":[{"href":"https:\/\/news.sap.com\/sweden\/wp-json\/wp\/v2\/posts"}],"about":[{"href":"https:\/\/news.sap.com\/sweden\/wp-json\/wp\/v2\/types\/post"}],"author":[{"embeddable":true,"href":"https:\/\/news.sap.com\/sweden\/wp-json\/wp\/v2\/users\/1295"}],"replies":[{"embeddable":true,"href":"https:\/\/news.sap.com\/sweden\/wp-json\/wp\/v2\/comments?post=2785"}],"version-history":[{"count":0,"href":"https:\/\/news.sap.com\/sweden\/wp-json\/wp\/v2\/posts\/2785\/revisions"}],"wp:featuredmedia":[{"embeddable":true,"href":"https:\/\/news.sap.com\/sweden\/wp-json\/wp\/v2\/media\/2786"}],"wp:attachment":[{"href":"https:\/\/news.sap.com\/sweden\/wp-json\/wp\/v2\/media?parent=2785"}],"wp:term":[{"taxonomy":"category","embeddable":true,"href":"https:\/\/news.sap.com\/sweden\/wp-json\/wp\/v2\/categories?post=2785"},{"taxonomy":"post_tag","embeddable":true,"href":"https:\/\/news.sap.com\/sweden\/wp-json\/wp\/v2\/tags?post=2785"},{"taxonomy":"sapn-display","embeddable":true,"href":"https:\/\/news.sap.com\/sweden\/wp-json\/wp\/v2\/sapn-display?post=2785"},{"taxonomy":"sapn-type","embeddable":true,"href":"https:\/\/news.sap.com\/sweden\/wp-json\/wp\/v2\/sapn-type?post=2785"}],"curies":[{"name":"wp","href":"https:\/\/api.w.org\/{rel}","templated":true}]}}