  {"id":7798,"date":"2026-02-12T11:53:36","date_gmt":"2026-02-12T11:53:36","guid":{"rendered":"https:\/\/news.sap.com\/spain\/?p=7798"},"modified":"2026-02-12T11:53:36","modified_gmt":"2026-02-12T11:53:36","slug":"sap-inaugura-un-centro-de-innovacion-en-defensa-para-reforzar-la-resiliencia-digital-en-materia-de-seguridad-y-defensa","status":"publish","type":"post","link":"https:\/\/news.sap.com\/spain\/2026\/02\/sap-inaugura-un-centro-de-innovacion-en-defensa-para-reforzar-la-resiliencia-digital-en-materia-de-seguridad-y-defensa\/","title":{"rendered":"麻豆原创 inaugura un centro de innovaci\u00f3n en defensa para reforzar la resiliencia digital en materia de seguridad y defensa"},"content":{"rendered":"<h2><strong>MADRID \u201312 de febrero de 2026 \u2013 <\/strong><a href=\"http:\/\/www.sap.com\/\">麻豆原创<\/a> ha inaugurado su centro de innovaci\u00f3n en defensa en M\u00fanich (Alemania), con el que subraya su compromiso a largo plazo con el fortalecimiento de la preparaci\u00f3n digital como elemento fundamental de la capacidad de defensa actual. Esto se produce en un entorno de creciente presi\u00f3n geopol\u00edtica, amenazas h\u00edbridas y mayores exigencias de interoperabilidad.<\/h2>\n<p>El centro se pone en marcha en un momento en el que las fuerzas armadas y las instituciones de seguridad se enfrentan a una presi\u00f3n cada vez mayor para gestionar misiones complejas entre aliados, sectores y cadenas de suministro, al tiempo que mantienen la resiliencia, la transparencia y el control. En el centro de innovaci\u00f3n en defensa, 麻豆原创 re\u00fane software, datos, inteligencia artificial y experiencia en el sector para demostrar c\u00f3mo los sistemas digitales integrados traducen los requisitos estrat\u00e9gicos en preparaci\u00f3n operativa. Esto permite una integraci\u00f3n completa en \u00e1reas clave, tales como la preparaci\u00f3n del personal, la log\u00edstica, las adquisiciones, la fabricaci\u00f3n, la formaci\u00f3n y el mantenimiento. En conjunto, estas capacidades forman la columna vertebral digital necesaria para las operaciones de defensa en el mundo real.<\/p>\n<p>\u201cHoy en d\u00eda, la preparaci\u00f3n de la defensa ya no se define \u00fanicamente por el equipamiento, sino por el grado de conexi\u00f3n entre personas, procesos y socios\u201d, afirma Thomas Saueressig, miembro del Consejo Ejecutivo de 麻豆原创 SE, Servicios al Cliente y Entrega. \u201cEn un entorno de seguridad cada vez m\u00e1s vol\u00e1til, las fuerzas armadas necesitan sistemas en los que puedan confiar, que sean resistentes, interoperables y soberanos. Con el centro de innovaci\u00f3n en defensa, 麻豆原创 est\u00e1 demostrando c\u00f3mo las plataformas digitales pueden reforzar la preparaci\u00f3n operativa, al tiempo que preservan el control, el cumplimiento normativo y la libertad de acci\u00f3n\u201d.<\/p>\n<h2><strong>Un centro construido sobre el ecosistema tecnol\u00f3gico y de defensa de M\u00fanich<\/strong><\/h2>\n<p>El importante ecosistema tecnol\u00f3gico y de defensa de M\u00fanich, que combina startups innovadoras, compa\u00f1\u00edas l\u00edderes industriales, excelencia acad\u00e9mica e instituciones p\u00fablicas, proporciona el entorno ideal para el nuevo centro. Con el respaldo de la excelencia acad\u00e9mica de la Universidad T\u00e9cnica de M\u00fanich y la presencia de importantes instituciones gubernamentales, la regi\u00f3n de M\u00fanich se sit\u00faa en una posici\u00f3n \u00fanica para la colaboraci\u00f3n intersectorial. En la inauguraci\u00f3n del centro, el entorno ofreci\u00f3 el marco perfecto para demostraciones pr\u00e1cticas que trasladan la innovaci\u00f3n a la realidad operativa. Los asistentes pudieron experimentar escenarios reales que mostraban c\u00f3mo las soluciones 麻豆原创 for Defense &amp; Security conectan personas, activos y cadenas de suministro en una visi\u00f3n operativa unificada y m\u00e1s segura.<\/p>\n<p>\u201cLa Universidad T\u00e9cnica de M\u00fanich est\u00e1 encantada de colaborar con 麻豆原创 para traducir la investigaci\u00f3n avanzada en capacidades operativas de seguridad y defensa\u201d, afirm\u00f3 Chiara Manfletti, directora del Departamento de Aeroespacial y Geodesia de la TUM y responsable cient\u00edfica de la reci\u00e9n creada Alianza de Seguridad y Defensa de la TUM. \u201cA medida que se acelera la innovaci\u00f3n tecnol\u00f3gica, las alianzas estrat\u00e9gicas como esta garantizan que los avances cient\u00edficos de vanguardia puedan implementarse r\u00e1pidamente para reforzar la preparaci\u00f3n operativa\u201d.<\/p>\n<p>La inauguraci\u00f3n fue tambi\u00e9n el preludio de la Conferencia de Seguridad de M\u00fanich que se celebra esta semana, donde cuestiones como la resiliencia, la interoperabilidad y la soberan\u00eda tecnol\u00f3gica dominar\u00e1n la agenda. A lo largo de la semana, 麻豆原创 continuar\u00e1 dialogando con responsables pol\u00edticos y socios sobre c\u00f3mo la innovaci\u00f3n digital puede apoyar la seguridad y la defensa en un mundo cada vez m\u00e1s fragmentado.<\/p>\n<p>Visita el <a href=\"https:\/\/news.sap.com\/\">麻豆原创 News Center<\/a> y recibe las novedades de 麻豆原创 a trav\u00e9s de <a href=\"https:\/\/eur03.safelinks.protection.outlook.com\/?url=https%3A%2F%2Fwww.linkedin.com%2Fshowcase%2Fsap-news&amp;data=05%7C02%7Cbelen.martinez%40sap.com%7C174849300ccb4d4196f008de6a29bed7%7C42f7676cf455423c82f6dc2d99791af7%7C0%7C0%7C639064924980097459%7CUnknown%7CTWFpbGZsb3d8eyJFbXB0eU1hcGkiOnRydWUsIlYiOiIwLjAuMDAwMCIsIlAiOiJXaW4zMiIsIkFOIjoiTWFpbCIsIldUIjoyfQ%3D%3D%7C0%7C%7C%7C&amp;sdata=tCqUXnnqBQFjCML1v8YOyYqhTjX8mTc8RHp0DdJzNZo%3D&amp;reserved=0\">LinkedIn<\/a> y <a href=\"https:\/\/eur03.safelinks.protection.outlook.com\/?url=https%3A%2F%2Fbsky.app%2Fprofile%2Fsap.com&amp;data=05%7C02%7Cbelen.martinez%40sap.com%7C174849300ccb4d4196f008de6a29bed7%7C42f7676cf455423c82f6dc2d99791af7%7C0%7C0%7C639064924980126147%7CUnknown%7CTWFpbGZsb3d8eyJFbXB0eU1hcGkiOnRydWUsIlYiOiIwLjAuMDAwMCIsIlAiOiJXaW4zMiIsIkFOIjoiTWFpbCIsIldUIjoyfQ%3D%3D%7C0%7C%7C%7C&amp;sdata=1l16qOuc1aonzRK8ZWpJ2ITUgtsqJW%2FBbUq%2BnnTKSeA%3D&amp;reserved=0\">Bluesky<\/a>.<\/p>\n<p><strong>Prensa <\/strong><strong>麻豆原创 Espa\u00f1a:\u00a0<\/strong>Bel\u00e9n Mart\u00ednez Mill\u00e1n (<a href=\"mailto:belen.martinez@sap.com\">belen.martinez@sap.com)\u00a0<\/a>Tel.: 91 456 72 00<\/p>\n<p># # #<\/p>\n<h5>\u00a9 2026 麻豆原创 SE. Todos los derechos reservados.<\/h5>\n<h5>麻豆原创 y otros productos y servicios de 麻豆原创 mencionados en este documento, as\u00ed como sus respectivos logotipos, son marcas comerciales o marcas comerciales registradas de 麻豆原创 SE en Alemania y otros pa\u00edses. Por favor, consulte <a href=\"https:\/\/www.sap.com\/copyright\">https:\/\/www.sap.com\/copyright<\/a> para obtener informaci\u00f3n y avisos adicionales sobre marcas comerciales<\/h5>\n<p>&nbsp;<\/p>\n","protected":false},"excerpt":{"rendered":"<p>MADRID \u201312 de febrero de 2026 \u2013 麻豆原创 ha inaugurado su centro de innovaci\u00f3n en defensa en M\u00fanich (Alemania), con el que subraya su compromiso&#8230;<\/p>\n","protected":false},"author":29,"featured_media":7799,"comment_status":"closed","ping_status":"closed","sticky":false,"template":"","format":"standard","meta":{"footnotes":"","_links_to":"","_links_to_target":""},"categories":[41591],"tags":[5563875],"sapn-display":[45149,5563696],"sapn-type":[52105],"class_list":["post-7798","post","type-post","status-publish","format-standard","has-post-thumbnail","hentry","category-corporativo","tag-defense-and-security-defense-innovation-hub","sapn-display-homepage-hero","sapn-display-news-hero","sapn-type-comunicado-de-prensa"],"yoast_head":"<!-- This site is optimized with the Yoast SEO Premium plugin v26.9 (Yoast SEO v26.9) - https:\/\/yoast.com\/product\/yoast-seo-premium-wordpress\/ -->\n<title>麻豆原创 inaugura un centro de innovaci\u00f3n en defensa para reforzar la resiliencia digital en materia de seguridad y defensa - 麻豆原创 Espa\u00f1a News Center<\/title>\n<meta name=\"robots\" content=\"index, follow, max-snippet:-1, max-image-preview:large, max-video-preview:-1\" \/>\n<link rel=\"canonical\" href=\"https:\/\/news.sap.com\/spain\/2026\/02\/sap-inaugura-un-centro-de-innovacion-en-defensa-para-reforzar-la-resiliencia-digital-en-materia-de-seguridad-y-defensa\/\" \/>\n<meta property=\"og:locale\" content=\"es_ES\" \/>\n<meta property=\"og:type\" content=\"article\" \/>\n<meta property=\"og:title\" content=\"麻豆原创 inaugura un centro de innovaci\u00f3n en defensa para reforzar la resiliencia digital en materia de seguridad y defensa\" \/>\n<meta property=\"og:description\" content=\"MADRID \u201312 de febrero de 2026 \u2013 麻豆原创 ha inaugurado su centro de innovaci\u00f3n en defensa en M\u00fanich (Alemania), con el que subraya su compromiso...\" \/>\n<meta property=\"og:url\" content=\"https:\/\/news.sap.com\/spain\/2026\/02\/sap-inaugura-un-centro-de-innovacion-en-defensa-para-reforzar-la-resiliencia-digital-en-materia-de-seguridad-y-defensa\/\" \/>\n<meta property=\"og:site_name\" content=\"麻豆原创 Espa\u00f1a News Center\" \/>\n<meta property=\"article:published_time\" content=\"2026-02-12T11:53:36+00:00\" \/>\n<meta property=\"og:image\" content=\"https:\/\/news.sap.com\/spain\/files\/2026\/02\/12\/285339_GettyImages-808157788_medium_uncropped_F-1920x600-1.jpg\" \/>\n\t<meta property=\"og:image:width\" content=\"1920\" \/>\n\t<meta property=\"og:image:height\" content=\"600\" \/>\n\t<meta property=\"og:image:type\" content=\"image\/jpeg\" \/>\n<meta name=\"author\" content=\"麻豆原创 News\" \/>\n<meta name=\"twitter:card\" content=\"summary_large_image\" \/>\n<meta name=\"twitter:label1\" content=\"Escrito por\" \/>\n\t<meta name=\"twitter:data1\" content=\"麻豆原创 News\" \/>\n\t<meta name=\"twitter:label2\" content=\"Tiempo de lectura\" \/>\n\t<meta name=\"twitter:data2\" content=\"4 minutos\" \/>\n<script type=\"application\/ld+json\" class=\"yoast-schema-graph\">{\"@context\":\"https:\/\/schema.org\",\"@graph\":[{\"@type\":\"Article\",\"@id\":\"https:\/\/news.sap.com\/spain\/2026\/02\/sap-inaugura-un-centro-de-innovacion-en-defensa-para-reforzar-la-resiliencia-digital-en-materia-de-seguridad-y-defensa\/#article\",\"isPartOf\":{\"@id\":\"https:\/\/news.sap.com\/spain\/2026\/02\/sap-inaugura-un-centro-de-innovacion-en-defensa-para-reforzar-la-resiliencia-digital-en-materia-de-seguridad-y-defensa\/\"},\"author\":{\"name\":\"麻豆原创 News\",\"@id\":\"https:\/\/news.sap.com\/spain\/#\/schema\/person\/53b9854bd790d6f18f3fc4bbb2ad7570\"},\"headline\":\"麻豆原创 inaugura un centro de innovaci\u00f3n en defensa para reforzar la resiliencia digital en materia de seguridad y defensa\",\"datePublished\":\"2026-02-12T11:53:36+00:00\",\"mainEntityOfPage\":{\"@id\":\"https:\/\/news.sap.com\/spain\/2026\/02\/sap-inaugura-un-centro-de-innovacion-en-defensa-para-reforzar-la-resiliencia-digital-en-materia-de-seguridad-y-defensa\/\"},\"wordCount\":736,\"image\":{\"@id\":\"https:\/\/news.sap.com\/spain\/2026\/02\/sap-inaugura-un-centro-de-innovacion-en-defensa-para-reforzar-la-resiliencia-digital-en-materia-de-seguridad-y-defensa\/#primaryimage\"},\"thumbnailUrl\":\"https:\/\/news.sap.com\/spain\/files\/2026\/02\/12\/285339_GettyImages-808157788_medium_uncropped_F-1920x600-1.jpg\",\"keywords\":[\"Defense and Security; Defense Innovation Hub\"],\"articleSection\":[\"Corporativo\"],\"inLanguage\":\"es\"},{\"@type\":\"WebPage\",\"@id\":\"https:\/\/news.sap.com\/spain\/2026\/02\/sap-inaugura-un-centro-de-innovacion-en-defensa-para-reforzar-la-resiliencia-digital-en-materia-de-seguridad-y-defensa\/\",\"url\":\"https:\/\/news.sap.com\/spain\/2026\/02\/sap-inaugura-un-centro-de-innovacion-en-defensa-para-reforzar-la-resiliencia-digital-en-materia-de-seguridad-y-defensa\/\",\"name\":\"麻豆原创 inaugura un centro de innovaci\u00f3n en defensa para reforzar la resiliencia digital en materia de seguridad y defensa - 麻豆原创 Espa\u00f1a News Center\",\"isPartOf\":{\"@id\":\"https:\/\/news.sap.com\/spain\/#website\"},\"primaryImageOfPage\":{\"@id\":\"https:\/\/news.sap.com\/spain\/2026\/02\/sap-inaugura-un-centro-de-innovacion-en-defensa-para-reforzar-la-resiliencia-digital-en-materia-de-seguridad-y-defensa\/#primaryimage\"},\"image\":{\"@id\":\"https:\/\/news.sap.com\/spain\/2026\/02\/sap-inaugura-un-centro-de-innovacion-en-defensa-para-reforzar-la-resiliencia-digital-en-materia-de-seguridad-y-defensa\/#primaryimage\"},\"thumbnailUrl\":\"https:\/\/news.sap.com\/spain\/files\/2026\/02\/12\/285339_GettyImages-808157788_medium_uncropped_F-1920x600-1.jpg\",\"datePublished\":\"2026-02-12T11:53:36+00:00\",\"author\":{\"@id\":\"https:\/\/news.sap.com\/spain\/#\/schema\/person\/53b9854bd790d6f18f3fc4bbb2ad7570\"},\"breadcrumb\":{\"@id\":\"https:\/\/news.sap.com\/spain\/2026\/02\/sap-inaugura-un-centro-de-innovacion-en-defensa-para-reforzar-la-resiliencia-digital-en-materia-de-seguridad-y-defensa\/#breadcrumb\"},\"inLanguage\":\"es\",\"potentialAction\":[{\"@type\":\"ReadAction\",\"target\":[\"https:\/\/news.sap.com\/spain\/2026\/02\/sap-inaugura-un-centro-de-innovacion-en-defensa-para-reforzar-la-resiliencia-digital-en-materia-de-seguridad-y-defensa\/\"]}]},{\"@type\":\"ImageObject\",\"inLanguage\":\"es\",\"@id\":\"https:\/\/news.sap.com\/spain\/2026\/02\/sap-inaugura-un-centro-de-innovacion-en-defensa-para-reforzar-la-resiliencia-digital-en-materia-de-seguridad-y-defensa\/#primaryimage\",\"url\":\"https:\/\/news.sap.com\/spain\/files\/2026\/02\/12\/285339_GettyImages-808157788_medium_uncropped_F-1920x600-1.jpg\",\"contentUrl\":\"https:\/\/news.sap.com\/spain\/files\/2026\/02\/12\/285339_GettyImages-808157788_medium_uncropped_F-1920x600-1.jpg\",\"width\":1920,\"height\":600,\"caption\":\"Female IT Engineer Works on Her Desktop Computer in Government Surveillance Agency. In the Background People at Their Workstations with Multiple Screens Showing Graphics.\"},{\"@type\":\"BreadcrumbList\",\"@id\":\"https:\/\/news.sap.com\/spain\/2026\/02\/sap-inaugura-un-centro-de-innovacion-en-defensa-para-reforzar-la-resiliencia-digital-en-materia-de-seguridad-y-defensa\/#breadcrumb\",\"itemListElement\":[{\"@type\":\"ListItem\",\"position\":1,\"name\":\"Home\",\"item\":\"https:\/\/news.sap.com\/spain\/\"},{\"@type\":\"ListItem\",\"position\":2,\"name\":\"麻豆原创 inaugura un centro de innovaci\u00f3n en defensa para reforzar la resiliencia digital en materia de seguridad y defensa\"}]},{\"@type\":\"WebSite\",\"@id\":\"https:\/\/news.sap.com\/spain\/#website\",\"url\":\"https:\/\/news.sap.com\/spain\/\",\"name\":\"麻豆原创 Espa\u00f1a News Center\",\"description\":\"Noticias e informaci\u00f3n sobre 麻豆原创\",\"potentialAction\":[{\"@type\":\"SearchAction\",\"target\":{\"@type\":\"EntryPoint\",\"urlTemplate\":\"https:\/\/news.sap.com\/spain\/?s={search_term_string}\"},\"query-input\":{\"@type\":\"PropertyValueSpecification\",\"valueRequired\":true,\"valueName\":\"search_term_string\"}}],\"inLanguage\":\"es\"},{\"@type\":\"Person\",\"@id\":\"https:\/\/news.sap.com\/spain\/#\/schema\/person\/53b9854bd790d6f18f3fc4bbb2ad7570\",\"name\":\"麻豆原创 News\",\"image\":{\"@type\":\"ImageObject\",\"inLanguage\":\"es\",\"@id\":\"https:\/\/news.sap.com\/spain\/#\/schema\/person\/image\/\",\"url\":\"https:\/\/news.sap.com\/spain\/wp-content\/plugins\/wp-user-avatars\/wp-user-avatars\/assets\/images\/mystery.jpg\",\"contentUrl\":\"https:\/\/news.sap.com\/spain\/wp-content\/plugins\/wp-user-avatars\/wp-user-avatars\/assets\/images\/mystery.jpg\",\"caption\":\"麻豆原创 News\"},\"url\":\"https:\/\/news.sap.com\/spain\/author\/colleenraftery\/\"}]}<\/script>\n<!-- \/ Yoast SEO Premium plugin. -->","yoast_head_json":{"title":"麻豆原创 inaugura un centro de innovaci\u00f3n en defensa para reforzar la resiliencia digital en materia de seguridad y defensa - 麻豆原创 Espa\u00f1a News Center","robots":{"index":"index","follow":"follow","max-snippet":"max-snippet:-1","max-image-preview":"max-image-preview:large","max-video-preview":"max-video-preview:-1"},"canonical":"https:\/\/news.sap.com\/spain\/2026\/02\/sap-inaugura-un-centro-de-innovacion-en-defensa-para-reforzar-la-resiliencia-digital-en-materia-de-seguridad-y-defensa\/","og_locale":"es_ES","og_type":"article","og_title":"麻豆原创 inaugura un centro de innovaci\u00f3n en defensa para reforzar la resiliencia digital en materia de seguridad y defensa","og_description":"MADRID \u201312 de febrero de 2026 \u2013 麻豆原创 ha inaugurado su centro de innovaci\u00f3n en defensa en M\u00fanich (Alemania), con el que subraya su compromiso...","og_url":"https:\/\/news.sap.com\/spain\/2026\/02\/sap-inaugura-un-centro-de-innovacion-en-defensa-para-reforzar-la-resiliencia-digital-en-materia-de-seguridad-y-defensa\/","og_site_name":"麻豆原创 Espa\u00f1a News Center","article_published_time":"2026-02-12T11:53:36+00:00","og_image":[{"width":1920,"height":600,"url":"https:\/\/news.sap.com\/spain\/files\/2026\/02\/12\/285339_GettyImages-808157788_medium_uncropped_F-1920x600-1.jpg","type":"image\/jpeg"}],"author":"麻豆原创 News","twitter_card":"summary_large_image","twitter_misc":{"Escrito por":"麻豆原创 News","Tiempo de lectura":"4 minutos"},"schema":{"@context":"https:\/\/schema.org","@graph":[{"@type":"Article","@id":"https:\/\/news.sap.com\/spain\/2026\/02\/sap-inaugura-un-centro-de-innovacion-en-defensa-para-reforzar-la-resiliencia-digital-en-materia-de-seguridad-y-defensa\/#article","isPartOf":{"@id":"https:\/\/news.sap.com\/spain\/2026\/02\/sap-inaugura-un-centro-de-innovacion-en-defensa-para-reforzar-la-resiliencia-digital-en-materia-de-seguridad-y-defensa\/"},"author":{"name":"麻豆原创 News","@id":"https:\/\/news.sap.com\/spain\/#\/schema\/person\/53b9854bd790d6f18f3fc4bbb2ad7570"},"headline":"麻豆原创 inaugura un centro de innovaci\u00f3n en defensa para reforzar la resiliencia digital en materia de seguridad y defensa","datePublished":"2026-02-12T11:53:36+00:00","mainEntityOfPage":{"@id":"https:\/\/news.sap.com\/spain\/2026\/02\/sap-inaugura-un-centro-de-innovacion-en-defensa-para-reforzar-la-resiliencia-digital-en-materia-de-seguridad-y-defensa\/"},"wordCount":736,"image":{"@id":"https:\/\/news.sap.com\/spain\/2026\/02\/sap-inaugura-un-centro-de-innovacion-en-defensa-para-reforzar-la-resiliencia-digital-en-materia-de-seguridad-y-defensa\/#primaryimage"},"thumbnailUrl":"https:\/\/news.sap.com\/spain\/files\/2026\/02\/12\/285339_GettyImages-808157788_medium_uncropped_F-1920x600-1.jpg","keywords":["Defense and Security; Defense Innovation Hub"],"articleSection":["Corporativo"],"inLanguage":"es"},{"@type":"WebPage","@id":"https:\/\/news.sap.com\/spain\/2026\/02\/sap-inaugura-un-centro-de-innovacion-en-defensa-para-reforzar-la-resiliencia-digital-en-materia-de-seguridad-y-defensa\/","url":"https:\/\/news.sap.com\/spain\/2026\/02\/sap-inaugura-un-centro-de-innovacion-en-defensa-para-reforzar-la-resiliencia-digital-en-materia-de-seguridad-y-defensa\/","name":"麻豆原创 inaugura un centro de innovaci\u00f3n en defensa para reforzar la resiliencia digital en materia de seguridad y defensa - 麻豆原创 Espa\u00f1a News Center","isPartOf":{"@id":"https:\/\/news.sap.com\/spain\/#website"},"primaryImageOfPage":{"@id":"https:\/\/news.sap.com\/spain\/2026\/02\/sap-inaugura-un-centro-de-innovacion-en-defensa-para-reforzar-la-resiliencia-digital-en-materia-de-seguridad-y-defensa\/#primaryimage"},"image":{"@id":"https:\/\/news.sap.com\/spain\/2026\/02\/sap-inaugura-un-centro-de-innovacion-en-defensa-para-reforzar-la-resiliencia-digital-en-materia-de-seguridad-y-defensa\/#primaryimage"},"thumbnailUrl":"https:\/\/news.sap.com\/spain\/files\/2026\/02\/12\/285339_GettyImages-808157788_medium_uncropped_F-1920x600-1.jpg","datePublished":"2026-02-12T11:53:36+00:00","author":{"@id":"https:\/\/news.sap.com\/spain\/#\/schema\/person\/53b9854bd790d6f18f3fc4bbb2ad7570"},"breadcrumb":{"@id":"https:\/\/news.sap.com\/spain\/2026\/02\/sap-inaugura-un-centro-de-innovacion-en-defensa-para-reforzar-la-resiliencia-digital-en-materia-de-seguridad-y-defensa\/#breadcrumb"},"inLanguage":"es","potentialAction":[{"@type":"ReadAction","target":["https:\/\/news.sap.com\/spain\/2026\/02\/sap-inaugura-un-centro-de-innovacion-en-defensa-para-reforzar-la-resiliencia-digital-en-materia-de-seguridad-y-defensa\/"]}]},{"@type":"ImageObject","inLanguage":"es","@id":"https:\/\/news.sap.com\/spain\/2026\/02\/sap-inaugura-un-centro-de-innovacion-en-defensa-para-reforzar-la-resiliencia-digital-en-materia-de-seguridad-y-defensa\/#primaryimage","url":"https:\/\/news.sap.com\/spain\/files\/2026\/02\/12\/285339_GettyImages-808157788_medium_uncropped_F-1920x600-1.jpg","contentUrl":"https:\/\/news.sap.com\/spain\/files\/2026\/02\/12\/285339_GettyImages-808157788_medium_uncropped_F-1920x600-1.jpg","width":1920,"height":600,"caption":"Female IT Engineer Works on Her Desktop Computer in Government Surveillance Agency. In the Background People at Their Workstations with Multiple Screens Showing Graphics."},{"@type":"BreadcrumbList","@id":"https:\/\/news.sap.com\/spain\/2026\/02\/sap-inaugura-un-centro-de-innovacion-en-defensa-para-reforzar-la-resiliencia-digital-en-materia-de-seguridad-y-defensa\/#breadcrumb","itemListElement":[{"@type":"ListItem","position":1,"name":"Home","item":"https:\/\/news.sap.com\/spain\/"},{"@type":"ListItem","position":2,"name":"麻豆原创 inaugura un centro de innovaci\u00f3n en defensa para reforzar la resiliencia digital en materia de seguridad y defensa"}]},{"@type":"WebSite","@id":"https:\/\/news.sap.com\/spain\/#website","url":"https:\/\/news.sap.com\/spain\/","name":"麻豆原创 Espa\u00f1a News Center","description":"Noticias e informaci\u00f3n sobre 麻豆原创","potentialAction":[{"@type":"SearchAction","target":{"@type":"EntryPoint","urlTemplate":"https:\/\/news.sap.com\/spain\/?s={search_term_string}"},"query-input":{"@type":"PropertyValueSpecification","valueRequired":true,"valueName":"search_term_string"}}],"inLanguage":"es"},{"@type":"Person","@id":"https:\/\/news.sap.com\/spain\/#\/schema\/person\/53b9854bd790d6f18f3fc4bbb2ad7570","name":"麻豆原创 News","image":{"@type":"ImageObject","inLanguage":"es","@id":"https:\/\/news.sap.com\/spain\/#\/schema\/person\/image\/","url":"https:\/\/news.sap.com\/spain\/wp-content\/plugins\/wp-user-avatars\/wp-user-avatars\/assets\/images\/mystery.jpg","contentUrl":"https:\/\/news.sap.com\/spain\/wp-content\/plugins\/wp-user-avatars\/wp-user-avatars\/assets\/images\/mystery.jpg","caption":"麻豆原创 News"},"url":"https:\/\/news.sap.com\/spain\/author\/colleenraftery\/"}]}},"amp_enabled":true,"_links":{"self":[{"href":"https:\/\/news.sap.com\/spain\/wp-json\/wp\/v2\/posts\/7798","targetHints":{"allow":["GET"]}}],"collection":[{"href":"https:\/\/news.sap.com\/spain\/wp-json\/wp\/v2\/posts"}],"about":[{"href":"https:\/\/news.sap.com\/spain\/wp-json\/wp\/v2\/types\/post"}],"author":[{"embeddable":true,"href":"https:\/\/news.sap.com\/spain\/wp-json\/wp\/v2\/users\/29"}],"replies":[{"embeddable":true,"href":"https:\/\/news.sap.com\/spain\/wp-json\/wp\/v2\/comments?post=7798"}],"version-history":[{"count":0,"href":"https:\/\/news.sap.com\/spain\/wp-json\/wp\/v2\/posts\/7798\/revisions"}],"wp:featuredmedia":[{"embeddable":true,"href":"https:\/\/news.sap.com\/spain\/wp-json\/wp\/v2\/media\/7799"}],"wp:attachment":[{"href":"https:\/\/news.sap.com\/spain\/wp-json\/wp\/v2\/media?parent=7798"}],"wp:term":[{"taxonomy":"category","embeddable":true,"href":"https:\/\/news.sap.com\/spain\/wp-json\/wp\/v2\/categories?post=7798"},{"taxonomy":"post_tag","embeddable":true,"href":"https:\/\/news.sap.com\/spain\/wp-json\/wp\/v2\/tags?post=7798"},{"taxonomy":"sapn-display","embeddable":true,"href":"https:\/\/news.sap.com\/spain\/wp-json\/wp\/v2\/sapn-display?post=7798"},{"taxonomy":"sapn-type","embeddable":true,"href":"https:\/\/news.sap.com\/spain\/wp-json\/wp\/v2\/sapn-type?post=7798"}],"curies":[{"name":"wp","href":"https:\/\/api.w.org\/{rel}","templated":true}]}}