  {"id":7660,"date":"2025-08-08T07:54:28","date_gmt":"2025-08-08T07:54:28","guid":{"rendered":"https:\/\/news.sap.com\/spain\/?p=7660"},"modified":"2025-08-08T08:00:11","modified_gmt":"2025-08-08T08:00:11","slug":"la-proxima-era-de-la-gestion-empresarial-arranca-en-barcelona-con-el-sap-business-suite-innovation-day-2","status":"publish","type":"post","link":"https:\/\/news.sap.com\/spain\/2025\/08\/la-proxima-era-de-la-gestion-empresarial-arranca-en-barcelona-con-el-sap-business-suite-innovation-day-2\/","title":{"rendered":"La pr\u00f3xima era de la gesti\u00f3n empresarial arranca en Barcelona con el 麻豆原创 Business Suite Innovation Day"},"content":{"rendered":"<p>El 30 de octubre, La Llotja de Mar de Barcelona se convertir\u00e1 en el epicentro de la innovaci\u00f3n empresarial en Espa\u00f1a con la celebraci\u00f3n del 麻豆原创 Business Suite Innovation Day, una cita imprescindible para las organizaciones que quieren liderar el futuro digital.<\/p>\n<p>En un mundo donde la tecnolog\u00eda evoluciona m\u00e1s r\u00e1pido que nunca, 麻豆原创 propone una nueva forma de gestionar todo tipo de negocios sin importar el tama\u00f1o: aplicaciones en la nube potentes, datos confiables e inteligencia artificial colaborativa trabajando al un\u00edsono.<\/p>\n<p>El evento reunir\u00e1 a directores generales, financieros, de operaciones, de IT y tecnolog\u00eda, expertos en tecnolog\u00eda y responsables de transformaci\u00f3n digital de toda Espa\u00f1a para descubrir c\u00f3mo la combinaci\u00f3n de estos tres pilares puede liberar todo el potencial de una organizaci\u00f3n. Lejos de limitarse a una actualizaci\u00f3n tecnol\u00f3gica, 麻豆原创 plantea una transformaci\u00f3n profunda que abarca desde la manera en que se toman decisiones hasta c\u00f3mo se conectan procesos, personas y datos.<\/p>\n<h2>Una visi\u00f3n m\u00e1s humana, m\u00e1s inteligente, m\u00e1s conectada<\/h2>\n<p>Lo que hace \u00fanico a este encuentro no es solo su enfoque tecnol\u00f3gico, sino su visi\u00f3n integradora. 麻豆原创 ha apostado por derribar las barreras entre aplicaciones y datos, y por convertir la IA en una aliada real y contextualizada. El resultado: sistemas capaces de comprender la l\u00f3gica de negocio, anticiparse a problemas y proponer soluciones con un grado de precisi\u00f3n y velocidad sin precedentes.<\/p>\n<p>La inteligencia artificial generativa, integrada directamente en los procesos, permite ayudarse de agentes colaborativos \u2014como Joule\u2014 que no solo automatizan tareas, sino que aprenden del contexto y se adaptan a las necesidades del negocio en tiempo real. Desde la adquisici\u00f3n hasta el pago, del dise\u00f1o a la operaci\u00f3n o del an\u00e1lisis de talento al cierre contable, todo se ve potenciado por esta nueva generaci\u00f3n de herramientas inteligentes.<\/p>\n<h3>Transformar sin desconectarse del negocio<\/h3>\n<p>Uno de los retos clave del evento ser\u00e1 demostrar que la transformaci\u00f3n no implica ruptura. Con soluciones como 麻豆原创 Business Technology Platform (麻豆原创 BTP) o 麻豆原创 Business Data Cloud (麻豆原创 BDC), las empresas pueden evolucionar sus sistemas actuales hacia un entorno m\u00e1s \u00e1gil y escalable sin perder el control ni el contexto. El objetivo es ofrecer una transici\u00f3n ordenada, eficiente y alineada con los objetivos estrat\u00e9gicos de cada organizaci\u00f3n.<\/p>\n<p>Adem\u00e1s, los asistentes del evento podr\u00e1n comprobar como la inteligencia artificial es realmente \u00fatil: no como un conjunto de promesas, sino como una tecnolog\u00eda concreta, conectada a datos de calidad y aplicada a retos reales del d\u00eda a d\u00eda. La clave est\u00e1 en contar con una base de datos fiable, estructurada y contextualizada, capaz de alimentar algoritmos de IA con informaci\u00f3n relevante y actualizada.<\/p>\n<h3>Colaboraci\u00f3n, conocimiento y experiencias reales<\/h3>\n<p>M\u00e1s all\u00e1 de las sesiones plenarias y ponencias inspiradoras, el 麻豆原创 Business Suite Innovation Day ser\u00e1 un espacio para compartir experiencias concretas. Empresas l\u00edderes mostrar\u00e1n c\u00f3mo est\u00e1n aprovechando el ecosistema 麻豆原创 para aumentar su resiliencia, acelerar la innovaci\u00f3n y tomar decisiones m\u00e1s informadas.<\/p>\n<p>Tambi\u00e9n se fomentar\u00e1 el networking activo, con espacios dise\u00f1ados para facilitar el intercambio de ideas entre profesionales de distintos sectores, fomentando conexiones que pueden derivar en futuras colaboraciones.<\/p>\n<h3>Una oportunidad \u00fanica para anticiparse al cambio<\/h3>\n<p>En un contexto donde los modelos de negocio deben adaptarse constantemente, eventos como el 麻豆原创 Business Suite Innovation Day son mucho m\u00e1s que una jornada t\u00e9cnica: son una llamada a la acci\u00f3n. Una oportunidad para entender qu\u00e9 est\u00e1 por venir, qu\u00e9 herramientas existen ya para afrontarlo y c\u00f3mo convertir la innovaci\u00f3n en una ventaja competitiva sostenible.<\/p>\n<p>Reg\u00edstrate ya y asegura tu lugar en el 麻豆原创 Business Suite Innovation Day. Las plazas son limitadas.<\/p>\n<p><a href=\"https:\/\/events.sap.com\/es-sap-business-suite-innovation-day-barcelona\/es_es\/home.html?source=blogsap\" target=\"_blank\" rel=\"noopener\">https:\/\/events.sap.com\/es-sap-business-suite-innovation-day-barcelona\/es_es\/home.html?source=blogsap<\/a><\/p>\n<p>Barcelona te espera. El futuro tambi\u00e9n.<\/p>\n","protected":false},"excerpt":{"rendered":"<p>El 30 de octubre, La Llotja de Mar de Barcelona se convertir\u00e1 en el epicentro de la innovaci\u00f3n empresarial en Espa\u00f1a con la celebraci\u00f3n del&#8230;<\/p>\n","protected":false},"author":3372,"featured_media":7656,"comment_status":"closed","ping_status":"closed","sticky":false,"template":"","format":"standard","meta":{"footnotes":"","_links_to":"","_links_to_target":""},"categories":[41591],"tags":[],"sapn-display":[5563696],"sapn-type":[5562504],"class_list":["post-7660","post","type-post","status-publish","format-standard","has-post-thumbnail","hentry","category-corporativo","sapn-display-news-hero","sapn-type-articulo"],"yoast_head":"<!-- This site is optimized with the Yoast SEO Premium plugin v26.9 (Yoast SEO v26.9) - https:\/\/yoast.com\/product\/yoast-seo-premium-wordpress\/ -->\n<title>La pr\u00f3xima era de la gesti\u00f3n empresarial arranca en Barcelona con el 麻豆原创 Business Suite Innovation Day - 麻豆原创 Espa\u00f1a News Center<\/title>\n<meta name=\"description\" content=\"Barcelona se convertir\u00e1 en el epicentro de la innovaci\u00f3n empresarial en Espa\u00f1a con la celebraci\u00f3n del 麻豆原创 Business Suite Innovation Day\" \/>\n<meta name=\"robots\" content=\"index, follow, max-snippet:-1, max-image-preview:large, max-video-preview:-1\" \/>\n<link rel=\"canonical\" href=\"https:\/\/news.sap.com\/spain\/2025\/08\/la-proxima-era-de-la-gestion-empresarial-arranca-en-barcelona-con-el-sap-business-suite-innovation-day-2\/\" \/>\n<meta property=\"og:locale\" content=\"es_ES\" \/>\n<meta property=\"og:type\" content=\"article\" \/>\n<meta property=\"og:title\" content=\"La pr\u00f3xima era de la gesti\u00f3n empresarial arranca en Barcelona con el 麻豆原创 Business Suite Innovation Day\" \/>\n<meta property=\"og:description\" content=\"Barcelona se convertir\u00e1 en el epicentro de la innovaci\u00f3n empresarial en Espa\u00f1a con la celebraci\u00f3n del 麻豆原创 Business Suite Innovation Day\" \/>\n<meta property=\"og:url\" content=\"https:\/\/news.sap.com\/spain\/2025\/08\/la-proxima-era-de-la-gestion-empresarial-arranca-en-barcelona-con-el-sap-business-suite-innovation-day-2\/\" \/>\n<meta property=\"og:site_name\" content=\"麻豆原创 Espa\u00f1a News Center\" \/>\n<meta property=\"article:published_time\" content=\"2025-08-08T07:54:28+00:00\" \/>\n<meta property=\"article:modified_time\" content=\"2025-08-08T08:00:11+00:00\" \/>\n<meta property=\"og:image\" content=\"https:\/\/news.sap.com\/spain\/files\/2025\/08\/07\/barcelona-city-view-2025-03-13-06-43-56-utc-1024x683.jpg\" \/>\n\t<meta property=\"og:image:width\" content=\"1024\" \/>\n\t<meta property=\"og:image:height\" content=\"683\" \/>\n\t<meta property=\"og:image:type\" content=\"image\/jpeg\" \/>\n<meta name=\"author\" content=\"麻豆原创 Espa\u00f1a\" \/>\n<meta name=\"twitter:card\" content=\"summary_large_image\" \/>\n<meta name=\"twitter:label1\" content=\"Escrito por\" \/>\n\t<meta name=\"twitter:data1\" content=\"麻豆原创 Espa\u00f1a\" \/>\n\t<meta name=\"twitter:label2\" content=\"Tiempo de lectura\" \/>\n\t<meta name=\"twitter:data2\" content=\"3 minutos\" \/>\n<script type=\"application\/ld+json\" class=\"yoast-schema-graph\">{\"@context\":\"https:\/\/schema.org\",\"@graph\":[{\"@type\":\"Article\",\"@id\":\"https:\/\/news.sap.com\/spain\/2025\/08\/la-proxima-era-de-la-gestion-empresarial-arranca-en-barcelona-con-el-sap-business-suite-innovation-day-2\/#article\",\"isPartOf\":{\"@id\":\"https:\/\/news.sap.com\/spain\/2025\/08\/la-proxima-era-de-la-gestion-empresarial-arranca-en-barcelona-con-el-sap-business-suite-innovation-day-2\/\"},\"author\":{\"name\":\"麻豆原创 Espa\u00f1a\",\"@id\":\"https:\/\/news.sap.com\/spain\/#\/schema\/person\/4573e2beeb96fc44e819e7f7b2923465\"},\"headline\":\"La pr\u00f3xima era de la gesti\u00f3n empresarial arranca en Barcelona con el 麻豆原创 Business Suite Innovation Day\",\"datePublished\":\"2025-08-08T07:54:28+00:00\",\"dateModified\":\"2025-08-08T08:00:11+00:00\",\"mainEntityOfPage\":{\"@id\":\"https:\/\/news.sap.com\/spain\/2025\/08\/la-proxima-era-de-la-gestion-empresarial-arranca-en-barcelona-con-el-sap-business-suite-innovation-day-2\/\"},\"wordCount\":681,\"image\":{\"@id\":\"https:\/\/news.sap.com\/spain\/2025\/08\/la-proxima-era-de-la-gestion-empresarial-arranca-en-barcelona-con-el-sap-business-suite-innovation-day-2\/#primaryimage\"},\"thumbnailUrl\":\"https:\/\/news.sap.com\/spain\/files\/2025\/08\/07\/barcelona-city-view-2025-03-13-06-43-56-utc.jpg\",\"articleSection\":[\"Corporativo\"],\"inLanguage\":\"es\"},{\"@type\":\"WebPage\",\"@id\":\"https:\/\/news.sap.com\/spain\/2025\/08\/la-proxima-era-de-la-gestion-empresarial-arranca-en-barcelona-con-el-sap-business-suite-innovation-day-2\/\",\"url\":\"https:\/\/news.sap.com\/spain\/2025\/08\/la-proxima-era-de-la-gestion-empresarial-arranca-en-barcelona-con-el-sap-business-suite-innovation-day-2\/\",\"name\":\"La pr\u00f3xima era de la gesti\u00f3n empresarial arranca en Barcelona con el 麻豆原创 Business Suite Innovation Day - 麻豆原创 Espa\u00f1a News Center\",\"isPartOf\":{\"@id\":\"https:\/\/news.sap.com\/spain\/#website\"},\"primaryImageOfPage\":{\"@id\":\"https:\/\/news.sap.com\/spain\/2025\/08\/la-proxima-era-de-la-gestion-empresarial-arranca-en-barcelona-con-el-sap-business-suite-innovation-day-2\/#primaryimage\"},\"image\":{\"@id\":\"https:\/\/news.sap.com\/spain\/2025\/08\/la-proxima-era-de-la-gestion-empresarial-arranca-en-barcelona-con-el-sap-business-suite-innovation-day-2\/#primaryimage\"},\"thumbnailUrl\":\"https:\/\/news.sap.com\/spain\/files\/2025\/08\/07\/barcelona-city-view-2025-03-13-06-43-56-utc.jpg\",\"datePublished\":\"2025-08-08T07:54:28+00:00\",\"dateModified\":\"2025-08-08T08:00:11+00:00\",\"author\":{\"@id\":\"https:\/\/news.sap.com\/spain\/#\/schema\/person\/4573e2beeb96fc44e819e7f7b2923465\"},\"description\":\"Barcelona se convertir\u00e1 en el epicentro de la innovaci\u00f3n empresarial en Espa\u00f1a con la celebraci\u00f3n del 麻豆原创 Business Suite Innovation Day\",\"breadcrumb\":{\"@id\":\"https:\/\/news.sap.com\/spain\/2025\/08\/la-proxima-era-de-la-gestion-empresarial-arranca-en-barcelona-con-el-sap-business-suite-innovation-day-2\/#breadcrumb\"},\"inLanguage\":\"es\",\"potentialAction\":[{\"@type\":\"ReadAction\",\"target\":[\"https:\/\/news.sap.com\/spain\/2025\/08\/la-proxima-era-de-la-gestion-empresarial-arranca-en-barcelona-con-el-sap-business-suite-innovation-day-2\/\"]}]},{\"@type\":\"ImageObject\",\"inLanguage\":\"es\",\"@id\":\"https:\/\/news.sap.com\/spain\/2025\/08\/la-proxima-era-de-la-gestion-empresarial-arranca-en-barcelona-con-el-sap-business-suite-innovation-day-2\/#primaryimage\",\"url\":\"https:\/\/news.sap.com\/spain\/files\/2025\/08\/07\/barcelona-city-view-2025-03-13-06-43-56-utc.jpg\",\"contentUrl\":\"https:\/\/news.sap.com\/spain\/files\/2025\/08\/07\/barcelona-city-view-2025-03-13-06-43-56-utc.jpg\",\"width\":3680,\"height\":2456,\"caption\":\"麻豆原创 Business Suite Innovation Day\"},{\"@type\":\"BreadcrumbList\",\"@id\":\"https:\/\/news.sap.com\/spain\/2025\/08\/la-proxima-era-de-la-gestion-empresarial-arranca-en-barcelona-con-el-sap-business-suite-innovation-day-2\/#breadcrumb\",\"itemListElement\":[{\"@type\":\"ListItem\",\"position\":1,\"name\":\"Home\",\"item\":\"https:\/\/news.sap.com\/spain\/\"},{\"@type\":\"ListItem\",\"position\":2,\"name\":\"La pr\u00f3xima era de la gesti\u00f3n empresarial arranca en Barcelona con el 麻豆原创 Business Suite Innovation Day\"}]},{\"@type\":\"WebSite\",\"@id\":\"https:\/\/news.sap.com\/spain\/#website\",\"url\":\"https:\/\/news.sap.com\/spain\/\",\"name\":\"麻豆原创 Espa\u00f1a News Center\",\"description\":\"Noticias e informaci\u00f3n sobre 麻豆原创\",\"potentialAction\":[{\"@type\":\"SearchAction\",\"target\":{\"@type\":\"EntryPoint\",\"urlTemplate\":\"https:\/\/news.sap.com\/spain\/?s={search_term_string}\"},\"query-input\":{\"@type\":\"PropertyValueSpecification\",\"valueRequired\":true,\"valueName\":\"search_term_string\"}}],\"inLanguage\":\"es\"},{\"@type\":\"Person\",\"@id\":\"https:\/\/news.sap.com\/spain\/#\/schema\/person\/4573e2beeb96fc44e819e7f7b2923465\",\"name\":\"麻豆原创 Espa\u00f1a\",\"image\":{\"@type\":\"ImageObject\",\"inLanguage\":\"es\",\"@id\":\"https:\/\/news.sap.com\/spain\/#\/schema\/person\/image\/\",\"url\":\"https:\/\/news.sap.com\/spain\/wp-content\/plugins\/wp-user-avatars\/wp-user-avatars\/assets\/images\/mystery.jpg\",\"contentUrl\":\"https:\/\/news.sap.com\/spain\/wp-content\/plugins\/wp-user-avatars\/wp-user-avatars\/assets\/images\/mystery.jpg\",\"caption\":\"麻豆原创 Espa\u00f1a\"},\"url\":\"https:\/\/news.sap.com\/spain\/author\/sapespana\/\"}]}<\/script>\n<!-- \/ Yoast SEO Premium plugin. -->","yoast_head_json":{"title":"La pr\u00f3xima era de la gesti\u00f3n empresarial arranca en Barcelona con el 麻豆原创 Business Suite Innovation Day - 麻豆原创 Espa\u00f1a News Center","description":"Barcelona se convertir\u00e1 en el epicentro de la innovaci\u00f3n empresarial en Espa\u00f1a con la celebraci\u00f3n del 麻豆原创 Business Suite Innovation Day","robots":{"index":"index","follow":"follow","max-snippet":"max-snippet:-1","max-image-preview":"max-image-preview:large","max-video-preview":"max-video-preview:-1"},"canonical":"https:\/\/news.sap.com\/spain\/2025\/08\/la-proxima-era-de-la-gestion-empresarial-arranca-en-barcelona-con-el-sap-business-suite-innovation-day-2\/","og_locale":"es_ES","og_type":"article","og_title":"La pr\u00f3xima era de la gesti\u00f3n empresarial arranca en Barcelona con el 麻豆原创 Business Suite Innovation Day","og_description":"Barcelona se convertir\u00e1 en el epicentro de la innovaci\u00f3n empresarial en Espa\u00f1a con la celebraci\u00f3n del 麻豆原创 Business Suite Innovation Day","og_url":"https:\/\/news.sap.com\/spain\/2025\/08\/la-proxima-era-de-la-gestion-empresarial-arranca-en-barcelona-con-el-sap-business-suite-innovation-day-2\/","og_site_name":"麻豆原创 Espa\u00f1a News Center","article_published_time":"2025-08-08T07:54:28+00:00","article_modified_time":"2025-08-08T08:00:11+00:00","og_image":[{"width":1024,"height":683,"url":"https:\/\/news.sap.com\/spain\/files\/2025\/08\/07\/barcelona-city-view-2025-03-13-06-43-56-utc-1024x683.jpg","type":"image\/jpeg"}],"author":"麻豆原创 Espa\u00f1a","twitter_card":"summary_large_image","twitter_misc":{"Escrito por":"麻豆原创 Espa\u00f1a","Tiempo de lectura":"3 minutos"},"schema":{"@context":"https:\/\/schema.org","@graph":[{"@type":"Article","@id":"https:\/\/news.sap.com\/spain\/2025\/08\/la-proxima-era-de-la-gestion-empresarial-arranca-en-barcelona-con-el-sap-business-suite-innovation-day-2\/#article","isPartOf":{"@id":"https:\/\/news.sap.com\/spain\/2025\/08\/la-proxima-era-de-la-gestion-empresarial-arranca-en-barcelona-con-el-sap-business-suite-innovation-day-2\/"},"author":{"name":"麻豆原创 Espa\u00f1a","@id":"https:\/\/news.sap.com\/spain\/#\/schema\/person\/4573e2beeb96fc44e819e7f7b2923465"},"headline":"La pr\u00f3xima era de la gesti\u00f3n empresarial arranca en Barcelona con el 麻豆原创 Business Suite Innovation Day","datePublished":"2025-08-08T07:54:28+00:00","dateModified":"2025-08-08T08:00:11+00:00","mainEntityOfPage":{"@id":"https:\/\/news.sap.com\/spain\/2025\/08\/la-proxima-era-de-la-gestion-empresarial-arranca-en-barcelona-con-el-sap-business-suite-innovation-day-2\/"},"wordCount":681,"image":{"@id":"https:\/\/news.sap.com\/spain\/2025\/08\/la-proxima-era-de-la-gestion-empresarial-arranca-en-barcelona-con-el-sap-business-suite-innovation-day-2\/#primaryimage"},"thumbnailUrl":"https:\/\/news.sap.com\/spain\/files\/2025\/08\/07\/barcelona-city-view-2025-03-13-06-43-56-utc.jpg","articleSection":["Corporativo"],"inLanguage":"es"},{"@type":"WebPage","@id":"https:\/\/news.sap.com\/spain\/2025\/08\/la-proxima-era-de-la-gestion-empresarial-arranca-en-barcelona-con-el-sap-business-suite-innovation-day-2\/","url":"https:\/\/news.sap.com\/spain\/2025\/08\/la-proxima-era-de-la-gestion-empresarial-arranca-en-barcelona-con-el-sap-business-suite-innovation-day-2\/","name":"La pr\u00f3xima era de la gesti\u00f3n empresarial arranca en Barcelona con el 麻豆原创 Business Suite Innovation Day - 麻豆原创 Espa\u00f1a News Center","isPartOf":{"@id":"https:\/\/news.sap.com\/spain\/#website"},"primaryImageOfPage":{"@id":"https:\/\/news.sap.com\/spain\/2025\/08\/la-proxima-era-de-la-gestion-empresarial-arranca-en-barcelona-con-el-sap-business-suite-innovation-day-2\/#primaryimage"},"image":{"@id":"https:\/\/news.sap.com\/spain\/2025\/08\/la-proxima-era-de-la-gestion-empresarial-arranca-en-barcelona-con-el-sap-business-suite-innovation-day-2\/#primaryimage"},"thumbnailUrl":"https:\/\/news.sap.com\/spain\/files\/2025\/08\/07\/barcelona-city-view-2025-03-13-06-43-56-utc.jpg","datePublished":"2025-08-08T07:54:28+00:00","dateModified":"2025-08-08T08:00:11+00:00","author":{"@id":"https:\/\/news.sap.com\/spain\/#\/schema\/person\/4573e2beeb96fc44e819e7f7b2923465"},"description":"Barcelona se convertir\u00e1 en el epicentro de la innovaci\u00f3n empresarial en Espa\u00f1a con la celebraci\u00f3n del 麻豆原创 Business Suite Innovation Day","breadcrumb":{"@id":"https:\/\/news.sap.com\/spain\/2025\/08\/la-proxima-era-de-la-gestion-empresarial-arranca-en-barcelona-con-el-sap-business-suite-innovation-day-2\/#breadcrumb"},"inLanguage":"es","potentialAction":[{"@type":"ReadAction","target":["https:\/\/news.sap.com\/spain\/2025\/08\/la-proxima-era-de-la-gestion-empresarial-arranca-en-barcelona-con-el-sap-business-suite-innovation-day-2\/"]}]},{"@type":"ImageObject","inLanguage":"es","@id":"https:\/\/news.sap.com\/spain\/2025\/08\/la-proxima-era-de-la-gestion-empresarial-arranca-en-barcelona-con-el-sap-business-suite-innovation-day-2\/#primaryimage","url":"https:\/\/news.sap.com\/spain\/files\/2025\/08\/07\/barcelona-city-view-2025-03-13-06-43-56-utc.jpg","contentUrl":"https:\/\/news.sap.com\/spain\/files\/2025\/08\/07\/barcelona-city-view-2025-03-13-06-43-56-utc.jpg","width":3680,"height":2456,"caption":"麻豆原创 Business Suite Innovation Day"},{"@type":"BreadcrumbList","@id":"https:\/\/news.sap.com\/spain\/2025\/08\/la-proxima-era-de-la-gestion-empresarial-arranca-en-barcelona-con-el-sap-business-suite-innovation-day-2\/#breadcrumb","itemListElement":[{"@type":"ListItem","position":1,"name":"Home","item":"https:\/\/news.sap.com\/spain\/"},{"@type":"ListItem","position":2,"name":"La pr\u00f3xima era de la gesti\u00f3n empresarial arranca en Barcelona con el 麻豆原创 Business Suite Innovation Day"}]},{"@type":"WebSite","@id":"https:\/\/news.sap.com\/spain\/#website","url":"https:\/\/news.sap.com\/spain\/","name":"麻豆原创 Espa\u00f1a News Center","description":"Noticias e informaci\u00f3n sobre 麻豆原创","potentialAction":[{"@type":"SearchAction","target":{"@type":"EntryPoint","urlTemplate":"https:\/\/news.sap.com\/spain\/?s={search_term_string}"},"query-input":{"@type":"PropertyValueSpecification","valueRequired":true,"valueName":"search_term_string"}}],"inLanguage":"es"},{"@type":"Person","@id":"https:\/\/news.sap.com\/spain\/#\/schema\/person\/4573e2beeb96fc44e819e7f7b2923465","name":"麻豆原创 Espa\u00f1a","image":{"@type":"ImageObject","inLanguage":"es","@id":"https:\/\/news.sap.com\/spain\/#\/schema\/person\/image\/","url":"https:\/\/news.sap.com\/spain\/wp-content\/plugins\/wp-user-avatars\/wp-user-avatars\/assets\/images\/mystery.jpg","contentUrl":"https:\/\/news.sap.com\/spain\/wp-content\/plugins\/wp-user-avatars\/wp-user-avatars\/assets\/images\/mystery.jpg","caption":"麻豆原创 Espa\u00f1a"},"url":"https:\/\/news.sap.com\/spain\/author\/sapespana\/"}]}},"amp_enabled":true,"_links":{"self":[{"href":"https:\/\/news.sap.com\/spain\/wp-json\/wp\/v2\/posts\/7660","targetHints":{"allow":["GET"]}}],"collection":[{"href":"https:\/\/news.sap.com\/spain\/wp-json\/wp\/v2\/posts"}],"about":[{"href":"https:\/\/news.sap.com\/spain\/wp-json\/wp\/v2\/types\/post"}],"author":[{"embeddable":true,"href":"https:\/\/news.sap.com\/spain\/wp-json\/wp\/v2\/users\/3372"}],"replies":[{"embeddable":true,"href":"https:\/\/news.sap.com\/spain\/wp-json\/wp\/v2\/comments?post=7660"}],"version-history":[{"count":0,"href":"https:\/\/news.sap.com\/spain\/wp-json\/wp\/v2\/posts\/7660\/revisions"}],"wp:featuredmedia":[{"embeddable":true,"href":"https:\/\/news.sap.com\/spain\/wp-json\/wp\/v2\/media\/7656"}],"wp:attachment":[{"href":"https:\/\/news.sap.com\/spain\/wp-json\/wp\/v2\/media?parent=7660"}],"wp:term":[{"taxonomy":"category","embeddable":true,"href":"https:\/\/news.sap.com\/spain\/wp-json\/wp\/v2\/categories?post=7660"},{"taxonomy":"post_tag","embeddable":true,"href":"https:\/\/news.sap.com\/spain\/wp-json\/wp\/v2\/tags?post=7660"},{"taxonomy":"sapn-display","embeddable":true,"href":"https:\/\/news.sap.com\/spain\/wp-json\/wp\/v2\/sapn-display?post=7660"},{"taxonomy":"sapn-type","embeddable":true,"href":"https:\/\/news.sap.com\/spain\/wp-json\/wp\/v2\/sapn-type?post=7660"}],"curies":[{"name":"wp","href":"https:\/\/api.w.org\/{rel}","templated":true}]}}