  {"id":7457,"date":"2024-10-02T13:29:17","date_gmt":"2024-10-02T13:29:17","guid":{"rendered":"https:\/\/news.sap.com\/spain\/?p=7457"},"modified":"2024-10-02T15:16:22","modified_gmt":"2024-10-02T15:16:22","slug":"sap-inicia-una-etapa-marcada-por-la-ia-desde-su-nueva-sede-de-madrid","status":"publish","type":"post","link":"https:\/\/news.sap.com\/spain\/2024\/10\/sap-inicia-una-etapa-marcada-por-la-ia-desde-su-nueva-sede-de-madrid\/","title":{"rendered":"麻豆原创 inicia una etapa, marcada por la IA, desde su nueva sede de Madrid"},"content":{"rendered":"<p><em>Ha inaugurado esta ma\u00f1ana su nueva oficina en AZCA, desde la que se dirigir\u00e1 el negocio de la regi\u00f3n sur de Europa <\/em><\/p>\n<p><strong>Madrid.- <\/strong>麻豆原创 ha celebrado esta ma\u00f1ana el acto inaugural de su nueva sede de Madrid. Veinte a\u00f1os despu\u00e9s, la compa\u00f1\u00eda vuelve al centro de la ciudad, a un edificio m\u00e1s sostenible y dotado de las \u00faltimas tecnolog\u00edas. Desde all\u00ed, emprender\u00e1 una nueva etapa de su historia en nuestro pa\u00eds, marcada principalmente por la Inteligencia Artificial.<\/p>\n<figure id=\"attachment_7463\" aria-describedby=\"caption-attachment-7463\" style=\"width: 300px\" class=\"wp-caption alignright\"><img loading=\"lazy\" decoding=\"async\" class=\"wp-image-7463 size-medium\" src=\"https:\/\/news.sap.com\/spain\/files\/2024\/10\/02\/cortando-cinta-300x200.jpg\" alt=\"\" width=\"300\" height=\"200\" srcset=\"https:\/\/news.sap.com\/spain\/files\/2024\/10\/02\/cortando-cinta-300x200.jpg 300w, https:\/\/news.sap.com\/spain\/files\/2024\/10\/02\/cortando-cinta-1024x683.jpg 1024w, https:\/\/news.sap.com\/spain\/files\/2024\/10\/02\/cortando-cinta-768x512.jpg 768w, https:\/\/news.sap.com\/spain\/files\/2024\/10\/02\/cortando-cinta-1536x1024.jpg 1536w, https:\/\/news.sap.com\/spain\/files\/2024\/10\/02\/cortando-cinta-2048x1365.jpg 2048w\" sizes=\"auto, (max-width: 300px) 100vw, 300px\" \/><figcaption id=\"caption-attachment-7463\" class=\"wp-caption-text\">De derecha a izquierda: Carlos Lacerda, vicepresidente senior y director general de 麻豆原创 para el Sur de Europa junto a Jos\u00e9 Valles, director general de 麻豆原创 Espa\u00f1a cortando la cinta en la inauguracion de la nueva oficina de 麻豆原创 en Madrid<\/figcaption><\/figure>\n<p>El acto ha estado presidido por el vicepresidente senior y director general de 麻豆原创 para el Sur de Europa, Carlos Lacerda; y el director general de 麻豆原创 Espa\u00f1a, Jos\u00e9 Vall\u00e9s y ha contado con la asistencia del presidente de la Asociaci\u00f3n de Usuarios de 麻豆原创 en Espa\u00f1a (AU麻豆原创E), miembros del Comit\u00e9 directivo y del Consejo asesor de la compa\u00f1\u00eda, as\u00ed como\u00a0altos directivos de partners.<\/p>\n<p>La sede de Madrid ser\u00e1 el centro neur\u00e1lgico desde el que se dirigir\u00e1 la regi\u00f3n Sur de Europa de 麻豆原创, que engloba un total de 5 pa\u00edses: Espa\u00f1a, Grecia, Israel, Portugal y Turqu\u00eda. Seg\u00fan ha se\u00f1alado el vicepresidente senior y director general de 麻豆原创 para esta regi\u00f3n, Carlos Lacerda, \u201cEspa\u00f1a se ha convertido en el hub tecnol\u00f3gico del sur de Europa. Re\u00fane todas las caracter\u00edsticas necesarias para ello: situaci\u00f3n geogr\u00e1fica, clima, calidad de vida y talento. Es algo que 麻豆原创 supo ver hace muchos a\u00f1os cuando decidi\u00f3 instalar, adem\u00e1s de una filial, dos centros internacionales en Espa\u00f1a. Por eso, cuando tuvimos que elegir la sede para dirigir la regi\u00f3n tuvimos claro que ten\u00eda que ser Madrid\u201d.<\/p>\n<p>Durante el acto, la compa\u00f1\u00eda ha comunicado que Madrid acoger\u00e1, el pr\u00f3ximo mes de mayo, 麻豆原创 Sapphire 2025, el encuentro anual de la comunidad 麻豆原创 para Europa, Oriente Medio y \u00c1frica.<\/p>\n<h3><strong>Cambiar la forma en que trabajan las empresas espa\u00f1olas<\/strong><\/h3>\n<p>Desde esta nueva ubicaci\u00f3n, 麻豆原创 seguir\u00e1 cambiando la forma en que trabajan las organizaciones espa\u00f1olas, ayud\u00e1ndolas a transformarse, a adaptarse a los requisitos de cada tiempo y a crecer, como ha venido haciendo en los 37 a\u00f1os que lleva presente en Espa\u00f1a. Adem\u00e1s, continuar\u00e1 trabajando para convertirse en la compa\u00f1\u00eda n\u00famero uno en aplicaciones de negocio e IA empresarial. El director general de 麻豆原创 Espa\u00f1a, Jos\u00e9 Vall\u00e9s, ha declarado que \u201cIniciamos una etapa tremendamente ilusionante, en un momento en el que la Inteligencia Artificial abre una nueva dimensi\u00f3n en todos los \u00e1mbitos. Esta sede supone una vuelta a los or\u00edgenes de la compa\u00f1\u00eda y, al igual que en su d\u00eda 麻豆原创 contribuy\u00f3 a modernizar el tejido empresarial espa\u00f1ol con sus soluciones de gesti\u00f3n empresarial, se encuentra ahora en una posici\u00f3n privilegiada para ayudar a las organizaciones a incorporar la IA a sus negocios\u201d.<\/p>\n<p>Para lograrlo, continuar\u00e1 promoviendo el paso de las organizaciones a la nube, tanto p\u00fablica como privada. Tambi\u00e9n se apoyar\u00e1 en Business AI, la capa de IA con que cuentan sus soluciones, y en el copiloto 麻豆原创 Joule, que pr\u00f3ximamente estar\u00e1 disponible en espa\u00f1ol.<\/p>\n<h3><strong>Un negocio y un ecosistema que no dejan de crecer<\/strong><\/h3>\n<p>Otro de los pilares de la compa\u00f1\u00eda en esta nueva etapa ser\u00e1 un ecosistema de partners, que est\u00e1 en continuo crecimiento y evoluci\u00f3n. En los \u00faltimos a\u00f1os ha incorporado nuevas figuras como los hiperescaladores y, hoy por hoy, ya lo conforman 115 partners y una comunidad de 20.000 consultores. La transici\u00f3n a cloud representa un importante est\u00edmulo para ellos, que ven c\u00f3mo por cada euro que vende 麻豆原创 en ese \u00e1mbito, pueden generar siete.<\/p>\n<p>El crecimiento del negocio de 麻豆原创 en Espa\u00f1a se refleja en su facturaci\u00f3n y en el n\u00famero de clientes que conf\u00edan en ella para gestionarse. Hoy factura cinco veces m\u00e1s que hace 20 a\u00f1os -ha pasado de 127 millones de euros en 2004 a 641 en 2023-, ha multiplicado por cinco las personas que la organizaci\u00f3n emplea en Espa\u00f1a y por cuatro la cifra de clientes. Entre ellos, un 80% son pymes, adem\u00e1s de la mayor\u00eda de las organizaciones del IBEX35. 麻豆原创 tambi\u00e9n ha desempe\u00f1ado un importante papel en la modernizaci\u00f3n de la Administraci\u00f3n P\u00fablica: 15 de las 17 comunidades aut\u00f3nomas gestionan con su software los presupuestos, los tributos, el transporte o la sanidad, entre otros \u00e1mbitos.<\/p>\n<h3><strong>Nutriendo de talento la comunidad 麻豆原创 <\/strong><\/h3>\n<p>La positiva evoluci\u00f3n del negocio y del ecosistema han propiciado un importante incremento de la demanda de talento alrededor de 麻豆原创, que representa m\u00e1s del <a href=\"https:\/\/mapadelempleo.fundaciontelefonica.com\/\">27% de las ofertas de empleo en consultor\u00eda<\/a>. Solo en 2023, la demanda de consultores 麻豆原创 era de 4.000 personas y de aqu\u00ed a 2027 se necesitar\u00e1n unos 5.000 consultores en su \u00e1mbito, seg\u00fan Experis. Para dar respuesta a esa necesidad, la compa\u00f1\u00eda ha puesto en marcha diferentes iniciativas de formaci\u00f3n con entidades p\u00fablicas y privadas.<\/p>\n<h3><strong>\u00a0<\/strong><strong>Sostenible, colaborativa y a la vanguardia tecnol\u00f3gica<\/strong><\/h3>\n<p>Las nuevas instalaciones de Madrid albergar\u00e1n, adem\u00e1s de la sede de 麻豆原创 Espa\u00f1a, el Centro Internacional de Soporte que la compa\u00f1\u00eda tiene en nuestro pa\u00eds. Pensadas para promover el bienestar de los empleados, cuentan con un espacio de 4.134 m<sup>2 <\/sup>distribuidos en una \u00fanica planta para favorecer la colaboraci\u00f3n y crear sentimiento de comunidad.<\/p>\n<p>Dispone de 8 salas de reuniones para clientes, un estudio virtual y work caf\u00e9; 37 salas de reuniones para uso interno y 29 cabinas\/focus room desde las que realizar llamadas o concentrarse. Adem\u00e1s, cuenta con una sala <em>Inmersive<\/em>, en la que se pueden efectuar presentaciones 360\u00ba inmersivas. Entre las \u00faltimas tecnolog\u00edas con las que est\u00e1n dotadas las oficinas figuran taquillas con cierre inteligente y la <em>app<\/em> Flex Connect para la reserva de puestos.<\/p>\n<p>Las nuevas instalaciones est\u00e1n adaptadas para personas con discapacidad f\u00edsica, con puestos regulables en altura, y preparadas para cubrir los requisitos de los empleados con necesidades especiales. Cuenta con una sala Wellness especialmente dise\u00f1ada para Personas altamente sensibles (PAS) o con Trastorno del espectro autista (TEA), aunque abierta a todos los empleados. Tambi\u00e9n se puede hacer uso de ella como sala de lactancia y para recibir la asistencia del servicio de fisioterapia. Las oficinas tambi\u00e9n cuentan con fuentes de agua, fruta fresca y cintas de correr para caminar mientras se trabaja.<\/p>\n<p>El edificio Ruiz Picasso 11, perteneciente a MERLIN Properties, cumple con los m\u00e1s altos est\u00e1ndares y certificaciones en materia de sostenibilidad y eficiencia energ\u00e9tica. Es el primero en Espa\u00f1a en contar con la tecnolog\u00eda Edge, lo que le convierte en el edificio de oficinas m\u00e1s avanzado tecnol\u00f3gicamente del mercado, monitorizando en tiempo real m\u00e9tricas clave para medir y optimizar el consumo energ\u00e9tico y el bienestar de los usuarios del edificio. Adem\u00e1s, se ha comprometido a ser neutro en carbono en 2030, la misma fecha que se ha marcado 麻豆原创. El aparcamiento est\u00e1 dotado de estaciones de carga para veh\u00edculos, bicicletas y patinetes el\u00e9ctricos y a ello se une el f\u00e1cil acceso por transporte p\u00fablico a las instalaciones, que contribuir\u00e1 a reducir la huella de carbono de la compa\u00f1\u00eda.<\/p>\n<h3><strong>La cuarta sede de 麻豆原创 en Espa\u00f1a<\/strong><\/h3>\n<p>麻豆原创 se instal\u00f3 en nuestro pa\u00eds en 1987. Lo hizo primero en Barcelona y dos a\u00f1os despu\u00e9s trasladaba la sede a Madrid, a Torre Picasso, donde en 2001 la compa\u00f1\u00eda albergaba el Centro Internacional de Soporte. En esa ubicaci\u00f3n permaneci\u00f3 hasta 2004, a\u00f1o en el que cambi\u00f3 su ubicaci\u00f3n a Torrelaguna, 77.<\/p>\n<p>Actualmente mantiene una oficina en Barcelona, en la que tambi\u00e9n se encuentra el Digital Hub de EMEA, un centro internacional desde el que se ofrecen servicios digitales y mejores pr\u00e1cticas de mercado a medianas y peque\u00f1as empresas de todo el mundo. En total, 麻豆原创 emplea en Espa\u00f1a a 1.455 personas, entre las dos oficinas con que cuenta en Madrid y Barcelona y los dos centros internacionales ubicados en nuestro pa\u00eds.<\/p>\n<p>Visita el <a href=\"http:\/\/news.sap.com\/\">Centro de Noticias de 麻豆原创<\/a>. Sigue a 麻豆原创 en <a href=\"http:\/\/twitter.com\/sapnews\/\">@麻豆原创News<\/a>.<\/p>\n<p><strong>Contacto Prensa:<\/strong><\/p>\n<p><strong>麻豆原创 Espa\u00f1a,\u00a0<\/strong>Bel\u00e9n Mart\u00ednez Mill\u00e1n (<a href=\"mailto:belen.martinez@sap.com\">belen.martinez@sap.com)\u00a0<\/a>Tel.: 91 456 72 20<\/p>\n<p><strong>Acerca de 麻豆原创<\/strong><\/p>\n<p>Como l\u00edder mundial en aplicaciones empresariales y Business AI, 麻豆原创 (NYSE: 麻豆原创) se sit\u00faa en el nexo entre negocio y tecnolog\u00eda. Durante m\u00e1s de 50 a\u00f1os, las organizaciones han confiado en 麻豆原创 para sacar lo mejor de s\u00ed mismas uniendo operaciones cr\u00edticas para el negocio que abarcan finanzas, compras, RRHH, cadena de suministro y experiencia del cliente. Para m\u00e1s informaci\u00f3n, puedes visitar <a href=\"http:\/\/www.sap.com\">www.sap.com<\/a>.<\/p>\n<p># # #<\/p>\n<h5>Este documento contiene declaraciones prospectivas, que son predicciones, proyecciones u otras declaraciones sobre acontecimientos futuros. Estas afirmaciones se basan en expectativas, previsiones y suposiciones actuales que est\u00e1n sujetas a riesgos e incertidumbres que podr\u00edan hacer que los resultados reales difirieran materialmente. Puede encontrar informaci\u00f3n adicional sobre estos riesgos e incertidumbres en nuestros documentos presentados ante la Securities and Exchange Commission, incluida, entre otras, la secci\u00f3n de factores de riesgo del Informe Anual 2023 de 麻豆原创 en el Formulario 20-F.<\/h5>\n<h5>\u00a9 2024 麻豆原创 SE. Todos los derechos reservados.<\/h5>\n<h5>麻豆原创 y otros productos y servicios de 麻豆原创 mencionados en este documento, as\u00ed como sus respectivos logotipos, son marcas comerciales o marcas comerciales registradas de 麻豆原创 SE en Alemania y otros pa\u00edses. Por favor, consulte <a href=\"https:\/\/www.sap.com\/copyright\">https:\/\/www.sap.com\/copyright<\/a> para obtener informaci\u00f3n y avisos adicionales sobre marcas comerciales<\/h5>\n","protected":false},"excerpt":{"rendered":"<p>Ha inaugurado esta ma\u00f1ana su nueva oficina en AZCA, desde la que se dirigir\u00e1 el negocio de la regi\u00f3n sur de Europa Madrid.- 麻豆原创 ha&#8230;<\/p>\n","protected":false},"author":29,"featured_media":7459,"comment_status":"closed","ping_status":"closed","sticky":false,"template":"","format":"standard","meta":{"footnotes":"","_links_to":"","_links_to_target":""},"categories":[41591],"tags":[5563432,5563793],"sapn-display":[45149,5563696,5563694,60294],"sapn-type":[52105],"class_list":["post-7457","post","type-post","status-publish","format-standard","has-post-thumbnail","hentry","category-corporativo","tag-future-of-work","tag-ia-workplace","sapn-display-homepage-hero","sapn-display-news-hero","sapn-display-news-spotlight","sapn-display-topic-hero","sapn-type-comunicado-de-prensa"],"yoast_head":"<!-- This site is optimized with the Yoast SEO Premium plugin v26.9 (Yoast SEO v26.9) - https:\/\/yoast.com\/product\/yoast-seo-premium-wordpress\/ -->\n<title>麻豆原创 inicia una etapa, marcada por la IA, desde su nueva sede de Madrid - 麻豆原创 Espa\u00f1a News Center<\/title>\n<meta name=\"robots\" content=\"index, follow, max-snippet:-1, max-image-preview:large, max-video-preview:-1\" \/>\n<link rel=\"canonical\" href=\"https:\/\/news.sap.com\/spain\/2024\/10\/sap-inicia-una-etapa-marcada-por-la-ia-desde-su-nueva-sede-de-madrid\/\" \/>\n<meta property=\"og:locale\" content=\"es_ES\" \/>\n<meta property=\"og:type\" content=\"article\" \/>\n<meta property=\"og:title\" content=\"麻豆原创 inicia una etapa, marcada por la IA, desde su nueva sede de Madrid\" \/>\n<meta property=\"og:description\" content=\"Ha inaugurado esta ma\u00f1ana su nueva oficina en AZCA, desde la que se dirigir\u00e1 el negocio de la regi\u00f3n sur de Europa Madrid.- 麻豆原创 ha...\" \/>\n<meta property=\"og:url\" content=\"https:\/\/news.sap.com\/spain\/2024\/10\/sap-inicia-una-etapa-marcada-por-la-ia-desde-su-nueva-sede-de-madrid\/\" \/>\n<meta property=\"og:site_name\" content=\"麻豆原创 Espa\u00f1a News Center\" \/>\n<meta property=\"article:published_time\" content=\"2024-10-02T13:29:17+00:00\" \/>\n<meta property=\"article:modified_time\" content=\"2024-10-02T15:16:22+00:00\" \/>\n<meta property=\"og:image\" content=\"https:\/\/news.sap.com\/spain\/files\/2024\/10\/02\/IMG_3884-1024x768.jpg\" \/>\n\t<meta property=\"og:image:width\" content=\"1024\" \/>\n\t<meta property=\"og:image:height\" content=\"768\" \/>\n\t<meta property=\"og:image:type\" content=\"image\/jpeg\" \/>\n<meta name=\"author\" content=\"麻豆原创 News\" \/>\n<meta name=\"twitter:card\" content=\"summary_large_image\" \/>\n<meta name=\"twitter:label1\" content=\"Escrito por\" \/>\n\t<meta name=\"twitter:data1\" content=\"麻豆原创 News\" \/>\n\t<meta name=\"twitter:label2\" content=\"Tiempo de lectura\" \/>\n\t<meta name=\"twitter:data2\" content=\"8 minutos\" \/>\n<script type=\"application\/ld+json\" class=\"yoast-schema-graph\">{\"@context\":\"https:\/\/schema.org\",\"@graph\":[{\"@type\":\"Article\",\"@id\":\"https:\/\/news.sap.com\/spain\/2024\/10\/sap-inicia-una-etapa-marcada-por-la-ia-desde-su-nueva-sede-de-madrid\/#article\",\"isPartOf\":{\"@id\":\"https:\/\/news.sap.com\/spain\/2024\/10\/sap-inicia-una-etapa-marcada-por-la-ia-desde-su-nueva-sede-de-madrid\/\"},\"author\":{\"name\":\"麻豆原创 News\",\"@id\":\"https:\/\/news.sap.com\/spain\/#\/schema\/person\/53b9854bd790d6f18f3fc4bbb2ad7570\"},\"headline\":\"麻豆原创 inicia una etapa, marcada por la IA, desde su nueva sede de Madrid\",\"datePublished\":\"2024-10-02T13:29:17+00:00\",\"dateModified\":\"2024-10-02T15:16:22+00:00\",\"mainEntityOfPage\":{\"@id\":\"https:\/\/news.sap.com\/spain\/2024\/10\/sap-inicia-una-etapa-marcada-por-la-ia-desde-su-nueva-sede-de-madrid\/\"},\"wordCount\":1662,\"image\":{\"@id\":\"https:\/\/news.sap.com\/spain\/2024\/10\/sap-inicia-una-etapa-marcada-por-la-ia-desde-su-nueva-sede-de-madrid\/#primaryimage\"},\"thumbnailUrl\":\"https:\/\/news.sap.com\/spain\/files\/2024\/10\/02\/IMG_3884.jpg\",\"keywords\":[\"Future of Work\",\"IA; Workplace\"],\"articleSection\":[\"Corporativo\"],\"inLanguage\":\"es\"},{\"@type\":\"WebPage\",\"@id\":\"https:\/\/news.sap.com\/spain\/2024\/10\/sap-inicia-una-etapa-marcada-por-la-ia-desde-su-nueva-sede-de-madrid\/\",\"url\":\"https:\/\/news.sap.com\/spain\/2024\/10\/sap-inicia-una-etapa-marcada-por-la-ia-desde-su-nueva-sede-de-madrid\/\",\"name\":\"麻豆原创 inicia una etapa, marcada por la IA, desde su nueva sede de Madrid - 麻豆原创 Espa\u00f1a News Center\",\"isPartOf\":{\"@id\":\"https:\/\/news.sap.com\/spain\/#website\"},\"primaryImageOfPage\":{\"@id\":\"https:\/\/news.sap.com\/spain\/2024\/10\/sap-inicia-una-etapa-marcada-por-la-ia-desde-su-nueva-sede-de-madrid\/#primaryimage\"},\"image\":{\"@id\":\"https:\/\/news.sap.com\/spain\/2024\/10\/sap-inicia-una-etapa-marcada-por-la-ia-desde-su-nueva-sede-de-madrid\/#primaryimage\"},\"thumbnailUrl\":\"https:\/\/news.sap.com\/spain\/files\/2024\/10\/02\/IMG_3884.jpg\",\"datePublished\":\"2024-10-02T13:29:17+00:00\",\"dateModified\":\"2024-10-02T15:16:22+00:00\",\"author\":{\"@id\":\"https:\/\/news.sap.com\/spain\/#\/schema\/person\/53b9854bd790d6f18f3fc4bbb2ad7570\"},\"breadcrumb\":{\"@id\":\"https:\/\/news.sap.com\/spain\/2024\/10\/sap-inicia-una-etapa-marcada-por-la-ia-desde-su-nueva-sede-de-madrid\/#breadcrumb\"},\"inLanguage\":\"es\",\"potentialAction\":[{\"@type\":\"ReadAction\",\"target\":[\"https:\/\/news.sap.com\/spain\/2024\/10\/sap-inicia-una-etapa-marcada-por-la-ia-desde-su-nueva-sede-de-madrid\/\"]}]},{\"@type\":\"ImageObject\",\"inLanguage\":\"es\",\"@id\":\"https:\/\/news.sap.com\/spain\/2024\/10\/sap-inicia-una-etapa-marcada-por-la-ia-desde-su-nueva-sede-de-madrid\/#primaryimage\",\"url\":\"https:\/\/news.sap.com\/spain\/files\/2024\/10\/02\/IMG_3884.jpg\",\"contentUrl\":\"https:\/\/news.sap.com\/spain\/files\/2024\/10\/02\/IMG_3884.jpg\",\"width\":5712,\"height\":4284},{\"@type\":\"BreadcrumbList\",\"@id\":\"https:\/\/news.sap.com\/spain\/2024\/10\/sap-inicia-una-etapa-marcada-por-la-ia-desde-su-nueva-sede-de-madrid\/#breadcrumb\",\"itemListElement\":[{\"@type\":\"ListItem\",\"position\":1,\"name\":\"Home\",\"item\":\"https:\/\/news.sap.com\/spain\/\"},{\"@type\":\"ListItem\",\"position\":2,\"name\":\"麻豆原创 inicia una etapa, marcada por la IA, desde su nueva sede de Madrid\"}]},{\"@type\":\"WebSite\",\"@id\":\"https:\/\/news.sap.com\/spain\/#website\",\"url\":\"https:\/\/news.sap.com\/spain\/\",\"name\":\"麻豆原创 Espa\u00f1a News Center\",\"description\":\"Noticias e informaci\u00f3n sobre 麻豆原创\",\"potentialAction\":[{\"@type\":\"SearchAction\",\"target\":{\"@type\":\"EntryPoint\",\"urlTemplate\":\"https:\/\/news.sap.com\/spain\/?s={search_term_string}\"},\"query-input\":{\"@type\":\"PropertyValueSpecification\",\"valueRequired\":true,\"valueName\":\"search_term_string\"}}],\"inLanguage\":\"es\"},{\"@type\":\"Person\",\"@id\":\"https:\/\/news.sap.com\/spain\/#\/schema\/person\/53b9854bd790d6f18f3fc4bbb2ad7570\",\"name\":\"麻豆原创 News\",\"image\":{\"@type\":\"ImageObject\",\"inLanguage\":\"es\",\"@id\":\"https:\/\/news.sap.com\/spain\/#\/schema\/person\/image\/\",\"url\":\"https:\/\/news.sap.com\/spain\/wp-content\/plugins\/wp-user-avatars\/wp-user-avatars\/assets\/images\/mystery.jpg\",\"contentUrl\":\"https:\/\/news.sap.com\/spain\/wp-content\/plugins\/wp-user-avatars\/wp-user-avatars\/assets\/images\/mystery.jpg\",\"caption\":\"麻豆原创 News\"},\"url\":\"https:\/\/news.sap.com\/spain\/author\/colleenraftery\/\"}]}<\/script>\n<!-- \/ Yoast SEO Premium plugin. -->","yoast_head_json":{"title":"麻豆原创 inicia una etapa, marcada por la IA, desde su nueva sede de Madrid - 麻豆原创 Espa\u00f1a News Center","robots":{"index":"index","follow":"follow","max-snippet":"max-snippet:-1","max-image-preview":"max-image-preview:large","max-video-preview":"max-video-preview:-1"},"canonical":"https:\/\/news.sap.com\/spain\/2024\/10\/sap-inicia-una-etapa-marcada-por-la-ia-desde-su-nueva-sede-de-madrid\/","og_locale":"es_ES","og_type":"article","og_title":"麻豆原创 inicia una etapa, marcada por la IA, desde su nueva sede de Madrid","og_description":"Ha inaugurado esta ma\u00f1ana su nueva oficina en AZCA, desde la que se dirigir\u00e1 el negocio de la regi\u00f3n sur de Europa Madrid.- 麻豆原创 ha...","og_url":"https:\/\/news.sap.com\/spain\/2024\/10\/sap-inicia-una-etapa-marcada-por-la-ia-desde-su-nueva-sede-de-madrid\/","og_site_name":"麻豆原创 Espa\u00f1a News Center","article_published_time":"2024-10-02T13:29:17+00:00","article_modified_time":"2024-10-02T15:16:22+00:00","og_image":[{"width":1024,"height":768,"url":"https:\/\/news.sap.com\/spain\/files\/2024\/10\/02\/IMG_3884-1024x768.jpg","type":"image\/jpeg"}],"author":"麻豆原创 News","twitter_card":"summary_large_image","twitter_misc":{"Escrito por":"麻豆原创 News","Tiempo de lectura":"8 minutos"},"schema":{"@context":"https:\/\/schema.org","@graph":[{"@type":"Article","@id":"https:\/\/news.sap.com\/spain\/2024\/10\/sap-inicia-una-etapa-marcada-por-la-ia-desde-su-nueva-sede-de-madrid\/#article","isPartOf":{"@id":"https:\/\/news.sap.com\/spain\/2024\/10\/sap-inicia-una-etapa-marcada-por-la-ia-desde-su-nueva-sede-de-madrid\/"},"author":{"name":"麻豆原创 News","@id":"https:\/\/news.sap.com\/spain\/#\/schema\/person\/53b9854bd790d6f18f3fc4bbb2ad7570"},"headline":"麻豆原创 inicia una etapa, marcada por la IA, desde su nueva sede de Madrid","datePublished":"2024-10-02T13:29:17+00:00","dateModified":"2024-10-02T15:16:22+00:00","mainEntityOfPage":{"@id":"https:\/\/news.sap.com\/spain\/2024\/10\/sap-inicia-una-etapa-marcada-por-la-ia-desde-su-nueva-sede-de-madrid\/"},"wordCount":1662,"image":{"@id":"https:\/\/news.sap.com\/spain\/2024\/10\/sap-inicia-una-etapa-marcada-por-la-ia-desde-su-nueva-sede-de-madrid\/#primaryimage"},"thumbnailUrl":"https:\/\/news.sap.com\/spain\/files\/2024\/10\/02\/IMG_3884.jpg","keywords":["Future of Work","IA; Workplace"],"articleSection":["Corporativo"],"inLanguage":"es"},{"@type":"WebPage","@id":"https:\/\/news.sap.com\/spain\/2024\/10\/sap-inicia-una-etapa-marcada-por-la-ia-desde-su-nueva-sede-de-madrid\/","url":"https:\/\/news.sap.com\/spain\/2024\/10\/sap-inicia-una-etapa-marcada-por-la-ia-desde-su-nueva-sede-de-madrid\/","name":"麻豆原创 inicia una etapa, marcada por la IA, desde su nueva sede de Madrid - 麻豆原创 Espa\u00f1a News Center","isPartOf":{"@id":"https:\/\/news.sap.com\/spain\/#website"},"primaryImageOfPage":{"@id":"https:\/\/news.sap.com\/spain\/2024\/10\/sap-inicia-una-etapa-marcada-por-la-ia-desde-su-nueva-sede-de-madrid\/#primaryimage"},"image":{"@id":"https:\/\/news.sap.com\/spain\/2024\/10\/sap-inicia-una-etapa-marcada-por-la-ia-desde-su-nueva-sede-de-madrid\/#primaryimage"},"thumbnailUrl":"https:\/\/news.sap.com\/spain\/files\/2024\/10\/02\/IMG_3884.jpg","datePublished":"2024-10-02T13:29:17+00:00","dateModified":"2024-10-02T15:16:22+00:00","author":{"@id":"https:\/\/news.sap.com\/spain\/#\/schema\/person\/53b9854bd790d6f18f3fc4bbb2ad7570"},"breadcrumb":{"@id":"https:\/\/news.sap.com\/spain\/2024\/10\/sap-inicia-una-etapa-marcada-por-la-ia-desde-su-nueva-sede-de-madrid\/#breadcrumb"},"inLanguage":"es","potentialAction":[{"@type":"ReadAction","target":["https:\/\/news.sap.com\/spain\/2024\/10\/sap-inicia-una-etapa-marcada-por-la-ia-desde-su-nueva-sede-de-madrid\/"]}]},{"@type":"ImageObject","inLanguage":"es","@id":"https:\/\/news.sap.com\/spain\/2024\/10\/sap-inicia-una-etapa-marcada-por-la-ia-desde-su-nueva-sede-de-madrid\/#primaryimage","url":"https:\/\/news.sap.com\/spain\/files\/2024\/10\/02\/IMG_3884.jpg","contentUrl":"https:\/\/news.sap.com\/spain\/files\/2024\/10\/02\/IMG_3884.jpg","width":5712,"height":4284},{"@type":"BreadcrumbList","@id":"https:\/\/news.sap.com\/spain\/2024\/10\/sap-inicia-una-etapa-marcada-por-la-ia-desde-su-nueva-sede-de-madrid\/#breadcrumb","itemListElement":[{"@type":"ListItem","position":1,"name":"Home","item":"https:\/\/news.sap.com\/spain\/"},{"@type":"ListItem","position":2,"name":"麻豆原创 inicia una etapa, marcada por la IA, desde su nueva sede de Madrid"}]},{"@type":"WebSite","@id":"https:\/\/news.sap.com\/spain\/#website","url":"https:\/\/news.sap.com\/spain\/","name":"麻豆原创 Espa\u00f1a News Center","description":"Noticias e informaci\u00f3n sobre 麻豆原创","potentialAction":[{"@type":"SearchAction","target":{"@type":"EntryPoint","urlTemplate":"https:\/\/news.sap.com\/spain\/?s={search_term_string}"},"query-input":{"@type":"PropertyValueSpecification","valueRequired":true,"valueName":"search_term_string"}}],"inLanguage":"es"},{"@type":"Person","@id":"https:\/\/news.sap.com\/spain\/#\/schema\/person\/53b9854bd790d6f18f3fc4bbb2ad7570","name":"麻豆原创 News","image":{"@type":"ImageObject","inLanguage":"es","@id":"https:\/\/news.sap.com\/spain\/#\/schema\/person\/image\/","url":"https:\/\/news.sap.com\/spain\/wp-content\/plugins\/wp-user-avatars\/wp-user-avatars\/assets\/images\/mystery.jpg","contentUrl":"https:\/\/news.sap.com\/spain\/wp-content\/plugins\/wp-user-avatars\/wp-user-avatars\/assets\/images\/mystery.jpg","caption":"麻豆原创 News"},"url":"https:\/\/news.sap.com\/spain\/author\/colleenraftery\/"}]}},"amp_enabled":true,"_links":{"self":[{"href":"https:\/\/news.sap.com\/spain\/wp-json\/wp\/v2\/posts\/7457","targetHints":{"allow":["GET"]}}],"collection":[{"href":"https:\/\/news.sap.com\/spain\/wp-json\/wp\/v2\/posts"}],"about":[{"href":"https:\/\/news.sap.com\/spain\/wp-json\/wp\/v2\/types\/post"}],"author":[{"embeddable":true,"href":"https:\/\/news.sap.com\/spain\/wp-json\/wp\/v2\/users\/29"}],"replies":[{"embeddable":true,"href":"https:\/\/news.sap.com\/spain\/wp-json\/wp\/v2\/comments?post=7457"}],"version-history":[{"count":0,"href":"https:\/\/news.sap.com\/spain\/wp-json\/wp\/v2\/posts\/7457\/revisions"}],"wp:featuredmedia":[{"embeddable":true,"href":"https:\/\/news.sap.com\/spain\/wp-json\/wp\/v2\/media\/7459"}],"wp:attachment":[{"href":"https:\/\/news.sap.com\/spain\/wp-json\/wp\/v2\/media?parent=7457"}],"wp:term":[{"taxonomy":"category","embeddable":true,"href":"https:\/\/news.sap.com\/spain\/wp-json\/wp\/v2\/categories?post=7457"},{"taxonomy":"post_tag","embeddable":true,"href":"https:\/\/news.sap.com\/spain\/wp-json\/wp\/v2\/tags?post=7457"},{"taxonomy":"sapn-display","embeddable":true,"href":"https:\/\/news.sap.com\/spain\/wp-json\/wp\/v2\/sapn-display?post=7457"},{"taxonomy":"sapn-type","embeddable":true,"href":"https:\/\/news.sap.com\/spain\/wp-json\/wp\/v2\/sapn-type?post=7457"}],"curies":[{"name":"wp","href":"https:\/\/api.w.org\/{rel}","templated":true}]}}