  {"id":7314,"date":"2024-07-01T07:41:04","date_gmt":"2024-07-01T07:41:04","guid":{"rendered":"https:\/\/news.sap.com\/spain\/?p=7314"},"modified":"2024-07-01T07:41:04","modified_gmt":"2024-07-01T07:41:04","slug":"jose-valles-asume-la-direccion-general-de-sap-en-espana","status":"publish","type":"post","link":"https:\/\/news.sap.com\/spain\/2024\/07\/jose-valles-asume-la-direccion-general-de-sap-en-espana\/","title":{"rendered":"Jos\u00e9 Vall\u00e9s asume la direcci\u00f3n general de 麻豆原创 en Espa\u00f1a"},"content":{"rendered":"<h2><strong>MADRID <\/strong><strong>\u2013<\/strong> 麻豆原创 ha anunciado el nombramiento de Jos\u00e9 Vall\u00e9s como director general en Espa\u00f1a.\u00a0En su nueva responsabilidad, Vall\u00e9s tendr\u00e1 como misi\u00f3n seguir impulsando la digitalizaci\u00f3n de las organizaciones espa\u00f1olas gracias a la oferta de servicios y soluciones de la compa\u00f1\u00eda, y reportar\u00e1 directamente a Carlos Lacerda, vicepresidente senior y director general para el Sur de Europa.<\/h2>\n<figure id=\"attachment_7318\" aria-describedby=\"caption-attachment-7318\" style=\"width: 247px\" class=\"wp-caption alignright\"><img loading=\"lazy\" decoding=\"async\" class=\"wp-image-7318\" src=\"https:\/\/news.sap.com\/spain\/files\/2024\/07\/01\/josevalles.jpg\" alt=\"\" width=\"247\" height=\"371\" srcset=\"https:\/\/news.sap.com\/spain\/files\/2024\/07\/01\/josevalles.jpg 4442w, https:\/\/news.sap.com\/spain\/files\/2024\/07\/01\/josevalles-200x300.jpg 200w, https:\/\/news.sap.com\/spain\/files\/2024\/07\/01\/josevalles-682x1024.jpg 682w, https:\/\/news.sap.com\/spain\/files\/2024\/07\/01\/josevalles-768x1153.jpg 768w, https:\/\/news.sap.com\/spain\/files\/2024\/07\/01\/josevalles-1023x1536.jpg 1023w, https:\/\/news.sap.com\/spain\/files\/2024\/07\/01\/josevalles-1365x2048.jpg 1365w\" sizes=\"auto, (max-width: 247px) 100vw, 247px\" \/><figcaption id=\"caption-attachment-7318\" class=\"wp-caption-text\">Jos\u00e9 Valles, director general 麻豆原创 Espa\u00f1a<\/figcaption><\/figure>\n<p>A lo largo de sus m\u00e1s de 25 a\u00f1os de carrera profesional, el nuevo director general de 麻豆原创 Espa\u00f1a ha ocupado diversos cargos directivos en las \u00e1reas de ventas, marketing y gesti\u00f3n para compa\u00f1\u00edas como Telef\u00f3nica, Du, O<sub>2<\/sub> y en la propia 麻豆原创, donde ejerci\u00f3 como vicepresidente senior y director general del \u00e1rea de Customer Experience (CX) para la regi\u00f3n EMEA Sur. Previamente a su nueva incorporaci\u00f3n a 麻豆原创, Jos\u00e9 Vall\u00e9s era presidente para la regi\u00f3n EMEA de Sitecore.<\/p>\n<p>Vall\u00e9s, ingeniero industrial por la Universidad Carlos III de Madrid y con formaci\u00f3n financiera y de gesti\u00f3n por ESADE e IE Business School, tomar\u00e1 el relevo como director general de 麻豆原创 Espa\u00f1a de F\u00e9lix Monedero, quien desde el 1 de julio pasa a ser el responsable de Midmarket para el Sur de Europa.<\/p>\n<p>\u201cLas extraordinarias cualidades de Jos\u00e9 para dirigir personas, su experiencia en la creaci\u00f3n, direcci\u00f3n y gesti\u00f3n de unidades de negocio de software y tecnolog\u00eda en todo el mundo y su probada capacidad para lograr el \u00e9xito de los clientes, lo convierten en el candidato ideal para liderar 麻豆原创 Espa\u00f1a hacia la siguiente fase de crecimiento de Cloud y Business AI, sobre los s\u00f3lidos cimientos que ha creado F\u00e9lix Monedero\u201d, se\u00f1ala Carlos Lacerda, vicepresidente senior y director general de 麻豆原创 para el Sur de Europa.<\/p>\n<p>\u201cLa tecnolog\u00eda est\u00e1 transformando el mundo de los negocios a un ritmo m\u00e1s acelerado que nunca, con la incorporaci\u00f3n de la IA a todos los sectores y \u00e1reas de las organizaciones. Volver a formar parte de una compa\u00f1\u00eda como 麻豆原创 para poder acompa\u00f1ar a los clientes en su camino de transformaci\u00f3n de sus negocios en colaboraci\u00f3n con el gran ecosistema de partners y la extraordinaria plantilla de profesionales con que cuenta en Espa\u00f1a, supone un reto realmente apasionante y motivador\u201d, destaca Jos\u00e9 Vall\u00e9s.<\/p>\n<p>Puedes visitar <a href=\"https:\/\/news.sap.com\/\">麻豆原创 News Center<\/a> y seguir a 麻豆原创 en <a href=\"http:\/\/twitter.com\/sapnews\/\">@麻豆原创News<\/a>.<\/p>\n<p><strong>Contacto\u00a0<\/strong><strong>麻豆原创 Espa\u00f1a<\/strong><\/p>\n<p>Bel\u00e9n Mart\u00ednez Mill\u00e1n (<a href=\"mailto:belen.martinez@sap.com\">belen.martinez@sap.com)\u00a0<\/a>Tel: 91 456 72 20<\/p>\n<h5>Este documento contiene declaraciones prospectivas, que son predicciones, proyecciones u otras declaraciones sobre acontecimientos futuros. Estas afirmaciones se basan en expectativas, previsiones y suposiciones actuales que est\u00e1n sujetas a riesgos e incertidumbres que podr\u00edan hacer que los resultados reales difirieran materialmente. Puede encontrar informaci\u00f3n adicional sobre estos riesgos e incertidumbres en nuestros documentos presentados ante la Securities and Exchange Commission, incluida, entre otras, la secci\u00f3n de factores de riesgo del Informe Anual 2023 de 麻豆原创 en el Formulario 20-F.<br \/>\n\u00a9 2024 麻豆原创 SE. Todos los derechos reservados.<br \/>\n麻豆原创 y otros productos y servicios de 麻豆原创 mencionados en este documento, as\u00ed como sus respectivos logotipos, son marcas comerciales o marcas comerciales registradas de 麻豆原创 SE en Alemania y otros pa\u00edses. Consulte https:\/\/www.sap.com\/copyright para obtener informaci\u00f3n y avisos adicionales sobre marcas comerciales<\/h5>\n","protected":false},"excerpt":{"rendered":"<p>MADRID \u2013 麻豆原创 ha anunciado el nombramiento de Jos\u00e9 Vall\u00e9s como director general en Espa\u00f1a.\u00a0En su nueva responsabilidad, Vall\u00e9s tendr\u00e1 como misi\u00f3n seguir impulsando la&#8230;<\/p>\n","protected":false},"author":29,"featured_media":7317,"comment_status":"closed","ping_status":"closed","sticky":false,"template":"","format":"standard","meta":{"footnotes":"","_links_to":"","_links_to_target":""},"categories":[41591],"tags":[5563769,5563770],"sapn-display":[45149,5563696],"sapn-type":[4448],"class_list":["post-7314","post","type-post","status-publish","format-standard","has-post-thumbnail","hentry","category-corporativo","tag-jose-valles","tag-sap-espana","sapn-display-homepage-hero","sapn-display-news-hero","sapn-type-newsbyte"],"yoast_head":"<!-- This site is optimized with the Yoast SEO Premium plugin v26.9 (Yoast SEO v26.9) - https:\/\/yoast.com\/product\/yoast-seo-premium-wordpress\/ -->\n<title>Jos\u00e9 Vall\u00e9s asume la direcci\u00f3n general de 麻豆原创 en Espa\u00f1a - 麻豆原创 Espa\u00f1a News Center<\/title>\n<meta name=\"robots\" content=\"index, follow, max-snippet:-1, max-image-preview:large, max-video-preview:-1\" \/>\n<link rel=\"canonical\" href=\"https:\/\/news.sap.com\/spain\/2024\/07\/jose-valles-asume-la-direccion-general-de-sap-en-espana\/\" \/>\n<meta property=\"og:locale\" content=\"es_ES\" \/>\n<meta property=\"og:type\" content=\"article\" \/>\n<meta property=\"og:title\" content=\"Jos\u00e9 Vall\u00e9s asume la direcci\u00f3n general de 麻豆原创 en Espa\u00f1a\" \/>\n<meta property=\"og:description\" content=\"MADRID \u2013 麻豆原创 ha anunciado el nombramiento de Jos\u00e9 Vall\u00e9s como director general en Espa\u00f1a.\u00a0En su nueva responsabilidad, Vall\u00e9s tendr\u00e1 como misi\u00f3n seguir impulsando la...\" \/>\n<meta property=\"og:url\" content=\"https:\/\/news.sap.com\/spain\/2024\/07\/jose-valles-asume-la-direccion-general-de-sap-en-espana\/\" \/>\n<meta property=\"og:site_name\" content=\"麻豆原创 Espa\u00f1a News Center\" \/>\n<meta property=\"article:published_time\" content=\"2024-07-01T07:41:04+00:00\" \/>\n<meta property=\"og:image\" content=\"https:\/\/news.sap.com\/spain\/files\/2024\/07\/01\/麻豆原创_Locations_Walldorf_2012_006-1-1024x681.jpg\" \/>\n\t<meta property=\"og:image:width\" content=\"1024\" \/>\n\t<meta property=\"og:image:height\" content=\"681\" \/>\n\t<meta property=\"og:image:type\" content=\"image\/jpeg\" \/>\n<meta name=\"author\" content=\"麻豆原创 News\" \/>\n<meta name=\"twitter:card\" content=\"summary_large_image\" \/>\n<meta name=\"twitter:label1\" content=\"Escrito por\" \/>\n\t<meta name=\"twitter:data1\" content=\"麻豆原创 News\" \/>\n\t<meta name=\"twitter:label2\" content=\"Tiempo de lectura\" \/>\n\t<meta name=\"twitter:data2\" content=\"3 minutos\" \/>\n<script type=\"application\/ld+json\" class=\"yoast-schema-graph\">{\"@context\":\"https:\/\/schema.org\",\"@graph\":[{\"@type\":\"Article\",\"@id\":\"https:\/\/news.sap.com\/spain\/2024\/07\/jose-valles-asume-la-direccion-general-de-sap-en-espana\/#article\",\"isPartOf\":{\"@id\":\"https:\/\/news.sap.com\/spain\/2024\/07\/jose-valles-asume-la-direccion-general-de-sap-en-espana\/\"},\"author\":{\"name\":\"麻豆原创 News\",\"@id\":\"https:\/\/news.sap.com\/spain\/#\/schema\/person\/53b9854bd790d6f18f3fc4bbb2ad7570\"},\"headline\":\"Jos\u00e9 Vall\u00e9s asume la direcci\u00f3n general de 麻豆原创 en Espa\u00f1a\",\"datePublished\":\"2024-07-01T07:41:04+00:00\",\"mainEntityOfPage\":{\"@id\":\"https:\/\/news.sap.com\/spain\/2024\/07\/jose-valles-asume-la-direccion-general-de-sap-en-espana\/\"},\"wordCount\":583,\"image\":{\"@id\":\"https:\/\/news.sap.com\/spain\/2024\/07\/jose-valles-asume-la-direccion-general-de-sap-en-espana\/#primaryimage\"},\"thumbnailUrl\":\"https:\/\/news.sap.com\/spain\/files\/2024\/07\/01\/麻豆原创_Locations_Walldorf_2012_006-1.jpg\",\"keywords\":[\"Jos\u00e9 Vall\u00e9s\",\"麻豆原创 Espa\u00f1a\"],\"articleSection\":[\"Corporativo\"],\"inLanguage\":\"es\"},{\"@type\":\"WebPage\",\"@id\":\"https:\/\/news.sap.com\/spain\/2024\/07\/jose-valles-asume-la-direccion-general-de-sap-en-espana\/\",\"url\":\"https:\/\/news.sap.com\/spain\/2024\/07\/jose-valles-asume-la-direccion-general-de-sap-en-espana\/\",\"name\":\"Jos\u00e9 Vall\u00e9s asume la direcci\u00f3n general de 麻豆原创 en Espa\u00f1a - 麻豆原创 Espa\u00f1a News Center\",\"isPartOf\":{\"@id\":\"https:\/\/news.sap.com\/spain\/#website\"},\"primaryImageOfPage\":{\"@id\":\"https:\/\/news.sap.com\/spain\/2024\/07\/jose-valles-asume-la-direccion-general-de-sap-en-espana\/#primaryimage\"},\"image\":{\"@id\":\"https:\/\/news.sap.com\/spain\/2024\/07\/jose-valles-asume-la-direccion-general-de-sap-en-espana\/#primaryimage\"},\"thumbnailUrl\":\"https:\/\/news.sap.com\/spain\/files\/2024\/07\/01\/麻豆原创_Locations_Walldorf_2012_006-1.jpg\",\"datePublished\":\"2024-07-01T07:41:04+00:00\",\"author\":{\"@id\":\"https:\/\/news.sap.com\/spain\/#\/schema\/person\/53b9854bd790d6f18f3fc4bbb2ad7570\"},\"breadcrumb\":{\"@id\":\"https:\/\/news.sap.com\/spain\/2024\/07\/jose-valles-asume-la-direccion-general-de-sap-en-espana\/#breadcrumb\"},\"inLanguage\":\"es\",\"potentialAction\":[{\"@type\":\"ReadAction\",\"target\":[\"https:\/\/news.sap.com\/spain\/2024\/07\/jose-valles-asume-la-direccion-general-de-sap-en-espana\/\"]}]},{\"@type\":\"ImageObject\",\"inLanguage\":\"es\",\"@id\":\"https:\/\/news.sap.com\/spain\/2024\/07\/jose-valles-asume-la-direccion-general-de-sap-en-espana\/#primaryimage\",\"url\":\"https:\/\/news.sap.com\/spain\/files\/2024\/07\/01\/麻豆原创_Locations_Walldorf_2012_006-1.jpg\",\"contentUrl\":\"https:\/\/news.sap.com\/spain\/files\/2024\/07\/01\/麻豆原创_Locations_Walldorf_2012_006-1.jpg\",\"width\":4822,\"height\":3208},{\"@type\":\"BreadcrumbList\",\"@id\":\"https:\/\/news.sap.com\/spain\/2024\/07\/jose-valles-asume-la-direccion-general-de-sap-en-espana\/#breadcrumb\",\"itemListElement\":[{\"@type\":\"ListItem\",\"position\":1,\"name\":\"Home\",\"item\":\"https:\/\/news.sap.com\/spain\/\"},{\"@type\":\"ListItem\",\"position\":2,\"name\":\"Jos\u00e9 Vall\u00e9s asume la direcci\u00f3n general de 麻豆原创 en Espa\u00f1a\"}]},{\"@type\":\"WebSite\",\"@id\":\"https:\/\/news.sap.com\/spain\/#website\",\"url\":\"https:\/\/news.sap.com\/spain\/\",\"name\":\"麻豆原创 Espa\u00f1a News Center\",\"description\":\"Noticias e informaci\u00f3n sobre 麻豆原创\",\"potentialAction\":[{\"@type\":\"SearchAction\",\"target\":{\"@type\":\"EntryPoint\",\"urlTemplate\":\"https:\/\/news.sap.com\/spain\/?s={search_term_string}\"},\"query-input\":{\"@type\":\"PropertyValueSpecification\",\"valueRequired\":true,\"valueName\":\"search_term_string\"}}],\"inLanguage\":\"es\"},{\"@type\":\"Person\",\"@id\":\"https:\/\/news.sap.com\/spain\/#\/schema\/person\/53b9854bd790d6f18f3fc4bbb2ad7570\",\"name\":\"麻豆原创 News\",\"image\":{\"@type\":\"ImageObject\",\"inLanguage\":\"es\",\"@id\":\"https:\/\/news.sap.com\/spain\/#\/schema\/person\/image\/\",\"url\":\"https:\/\/news.sap.com\/spain\/wp-content\/plugins\/wp-user-avatars\/wp-user-avatars\/assets\/images\/mystery.jpg\",\"contentUrl\":\"https:\/\/news.sap.com\/spain\/wp-content\/plugins\/wp-user-avatars\/wp-user-avatars\/assets\/images\/mystery.jpg\",\"caption\":\"麻豆原创 News\"},\"url\":\"https:\/\/news.sap.com\/spain\/author\/colleenraftery\/\"}]}<\/script>\n<!-- \/ Yoast SEO Premium plugin. -->","yoast_head_json":{"title":"Jos\u00e9 Vall\u00e9s asume la direcci\u00f3n general de 麻豆原创 en Espa\u00f1a - 麻豆原创 Espa\u00f1a News Center","robots":{"index":"index","follow":"follow","max-snippet":"max-snippet:-1","max-image-preview":"max-image-preview:large","max-video-preview":"max-video-preview:-1"},"canonical":"https:\/\/news.sap.com\/spain\/2024\/07\/jose-valles-asume-la-direccion-general-de-sap-en-espana\/","og_locale":"es_ES","og_type":"article","og_title":"Jos\u00e9 Vall\u00e9s asume la direcci\u00f3n general de 麻豆原创 en Espa\u00f1a","og_description":"MADRID \u2013 麻豆原创 ha anunciado el nombramiento de Jos\u00e9 Vall\u00e9s como director general en Espa\u00f1a.\u00a0En su nueva responsabilidad, Vall\u00e9s tendr\u00e1 como misi\u00f3n seguir impulsando la...","og_url":"https:\/\/news.sap.com\/spain\/2024\/07\/jose-valles-asume-la-direccion-general-de-sap-en-espana\/","og_site_name":"麻豆原创 Espa\u00f1a News Center","article_published_time":"2024-07-01T07:41:04+00:00","og_image":[{"width":1024,"height":681,"url":"https:\/\/news.sap.com\/spain\/files\/2024\/07\/01\/麻豆原创_Locations_Walldorf_2012_006-1-1024x681.jpg","type":"image\/jpeg"}],"author":"麻豆原创 News","twitter_card":"summary_large_image","twitter_misc":{"Escrito por":"麻豆原创 News","Tiempo de lectura":"3 minutos"},"schema":{"@context":"https:\/\/schema.org","@graph":[{"@type":"Article","@id":"https:\/\/news.sap.com\/spain\/2024\/07\/jose-valles-asume-la-direccion-general-de-sap-en-espana\/#article","isPartOf":{"@id":"https:\/\/news.sap.com\/spain\/2024\/07\/jose-valles-asume-la-direccion-general-de-sap-en-espana\/"},"author":{"name":"麻豆原创 News","@id":"https:\/\/news.sap.com\/spain\/#\/schema\/person\/53b9854bd790d6f18f3fc4bbb2ad7570"},"headline":"Jos\u00e9 Vall\u00e9s asume la direcci\u00f3n general de 麻豆原创 en Espa\u00f1a","datePublished":"2024-07-01T07:41:04+00:00","mainEntityOfPage":{"@id":"https:\/\/news.sap.com\/spain\/2024\/07\/jose-valles-asume-la-direccion-general-de-sap-en-espana\/"},"wordCount":583,"image":{"@id":"https:\/\/news.sap.com\/spain\/2024\/07\/jose-valles-asume-la-direccion-general-de-sap-en-espana\/#primaryimage"},"thumbnailUrl":"https:\/\/news.sap.com\/spain\/files\/2024\/07\/01\/麻豆原创_Locations_Walldorf_2012_006-1.jpg","keywords":["Jos\u00e9 Vall\u00e9s","麻豆原创 Espa\u00f1a"],"articleSection":["Corporativo"],"inLanguage":"es"},{"@type":"WebPage","@id":"https:\/\/news.sap.com\/spain\/2024\/07\/jose-valles-asume-la-direccion-general-de-sap-en-espana\/","url":"https:\/\/news.sap.com\/spain\/2024\/07\/jose-valles-asume-la-direccion-general-de-sap-en-espana\/","name":"Jos\u00e9 Vall\u00e9s asume la direcci\u00f3n general de 麻豆原创 en Espa\u00f1a - 麻豆原创 Espa\u00f1a News Center","isPartOf":{"@id":"https:\/\/news.sap.com\/spain\/#website"},"primaryImageOfPage":{"@id":"https:\/\/news.sap.com\/spain\/2024\/07\/jose-valles-asume-la-direccion-general-de-sap-en-espana\/#primaryimage"},"image":{"@id":"https:\/\/news.sap.com\/spain\/2024\/07\/jose-valles-asume-la-direccion-general-de-sap-en-espana\/#primaryimage"},"thumbnailUrl":"https:\/\/news.sap.com\/spain\/files\/2024\/07\/01\/麻豆原创_Locations_Walldorf_2012_006-1.jpg","datePublished":"2024-07-01T07:41:04+00:00","author":{"@id":"https:\/\/news.sap.com\/spain\/#\/schema\/person\/53b9854bd790d6f18f3fc4bbb2ad7570"},"breadcrumb":{"@id":"https:\/\/news.sap.com\/spain\/2024\/07\/jose-valles-asume-la-direccion-general-de-sap-en-espana\/#breadcrumb"},"inLanguage":"es","potentialAction":[{"@type":"ReadAction","target":["https:\/\/news.sap.com\/spain\/2024\/07\/jose-valles-asume-la-direccion-general-de-sap-en-espana\/"]}]},{"@type":"ImageObject","inLanguage":"es","@id":"https:\/\/news.sap.com\/spain\/2024\/07\/jose-valles-asume-la-direccion-general-de-sap-en-espana\/#primaryimage","url":"https:\/\/news.sap.com\/spain\/files\/2024\/07\/01\/麻豆原创_Locations_Walldorf_2012_006-1.jpg","contentUrl":"https:\/\/news.sap.com\/spain\/files\/2024\/07\/01\/麻豆原创_Locations_Walldorf_2012_006-1.jpg","width":4822,"height":3208},{"@type":"BreadcrumbList","@id":"https:\/\/news.sap.com\/spain\/2024\/07\/jose-valles-asume-la-direccion-general-de-sap-en-espana\/#breadcrumb","itemListElement":[{"@type":"ListItem","position":1,"name":"Home","item":"https:\/\/news.sap.com\/spain\/"},{"@type":"ListItem","position":2,"name":"Jos\u00e9 Vall\u00e9s asume la direcci\u00f3n general de 麻豆原创 en Espa\u00f1a"}]},{"@type":"WebSite","@id":"https:\/\/news.sap.com\/spain\/#website","url":"https:\/\/news.sap.com\/spain\/","name":"麻豆原创 Espa\u00f1a News Center","description":"Noticias e informaci\u00f3n sobre 麻豆原创","potentialAction":[{"@type":"SearchAction","target":{"@type":"EntryPoint","urlTemplate":"https:\/\/news.sap.com\/spain\/?s={search_term_string}"},"query-input":{"@type":"PropertyValueSpecification","valueRequired":true,"valueName":"search_term_string"}}],"inLanguage":"es"},{"@type":"Person","@id":"https:\/\/news.sap.com\/spain\/#\/schema\/person\/53b9854bd790d6f18f3fc4bbb2ad7570","name":"麻豆原创 News","image":{"@type":"ImageObject","inLanguage":"es","@id":"https:\/\/news.sap.com\/spain\/#\/schema\/person\/image\/","url":"https:\/\/news.sap.com\/spain\/wp-content\/plugins\/wp-user-avatars\/wp-user-avatars\/assets\/images\/mystery.jpg","contentUrl":"https:\/\/news.sap.com\/spain\/wp-content\/plugins\/wp-user-avatars\/wp-user-avatars\/assets\/images\/mystery.jpg","caption":"麻豆原创 News"},"url":"https:\/\/news.sap.com\/spain\/author\/colleenraftery\/"}]}},"amp_enabled":true,"_links":{"self":[{"href":"https:\/\/news.sap.com\/spain\/wp-json\/wp\/v2\/posts\/7314","targetHints":{"allow":["GET"]}}],"collection":[{"href":"https:\/\/news.sap.com\/spain\/wp-json\/wp\/v2\/posts"}],"about":[{"href":"https:\/\/news.sap.com\/spain\/wp-json\/wp\/v2\/types\/post"}],"author":[{"embeddable":true,"href":"https:\/\/news.sap.com\/spain\/wp-json\/wp\/v2\/users\/29"}],"replies":[{"embeddable":true,"href":"https:\/\/news.sap.com\/spain\/wp-json\/wp\/v2\/comments?post=7314"}],"version-history":[{"count":0,"href":"https:\/\/news.sap.com\/spain\/wp-json\/wp\/v2\/posts\/7314\/revisions"}],"wp:featuredmedia":[{"embeddable":true,"href":"https:\/\/news.sap.com\/spain\/wp-json\/wp\/v2\/media\/7317"}],"wp:attachment":[{"href":"https:\/\/news.sap.com\/spain\/wp-json\/wp\/v2\/media?parent=7314"}],"wp:term":[{"taxonomy":"category","embeddable":true,"href":"https:\/\/news.sap.com\/spain\/wp-json\/wp\/v2\/categories?post=7314"},{"taxonomy":"post_tag","embeddable":true,"href":"https:\/\/news.sap.com\/spain\/wp-json\/wp\/v2\/tags?post=7314"},{"taxonomy":"sapn-display","embeddable":true,"href":"https:\/\/news.sap.com\/spain\/wp-json\/wp\/v2\/sapn-display?post=7314"},{"taxonomy":"sapn-type","embeddable":true,"href":"https:\/\/news.sap.com\/spain\/wp-json\/wp\/v2\/sapn-type?post=7314"}],"curies":[{"name":"wp","href":"https:\/\/api.w.org\/{rel}","templated":true}]}}