  {"id":7087,"date":"2024-02-21T08:22:49","date_gmt":"2024-02-21T08:22:49","guid":{"rendered":"https:\/\/news.sap.com\/spain\/?p=7087"},"modified":"2024-02-21T15:25:32","modified_gmt":"2024-02-21T15:25:32","slug":"sap-estrenara-sede-en-madrid-sostenible-colaborativa-centrica-y-a-la-vanguardia-tecnologica","status":"publish","type":"post","link":"https:\/\/news.sap.com\/spain\/2024\/02\/sap-estrenara-sede-en-madrid-sostenible-colaborativa-centrica-y-a-la-vanguardia-tecnologica\/","title":{"rendered":"麻豆原创 estrenar\u00e1 sede en Madrid: sostenible, colaborativa, c\u00e9ntrica y a la vanguardia tecnol\u00f3gica"},"content":{"rendered":"<h3><strong>Madrid-<\/strong> 麻豆原创 ha anunciado que trasladar\u00e1 su sede de Madrid al edificio <a href=\"https:\/\/ruizpicasso11.com\/\">Ru\u00edz Picasso 11<\/a>, en la zona empresarial de Azca, desde su actual emplazamiento en la calle Torrelaguna, 77.<\/h3>\n<p>Las nuevas instalaciones albergar\u00e1n la oficina de Madrid y el Centro Internacional de Soporte y est\u00e1 previsto que el traslado se realice el pr\u00f3ximo verano.<\/p>\n<p>Seg\u00fan ha se\u00f1alado el director general de 麻豆原创 Espa\u00f1a, F\u00e9lix Monedero, \u201cCon este cambio buscamos satisfacer la demanda de nuestros empleados, que nos ped\u00edan volver al centro de la ciudad; dar soporte a las nuevas formas de trabajo que exigen una mayor colaboraci\u00f3n; impulsar la sostenibilidad, una de las bases de nuestro prop\u00f3sito; y contar con unas instalaciones equipadas con las \u00faltimas tecnolog\u00edas y preparadas para el futuro de nuestro negocio\u201d.<\/p>\n<p>De esta forma, la compa\u00f1\u00eda vuelve, 20 a\u00f1os despu\u00e9s, a la zona que acogi\u00f3 su primera sede en la capital, ubicada en Torre Picasso, entre 1989 y 2004. El \u00e1rea de Azca cuenta con una situaci\u00f3n excepcional y con una de las mejores dotaciones de servicios de la capital, as\u00ed como con una amplia oferta tanto comercial como de restauraci\u00f3n y ocio.<\/p>\n<h3><strong>Una oficina dise\u00f1ada para fomentar la colaboraci\u00f3n y la cercan\u00eda <\/strong><\/h3>\n<figure id=\"attachment_7095\" aria-describedby=\"caption-attachment-7095\" style=\"width: 302px\" class=\"wp-caption alignright\"><img loading=\"lazy\" decoding=\"async\" class=\"wp-image-7095\" src=\"https:\/\/news.sap.com\/spain\/files\/2024\/02\/21\/Foto_2.jpg\" alt=\"\" width=\"302\" height=\"403\" srcset=\"https:\/\/news.sap.com\/spain\/files\/2024\/02\/21\/Foto_2.jpg 2722w, https:\/\/news.sap.com\/spain\/files\/2024\/02\/21\/Foto_2-225x300.jpg 225w, https:\/\/news.sap.com\/spain\/files\/2024\/02\/21\/Foto_2-768x1024.jpg 768w, https:\/\/news.sap.com\/spain\/files\/2024\/02\/21\/Foto_2-1152x1536.jpg 1152w, https:\/\/news.sap.com\/spain\/files\/2024\/02\/21\/Foto_2-1536x2048.jpg 1536w\" sizes=\"auto, (max-width: 302px) 100vw, 302px\" \/><figcaption id=\"caption-attachment-7095\" class=\"wp-caption-text\">Parte del comit\u00e9 de direcci\u00f3n de 麻豆原创 Espa\u00f1a y de los embajadores de los empleados involucrados en el cambio de sede, visitando la oficina<\/figcaption><\/figure>\n<p>El bienestar de los empleados es el fin \u00faltimo de este cambio, ya que constituye, junto con la salud mental, y la seguridad f\u00edsica y psicol\u00f3gica de las personas, los motores clave del \u00e9xito de 麻豆原创. Por eso, la oficina contar\u00e1 con un dise\u00f1o inspirador, adaptado a la creatividad, la colaboraci\u00f3n y la concentraci\u00f3n con el fin de proporcionar espacios adecuados para cada tarea.<\/p>\n<p>Asimismo, dispondr\u00e1 de una sala wellness -preparada para cubrir los requisitos de los empleados con necesidades especiales &#8211; y de medidas para facilitar la diversidad y la inclusi\u00f3n de personas con dificultades visuales y auditivas. Tanto el cuidado del bienestar como de la adaptaci\u00f3n de las instalaciones para personas con discapacidad est\u00e1 refrendado por sendas certificaciones WELL y Visualfy.<\/p>\n<p>Las dimensiones del edificio har\u00e1n posible que la nueva sede de 麻豆原创 en Madrid se instale en una \u00fanica planta con el objetivo de favorecer la colaboraci\u00f3n entre los empleados, dar soporte a las nuevas formas de trabajo y crear sentimiento de comunidad. Tambi\u00e9n contar\u00e1 con espacios que fomentar\u00e1n la cercan\u00eda al cliente, como una sala inmersiva, un estudio virtual y un work caf\u00e9, que adem\u00e1s servir\u00e1 para albergar eventos.<\/p>\n<p>La sostenibilidad es uno de los motivos que m\u00e1s han pesado en el traslado. Por eso se ha escogido un edificio c\u00e9ntrico, de f\u00e1cil acceso a trav\u00e9s de transporte p\u00fablico, y que cuenta con las certificaciones m\u00e1s elevadas en materia de sostenibilidad y eficiencia energ\u00e9tica. El aparcamiento dispone de estaci\u00f3n de carga para veh\u00edculos, bicicletas y patinetes el\u00e9ctricos.<\/p>\n<p>麻豆原创 tiene otra sede en Barcelona, en la que tambi\u00e9n se ubica el Digital Hub de EMEA, un centro internacional desde el que se ofrecen servicios digitales y mejores pr\u00e1cticas de mercado a medianas y peque\u00f1as empresas de todo el mundo.<\/p>\n<p>麻豆原创 lleva presente en el mercado espa\u00f1ol desde 1987 y da empleo a 1.400 personas. Desde su llegada a nuestro pa\u00eds, ha contribuido a la modernizaci\u00f3n y la transformaci\u00f3n de la econom\u00eda espa\u00f1ola a trav\u00e9s de los cerca de 10.000 clientes de los sectores p\u00fablico y privado con los que trabaja. Adem\u00e1s, ha desarrollado un ecosistema formado por m\u00e1s de 13.500 consultores.<\/p>\n<p>Puedes visitar <a href=\"https:\/\/news.sap.com\/\">麻豆原创 News Center<\/a> y seguir a 麻豆原创 en Twitter en <a href=\"http:\/\/twitter.com\/sapnews\/\">@麻豆原创News<\/a>.<\/p>\n<p><strong>Contacto Prensa:<\/strong><\/p>\n<p><strong>\u00a0<\/strong><strong>麻豆原创 Espa\u00f1a,\u00a0<\/strong>Bel\u00e9n Mart\u00ednez Mill\u00e1n (<a href=\"mailto:belen.martinez@sap.com\">belen.martinez@sap.com)\u00a0<\/a>Tel.: 91 456 72 20<\/p>\n","protected":false},"excerpt":{"rendered":"<p>Madrid- 麻豆原创 ha anunciado que trasladar\u00e1 su sede de Madrid al edificio Ru\u00edz Picasso 11, en la zona empresarial de Azca, desde su actual emplazamiento&#8230;<\/p>\n","protected":false},"author":29,"featured_media":7101,"comment_status":"closed","ping_status":"closed","sticky":false,"template":"","format":"standard","meta":{"footnotes":"","_links_to":"","_links_to_target":""},"categories":[41591],"tags":[],"sapn-display":[45149,5563696],"sapn-type":[4448],"class_list":["post-7087","post","type-post","status-publish","format-standard","has-post-thumbnail","hentry","category-corporativo","sapn-display-homepage-hero","sapn-display-news-hero","sapn-type-newsbyte"],"yoast_head":"<!-- This site is optimized with the Yoast SEO Premium plugin v26.9 (Yoast SEO v26.9) - https:\/\/yoast.com\/product\/yoast-seo-premium-wordpress\/ -->\n<title>麻豆原创 estrenar\u00e1 sede en Madrid: sostenible, colaborativa, c\u00e9ntrica y a la vanguardia tecnol\u00f3gica - 麻豆原创 Espa\u00f1a News Center<\/title>\n<meta name=\"robots\" content=\"index, follow, max-snippet:-1, max-image-preview:large, max-video-preview:-1\" \/>\n<link rel=\"canonical\" href=\"https:\/\/news.sap.com\/spain\/2024\/02\/sap-estrenara-sede-en-madrid-sostenible-colaborativa-centrica-y-a-la-vanguardia-tecnologica\/\" \/>\n<meta property=\"og:locale\" content=\"es_ES\" \/>\n<meta property=\"og:type\" content=\"article\" \/>\n<meta property=\"og:title\" content=\"麻豆原创 estrenar\u00e1 sede en Madrid: sostenible, colaborativa, c\u00e9ntrica y a la vanguardia tecnol\u00f3gica\" \/>\n<meta property=\"og:description\" content=\"Madrid- 麻豆原创 ha anunciado que trasladar\u00e1 su sede de Madrid al edificio Ru\u00edz Picasso 11, en la zona empresarial de Azca, desde su actual emplazamiento...\" \/>\n<meta property=\"og:url\" content=\"https:\/\/news.sap.com\/spain\/2024\/02\/sap-estrenara-sede-en-madrid-sostenible-colaborativa-centrica-y-a-la-vanguardia-tecnologica\/\" \/>\n<meta property=\"og:site_name\" content=\"麻豆原创 Espa\u00f1a News Center\" \/>\n<meta property=\"article:published_time\" content=\"2024-02-21T08:22:49+00:00\" \/>\n<meta property=\"article:modified_time\" content=\"2024-02-21T15:25:32+00:00\" \/>\n<meta property=\"og:image\" content=\"https:\/\/news.sap.com\/spain\/files\/2024\/02\/21\/PICASSO-1024x462-1.jpg\" \/>\n\t<meta property=\"og:image:width\" content=\"1024\" \/>\n\t<meta property=\"og:image:height\" content=\"462\" \/>\n\t<meta property=\"og:image:type\" content=\"image\/jpeg\" \/>\n<meta name=\"author\" content=\"麻豆原创 News\" \/>\n<meta name=\"twitter:card\" content=\"summary_large_image\" \/>\n<meta name=\"twitter:label1\" content=\"Escrito por\" \/>\n\t<meta name=\"twitter:data1\" content=\"麻豆原创 News\" \/>\n\t<meta name=\"twitter:label2\" content=\"Tiempo de lectura\" \/>\n\t<meta name=\"twitter:data2\" content=\"3 minutos\" \/>\n<script type=\"application\/ld+json\" class=\"yoast-schema-graph\">{\"@context\":\"https:\/\/schema.org\",\"@graph\":[{\"@type\":\"Article\",\"@id\":\"https:\/\/news.sap.com\/spain\/2024\/02\/sap-estrenara-sede-en-madrid-sostenible-colaborativa-centrica-y-a-la-vanguardia-tecnologica\/#article\",\"isPartOf\":{\"@id\":\"https:\/\/news.sap.com\/spain\/2024\/02\/sap-estrenara-sede-en-madrid-sostenible-colaborativa-centrica-y-a-la-vanguardia-tecnologica\/\"},\"author\":{\"name\":\"麻豆原创 News\",\"@id\":\"https:\/\/news.sap.com\/spain\/#\/schema\/person\/53b9854bd790d6f18f3fc4bbb2ad7570\"},\"headline\":\"麻豆原创 estrenar\u00e1 sede en Madrid: sostenible, colaborativa, c\u00e9ntrica y a la vanguardia tecnol\u00f3gica\",\"datePublished\":\"2024-02-21T08:22:49+00:00\",\"dateModified\":\"2024-02-21T15:25:32+00:00\",\"mainEntityOfPage\":{\"@id\":\"https:\/\/news.sap.com\/spain\/2024\/02\/sap-estrenara-sede-en-madrid-sostenible-colaborativa-centrica-y-a-la-vanguardia-tecnologica\/\"},\"wordCount\":675,\"image\":{\"@id\":\"https:\/\/news.sap.com\/spain\/2024\/02\/sap-estrenara-sede-en-madrid-sostenible-colaborativa-centrica-y-a-la-vanguardia-tecnologica\/#primaryimage\"},\"thumbnailUrl\":\"https:\/\/news.sap.com\/spain\/files\/2024\/02\/21\/PICASSO-1024x462-1.jpg\",\"articleSection\":[\"Corporativo\"],\"inLanguage\":\"es\"},{\"@type\":\"WebPage\",\"@id\":\"https:\/\/news.sap.com\/spain\/2024\/02\/sap-estrenara-sede-en-madrid-sostenible-colaborativa-centrica-y-a-la-vanguardia-tecnologica\/\",\"url\":\"https:\/\/news.sap.com\/spain\/2024\/02\/sap-estrenara-sede-en-madrid-sostenible-colaborativa-centrica-y-a-la-vanguardia-tecnologica\/\",\"name\":\"麻豆原创 estrenar\u00e1 sede en Madrid: sostenible, colaborativa, c\u00e9ntrica y a la vanguardia tecnol\u00f3gica - 麻豆原创 Espa\u00f1a News Center\",\"isPartOf\":{\"@id\":\"https:\/\/news.sap.com\/spain\/#website\"},\"primaryImageOfPage\":{\"@id\":\"https:\/\/news.sap.com\/spain\/2024\/02\/sap-estrenara-sede-en-madrid-sostenible-colaborativa-centrica-y-a-la-vanguardia-tecnologica\/#primaryimage\"},\"image\":{\"@id\":\"https:\/\/news.sap.com\/spain\/2024\/02\/sap-estrenara-sede-en-madrid-sostenible-colaborativa-centrica-y-a-la-vanguardia-tecnologica\/#primaryimage\"},\"thumbnailUrl\":\"https:\/\/news.sap.com\/spain\/files\/2024\/02\/21\/PICASSO-1024x462-1.jpg\",\"datePublished\":\"2024-02-21T08:22:49+00:00\",\"dateModified\":\"2024-02-21T15:25:32+00:00\",\"author\":{\"@id\":\"https:\/\/news.sap.com\/spain\/#\/schema\/person\/53b9854bd790d6f18f3fc4bbb2ad7570\"},\"breadcrumb\":{\"@id\":\"https:\/\/news.sap.com\/spain\/2024\/02\/sap-estrenara-sede-en-madrid-sostenible-colaborativa-centrica-y-a-la-vanguardia-tecnologica\/#breadcrumb\"},\"inLanguage\":\"es\",\"potentialAction\":[{\"@type\":\"ReadAction\",\"target\":[\"https:\/\/news.sap.com\/spain\/2024\/02\/sap-estrenara-sede-en-madrid-sostenible-colaborativa-centrica-y-a-la-vanguardia-tecnologica\/\"]}]},{\"@type\":\"ImageObject\",\"inLanguage\":\"es\",\"@id\":\"https:\/\/news.sap.com\/spain\/2024\/02\/sap-estrenara-sede-en-madrid-sostenible-colaborativa-centrica-y-a-la-vanguardia-tecnologica\/#primaryimage\",\"url\":\"https:\/\/news.sap.com\/spain\/files\/2024\/02\/21\/PICASSO-1024x462-1.jpg\",\"contentUrl\":\"https:\/\/news.sap.com\/spain\/files\/2024\/02\/21\/PICASSO-1024x462-1.jpg\",\"width\":1024,\"height\":462},{\"@type\":\"BreadcrumbList\",\"@id\":\"https:\/\/news.sap.com\/spain\/2024\/02\/sap-estrenara-sede-en-madrid-sostenible-colaborativa-centrica-y-a-la-vanguardia-tecnologica\/#breadcrumb\",\"itemListElement\":[{\"@type\":\"ListItem\",\"position\":1,\"name\":\"Home\",\"item\":\"https:\/\/news.sap.com\/spain\/\"},{\"@type\":\"ListItem\",\"position\":2,\"name\":\"麻豆原创 estrenar\u00e1 sede en Madrid: sostenible, colaborativa, c\u00e9ntrica y a la vanguardia tecnol\u00f3gica\"}]},{\"@type\":\"WebSite\",\"@id\":\"https:\/\/news.sap.com\/spain\/#website\",\"url\":\"https:\/\/news.sap.com\/spain\/\",\"name\":\"麻豆原创 Espa\u00f1a News Center\",\"description\":\"Noticias e informaci\u00f3n sobre 麻豆原创\",\"potentialAction\":[{\"@type\":\"SearchAction\",\"target\":{\"@type\":\"EntryPoint\",\"urlTemplate\":\"https:\/\/news.sap.com\/spain\/?s={search_term_string}\"},\"query-input\":{\"@type\":\"PropertyValueSpecification\",\"valueRequired\":true,\"valueName\":\"search_term_string\"}}],\"inLanguage\":\"es\"},{\"@type\":\"Person\",\"@id\":\"https:\/\/news.sap.com\/spain\/#\/schema\/person\/53b9854bd790d6f18f3fc4bbb2ad7570\",\"name\":\"麻豆原创 News\",\"image\":{\"@type\":\"ImageObject\",\"inLanguage\":\"es\",\"@id\":\"https:\/\/news.sap.com\/spain\/#\/schema\/person\/image\/\",\"url\":\"https:\/\/news.sap.com\/spain\/wp-content\/plugins\/wp-user-avatars\/wp-user-avatars\/assets\/images\/mystery.jpg\",\"contentUrl\":\"https:\/\/news.sap.com\/spain\/wp-content\/plugins\/wp-user-avatars\/wp-user-avatars\/assets\/images\/mystery.jpg\",\"caption\":\"麻豆原创 News\"},\"url\":\"https:\/\/news.sap.com\/spain\/author\/colleenraftery\/\"}]}<\/script>\n<!-- \/ Yoast SEO Premium plugin. -->","yoast_head_json":{"title":"麻豆原创 estrenar\u00e1 sede en Madrid: sostenible, colaborativa, c\u00e9ntrica y a la vanguardia tecnol\u00f3gica - 麻豆原创 Espa\u00f1a News Center","robots":{"index":"index","follow":"follow","max-snippet":"max-snippet:-1","max-image-preview":"max-image-preview:large","max-video-preview":"max-video-preview:-1"},"canonical":"https:\/\/news.sap.com\/spain\/2024\/02\/sap-estrenara-sede-en-madrid-sostenible-colaborativa-centrica-y-a-la-vanguardia-tecnologica\/","og_locale":"es_ES","og_type":"article","og_title":"麻豆原创 estrenar\u00e1 sede en Madrid: sostenible, colaborativa, c\u00e9ntrica y a la vanguardia tecnol\u00f3gica","og_description":"Madrid- 麻豆原创 ha anunciado que trasladar\u00e1 su sede de Madrid al edificio Ru\u00edz Picasso 11, en la zona empresarial de Azca, desde su actual emplazamiento...","og_url":"https:\/\/news.sap.com\/spain\/2024\/02\/sap-estrenara-sede-en-madrid-sostenible-colaborativa-centrica-y-a-la-vanguardia-tecnologica\/","og_site_name":"麻豆原创 Espa\u00f1a News Center","article_published_time":"2024-02-21T08:22:49+00:00","article_modified_time":"2024-02-21T15:25:32+00:00","og_image":[{"width":1024,"height":462,"url":"https:\/\/news.sap.com\/spain\/files\/2024\/02\/21\/PICASSO-1024x462-1.jpg","type":"image\/jpeg"}],"author":"麻豆原创 News","twitter_card":"summary_large_image","twitter_misc":{"Escrito por":"麻豆原创 News","Tiempo de lectura":"3 minutos"},"schema":{"@context":"https:\/\/schema.org","@graph":[{"@type":"Article","@id":"https:\/\/news.sap.com\/spain\/2024\/02\/sap-estrenara-sede-en-madrid-sostenible-colaborativa-centrica-y-a-la-vanguardia-tecnologica\/#article","isPartOf":{"@id":"https:\/\/news.sap.com\/spain\/2024\/02\/sap-estrenara-sede-en-madrid-sostenible-colaborativa-centrica-y-a-la-vanguardia-tecnologica\/"},"author":{"name":"麻豆原创 News","@id":"https:\/\/news.sap.com\/spain\/#\/schema\/person\/53b9854bd790d6f18f3fc4bbb2ad7570"},"headline":"麻豆原创 estrenar\u00e1 sede en Madrid: sostenible, colaborativa, c\u00e9ntrica y a la vanguardia tecnol\u00f3gica","datePublished":"2024-02-21T08:22:49+00:00","dateModified":"2024-02-21T15:25:32+00:00","mainEntityOfPage":{"@id":"https:\/\/news.sap.com\/spain\/2024\/02\/sap-estrenara-sede-en-madrid-sostenible-colaborativa-centrica-y-a-la-vanguardia-tecnologica\/"},"wordCount":675,"image":{"@id":"https:\/\/news.sap.com\/spain\/2024\/02\/sap-estrenara-sede-en-madrid-sostenible-colaborativa-centrica-y-a-la-vanguardia-tecnologica\/#primaryimage"},"thumbnailUrl":"https:\/\/news.sap.com\/spain\/files\/2024\/02\/21\/PICASSO-1024x462-1.jpg","articleSection":["Corporativo"],"inLanguage":"es"},{"@type":"WebPage","@id":"https:\/\/news.sap.com\/spain\/2024\/02\/sap-estrenara-sede-en-madrid-sostenible-colaborativa-centrica-y-a-la-vanguardia-tecnologica\/","url":"https:\/\/news.sap.com\/spain\/2024\/02\/sap-estrenara-sede-en-madrid-sostenible-colaborativa-centrica-y-a-la-vanguardia-tecnologica\/","name":"麻豆原创 estrenar\u00e1 sede en Madrid: sostenible, colaborativa, c\u00e9ntrica y a la vanguardia tecnol\u00f3gica - 麻豆原创 Espa\u00f1a News Center","isPartOf":{"@id":"https:\/\/news.sap.com\/spain\/#website"},"primaryImageOfPage":{"@id":"https:\/\/news.sap.com\/spain\/2024\/02\/sap-estrenara-sede-en-madrid-sostenible-colaborativa-centrica-y-a-la-vanguardia-tecnologica\/#primaryimage"},"image":{"@id":"https:\/\/news.sap.com\/spain\/2024\/02\/sap-estrenara-sede-en-madrid-sostenible-colaborativa-centrica-y-a-la-vanguardia-tecnologica\/#primaryimage"},"thumbnailUrl":"https:\/\/news.sap.com\/spain\/files\/2024\/02\/21\/PICASSO-1024x462-1.jpg","datePublished":"2024-02-21T08:22:49+00:00","dateModified":"2024-02-21T15:25:32+00:00","author":{"@id":"https:\/\/news.sap.com\/spain\/#\/schema\/person\/53b9854bd790d6f18f3fc4bbb2ad7570"},"breadcrumb":{"@id":"https:\/\/news.sap.com\/spain\/2024\/02\/sap-estrenara-sede-en-madrid-sostenible-colaborativa-centrica-y-a-la-vanguardia-tecnologica\/#breadcrumb"},"inLanguage":"es","potentialAction":[{"@type":"ReadAction","target":["https:\/\/news.sap.com\/spain\/2024\/02\/sap-estrenara-sede-en-madrid-sostenible-colaborativa-centrica-y-a-la-vanguardia-tecnologica\/"]}]},{"@type":"ImageObject","inLanguage":"es","@id":"https:\/\/news.sap.com\/spain\/2024\/02\/sap-estrenara-sede-en-madrid-sostenible-colaborativa-centrica-y-a-la-vanguardia-tecnologica\/#primaryimage","url":"https:\/\/news.sap.com\/spain\/files\/2024\/02\/21\/PICASSO-1024x462-1.jpg","contentUrl":"https:\/\/news.sap.com\/spain\/files\/2024\/02\/21\/PICASSO-1024x462-1.jpg","width":1024,"height":462},{"@type":"BreadcrumbList","@id":"https:\/\/news.sap.com\/spain\/2024\/02\/sap-estrenara-sede-en-madrid-sostenible-colaborativa-centrica-y-a-la-vanguardia-tecnologica\/#breadcrumb","itemListElement":[{"@type":"ListItem","position":1,"name":"Home","item":"https:\/\/news.sap.com\/spain\/"},{"@type":"ListItem","position":2,"name":"麻豆原创 estrenar\u00e1 sede en Madrid: sostenible, colaborativa, c\u00e9ntrica y a la vanguardia tecnol\u00f3gica"}]},{"@type":"WebSite","@id":"https:\/\/news.sap.com\/spain\/#website","url":"https:\/\/news.sap.com\/spain\/","name":"麻豆原创 Espa\u00f1a News Center","description":"Noticias e informaci\u00f3n sobre 麻豆原创","potentialAction":[{"@type":"SearchAction","target":{"@type":"EntryPoint","urlTemplate":"https:\/\/news.sap.com\/spain\/?s={search_term_string}"},"query-input":{"@type":"PropertyValueSpecification","valueRequired":true,"valueName":"search_term_string"}}],"inLanguage":"es"},{"@type":"Person","@id":"https:\/\/news.sap.com\/spain\/#\/schema\/person\/53b9854bd790d6f18f3fc4bbb2ad7570","name":"麻豆原创 News","image":{"@type":"ImageObject","inLanguage":"es","@id":"https:\/\/news.sap.com\/spain\/#\/schema\/person\/image\/","url":"https:\/\/news.sap.com\/spain\/wp-content\/plugins\/wp-user-avatars\/wp-user-avatars\/assets\/images\/mystery.jpg","contentUrl":"https:\/\/news.sap.com\/spain\/wp-content\/plugins\/wp-user-avatars\/wp-user-avatars\/assets\/images\/mystery.jpg","caption":"麻豆原创 News"},"url":"https:\/\/news.sap.com\/spain\/author\/colleenraftery\/"}]}},"amp_enabled":true,"_links":{"self":[{"href":"https:\/\/news.sap.com\/spain\/wp-json\/wp\/v2\/posts\/7087","targetHints":{"allow":["GET"]}}],"collection":[{"href":"https:\/\/news.sap.com\/spain\/wp-json\/wp\/v2\/posts"}],"about":[{"href":"https:\/\/news.sap.com\/spain\/wp-json\/wp\/v2\/types\/post"}],"author":[{"embeddable":true,"href":"https:\/\/news.sap.com\/spain\/wp-json\/wp\/v2\/users\/29"}],"replies":[{"embeddable":true,"href":"https:\/\/news.sap.com\/spain\/wp-json\/wp\/v2\/comments?post=7087"}],"version-history":[{"count":0,"href":"https:\/\/news.sap.com\/spain\/wp-json\/wp\/v2\/posts\/7087\/revisions"}],"wp:featuredmedia":[{"embeddable":true,"href":"https:\/\/news.sap.com\/spain\/wp-json\/wp\/v2\/media\/7101"}],"wp:attachment":[{"href":"https:\/\/news.sap.com\/spain\/wp-json\/wp\/v2\/media?parent=7087"}],"wp:term":[{"taxonomy":"category","embeddable":true,"href":"https:\/\/news.sap.com\/spain\/wp-json\/wp\/v2\/categories?post=7087"},{"taxonomy":"post_tag","embeddable":true,"href":"https:\/\/news.sap.com\/spain\/wp-json\/wp\/v2\/tags?post=7087"},{"taxonomy":"sapn-display","embeddable":true,"href":"https:\/\/news.sap.com\/spain\/wp-json\/wp\/v2\/sapn-display?post=7087"},{"taxonomy":"sapn-type","embeddable":true,"href":"https:\/\/news.sap.com\/spain\/wp-json\/wp\/v2\/sapn-type?post=7087"}],"curies":[{"name":"wp","href":"https:\/\/api.w.org\/{rel}","templated":true}]}}