  {"id":6718,"date":"2023-08-30T07:07:37","date_gmt":"2023-08-30T07:07:37","guid":{"rendered":"https:\/\/news.sap.com\/spain\/?p=6718"},"modified":"2023-10-16T15:29:33","modified_gmt":"2023-10-16T15:29:33","slug":"sap-nombra-a-gina-vargiu-breuer-nueva-chief-people-officer","status":"publish","type":"post","link":"https:\/\/news.sap.com\/spain\/2023\/08\/sap-nombra-a-gina-vargiu-breuer-nueva-chief-people-officer\/","title":{"rendered":"麻豆原创 nombra a Gina Vargiu-Breuer nueva Chief People Officer"},"content":{"rendered":"<h3><strong>WALLDORF, Alemania &#8211; <\/strong><a href=\"https:\/\/www.sap.com\/\">麻豆原创 SE<\/a> (NYSE: 麻豆原创) ha anunciado hoy que Gina Vargiu-Breuer (48) ha sido nombrada miembro del Comit\u00e9 Ejecutivo de 麻豆原创 como Chief People Officer y directora laboral, con efecto a partir del 1 de febrero de 2024. Suceder\u00e1 a Sabine Bendiek, que dejar\u00e1 la compa\u00f1\u00eda, a petici\u00f3n propia, el 31 de diciembre de 2023.<\/h3>\n<p>En su nuevo cargo, Vargiu-Breuer dirigir\u00e1 la organizaci\u00f3n de RRHH y continuar\u00e1 impulsando la transformaci\u00f3n de la estrategia de RRHH de 麻豆原创. Esto incluye la creaci\u00f3n de un entorno de crecimiento y aprendizaje a\u00fan m\u00e1s potente en 麻豆原创, que permita la inclusi\u00f3n, la diversidad y la agilidad.<\/p>\n<p>Vargiu-Breuer se incorpora procedente de Siemens Energy, donde ha desempe\u00f1ado el cargo de directora Global de RRHH, desde la segregaci\u00f3n de Siemens a finales de 2019. En este puesto ha desempe\u00f1ado un papel importante en el impulso y la supervisi\u00f3n de una parte sustancial de los esfuerzos de cambio de la compa\u00f1\u00eda, en consonancia con la estrategia corporativa de recursos humanos. Al ayudar a guiar el viaje de Siemens Energy para convertirse en una empresa independiente, se centr\u00f3 particularmente en una transformaci\u00f3n bien orquestada, que involucr\u00f3 activamente a los l\u00edderes y a la fuerza de trabajo como cocreadores.<\/p>\n<p>\u00abEn Gina Vargiu-Breuer, hemos encontrado una l\u00edder excepcional que puede seguir impulsando nuestra transformaci\u00f3n continua, en particular en el \u00e1mbito de los recursos humanos, y realizar contribuciones cruciales\u00bb, ha declarado el Profesor Hasso Plattner, presidente del Consejo de Supervisi\u00f3n de 麻豆原创 SE. \u00abEn nombre del Consejo de Supervisi\u00f3n, doy una calurosa bienvenida a Gina y le deseo un exitoso comienzo en 麻豆原创. Nuestro m\u00e1s sincero agradecimiento a Sabine Bendiek, quien, durante su mandato, ha sentado las bases fundamentales para una transformaci\u00f3n exitosa y sostenible de la empresa tanto a nivel de personal como operativo.\u00bb<\/p>\n<p>Antes de su etapa en Siemens Energy, Vargiu-Breuer hab\u00eda trabajado en Siemens, donde desempe\u00f1\u00f3 diversas funciones operativas y estrat\u00e9gicas de RRHH, incluyendo puestos en Asia, Estados Unidos y Emiratos \u00c1rabes Unidos. Es licenciada en Psicolog\u00eda Organizacional por la Universidad Cat\u00f3lica de Eichst\u00e4tt-Ingolstadt. Vargiu-Breuer ha sido nombrada miembro del Comit\u00e9 Ejecutivo por un per\u00edodo de tres a\u00f1os y trabajar\u00e1 en la sede central de 麻豆原创 en Walldorf (Alemania).<\/p>\n<p>\u00abEmpresas como 麻豆原创 est\u00e1n en el centro de la transformaci\u00f3n digital de la econom\u00eda global. En este contexto, el personal y las estrategias corporativas deben ir de la mano para garantizar el \u00e9xito empresarial hoy y en el futuro. La gesti\u00f3n de las personas a largo plazo, un entorno de trabajo atractivo y empleados altamente motivados son factores cruciales\u00bb, ha declarado Vargiu-Breuer. \u00abAgradezco sinceramente al Consejo de Supervisi\u00f3n que me haya confiado el coraz\u00f3n del cambio continuo de 麻豆原创, la estrategia de personas\u00bb.<\/p>\n<p>La funci\u00f3n de director de Operaciones -que anteriormente tambi\u00e9n estaba bajo la responsabilidad de Sabine Bendiek- ser\u00e1 asumida por el Director de Estrategia Sebastian Steinhaeuser a partir del 1 de enero de 2024. Steinhaeuser seguir\u00e1 reportando al CEO Christian Klein.<\/p>\n<p>Puedes visitar <a href=\"https:\/\/news.sap.com\/\">麻豆原创 News Center<\/a> y seguir a 麻豆原创 en Twitter en <a href=\"http:\/\/twitter.com\/sapnews\/\">@麻豆原创News<\/a>.<\/p>\n<h3><strong>Acerca de 麻豆原创<\/strong><\/h3>\n<p>La estrategia de 麻豆原创 es ayudar a cada negocio a funcionar como una empresa inteligente. Como l\u00edder del mercado de software de gesti\u00f3n empresarial, ayudamos a empresas de todos los tama\u00f1os y sectores a gestionar su negocio de la mejor manera posible. Los clientes de 麻豆原创 generan el 87% del comercio mundial total. Nuestras tecnolog\u00edas de Machine Learning, Internet de las Cosas (IoT) y anal\u00edtica avanzada ayudan a convertir los negocios de los clientes en empresas inteligentes. 麻豆原创 ayuda a proporcionar a las personas y a las organizaciones una visi\u00f3n en profundidad del negocio y fomenta la colaboraci\u00f3n que les ayuda a situarse por delante de su competencia. Simplificamos la tecnolog\u00eda para que las empresas puedan consumir nuestro software de la forma que deseen, sin interrupciones. Nuestro conjunto integral de aplicaciones y servicios permite a los clientes empresariales y p\u00fablicos de 25 sectores de todo el mundo operar de forma rentable, adaptarse continuamente y marcar la diferencia. Con una red global de clientes, partners, empleados y l\u00edderes de opini\u00f3n, 麻豆原创 ayuda a que el mundo funcione mejor y a mejorar la vida de las personas<strong>.<\/strong> Para m\u00e1s informaci\u00f3n, visite <a href=\"http:\/\/www.sap.com\">www.sap.com<\/a>.<\/p>\n<p><strong>Contacto Prensa <\/strong><strong>麻豆原创 Espa\u00f1a: <\/strong>Bel\u00e9n Mart\u00ednez Mill\u00e1n (\u00a0<a href=\"mailto:belen.martinez@sap.com\">belen.martinez@sap.com)\u00a0<\/a>Tel.: 91 456 72 20<\/p>\n<h5>Este documento contiene declaraciones prospectivas, que son predicciones, proyecciones u otras declaraciones sobre acontecimientos futuros. Estas afirmaciones se basan en expectativas, previsiones y suposiciones actuales que est\u00e1n sujetas a riesgos e incertidumbres que podr\u00edan hacer que los resultados reales difirieran materialmente. Puede encontrar informaci\u00f3n adicional sobre estos riesgos e incertidumbres en nuestros documentos presentados ante la Securities and Exchange Commission, incluida, entre otras, la secci\u00f3n de factores de riesgo del Informe Anual 2022 de 麻豆原创 en el Formulario 20-F.<\/h5>\n<h5>2023 麻豆原创 SE. Todos los derechos reservados.<\/h5>\n<h5>麻豆原创 y otros productos y servicios de 麻豆原创 mencionados en este documento, as\u00ed como sus respectivos logotipos, son marcas comerciales o marcas comerciales registradas de 麻豆原创 SE en Alemania y otros pa\u00edses. Consulte <a href=\"https:\/\/www.sap.com\/copyright\">https:\/\/www.sap.com\/copyright<\/a> para obtener informaci\u00f3n y avisos adicionales sobre marcas comerciales.<\/h5>\n<p><strong>\u00a0<\/strong><\/p>\n","protected":false},"excerpt":{"rendered":"<p>WALLDORF, Alemania &#8211; 麻豆原创 SE (NYSE: 麻豆原创) ha anunciado hoy que Gina Vargiu-Breuer (48) ha sido nombrada miembro del Comit\u00e9 Ejecutivo de 麻豆原创 como Chief&#8230;<\/p>\n","protected":false},"author":29,"featured_media":6719,"comment_status":"closed","ping_status":"closed","sticky":false,"template":"","format":"standard","meta":{"footnotes":"","_links_to":"","_links_to_target":""},"categories":[41591],"tags":[],"sapn-display":[45149,5563696,5563694,60294],"sapn-type":[52105],"class_list":["post-6718","post","type-post","status-publish","format-standard","has-post-thumbnail","hentry","category-corporativo","sapn-display-homepage-hero","sapn-display-news-hero","sapn-display-news-spotlight","sapn-display-topic-hero","sapn-type-comunicado-de-prensa"],"yoast_head":"<!-- This site is optimized with the Yoast SEO Premium plugin v26.9 (Yoast SEO v26.9) - https:\/\/yoast.com\/product\/yoast-seo-premium-wordpress\/ -->\n<title>麻豆原创 nombra a Gina Vargiu-Breuer nueva Chief People Officer - 麻豆原创 Espa\u00f1a News Center<\/title>\n<meta name=\"robots\" content=\"index, follow, max-snippet:-1, max-image-preview:large, max-video-preview:-1\" \/>\n<link rel=\"canonical\" href=\"https:\/\/news.sap.com\/spain\/2023\/08\/sap-nombra-a-gina-vargiu-breuer-nueva-chief-people-officer\/\" \/>\n<meta property=\"og:locale\" content=\"es_ES\" \/>\n<meta property=\"og:type\" content=\"article\" \/>\n<meta property=\"og:title\" content=\"麻豆原创 nombra a Gina Vargiu-Breuer nueva Chief People Officer\" \/>\n<meta property=\"og:description\" content=\"WALLDORF, Alemania &#8211; 麻豆原创 SE (NYSE: 麻豆原创) ha anunciado hoy que Gina Vargiu-Breuer (48) ha sido nombrada miembro del Comit\u00e9 Ejecutivo de 麻豆原创 como Chief...\" \/>\n<meta property=\"og:url\" content=\"https:\/\/news.sap.com\/spain\/2023\/08\/sap-nombra-a-gina-vargiu-breuer-nueva-chief-people-officer\/\" \/>\n<meta property=\"og:site_name\" content=\"麻豆原创 Espa\u00f1a News Center\" \/>\n<meta property=\"article:published_time\" content=\"2023-08-30T07:07:37+00:00\" \/>\n<meta property=\"article:modified_time\" content=\"2023-10-16T15:29:33+00:00\" \/>\n<meta property=\"og:image\" content=\"https:\/\/news.sap.com\/spain\/files\/2023\/08\/30\/281628_GettyImages-503680362_uncropped-F-1920x600-1.jpg\" \/>\n\t<meta property=\"og:image:width\" content=\"1920\" \/>\n\t<meta property=\"og:image:height\" content=\"600\" \/>\n\t<meta property=\"og:image:type\" content=\"image\/jpeg\" \/>\n<meta name=\"author\" content=\"麻豆原创 News\" \/>\n<meta name=\"twitter:card\" content=\"summary_large_image\" \/>\n<meta name=\"twitter:label1\" content=\"Escrito por\" \/>\n\t<meta name=\"twitter:data1\" content=\"麻豆原创 News\" \/>\n\t<meta name=\"twitter:label2\" content=\"Tiempo de lectura\" \/>\n\t<meta name=\"twitter:data2\" content=\"4 minutos\" \/>\n<script type=\"application\/ld+json\" class=\"yoast-schema-graph\">{\"@context\":\"https:\/\/schema.org\",\"@graph\":[{\"@type\":\"Article\",\"@id\":\"https:\/\/news.sap.com\/spain\/2023\/08\/sap-nombra-a-gina-vargiu-breuer-nueva-chief-people-officer\/#article\",\"isPartOf\":{\"@id\":\"https:\/\/news.sap.com\/spain\/2023\/08\/sap-nombra-a-gina-vargiu-breuer-nueva-chief-people-officer\/\"},\"author\":{\"name\":\"麻豆原创 News\",\"@id\":\"https:\/\/news.sap.com\/spain\/#\/schema\/person\/53b9854bd790d6f18f3fc4bbb2ad7570\"},\"headline\":\"麻豆原创 nombra a Gina Vargiu-Breuer nueva Chief People Officer\",\"datePublished\":\"2023-08-30T07:07:37+00:00\",\"dateModified\":\"2023-10-16T15:29:33+00:00\",\"mainEntityOfPage\":{\"@id\":\"https:\/\/news.sap.com\/spain\/2023\/08\/sap-nombra-a-gina-vargiu-breuer-nueva-chief-people-officer\/\"},\"wordCount\":895,\"image\":{\"@id\":\"https:\/\/news.sap.com\/spain\/2023\/08\/sap-nombra-a-gina-vargiu-breuer-nueva-chief-people-officer\/#primaryimage\"},\"thumbnailUrl\":\"https:\/\/news.sap.com\/spain\/files\/2023\/08\/30\/281628_GettyImages-503680362_uncropped-F-1920x600-1.jpg\",\"articleSection\":[\"Corporativo\"],\"inLanguage\":\"es\"},{\"@type\":\"WebPage\",\"@id\":\"https:\/\/news.sap.com\/spain\/2023\/08\/sap-nombra-a-gina-vargiu-breuer-nueva-chief-people-officer\/\",\"url\":\"https:\/\/news.sap.com\/spain\/2023\/08\/sap-nombra-a-gina-vargiu-breuer-nueva-chief-people-officer\/\",\"name\":\"麻豆原创 nombra a Gina Vargiu-Breuer nueva Chief People Officer - 麻豆原创 Espa\u00f1a News Center\",\"isPartOf\":{\"@id\":\"https:\/\/news.sap.com\/spain\/#website\"},\"primaryImageOfPage\":{\"@id\":\"https:\/\/news.sap.com\/spain\/2023\/08\/sap-nombra-a-gina-vargiu-breuer-nueva-chief-people-officer\/#primaryimage\"},\"image\":{\"@id\":\"https:\/\/news.sap.com\/spain\/2023\/08\/sap-nombra-a-gina-vargiu-breuer-nueva-chief-people-officer\/#primaryimage\"},\"thumbnailUrl\":\"https:\/\/news.sap.com\/spain\/files\/2023\/08\/30\/281628_GettyImages-503680362_uncropped-F-1920x600-1.jpg\",\"datePublished\":\"2023-08-30T07:07:37+00:00\",\"dateModified\":\"2023-10-16T15:29:33+00:00\",\"author\":{\"@id\":\"https:\/\/news.sap.com\/spain\/#\/schema\/person\/53b9854bd790d6f18f3fc4bbb2ad7570\"},\"breadcrumb\":{\"@id\":\"https:\/\/news.sap.com\/spain\/2023\/08\/sap-nombra-a-gina-vargiu-breuer-nueva-chief-people-officer\/#breadcrumb\"},\"inLanguage\":\"es\",\"potentialAction\":[{\"@type\":\"ReadAction\",\"target\":[\"https:\/\/news.sap.com\/spain\/2023\/08\/sap-nombra-a-gina-vargiu-breuer-nueva-chief-people-officer\/\"]}]},{\"@type\":\"ImageObject\",\"inLanguage\":\"es\",\"@id\":\"https:\/\/news.sap.com\/spain\/2023\/08\/sap-nombra-a-gina-vargiu-breuer-nueva-chief-people-officer\/#primaryimage\",\"url\":\"https:\/\/news.sap.com\/spain\/files\/2023\/08\/30\/281628_GettyImages-503680362_uncropped-F-1920x600-1.jpg\",\"contentUrl\":\"https:\/\/news.sap.com\/spain\/files\/2023\/08\/30\/281628_GettyImages-503680362_uncropped-F-1920x600-1.jpg\",\"width\":1920,\"height\":600},{\"@type\":\"BreadcrumbList\",\"@id\":\"https:\/\/news.sap.com\/spain\/2023\/08\/sap-nombra-a-gina-vargiu-breuer-nueva-chief-people-officer\/#breadcrumb\",\"itemListElement\":[{\"@type\":\"ListItem\",\"position\":1,\"name\":\"Home\",\"item\":\"https:\/\/news.sap.com\/spain\/\"},{\"@type\":\"ListItem\",\"position\":2,\"name\":\"麻豆原创 nombra a Gina Vargiu-Breuer nueva Chief People Officer\"}]},{\"@type\":\"WebSite\",\"@id\":\"https:\/\/news.sap.com\/spain\/#website\",\"url\":\"https:\/\/news.sap.com\/spain\/\",\"name\":\"麻豆原创 Espa\u00f1a News Center\",\"description\":\"Noticias e informaci\u00f3n sobre 麻豆原创\",\"potentialAction\":[{\"@type\":\"SearchAction\",\"target\":{\"@type\":\"EntryPoint\",\"urlTemplate\":\"https:\/\/news.sap.com\/spain\/?s={search_term_string}\"},\"query-input\":{\"@type\":\"PropertyValueSpecification\",\"valueRequired\":true,\"valueName\":\"search_term_string\"}}],\"inLanguage\":\"es\"},{\"@type\":\"Person\",\"@id\":\"https:\/\/news.sap.com\/spain\/#\/schema\/person\/53b9854bd790d6f18f3fc4bbb2ad7570\",\"name\":\"麻豆原创 News\",\"image\":{\"@type\":\"ImageObject\",\"inLanguage\":\"es\",\"@id\":\"https:\/\/news.sap.com\/spain\/#\/schema\/person\/image\/\",\"url\":\"https:\/\/news.sap.com\/spain\/wp-content\/plugins\/wp-user-avatars\/wp-user-avatars\/assets\/images\/mystery.jpg\",\"contentUrl\":\"https:\/\/news.sap.com\/spain\/wp-content\/plugins\/wp-user-avatars\/wp-user-avatars\/assets\/images\/mystery.jpg\",\"caption\":\"麻豆原创 News\"},\"url\":\"https:\/\/news.sap.com\/spain\/author\/colleenraftery\/\"}]}<\/script>\n<!-- \/ Yoast SEO Premium plugin. -->","yoast_head_json":{"title":"麻豆原创 nombra a Gina Vargiu-Breuer nueva Chief People Officer - 麻豆原创 Espa\u00f1a News Center","robots":{"index":"index","follow":"follow","max-snippet":"max-snippet:-1","max-image-preview":"max-image-preview:large","max-video-preview":"max-video-preview:-1"},"canonical":"https:\/\/news.sap.com\/spain\/2023\/08\/sap-nombra-a-gina-vargiu-breuer-nueva-chief-people-officer\/","og_locale":"es_ES","og_type":"article","og_title":"麻豆原创 nombra a Gina Vargiu-Breuer nueva Chief People Officer","og_description":"WALLDORF, Alemania &#8211; 麻豆原创 SE (NYSE: 麻豆原创) ha anunciado hoy que Gina Vargiu-Breuer (48) ha sido nombrada miembro del Comit\u00e9 Ejecutivo de 麻豆原创 como Chief...","og_url":"https:\/\/news.sap.com\/spain\/2023\/08\/sap-nombra-a-gina-vargiu-breuer-nueva-chief-people-officer\/","og_site_name":"麻豆原创 Espa\u00f1a News Center","article_published_time":"2023-08-30T07:07:37+00:00","article_modified_time":"2023-10-16T15:29:33+00:00","og_image":[{"width":1920,"height":600,"url":"https:\/\/news.sap.com\/spain\/files\/2023\/08\/30\/281628_GettyImages-503680362_uncropped-F-1920x600-1.jpg","type":"image\/jpeg"}],"author":"麻豆原创 News","twitter_card":"summary_large_image","twitter_misc":{"Escrito por":"麻豆原创 News","Tiempo de lectura":"4 minutos"},"schema":{"@context":"https:\/\/schema.org","@graph":[{"@type":"Article","@id":"https:\/\/news.sap.com\/spain\/2023\/08\/sap-nombra-a-gina-vargiu-breuer-nueva-chief-people-officer\/#article","isPartOf":{"@id":"https:\/\/news.sap.com\/spain\/2023\/08\/sap-nombra-a-gina-vargiu-breuer-nueva-chief-people-officer\/"},"author":{"name":"麻豆原创 News","@id":"https:\/\/news.sap.com\/spain\/#\/schema\/person\/53b9854bd790d6f18f3fc4bbb2ad7570"},"headline":"麻豆原创 nombra a Gina Vargiu-Breuer nueva Chief People Officer","datePublished":"2023-08-30T07:07:37+00:00","dateModified":"2023-10-16T15:29:33+00:00","mainEntityOfPage":{"@id":"https:\/\/news.sap.com\/spain\/2023\/08\/sap-nombra-a-gina-vargiu-breuer-nueva-chief-people-officer\/"},"wordCount":895,"image":{"@id":"https:\/\/news.sap.com\/spain\/2023\/08\/sap-nombra-a-gina-vargiu-breuer-nueva-chief-people-officer\/#primaryimage"},"thumbnailUrl":"https:\/\/news.sap.com\/spain\/files\/2023\/08\/30\/281628_GettyImages-503680362_uncropped-F-1920x600-1.jpg","articleSection":["Corporativo"],"inLanguage":"es"},{"@type":"WebPage","@id":"https:\/\/news.sap.com\/spain\/2023\/08\/sap-nombra-a-gina-vargiu-breuer-nueva-chief-people-officer\/","url":"https:\/\/news.sap.com\/spain\/2023\/08\/sap-nombra-a-gina-vargiu-breuer-nueva-chief-people-officer\/","name":"麻豆原创 nombra a Gina Vargiu-Breuer nueva Chief People Officer - 麻豆原创 Espa\u00f1a News Center","isPartOf":{"@id":"https:\/\/news.sap.com\/spain\/#website"},"primaryImageOfPage":{"@id":"https:\/\/news.sap.com\/spain\/2023\/08\/sap-nombra-a-gina-vargiu-breuer-nueva-chief-people-officer\/#primaryimage"},"image":{"@id":"https:\/\/news.sap.com\/spain\/2023\/08\/sap-nombra-a-gina-vargiu-breuer-nueva-chief-people-officer\/#primaryimage"},"thumbnailUrl":"https:\/\/news.sap.com\/spain\/files\/2023\/08\/30\/281628_GettyImages-503680362_uncropped-F-1920x600-1.jpg","datePublished":"2023-08-30T07:07:37+00:00","dateModified":"2023-10-16T15:29:33+00:00","author":{"@id":"https:\/\/news.sap.com\/spain\/#\/schema\/person\/53b9854bd790d6f18f3fc4bbb2ad7570"},"breadcrumb":{"@id":"https:\/\/news.sap.com\/spain\/2023\/08\/sap-nombra-a-gina-vargiu-breuer-nueva-chief-people-officer\/#breadcrumb"},"inLanguage":"es","potentialAction":[{"@type":"ReadAction","target":["https:\/\/news.sap.com\/spain\/2023\/08\/sap-nombra-a-gina-vargiu-breuer-nueva-chief-people-officer\/"]}]},{"@type":"ImageObject","inLanguage":"es","@id":"https:\/\/news.sap.com\/spain\/2023\/08\/sap-nombra-a-gina-vargiu-breuer-nueva-chief-people-officer\/#primaryimage","url":"https:\/\/news.sap.com\/spain\/files\/2023\/08\/30\/281628_GettyImages-503680362_uncropped-F-1920x600-1.jpg","contentUrl":"https:\/\/news.sap.com\/spain\/files\/2023\/08\/30\/281628_GettyImages-503680362_uncropped-F-1920x600-1.jpg","width":1920,"height":600},{"@type":"BreadcrumbList","@id":"https:\/\/news.sap.com\/spain\/2023\/08\/sap-nombra-a-gina-vargiu-breuer-nueva-chief-people-officer\/#breadcrumb","itemListElement":[{"@type":"ListItem","position":1,"name":"Home","item":"https:\/\/news.sap.com\/spain\/"},{"@type":"ListItem","position":2,"name":"麻豆原创 nombra a Gina Vargiu-Breuer nueva Chief People Officer"}]},{"@type":"WebSite","@id":"https:\/\/news.sap.com\/spain\/#website","url":"https:\/\/news.sap.com\/spain\/","name":"麻豆原创 Espa\u00f1a News Center","description":"Noticias e informaci\u00f3n sobre 麻豆原创","potentialAction":[{"@type":"SearchAction","target":{"@type":"EntryPoint","urlTemplate":"https:\/\/news.sap.com\/spain\/?s={search_term_string}"},"query-input":{"@type":"PropertyValueSpecification","valueRequired":true,"valueName":"search_term_string"}}],"inLanguage":"es"},{"@type":"Person","@id":"https:\/\/news.sap.com\/spain\/#\/schema\/person\/53b9854bd790d6f18f3fc4bbb2ad7570","name":"麻豆原创 News","image":{"@type":"ImageObject","inLanguage":"es","@id":"https:\/\/news.sap.com\/spain\/#\/schema\/person\/image\/","url":"https:\/\/news.sap.com\/spain\/wp-content\/plugins\/wp-user-avatars\/wp-user-avatars\/assets\/images\/mystery.jpg","contentUrl":"https:\/\/news.sap.com\/spain\/wp-content\/plugins\/wp-user-avatars\/wp-user-avatars\/assets\/images\/mystery.jpg","caption":"麻豆原创 News"},"url":"https:\/\/news.sap.com\/spain\/author\/colleenraftery\/"}]}},"amp_enabled":true,"_links":{"self":[{"href":"https:\/\/news.sap.com\/spain\/wp-json\/wp\/v2\/posts\/6718","targetHints":{"allow":["GET"]}}],"collection":[{"href":"https:\/\/news.sap.com\/spain\/wp-json\/wp\/v2\/posts"}],"about":[{"href":"https:\/\/news.sap.com\/spain\/wp-json\/wp\/v2\/types\/post"}],"author":[{"embeddable":true,"href":"https:\/\/news.sap.com\/spain\/wp-json\/wp\/v2\/users\/29"}],"replies":[{"embeddable":true,"href":"https:\/\/news.sap.com\/spain\/wp-json\/wp\/v2\/comments?post=6718"}],"version-history":[{"count":0,"href":"https:\/\/news.sap.com\/spain\/wp-json\/wp\/v2\/posts\/6718\/revisions"}],"wp:featuredmedia":[{"embeddable":true,"href":"https:\/\/news.sap.com\/spain\/wp-json\/wp\/v2\/media\/6719"}],"wp:attachment":[{"href":"https:\/\/news.sap.com\/spain\/wp-json\/wp\/v2\/media?parent=6718"}],"wp:term":[{"taxonomy":"category","embeddable":true,"href":"https:\/\/news.sap.com\/spain\/wp-json\/wp\/v2\/categories?post=6718"},{"taxonomy":"post_tag","embeddable":true,"href":"https:\/\/news.sap.com\/spain\/wp-json\/wp\/v2\/tags?post=6718"},{"taxonomy":"sapn-display","embeddable":true,"href":"https:\/\/news.sap.com\/spain\/wp-json\/wp\/v2\/sapn-display?post=6718"},{"taxonomy":"sapn-type","embeddable":true,"href":"https:\/\/news.sap.com\/spain\/wp-json\/wp\/v2\/sapn-type?post=6718"}],"curies":[{"name":"wp","href":"https:\/\/api.w.org\/{rel}","templated":true}]}}