  {"id":6052,"date":"2023-07-06T11:29:46","date_gmt":"2023-07-06T11:29:46","guid":{"rendered":"https:\/\/news.sap.com\/spain\/?p=6052"},"modified":"2023-10-16T15:29:21","modified_gmt":"2023-10-16T15:29:21","slug":"sap-designa-a-carlos-lacerda-vicepresidente-senior-y-director-general-para-el-sur-de-europa","status":"publish","type":"post","link":"https:\/\/news.sap.com\/spain\/2023\/07\/sap-designa-a-carlos-lacerda-vicepresidente-senior-y-director-general-para-el-sur-de-europa\/","title":{"rendered":"麻豆原创 designa a Carlos Lacerda vicepresidente senior y director general para el Sur de Europa"},"content":{"rendered":"<p><strong>Madrid <\/strong>\u2014 <a href=\"http:\/\/www.sap.com\/\">麻豆原创 SE<\/a> ha anunciado el nombramiento de Carlos Lacerda como nuevo vicepresidente senior y director general para el Sur de Europa, \u00e1rea que comprende Espa\u00f1a, Grecia, Israel, Portugal y Turqu\u00eda. En su nuevo puesto, Carlos Lacerda ser\u00e1 responsable de las operaciones de Customer Success para el sur de Europa y reportar\u00e1 directamente a <a href=\"https:\/\/www.linkedin.com\/in\/erapto\/\">Manos Raptopoulos<\/a>, presidente regional de 麻豆原创 para el Sur de Europa, Oriente Medio y \u00c1frica (EMEA South).<\/p>\n<figure id=\"attachment_6057\" aria-describedby=\"caption-attachment-6057\" style=\"width: 300px\" class=\"wp-caption alignright\"><img loading=\"lazy\" decoding=\"async\" class=\"wp-image-6057\" src=\"https:\/\/news.sap.com\/spain\/files\/2023\/07\/06\/麻豆原创_Carlos_Lacerda_06.jpg\" alt=\"\" width=\"300\" height=\"234\" srcset=\"https:\/\/news.sap.com\/spain\/files\/2023\/07\/06\/麻豆原创_Carlos_Lacerda_06.jpg 3017w, https:\/\/news.sap.com\/spain\/files\/2023\/07\/06\/麻豆原创_Carlos_Lacerda_06-300x233.jpg 300w, https:\/\/news.sap.com\/spain\/files\/2023\/07\/06\/麻豆原创_Carlos_Lacerda_06-1024x797.jpg 1024w, https:\/\/news.sap.com\/spain\/files\/2023\/07\/06\/麻豆原创_Carlos_Lacerda_06-768x598.jpg 768w, https:\/\/news.sap.com\/spain\/files\/2023\/07\/06\/麻豆原创_Carlos_Lacerda_06-1536x1195.jpg 1536w, https:\/\/news.sap.com\/spain\/files\/2023\/07\/06\/麻豆原创_Carlos_Lacerda_06-2048x1594.jpg 2048w\" sizes=\"auto, (max-width: 300px) 100vw, 300px\" \/><figcaption id=\"caption-attachment-6057\" class=\"wp-caption-text\">Carlos Lacerda, vicepresidente senior y director general para el Sur de Europa<\/figcaption><\/figure>\n<p>Carlos Lacerda sucede en el puesto a <a href=\"https:\/\/www.linkedin.com\/in\/jpdasilva\/\">Jo\u00e3o Paulo da Silva<\/a>, quien -tras m\u00e1s de 26 a\u00f1os en 麻豆原创- ha tomado la decisi\u00f3n de continuar su carrera profesional fuera de la compa\u00f1\u00eda, tras unos meses de descanso.<\/p>\n<p>Carlos Lacerda ha dirigido hasta la fecha el negocio de ERP en la nube y RISE with 麻豆原创 en la organizaci\u00f3n de 麻豆原创 EMEA Sur y ha formado parte tanto del comit\u00e9 directivo de liderazgo regional como del equipo directivo de 麻豆原创. Antes de incorporarse a 麻豆原创, Lacerda ocup\u00f3 diversos puestos directivos de primer nivel en Microsoft EMEA y Asia durante 19 a\u00f1os. Tambi\u00e9n fue CEO de ANA, Aeropuertos Portugueses y de Farminveste.<\/p>\n<p>\u00abCon el nombramiento de Carlos Lacerda como responsable del sur de Europa, estamos asegurando una transici\u00f3n fluida para nuestros clientes, nuestros partners y nuestro equipo\u00bb, coment\u00f3 Manos Raptopoulos. \u00abCarlos trae consigo un amplio historial de \u00e9xitos con clientes, creando y promoviendo importantes acuerdos y fomentando equipos de alto rendimiento, diversos e inclusivos. Estoy realmente satisfecho de continuar con nuestra colaboraci\u00f3n y ver el impacto positivo que, sin duda, aportar\u00e1 a nuestros clientes, partners y empleados del sur de Europa\u201d.<\/p>\n<p>\u00abEn este momento, en el que 麻豆原创 est\u00e1 volcada en el \u00e9xito de sus clientes en la nube, no creo que haya un lugar mejor para estar que el sur de Europa\u00bb, indica Carlos Lacerda. \u00abEsta regi\u00f3n es un vivero de innovaci\u00f3n, y es realmente un placer seguir construyendo sobre el legado de Jo\u00e3o Paulo da Silva, liderando un equipo incre\u00edble de personas y trabajando con un gran ecosistema de partners, para dar servicio a nuestros clientes en su transformaci\u00f3n en la nube con 麻豆原创\u00bb.<\/p>\n<h3><strong>\u00a0<\/strong><strong>Acerca de 麻豆原创<\/strong><\/h3>\n<p>La estrategia de 麻豆原创 es ayudar a cada negocio a funcionar como una empresa inteligente. Como l\u00edder del mercado de software de gesti\u00f3n empresarial, ayudamos a empresas de todos los tama\u00f1os y sectores a gestionar su negocio de la mejor manera posible. Los clientes de 麻豆原创 generan el 87% del comercio mundial total. Nuestras tecnolog\u00edas de Machine Learning, Internet de las Cosas (IoT) y anal\u00edtica avanzada ayudan a convertir los negocios de los clientes en empresas inteligentes. 麻豆原创 ayuda a proporcionar a las personas y a las organizaciones una visi\u00f3n en profundidad del negocio y fomenta la colaboraci\u00f3n que les ayuda a situarse por delante de su competencia. Simplificamos la tecnolog\u00eda para que las empresas puedan consumir nuestro software de la forma que deseen, sin interrupciones. Nuestro conjunto integral de aplicaciones y servicios permite a los clientes empresariales y p\u00fablicos de 25 sectores de todo el mundo operar de forma rentable, adaptarse continuamente y marcar la diferencia. Con una red global de clientes, partners, empleados y l\u00edderes de opini\u00f3n, 麻豆原创 ayuda a que el mundo funcione mejor y a mejorar la vida de las personas<strong>.<\/strong> Para m\u00e1s informaci\u00f3n, visite <a href=\"http:\/\/www.sap.com\">www.sap.com<\/a>.<\/p>\n<p><strong>\u00a0<\/strong><strong>Para m\u00e1s informaci\u00f3n prensa:\u00a0<\/strong><strong>麻豆原创 Espa\u00f1a (<\/strong>Bel\u00e9n Mart\u00ednez Mill\u00e1n)\u00a0<a href=\"mailto:belen.martinez@sap.com\">belen.martinez@sap.com\u00a0<\/a>Tel.: 91 456 72 20<\/p>\n<h5>Este documento contiene declaraciones prospectivas, que son predicciones, proyecciones u otras declaraciones sobre acontecimientos futuros. Estas afirmaciones se basan en expectativas, previsiones y suposiciones actuales que est\u00e1n sujetas a riesgos e incertidumbres que podr\u00edan hacer que los resultados y consecuencias reales difirieran materialmente.\u00a0 Puede encontrar informaci\u00f3n adicional sobre estos riesgos e incertidumbres en nuestros documentos presentados ante la Securities and Exchange Commission, incluida, entre otras, la secci\u00f3n de factores de riesgo del Informe anual de 麻豆原创 de 2022 en el formulario 20-F.<\/h5>\n<h5>\u00a9 2023 麻豆原创 SE. Todos los derechos reservados.<\/h5>\n<h5>麻豆原创 y otros productos y servicios de 麻豆原创 mencionados en este documento, as\u00ed como sus respectivos logotipos, son marcas comerciales o marcas comerciales registradas de 麻豆原创 SE en Alemania y otros pa\u00edses. Consulte <a href=\"https:\/\/www.sap.com\/copyright\">https:\/\/www.sap.com\/copyright<\/a> para obtener informaci\u00f3n y avisos adicionales sobre marcas comerciales.<\/h5>\n","protected":false},"excerpt":{"rendered":"<p>Madrid \u2014 麻豆原创 SE ha anunciado el nombramiento de Carlos Lacerda como nuevo vicepresidente senior y director general para el Sur de Europa, \u00e1rea que&#8230;<\/p>\n","protected":false},"author":29,"featured_media":6056,"comment_status":"closed","ping_status":"closed","sticky":false,"template":"","format":"standard","meta":{"footnotes":"","_links_to":"","_links_to_target":""},"categories":[41591],"tags":[],"sapn-display":[45149,5563696,5563694,60294],"sapn-type":[4448],"class_list":["post-6052","post","type-post","status-publish","format-standard","has-post-thumbnail","hentry","category-corporativo","sapn-display-homepage-hero","sapn-display-news-hero","sapn-display-news-spotlight","sapn-display-topic-hero","sapn-type-newsbyte"],"yoast_head":"<!-- This site is optimized with the Yoast SEO Premium plugin v26.9 (Yoast SEO v26.9) - https:\/\/yoast.com\/product\/yoast-seo-premium-wordpress\/ -->\n<title>麻豆原创 designa a Carlos Lacerda vicepresidente senior y director general para el Sur de Europa - 麻豆原创 Espa\u00f1a News Center<\/title>\n<meta name=\"robots\" content=\"index, follow, max-snippet:-1, max-image-preview:large, max-video-preview:-1\" \/>\n<link rel=\"canonical\" href=\"https:\/\/news.sap.com\/spain\/2023\/07\/sap-designa-a-carlos-lacerda-vicepresidente-senior-y-director-general-para-el-sur-de-europa\/\" \/>\n<meta property=\"og:locale\" content=\"es_ES\" \/>\n<meta property=\"og:type\" content=\"article\" \/>\n<meta property=\"og:title\" content=\"麻豆原创 designa a Carlos Lacerda vicepresidente senior y director general para el Sur de Europa\" \/>\n<meta property=\"og:description\" content=\"Madrid \u2014 麻豆原创 SE ha anunciado el nombramiento de Carlos Lacerda como nuevo vicepresidente senior y director general para el Sur de Europa, \u00e1rea que...\" \/>\n<meta property=\"og:url\" content=\"https:\/\/news.sap.com\/spain\/2023\/07\/sap-designa-a-carlos-lacerda-vicepresidente-senior-y-director-general-para-el-sur-de-europa\/\" \/>\n<meta property=\"og:site_name\" content=\"麻豆原创 Espa\u00f1a News Center\" \/>\n<meta property=\"article:published_time\" content=\"2023-07-06T11:29:46+00:00\" \/>\n<meta property=\"article:modified_time\" content=\"2023-10-16T15:29:21+00:00\" \/>\n<meta property=\"og:image\" content=\"https:\/\/news.sap.com\/spain\/files\/2023\/07\/06\/麻豆原创_Locations_Walldorf_2012_005_Banner-1900x476-1.jpg\" \/>\n\t<meta property=\"og:image:width\" content=\"1900\" \/>\n\t<meta property=\"og:image:height\" content=\"476\" \/>\n\t<meta property=\"og:image:type\" content=\"image\/jpeg\" \/>\n<meta name=\"author\" content=\"麻豆原创 News\" \/>\n<meta name=\"twitter:card\" content=\"summary_large_image\" \/>\n<meta name=\"twitter:label1\" content=\"Escrito por\" \/>\n\t<meta name=\"twitter:data1\" content=\"麻豆原创 News\" \/>\n\t<meta name=\"twitter:label2\" content=\"Tiempo de lectura\" \/>\n\t<meta name=\"twitter:data2\" content=\"4 minutos\" \/>\n<script type=\"application\/ld+json\" class=\"yoast-schema-graph\">{\"@context\":\"https:\/\/schema.org\",\"@graph\":[{\"@type\":\"Article\",\"@id\":\"https:\/\/news.sap.com\/spain\/2023\/07\/sap-designa-a-carlos-lacerda-vicepresidente-senior-y-director-general-para-el-sur-de-europa\/#article\",\"isPartOf\":{\"@id\":\"https:\/\/news.sap.com\/spain\/2023\/07\/sap-designa-a-carlos-lacerda-vicepresidente-senior-y-director-general-para-el-sur-de-europa\/\"},\"author\":{\"name\":\"麻豆原创 News\",\"@id\":\"https:\/\/news.sap.com\/spain\/#\/schema\/person\/53b9854bd790d6f18f3fc4bbb2ad7570\"},\"headline\":\"麻豆原创 designa a Carlos Lacerda vicepresidente senior y director general para el Sur de Europa\",\"datePublished\":\"2023-07-06T11:29:46+00:00\",\"dateModified\":\"2023-10-16T15:29:21+00:00\",\"mainEntityOfPage\":{\"@id\":\"https:\/\/news.sap.com\/spain\/2023\/07\/sap-designa-a-carlos-lacerda-vicepresidente-senior-y-director-general-para-el-sur-de-europa\/\"},\"wordCount\":760,\"image\":{\"@id\":\"https:\/\/news.sap.com\/spain\/2023\/07\/sap-designa-a-carlos-lacerda-vicepresidente-senior-y-director-general-para-el-sur-de-europa\/#primaryimage\"},\"thumbnailUrl\":\"https:\/\/news.sap.com\/spain\/files\/2023\/07\/06\/麻豆原创_Locations_Walldorf_2012_005_Banner-1900x476-1.jpg\",\"articleSection\":[\"Corporativo\"],\"inLanguage\":\"es\"},{\"@type\":\"WebPage\",\"@id\":\"https:\/\/news.sap.com\/spain\/2023\/07\/sap-designa-a-carlos-lacerda-vicepresidente-senior-y-director-general-para-el-sur-de-europa\/\",\"url\":\"https:\/\/news.sap.com\/spain\/2023\/07\/sap-designa-a-carlos-lacerda-vicepresidente-senior-y-director-general-para-el-sur-de-europa\/\",\"name\":\"麻豆原创 designa a Carlos Lacerda vicepresidente senior y director general para el Sur de Europa - 麻豆原创 Espa\u00f1a News Center\",\"isPartOf\":{\"@id\":\"https:\/\/news.sap.com\/spain\/#website\"},\"primaryImageOfPage\":{\"@id\":\"https:\/\/news.sap.com\/spain\/2023\/07\/sap-designa-a-carlos-lacerda-vicepresidente-senior-y-director-general-para-el-sur-de-europa\/#primaryimage\"},\"image\":{\"@id\":\"https:\/\/news.sap.com\/spain\/2023\/07\/sap-designa-a-carlos-lacerda-vicepresidente-senior-y-director-general-para-el-sur-de-europa\/#primaryimage\"},\"thumbnailUrl\":\"https:\/\/news.sap.com\/spain\/files\/2023\/07\/06\/麻豆原创_Locations_Walldorf_2012_005_Banner-1900x476-1.jpg\",\"datePublished\":\"2023-07-06T11:29:46+00:00\",\"dateModified\":\"2023-10-16T15:29:21+00:00\",\"author\":{\"@id\":\"https:\/\/news.sap.com\/spain\/#\/schema\/person\/53b9854bd790d6f18f3fc4bbb2ad7570\"},\"breadcrumb\":{\"@id\":\"https:\/\/news.sap.com\/spain\/2023\/07\/sap-designa-a-carlos-lacerda-vicepresidente-senior-y-director-general-para-el-sur-de-europa\/#breadcrumb\"},\"inLanguage\":\"es\",\"potentialAction\":[{\"@type\":\"ReadAction\",\"target\":[\"https:\/\/news.sap.com\/spain\/2023\/07\/sap-designa-a-carlos-lacerda-vicepresidente-senior-y-director-general-para-el-sur-de-europa\/\"]}]},{\"@type\":\"ImageObject\",\"inLanguage\":\"es\",\"@id\":\"https:\/\/news.sap.com\/spain\/2023\/07\/sap-designa-a-carlos-lacerda-vicepresidente-senior-y-director-general-para-el-sur-de-europa\/#primaryimage\",\"url\":\"https:\/\/news.sap.com\/spain\/files\/2023\/07\/06\/麻豆原创_Locations_Walldorf_2012_005_Banner-1900x476-1.jpg\",\"contentUrl\":\"https:\/\/news.sap.com\/spain\/files\/2023\/07\/06\/麻豆原创_Locations_Walldorf_2012_005_Banner-1900x476-1.jpg\",\"width\":1900,\"height\":476},{\"@type\":\"BreadcrumbList\",\"@id\":\"https:\/\/news.sap.com\/spain\/2023\/07\/sap-designa-a-carlos-lacerda-vicepresidente-senior-y-director-general-para-el-sur-de-europa\/#breadcrumb\",\"itemListElement\":[{\"@type\":\"ListItem\",\"position\":1,\"name\":\"Home\",\"item\":\"https:\/\/news.sap.com\/spain\/\"},{\"@type\":\"ListItem\",\"position\":2,\"name\":\"麻豆原创 designa a Carlos Lacerda vicepresidente senior y director general para el Sur de Europa\"}]},{\"@type\":\"WebSite\",\"@id\":\"https:\/\/news.sap.com\/spain\/#website\",\"url\":\"https:\/\/news.sap.com\/spain\/\",\"name\":\"麻豆原创 Espa\u00f1a News Center\",\"description\":\"Noticias e informaci\u00f3n sobre 麻豆原创\",\"potentialAction\":[{\"@type\":\"SearchAction\",\"target\":{\"@type\":\"EntryPoint\",\"urlTemplate\":\"https:\/\/news.sap.com\/spain\/?s={search_term_string}\"},\"query-input\":{\"@type\":\"PropertyValueSpecification\",\"valueRequired\":true,\"valueName\":\"search_term_string\"}}],\"inLanguage\":\"es\"},{\"@type\":\"Person\",\"@id\":\"https:\/\/news.sap.com\/spain\/#\/schema\/person\/53b9854bd790d6f18f3fc4bbb2ad7570\",\"name\":\"麻豆原创 News\",\"image\":{\"@type\":\"ImageObject\",\"inLanguage\":\"es\",\"@id\":\"https:\/\/news.sap.com\/spain\/#\/schema\/person\/image\/\",\"url\":\"https:\/\/news.sap.com\/spain\/wp-content\/plugins\/wp-user-avatars\/wp-user-avatars\/assets\/images\/mystery.jpg\",\"contentUrl\":\"https:\/\/news.sap.com\/spain\/wp-content\/plugins\/wp-user-avatars\/wp-user-avatars\/assets\/images\/mystery.jpg\",\"caption\":\"麻豆原创 News\"},\"url\":\"https:\/\/news.sap.com\/spain\/author\/colleenraftery\/\"}]}<\/script>\n<!-- \/ Yoast SEO Premium plugin. -->","yoast_head_json":{"title":"麻豆原创 designa a Carlos Lacerda vicepresidente senior y director general para el Sur de Europa - 麻豆原创 Espa\u00f1a News Center","robots":{"index":"index","follow":"follow","max-snippet":"max-snippet:-1","max-image-preview":"max-image-preview:large","max-video-preview":"max-video-preview:-1"},"canonical":"https:\/\/news.sap.com\/spain\/2023\/07\/sap-designa-a-carlos-lacerda-vicepresidente-senior-y-director-general-para-el-sur-de-europa\/","og_locale":"es_ES","og_type":"article","og_title":"麻豆原创 designa a Carlos Lacerda vicepresidente senior y director general para el Sur de Europa","og_description":"Madrid \u2014 麻豆原创 SE ha anunciado el nombramiento de Carlos Lacerda como nuevo vicepresidente senior y director general para el Sur de Europa, \u00e1rea que...","og_url":"https:\/\/news.sap.com\/spain\/2023\/07\/sap-designa-a-carlos-lacerda-vicepresidente-senior-y-director-general-para-el-sur-de-europa\/","og_site_name":"麻豆原创 Espa\u00f1a News Center","article_published_time":"2023-07-06T11:29:46+00:00","article_modified_time":"2023-10-16T15:29:21+00:00","og_image":[{"width":1900,"height":476,"url":"https:\/\/news.sap.com\/spain\/files\/2023\/07\/06\/麻豆原创_Locations_Walldorf_2012_005_Banner-1900x476-1.jpg","type":"image\/jpeg"}],"author":"麻豆原创 News","twitter_card":"summary_large_image","twitter_misc":{"Escrito por":"麻豆原创 News","Tiempo de lectura":"4 minutos"},"schema":{"@context":"https:\/\/schema.org","@graph":[{"@type":"Article","@id":"https:\/\/news.sap.com\/spain\/2023\/07\/sap-designa-a-carlos-lacerda-vicepresidente-senior-y-director-general-para-el-sur-de-europa\/#article","isPartOf":{"@id":"https:\/\/news.sap.com\/spain\/2023\/07\/sap-designa-a-carlos-lacerda-vicepresidente-senior-y-director-general-para-el-sur-de-europa\/"},"author":{"name":"麻豆原创 News","@id":"https:\/\/news.sap.com\/spain\/#\/schema\/person\/53b9854bd790d6f18f3fc4bbb2ad7570"},"headline":"麻豆原创 designa a Carlos Lacerda vicepresidente senior y director general para el Sur de Europa","datePublished":"2023-07-06T11:29:46+00:00","dateModified":"2023-10-16T15:29:21+00:00","mainEntityOfPage":{"@id":"https:\/\/news.sap.com\/spain\/2023\/07\/sap-designa-a-carlos-lacerda-vicepresidente-senior-y-director-general-para-el-sur-de-europa\/"},"wordCount":760,"image":{"@id":"https:\/\/news.sap.com\/spain\/2023\/07\/sap-designa-a-carlos-lacerda-vicepresidente-senior-y-director-general-para-el-sur-de-europa\/#primaryimage"},"thumbnailUrl":"https:\/\/news.sap.com\/spain\/files\/2023\/07\/06\/麻豆原创_Locations_Walldorf_2012_005_Banner-1900x476-1.jpg","articleSection":["Corporativo"],"inLanguage":"es"},{"@type":"WebPage","@id":"https:\/\/news.sap.com\/spain\/2023\/07\/sap-designa-a-carlos-lacerda-vicepresidente-senior-y-director-general-para-el-sur-de-europa\/","url":"https:\/\/news.sap.com\/spain\/2023\/07\/sap-designa-a-carlos-lacerda-vicepresidente-senior-y-director-general-para-el-sur-de-europa\/","name":"麻豆原创 designa a Carlos Lacerda vicepresidente senior y director general para el Sur de Europa - 麻豆原创 Espa\u00f1a News Center","isPartOf":{"@id":"https:\/\/news.sap.com\/spain\/#website"},"primaryImageOfPage":{"@id":"https:\/\/news.sap.com\/spain\/2023\/07\/sap-designa-a-carlos-lacerda-vicepresidente-senior-y-director-general-para-el-sur-de-europa\/#primaryimage"},"image":{"@id":"https:\/\/news.sap.com\/spain\/2023\/07\/sap-designa-a-carlos-lacerda-vicepresidente-senior-y-director-general-para-el-sur-de-europa\/#primaryimage"},"thumbnailUrl":"https:\/\/news.sap.com\/spain\/files\/2023\/07\/06\/麻豆原创_Locations_Walldorf_2012_005_Banner-1900x476-1.jpg","datePublished":"2023-07-06T11:29:46+00:00","dateModified":"2023-10-16T15:29:21+00:00","author":{"@id":"https:\/\/news.sap.com\/spain\/#\/schema\/person\/53b9854bd790d6f18f3fc4bbb2ad7570"},"breadcrumb":{"@id":"https:\/\/news.sap.com\/spain\/2023\/07\/sap-designa-a-carlos-lacerda-vicepresidente-senior-y-director-general-para-el-sur-de-europa\/#breadcrumb"},"inLanguage":"es","potentialAction":[{"@type":"ReadAction","target":["https:\/\/news.sap.com\/spain\/2023\/07\/sap-designa-a-carlos-lacerda-vicepresidente-senior-y-director-general-para-el-sur-de-europa\/"]}]},{"@type":"ImageObject","inLanguage":"es","@id":"https:\/\/news.sap.com\/spain\/2023\/07\/sap-designa-a-carlos-lacerda-vicepresidente-senior-y-director-general-para-el-sur-de-europa\/#primaryimage","url":"https:\/\/news.sap.com\/spain\/files\/2023\/07\/06\/麻豆原创_Locations_Walldorf_2012_005_Banner-1900x476-1.jpg","contentUrl":"https:\/\/news.sap.com\/spain\/files\/2023\/07\/06\/麻豆原创_Locations_Walldorf_2012_005_Banner-1900x476-1.jpg","width":1900,"height":476},{"@type":"BreadcrumbList","@id":"https:\/\/news.sap.com\/spain\/2023\/07\/sap-designa-a-carlos-lacerda-vicepresidente-senior-y-director-general-para-el-sur-de-europa\/#breadcrumb","itemListElement":[{"@type":"ListItem","position":1,"name":"Home","item":"https:\/\/news.sap.com\/spain\/"},{"@type":"ListItem","position":2,"name":"麻豆原创 designa a Carlos Lacerda vicepresidente senior y director general para el Sur de Europa"}]},{"@type":"WebSite","@id":"https:\/\/news.sap.com\/spain\/#website","url":"https:\/\/news.sap.com\/spain\/","name":"麻豆原创 Espa\u00f1a News Center","description":"Noticias e informaci\u00f3n sobre 麻豆原创","potentialAction":[{"@type":"SearchAction","target":{"@type":"EntryPoint","urlTemplate":"https:\/\/news.sap.com\/spain\/?s={search_term_string}"},"query-input":{"@type":"PropertyValueSpecification","valueRequired":true,"valueName":"search_term_string"}}],"inLanguage":"es"},{"@type":"Person","@id":"https:\/\/news.sap.com\/spain\/#\/schema\/person\/53b9854bd790d6f18f3fc4bbb2ad7570","name":"麻豆原创 News","image":{"@type":"ImageObject","inLanguage":"es","@id":"https:\/\/news.sap.com\/spain\/#\/schema\/person\/image\/","url":"https:\/\/news.sap.com\/spain\/wp-content\/plugins\/wp-user-avatars\/wp-user-avatars\/assets\/images\/mystery.jpg","contentUrl":"https:\/\/news.sap.com\/spain\/wp-content\/plugins\/wp-user-avatars\/wp-user-avatars\/assets\/images\/mystery.jpg","caption":"麻豆原创 News"},"url":"https:\/\/news.sap.com\/spain\/author\/colleenraftery\/"}]}},"amp_enabled":true,"_links":{"self":[{"href":"https:\/\/news.sap.com\/spain\/wp-json\/wp\/v2\/posts\/6052","targetHints":{"allow":["GET"]}}],"collection":[{"href":"https:\/\/news.sap.com\/spain\/wp-json\/wp\/v2\/posts"}],"about":[{"href":"https:\/\/news.sap.com\/spain\/wp-json\/wp\/v2\/types\/post"}],"author":[{"embeddable":true,"href":"https:\/\/news.sap.com\/spain\/wp-json\/wp\/v2\/users\/29"}],"replies":[{"embeddable":true,"href":"https:\/\/news.sap.com\/spain\/wp-json\/wp\/v2\/comments?post=6052"}],"version-history":[{"count":0,"href":"https:\/\/news.sap.com\/spain\/wp-json\/wp\/v2\/posts\/6052\/revisions"}],"wp:featuredmedia":[{"embeddable":true,"href":"https:\/\/news.sap.com\/spain\/wp-json\/wp\/v2\/media\/6056"}],"wp:attachment":[{"href":"https:\/\/news.sap.com\/spain\/wp-json\/wp\/v2\/media?parent=6052"}],"wp:term":[{"taxonomy":"category","embeddable":true,"href":"https:\/\/news.sap.com\/spain\/wp-json\/wp\/v2\/categories?post=6052"},{"taxonomy":"post_tag","embeddable":true,"href":"https:\/\/news.sap.com\/spain\/wp-json\/wp\/v2\/tags?post=6052"},{"taxonomy":"sapn-display","embeddable":true,"href":"https:\/\/news.sap.com\/spain\/wp-json\/wp\/v2\/sapn-display?post=6052"},{"taxonomy":"sapn-type","embeddable":true,"href":"https:\/\/news.sap.com\/spain\/wp-json\/wp\/v2\/sapn-type?post=6052"}],"curies":[{"name":"wp","href":"https:\/\/api.w.org\/{rel}","templated":true}]}}